{"id":159856,"date":"2022-07-07T13:53:37","date_gmt":"2022-07-07T12:53:37","guid":{"rendered":"https:\/\/newsestlyonnais.fr\/site\/?p=159856"},"modified":"2022-07-07T13:53:37","modified_gmt":"2022-07-07T12:53:37","slug":"david-lemoine-ce-metier-est-une-passion-et-cest-enrichissant-et-energivore","status":"publish","type":"post","link":"https:\/\/newsestlyonnais.fr\/site\/2022\/07\/07\/david-lemoine-ce-metier-est-une-passion-et-cest-enrichissant-et-energivore\/","title":{"rendered":"David Lemoine \u00ab\u00a0ce m\u00e9tier est une passion et c\u2019est enrichissant et \u00e9nergivore ! \u00ab\u00a0"},"content":{"rendered":"<p><span style=\"background-color: #000000; color: #ffcc00; font-size: 14pt;\"><strong>Votre commune de r\u00e9sidence et votre club sportif actuel ?<\/strong> <\/span><\/p>\n<p>\u00a0\u00bb J\u2019habite \u00e0 Lyon 8\u00b0 et <strong>je suis \u00e0 l&rsquo;ASUL Bron Athl\u00e9tisme<\/strong>. \u00a0\u00bb<\/p>\n<p><span style=\"background-color: #000000; color: #ffcc00; font-size: 14pt;\"><strong>Pr\u00e9sentation sommaire de votre pass\u00e9 sportif et \u00e9ventuel palmar\u00e8s.<\/strong><\/span><\/p>\n<p><img loading=\"lazy\" decoding=\"async\" class=\"alignleft wp-image-159881\" src=\"https:\/\/newsestlyonnais.fr\/site\/wp-content\/uploads\/2022\/07\/IMG_1046-650x975.jpg\" alt=\"\" width=\"300\" height=\"450\" srcset=\"https:\/\/newsestlyonnais.fr\/site\/wp-content\/uploads\/2022\/07\/IMG_1046-650x975.jpg 650w, https:\/\/newsestlyonnais.fr\/site\/wp-content\/uploads\/2022\/07\/IMG_1046-400x600.jpg 400w, https:\/\/newsestlyonnais.fr\/site\/wp-content\/uploads\/2022\/07\/IMG_1046-250x375.jpg 250w, https:\/\/newsestlyonnais.fr\/site\/wp-content\/uploads\/2022\/07\/IMG_1046-768x1152.jpg 768w, https:\/\/newsestlyonnais.fr\/site\/wp-content\/uploads\/2022\/07\/IMG_1046-150x225.jpg 150w, https:\/\/newsestlyonnais.fr\/site\/wp-content\/uploads\/2022\/07\/IMG_1046-50x75.jpg 50w, https:\/\/newsestlyonnais.fr\/site\/wp-content\/uploads\/2022\/07\/IMG_1046-100x150.jpg 100w, https:\/\/newsestlyonnais.fr\/site\/wp-content\/uploads\/2022\/07\/IMG_1046-200x300.jpg 200w, https:\/\/newsestlyonnais.fr\/site\/wp-content\/uploads\/2022\/07\/IMG_1046-300x450.jpg 300w, https:\/\/newsestlyonnais.fr\/site\/wp-content\/uploads\/2022\/07\/IMG_1046-350x525.jpg 350w, https:\/\/newsestlyonnais.fr\/site\/wp-content\/uploads\/2022\/07\/IMG_1046-450x675.jpg 450w, https:\/\/newsestlyonnais.fr\/site\/wp-content\/uploads\/2022\/07\/IMG_1046-500x750.jpg 500w, https:\/\/newsestlyonnais.fr\/site\/wp-content\/uploads\/2022\/07\/IMG_1046-550x825.jpg 550w, https:\/\/newsestlyonnais.fr\/site\/wp-content\/uploads\/2022\/07\/IMG_1046.jpg 800w\" sizes=\"auto, (max-width: 300px) 100vw, 300px\" \/><\/p>\n<p>&nbsp;<\/p>\n<p>\u00a0\u00bb <strong>J\u2019ai jou\u00e9 au foot de 5 \u00e0 27 ans au FC Limonest Saint-Didier au Mont d\u2019or<\/strong>. <strong>J\u2019ai entrain\u00e9 les jeunes<\/strong> de d\u00e9butants \u00e0 benjamins entre mes 13 ans et mes 25 ans. <strong>A l\u2019\u00e9poque j\u2019\u00e9tais d\u00e9j\u00e0 int\u00e9ress\u00e9 par l\u2019animation sportive<\/strong>.<\/p>\n<p><strong>A 28 ans, j\u2019ai d\u00e9cid\u00e9 d\u2019int\u00e9grer le club de l\u2019ASUL Bron Athl\u00e9tisme <\/strong>dans le groupe de course hors stade coach\u00e9 par Francois Najar.<\/p>\n<p><strong>J\u2019ai toujours aim\u00e9 courir. Ma distance pr\u00e9f\u00e9r\u00e9e est le marathon<\/strong>. <strong>J\u2019en ai fait 6<\/strong> (Milan, Paris, Turin, Annecy et Lyon 2 fois). <strong>Mon record (en 2 Heures 52&prime; 53 \u00ab\u00a0) <\/strong>a \u00e9t\u00e9 fait \u00e0 Lyon en 2016. Je faisais aussi les cross, 10 km et semi-marathon notamment.<\/p>\n<p><strong>Ensuite, changement de vie professionnelle avec une formation en tant qu\u2019\u00e9ducateur sportif,<\/strong> arriv\u00e9e de mes deux filles (Emma 5 ans et Cassandra 18 mois), plusieurs p\u00e9pins physiques et couvades (lol) ont mis ma \u00ab carri\u00e8re \u00bb sportive amateur en stand-by. <strong>J\u2019esp\u00e8re bien reprendre s\u00e9rieusement en septembre 2022<\/strong> avec comme objectif le marathon de S\u00e9ville en f\u00e9vrier 2023 pour f\u00eater mon changement de dizaine\u2026. (<strong>40 ans en novembre 2022<\/strong>).<\/p>\n<p><strong>Passionn\u00e9 de v\u00e9lo, j\u2019esp\u00e8re aussi refaire quelques triathlons \u00e0 l\u2019\u00e9t\u00e9 2023<\/strong>. \u00a0\u00bb<\/p>\n<hr \/>\n<p><span style=\"background-color: #000000; color: #ffcc00; font-size: 14pt;\"><strong>Quelle est votre fonction au sein du club et depuis quand ?<\/strong><\/span><\/p>\n<p>\u00a0\u00bb <strong>Je suis salari\u00e9 du club depuis septembre 2016<\/strong>. J\u2019ai fait un an en contrat d\u2019apprentissage dans le cadre d\u2019un BP JEPS \u00ab\u00a0Activit\u00e9s Physique pour Tous\u00a0\u00bb et ensuite le club m\u2019a embauch\u00e9 en septembre 2017, en CDD puis en CDI en tant qu\u2019\u00e9ducateur sportif \/ agent de d\u00e9veloppement. \u00a0\u00bb<\/p>\n<p><span style=\"background-color: #000000; color: #ffcc00;\"><strong><span style=\"font-size: 14pt;\">En quoi consiste votre fonction ?<\/span> <\/strong><\/span><\/p>\n<p>\u00a0\u00bb <strong>Je coordonne l\u2019\u00e9cole d\u2019athl\u00e9tisme<\/strong> au niveau des cat\u00e9gories Baby Athl\u00e9 (cr\u00e9\u00e9e dans le cadre de mon projet pour mon BP JEPS APT en septembre 2017 avec l\u2019aide pr\u00e9cieuse de mon ami Serge Cousso) \u00e0 Minimes. <strong>J\u2019interviens sur les s\u00e9ances des jeunes<\/strong> et sur le suivi en comp\u00e9tition. Je suis <strong>responsable de la section sport sant\u00e9<\/strong> avec notamment le lancement en septembre 2017 de l\u2019activit\u00e9 marche nordique (70 licenci\u00e9s en 2022). J\u2019ai plusieurs t\u00e2ches administratives et <strong>je m\u2019occupe activement des 3 \u00e9v\u00e8nements du club<\/strong> : le 10 km de Bron, le Meeting de Bron et l\u2019\u00e9v\u00e8nement Brondimarche Nordique. J\u2019essaye aussi de cr\u00e9er du lien avec l\u2019ASUL g\u00e9n\u00e9rale (stages athl\u00e9, partenariats\u2026.). \u00a0\u00bb<\/p>\n<p><span style=\"background-color: #000000; color: #ffcc00; font-size: 14pt;\"><strong>Avec quel objectif ? et quelle a \u00e9t\u00e9 votre formation ?<\/strong><\/span><\/p>\n<p>\u00a0\u00bb <strong>J\u2019ai pass\u00e9 un DUGOS<\/strong> (Dipl\u00f4me Universitaire Gestion des Organisations Sportives) entre septembre 2017 et ao\u00fbt 2019, ce qui m\u2019a permis d\u2019acqu\u00e9rir pas mal d\u2019outils au niveau de la gestion d\u2019une association sportive (administratif, comptable, partenariat\u2026.). J\u2019ai pass\u00e9 en parall\u00e8le des formations f\u00e9d\u00e9rales (-12 ans \/ -16 ans) et le monitorat marche nordique avec la FFA. J\u2019esp\u00e8re pouvoir enchainer par le CQP athl\u00e9tisme en 2022 \/ 2023.<\/p>\n<p><strong>Je passe actuellement une formation de Directeur d\u2019accueil Collectif de Mineurs<\/strong> qui me permettra d\u2019encadrer en qualit\u00e9 de Directeur les stages de l\u2019ASUL VACANCES pendant les temps calmes du club et de pouvoir amener des mineurs en stage d\u2019athl\u00e9tisme en dehors du d\u00e9partement dans les ann\u00e9es qui viennent\u2026 \u00a0\u00bb<\/p>\n<hr \/>\n<p><span style=\"background-color: #000000; color: #ffcc00; font-size: 14pt;\"><strong>Quelle(s) satisfaction(s) en tirez-vous ?<\/strong><\/span><\/p>\n<p>\u00a0\u00bb <strong>Mon travail est tr\u00e8s enrichissant au niveau humain<\/strong>. <strong>J\u2019essaye de cr\u00e9e du lien<\/strong> avec les coachs (club ASUL, ESL et autres activit\u00e9s sportives de Bron et des alentours), les salari\u00e9s de l\u2019ASUL g\u00e9n\u00e9rale\u2026.<\/p>\n<p><strong>J\u2019aime \u00e9changer avec les diff\u00e9rents acteurs du club<\/strong> (dirigeants, entraineurs, stagiaires STAPS ou autres formations dans le sport, parents, enfants, licenci\u00e9s des autres groupes \u2026). J\u2019ai la chance d\u2019intervenir depuis 2021 pour Innova\u00a0 Formation et l\u2019ASUL sur des modules de formation BP JEPS APT et BP SPORT CO. Ces prestations sont faites dans le cadre de mon contrat avec le club mais cela me permet de faire des choses diff\u00e9rentes saison apr\u00e8s saison et <strong>c\u2019est tr\u00e8s enrichissant professionnellement.<\/strong> J\u2019ai appris \u00e0 g\u00e9rer les priorit\u00e9s. Je suis de plus en plus serein avec l\u2019\u00e2ge et la paternit\u00e9 je pense. Plus patient. J\u2019ai vraiment \u00e9volu\u00e9 \u00e0 titre personnel et j\u2019en suis tr\u00e8s fier. Ce n\u2019est pas fini\u2026 \u00a0\u00bb<\/p>\n<p><span style=\"background-color: #000000; color: #ffcc00; font-size: 14pt;\"><strong>Etes vous en charge des entrainements et accompagnez vous les athl\u00e8tes sur les comp\u00e9titions ?<\/strong><\/span><\/p>\n<p>\u00a0\u00bb Oui j\u2019interviens sur les entrainements des Baby, Eveils, Poussins, Benjamins et Minimes et marche nordique. <strong>J\u2019essaye d\u2019accompagner les jeunes \u00e0 un maximum de comp\u00e9titions.<\/strong> \u00a0\u00bb<\/p>\n<p><span style=\"background-color: #000000; color: #ffcc00; font-size: 14pt;\"><strong>Quels sont vos projets ou objectifs pour cette ann\u00e9e ?<\/strong><\/span><\/p>\n<p><img loading=\"lazy\" decoding=\"async\" class=\"alignleft size-medium wp-image-159884\" src=\"https:\/\/newsestlyonnais.fr\/site\/wp-content\/uploads\/2022\/07\/20220630_171835-400x533.jpg\" alt=\"\" width=\"225\" height=\"300\" srcset=\"https:\/\/newsestlyonnais.fr\/site\/wp-content\/uploads\/2022\/07\/20220630_171835-400x533.jpg 400w, https:\/\/newsestlyonnais.fr\/site\/wp-content\/uploads\/2022\/07\/20220630_171835-650x867.jpg 650w, https:\/\/newsestlyonnais.fr\/site\/wp-content\/uploads\/2022\/07\/20220630_171835-250x333.jpg 250w, https:\/\/newsestlyonnais.fr\/site\/wp-content\/uploads\/2022\/07\/20220630_171835-768x1024.jpg 768w, https:\/\/newsestlyonnais.fr\/site\/wp-content\/uploads\/2022\/07\/20220630_171835-150x200.jpg 150w, https:\/\/newsestlyonnais.fr\/site\/wp-content\/uploads\/2022\/07\/20220630_171835-50x67.jpg 50w, https:\/\/newsestlyonnais.fr\/site\/wp-content\/uploads\/2022\/07\/20220630_171835-100x133.jpg 100w, https:\/\/newsestlyonnais.fr\/site\/wp-content\/uploads\/2022\/07\/20220630_171835-200x267.jpg 200w, https:\/\/newsestlyonnais.fr\/site\/wp-content\/uploads\/2022\/07\/20220630_171835-300x400.jpg 300w, https:\/\/newsestlyonnais.fr\/site\/wp-content\/uploads\/2022\/07\/20220630_171835-350x467.jpg 350w, https:\/\/newsestlyonnais.fr\/site\/wp-content\/uploads\/2022\/07\/20220630_171835-450x600.jpg 450w, https:\/\/newsestlyonnais.fr\/site\/wp-content\/uploads\/2022\/07\/20220630_171835-500x667.jpg 500w, https:\/\/newsestlyonnais.fr\/site\/wp-content\/uploads\/2022\/07\/20220630_171835-550x733.jpg 550w, https:\/\/newsestlyonnais.fr\/site\/wp-content\/uploads\/2022\/07\/20220630_171835-800x1067.jpg 800w, https:\/\/newsestlyonnais.fr\/site\/wp-content\/uploads\/2022\/07\/20220630_171835.jpg 900w\" sizes=\"auto, (max-width: 225px) 100vw, 225px\" \/>\u00a0\u00bb Pour la saison prochaine au niveau pro, <strong>j\u2019esp\u00e8re continuer \u00e0 d\u00e9velopper la section \u00ab\u00a0Sport Sant\u00e9\u00a0\u00bb<\/strong> avec l\u2019aide des animateurs b\u00e9n\u00e9voles et Nico le deuxi\u00e8me salari\u00e9 du club. L\u2019\u00e9cole d\u2019athl\u00e9tisme est compos\u00e9e de beaucoup d\u2019enfants. L\u2019objectif est vraiment de nous am\u00e9liorer sur le suivi des enfants \u00e0 partir de benjamins et minimes avec l\u2019arriv\u00e9e d\u2019entra\u00eeneurs \u00ab techniques \u00bb et la mise en place de cycle d\u2019entrainement sur les cat\u00e9gories benjamins minimes pour qu\u2019ils soient plus \u00e0 aller en comp\u00e9tition et obtenir de meilleurs r\u00e9sultats avec une progression individuelle des enfants. Le but final est de garder ces jeunes en cadets\u2026.<\/p>\n<p><strong>Participer \u00e0 la cr\u00e9ation d\u2019\u00e9v\u00e8nements conviviaux club<\/strong> afin de poursuivre la cr\u00e9ation de liens entre les groupes. A la base je suis quelqu\u2019un qui aime la convivialit\u00e9. <strong>Apr\u00e8s l\u2019\u00e9pisode COVID cela fait du bien de se retrouver dans une bonne ambiance<\/strong> \u2026 \u00a0\u00bb<\/p>\n<hr \/>\n<p><span style=\"background-color: #000000; color: #ffcc00; font-size: 14pt;\"><strong>Une devise ou un leitmotiv ?<\/strong><\/span><\/p>\n<p>\u00a0\u00bb <strong>Un leitmotiv, je ne l\u00e2che jamais rien, ce qui est bien pour un marathonien<\/strong>. Cela me permet de faire avancer les choses dans ma vie professionnelle. Mes filles seront fi\u00e8res de leur papa quand elles grandiront\u2026 \u00a0\u00bb<\/p>\n<p><span style=\"background-color: #000000; color: #ffcc00; font-size: 14pt;\"><strong>Une petite anecdote \u00e0 raconter ?<\/strong><\/span><\/p>\n<p>\u00a0\u00bb <strong>Non pas une anecdote mais un grand MERCI \u00e0 mon \u00e9pouse et mes filles<\/strong> qui supportent mes horaires \u00e0 rallonge, mes absences le week-end\u2026. <strong>Ce m\u00e9tier est une passion et un m\u00e9tier passion c\u2019est \u00e9nergivore !<\/strong> Le gros point positif c\u2019est que je peux amener mes filles \u00e0 l\u2019\u00e9cole et chez nounou le matin car je commence un peu plus tard que quand je travaillais dans les bureaux\u2026. (j\u2019adore !!!). \u00a0\u00bb<\/p>\n<hr \/>\n<p><span style=\"background-color: #000000; color: #ffcc00;\"><strong><span style=\"font-size: 14pt;\">Et pour conclure ?<\/span> <\/strong><\/span><\/p>\n<p>\u00a0\u00bb <strong>Un grand merci aussi aux dirigeants du club et aux animateurs<\/strong> (animateurs jeunes et MN, coachs chevronn\u00e9s) qui accompagnent le club au quotidien.<\/p>\n<p><strong>Sans vous rien ne serait possible<\/strong> !!! \u00a0\u00bb<\/p>\n<hr \/>\n<p>&nbsp;<\/p>\n","protected":false},"excerpt":{"rendered":"<p>Educateur sportif \u00e0 l&rsquo;ASUL Bron Athl\u00e9tisme et qui a d\u00e9j\u00e0 couru 6 marathons, il compte reprendre sa carri\u00e8re amateur pour ses 40 ans avec divers objectifs fix\u00e9s pour 2023.  <\/p>\n","protected":false},"author":4,"featured_media":159871,"comment_status":"open","ping_status":"open","sticky":false,"template":"","format":"standard","meta":{"footnotes":""},"categories":[2968,19,137],"tags":[2712,2162,2072,4345,2000,2515],"class_list":["post-159856","post","type-post","status-publish","format-standard","has-post-thumbnail","hentry","category-athle-course-pied-marche","category-bron","category-interviews","tag-asul-bron","tag-athletisme","tag-bron","tag-david-lemoine","tag-educateur","tag-marathon"],"yoast_head":"<!-- This site is optimized with the Yoast SEO plugin v27.2 - https:\/\/yoast.com\/product\/yoast-seo-wordpress\/ -->\n<title>David Lemoine &quot;ce m\u00e9tier est une passion et c\u2019est enrichissant et \u00e9nergivore ! &quot; - News Est Lyonnais<\/title>\n<meta name=\"description\" content=\"David Lemoine &quot;ce m\u00e9tier est une passion et c\u2019est enrichissant et \u00e9nergivore ! &quot;\" \/>\n<meta name=\"robots\" content=\"index, follow, max-snippet:-1, max-image-preview:large, max-video-preview:-1\" \/>\n<link rel=\"canonical\" href=\"https:\/\/newsestlyonnais.fr\/site\/2022\/07\/07\/david-lemoine-ce-metier-est-une-passion-et-cest-enrichissant-et-energivore\/\" \/>\n<meta property=\"og:locale\" content=\"fr_FR\" \/>\n<meta property=\"og:type\" content=\"article\" \/>\n<meta property=\"og:title\" content=\"David Lemoine &quot;ce m\u00e9tier est une passion et c\u2019est enrichissant et \u00e9nergivore ! &quot; - News Est Lyonnais\" \/>\n<meta property=\"og:description\" content=\"David Lemoine &quot;ce m\u00e9tier est une passion et c\u2019est enrichissant et \u00e9nergivore ! &quot;\" \/>\n<meta property=\"og:url\" content=\"https:\/\/newsestlyonnais.fr\/site\/2022\/07\/07\/david-lemoine-ce-metier-est-une-passion-et-cest-enrichissant-et-energivore\/\" \/>\n<meta property=\"og:site_name\" content=\"News Est Lyonnais\" \/>\n<meta property=\"article:author\" content=\"https:\/\/www.facebook.com\/pascal.oberson.1?fref=ts\" \/>\n<meta property=\"article:published_time\" content=\"2022-07-07T12:53:37+00:00\" \/>\n<meta property=\"og:image\" content=\"https:\/\/newsestlyonnais.fr\/site\/wp-content\/uploads\/2022\/07\/IMG_1066.jpg\" \/>\n\t<meta property=\"og:image:width\" content=\"1200\" \/>\n\t<meta property=\"og:image:height\" content=\"800\" \/>\n\t<meta property=\"og:image:type\" content=\"image\/jpeg\" \/>\n<meta name=\"author\" content=\"R\u00e9dac. NEWS\" \/>\n<meta name=\"twitter:card\" content=\"summary_large_image\" \/>\n<meta name=\"twitter:label1\" content=\"\u00c9crit par\" \/>\n\t<meta name=\"twitter:data1\" content=\"R\u00e9dac. NEWS\" \/>\n\t<meta name=\"twitter:label2\" content=\"Dur\u00e9e de lecture estim\u00e9e\" \/>\n\t<meta name=\"twitter:data2\" content=\"6 minutes\" \/>\n<script type=\"application\/ld+json\" class=\"yoast-schema-graph\">{\"@context\":\"https:\/\/schema.org\",\"@graph\":[{\"@type\":\"Article\",\"@id\":\"https:\/\/newsestlyonnais.fr\/site\/2022\/07\/07\/david-lemoine-ce-metier-est-une-passion-et-cest-enrichissant-et-energivore\/#article\",\"isPartOf\":{\"@id\":\"https:\/\/newsestlyonnais.fr\/site\/2022\/07\/07\/david-lemoine-ce-metier-est-une-passion-et-cest-enrichissant-et-energivore\/\"},\"author\":{\"name\":\"R\u00e9dac. NEWS\",\"@id\":\"https:\/\/newsestlyonnais.fr\/site\/#\/schema\/person\/3230d5615f390bb808365d673001e887\"},\"headline\":\"David Lemoine \u00ab\u00a0ce m\u00e9tier est une passion et c\u2019est enrichissant et \u00e9nergivore ! \u00ab\u00a0\",\"datePublished\":\"2022-07-07T12:53:37+00:00\",\"mainEntityOfPage\":{\"@id\":\"https:\/\/newsestlyonnais.fr\/site\/2022\/07\/07\/david-lemoine-ce-metier-est-une-passion-et-cest-enrichissant-et-energivore\/\"},\"wordCount\":1119,\"commentCount\":0,\"publisher\":{\"@id\":\"https:\/\/newsestlyonnais.fr\/site\/#organization\"},\"image\":{\"@id\":\"https:\/\/newsestlyonnais.fr\/site\/2022\/07\/07\/david-lemoine-ce-metier-est-une-passion-et-cest-enrichissant-et-energivore\/#primaryimage\"},\"thumbnailUrl\":\"https:\/\/newsestlyonnais.fr\/site\/wp-content\/uploads\/2022\/07\/IMG_1066.jpg\",\"keywords\":[\"ASUL BRON\",\"ATHLETISME\",\"BRON\",\"DAVID LEMOINE\",\"\u00e9ducateur\",\"MARATHON\"],\"articleSection\":[\"Athl\u00e9 | Course pied | Marche\",\"Bron\",\"Interviews\"],\"inLanguage\":\"fr-FR\",\"potentialAction\":[{\"@type\":\"CommentAction\",\"name\":\"Comment\",\"target\":[\"https:\/\/newsestlyonnais.fr\/site\/2022\/07\/07\/david-lemoine-ce-metier-est-une-passion-et-cest-enrichissant-et-energivore\/#respond\"]}]},{\"@type\":\"WebPage\",\"@id\":\"https:\/\/newsestlyonnais.fr\/site\/2022\/07\/07\/david-lemoine-ce-metier-est-une-passion-et-cest-enrichissant-et-energivore\/\",\"url\":\"https:\/\/newsestlyonnais.fr\/site\/2022\/07\/07\/david-lemoine-ce-metier-est-une-passion-et-cest-enrichissant-et-energivore\/\",\"name\":\"David Lemoine \\\"ce m\u00e9tier est une passion et c\u2019est enrichissant et \u00e9nergivore ! \\\" - News Est Lyonnais\",\"isPartOf\":{\"@id\":\"https:\/\/newsestlyonnais.fr\/site\/#website\"},\"primaryImageOfPage\":{\"@id\":\"https:\/\/newsestlyonnais.fr\/site\/2022\/07\/07\/david-lemoine-ce-metier-est-une-passion-et-cest-enrichissant-et-energivore\/#primaryimage\"},\"image\":{\"@id\":\"https:\/\/newsestlyonnais.fr\/site\/2022\/07\/07\/david-lemoine-ce-metier-est-une-passion-et-cest-enrichissant-et-energivore\/#primaryimage\"},\"thumbnailUrl\":\"https:\/\/newsestlyonnais.fr\/site\/wp-content\/uploads\/2022\/07\/IMG_1066.jpg\",\"datePublished\":\"2022-07-07T12:53:37+00:00\",\"description\":\"David Lemoine \\\"ce m\u00e9tier est une passion et c\u2019est enrichissant et \u00e9nergivore ! \\\"\",\"breadcrumb\":{\"@id\":\"https:\/\/newsestlyonnais.fr\/site\/2022\/07\/07\/david-lemoine-ce-metier-est-une-passion-et-cest-enrichissant-et-energivore\/#breadcrumb\"},\"inLanguage\":\"fr-FR\",\"potentialAction\":[{\"@type\":\"ReadAction\",\"target\":[\"https:\/\/newsestlyonnais.fr\/site\/2022\/07\/07\/david-lemoine-ce-metier-est-une-passion-et-cest-enrichissant-et-energivore\/\"]}]},{\"@type\":\"ImageObject\",\"inLanguage\":\"fr-FR\",\"@id\":\"https:\/\/newsestlyonnais.fr\/site\/2022\/07\/07\/david-lemoine-ce-metier-est-une-passion-et-cest-enrichissant-et-energivore\/#primaryimage\",\"url\":\"https:\/\/newsestlyonnais.fr\/site\/wp-content\/uploads\/2022\/07\/IMG_1066.jpg\",\"contentUrl\":\"https:\/\/newsestlyonnais.fr\/site\/wp-content\/uploads\/2022\/07\/IMG_1066.jpg\",\"width\":1200,\"height\":800},{\"@type\":\"BreadcrumbList\",\"@id\":\"https:\/\/newsestlyonnais.fr\/site\/2022\/07\/07\/david-lemoine-ce-metier-est-une-passion-et-cest-enrichissant-et-energivore\/#breadcrumb\",\"itemListElement\":[{\"@type\":\"ListItem\",\"position\":1,\"name\":\"Accueil\",\"item\":\"https:\/\/newsestlyonnais.fr\/site\/\"},{\"@type\":\"ListItem\",\"position\":2,\"name\":\"David Lemoine \u00ab\u00a0ce m\u00e9tier est une passion et c\u2019est enrichissant et \u00e9nergivore ! \u00ab\u00a0\"}]},{\"@type\":\"WebSite\",\"@id\":\"https:\/\/newsestlyonnais.fr\/site\/#website\",\"url\":\"https:\/\/newsestlyonnais.fr\/site\/\",\"name\":\"News Est Lyonnais\",\"description\":\"L&#039;actualit\u00e9 au plus pr\u00e8s\",\"publisher\":{\"@id\":\"https:\/\/newsestlyonnais.fr\/site\/#organization\"},\"potentialAction\":[{\"@type\":\"SearchAction\",\"target\":{\"@type\":\"EntryPoint\",\"urlTemplate\":\"https:\/\/newsestlyonnais.fr\/site\/?s={search_term_string}\"},\"query-input\":{\"@type\":\"PropertyValueSpecification\",\"valueRequired\":true,\"valueName\":\"search_term_string\"}}],\"inLanguage\":\"fr-FR\"},{\"@type\":\"Organization\",\"@id\":\"https:\/\/newsestlyonnais.fr\/site\/#organization\",\"name\":\"News EST LYONNAIS\",\"url\":\"https:\/\/newsestlyonnais.fr\/site\/\",\"logo\":{\"@type\":\"ImageObject\",\"inLanguage\":\"fr-FR\",\"@id\":\"https:\/\/newsestlyonnais.fr\/site\/#\/schema\/logo\/image\/\",\"url\":\"\",\"contentUrl\":\"\",\"caption\":\"News EST LYONNAIS\"},\"image\":{\"@id\":\"https:\/\/newsestlyonnais.fr\/site\/#\/schema\/logo\/image\/\"}},{\"@type\":\"Person\",\"@id\":\"https:\/\/newsestlyonnais.fr\/site\/#\/schema\/person\/3230d5615f390bb808365d673001e887\",\"name\":\"R\u00e9dac. NEWS\",\"sameAs\":[\"http:\/\/www.newsestlyonnais.fr\",\"https:\/\/www.facebook.com\/pascal.oberson.1?fref=ts\",\"https:\/\/fr.linkedin.com\/in\/pascal-oberson-b17045113\"],\"url\":\"https:\/\/newsestlyonnais.fr\/site\/author\/nel\/\"}]}<\/script>\n<!-- \/ Yoast SEO plugin. -->","yoast_head_json":{"title":"David Lemoine \"ce m\u00e9tier est une passion et c\u2019est enrichissant et \u00e9nergivore ! \" - News Est Lyonnais","description":"David Lemoine \"ce m\u00e9tier est une passion et c\u2019est enrichissant et \u00e9nergivore ! \"","robots":{"index":"index","follow":"follow","max-snippet":"max-snippet:-1","max-image-preview":"max-image-preview:large","max-video-preview":"max-video-preview:-1"},"canonical":"https:\/\/newsestlyonnais.fr\/site\/2022\/07\/07\/david-lemoine-ce-metier-est-une-passion-et-cest-enrichissant-et-energivore\/","og_locale":"fr_FR","og_type":"article","og_title":"David Lemoine \"ce m\u00e9tier est une passion et c\u2019est enrichissant et \u00e9nergivore ! \" - News Est Lyonnais","og_description":"David Lemoine \"ce m\u00e9tier est une passion et c\u2019est enrichissant et \u00e9nergivore ! \"","og_url":"https:\/\/newsestlyonnais.fr\/site\/2022\/07\/07\/david-lemoine-ce-metier-est-une-passion-et-cest-enrichissant-et-energivore\/","og_site_name":"News Est Lyonnais","article_author":"https:\/\/www.facebook.com\/pascal.oberson.1?fref=ts","article_published_time":"2022-07-07T12:53:37+00:00","og_image":[{"width":1200,"height":800,"url":"https:\/\/newsestlyonnais.fr\/site\/wp-content\/uploads\/2022\/07\/IMG_1066.jpg","type":"image\/jpeg"}],"author":"R\u00e9dac. NEWS","twitter_card":"summary_large_image","twitter_misc":{"\u00c9crit par":"R\u00e9dac. NEWS","Dur\u00e9e de lecture estim\u00e9e":"6 minutes"},"schema":{"@context":"https:\/\/schema.org","@graph":[{"@type":"Article","@id":"https:\/\/newsestlyonnais.fr\/site\/2022\/07\/07\/david-lemoine-ce-metier-est-une-passion-et-cest-enrichissant-et-energivore\/#article","isPartOf":{"@id":"https:\/\/newsestlyonnais.fr\/site\/2022\/07\/07\/david-lemoine-ce-metier-est-une-passion-et-cest-enrichissant-et-energivore\/"},"author":{"name":"R\u00e9dac. NEWS","@id":"https:\/\/newsestlyonnais.fr\/site\/#\/schema\/person\/3230d5615f390bb808365d673001e887"},"headline":"David Lemoine \u00ab\u00a0ce m\u00e9tier est une passion et c\u2019est enrichissant et \u00e9nergivore ! \u00ab\u00a0","datePublished":"2022-07-07T12:53:37+00:00","mainEntityOfPage":{"@id":"https:\/\/newsestlyonnais.fr\/site\/2022\/07\/07\/david-lemoine-ce-metier-est-une-passion-et-cest-enrichissant-et-energivore\/"},"wordCount":1119,"commentCount":0,"publisher":{"@id":"https:\/\/newsestlyonnais.fr\/site\/#organization"},"image":{"@id":"https:\/\/newsestlyonnais.fr\/site\/2022\/07\/07\/david-lemoine-ce-metier-est-une-passion-et-cest-enrichissant-et-energivore\/#primaryimage"},"thumbnailUrl":"https:\/\/newsestlyonnais.fr\/site\/wp-content\/uploads\/2022\/07\/IMG_1066.jpg","keywords":["ASUL BRON","ATHLETISME","BRON","DAVID LEMOINE","\u00e9ducateur","MARATHON"],"articleSection":["Athl\u00e9 | Course pied | Marche","Bron","Interviews"],"inLanguage":"fr-FR","potentialAction":[{"@type":"CommentAction","name":"Comment","target":["https:\/\/newsestlyonnais.fr\/site\/2022\/07\/07\/david-lemoine-ce-metier-est-une-passion-et-cest-enrichissant-et-energivore\/#respond"]}]},{"@type":"WebPage","@id":"https:\/\/newsestlyonnais.fr\/site\/2022\/07\/07\/david-lemoine-ce-metier-est-une-passion-et-cest-enrichissant-et-energivore\/","url":"https:\/\/newsestlyonnais.fr\/site\/2022\/07\/07\/david-lemoine-ce-metier-est-une-passion-et-cest-enrichissant-et-energivore\/","name":"David Lemoine \"ce m\u00e9tier est une passion et c\u2019est enrichissant et \u00e9nergivore ! \" - News Est Lyonnais","isPartOf":{"@id":"https:\/\/newsestlyonnais.fr\/site\/#website"},"primaryImageOfPage":{"@id":"https:\/\/newsestlyonnais.fr\/site\/2022\/07\/07\/david-lemoine-ce-metier-est-une-passion-et-cest-enrichissant-et-energivore\/#primaryimage"},"image":{"@id":"https:\/\/newsestlyonnais.fr\/site\/2022\/07\/07\/david-lemoine-ce-metier-est-une-passion-et-cest-enrichissant-et-energivore\/#primaryimage"},"thumbnailUrl":"https:\/\/newsestlyonnais.fr\/site\/wp-content\/uploads\/2022\/07\/IMG_1066.jpg","datePublished":"2022-07-07T12:53:37+00:00","description":"David Lemoine \"ce m\u00e9tier est une passion et c\u2019est enrichissant et \u00e9nergivore ! \"","breadcrumb":{"@id":"https:\/\/newsestlyonnais.fr\/site\/2022\/07\/07\/david-lemoine-ce-metier-est-une-passion-et-cest-enrichissant-et-energivore\/#breadcrumb"},"inLanguage":"fr-FR","potentialAction":[{"@type":"ReadAction","target":["https:\/\/newsestlyonnais.fr\/site\/2022\/07\/07\/david-lemoine-ce-metier-est-une-passion-et-cest-enrichissant-et-energivore\/"]}]},{"@type":"ImageObject","inLanguage":"fr-FR","@id":"https:\/\/newsestlyonnais.fr\/site\/2022\/07\/07\/david-lemoine-ce-metier-est-une-passion-et-cest-enrichissant-et-energivore\/#primaryimage","url":"https:\/\/newsestlyonnais.fr\/site\/wp-content\/uploads\/2022\/07\/IMG_1066.jpg","contentUrl":"https:\/\/newsestlyonnais.fr\/site\/wp-content\/uploads\/2022\/07\/IMG_1066.jpg","width":1200,"height":800},{"@type":"BreadcrumbList","@id":"https:\/\/newsestlyonnais.fr\/site\/2022\/07\/07\/david-lemoine-ce-metier-est-une-passion-et-cest-enrichissant-et-energivore\/#breadcrumb","itemListElement":[{"@type":"ListItem","position":1,"name":"Accueil","item":"https:\/\/newsestlyonnais.fr\/site\/"},{"@type":"ListItem","position":2,"name":"David Lemoine \u00ab\u00a0ce m\u00e9tier est une passion et c\u2019est enrichissant et \u00e9nergivore ! \u00ab\u00a0"}]},{"@type":"WebSite","@id":"https:\/\/newsestlyonnais.fr\/site\/#website","url":"https:\/\/newsestlyonnais.fr\/site\/","name":"News Est Lyonnais","description":"L&#039;actualit\u00e9 au plus pr\u00e8s","publisher":{"@id":"https:\/\/newsestlyonnais.fr\/site\/#organization"},"potentialAction":[{"@type":"SearchAction","target":{"@type":"EntryPoint","urlTemplate":"https:\/\/newsestlyonnais.fr\/site\/?s={search_term_string}"},"query-input":{"@type":"PropertyValueSpecification","valueRequired":true,"valueName":"search_term_string"}}],"inLanguage":"fr-FR"},{"@type":"Organization","@id":"https:\/\/newsestlyonnais.fr\/site\/#organization","name":"News EST LYONNAIS","url":"https:\/\/newsestlyonnais.fr\/site\/","logo":{"@type":"ImageObject","inLanguage":"fr-FR","@id":"https:\/\/newsestlyonnais.fr\/site\/#\/schema\/logo\/image\/","url":"","contentUrl":"","caption":"News EST LYONNAIS"},"image":{"@id":"https:\/\/newsestlyonnais.fr\/site\/#\/schema\/logo\/image\/"}},{"@type":"Person","@id":"https:\/\/newsestlyonnais.fr\/site\/#\/schema\/person\/3230d5615f390bb808365d673001e887","name":"R\u00e9dac. NEWS","sameAs":["http:\/\/www.newsestlyonnais.fr","https:\/\/www.facebook.com\/pascal.oberson.1?fref=ts","https:\/\/fr.linkedin.com\/in\/pascal-oberson-b17045113"],"url":"https:\/\/newsestlyonnais.fr\/site\/author\/nel\/"}]}},"_links":{"self":[{"href":"https:\/\/newsestlyonnais.fr\/site\/wp-json\/wp\/v2\/posts\/159856","targetHints":{"allow":["GET"]}}],"collection":[{"href":"https:\/\/newsestlyonnais.fr\/site\/wp-json\/wp\/v2\/posts"}],"about":[{"href":"https:\/\/newsestlyonnais.fr\/site\/wp-json\/wp\/v2\/types\/post"}],"author":[{"embeddable":true,"href":"https:\/\/newsestlyonnais.fr\/site\/wp-json\/wp\/v2\/users\/4"}],"replies":[{"embeddable":true,"href":"https:\/\/newsestlyonnais.fr\/site\/wp-json\/wp\/v2\/comments?post=159856"}],"version-history":[{"count":0,"href":"https:\/\/newsestlyonnais.fr\/site\/wp-json\/wp\/v2\/posts\/159856\/revisions"}],"wp:featuredmedia":[{"embeddable":true,"href":"https:\/\/newsestlyonnais.fr\/site\/wp-json\/wp\/v2\/media\/159871"}],"wp:attachment":[{"href":"https:\/\/newsestlyonnais.fr\/site\/wp-json\/wp\/v2\/media?parent=159856"}],"wp:term":[{"taxonomy":"category","embeddable":true,"href":"https:\/\/newsestlyonnais.fr\/site\/wp-json\/wp\/v2\/categories?post=159856"},{"taxonomy":"post_tag","embeddable":true,"href":"https:\/\/newsestlyonnais.fr\/site\/wp-json\/wp\/v2\/tags?post=159856"}],"curies":[{"name":"wp","href":"https:\/\/api.w.org\/{rel}","templated":true}]}}