{"id":15989,"date":"2016-11-18T13:24:46","date_gmt":"2016-11-18T12:24:46","guid":{"rendered":"http:\/\/newsestlyonnais.fr\/site\/?p=15989"},"modified":"2020-10-30T14:06:10","modified_gmt":"2020-10-30T13:06:10","slug":"genas-lannee-a-ete-bien-chargee-cyclos-de-ga","status":"publish","type":"post","link":"https:\/\/newsestlyonnais.fr\/site\/2016\/11\/18\/genas-lannee-a-ete-bien-chargee-cyclos-de-ga\/","title":{"rendered":"GENAS | L&rsquo;ann\u00e9e a \u00e9t\u00e9 bien charg\u00e9e pour les cyclos de l&rsquo;ESGA"},"content":{"rendered":"<h4>L&rsquo; ES Genas Azieu Cyclo pr\u00e9sid\u00e9e par Bernard Drevon vient de dresser son bilan annuel suite \u00e0 sa derni\u00e8re assembl\u00e9e g\u00e9n\u00e9rale.<\/h4>\n<p>Les actions ont \u00e9t\u00e9 tr\u00e8s nombreuses entre sorties et implications dans diverses manifestations:<\/p>\n<ul>\n<li>Une dizaine de sorties \u00e0 la journ\u00e9e (de 130 \u00e0 160 km) ont \u00e9t\u00e9 programm\u00e9es au printemps les mercredi, dans les massifs avoisinants (Bugey, Pilat, Beaujolais, Chambaran, Nord Is\u00e8re). Ce type de sortie est tr\u00e8s appr\u00e9ci\u00e9 et permet de d\u00e9couvrir de nouveaux itin\u00e9raires et d\u2019effectuer des parcours plus exigeant. Pour la 1<sup>\u00e8re<\/sup> fois, cette saison une sortie \u00e0 la journ\u00e9e a \u00e9t\u00e9 organis\u00e9 pour les dames.<\/li>\n<li>Les cyclos ont particip\u00e9, comme chaque saison aux rallyes du calendrier UFOLEP, ainsi qu&rsquo;\u00e0 quelques uns de la\u00a0 FFCT (Chassieu, ASPTT Lyon, SAL) et d&rsquo;autres \u00e9taient pr\u00e9sentes sur l\u2019Ard\u00e8choise et \u00e0 l\u2019 \u00e9tape du Tour (Blandine Bonnanfant).<\/li>\n<li>Deux sorties sur 4 jours ont d&rsquo;autre part \u00e9t\u00e9 mises en place et ont rencontr\u00e9 un beau succ\u00e8s (au printemps \u00e0 Cereste dans le Lub\u00e9ron (<span style=\"text-decoration: underline\">voir PHOTO A LA UNE<\/span>) et en automne \u00e0 Buis les Baronnies en Dr\u00f4me provencale).<\/li>\n<li>A noter \u00e9galement la participation du club \u00e0 une sortie ski en d\u00e9but d&rsquo;ann\u00e9e aux Saisies avec les clubs de GV de Genas et Saint Priest , \u00e0 \u00abla journ\u00e9e du c\u0153ur\u00a0\u00bb et au Forum des associations.<\/li>\n<li>Lors du passage du Tour Nord Is\u00e8re le club a fait partie de l\u2019organisation, en tant que signaleurs et s&rsquo;est impliqu\u00e9 dans l&rsquo;organisation du cyclo cross de Mathan, en collaboration avec la FSGT du Rh\u00f4ne.<\/li>\n<li>et a organis\u00e9 \u00e0 Genas l\u2019assembl\u00e9e g\u00e9n\u00e9rale des cyclo de l\u2019UFOLEP.<\/li>\n<li>Au niveau festivit\u00e9s, un repas club a eu lieu en octobre, et une soir\u00e9e paella en janvier ainsi qu&rsquo; une matin\u00e9e boudin sur le march\u00e9 en novembre.<\/li>\n<\/ul>\n<p>Seul point d&rsquo;ombre de la saison: Les rallyes: celui de printemps a connu une tr\u00e8s faible fr\u00e9quentation en raison de conditions m\u00e9t\u00e9o tr\u00e8s d\u00e9favorables (37 participants) et aucun participant \u00e0 celui d&rsquo;automne toujours pour le m\u00eame motif. \u00ab\u00a0Cette saison le ciel n\u2019a d\u00e9cid\u00e9ment pas \u00e9t\u00e9 avec nous\u00a0\u00bb. confiait le pr\u00e9sident de la section.<\/p>\n<p><strong>Les <\/strong><strong>projets<\/strong> sont d\u00e9j\u00e0 fix\u00e9s pour la saison 2016\/2017: organisation des 2 rallyes (printemps et automne), en esp\u00e9rant de bonnes conditions m\u00e9t\u00e9o, pr\u00e9paration d&rsquo;un calendrier pour les sorties \u00e0 la journ\u00e9e, avec une r\u00e9serv\u00e9e aux dames, organisation d&rsquo;une sortie sur plusieurs jours au printemps (la destination de M\u00e9jane le Clap dans le Gard a \u00e9t\u00e9 retenue) et une \u00e0 l&rsquo;automne.<\/p>\n<ul>\n<li>Retrouvez l&rsquo;ACTU du club sur: <a href=\"http:\/\/www.cyclogenas.com\" target=\"_blank\" rel=\"noopener noreferrer\">http:\/\/www.cyclogenas.com<img loading=\"lazy\" decoding=\"async\" class=\"alignleft size-full wp-image-16015\" src=\"https:\/\/newsestlyonnais.fr\/site\/medias\/2016\/11\/NEWSESTLYONNAIS-calvaire_max-1.jpg\" alt=\"newsestlyonnais-calvaire_max\" width=\"1000\" height=\"750\" srcset=\"https:\/\/newsestlyonnais.fr\/site\/wp-content\/uploads\/2016\/11\/NEWSESTLYONNAIS-calvaire_max-1.jpg 1000w, https:\/\/newsestlyonnais.fr\/site\/wp-content\/uploads\/2016\/11\/NEWSESTLYONNAIS-calvaire_max-1-400x300.jpg 400w, https:\/\/newsestlyonnais.fr\/site\/wp-content\/uploads\/2016\/11\/NEWSESTLYONNAIS-calvaire_max-1-768x576.jpg 768w, https:\/\/newsestlyonnais.fr\/site\/wp-content\/uploads\/2016\/11\/NEWSESTLYONNAIS-calvaire_max-1-600x450.jpg 600w, https:\/\/newsestlyonnais.fr\/site\/wp-content\/uploads\/2016\/11\/NEWSESTLYONNAIS-calvaire_max-1-100x75.jpg 100w\" sizes=\"auto, (max-width: 1000px) 100vw, 1000px\" \/><\/a><\/li>\n<\/ul>\n<p>&nbsp;<\/p>\n<p>&nbsp;<\/p>\n","protected":false},"excerpt":{"rendered":"<p>L&rsquo; ES Genas Azieu Cyclo pr\u00e9sid\u00e9e par Bernard Drevon vient de dresser son bilan annuel suite \u00e0 sa derni\u00e8re assembl\u00e9e g\u00e9n\u00e9rale. Les actions ont \u00e9t\u00e9 tr\u00e8s nombreuses entre sorties et implications dans diverses manifestations: Une dizaine de sorties \u00e0 la journ\u00e9e (de 130 \u00e0 160 km) ont \u00e9t\u00e9 programm\u00e9es au printemps les mercredi, dans les [&hellip;]<\/p>\n","protected":false},"author":4,"featured_media":16014,"comment_status":"open","ping_status":"open","sticky":false,"template":"","format":"standard","meta":{"footnotes":""},"categories":[2969,1598],"tags":[],"class_list":["post-15989","post","type-post","status-publish","format-standard","has-post-thumbnail","hentry","category-cyclisme-cyclo-vtt","category-genas"],"yoast_head":"<!-- This site is optimized with the Yoast SEO plugin v27.2 - https:\/\/yoast.com\/product\/yoast-seo-wordpress\/ -->\n<title>GENAS | L&#039;ann\u00e9e a \u00e9t\u00e9 bien charg\u00e9e pour les cyclos de l&#039;ESGA - News Est Lyonnais<\/title>\n<meta name=\"robots\" content=\"index, follow, max-snippet:-1, max-image-preview:large, max-video-preview:-1\" \/>\n<link rel=\"canonical\" href=\"https:\/\/newsestlyonnais.fr\/site\/2016\/11\/18\/genas-lannee-a-ete-bien-chargee-cyclos-de-ga\/\" \/>\n<meta property=\"og:locale\" content=\"fr_FR\" \/>\n<meta property=\"og:type\" content=\"article\" \/>\n<meta property=\"og:title\" content=\"GENAS | L&#039;ann\u00e9e a \u00e9t\u00e9 bien charg\u00e9e pour les cyclos de l&#039;ESGA - News Est Lyonnais\" \/>\n<meta property=\"og:description\" content=\"L&rsquo; ES Genas Azieu Cyclo pr\u00e9sid\u00e9e par Bernard Drevon vient de dresser son bilan annuel suite \u00e0 sa derni\u00e8re assembl\u00e9e g\u00e9n\u00e9rale. Les actions ont \u00e9t\u00e9 tr\u00e8s nombreuses entre sorties et implications dans diverses manifestations: Une dizaine de sorties \u00e0 la journ\u00e9e (de 130 \u00e0 160 km) ont \u00e9t\u00e9 programm\u00e9es au printemps les mercredi, dans les [&hellip;]\" \/>\n<meta property=\"og:url\" content=\"https:\/\/newsestlyonnais.fr\/site\/2016\/11\/18\/genas-lannee-a-ete-bien-chargee-cyclos-de-ga\/\" \/>\n<meta property=\"og:site_name\" content=\"News Est Lyonnais\" \/>\n<meta property=\"article:author\" content=\"https:\/\/www.facebook.com\/pascal.oberson.1?fref=ts\" \/>\n<meta property=\"article:published_time\" content=\"2016-11-18T12:24:46+00:00\" \/>\n<meta property=\"article:modified_time\" content=\"2020-10-30T13:06:10+00:00\" \/>\n<meta property=\"og:image\" content=\"https:\/\/i1.wp.com\/newsestlyonnais.fr\/site\/wp-content\/uploads\/2016\/11\/NEWSESTLYONNAIS-cereste5_max.jpg?fit=1000%2C750&ssl=1\" \/>\n\t<meta property=\"og:image:width\" content=\"1000\" \/>\n\t<meta property=\"og:image:height\" content=\"750\" \/>\n\t<meta property=\"og:image:type\" content=\"image\/jpeg\" \/>\n<meta name=\"author\" content=\"R\u00e9dac. NEWS\" \/>\n<meta name=\"twitter:card\" content=\"summary_large_image\" \/>\n<meta name=\"twitter:label1\" content=\"\u00c9crit par\" \/>\n\t<meta name=\"twitter:data1\" content=\"R\u00e9dac. NEWS\" \/>\n\t<meta name=\"twitter:label2\" content=\"Dur\u00e9e de lecture estim\u00e9e\" \/>\n\t<meta name=\"twitter:data2\" content=\"2 minutes\" \/>\n<script type=\"application\/ld+json\" class=\"yoast-schema-graph\">{\"@context\":\"https:\/\/schema.org\",\"@graph\":[{\"@type\":\"Article\",\"@id\":\"https:\/\/newsestlyonnais.fr\/site\/2016\/11\/18\/genas-lannee-a-ete-bien-chargee-cyclos-de-ga\/#article\",\"isPartOf\":{\"@id\":\"https:\/\/newsestlyonnais.fr\/site\/2016\/11\/18\/genas-lannee-a-ete-bien-chargee-cyclos-de-ga\/\"},\"author\":{\"name\":\"R\u00e9dac. NEWS\",\"@id\":\"https:\/\/newsestlyonnais.fr\/site\/#\/schema\/person\/3230d5615f390bb808365d673001e887\"},\"headline\":\"GENAS | L&rsquo;ann\u00e9e a \u00e9t\u00e9 bien charg\u00e9e pour les cyclos de l&rsquo;ESGA\",\"datePublished\":\"2016-11-18T12:24:46+00:00\",\"dateModified\":\"2020-10-30T13:06:10+00:00\",\"mainEntityOfPage\":{\"@id\":\"https:\/\/newsestlyonnais.fr\/site\/2016\/11\/18\/genas-lannee-a-ete-bien-chargee-cyclos-de-ga\/\"},\"wordCount\":475,\"commentCount\":0,\"publisher\":{\"@id\":\"https:\/\/newsestlyonnais.fr\/site\/#organization\"},\"image\":{\"@id\":\"https:\/\/newsestlyonnais.fr\/site\/2016\/11\/18\/genas-lannee-a-ete-bien-chargee-cyclos-de-ga\/#primaryimage\"},\"thumbnailUrl\":\"https:\/\/newsestlyonnais.fr\/site\/wp-content\/uploads\/2016\/11\/NEWSESTLYONNAIS-cereste5_max.jpg\",\"articleSection\":[\"Cyclisme | Cyclo | Vtt\",\"Genas\"],\"inLanguage\":\"fr-FR\",\"potentialAction\":[{\"@type\":\"CommentAction\",\"name\":\"Comment\",\"target\":[\"https:\/\/newsestlyonnais.fr\/site\/2016\/11\/18\/genas-lannee-a-ete-bien-chargee-cyclos-de-ga\/#respond\"]}]},{\"@type\":\"WebPage\",\"@id\":\"https:\/\/newsestlyonnais.fr\/site\/2016\/11\/18\/genas-lannee-a-ete-bien-chargee-cyclos-de-ga\/\",\"url\":\"https:\/\/newsestlyonnais.fr\/site\/2016\/11\/18\/genas-lannee-a-ete-bien-chargee-cyclos-de-ga\/\",\"name\":\"GENAS | L'ann\u00e9e a \u00e9t\u00e9 bien charg\u00e9e pour les cyclos de l'ESGA - News Est Lyonnais\",\"isPartOf\":{\"@id\":\"https:\/\/newsestlyonnais.fr\/site\/#website\"},\"primaryImageOfPage\":{\"@id\":\"https:\/\/newsestlyonnais.fr\/site\/2016\/11\/18\/genas-lannee-a-ete-bien-chargee-cyclos-de-ga\/#primaryimage\"},\"image\":{\"@id\":\"https:\/\/newsestlyonnais.fr\/site\/2016\/11\/18\/genas-lannee-a-ete-bien-chargee-cyclos-de-ga\/#primaryimage\"},\"thumbnailUrl\":\"https:\/\/newsestlyonnais.fr\/site\/wp-content\/uploads\/2016\/11\/NEWSESTLYONNAIS-cereste5_max.jpg\",\"datePublished\":\"2016-11-18T12:24:46+00:00\",\"dateModified\":\"2020-10-30T13:06:10+00:00\",\"breadcrumb\":{\"@id\":\"https:\/\/newsestlyonnais.fr\/site\/2016\/11\/18\/genas-lannee-a-ete-bien-chargee-cyclos-de-ga\/#breadcrumb\"},\"inLanguage\":\"fr-FR\",\"potentialAction\":[{\"@type\":\"ReadAction\",\"target\":[\"https:\/\/newsestlyonnais.fr\/site\/2016\/11\/18\/genas-lannee-a-ete-bien-chargee-cyclos-de-ga\/\"]}]},{\"@type\":\"ImageObject\",\"inLanguage\":\"fr-FR\",\"@id\":\"https:\/\/newsestlyonnais.fr\/site\/2016\/11\/18\/genas-lannee-a-ete-bien-chargee-cyclos-de-ga\/#primaryimage\",\"url\":\"https:\/\/newsestlyonnais.fr\/site\/wp-content\/uploads\/2016\/11\/NEWSESTLYONNAIS-cereste5_max.jpg\",\"contentUrl\":\"https:\/\/newsestlyonnais.fr\/site\/wp-content\/uploads\/2016\/11\/NEWSESTLYONNAIS-cereste5_max.jpg\",\"width\":1000,\"height\":750},{\"@type\":\"BreadcrumbList\",\"@id\":\"https:\/\/newsestlyonnais.fr\/site\/2016\/11\/18\/genas-lannee-a-ete-bien-chargee-cyclos-de-ga\/#breadcrumb\",\"itemListElement\":[{\"@type\":\"ListItem\",\"position\":1,\"name\":\"Accueil\",\"item\":\"https:\/\/newsestlyonnais.fr\/site\/\"},{\"@type\":\"ListItem\",\"position\":2,\"name\":\"GENAS | L&rsquo;ann\u00e9e a \u00e9t\u00e9 bien charg\u00e9e pour les cyclos de l&rsquo;ESGA\"}]},{\"@type\":\"WebSite\",\"@id\":\"https:\/\/newsestlyonnais.fr\/site\/#website\",\"url\":\"https:\/\/newsestlyonnais.fr\/site\/\",\"name\":\"News Est Lyonnais\",\"description\":\"L&#039;actualit\u00e9 au plus pr\u00e8s\",\"publisher\":{\"@id\":\"https:\/\/newsestlyonnais.fr\/site\/#organization\"},\"potentialAction\":[{\"@type\":\"SearchAction\",\"target\":{\"@type\":\"EntryPoint\",\"urlTemplate\":\"https:\/\/newsestlyonnais.fr\/site\/?s={search_term_string}\"},\"query-input\":{\"@type\":\"PropertyValueSpecification\",\"valueRequired\":true,\"valueName\":\"search_term_string\"}}],\"inLanguage\":\"fr-FR\"},{\"@type\":\"Organization\",\"@id\":\"https:\/\/newsestlyonnais.fr\/site\/#organization\",\"name\":\"News EST LYONNAIS\",\"url\":\"https:\/\/newsestlyonnais.fr\/site\/\",\"logo\":{\"@type\":\"ImageObject\",\"inLanguage\":\"fr-FR\",\"@id\":\"https:\/\/newsestlyonnais.fr\/site\/#\/schema\/logo\/image\/\",\"url\":\"\",\"contentUrl\":\"\",\"caption\":\"News EST LYONNAIS\"},\"image\":{\"@id\":\"https:\/\/newsestlyonnais.fr\/site\/#\/schema\/logo\/image\/\"}},{\"@type\":\"Person\",\"@id\":\"https:\/\/newsestlyonnais.fr\/site\/#\/schema\/person\/3230d5615f390bb808365d673001e887\",\"name\":\"R\u00e9dac. NEWS\",\"sameAs\":[\"http:\/\/www.newsestlyonnais.fr\",\"https:\/\/www.facebook.com\/pascal.oberson.1?fref=ts\",\"https:\/\/fr.linkedin.com\/in\/pascal-oberson-b17045113\"],\"url\":\"https:\/\/newsestlyonnais.fr\/site\/author\/nel\/\"}]}<\/script>\n<!-- \/ Yoast SEO plugin. -->","yoast_head_json":{"title":"GENAS | L'ann\u00e9e a \u00e9t\u00e9 bien charg\u00e9e pour les cyclos de l'ESGA - News Est Lyonnais","robots":{"index":"index","follow":"follow","max-snippet":"max-snippet:-1","max-image-preview":"max-image-preview:large","max-video-preview":"max-video-preview:-1"},"canonical":"https:\/\/newsestlyonnais.fr\/site\/2016\/11\/18\/genas-lannee-a-ete-bien-chargee-cyclos-de-ga\/","og_locale":"fr_FR","og_type":"article","og_title":"GENAS | L'ann\u00e9e a \u00e9t\u00e9 bien charg\u00e9e pour les cyclos de l'ESGA - News Est Lyonnais","og_description":"L&rsquo; ES Genas Azieu Cyclo pr\u00e9sid\u00e9e par Bernard Drevon vient de dresser son bilan annuel suite \u00e0 sa derni\u00e8re assembl\u00e9e g\u00e9n\u00e9rale. Les actions ont \u00e9t\u00e9 tr\u00e8s nombreuses entre sorties et implications dans diverses manifestations: Une dizaine de sorties \u00e0 la journ\u00e9e (de 130 \u00e0 160 km) ont \u00e9t\u00e9 programm\u00e9es au printemps les mercredi, dans les [&hellip;]","og_url":"https:\/\/newsestlyonnais.fr\/site\/2016\/11\/18\/genas-lannee-a-ete-bien-chargee-cyclos-de-ga\/","og_site_name":"News Est Lyonnais","article_author":"https:\/\/www.facebook.com\/pascal.oberson.1?fref=ts","article_published_time":"2016-11-18T12:24:46+00:00","article_modified_time":"2020-10-30T13:06:10+00:00","og_image":[{"width":1000,"height":750,"url":"https:\/\/i1.wp.com\/newsestlyonnais.fr\/site\/wp-content\/uploads\/2016\/11\/NEWSESTLYONNAIS-cereste5_max.jpg?fit=1000%2C750&ssl=1","type":"image\/jpeg"}],"author":"R\u00e9dac. NEWS","twitter_card":"summary_large_image","twitter_misc":{"\u00c9crit par":"R\u00e9dac. NEWS","Dur\u00e9e de lecture estim\u00e9e":"2 minutes"},"schema":{"@context":"https:\/\/schema.org","@graph":[{"@type":"Article","@id":"https:\/\/newsestlyonnais.fr\/site\/2016\/11\/18\/genas-lannee-a-ete-bien-chargee-cyclos-de-ga\/#article","isPartOf":{"@id":"https:\/\/newsestlyonnais.fr\/site\/2016\/11\/18\/genas-lannee-a-ete-bien-chargee-cyclos-de-ga\/"},"author":{"name":"R\u00e9dac. NEWS","@id":"https:\/\/newsestlyonnais.fr\/site\/#\/schema\/person\/3230d5615f390bb808365d673001e887"},"headline":"GENAS | L&rsquo;ann\u00e9e a \u00e9t\u00e9 bien charg\u00e9e pour les cyclos de l&rsquo;ESGA","datePublished":"2016-11-18T12:24:46+00:00","dateModified":"2020-10-30T13:06:10+00:00","mainEntityOfPage":{"@id":"https:\/\/newsestlyonnais.fr\/site\/2016\/11\/18\/genas-lannee-a-ete-bien-chargee-cyclos-de-ga\/"},"wordCount":475,"commentCount":0,"publisher":{"@id":"https:\/\/newsestlyonnais.fr\/site\/#organization"},"image":{"@id":"https:\/\/newsestlyonnais.fr\/site\/2016\/11\/18\/genas-lannee-a-ete-bien-chargee-cyclos-de-ga\/#primaryimage"},"thumbnailUrl":"https:\/\/newsestlyonnais.fr\/site\/wp-content\/uploads\/2016\/11\/NEWSESTLYONNAIS-cereste5_max.jpg","articleSection":["Cyclisme | Cyclo | Vtt","Genas"],"inLanguage":"fr-FR","potentialAction":[{"@type":"CommentAction","name":"Comment","target":["https:\/\/newsestlyonnais.fr\/site\/2016\/11\/18\/genas-lannee-a-ete-bien-chargee-cyclos-de-ga\/#respond"]}]},{"@type":"WebPage","@id":"https:\/\/newsestlyonnais.fr\/site\/2016\/11\/18\/genas-lannee-a-ete-bien-chargee-cyclos-de-ga\/","url":"https:\/\/newsestlyonnais.fr\/site\/2016\/11\/18\/genas-lannee-a-ete-bien-chargee-cyclos-de-ga\/","name":"GENAS | L'ann\u00e9e a \u00e9t\u00e9 bien charg\u00e9e pour les cyclos de l'ESGA - News Est Lyonnais","isPartOf":{"@id":"https:\/\/newsestlyonnais.fr\/site\/#website"},"primaryImageOfPage":{"@id":"https:\/\/newsestlyonnais.fr\/site\/2016\/11\/18\/genas-lannee-a-ete-bien-chargee-cyclos-de-ga\/#primaryimage"},"image":{"@id":"https:\/\/newsestlyonnais.fr\/site\/2016\/11\/18\/genas-lannee-a-ete-bien-chargee-cyclos-de-ga\/#primaryimage"},"thumbnailUrl":"https:\/\/newsestlyonnais.fr\/site\/wp-content\/uploads\/2016\/11\/NEWSESTLYONNAIS-cereste5_max.jpg","datePublished":"2016-11-18T12:24:46+00:00","dateModified":"2020-10-30T13:06:10+00:00","breadcrumb":{"@id":"https:\/\/newsestlyonnais.fr\/site\/2016\/11\/18\/genas-lannee-a-ete-bien-chargee-cyclos-de-ga\/#breadcrumb"},"inLanguage":"fr-FR","potentialAction":[{"@type":"ReadAction","target":["https:\/\/newsestlyonnais.fr\/site\/2016\/11\/18\/genas-lannee-a-ete-bien-chargee-cyclos-de-ga\/"]}]},{"@type":"ImageObject","inLanguage":"fr-FR","@id":"https:\/\/newsestlyonnais.fr\/site\/2016\/11\/18\/genas-lannee-a-ete-bien-chargee-cyclos-de-ga\/#primaryimage","url":"https:\/\/newsestlyonnais.fr\/site\/wp-content\/uploads\/2016\/11\/NEWSESTLYONNAIS-cereste5_max.jpg","contentUrl":"https:\/\/newsestlyonnais.fr\/site\/wp-content\/uploads\/2016\/11\/NEWSESTLYONNAIS-cereste5_max.jpg","width":1000,"height":750},{"@type":"BreadcrumbList","@id":"https:\/\/newsestlyonnais.fr\/site\/2016\/11\/18\/genas-lannee-a-ete-bien-chargee-cyclos-de-ga\/#breadcrumb","itemListElement":[{"@type":"ListItem","position":1,"name":"Accueil","item":"https:\/\/newsestlyonnais.fr\/site\/"},{"@type":"ListItem","position":2,"name":"GENAS | L&rsquo;ann\u00e9e a \u00e9t\u00e9 bien charg\u00e9e pour les cyclos de l&rsquo;ESGA"}]},{"@type":"WebSite","@id":"https:\/\/newsestlyonnais.fr\/site\/#website","url":"https:\/\/newsestlyonnais.fr\/site\/","name":"News Est Lyonnais","description":"L&#039;actualit\u00e9 au plus pr\u00e8s","publisher":{"@id":"https:\/\/newsestlyonnais.fr\/site\/#organization"},"potentialAction":[{"@type":"SearchAction","target":{"@type":"EntryPoint","urlTemplate":"https:\/\/newsestlyonnais.fr\/site\/?s={search_term_string}"},"query-input":{"@type":"PropertyValueSpecification","valueRequired":true,"valueName":"search_term_string"}}],"inLanguage":"fr-FR"},{"@type":"Organization","@id":"https:\/\/newsestlyonnais.fr\/site\/#organization","name":"News EST LYONNAIS","url":"https:\/\/newsestlyonnais.fr\/site\/","logo":{"@type":"ImageObject","inLanguage":"fr-FR","@id":"https:\/\/newsestlyonnais.fr\/site\/#\/schema\/logo\/image\/","url":"","contentUrl":"","caption":"News EST LYONNAIS"},"image":{"@id":"https:\/\/newsestlyonnais.fr\/site\/#\/schema\/logo\/image\/"}},{"@type":"Person","@id":"https:\/\/newsestlyonnais.fr\/site\/#\/schema\/person\/3230d5615f390bb808365d673001e887","name":"R\u00e9dac. NEWS","sameAs":["http:\/\/www.newsestlyonnais.fr","https:\/\/www.facebook.com\/pascal.oberson.1?fref=ts","https:\/\/fr.linkedin.com\/in\/pascal-oberson-b17045113"],"url":"https:\/\/newsestlyonnais.fr\/site\/author\/nel\/"}]}},"_links":{"self":[{"href":"https:\/\/newsestlyonnais.fr\/site\/wp-json\/wp\/v2\/posts\/15989","targetHints":{"allow":["GET"]}}],"collection":[{"href":"https:\/\/newsestlyonnais.fr\/site\/wp-json\/wp\/v2\/posts"}],"about":[{"href":"https:\/\/newsestlyonnais.fr\/site\/wp-json\/wp\/v2\/types\/post"}],"author":[{"embeddable":true,"href":"https:\/\/newsestlyonnais.fr\/site\/wp-json\/wp\/v2\/users\/4"}],"replies":[{"embeddable":true,"href":"https:\/\/newsestlyonnais.fr\/site\/wp-json\/wp\/v2\/comments?post=15989"}],"version-history":[{"count":0,"href":"https:\/\/newsestlyonnais.fr\/site\/wp-json\/wp\/v2\/posts\/15989\/revisions"}],"wp:featuredmedia":[{"embeddable":true,"href":"https:\/\/newsestlyonnais.fr\/site\/wp-json\/wp\/v2\/media\/16014"}],"wp:attachment":[{"href":"https:\/\/newsestlyonnais.fr\/site\/wp-json\/wp\/v2\/media?parent=15989"}],"wp:term":[{"taxonomy":"category","embeddable":true,"href":"https:\/\/newsestlyonnais.fr\/site\/wp-json\/wp\/v2\/categories?post=15989"},{"taxonomy":"post_tag","embeddable":true,"href":"https:\/\/newsestlyonnais.fr\/site\/wp-json\/wp\/v2\/tags?post=15989"}],"curies":[{"name":"wp","href":"https:\/\/api.w.org\/{rel}","templated":true}]}}