{"id":16018,"date":"2016-11-18T15:40:33","date_gmt":"2016-11-18T14:40:33","guid":{"rendered":"http:\/\/newsestlyonnais.fr\/site\/?p=16018"},"modified":"2020-10-27T16:31:42","modified_gmt":"2020-10-27T15:31:42","slug":"lyon-metropole-handibasket-accueille-meylan-en-leader-de-la-po","status":"publish","type":"post","link":"https:\/\/newsestlyonnais.fr\/site\/2016\/11\/18\/lyon-metropole-handibasket-accueille-meylan-en-leader-de-la-po\/","title":{"rendered":"LYON M\u00e9tropole Handibasket accueille Meylan en leader de la poule"},"content":{"rendered":"<div>\n<h4>Dans la dynamique de leurs deux derniers succ\u00e8s \u00e0 l&rsquo;ext\u00e9rieur (Corbeil et Gennevilliers), les lyonnais du LMHB accueillent ce samedi en fin d&rsquo;apr\u00e8s-midi\u00a0 l&rsquo;\u00e9quipe de Meylan Grenoble Handibasket.<\/h4>\n<\/div>\n<p>Un adversaire dont il faudra se m\u00e9fier, qui descend de l&rsquo;\u00e9lite du basket fauteuil fran\u00e7ais cette ann\u00e9e et qui reste sur 3 victoires en 4 matchs.<\/p>\n<div>\n<ul>\n<li>D\u00e9but de la rencontre \u00e0 17 heures, \u00e0 la <b><u>HALLE TONY BERTRAND 13 RUE JULES VERNE LYON 3<\/u><\/b><\/li>\n<\/ul>\n<\/div>\n<div>\n<div class=\"ox-752d4a6f03-gmail_signature\">\n<div dir=\"ltr\">\n<div>\n<div dir=\"ltr\">\n<div>\n<div dir=\"ltr\">\n<div>\n<div dir=\"ltr\">\n<div dir=\"ltr\">\n<div dir=\"ltr\">\n<div dir=\"ltr\">\n<div dir=\"ltr\">\n<div>\n<div>\n<div><span style=\"color: #000000;font-size: small\"><b><i>&#8211;\u00a0 Plus <\/i>d&rsquo;informations sur:\u00a0 <a href=\"http:\/\/www.facebook.com\/lyonmhbc\" target=\"_blank\" rel=\"noopener noreferrer\">FACEBOOK LYON MHBC<\/a><\/b><\/span><\/div>\n<div><span style=\"color: #ff0000;font-size: small\"><b>Lyon M\u00e9tropole Handibasket Club<\/b><\/span><a href=\"http:\/\/www.facebook.com\/lyon-m%C3%A9tropole-handibasket-club\" target=\"_blank\" rel=\"noopener noreferrer\"><br \/>\n<\/a><span style=\"color: #000000\">249 rue Vend\u00f4me\u00a069003 Lyon\u00a0<\/span><\/div>\n<div><span style=\"color: #000000\">T\u00e9l. 06.21. 97.71.75<\/span><\/div>\n<\/div>\n<\/div>\n<div><span style=\"color: #000000\">\u00a0<\/span><\/div>\n<\/div>\n<div dir=\"ltr\"><\/div>\n<\/div>\n<\/div>\n<\/div>\n<\/div>\n<\/div>\n<\/div>\n<\/div>\n<\/div>\n<\/div>\n<\/div>\n<\/div>\n<\/div>\n","protected":false},"excerpt":{"rendered":"<p>Dans la dynamique de leurs deux derniers succ\u00e8s \u00e0 l&rsquo;ext\u00e9rieur (Corbeil et Gennevilliers), les lyonnais du LMHB accueillent ce samedi en fin d&rsquo;apr\u00e8s-midi\u00a0 l&rsquo;\u00e9quipe de Meylan Grenoble Handibasket. Un adversaire dont il faudra se m\u00e9fier, qui descend de l&rsquo;\u00e9lite du basket fauteuil fran\u00e7ais cette ann\u00e9e et qui reste sur 3 victoires en 4 matchs. D\u00e9but [&hellip;]<\/p>\n","protected":false},"author":4,"featured_media":15966,"comment_status":"open","ping_status":"open","sticky":false,"template":"","format":"standard","meta":{"footnotes":""},"categories":[1357,2975,166,3015,1625],"tags":[],"class_list":["post-16018","post","type-post","status-publish","format-standard","has-post-thumbnail","hentry","category-basket","category-basket-hand-volley-sports","category-divers-sports","category-handi-adapte","category-lyon"],"yoast_head":"<!-- This site is optimized with the Yoast SEO plugin v27.2 - https:\/\/yoast.com\/product\/yoast-seo-wordpress\/ -->\n<title>LYON: Les joueurs du Lyon M\u00e9tropole Handibasket accueillent Meylan en leaders de la poule !<\/title>\n<meta name=\"description\" content=\"LYON: Les joueurs du Lyon M\u00e9tropole Handibasket accueillent Meylan en leaders de la poule !\" \/>\n<meta name=\"robots\" content=\"index, follow, max-snippet:-1, max-image-preview:large, max-video-preview:-1\" \/>\n<link rel=\"canonical\" href=\"https:\/\/newsestlyonnais.fr\/site\/2016\/11\/18\/lyon-metropole-handibasket-accueille-meylan-en-leader-de-la-po\/\" \/>\n<meta property=\"og:locale\" content=\"fr_FR\" \/>\n<meta property=\"og:type\" content=\"article\" \/>\n<meta property=\"og:title\" content=\"LYON: Les joueurs du Lyon M\u00e9tropole Handibasket accueillent Meylan en leaders de la poule !\" \/>\n<meta property=\"og:description\" content=\"LYON: Les joueurs du Lyon M\u00e9tropole Handibasket accueillent Meylan en leaders de la poule !\" \/>\n<meta property=\"og:url\" content=\"https:\/\/newsestlyonnais.fr\/site\/2016\/11\/18\/lyon-metropole-handibasket-accueille-meylan-en-leader-de-la-po\/\" \/>\n<meta property=\"og:site_name\" content=\"News Est Lyonnais\" \/>\n<meta property=\"article:author\" content=\"https:\/\/www.facebook.com\/pascal.oberson.1?fref=ts\" \/>\n<meta property=\"article:published_time\" content=\"2016-11-18T14:40:33+00:00\" \/>\n<meta property=\"article:modified_time\" content=\"2020-10-27T15:31:42+00:00\" \/>\n<meta property=\"og:image\" content=\"https:\/\/i0.wp.com\/newsestlyonnais.fr\/site\/wp-content\/uploads\/2016\/11\/NEWSESTLYONNAIS-Affiche-Meylan.png?fit=1000%2C750&ssl=1\" \/>\n\t<meta property=\"og:image:width\" content=\"1000\" \/>\n\t<meta property=\"og:image:height\" content=\"750\" \/>\n\t<meta property=\"og:image:type\" content=\"image\/png\" \/>\n<meta name=\"author\" content=\"R\u00e9dac. NEWS\" \/>\n<meta name=\"twitter:card\" content=\"summary_large_image\" \/>\n<meta name=\"twitter:label1\" content=\"\u00c9crit par\" \/>\n\t<meta name=\"twitter:data1\" content=\"R\u00e9dac. NEWS\" \/>\n<script type=\"application\/ld+json\" class=\"yoast-schema-graph\">{\"@context\":\"https:\/\/schema.org\",\"@graph\":[{\"@type\":\"Article\",\"@id\":\"https:\/\/newsestlyonnais.fr\/site\/2016\/11\/18\/lyon-metropole-handibasket-accueille-meylan-en-leader-de-la-po\/#article\",\"isPartOf\":{\"@id\":\"https:\/\/newsestlyonnais.fr\/site\/2016\/11\/18\/lyon-metropole-handibasket-accueille-meylan-en-leader-de-la-po\/\"},\"author\":{\"name\":\"R\u00e9dac. NEWS\",\"@id\":\"https:\/\/newsestlyonnais.fr\/site\/#\/schema\/person\/3230d5615f390bb808365d673001e887\"},\"headline\":\"LYON M\u00e9tropole Handibasket accueille Meylan en leader de la poule\",\"datePublished\":\"2016-11-18T14:40:33+00:00\",\"dateModified\":\"2020-10-27T15:31:42+00:00\",\"mainEntityOfPage\":{\"@id\":\"https:\/\/newsestlyonnais.fr\/site\/2016\/11\/18\/lyon-metropole-handibasket-accueille-meylan-en-leader-de-la-po\/\"},\"wordCount\":105,\"commentCount\":0,\"publisher\":{\"@id\":\"https:\/\/newsestlyonnais.fr\/site\/#organization\"},\"image\":{\"@id\":\"https:\/\/newsestlyonnais.fr\/site\/2016\/11\/18\/lyon-metropole-handibasket-accueille-meylan-en-leader-de-la-po\/#primaryimage\"},\"thumbnailUrl\":\"https:\/\/newsestlyonnais.fr\/site\/wp-content\/uploads\/2016\/11\/NEWSESTLYONNAIS-Affiche-Meylan.png\",\"articleSection\":[\"Basket\",\"Basket | Hand | Volley\",\"Divers Sports\",\"Handi &amp; adapt\u00e9\",\"Lyon\"],\"inLanguage\":\"fr-FR\",\"potentialAction\":[{\"@type\":\"CommentAction\",\"name\":\"Comment\",\"target\":[\"https:\/\/newsestlyonnais.fr\/site\/2016\/11\/18\/lyon-metropole-handibasket-accueille-meylan-en-leader-de-la-po\/#respond\"]}]},{\"@type\":\"WebPage\",\"@id\":\"https:\/\/newsestlyonnais.fr\/site\/2016\/11\/18\/lyon-metropole-handibasket-accueille-meylan-en-leader-de-la-po\/\",\"url\":\"https:\/\/newsestlyonnais.fr\/site\/2016\/11\/18\/lyon-metropole-handibasket-accueille-meylan-en-leader-de-la-po\/\",\"name\":\"LYON: Les joueurs du Lyon M\u00e9tropole Handibasket accueillent Meylan en leaders de la poule !\",\"isPartOf\":{\"@id\":\"https:\/\/newsestlyonnais.fr\/site\/#website\"},\"primaryImageOfPage\":{\"@id\":\"https:\/\/newsestlyonnais.fr\/site\/2016\/11\/18\/lyon-metropole-handibasket-accueille-meylan-en-leader-de-la-po\/#primaryimage\"},\"image\":{\"@id\":\"https:\/\/newsestlyonnais.fr\/site\/2016\/11\/18\/lyon-metropole-handibasket-accueille-meylan-en-leader-de-la-po\/#primaryimage\"},\"thumbnailUrl\":\"https:\/\/newsestlyonnais.fr\/site\/wp-content\/uploads\/2016\/11\/NEWSESTLYONNAIS-Affiche-Meylan.png\",\"datePublished\":\"2016-11-18T14:40:33+00:00\",\"dateModified\":\"2020-10-27T15:31:42+00:00\",\"description\":\"LYON: Les joueurs du Lyon M\u00e9tropole Handibasket accueillent Meylan en leaders de la poule !\",\"breadcrumb\":{\"@id\":\"https:\/\/newsestlyonnais.fr\/site\/2016\/11\/18\/lyon-metropole-handibasket-accueille-meylan-en-leader-de-la-po\/#breadcrumb\"},\"inLanguage\":\"fr-FR\",\"potentialAction\":[{\"@type\":\"ReadAction\",\"target\":[\"https:\/\/newsestlyonnais.fr\/site\/2016\/11\/18\/lyon-metropole-handibasket-accueille-meylan-en-leader-de-la-po\/\"]}]},{\"@type\":\"ImageObject\",\"inLanguage\":\"fr-FR\",\"@id\":\"https:\/\/newsestlyonnais.fr\/site\/2016\/11\/18\/lyon-metropole-handibasket-accueille-meylan-en-leader-de-la-po\/#primaryimage\",\"url\":\"https:\/\/newsestlyonnais.fr\/site\/wp-content\/uploads\/2016\/11\/NEWSESTLYONNAIS-Affiche-Meylan.png\",\"contentUrl\":\"https:\/\/newsestlyonnais.fr\/site\/wp-content\/uploads\/2016\/11\/NEWSESTLYONNAIS-Affiche-Meylan.png\",\"width\":1000,\"height\":750},{\"@type\":\"BreadcrumbList\",\"@id\":\"https:\/\/newsestlyonnais.fr\/site\/2016\/11\/18\/lyon-metropole-handibasket-accueille-meylan-en-leader-de-la-po\/#breadcrumb\",\"itemListElement\":[{\"@type\":\"ListItem\",\"position\":1,\"name\":\"Accueil\",\"item\":\"https:\/\/newsestlyonnais.fr\/site\/\"},{\"@type\":\"ListItem\",\"position\":2,\"name\":\"LYON M\u00e9tropole Handibasket accueille Meylan en leader de la poule\"}]},{\"@type\":\"WebSite\",\"@id\":\"https:\/\/newsestlyonnais.fr\/site\/#website\",\"url\":\"https:\/\/newsestlyonnais.fr\/site\/\",\"name\":\"News Est Lyonnais\",\"description\":\"L&#039;actualit\u00e9 au plus pr\u00e8s\",\"publisher\":{\"@id\":\"https:\/\/newsestlyonnais.fr\/site\/#organization\"},\"potentialAction\":[{\"@type\":\"SearchAction\",\"target\":{\"@type\":\"EntryPoint\",\"urlTemplate\":\"https:\/\/newsestlyonnais.fr\/site\/?s={search_term_string}\"},\"query-input\":{\"@type\":\"PropertyValueSpecification\",\"valueRequired\":true,\"valueName\":\"search_term_string\"}}],\"inLanguage\":\"fr-FR\"},{\"@type\":\"Organization\",\"@id\":\"https:\/\/newsestlyonnais.fr\/site\/#organization\",\"name\":\"News EST LYONNAIS\",\"url\":\"https:\/\/newsestlyonnais.fr\/site\/\",\"logo\":{\"@type\":\"ImageObject\",\"inLanguage\":\"fr-FR\",\"@id\":\"https:\/\/newsestlyonnais.fr\/site\/#\/schema\/logo\/image\/\",\"url\":\"\",\"contentUrl\":\"\",\"caption\":\"News EST LYONNAIS\"},\"image\":{\"@id\":\"https:\/\/newsestlyonnais.fr\/site\/#\/schema\/logo\/image\/\"}},{\"@type\":\"Person\",\"@id\":\"https:\/\/newsestlyonnais.fr\/site\/#\/schema\/person\/3230d5615f390bb808365d673001e887\",\"name\":\"R\u00e9dac. NEWS\",\"sameAs\":[\"http:\/\/www.newsestlyonnais.fr\",\"https:\/\/www.facebook.com\/pascal.oberson.1?fref=ts\",\"https:\/\/fr.linkedin.com\/in\/pascal-oberson-b17045113\"],\"url\":\"https:\/\/newsestlyonnais.fr\/site\/author\/nel\/\"}]}<\/script>\n<!-- \/ Yoast SEO plugin. -->","yoast_head_json":{"title":"LYON: Les joueurs du Lyon M\u00e9tropole Handibasket accueillent Meylan en leaders de la poule !","description":"LYON: Les joueurs du Lyon M\u00e9tropole Handibasket accueillent Meylan en leaders de la poule !","robots":{"index":"index","follow":"follow","max-snippet":"max-snippet:-1","max-image-preview":"max-image-preview:large","max-video-preview":"max-video-preview:-1"},"canonical":"https:\/\/newsestlyonnais.fr\/site\/2016\/11\/18\/lyon-metropole-handibasket-accueille-meylan-en-leader-de-la-po\/","og_locale":"fr_FR","og_type":"article","og_title":"LYON: Les joueurs du Lyon M\u00e9tropole Handibasket accueillent Meylan en leaders de la poule !","og_description":"LYON: Les joueurs du Lyon M\u00e9tropole Handibasket accueillent Meylan en leaders de la poule !","og_url":"https:\/\/newsestlyonnais.fr\/site\/2016\/11\/18\/lyon-metropole-handibasket-accueille-meylan-en-leader-de-la-po\/","og_site_name":"News Est Lyonnais","article_author":"https:\/\/www.facebook.com\/pascal.oberson.1?fref=ts","article_published_time":"2016-11-18T14:40:33+00:00","article_modified_time":"2020-10-27T15:31:42+00:00","og_image":[{"width":1000,"height":750,"url":"https:\/\/i0.wp.com\/newsestlyonnais.fr\/site\/wp-content\/uploads\/2016\/11\/NEWSESTLYONNAIS-Affiche-Meylan.png?fit=1000%2C750&ssl=1","type":"image\/png"}],"author":"R\u00e9dac. NEWS","twitter_card":"summary_large_image","twitter_misc":{"\u00c9crit par":"R\u00e9dac. NEWS"},"schema":{"@context":"https:\/\/schema.org","@graph":[{"@type":"Article","@id":"https:\/\/newsestlyonnais.fr\/site\/2016\/11\/18\/lyon-metropole-handibasket-accueille-meylan-en-leader-de-la-po\/#article","isPartOf":{"@id":"https:\/\/newsestlyonnais.fr\/site\/2016\/11\/18\/lyon-metropole-handibasket-accueille-meylan-en-leader-de-la-po\/"},"author":{"name":"R\u00e9dac. NEWS","@id":"https:\/\/newsestlyonnais.fr\/site\/#\/schema\/person\/3230d5615f390bb808365d673001e887"},"headline":"LYON M\u00e9tropole Handibasket accueille Meylan en leader de la poule","datePublished":"2016-11-18T14:40:33+00:00","dateModified":"2020-10-27T15:31:42+00:00","mainEntityOfPage":{"@id":"https:\/\/newsestlyonnais.fr\/site\/2016\/11\/18\/lyon-metropole-handibasket-accueille-meylan-en-leader-de-la-po\/"},"wordCount":105,"commentCount":0,"publisher":{"@id":"https:\/\/newsestlyonnais.fr\/site\/#organization"},"image":{"@id":"https:\/\/newsestlyonnais.fr\/site\/2016\/11\/18\/lyon-metropole-handibasket-accueille-meylan-en-leader-de-la-po\/#primaryimage"},"thumbnailUrl":"https:\/\/newsestlyonnais.fr\/site\/wp-content\/uploads\/2016\/11\/NEWSESTLYONNAIS-Affiche-Meylan.png","articleSection":["Basket","Basket | Hand | Volley","Divers Sports","Handi &amp; adapt\u00e9","Lyon"],"inLanguage":"fr-FR","potentialAction":[{"@type":"CommentAction","name":"Comment","target":["https:\/\/newsestlyonnais.fr\/site\/2016\/11\/18\/lyon-metropole-handibasket-accueille-meylan-en-leader-de-la-po\/#respond"]}]},{"@type":"WebPage","@id":"https:\/\/newsestlyonnais.fr\/site\/2016\/11\/18\/lyon-metropole-handibasket-accueille-meylan-en-leader-de-la-po\/","url":"https:\/\/newsestlyonnais.fr\/site\/2016\/11\/18\/lyon-metropole-handibasket-accueille-meylan-en-leader-de-la-po\/","name":"LYON: Les joueurs du Lyon M\u00e9tropole Handibasket accueillent Meylan en leaders de la poule !","isPartOf":{"@id":"https:\/\/newsestlyonnais.fr\/site\/#website"},"primaryImageOfPage":{"@id":"https:\/\/newsestlyonnais.fr\/site\/2016\/11\/18\/lyon-metropole-handibasket-accueille-meylan-en-leader-de-la-po\/#primaryimage"},"image":{"@id":"https:\/\/newsestlyonnais.fr\/site\/2016\/11\/18\/lyon-metropole-handibasket-accueille-meylan-en-leader-de-la-po\/#primaryimage"},"thumbnailUrl":"https:\/\/newsestlyonnais.fr\/site\/wp-content\/uploads\/2016\/11\/NEWSESTLYONNAIS-Affiche-Meylan.png","datePublished":"2016-11-18T14:40:33+00:00","dateModified":"2020-10-27T15:31:42+00:00","description":"LYON: Les joueurs du Lyon M\u00e9tropole Handibasket accueillent Meylan en leaders de la poule !","breadcrumb":{"@id":"https:\/\/newsestlyonnais.fr\/site\/2016\/11\/18\/lyon-metropole-handibasket-accueille-meylan-en-leader-de-la-po\/#breadcrumb"},"inLanguage":"fr-FR","potentialAction":[{"@type":"ReadAction","target":["https:\/\/newsestlyonnais.fr\/site\/2016\/11\/18\/lyon-metropole-handibasket-accueille-meylan-en-leader-de-la-po\/"]}]},{"@type":"ImageObject","inLanguage":"fr-FR","@id":"https:\/\/newsestlyonnais.fr\/site\/2016\/11\/18\/lyon-metropole-handibasket-accueille-meylan-en-leader-de-la-po\/#primaryimage","url":"https:\/\/newsestlyonnais.fr\/site\/wp-content\/uploads\/2016\/11\/NEWSESTLYONNAIS-Affiche-Meylan.png","contentUrl":"https:\/\/newsestlyonnais.fr\/site\/wp-content\/uploads\/2016\/11\/NEWSESTLYONNAIS-Affiche-Meylan.png","width":1000,"height":750},{"@type":"BreadcrumbList","@id":"https:\/\/newsestlyonnais.fr\/site\/2016\/11\/18\/lyon-metropole-handibasket-accueille-meylan-en-leader-de-la-po\/#breadcrumb","itemListElement":[{"@type":"ListItem","position":1,"name":"Accueil","item":"https:\/\/newsestlyonnais.fr\/site\/"},{"@type":"ListItem","position":2,"name":"LYON M\u00e9tropole Handibasket accueille Meylan en leader de la poule"}]},{"@type":"WebSite","@id":"https:\/\/newsestlyonnais.fr\/site\/#website","url":"https:\/\/newsestlyonnais.fr\/site\/","name":"News Est Lyonnais","description":"L&#039;actualit\u00e9 au plus pr\u00e8s","publisher":{"@id":"https:\/\/newsestlyonnais.fr\/site\/#organization"},"potentialAction":[{"@type":"SearchAction","target":{"@type":"EntryPoint","urlTemplate":"https:\/\/newsestlyonnais.fr\/site\/?s={search_term_string}"},"query-input":{"@type":"PropertyValueSpecification","valueRequired":true,"valueName":"search_term_string"}}],"inLanguage":"fr-FR"},{"@type":"Organization","@id":"https:\/\/newsestlyonnais.fr\/site\/#organization","name":"News EST LYONNAIS","url":"https:\/\/newsestlyonnais.fr\/site\/","logo":{"@type":"ImageObject","inLanguage":"fr-FR","@id":"https:\/\/newsestlyonnais.fr\/site\/#\/schema\/logo\/image\/","url":"","contentUrl":"","caption":"News EST LYONNAIS"},"image":{"@id":"https:\/\/newsestlyonnais.fr\/site\/#\/schema\/logo\/image\/"}},{"@type":"Person","@id":"https:\/\/newsestlyonnais.fr\/site\/#\/schema\/person\/3230d5615f390bb808365d673001e887","name":"R\u00e9dac. NEWS","sameAs":["http:\/\/www.newsestlyonnais.fr","https:\/\/www.facebook.com\/pascal.oberson.1?fref=ts","https:\/\/fr.linkedin.com\/in\/pascal-oberson-b17045113"],"url":"https:\/\/newsestlyonnais.fr\/site\/author\/nel\/"}]}},"_links":{"self":[{"href":"https:\/\/newsestlyonnais.fr\/site\/wp-json\/wp\/v2\/posts\/16018","targetHints":{"allow":["GET"]}}],"collection":[{"href":"https:\/\/newsestlyonnais.fr\/site\/wp-json\/wp\/v2\/posts"}],"about":[{"href":"https:\/\/newsestlyonnais.fr\/site\/wp-json\/wp\/v2\/types\/post"}],"author":[{"embeddable":true,"href":"https:\/\/newsestlyonnais.fr\/site\/wp-json\/wp\/v2\/users\/4"}],"replies":[{"embeddable":true,"href":"https:\/\/newsestlyonnais.fr\/site\/wp-json\/wp\/v2\/comments?post=16018"}],"version-history":[{"count":0,"href":"https:\/\/newsestlyonnais.fr\/site\/wp-json\/wp\/v2\/posts\/16018\/revisions"}],"wp:featuredmedia":[{"embeddable":true,"href":"https:\/\/newsestlyonnais.fr\/site\/wp-json\/wp\/v2\/media\/15966"}],"wp:attachment":[{"href":"https:\/\/newsestlyonnais.fr\/site\/wp-json\/wp\/v2\/media?parent=16018"}],"wp:term":[{"taxonomy":"category","embeddable":true,"href":"https:\/\/newsestlyonnais.fr\/site\/wp-json\/wp\/v2\/categories?post=16018"},{"taxonomy":"post_tag","embeddable":true,"href":"https:\/\/newsestlyonnais.fr\/site\/wp-json\/wp\/v2\/tags?post=16018"}],"curies":[{"name":"wp","href":"https:\/\/api.w.org\/{rel}","templated":true}]}}