{"id":16040,"date":"2016-11-19T08:28:47","date_gmt":"2016-11-19T07:28:47","guid":{"rendered":"http:\/\/newsestlyonnais.fr\/site\/?p=16040"},"modified":"2020-11-17T20:45:14","modified_gmt":"2020-11-17T19:45:14","slug":"villeurbanne-faire-week-end-commune-2","status":"publish","type":"post","link":"https:\/\/newsestlyonnais.fr\/site\/2016\/11\/19\/villeurbanne-faire-week-end-commune-2\/","title":{"rendered":"VILLEURBANNE | Que faire ce week-end sur la commune ?"},"content":{"rendered":"<h4>En ce 3\u00b0 week-end de novembre, les \u00e9v\u00e8nements seront encore nombreux sur la commune, \u00e0 savoir:<\/h4>\n<ul>\n<li><strong>Du vendredi 18 au dimanche 27 novembre<\/strong>:\u00a0 <span style=\"text-decoration: underline\">37\u00b0 festival du film court de Villeurbanne<\/span> : Au programme de ce festival, organis\u00e9 du 18 au 27 novembre : des courts-m\u00e9trages \u00e0 foison, r\u00e9alis\u00e9s dans toute l\u2019Europe, \u00e0 d\u00e9couvrir au Zola, mais aussi \u00e0 la <span style=\"text-decoration: underline\">Maison du livre de l\u2019image et du son, \u00e0 l\u2019Institut d\u2019art contemporain ou au Th\u00e9\u00e2tre Astr\u00e9e.<\/span><\/li>\n<li><strong>Du vendredi 18 au vendredi 25 novembre<\/strong>: au <span style=\"text-decoration: underline\">th\u00e9\u00e2tre de l&rsquo;Iris: <\/span><strong>\u00ab\u00a0La peau d&rsquo;Elisa\u00a0\u00bb de Carole Fr\u00e9chette<\/strong>Une femme, assise devant nous, raconte d&rsquo;intimes et intenses histoires d&rsquo;amour et de rencontres. Une pi\u00e8ce limpide et po\u00e9tique de Carole Fr\u00e9chette.<span style=\"text-decoration: underline\"><br \/>\n<\/span><\/li>\n<li><strong>Du vendredi 18 novembre au samedi 3 d\u00e9cembre<\/strong>: <span style=\"text-decoration: underline\">Festival Les Guitares<\/span>: Des compositeurs et guitaristes venus du monde entier vont se succ\u00e9der \u00e0 l\u2019<span style=\"text-decoration: underline\">Espace Tonkin, \u00e0 la m\u00e9diath\u00e8que du Tonkin ou encore au th\u00e9\u00e2tre Astr\u00e9e<\/span> \u00e0 l&rsquo;occasion de la 28e \u00e9dition du festival \u00ab\u00a0Les Guitares\u00a0\u00bb.<\/li>\n<li><em><strong>Samedi 19 novembre \u00e0 20 h 45 <\/strong><span style=\"text-decoration: underline\">\u00e0 l&rsquo;Astroballe<\/span><strong>:<\/strong> Match de basket: ASVEL \/ Paris-Levallois pour la 9e journ\u00e9e de Pro A.<strong><br \/>\n<\/strong><\/em><\/li>\n<li><strong>Dimanche 20 novembre 2016:<\/strong> \u00e0 15 heures au <span style=\"text-decoration: underline\">Centre Culturel et de la Vie Associative: Concert du T\u00e9l\u00e9thon: <\/span>Organis\u00e9 par le collectif T\u00e9l\u00e9thon Cyprian &#8211; Les Brosses avec les chorales Les Poloniums et Les Verdurons et l&rsquo;harmonie La Glaneuse de Bron.<\/li>\n<\/ul>\n<p>Source: Mairie de Villeurbanne<\/p>\n<ul>\n<li>Plus d&rsquo;infos sur: <a href=\"http:\/\/www.villeurbanne.fr\" target=\"_blank\" rel=\"noopener noreferrer\">http:\/\/www.villeurbanne.fr<\/a><\/li>\n<\/ul>\n","protected":false},"excerpt":{"rendered":"<p>En ce 3\u00b0 week-end de novembre, les \u00e9v\u00e8nements seront encore nombreux sur la commune, \u00e0 savoir: Du vendredi 18 au dimanche 27 novembre:\u00a0 37\u00b0 festival du film court de Villeurbanne : Au programme de ce festival, organis\u00e9 du 18 au 27 novembre : des courts-m\u00e9trages \u00e0 foison, r\u00e9alis\u00e9s dans toute l\u2019Europe, \u00e0 d\u00e9couvrir au Zola, [&hellip;]<\/p>\n","protected":false},"author":4,"featured_media":12277,"comment_status":"open","ping_status":"open","sticky":false,"template":"","format":"standard","meta":{"footnotes":""},"categories":[787,29],"tags":[],"class_list":["post-16040","post","type-post","status-publish","format-standard","has-post-thumbnail","hentry","category-ptites-news","category-villeurbanne"],"yoast_head":"<!-- This site is optimized with the Yoast SEO plugin v27.2 - https:\/\/yoast.com\/product\/yoast-seo-wordpress\/ -->\n<title>VILLEURBANNE | Que faire ce week-end sur la commune ? - News Est Lyonnais<\/title>\n<meta name=\"robots\" content=\"index, follow, max-snippet:-1, max-image-preview:large, max-video-preview:-1\" \/>\n<link rel=\"canonical\" href=\"https:\/\/newsestlyonnais.fr\/site\/2016\/11\/19\/villeurbanne-faire-week-end-commune-2\/\" \/>\n<meta property=\"og:locale\" content=\"fr_FR\" \/>\n<meta property=\"og:type\" content=\"article\" \/>\n<meta property=\"og:title\" content=\"VILLEURBANNE | Que faire ce week-end sur la commune ? - News Est Lyonnais\" \/>\n<meta property=\"og:description\" content=\"En ce 3\u00b0 week-end de novembre, les \u00e9v\u00e8nements seront encore nombreux sur la commune, \u00e0 savoir: Du vendredi 18 au dimanche 27 novembre:\u00a0 37\u00b0 festival du film court de Villeurbanne : Au programme de ce festival, organis\u00e9 du 18 au 27 novembre : des courts-m\u00e9trages \u00e0 foison, r\u00e9alis\u00e9s dans toute l\u2019Europe, \u00e0 d\u00e9couvrir au Zola, [&hellip;]\" \/>\n<meta property=\"og:url\" content=\"https:\/\/newsestlyonnais.fr\/site\/2016\/11\/19\/villeurbanne-faire-week-end-commune-2\/\" \/>\n<meta property=\"og:site_name\" content=\"News Est Lyonnais\" \/>\n<meta property=\"article:author\" content=\"https:\/\/www.facebook.com\/pascal.oberson.1?fref=ts\" \/>\n<meta property=\"article:published_time\" content=\"2016-11-19T07:28:47+00:00\" \/>\n<meta property=\"article:modified_time\" content=\"2020-11-17T19:45:14+00:00\" \/>\n<meta property=\"og:image\" content=\"https:\/\/i0.wp.com\/newsestlyonnais.fr\/site\/wp-content\/uploads\/2016\/09\/NEWSESTLYONNAIS-PANNEAUVILLEURBANNE.jpg?fit=1000%2C750&ssl=1\" \/>\n\t<meta property=\"og:image:width\" content=\"1000\" \/>\n\t<meta property=\"og:image:height\" content=\"750\" \/>\n\t<meta property=\"og:image:type\" content=\"image\/jpeg\" \/>\n<meta name=\"author\" content=\"R\u00e9dac. NEWS\" \/>\n<meta name=\"twitter:card\" content=\"summary_large_image\" \/>\n<meta name=\"twitter:label1\" content=\"\u00c9crit par\" \/>\n\t<meta name=\"twitter:data1\" content=\"R\u00e9dac. NEWS\" \/>\n\t<meta name=\"twitter:label2\" content=\"Dur\u00e9e de lecture estim\u00e9e\" \/>\n\t<meta name=\"twitter:data2\" content=\"1 minute\" \/>\n<script type=\"application\/ld+json\" class=\"yoast-schema-graph\">{\"@context\":\"https:\/\/schema.org\",\"@graph\":[{\"@type\":\"Article\",\"@id\":\"https:\/\/newsestlyonnais.fr\/site\/2016\/11\/19\/villeurbanne-faire-week-end-commune-2\/#article\",\"isPartOf\":{\"@id\":\"https:\/\/newsestlyonnais.fr\/site\/2016\/11\/19\/villeurbanne-faire-week-end-commune-2\/\"},\"author\":{\"name\":\"R\u00e9dac. NEWS\",\"@id\":\"https:\/\/newsestlyonnais.fr\/site\/#\/schema\/person\/3230d5615f390bb808365d673001e887\"},\"headline\":\"VILLEURBANNE | Que faire ce week-end sur la commune ?\",\"datePublished\":\"2016-11-19T07:28:47+00:00\",\"dateModified\":\"2020-11-17T19:45:14+00:00\",\"mainEntityOfPage\":{\"@id\":\"https:\/\/newsestlyonnais.fr\/site\/2016\/11\/19\/villeurbanne-faire-week-end-commune-2\/\"},\"wordCount\":246,\"commentCount\":0,\"publisher\":{\"@id\":\"https:\/\/newsestlyonnais.fr\/site\/#organization\"},\"image\":{\"@id\":\"https:\/\/newsestlyonnais.fr\/site\/2016\/11\/19\/villeurbanne-faire-week-end-commune-2\/#primaryimage\"},\"thumbnailUrl\":\"https:\/\/newsestlyonnais.fr\/site\/wp-content\/uploads\/2016\/09\/NEWSESTLYONNAIS-PANNEAUVILLEURBANNE.jpg\",\"articleSection\":[\"P'tites News\",\"Villeurbanne\"],\"inLanguage\":\"fr-FR\",\"potentialAction\":[{\"@type\":\"CommentAction\",\"name\":\"Comment\",\"target\":[\"https:\/\/newsestlyonnais.fr\/site\/2016\/11\/19\/villeurbanne-faire-week-end-commune-2\/#respond\"]}]},{\"@type\":\"WebPage\",\"@id\":\"https:\/\/newsestlyonnais.fr\/site\/2016\/11\/19\/villeurbanne-faire-week-end-commune-2\/\",\"url\":\"https:\/\/newsestlyonnais.fr\/site\/2016\/11\/19\/villeurbanne-faire-week-end-commune-2\/\",\"name\":\"VILLEURBANNE | Que faire ce week-end sur la commune ? - News Est Lyonnais\",\"isPartOf\":{\"@id\":\"https:\/\/newsestlyonnais.fr\/site\/#website\"},\"primaryImageOfPage\":{\"@id\":\"https:\/\/newsestlyonnais.fr\/site\/2016\/11\/19\/villeurbanne-faire-week-end-commune-2\/#primaryimage\"},\"image\":{\"@id\":\"https:\/\/newsestlyonnais.fr\/site\/2016\/11\/19\/villeurbanne-faire-week-end-commune-2\/#primaryimage\"},\"thumbnailUrl\":\"https:\/\/newsestlyonnais.fr\/site\/wp-content\/uploads\/2016\/09\/NEWSESTLYONNAIS-PANNEAUVILLEURBANNE.jpg\",\"datePublished\":\"2016-11-19T07:28:47+00:00\",\"dateModified\":\"2020-11-17T19:45:14+00:00\",\"breadcrumb\":{\"@id\":\"https:\/\/newsestlyonnais.fr\/site\/2016\/11\/19\/villeurbanne-faire-week-end-commune-2\/#breadcrumb\"},\"inLanguage\":\"fr-FR\",\"potentialAction\":[{\"@type\":\"ReadAction\",\"target\":[\"https:\/\/newsestlyonnais.fr\/site\/2016\/11\/19\/villeurbanne-faire-week-end-commune-2\/\"]}]},{\"@type\":\"ImageObject\",\"inLanguage\":\"fr-FR\",\"@id\":\"https:\/\/newsestlyonnais.fr\/site\/2016\/11\/19\/villeurbanne-faire-week-end-commune-2\/#primaryimage\",\"url\":\"https:\/\/newsestlyonnais.fr\/site\/wp-content\/uploads\/2016\/09\/NEWSESTLYONNAIS-PANNEAUVILLEURBANNE.jpg\",\"contentUrl\":\"https:\/\/newsestlyonnais.fr\/site\/wp-content\/uploads\/2016\/09\/NEWSESTLYONNAIS-PANNEAUVILLEURBANNE.jpg\",\"width\":1000,\"height\":750,\"caption\":\"newsestlyonnais-panneauvilleurbanne\"},{\"@type\":\"BreadcrumbList\",\"@id\":\"https:\/\/newsestlyonnais.fr\/site\/2016\/11\/19\/villeurbanne-faire-week-end-commune-2\/#breadcrumb\",\"itemListElement\":[{\"@type\":\"ListItem\",\"position\":1,\"name\":\"Accueil\",\"item\":\"https:\/\/newsestlyonnais.fr\/site\/\"},{\"@type\":\"ListItem\",\"position\":2,\"name\":\"VILLEURBANNE | Que faire ce week-end sur la commune ?\"}]},{\"@type\":\"WebSite\",\"@id\":\"https:\/\/newsestlyonnais.fr\/site\/#website\",\"url\":\"https:\/\/newsestlyonnais.fr\/site\/\",\"name\":\"News Est Lyonnais\",\"description\":\"L&#039;actualit\u00e9 au plus pr\u00e8s\",\"publisher\":{\"@id\":\"https:\/\/newsestlyonnais.fr\/site\/#organization\"},\"potentialAction\":[{\"@type\":\"SearchAction\",\"target\":{\"@type\":\"EntryPoint\",\"urlTemplate\":\"https:\/\/newsestlyonnais.fr\/site\/?s={search_term_string}\"},\"query-input\":{\"@type\":\"PropertyValueSpecification\",\"valueRequired\":true,\"valueName\":\"search_term_string\"}}],\"inLanguage\":\"fr-FR\"},{\"@type\":\"Organization\",\"@id\":\"https:\/\/newsestlyonnais.fr\/site\/#organization\",\"name\":\"News EST LYONNAIS\",\"url\":\"https:\/\/newsestlyonnais.fr\/site\/\",\"logo\":{\"@type\":\"ImageObject\",\"inLanguage\":\"fr-FR\",\"@id\":\"https:\/\/newsestlyonnais.fr\/site\/#\/schema\/logo\/image\/\",\"url\":\"\",\"contentUrl\":\"\",\"caption\":\"News EST LYONNAIS\"},\"image\":{\"@id\":\"https:\/\/newsestlyonnais.fr\/site\/#\/schema\/logo\/image\/\"}},{\"@type\":\"Person\",\"@id\":\"https:\/\/newsestlyonnais.fr\/site\/#\/schema\/person\/3230d5615f390bb808365d673001e887\",\"name\":\"R\u00e9dac. NEWS\",\"sameAs\":[\"http:\/\/www.newsestlyonnais.fr\",\"https:\/\/www.facebook.com\/pascal.oberson.1?fref=ts\",\"https:\/\/fr.linkedin.com\/in\/pascal-oberson-b17045113\"],\"url\":\"https:\/\/newsestlyonnais.fr\/site\/author\/nel\/\"}]}<\/script>\n<!-- \/ Yoast SEO plugin. -->","yoast_head_json":{"title":"VILLEURBANNE | Que faire ce week-end sur la commune ? - News Est Lyonnais","robots":{"index":"index","follow":"follow","max-snippet":"max-snippet:-1","max-image-preview":"max-image-preview:large","max-video-preview":"max-video-preview:-1"},"canonical":"https:\/\/newsestlyonnais.fr\/site\/2016\/11\/19\/villeurbanne-faire-week-end-commune-2\/","og_locale":"fr_FR","og_type":"article","og_title":"VILLEURBANNE | Que faire ce week-end sur la commune ? - News Est Lyonnais","og_description":"En ce 3\u00b0 week-end de novembre, les \u00e9v\u00e8nements seront encore nombreux sur la commune, \u00e0 savoir: Du vendredi 18 au dimanche 27 novembre:\u00a0 37\u00b0 festival du film court de Villeurbanne : Au programme de ce festival, organis\u00e9 du 18 au 27 novembre : des courts-m\u00e9trages \u00e0 foison, r\u00e9alis\u00e9s dans toute l\u2019Europe, \u00e0 d\u00e9couvrir au Zola, [&hellip;]","og_url":"https:\/\/newsestlyonnais.fr\/site\/2016\/11\/19\/villeurbanne-faire-week-end-commune-2\/","og_site_name":"News Est Lyonnais","article_author":"https:\/\/www.facebook.com\/pascal.oberson.1?fref=ts","article_published_time":"2016-11-19T07:28:47+00:00","article_modified_time":"2020-11-17T19:45:14+00:00","og_image":[{"width":1000,"height":750,"url":"https:\/\/i0.wp.com\/newsestlyonnais.fr\/site\/wp-content\/uploads\/2016\/09\/NEWSESTLYONNAIS-PANNEAUVILLEURBANNE.jpg?fit=1000%2C750&ssl=1","type":"image\/jpeg"}],"author":"R\u00e9dac. NEWS","twitter_card":"summary_large_image","twitter_misc":{"\u00c9crit par":"R\u00e9dac. NEWS","Dur\u00e9e de lecture estim\u00e9e":"1 minute"},"schema":{"@context":"https:\/\/schema.org","@graph":[{"@type":"Article","@id":"https:\/\/newsestlyonnais.fr\/site\/2016\/11\/19\/villeurbanne-faire-week-end-commune-2\/#article","isPartOf":{"@id":"https:\/\/newsestlyonnais.fr\/site\/2016\/11\/19\/villeurbanne-faire-week-end-commune-2\/"},"author":{"name":"R\u00e9dac. NEWS","@id":"https:\/\/newsestlyonnais.fr\/site\/#\/schema\/person\/3230d5615f390bb808365d673001e887"},"headline":"VILLEURBANNE | Que faire ce week-end sur la commune ?","datePublished":"2016-11-19T07:28:47+00:00","dateModified":"2020-11-17T19:45:14+00:00","mainEntityOfPage":{"@id":"https:\/\/newsestlyonnais.fr\/site\/2016\/11\/19\/villeurbanne-faire-week-end-commune-2\/"},"wordCount":246,"commentCount":0,"publisher":{"@id":"https:\/\/newsestlyonnais.fr\/site\/#organization"},"image":{"@id":"https:\/\/newsestlyonnais.fr\/site\/2016\/11\/19\/villeurbanne-faire-week-end-commune-2\/#primaryimage"},"thumbnailUrl":"https:\/\/newsestlyonnais.fr\/site\/wp-content\/uploads\/2016\/09\/NEWSESTLYONNAIS-PANNEAUVILLEURBANNE.jpg","articleSection":["P'tites News","Villeurbanne"],"inLanguage":"fr-FR","potentialAction":[{"@type":"CommentAction","name":"Comment","target":["https:\/\/newsestlyonnais.fr\/site\/2016\/11\/19\/villeurbanne-faire-week-end-commune-2\/#respond"]}]},{"@type":"WebPage","@id":"https:\/\/newsestlyonnais.fr\/site\/2016\/11\/19\/villeurbanne-faire-week-end-commune-2\/","url":"https:\/\/newsestlyonnais.fr\/site\/2016\/11\/19\/villeurbanne-faire-week-end-commune-2\/","name":"VILLEURBANNE | Que faire ce week-end sur la commune ? - News Est Lyonnais","isPartOf":{"@id":"https:\/\/newsestlyonnais.fr\/site\/#website"},"primaryImageOfPage":{"@id":"https:\/\/newsestlyonnais.fr\/site\/2016\/11\/19\/villeurbanne-faire-week-end-commune-2\/#primaryimage"},"image":{"@id":"https:\/\/newsestlyonnais.fr\/site\/2016\/11\/19\/villeurbanne-faire-week-end-commune-2\/#primaryimage"},"thumbnailUrl":"https:\/\/newsestlyonnais.fr\/site\/wp-content\/uploads\/2016\/09\/NEWSESTLYONNAIS-PANNEAUVILLEURBANNE.jpg","datePublished":"2016-11-19T07:28:47+00:00","dateModified":"2020-11-17T19:45:14+00:00","breadcrumb":{"@id":"https:\/\/newsestlyonnais.fr\/site\/2016\/11\/19\/villeurbanne-faire-week-end-commune-2\/#breadcrumb"},"inLanguage":"fr-FR","potentialAction":[{"@type":"ReadAction","target":["https:\/\/newsestlyonnais.fr\/site\/2016\/11\/19\/villeurbanne-faire-week-end-commune-2\/"]}]},{"@type":"ImageObject","inLanguage":"fr-FR","@id":"https:\/\/newsestlyonnais.fr\/site\/2016\/11\/19\/villeurbanne-faire-week-end-commune-2\/#primaryimage","url":"https:\/\/newsestlyonnais.fr\/site\/wp-content\/uploads\/2016\/09\/NEWSESTLYONNAIS-PANNEAUVILLEURBANNE.jpg","contentUrl":"https:\/\/newsestlyonnais.fr\/site\/wp-content\/uploads\/2016\/09\/NEWSESTLYONNAIS-PANNEAUVILLEURBANNE.jpg","width":1000,"height":750,"caption":"newsestlyonnais-panneauvilleurbanne"},{"@type":"BreadcrumbList","@id":"https:\/\/newsestlyonnais.fr\/site\/2016\/11\/19\/villeurbanne-faire-week-end-commune-2\/#breadcrumb","itemListElement":[{"@type":"ListItem","position":1,"name":"Accueil","item":"https:\/\/newsestlyonnais.fr\/site\/"},{"@type":"ListItem","position":2,"name":"VILLEURBANNE | Que faire ce week-end sur la commune ?"}]},{"@type":"WebSite","@id":"https:\/\/newsestlyonnais.fr\/site\/#website","url":"https:\/\/newsestlyonnais.fr\/site\/","name":"News Est Lyonnais","description":"L&#039;actualit\u00e9 au plus pr\u00e8s","publisher":{"@id":"https:\/\/newsestlyonnais.fr\/site\/#organization"},"potentialAction":[{"@type":"SearchAction","target":{"@type":"EntryPoint","urlTemplate":"https:\/\/newsestlyonnais.fr\/site\/?s={search_term_string}"},"query-input":{"@type":"PropertyValueSpecification","valueRequired":true,"valueName":"search_term_string"}}],"inLanguage":"fr-FR"},{"@type":"Organization","@id":"https:\/\/newsestlyonnais.fr\/site\/#organization","name":"News EST LYONNAIS","url":"https:\/\/newsestlyonnais.fr\/site\/","logo":{"@type":"ImageObject","inLanguage":"fr-FR","@id":"https:\/\/newsestlyonnais.fr\/site\/#\/schema\/logo\/image\/","url":"","contentUrl":"","caption":"News EST LYONNAIS"},"image":{"@id":"https:\/\/newsestlyonnais.fr\/site\/#\/schema\/logo\/image\/"}},{"@type":"Person","@id":"https:\/\/newsestlyonnais.fr\/site\/#\/schema\/person\/3230d5615f390bb808365d673001e887","name":"R\u00e9dac. NEWS","sameAs":["http:\/\/www.newsestlyonnais.fr","https:\/\/www.facebook.com\/pascal.oberson.1?fref=ts","https:\/\/fr.linkedin.com\/in\/pascal-oberson-b17045113"],"url":"https:\/\/newsestlyonnais.fr\/site\/author\/nel\/"}]}},"_links":{"self":[{"href":"https:\/\/newsestlyonnais.fr\/site\/wp-json\/wp\/v2\/posts\/16040","targetHints":{"allow":["GET"]}}],"collection":[{"href":"https:\/\/newsestlyonnais.fr\/site\/wp-json\/wp\/v2\/posts"}],"about":[{"href":"https:\/\/newsestlyonnais.fr\/site\/wp-json\/wp\/v2\/types\/post"}],"author":[{"embeddable":true,"href":"https:\/\/newsestlyonnais.fr\/site\/wp-json\/wp\/v2\/users\/4"}],"replies":[{"embeddable":true,"href":"https:\/\/newsestlyonnais.fr\/site\/wp-json\/wp\/v2\/comments?post=16040"}],"version-history":[{"count":0,"href":"https:\/\/newsestlyonnais.fr\/site\/wp-json\/wp\/v2\/posts\/16040\/revisions"}],"wp:featuredmedia":[{"embeddable":true,"href":"https:\/\/newsestlyonnais.fr\/site\/wp-json\/wp\/v2\/media\/12277"}],"wp:attachment":[{"href":"https:\/\/newsestlyonnais.fr\/site\/wp-json\/wp\/v2\/media?parent=16040"}],"wp:term":[{"taxonomy":"category","embeddable":true,"href":"https:\/\/newsestlyonnais.fr\/site\/wp-json\/wp\/v2\/categories?post=16040"},{"taxonomy":"post_tag","embeddable":true,"href":"https:\/\/newsestlyonnais.fr\/site\/wp-json\/wp\/v2\/tags?post=16040"}],"curies":[{"name":"wp","href":"https:\/\/api.w.org\/{rel}","templated":true}]}}