{"id":16054,"date":"2016-11-19T17:33:22","date_gmt":"2016-11-19T16:33:22","guid":{"rendered":"http:\/\/newsestlyonnais.fr\/site\/?p=16054"},"modified":"2020-10-30T20:50:24","modified_gmt":"2020-10-30T19:50:24","slug":"genas-117-participants-cyclo-cross-parc-mathan","status":"publish","type":"post","link":"https:\/\/newsestlyonnais.fr\/site\/2016\/11\/19\/genas-117-participants-cyclo-cross-parc-mathan\/","title":{"rendered":"GENAS | 117 participants au cyclo-cross du Parc du Mathan"},"content":{"rendered":"<h4>La 7\u00b0 \u00e9tape du challenge des Forts et Parcs de cyclo-cross, organis\u00e9e par la FSGT 69 s&rsquo;est d\u00e9roul\u00e9e samedi apr\u00e8s-midi sous le soleil au Parc de Mathan de Genas.<\/h4>\n<p>Participation massive avec 32 jeunes et 85 adultes qui ont pris le d\u00e9part des diff\u00e9rentes courses mises en place sur un circuit s\u00e9lectif et un terrain plut\u00f4t sec.<\/p>\n<p>Les classements:<\/p>\n<p><strong>Adultes<\/strong>: <strong><em>Cat\u00e9gorie A<\/em><\/strong>: 1\u00b0<span style=\"text-decoration: underline\"> Sylvain Garde<\/span> (ECO Villeurbanne), 2\u00b0 R\u00e9mi Lambert (EC Duquesne Oullins), 3\u00b0 Khelifa Gamra (EC Duquesne Oullins) <strong><em>F\u00e9minines<\/em><\/strong>: 1\u00b0 <span style=\"text-decoration: underline\">Virginie Souchon-Etienne<\/span> (CC Lagnieu). \u00a0 \u00a0 \u00a0 \u00a0 \u00a0\u00a0<strong><em> Cat\u00e9gorie B<\/em><\/strong>: <span style=\"text-decoration: underline\">1\u00b0 Serge Devun<\/span> (Cyclo Vtt D\u00e9cines), 2\u00b0 Daniel Colantonio (EC Duquesne Oullins), 3\u00b0Fr\u00e9d\u00e9ric Chamerat (VC Brignais)<\/p>\n<p><strong>Cadets<\/strong>: <span style=\"text-decoration: underline\">1\u00b0 Matis Li\u00e8vre<\/span> (VC Corbas), 2\u00b0 Yoann Dufourt (VC Brignais), 3\u00b0 Antoine Peillon (EC Duquesne Oullins). 1\u00e8re: Vanessa Marques (V\u00e9lo Griffon Meyzieu).<\/p>\n<p><strong>Minimes<\/strong>: <span style=\"text-decoration: underline\">1\u00b0 Adriana Torr\u00e8s<\/span> (VC Vaulx en Velin), 2\u00b0 Romain Bonnard Prost (VC Brignais), 3\u00b0 Matthieu Mazzolnei (Corbas). 1\u00e8re: Gladys Miceli (Non licenci\u00e9e)<\/p>\n<p><strong>Benjamins<\/strong>:<span style=\"text-decoration: underline\"> 1\u00b0 Charles Mazzoleni<\/span> (VC Corbas), 2\u00b0 Matheis (VC Vaulx en Velin), 3\u00b0 Felix Kirklar (VC Brignais).\u00a0 1\u00e8re: C\u00e9leste Constantin (VC Vaulx en Velin)<\/p>\n<p><strong>Pupilles<\/strong>: <span style=\"text-decoration: underline\">1\u00b0 Enzo Vavre<\/span> (Non licenci\u00e9), 2\u00b0 Cl\u00e9ment Rolland (Neuville), 3\u00b0 Ugo Maldera (VC Corbas).<\/p>\n<ul>\n<li>R\u00e9sultats \u00e0 retrouver prochainement sur: <a href=\"http:\/\/www.cyclismerhonefsgt.fr\/\" target=\"_blank\" rel=\"noopener noreferrer\">http:\/\/www.cyclismerhonefsgt.fr<\/a><\/li>\n<\/ul>\n<div id='gallery-1' class='gallery galleryid-16054 gallery-columns-3 gallery-size-thumbnail'><figure class='gallery-item'>\n\t\t\t<div class='gallery-icon landscape'>\n\t\t\t\t<a href='https:\/\/newsestlyonnais.fr\/site\/2016\/11\/19\/genas-117-participants-cyclo-cross-parc-mathan\/newsestlyonnais-garde-sylvain\/'><img loading=\"lazy\" decoding=\"async\" width=\"150\" height=\"150\" src=\"https:\/\/newsestlyonnais.fr\/site\/wp-content\/uploads\/2016\/11\/NEWSESTLYONNAIS-GARDE-SYLVAIN-150x150.jpg\" class=\"attachment-thumbnail size-thumbnail\" alt=\"newsestlyonnais-garde-sylvain\" aria-describedby=\"gallery-1-16066\" \/><\/a>\n\t\t\t<\/div>\n\t\t\t\t<figcaption class='wp-caption-text gallery-caption' id='gallery-1-16066'>\n\t\t\t\tSylvain Garde de l&rsquo;ECO Villeurbanne s&rsquo;est impos\u00e9 sur ce circuit tr\u00e8s s\u00e9lectif\n\t\t\t\t<\/figcaption><\/figure><figure class='gallery-item'>\n\t\t\t<div class='gallery-icon landscape'>\n\t\t\t\t<a href='https:\/\/newsestlyonnais.fr\/site\/2016\/11\/19\/genas-117-participants-cyclo-cross-parc-mathan\/newsestlyonnais-cyclogenas\/'><img loading=\"lazy\" decoding=\"async\" width=\"150\" height=\"150\" src=\"https:\/\/newsestlyonnais.fr\/site\/wp-content\/uploads\/2016\/11\/NEWSESTLYONNAIS-CYCLOGENAS-150x150.jpg\" class=\"attachment-thumbnail size-thumbnail\" alt=\"\" aria-describedby=\"gallery-1-16068\" \/><\/a>\n\t\t\t<\/div>\n\t\t\t\t<figcaption class='wp-caption-text gallery-caption' id='gallery-1-16068'>\n\t\t\t\tParticipation massive avec plus d&rsquo;une centaine de cyclos dont 32 enfants\n\t\t\t\t<\/figcaption><\/figure>\n\t\t<\/div>\n\n","protected":false},"excerpt":{"rendered":"<p>La 7\u00b0 \u00e9tape du challenge des Forts et Parcs de cyclo-cross, organis\u00e9e par la FSGT 69 s&rsquo;est d\u00e9roul\u00e9e samedi apr\u00e8s-midi sous le soleil au Parc de Mathan de Genas. Participation massive avec 32 jeunes et 85 adultes qui ont pris le d\u00e9part des diff\u00e9rentes courses mises en place sur un circuit s\u00e9lectif et un terrain [&hellip;]<\/p>\n","protected":false},"author":4,"featured_media":16057,"comment_status":"open","ping_status":"open","sticky":false,"template":"","format":"standard","meta":{"footnotes":""},"categories":[2969,1598],"tags":[],"class_list":["post-16054","post","type-post","status-publish","format-standard","has-post-thumbnail","hentry","category-cyclisme-cyclo-vtt","category-genas"],"yoast_head":"<!-- This site is optimized with the Yoast SEO plugin v27.2 - https:\/\/yoast.com\/product\/yoast-seo-wordpress\/ -->\n<title>GENAS | 117 participants au cyclo-cross du Parc du Mathan - News Est Lyonnais<\/title>\n<meta name=\"robots\" content=\"index, follow, max-snippet:-1, max-image-preview:large, max-video-preview:-1\" \/>\n<link rel=\"canonical\" href=\"https:\/\/newsestlyonnais.fr\/site\/2016\/11\/19\/genas-117-participants-cyclo-cross-parc-mathan\/\" \/>\n<meta property=\"og:locale\" content=\"fr_FR\" \/>\n<meta property=\"og:type\" content=\"article\" \/>\n<meta property=\"og:title\" content=\"GENAS | 117 participants au cyclo-cross du Parc du Mathan - News Est Lyonnais\" \/>\n<meta property=\"og:description\" content=\"La 7\u00b0 \u00e9tape du challenge des Forts et Parcs de cyclo-cross, organis\u00e9e par la FSGT 69 s&rsquo;est d\u00e9roul\u00e9e samedi apr\u00e8s-midi sous le soleil au Parc de Mathan de Genas. Participation massive avec 32 jeunes et 85 adultes qui ont pris le d\u00e9part des diff\u00e9rentes courses mises en place sur un circuit s\u00e9lectif et un terrain [&hellip;]\" \/>\n<meta property=\"og:url\" content=\"https:\/\/newsestlyonnais.fr\/site\/2016\/11\/19\/genas-117-participants-cyclo-cross-parc-mathan\/\" \/>\n<meta property=\"og:site_name\" content=\"News Est Lyonnais\" \/>\n<meta property=\"article:author\" content=\"https:\/\/www.facebook.com\/pascal.oberson.1?fref=ts\" \/>\n<meta property=\"article:published_time\" content=\"2016-11-19T16:33:22+00:00\" \/>\n<meta property=\"article:modified_time\" content=\"2020-10-30T19:50:24+00:00\" \/>\n<meta property=\"og:image\" content=\"https:\/\/i0.wp.com\/newsestlyonnais.fr\/site\/wp-content\/uploads\/2016\/11\/NEWSESTLYONNAIS-DEPARTCYCLO-GENAS.jpg?fit=1000%2C750&ssl=1\" \/>\n\t<meta property=\"og:image:width\" content=\"1000\" \/>\n\t<meta property=\"og:image:height\" content=\"750\" \/>\n\t<meta property=\"og:image:type\" content=\"image\/jpeg\" \/>\n<meta name=\"author\" content=\"R\u00e9dac. NEWS\" \/>\n<meta name=\"twitter:card\" content=\"summary_large_image\" \/>\n<meta name=\"twitter:label1\" content=\"\u00c9crit par\" \/>\n\t<meta name=\"twitter:data1\" content=\"R\u00e9dac. NEWS\" \/>\n\t<meta name=\"twitter:label2\" content=\"Dur\u00e9e de lecture estim\u00e9e\" \/>\n\t<meta name=\"twitter:data2\" content=\"1 minute\" \/>\n<script type=\"application\/ld+json\" class=\"yoast-schema-graph\">{\"@context\":\"https:\/\/schema.org\",\"@graph\":[{\"@type\":\"Article\",\"@id\":\"https:\/\/newsestlyonnais.fr\/site\/2016\/11\/19\/genas-117-participants-cyclo-cross-parc-mathan\/#article\",\"isPartOf\":{\"@id\":\"https:\/\/newsestlyonnais.fr\/site\/2016\/11\/19\/genas-117-participants-cyclo-cross-parc-mathan\/\"},\"author\":{\"name\":\"R\u00e9dac. NEWS\",\"@id\":\"https:\/\/newsestlyonnais.fr\/site\/#\/schema\/person\/3230d5615f390bb808365d673001e887\"},\"headline\":\"GENAS | 117 participants au cyclo-cross du Parc du Mathan\",\"datePublished\":\"2016-11-19T16:33:22+00:00\",\"dateModified\":\"2020-10-30T19:50:24+00:00\",\"mainEntityOfPage\":{\"@id\":\"https:\/\/newsestlyonnais.fr\/site\/2016\/11\/19\/genas-117-participants-cyclo-cross-parc-mathan\/\"},\"wordCount\":209,\"commentCount\":0,\"publisher\":{\"@id\":\"https:\/\/newsestlyonnais.fr\/site\/#organization\"},\"image\":{\"@id\":\"https:\/\/newsestlyonnais.fr\/site\/2016\/11\/19\/genas-117-participants-cyclo-cross-parc-mathan\/#primaryimage\"},\"thumbnailUrl\":\"https:\/\/newsestlyonnais.fr\/site\/wp-content\/uploads\/2016\/11\/NEWSESTLYONNAIS-DEPARTCYCLO-GENAS.jpg\",\"articleSection\":[\"Cyclisme | Cyclo | Vtt\",\"Genas\"],\"inLanguage\":\"fr-FR\",\"potentialAction\":[{\"@type\":\"CommentAction\",\"name\":\"Comment\",\"target\":[\"https:\/\/newsestlyonnais.fr\/site\/2016\/11\/19\/genas-117-participants-cyclo-cross-parc-mathan\/#respond\"]}]},{\"@type\":\"WebPage\",\"@id\":\"https:\/\/newsestlyonnais.fr\/site\/2016\/11\/19\/genas-117-participants-cyclo-cross-parc-mathan\/\",\"url\":\"https:\/\/newsestlyonnais.fr\/site\/2016\/11\/19\/genas-117-participants-cyclo-cross-parc-mathan\/\",\"name\":\"GENAS | 117 participants au cyclo-cross du Parc du Mathan - News Est Lyonnais\",\"isPartOf\":{\"@id\":\"https:\/\/newsestlyonnais.fr\/site\/#website\"},\"primaryImageOfPage\":{\"@id\":\"https:\/\/newsestlyonnais.fr\/site\/2016\/11\/19\/genas-117-participants-cyclo-cross-parc-mathan\/#primaryimage\"},\"image\":{\"@id\":\"https:\/\/newsestlyonnais.fr\/site\/2016\/11\/19\/genas-117-participants-cyclo-cross-parc-mathan\/#primaryimage\"},\"thumbnailUrl\":\"https:\/\/newsestlyonnais.fr\/site\/wp-content\/uploads\/2016\/11\/NEWSESTLYONNAIS-DEPARTCYCLO-GENAS.jpg\",\"datePublished\":\"2016-11-19T16:33:22+00:00\",\"dateModified\":\"2020-10-30T19:50:24+00:00\",\"breadcrumb\":{\"@id\":\"https:\/\/newsestlyonnais.fr\/site\/2016\/11\/19\/genas-117-participants-cyclo-cross-parc-mathan\/#breadcrumb\"},\"inLanguage\":\"fr-FR\",\"potentialAction\":[{\"@type\":\"ReadAction\",\"target\":[\"https:\/\/newsestlyonnais.fr\/site\/2016\/11\/19\/genas-117-participants-cyclo-cross-parc-mathan\/\"]}]},{\"@type\":\"ImageObject\",\"inLanguage\":\"fr-FR\",\"@id\":\"https:\/\/newsestlyonnais.fr\/site\/2016\/11\/19\/genas-117-participants-cyclo-cross-parc-mathan\/#primaryimage\",\"url\":\"https:\/\/newsestlyonnais.fr\/site\/wp-content\/uploads\/2016\/11\/NEWSESTLYONNAIS-DEPARTCYCLO-GENAS.jpg\",\"contentUrl\":\"https:\/\/newsestlyonnais.fr\/site\/wp-content\/uploads\/2016\/11\/NEWSESTLYONNAIS-DEPARTCYCLO-GENAS.jpg\",\"width\":1000,\"height\":750},{\"@type\":\"BreadcrumbList\",\"@id\":\"https:\/\/newsestlyonnais.fr\/site\/2016\/11\/19\/genas-117-participants-cyclo-cross-parc-mathan\/#breadcrumb\",\"itemListElement\":[{\"@type\":\"ListItem\",\"position\":1,\"name\":\"Accueil\",\"item\":\"https:\/\/newsestlyonnais.fr\/site\/\"},{\"@type\":\"ListItem\",\"position\":2,\"name\":\"GENAS | 117 participants au cyclo-cross du Parc du Mathan\"}]},{\"@type\":\"WebSite\",\"@id\":\"https:\/\/newsestlyonnais.fr\/site\/#website\",\"url\":\"https:\/\/newsestlyonnais.fr\/site\/\",\"name\":\"News Est Lyonnais\",\"description\":\"L&#039;actualit\u00e9 au plus pr\u00e8s\",\"publisher\":{\"@id\":\"https:\/\/newsestlyonnais.fr\/site\/#organization\"},\"potentialAction\":[{\"@type\":\"SearchAction\",\"target\":{\"@type\":\"EntryPoint\",\"urlTemplate\":\"https:\/\/newsestlyonnais.fr\/site\/?s={search_term_string}\"},\"query-input\":{\"@type\":\"PropertyValueSpecification\",\"valueRequired\":true,\"valueName\":\"search_term_string\"}}],\"inLanguage\":\"fr-FR\"},{\"@type\":\"Organization\",\"@id\":\"https:\/\/newsestlyonnais.fr\/site\/#organization\",\"name\":\"News EST LYONNAIS\",\"url\":\"https:\/\/newsestlyonnais.fr\/site\/\",\"logo\":{\"@type\":\"ImageObject\",\"inLanguage\":\"fr-FR\",\"@id\":\"https:\/\/newsestlyonnais.fr\/site\/#\/schema\/logo\/image\/\",\"url\":\"\",\"contentUrl\":\"\",\"caption\":\"News EST LYONNAIS\"},\"image\":{\"@id\":\"https:\/\/newsestlyonnais.fr\/site\/#\/schema\/logo\/image\/\"}},{\"@type\":\"Person\",\"@id\":\"https:\/\/newsestlyonnais.fr\/site\/#\/schema\/person\/3230d5615f390bb808365d673001e887\",\"name\":\"R\u00e9dac. NEWS\",\"sameAs\":[\"http:\/\/www.newsestlyonnais.fr\",\"https:\/\/www.facebook.com\/pascal.oberson.1?fref=ts\",\"https:\/\/fr.linkedin.com\/in\/pascal-oberson-b17045113\"],\"url\":\"https:\/\/newsestlyonnais.fr\/site\/author\/nel\/\"}]}<\/script>\n<!-- \/ Yoast SEO plugin. -->","yoast_head_json":{"title":"GENAS | 117 participants au cyclo-cross du Parc du Mathan - News Est Lyonnais","robots":{"index":"index","follow":"follow","max-snippet":"max-snippet:-1","max-image-preview":"max-image-preview:large","max-video-preview":"max-video-preview:-1"},"canonical":"https:\/\/newsestlyonnais.fr\/site\/2016\/11\/19\/genas-117-participants-cyclo-cross-parc-mathan\/","og_locale":"fr_FR","og_type":"article","og_title":"GENAS | 117 participants au cyclo-cross du Parc du Mathan - News Est Lyonnais","og_description":"La 7\u00b0 \u00e9tape du challenge des Forts et Parcs de cyclo-cross, organis\u00e9e par la FSGT 69 s&rsquo;est d\u00e9roul\u00e9e samedi apr\u00e8s-midi sous le soleil au Parc de Mathan de Genas. Participation massive avec 32 jeunes et 85 adultes qui ont pris le d\u00e9part des diff\u00e9rentes courses mises en place sur un circuit s\u00e9lectif et un terrain [&hellip;]","og_url":"https:\/\/newsestlyonnais.fr\/site\/2016\/11\/19\/genas-117-participants-cyclo-cross-parc-mathan\/","og_site_name":"News Est Lyonnais","article_author":"https:\/\/www.facebook.com\/pascal.oberson.1?fref=ts","article_published_time":"2016-11-19T16:33:22+00:00","article_modified_time":"2020-10-30T19:50:24+00:00","og_image":[{"width":1000,"height":750,"url":"https:\/\/i0.wp.com\/newsestlyonnais.fr\/site\/wp-content\/uploads\/2016\/11\/NEWSESTLYONNAIS-DEPARTCYCLO-GENAS.jpg?fit=1000%2C750&ssl=1","type":"image\/jpeg"}],"author":"R\u00e9dac. NEWS","twitter_card":"summary_large_image","twitter_misc":{"\u00c9crit par":"R\u00e9dac. NEWS","Dur\u00e9e de lecture estim\u00e9e":"1 minute"},"schema":{"@context":"https:\/\/schema.org","@graph":[{"@type":"Article","@id":"https:\/\/newsestlyonnais.fr\/site\/2016\/11\/19\/genas-117-participants-cyclo-cross-parc-mathan\/#article","isPartOf":{"@id":"https:\/\/newsestlyonnais.fr\/site\/2016\/11\/19\/genas-117-participants-cyclo-cross-parc-mathan\/"},"author":{"name":"R\u00e9dac. NEWS","@id":"https:\/\/newsestlyonnais.fr\/site\/#\/schema\/person\/3230d5615f390bb808365d673001e887"},"headline":"GENAS | 117 participants au cyclo-cross du Parc du Mathan","datePublished":"2016-11-19T16:33:22+00:00","dateModified":"2020-10-30T19:50:24+00:00","mainEntityOfPage":{"@id":"https:\/\/newsestlyonnais.fr\/site\/2016\/11\/19\/genas-117-participants-cyclo-cross-parc-mathan\/"},"wordCount":209,"commentCount":0,"publisher":{"@id":"https:\/\/newsestlyonnais.fr\/site\/#organization"},"image":{"@id":"https:\/\/newsestlyonnais.fr\/site\/2016\/11\/19\/genas-117-participants-cyclo-cross-parc-mathan\/#primaryimage"},"thumbnailUrl":"https:\/\/newsestlyonnais.fr\/site\/wp-content\/uploads\/2016\/11\/NEWSESTLYONNAIS-DEPARTCYCLO-GENAS.jpg","articleSection":["Cyclisme | Cyclo | Vtt","Genas"],"inLanguage":"fr-FR","potentialAction":[{"@type":"CommentAction","name":"Comment","target":["https:\/\/newsestlyonnais.fr\/site\/2016\/11\/19\/genas-117-participants-cyclo-cross-parc-mathan\/#respond"]}]},{"@type":"WebPage","@id":"https:\/\/newsestlyonnais.fr\/site\/2016\/11\/19\/genas-117-participants-cyclo-cross-parc-mathan\/","url":"https:\/\/newsestlyonnais.fr\/site\/2016\/11\/19\/genas-117-participants-cyclo-cross-parc-mathan\/","name":"GENAS | 117 participants au cyclo-cross du Parc du Mathan - News Est Lyonnais","isPartOf":{"@id":"https:\/\/newsestlyonnais.fr\/site\/#website"},"primaryImageOfPage":{"@id":"https:\/\/newsestlyonnais.fr\/site\/2016\/11\/19\/genas-117-participants-cyclo-cross-parc-mathan\/#primaryimage"},"image":{"@id":"https:\/\/newsestlyonnais.fr\/site\/2016\/11\/19\/genas-117-participants-cyclo-cross-parc-mathan\/#primaryimage"},"thumbnailUrl":"https:\/\/newsestlyonnais.fr\/site\/wp-content\/uploads\/2016\/11\/NEWSESTLYONNAIS-DEPARTCYCLO-GENAS.jpg","datePublished":"2016-11-19T16:33:22+00:00","dateModified":"2020-10-30T19:50:24+00:00","breadcrumb":{"@id":"https:\/\/newsestlyonnais.fr\/site\/2016\/11\/19\/genas-117-participants-cyclo-cross-parc-mathan\/#breadcrumb"},"inLanguage":"fr-FR","potentialAction":[{"@type":"ReadAction","target":["https:\/\/newsestlyonnais.fr\/site\/2016\/11\/19\/genas-117-participants-cyclo-cross-parc-mathan\/"]}]},{"@type":"ImageObject","inLanguage":"fr-FR","@id":"https:\/\/newsestlyonnais.fr\/site\/2016\/11\/19\/genas-117-participants-cyclo-cross-parc-mathan\/#primaryimage","url":"https:\/\/newsestlyonnais.fr\/site\/wp-content\/uploads\/2016\/11\/NEWSESTLYONNAIS-DEPARTCYCLO-GENAS.jpg","contentUrl":"https:\/\/newsestlyonnais.fr\/site\/wp-content\/uploads\/2016\/11\/NEWSESTLYONNAIS-DEPARTCYCLO-GENAS.jpg","width":1000,"height":750},{"@type":"BreadcrumbList","@id":"https:\/\/newsestlyonnais.fr\/site\/2016\/11\/19\/genas-117-participants-cyclo-cross-parc-mathan\/#breadcrumb","itemListElement":[{"@type":"ListItem","position":1,"name":"Accueil","item":"https:\/\/newsestlyonnais.fr\/site\/"},{"@type":"ListItem","position":2,"name":"GENAS | 117 participants au cyclo-cross du Parc du Mathan"}]},{"@type":"WebSite","@id":"https:\/\/newsestlyonnais.fr\/site\/#website","url":"https:\/\/newsestlyonnais.fr\/site\/","name":"News Est Lyonnais","description":"L&#039;actualit\u00e9 au plus pr\u00e8s","publisher":{"@id":"https:\/\/newsestlyonnais.fr\/site\/#organization"},"potentialAction":[{"@type":"SearchAction","target":{"@type":"EntryPoint","urlTemplate":"https:\/\/newsestlyonnais.fr\/site\/?s={search_term_string}"},"query-input":{"@type":"PropertyValueSpecification","valueRequired":true,"valueName":"search_term_string"}}],"inLanguage":"fr-FR"},{"@type":"Organization","@id":"https:\/\/newsestlyonnais.fr\/site\/#organization","name":"News EST LYONNAIS","url":"https:\/\/newsestlyonnais.fr\/site\/","logo":{"@type":"ImageObject","inLanguage":"fr-FR","@id":"https:\/\/newsestlyonnais.fr\/site\/#\/schema\/logo\/image\/","url":"","contentUrl":"","caption":"News EST LYONNAIS"},"image":{"@id":"https:\/\/newsestlyonnais.fr\/site\/#\/schema\/logo\/image\/"}},{"@type":"Person","@id":"https:\/\/newsestlyonnais.fr\/site\/#\/schema\/person\/3230d5615f390bb808365d673001e887","name":"R\u00e9dac. NEWS","sameAs":["http:\/\/www.newsestlyonnais.fr","https:\/\/www.facebook.com\/pascal.oberson.1?fref=ts","https:\/\/fr.linkedin.com\/in\/pascal-oberson-b17045113"],"url":"https:\/\/newsestlyonnais.fr\/site\/author\/nel\/"}]}},"_links":{"self":[{"href":"https:\/\/newsestlyonnais.fr\/site\/wp-json\/wp\/v2\/posts\/16054","targetHints":{"allow":["GET"]}}],"collection":[{"href":"https:\/\/newsestlyonnais.fr\/site\/wp-json\/wp\/v2\/posts"}],"about":[{"href":"https:\/\/newsestlyonnais.fr\/site\/wp-json\/wp\/v2\/types\/post"}],"author":[{"embeddable":true,"href":"https:\/\/newsestlyonnais.fr\/site\/wp-json\/wp\/v2\/users\/4"}],"replies":[{"embeddable":true,"href":"https:\/\/newsestlyonnais.fr\/site\/wp-json\/wp\/v2\/comments?post=16054"}],"version-history":[{"count":0,"href":"https:\/\/newsestlyonnais.fr\/site\/wp-json\/wp\/v2\/posts\/16054\/revisions"}],"wp:featuredmedia":[{"embeddable":true,"href":"https:\/\/newsestlyonnais.fr\/site\/wp-json\/wp\/v2\/media\/16057"}],"wp:attachment":[{"href":"https:\/\/newsestlyonnais.fr\/site\/wp-json\/wp\/v2\/media?parent=16054"}],"wp:term":[{"taxonomy":"category","embeddable":true,"href":"https:\/\/newsestlyonnais.fr\/site\/wp-json\/wp\/v2\/categories?post=16054"},{"taxonomy":"post_tag","embeddable":true,"href":"https:\/\/newsestlyonnais.fr\/site\/wp-json\/wp\/v2\/tags?post=16054"}],"curies":[{"name":"wp","href":"https:\/\/api.w.org\/{rel}","templated":true}]}}