{"id":16097,"date":"2016-11-20T17:17:33","date_gmt":"2016-11-20T16:17:33","guid":{"rendered":"http:\/\/newsestlyonnais.fr\/site\/?p=16097"},"modified":"2020-11-10T13:59:28","modified_gmt":"2020-11-10T12:59:28","slug":"vaulx-en-velin-boules-lyonnaises-le-memorial-dagier-sacheve-vendredi-soir","status":"publish","type":"post","link":"https:\/\/newsestlyonnais.fr\/site\/2016\/11\/20\/vaulx-en-velin-boules-lyonnaises-le-memorial-dagier-sacheve-vendredi-soir\/","title":{"rendered":"VAULX-EN-VELIN | Boules Lyonnaises > le M\u00e9morial Dagier s\u2019ach\u00e8ve vendredi soir"},"content":{"rendered":"<h4>Les premi\u00e8res parties du m\u00e9morial Dagier (concours de 16 quadrettes 3\u00b0 &amp; 4\u00b0 divisions) se disputaient samedi au boulodrome couvert de Vaulx en Velin devant une belle assistance.<\/h4>\n<p>Belle participation de belles formations r\u00e9gionales: Demia (AVEL), Lardon (Elan de Lyon), Paturel (Corbas), Roche (CBV) et les locaux Valour S. (avec 2 f\u00e9minines dans l\u2019 \u00e9quipe).<\/p>\n<p>Les vaudais ont \u00e9t\u00e9 terrass\u00e9s sur leurs propres terres, puisque sur 6 \u00e9quipes locales, seule la formation de Peyratou (La Merlin) sortait des poules. Un parcours stopp\u00e9 en quarts de finale par Girerd (Ozon)<\/p>\n<p>Les quadrettes de Girerd St. (Ozon) et Paturel M.(Corbas), disputeront la <strong>finale du M\u00e9morial <\/strong><strong>Dagier,vendredi 25 novembre \u00e0 18 heures, au boulodrome de Vaulx en Velin.<\/strong><\/p>\n<p><span style=\"text-decoration: underline\">Les r\u00e9sultats<\/span>:<\/p>\n<ul>\n<li>Perdants 1\/4 finale : Roche A.(CBV), Carteret M. (Paix des Buers), Buatois (Point du Jour), Peyratou (Merlin)<\/li>\n<li>1\/2 finale : <strong>Girerd<\/strong> gagne Giazzoli Y.-Francki A.-Portier JF.-Di Rocco<br \/>\nP.-Ferroud Pattet B \u00e0 2 et <strong>Paturel M.<\/strong> gagne Gaget AL.- D\u2019Adamo M. \u2013 Dancoisne JL. \u2013 Ladreyt S.- Gay L. (Colombier) \u00e0 6<\/li>\n<\/ul>\n<p><strong><em>PHOTO A LA UNE<\/em><\/strong>: Equipe Paturel M. (en bleu clair) &amp; Gaget (en bleu marine)<\/p>\n<figure id=\"attachment_16101\" aria-describedby=\"caption-attachment-16101\" style=\"width: 1000px\" class=\"wp-caption alignleft\"><img loading=\"lazy\" decoding=\"async\" class=\"size-full wp-image-16101\" src=\"https:\/\/newsestlyonnais.fr\/site\/medias\/2016\/11\/NEWSESTLYONNAIS-AUTRES-FNALISTES-DAGIER.jpg\" alt=\"Equipe Giazzoli (en noir) et Girerd (en bleu)\" width=\"1000\" height=\"750\" srcset=\"https:\/\/newsestlyonnais.fr\/site\/wp-content\/uploads\/2016\/11\/NEWSESTLYONNAIS-AUTRES-FNALISTES-DAGIER.jpg 1000w, https:\/\/newsestlyonnais.fr\/site\/wp-content\/uploads\/2016\/11\/NEWSESTLYONNAIS-AUTRES-FNALISTES-DAGIER-400x300.jpg 400w, https:\/\/newsestlyonnais.fr\/site\/wp-content\/uploads\/2016\/11\/NEWSESTLYONNAIS-AUTRES-FNALISTES-DAGIER-768x576.jpg 768w, https:\/\/newsestlyonnais.fr\/site\/wp-content\/uploads\/2016\/11\/NEWSESTLYONNAIS-AUTRES-FNALISTES-DAGIER-600x450.jpg 600w, https:\/\/newsestlyonnais.fr\/site\/wp-content\/uploads\/2016\/11\/NEWSESTLYONNAIS-AUTRES-FNALISTES-DAGIER-100x75.jpg 100w\" sizes=\"auto, (max-width: 1000px) 100vw, 1000px\" \/><figcaption id=\"caption-attachment-16101\" class=\"wp-caption-text\">Equipe Giazzoli (en noir) et Girerd (en bleu)<\/figcaption><\/figure>\n","protected":false},"excerpt":{"rendered":"<p>Les premi\u00e8res parties du m\u00e9morial Dagier (concours de 16 quadrettes 3\u00b0 &amp; 4\u00b0 divisions) se disputaient samedi au boulodrome couvert de Vaulx en Velin devant une belle assistance. Belle participation de belles formations r\u00e9gionales: Demia (AVEL), Lardon (Elan de Lyon), Paturel (Corbas), Roche (CBV) et les locaux Valour S. (avec 2 f\u00e9minines dans l\u2019 \u00e9quipe). [&hellip;]<\/p>\n","protected":false},"author":4,"featured_media":16098,"comment_status":"open","ping_status":"open","sticky":false,"template":"","format":"standard","meta":{"footnotes":""},"categories":[2977,1341,28],"tags":[],"class_list":["post-16097","post","type-post","status-publish","format-standard","has-post-thumbnail","hentry","category-boules-petanque-sports","category-boules-lyonnaises","category-vaulx-en-velin"],"yoast_head":"<!-- This site is optimized with the Yoast SEO plugin v27.2 - https:\/\/yoast.com\/product\/yoast-seo-wordpress\/ -->\n<title>VAULX EN VELIN : Le M\u00e9morial Dagier de Boules Lyonnaises s\u2019ach\u00e8ve vendredi soir<\/title>\n<meta name=\"description\" content=\"VAULX EN VELIN : Le M\u00e9morial Dagier de Boules Lyonnaises s\u2019ach\u00e8ve vendredi soir\" \/>\n<meta name=\"robots\" content=\"index, follow, max-snippet:-1, max-image-preview:large, max-video-preview:-1\" \/>\n<link rel=\"canonical\" href=\"https:\/\/newsestlyonnais.fr\/site\/2016\/11\/20\/vaulx-en-velin-boules-lyonnaises-le-memorial-dagier-sacheve-vendredi-soir\/\" \/>\n<meta property=\"og:locale\" content=\"fr_FR\" \/>\n<meta property=\"og:type\" content=\"article\" \/>\n<meta property=\"og:title\" content=\"VAULX EN VELIN : Le M\u00e9morial Dagier de Boules Lyonnaises s\u2019ach\u00e8ve vendredi soir\" \/>\n<meta property=\"og:description\" content=\"VAULX EN VELIN : Le M\u00e9morial Dagier de Boules Lyonnaises s\u2019ach\u00e8ve vendredi soir\" \/>\n<meta property=\"og:url\" content=\"https:\/\/newsestlyonnais.fr\/site\/2016\/11\/20\/vaulx-en-velin-boules-lyonnaises-le-memorial-dagier-sacheve-vendredi-soir\/\" \/>\n<meta property=\"og:site_name\" content=\"News Est Lyonnais\" \/>\n<meta property=\"article:author\" content=\"https:\/\/www.facebook.com\/pascal.oberson.1?fref=ts\" \/>\n<meta property=\"article:published_time\" content=\"2016-11-20T16:17:33+00:00\" \/>\n<meta property=\"article:modified_time\" content=\"2020-11-10T12:59:28+00:00\" \/>\n<meta property=\"og:image\" content=\"https:\/\/i1.wp.com\/newsestlyonnais.fr\/site\/wp-content\/uploads\/2016\/11\/NEWSESTLYONNAIS-FINALISTES-DAGIER.jpg?fit=1000%2C750&ssl=1\" \/>\n\t<meta property=\"og:image:width\" content=\"1000\" \/>\n\t<meta property=\"og:image:height\" content=\"750\" \/>\n\t<meta property=\"og:image:type\" content=\"image\/jpeg\" \/>\n<meta name=\"author\" content=\"R\u00e9dac. NEWS\" \/>\n<meta name=\"twitter:card\" content=\"summary_large_image\" \/>\n<meta name=\"twitter:label1\" content=\"\u00c9crit par\" \/>\n\t<meta name=\"twitter:data1\" content=\"R\u00e9dac. NEWS\" \/>\n\t<meta name=\"twitter:label2\" content=\"Dur\u00e9e de lecture estim\u00e9e\" \/>\n\t<meta name=\"twitter:data2\" content=\"1 minute\" \/>\n<script type=\"application\/ld+json\" class=\"yoast-schema-graph\">{\"@context\":\"https:\/\/schema.org\",\"@graph\":[{\"@type\":\"Article\",\"@id\":\"https:\/\/newsestlyonnais.fr\/site\/2016\/11\/20\/vaulx-en-velin-boules-lyonnaises-le-memorial-dagier-sacheve-vendredi-soir\/#article\",\"isPartOf\":{\"@id\":\"https:\/\/newsestlyonnais.fr\/site\/2016\/11\/20\/vaulx-en-velin-boules-lyonnaises-le-memorial-dagier-sacheve-vendredi-soir\/\"},\"author\":{\"name\":\"R\u00e9dac. NEWS\",\"@id\":\"https:\/\/newsestlyonnais.fr\/site\/#\/schema\/person\/3230d5615f390bb808365d673001e887\"},\"headline\":\"VAULX-EN-VELIN | Boules Lyonnaises > le M\u00e9morial Dagier s\u2019ach\u00e8ve vendredi soir\",\"datePublished\":\"2016-11-20T16:17:33+00:00\",\"dateModified\":\"2020-11-10T12:59:28+00:00\",\"mainEntityOfPage\":{\"@id\":\"https:\/\/newsestlyonnais.fr\/site\/2016\/11\/20\/vaulx-en-velin-boules-lyonnaises-le-memorial-dagier-sacheve-vendredi-soir\/\"},\"wordCount\":209,\"commentCount\":0,\"publisher\":{\"@id\":\"https:\/\/newsestlyonnais.fr\/site\/#organization\"},\"image\":{\"@id\":\"https:\/\/newsestlyonnais.fr\/site\/2016\/11\/20\/vaulx-en-velin-boules-lyonnaises-le-memorial-dagier-sacheve-vendredi-soir\/#primaryimage\"},\"thumbnailUrl\":\"https:\/\/newsestlyonnais.fr\/site\/wp-content\/uploads\/2016\/11\/NEWSESTLYONNAIS-FINALISTES-DAGIER.jpg\",\"articleSection\":[\"Boules | P\u00e9tanque\",\"Boules Lyonnaises\",\"Vaulx-en-Velin\"],\"inLanguage\":\"fr-FR\",\"potentialAction\":[{\"@type\":\"CommentAction\",\"name\":\"Comment\",\"target\":[\"https:\/\/newsestlyonnais.fr\/site\/2016\/11\/20\/vaulx-en-velin-boules-lyonnaises-le-memorial-dagier-sacheve-vendredi-soir\/#respond\"]}]},{\"@type\":\"WebPage\",\"@id\":\"https:\/\/newsestlyonnais.fr\/site\/2016\/11\/20\/vaulx-en-velin-boules-lyonnaises-le-memorial-dagier-sacheve-vendredi-soir\/\",\"url\":\"https:\/\/newsestlyonnais.fr\/site\/2016\/11\/20\/vaulx-en-velin-boules-lyonnaises-le-memorial-dagier-sacheve-vendredi-soir\/\",\"name\":\"VAULX EN VELIN : Le M\u00e9morial Dagier de Boules Lyonnaises s\u2019ach\u00e8ve vendredi soir\",\"isPartOf\":{\"@id\":\"https:\/\/newsestlyonnais.fr\/site\/#website\"},\"primaryImageOfPage\":{\"@id\":\"https:\/\/newsestlyonnais.fr\/site\/2016\/11\/20\/vaulx-en-velin-boules-lyonnaises-le-memorial-dagier-sacheve-vendredi-soir\/#primaryimage\"},\"image\":{\"@id\":\"https:\/\/newsestlyonnais.fr\/site\/2016\/11\/20\/vaulx-en-velin-boules-lyonnaises-le-memorial-dagier-sacheve-vendredi-soir\/#primaryimage\"},\"thumbnailUrl\":\"https:\/\/newsestlyonnais.fr\/site\/wp-content\/uploads\/2016\/11\/NEWSESTLYONNAIS-FINALISTES-DAGIER.jpg\",\"datePublished\":\"2016-11-20T16:17:33+00:00\",\"dateModified\":\"2020-11-10T12:59:28+00:00\",\"description\":\"VAULX EN VELIN : Le M\u00e9morial Dagier de Boules Lyonnaises s\u2019ach\u00e8ve vendredi soir\",\"breadcrumb\":{\"@id\":\"https:\/\/newsestlyonnais.fr\/site\/2016\/11\/20\/vaulx-en-velin-boules-lyonnaises-le-memorial-dagier-sacheve-vendredi-soir\/#breadcrumb\"},\"inLanguage\":\"fr-FR\",\"potentialAction\":[{\"@type\":\"ReadAction\",\"target\":[\"https:\/\/newsestlyonnais.fr\/site\/2016\/11\/20\/vaulx-en-velin-boules-lyonnaises-le-memorial-dagier-sacheve-vendredi-soir\/\"]}]},{\"@type\":\"ImageObject\",\"inLanguage\":\"fr-FR\",\"@id\":\"https:\/\/newsestlyonnais.fr\/site\/2016\/11\/20\/vaulx-en-velin-boules-lyonnaises-le-memorial-dagier-sacheve-vendredi-soir\/#primaryimage\",\"url\":\"https:\/\/newsestlyonnais.fr\/site\/wp-content\/uploads\/2016\/11\/NEWSESTLYONNAIS-FINALISTES-DAGIER.jpg\",\"contentUrl\":\"https:\/\/newsestlyonnais.fr\/site\/wp-content\/uploads\/2016\/11\/NEWSESTLYONNAIS-FINALISTES-DAGIER.jpg\",\"width\":1000,\"height\":750},{\"@type\":\"BreadcrumbList\",\"@id\":\"https:\/\/newsestlyonnais.fr\/site\/2016\/11\/20\/vaulx-en-velin-boules-lyonnaises-le-memorial-dagier-sacheve-vendredi-soir\/#breadcrumb\",\"itemListElement\":[{\"@type\":\"ListItem\",\"position\":1,\"name\":\"Accueil\",\"item\":\"https:\/\/newsestlyonnais.fr\/site\/\"},{\"@type\":\"ListItem\",\"position\":2,\"name\":\"VAULX-EN-VELIN | Boules Lyonnaises > le M\u00e9morial Dagier s\u2019ach\u00e8ve vendredi soir\"}]},{\"@type\":\"WebSite\",\"@id\":\"https:\/\/newsestlyonnais.fr\/site\/#website\",\"url\":\"https:\/\/newsestlyonnais.fr\/site\/\",\"name\":\"News Est Lyonnais\",\"description\":\"L&#039;actualit\u00e9 au plus pr\u00e8s\",\"publisher\":{\"@id\":\"https:\/\/newsestlyonnais.fr\/site\/#organization\"},\"potentialAction\":[{\"@type\":\"SearchAction\",\"target\":{\"@type\":\"EntryPoint\",\"urlTemplate\":\"https:\/\/newsestlyonnais.fr\/site\/?s={search_term_string}\"},\"query-input\":{\"@type\":\"PropertyValueSpecification\",\"valueRequired\":true,\"valueName\":\"search_term_string\"}}],\"inLanguage\":\"fr-FR\"},{\"@type\":\"Organization\",\"@id\":\"https:\/\/newsestlyonnais.fr\/site\/#organization\",\"name\":\"News EST LYONNAIS\",\"url\":\"https:\/\/newsestlyonnais.fr\/site\/\",\"logo\":{\"@type\":\"ImageObject\",\"inLanguage\":\"fr-FR\",\"@id\":\"https:\/\/newsestlyonnais.fr\/site\/#\/schema\/logo\/image\/\",\"url\":\"\",\"contentUrl\":\"\",\"caption\":\"News EST LYONNAIS\"},\"image\":{\"@id\":\"https:\/\/newsestlyonnais.fr\/site\/#\/schema\/logo\/image\/\"}},{\"@type\":\"Person\",\"@id\":\"https:\/\/newsestlyonnais.fr\/site\/#\/schema\/person\/3230d5615f390bb808365d673001e887\",\"name\":\"R\u00e9dac. NEWS\",\"sameAs\":[\"http:\/\/www.newsestlyonnais.fr\",\"https:\/\/www.facebook.com\/pascal.oberson.1?fref=ts\",\"https:\/\/fr.linkedin.com\/in\/pascal-oberson-b17045113\"],\"url\":\"https:\/\/newsestlyonnais.fr\/site\/author\/nel\/\"}]}<\/script>\n<!-- \/ Yoast SEO plugin. -->","yoast_head_json":{"title":"VAULX EN VELIN : Le M\u00e9morial Dagier de Boules Lyonnaises s\u2019ach\u00e8ve vendredi soir","description":"VAULX EN VELIN : Le M\u00e9morial Dagier de Boules Lyonnaises s\u2019ach\u00e8ve vendredi soir","robots":{"index":"index","follow":"follow","max-snippet":"max-snippet:-1","max-image-preview":"max-image-preview:large","max-video-preview":"max-video-preview:-1"},"canonical":"https:\/\/newsestlyonnais.fr\/site\/2016\/11\/20\/vaulx-en-velin-boules-lyonnaises-le-memorial-dagier-sacheve-vendredi-soir\/","og_locale":"fr_FR","og_type":"article","og_title":"VAULX EN VELIN : Le M\u00e9morial Dagier de Boules Lyonnaises s\u2019ach\u00e8ve vendredi soir","og_description":"VAULX EN VELIN : Le M\u00e9morial Dagier de Boules Lyonnaises s\u2019ach\u00e8ve vendredi soir","og_url":"https:\/\/newsestlyonnais.fr\/site\/2016\/11\/20\/vaulx-en-velin-boules-lyonnaises-le-memorial-dagier-sacheve-vendredi-soir\/","og_site_name":"News Est Lyonnais","article_author":"https:\/\/www.facebook.com\/pascal.oberson.1?fref=ts","article_published_time":"2016-11-20T16:17:33+00:00","article_modified_time":"2020-11-10T12:59:28+00:00","og_image":[{"width":1000,"height":750,"url":"https:\/\/i1.wp.com\/newsestlyonnais.fr\/site\/wp-content\/uploads\/2016\/11\/NEWSESTLYONNAIS-FINALISTES-DAGIER.jpg?fit=1000%2C750&ssl=1","type":"image\/jpeg"}],"author":"R\u00e9dac. NEWS","twitter_card":"summary_large_image","twitter_misc":{"\u00c9crit par":"R\u00e9dac. NEWS","Dur\u00e9e de lecture estim\u00e9e":"1 minute"},"schema":{"@context":"https:\/\/schema.org","@graph":[{"@type":"Article","@id":"https:\/\/newsestlyonnais.fr\/site\/2016\/11\/20\/vaulx-en-velin-boules-lyonnaises-le-memorial-dagier-sacheve-vendredi-soir\/#article","isPartOf":{"@id":"https:\/\/newsestlyonnais.fr\/site\/2016\/11\/20\/vaulx-en-velin-boules-lyonnaises-le-memorial-dagier-sacheve-vendredi-soir\/"},"author":{"name":"R\u00e9dac. NEWS","@id":"https:\/\/newsestlyonnais.fr\/site\/#\/schema\/person\/3230d5615f390bb808365d673001e887"},"headline":"VAULX-EN-VELIN | Boules Lyonnaises > le M\u00e9morial Dagier s\u2019ach\u00e8ve vendredi soir","datePublished":"2016-11-20T16:17:33+00:00","dateModified":"2020-11-10T12:59:28+00:00","mainEntityOfPage":{"@id":"https:\/\/newsestlyonnais.fr\/site\/2016\/11\/20\/vaulx-en-velin-boules-lyonnaises-le-memorial-dagier-sacheve-vendredi-soir\/"},"wordCount":209,"commentCount":0,"publisher":{"@id":"https:\/\/newsestlyonnais.fr\/site\/#organization"},"image":{"@id":"https:\/\/newsestlyonnais.fr\/site\/2016\/11\/20\/vaulx-en-velin-boules-lyonnaises-le-memorial-dagier-sacheve-vendredi-soir\/#primaryimage"},"thumbnailUrl":"https:\/\/newsestlyonnais.fr\/site\/wp-content\/uploads\/2016\/11\/NEWSESTLYONNAIS-FINALISTES-DAGIER.jpg","articleSection":["Boules | P\u00e9tanque","Boules Lyonnaises","Vaulx-en-Velin"],"inLanguage":"fr-FR","potentialAction":[{"@type":"CommentAction","name":"Comment","target":["https:\/\/newsestlyonnais.fr\/site\/2016\/11\/20\/vaulx-en-velin-boules-lyonnaises-le-memorial-dagier-sacheve-vendredi-soir\/#respond"]}]},{"@type":"WebPage","@id":"https:\/\/newsestlyonnais.fr\/site\/2016\/11\/20\/vaulx-en-velin-boules-lyonnaises-le-memorial-dagier-sacheve-vendredi-soir\/","url":"https:\/\/newsestlyonnais.fr\/site\/2016\/11\/20\/vaulx-en-velin-boules-lyonnaises-le-memorial-dagier-sacheve-vendredi-soir\/","name":"VAULX EN VELIN : Le M\u00e9morial Dagier de Boules Lyonnaises s\u2019ach\u00e8ve vendredi soir","isPartOf":{"@id":"https:\/\/newsestlyonnais.fr\/site\/#website"},"primaryImageOfPage":{"@id":"https:\/\/newsestlyonnais.fr\/site\/2016\/11\/20\/vaulx-en-velin-boules-lyonnaises-le-memorial-dagier-sacheve-vendredi-soir\/#primaryimage"},"image":{"@id":"https:\/\/newsestlyonnais.fr\/site\/2016\/11\/20\/vaulx-en-velin-boules-lyonnaises-le-memorial-dagier-sacheve-vendredi-soir\/#primaryimage"},"thumbnailUrl":"https:\/\/newsestlyonnais.fr\/site\/wp-content\/uploads\/2016\/11\/NEWSESTLYONNAIS-FINALISTES-DAGIER.jpg","datePublished":"2016-11-20T16:17:33+00:00","dateModified":"2020-11-10T12:59:28+00:00","description":"VAULX EN VELIN : Le M\u00e9morial Dagier de Boules Lyonnaises s\u2019ach\u00e8ve vendredi soir","breadcrumb":{"@id":"https:\/\/newsestlyonnais.fr\/site\/2016\/11\/20\/vaulx-en-velin-boules-lyonnaises-le-memorial-dagier-sacheve-vendredi-soir\/#breadcrumb"},"inLanguage":"fr-FR","potentialAction":[{"@type":"ReadAction","target":["https:\/\/newsestlyonnais.fr\/site\/2016\/11\/20\/vaulx-en-velin-boules-lyonnaises-le-memorial-dagier-sacheve-vendredi-soir\/"]}]},{"@type":"ImageObject","inLanguage":"fr-FR","@id":"https:\/\/newsestlyonnais.fr\/site\/2016\/11\/20\/vaulx-en-velin-boules-lyonnaises-le-memorial-dagier-sacheve-vendredi-soir\/#primaryimage","url":"https:\/\/newsestlyonnais.fr\/site\/wp-content\/uploads\/2016\/11\/NEWSESTLYONNAIS-FINALISTES-DAGIER.jpg","contentUrl":"https:\/\/newsestlyonnais.fr\/site\/wp-content\/uploads\/2016\/11\/NEWSESTLYONNAIS-FINALISTES-DAGIER.jpg","width":1000,"height":750},{"@type":"BreadcrumbList","@id":"https:\/\/newsestlyonnais.fr\/site\/2016\/11\/20\/vaulx-en-velin-boules-lyonnaises-le-memorial-dagier-sacheve-vendredi-soir\/#breadcrumb","itemListElement":[{"@type":"ListItem","position":1,"name":"Accueil","item":"https:\/\/newsestlyonnais.fr\/site\/"},{"@type":"ListItem","position":2,"name":"VAULX-EN-VELIN | Boules Lyonnaises > le M\u00e9morial Dagier s\u2019ach\u00e8ve vendredi soir"}]},{"@type":"WebSite","@id":"https:\/\/newsestlyonnais.fr\/site\/#website","url":"https:\/\/newsestlyonnais.fr\/site\/","name":"News Est Lyonnais","description":"L&#039;actualit\u00e9 au plus pr\u00e8s","publisher":{"@id":"https:\/\/newsestlyonnais.fr\/site\/#organization"},"potentialAction":[{"@type":"SearchAction","target":{"@type":"EntryPoint","urlTemplate":"https:\/\/newsestlyonnais.fr\/site\/?s={search_term_string}"},"query-input":{"@type":"PropertyValueSpecification","valueRequired":true,"valueName":"search_term_string"}}],"inLanguage":"fr-FR"},{"@type":"Organization","@id":"https:\/\/newsestlyonnais.fr\/site\/#organization","name":"News EST LYONNAIS","url":"https:\/\/newsestlyonnais.fr\/site\/","logo":{"@type":"ImageObject","inLanguage":"fr-FR","@id":"https:\/\/newsestlyonnais.fr\/site\/#\/schema\/logo\/image\/","url":"","contentUrl":"","caption":"News EST LYONNAIS"},"image":{"@id":"https:\/\/newsestlyonnais.fr\/site\/#\/schema\/logo\/image\/"}},{"@type":"Person","@id":"https:\/\/newsestlyonnais.fr\/site\/#\/schema\/person\/3230d5615f390bb808365d673001e887","name":"R\u00e9dac. NEWS","sameAs":["http:\/\/www.newsestlyonnais.fr","https:\/\/www.facebook.com\/pascal.oberson.1?fref=ts","https:\/\/fr.linkedin.com\/in\/pascal-oberson-b17045113"],"url":"https:\/\/newsestlyonnais.fr\/site\/author\/nel\/"}]}},"_links":{"self":[{"href":"https:\/\/newsestlyonnais.fr\/site\/wp-json\/wp\/v2\/posts\/16097","targetHints":{"allow":["GET"]}}],"collection":[{"href":"https:\/\/newsestlyonnais.fr\/site\/wp-json\/wp\/v2\/posts"}],"about":[{"href":"https:\/\/newsestlyonnais.fr\/site\/wp-json\/wp\/v2\/types\/post"}],"author":[{"embeddable":true,"href":"https:\/\/newsestlyonnais.fr\/site\/wp-json\/wp\/v2\/users\/4"}],"replies":[{"embeddable":true,"href":"https:\/\/newsestlyonnais.fr\/site\/wp-json\/wp\/v2\/comments?post=16097"}],"version-history":[{"count":0,"href":"https:\/\/newsestlyonnais.fr\/site\/wp-json\/wp\/v2\/posts\/16097\/revisions"}],"wp:featuredmedia":[{"embeddable":true,"href":"https:\/\/newsestlyonnais.fr\/site\/wp-json\/wp\/v2\/media\/16098"}],"wp:attachment":[{"href":"https:\/\/newsestlyonnais.fr\/site\/wp-json\/wp\/v2\/media?parent=16097"}],"wp:term":[{"taxonomy":"category","embeddable":true,"href":"https:\/\/newsestlyonnais.fr\/site\/wp-json\/wp\/v2\/categories?post=16097"},{"taxonomy":"post_tag","embeddable":true,"href":"https:\/\/newsestlyonnais.fr\/site\/wp-json\/wp\/v2\/tags?post=16097"}],"curies":[{"name":"wp","href":"https:\/\/api.w.org\/{rel}","templated":true}]}}