{"id":161551,"date":"2022-07-28T16:32:41","date_gmt":"2022-07-28T15:32:41","guid":{"rendered":"https:\/\/newsestlyonnais.fr\/site\/?p=161551"},"modified":"2022-07-28T16:32:41","modified_gmt":"2022-07-28T15:32:41","slug":"elena-martin-lasptt-est-ouverte-a-tous-et-contribue-a-une-meilleure-integration-sociale-des-populations-via-le-sport","status":"publish","type":"post","link":"https:\/\/newsestlyonnais.fr\/site\/2022\/07\/28\/elena-martin-lasptt-est-ouverte-a-tous-et-contribue-a-une-meilleure-integration-sociale-des-populations-via-le-sport\/","title":{"rendered":"El\u00e9na Martin\u00a0\u00bb L&rsquo;ASPTT est ouverte \u00e0 tous et contribue \u00e0 une meilleure int\u00e9gration sociale des populations via le sport \u00ab\u00a0"},"content":{"rendered":"<p><span style=\"background-color: #000000; color: #ffcc00; font-size: 14pt;\"><strong>Depuis quand \u00eates-vous au bureau et \u00e0 la pr\u00e9sidence ?<\/strong><\/span><\/p>\n<p>\u00a0\u00bb Je suis licenci\u00e9e \u00e0 l&rsquo;ASPTT GD LYON Tennis depuis 2004. <strong>j&rsquo;ai int\u00e9gr\u00e9 le bureau en 2008 et je suis \u00e0 la pr\u00e9sidence depuis 2012<\/strong> \u00ab\u00a0.<\/p>\n<p><span style=\"background-color: #000000; color: #ffcc00; font-size: 14pt;\"><strong>Un bureau de combien de personnes ?<\/strong><\/span><\/p>\n<p>\u00a0\u00bb Le bureau est constitu\u00e9 de <strong>11 personnes appuy\u00e9es d&rsquo;une vingtaine de b\u00e9n\u00e9voles<\/strong> \u00ab\u00a0.<\/p>\n<hr \/>\n<p><span style=\"background-color: #000000; color: #ffcc00; font-size: 14pt;\"><strong>Le tennis est une des sections de l\u2019ASPTT ?<\/strong><\/span><\/p>\n<p>\u00a0\u00bb <strong>L&rsquo;ASPTT GRAND LYON, cr\u00e9\u00e9 en 1921, fait partie de l&rsquo;histoire du sport de la r\u00e9gion lyonnaise<\/strong> en comptant lors de ses plus belles ann\u00e9es, <strong>pr\u00e8s de 8.000 adh\u00e9rents avec 23 sections sportives<\/strong>, couronn\u00e9es de nombreux titres r\u00e9gionaux et nationaux.<\/p>\n<p><strong>Le club est un des 206 clubs omnisports r\u00e9partis sur toute la France affili\u00e9 \u00e0 la F\u00e9d\u00e9ration Sportive des ASPTT<\/strong>, partenaire du d\u00e9veloppement des territoires et au service de l&rsquo;ensemble de la population. Il est \u00e9galement affili\u00e9 \u00e0 la F.F.T.<\/p>\n<p>Aujourd&rsquo;hui, il compte plus modestement <strong>pr\u00e8s de 1.000 adh\u00e9rents r\u00e9partis au travers d&rsquo;une vingtaine d&rsquo;activit\u00e9s physiques et sportives<\/strong>.<\/p>\n<p><strong>La section tennis est une des 8 sections restantes<\/strong>. Elle a \u00e9t\u00e9 cr\u00e9\u00e9e en 1966. Le nouveau site a \u00e9t\u00e9 inaugur\u00e9 le 14 octobre 2011. Elle est dot\u00e9e de 4 courts ext\u00e9rieurs, 2 couverts et depuis 2016 de 2 pistes de padel, tous \u00e9clair\u00e9s, d&rsquo;un club-house, le tout dans un parc arbor\u00e9 de 3 ha 200 a \u00ab\u00a0.<\/p>\n<p><span style=\"background-color: #000000; color: #ffcc00; font-size: 14pt;\"><strong>Vous pratiquez le tennis ? depuis quand et \u00e0 quel niveau ?<\/strong><\/span><\/p>\n<p>\u00a0\u00bb <strong>J&rsquo;ai commenc\u00e9 le tennis par hasard<\/strong>, gr\u00e2ce \u00e0 une amie qui m&rsquo;a suppli\u00e9e de faire un stage avec elle. <strong>J&rsquo;ai pris ma premi\u00e8re licence en 1988 \u00e0 l&rsquo;ASLGCI \u00e0 Villeurbanne.<\/strong><\/p>\n<p>De 1995 \u00e0 2003 j&rsquo;\u00e9tais licenci\u00e9e \u00e0 Lyon M\u00e9trop\u00f4le Sports et depuis 2004 \u00e0 l4ASPTT Grand Lyon.<\/p>\n<p><strong>Je pratique toujours le tennis<\/strong>. J&rsquo;ai \u00e9t\u00e9 3\u00b0 s\u00e9rie et suis actuellement 30\/3. Je pratique aussi le padel et suis class\u00e9e 896. <strong>Cela \u00e9tant je ne suis pas une mordue de la comp\u00e9tition<\/strong> \u00ab\u00a0.<\/p>\n<hr \/>\n<p><span style=\"background-color: #000000; color: #ffcc00; font-size: 14pt;\"><strong>Concernant le club, o\u00f9 en est son effectif ?<br \/>\n<\/strong><\/span><\/p>\n<p>\u00a0\u00bb <strong>Nous comptons actuellement 300 adh\u00e9rents dont 106 jeunes(27 filles) et 194 adultes (55 femmes)<\/strong>.<\/p>\n<p>Depuis 2018, l&rsquo;effectif jeune est en baisse. On a stagn\u00e9 entre 2021 et 2022 et on esp\u00e8re repartir \u00e0 la hausse, mais beaucoup ne se sont pas fait vacciner.<\/p>\n<p>On avait plus de jeunes que d&rsquo;adultes avant le covid et maintenant c&rsquo;est l&rsquo;inverse. L&rsquo;id\u00e9e est de r\u00e9-inverser la tendance \u00ab\u00a0.<\/p>\n<p><span style=\"background-color: #000000; color: #ffcc00; font-size: 14pt;\"><strong>Combien d\u2019\u00e9quipes \u00e9voluent en championnat et \u00e0 quel niveau ?<br \/>\n<\/strong><\/span><\/p>\n<p>\u00a0\u00bb <strong>30 \u00e9quipes en jeunes, seniors et f\u00e9minines<\/strong> \u00ab\u00a0.<\/p>\n<p><span style=\"color: #ffcc00; font-size: 14pt; background-color: #000000;\"><strong>Quelles activit\u00e9s proposez -vous, en loisirs et en comp\u00e9titions ?<\/strong><\/span><\/p>\n<p>\u00a0\u00bb <strong>L&rsquo;ASPTT est ouverte \u00e0 tous !<\/strong> Elle propose des pratiques sportives pour les jeunes, les femmes, les familles, les publics prioritaires et le sport sant\u00e9. Elle contribue \u00e0 une meilleure int\u00e9gration sociale des populations via le sport.<\/p>\n<p>Notre point fort est la qualit\u00e9 de notre enseignement tant en tennis qu&rsquo;en padel. Ils sont tr\u00e8s bons p\u00e9dagogues et il y a une bonne osmose entre eux. On a fait beaucoup d&rsquo;op\u00e9rations pour les f\u00e9minines en tennis et en padel.<\/p>\n<p>On propose beaucoup d&rsquo;activit\u00e9s en essayant d&rsquo;\u00eatre moteur et cela dynamise le club \u00a0\u00bb .<\/p>\n<p><span style=\"background-color: #000000; color: #ffcc00; font-size: 14pt;\"><strong>Un petit bilan sportif de la saison, c<\/strong><\/span><strong><span style=\"background-color: #000000; color: #ffcc00; font-size: 14pt;\">ombien d\u2019\u00e9quipes en championnat ? <\/span><br \/>\n<\/strong><\/p>\n<p>\u00a0\u00bb <strong>30 \u00e9quipes en jeunes, seniors et f\u00e9minines<\/strong>. Au printemps, on a pr\u00e9sent\u00e9 7 \u00e9quipes hommes avec un bon bilan sportif (1 mont\u00e9e, 5 maintiens et 1 descente). \u00a0\u00bb<\/p>\n<p><span style=\"background-color: #000000; color: #ffcc00; font-size: 14pt;\"><strong>Quels sont les projets du club ?<\/strong><\/span><\/p>\n<p>\u00a0\u00bb On aimerait avoir une piste couverte de padel \u00ab\u00a0.<\/p>\n<hr \/>\n<p><span style=\"color: #ffcc00; font-size: 14pt; background-color: #000000;\"><strong>En conclusion, 1 devise ou valeur du club ?<\/strong><\/span><\/p>\n<p>\u00a0\u00bb <strong>Un club infiniment sport ouvert \u00e0 tous<\/strong>.<\/p>\n<p><strong>Les valeurs de comp\u00e9tences sportives, de solidarit\u00e9, de respect des personnes, de citoyennet\u00e9 et de convivialit\u00e9<\/strong> accompagnent tous les b\u00e9n\u00e9voles et les enseignants dans leur engagement \u00ab\u00a0.<\/p>\n<hr \/>\n<p><span style=\"font-size: 14pt;\"><span style=\"background-color: #000000; color: #ffffff;\">&gt;&gt; Toute l&rsquo;ACTU de l&rsquo;ASPTT Lyon Tennis \/ Padel sur : <\/span><span style=\"color: #ffcc00; background-color: #000000;\"><a style=\"color: #ffcc00; background-color: #000000;\" href=\"http:\/\/asptt-lyon-tennis.fr\">http:\/\/asptt-lyon-tennis.fr<\/a><\/span><\/span><\/p>\n","protected":false},"excerpt":{"rendered":"<p>Pr\u00e9sidente depuis 2012 de la section tennis de l&rsquo;ASPTT Grand Lyon, elle fait un large tour d&rsquo;horizon de ce club dont elle est licenci\u00e9e depuis 2004.<\/p>\n","protected":false},"author":4,"featured_media":161553,"comment_status":"open","ping_status":"open","sticky":false,"template":"","format":"standard","meta":{"footnotes":""},"categories":[4286,137,1296,2992,2991],"tags":[3235,4320,2049],"class_list":["post-161551","post","type-post","status-publish","format-standard","has-post-thumbnail","hentry","category-interview-a-la-une","category-interviews","category-sain-priest","category-tennis-padel","category-tennis-tennis-table-sports","tag-asptt-grand-lyon","tag-elena-martin","tag-tennis"],"yoast_head":"<!-- This site is optimized with the Yoast SEO plugin v27.2 - https:\/\/yoast.com\/product\/yoast-seo-wordpress\/ -->\n<title>El\u00e9na Martin&quot; L&#039;ASPTT est ouverte \u00e0 tous et contribue \u00e0 une meilleure int\u00e9gration sociale des populations via le sport &quot; - News Est Lyonnais<\/title>\n<meta name=\"description\" content=\"El\u00e9na Martin&quot; L&#039;ASPTT est ouverte \u00e0 tous et contribue \u00e0 une meilleure int\u00e9gration sociale des populations via le sport &quot;\" \/>\n<meta name=\"robots\" content=\"index, follow, max-snippet:-1, max-image-preview:large, max-video-preview:-1\" \/>\n<link rel=\"canonical\" href=\"https:\/\/newsestlyonnais.fr\/site\/2022\/07\/28\/elena-martin-lasptt-est-ouverte-a-tous-et-contribue-a-une-meilleure-integration-sociale-des-populations-via-le-sport\/\" \/>\n<meta property=\"og:locale\" content=\"fr_FR\" \/>\n<meta property=\"og:type\" content=\"article\" \/>\n<meta property=\"og:title\" content=\"El\u00e9na Martin&quot; L&#039;ASPTT est ouverte \u00e0 tous et contribue \u00e0 une meilleure int\u00e9gration sociale des populations via le sport &quot; - News Est Lyonnais\" \/>\n<meta property=\"og:description\" content=\"El\u00e9na Martin&quot; L&#039;ASPTT est ouverte \u00e0 tous et contribue \u00e0 une meilleure int\u00e9gration sociale des populations via le sport &quot;\" \/>\n<meta property=\"og:url\" content=\"https:\/\/newsestlyonnais.fr\/site\/2022\/07\/28\/elena-martin-lasptt-est-ouverte-a-tous-et-contribue-a-une-meilleure-integration-sociale-des-populations-via-le-sport\/\" \/>\n<meta property=\"og:site_name\" content=\"News Est Lyonnais\" \/>\n<meta property=\"article:author\" content=\"https:\/\/www.facebook.com\/pascal.oberson.1?fref=ts\" \/>\n<meta property=\"article:published_time\" content=\"2022-07-28T15:32:41+00:00\" \/>\n<meta property=\"og:image\" content=\"https:\/\/newsestlyonnais.fr\/site\/wp-content\/uploads\/2022\/07\/P1470973.jpg\" \/>\n\t<meta property=\"og:image:width\" content=\"1200\" \/>\n\t<meta property=\"og:image:height\" content=\"900\" \/>\n\t<meta property=\"og:image:type\" content=\"image\/jpeg\" \/>\n<meta name=\"author\" content=\"R\u00e9dac. NEWS\" \/>\n<meta name=\"twitter:card\" content=\"summary_large_image\" \/>\n<meta name=\"twitter:label1\" content=\"\u00c9crit par\" \/>\n\t<meta name=\"twitter:data1\" content=\"R\u00e9dac. NEWS\" \/>\n\t<meta name=\"twitter:label2\" content=\"Dur\u00e9e de lecture estim\u00e9e\" \/>\n\t<meta name=\"twitter:data2\" content=\"4 minutes\" \/>\n<script type=\"application\/ld+json\" class=\"yoast-schema-graph\">{\"@context\":\"https:\/\/schema.org\",\"@graph\":[{\"@type\":\"Article\",\"@id\":\"https:\/\/newsestlyonnais.fr\/site\/2022\/07\/28\/elena-martin-lasptt-est-ouverte-a-tous-et-contribue-a-une-meilleure-integration-sociale-des-populations-via-le-sport\/#article\",\"isPartOf\":{\"@id\":\"https:\/\/newsestlyonnais.fr\/site\/2022\/07\/28\/elena-martin-lasptt-est-ouverte-a-tous-et-contribue-a-une-meilleure-integration-sociale-des-populations-via-le-sport\/\"},\"author\":{\"name\":\"R\u00e9dac. NEWS\",\"@id\":\"https:\/\/newsestlyonnais.fr\/site\/#\/schema\/person\/3230d5615f390bb808365d673001e887\"},\"headline\":\"El\u00e9na Martin\u00a0\u00bb L&rsquo;ASPTT est ouverte \u00e0 tous et contribue \u00e0 une meilleure int\u00e9gration sociale des populations via le sport \u00ab\u00a0\",\"datePublished\":\"2022-07-28T15:32:41+00:00\",\"mainEntityOfPage\":{\"@id\":\"https:\/\/newsestlyonnais.fr\/site\/2022\/07\/28\/elena-martin-lasptt-est-ouverte-a-tous-et-contribue-a-une-meilleure-integration-sociale-des-populations-via-le-sport\/\"},\"wordCount\":646,\"commentCount\":0,\"publisher\":{\"@id\":\"https:\/\/newsestlyonnais.fr\/site\/#organization\"},\"image\":{\"@id\":\"https:\/\/newsestlyonnais.fr\/site\/2022\/07\/28\/elena-martin-lasptt-est-ouverte-a-tous-et-contribue-a-une-meilleure-integration-sociale-des-populations-via-le-sport\/#primaryimage\"},\"thumbnailUrl\":\"https:\/\/newsestlyonnais.fr\/site\/wp-content\/uploads\/2022\/07\/P1470973.jpg\",\"keywords\":[\"ASPTT GRAND LYON\",\"Elena Martin\",\"TENNIS\"],\"articleSection\":[\"Interview \u00e0 la une\",\"Interviews\",\"Saint-Priest\",\"Tennis | Padel\",\"Tennis | Tennis de table\"],\"inLanguage\":\"fr-FR\",\"potentialAction\":[{\"@type\":\"CommentAction\",\"name\":\"Comment\",\"target\":[\"https:\/\/newsestlyonnais.fr\/site\/2022\/07\/28\/elena-martin-lasptt-est-ouverte-a-tous-et-contribue-a-une-meilleure-integration-sociale-des-populations-via-le-sport\/#respond\"]}]},{\"@type\":\"WebPage\",\"@id\":\"https:\/\/newsestlyonnais.fr\/site\/2022\/07\/28\/elena-martin-lasptt-est-ouverte-a-tous-et-contribue-a-une-meilleure-integration-sociale-des-populations-via-le-sport\/\",\"url\":\"https:\/\/newsestlyonnais.fr\/site\/2022\/07\/28\/elena-martin-lasptt-est-ouverte-a-tous-et-contribue-a-une-meilleure-integration-sociale-des-populations-via-le-sport\/\",\"name\":\"El\u00e9na Martin\\\" L'ASPTT est ouverte \u00e0 tous et contribue \u00e0 une meilleure int\u00e9gration sociale des populations via le sport \\\" - News Est Lyonnais\",\"isPartOf\":{\"@id\":\"https:\/\/newsestlyonnais.fr\/site\/#website\"},\"primaryImageOfPage\":{\"@id\":\"https:\/\/newsestlyonnais.fr\/site\/2022\/07\/28\/elena-martin-lasptt-est-ouverte-a-tous-et-contribue-a-une-meilleure-integration-sociale-des-populations-via-le-sport\/#primaryimage\"},\"image\":{\"@id\":\"https:\/\/newsestlyonnais.fr\/site\/2022\/07\/28\/elena-martin-lasptt-est-ouverte-a-tous-et-contribue-a-une-meilleure-integration-sociale-des-populations-via-le-sport\/#primaryimage\"},\"thumbnailUrl\":\"https:\/\/newsestlyonnais.fr\/site\/wp-content\/uploads\/2022\/07\/P1470973.jpg\",\"datePublished\":\"2022-07-28T15:32:41+00:00\",\"description\":\"El\u00e9na Martin\\\" L'ASPTT est ouverte \u00e0 tous et contribue \u00e0 une meilleure int\u00e9gration sociale des populations via le sport \\\"\",\"breadcrumb\":{\"@id\":\"https:\/\/newsestlyonnais.fr\/site\/2022\/07\/28\/elena-martin-lasptt-est-ouverte-a-tous-et-contribue-a-une-meilleure-integration-sociale-des-populations-via-le-sport\/#breadcrumb\"},\"inLanguage\":\"fr-FR\",\"potentialAction\":[{\"@type\":\"ReadAction\",\"target\":[\"https:\/\/newsestlyonnais.fr\/site\/2022\/07\/28\/elena-martin-lasptt-est-ouverte-a-tous-et-contribue-a-une-meilleure-integration-sociale-des-populations-via-le-sport\/\"]}]},{\"@type\":\"ImageObject\",\"inLanguage\":\"fr-FR\",\"@id\":\"https:\/\/newsestlyonnais.fr\/site\/2022\/07\/28\/elena-martin-lasptt-est-ouverte-a-tous-et-contribue-a-une-meilleure-integration-sociale-des-populations-via-le-sport\/#primaryimage\",\"url\":\"https:\/\/newsestlyonnais.fr\/site\/wp-content\/uploads\/2022\/07\/P1470973.jpg\",\"contentUrl\":\"https:\/\/newsestlyonnais.fr\/site\/wp-content\/uploads\/2022\/07\/P1470973.jpg\",\"width\":1200,\"height\":900},{\"@type\":\"BreadcrumbList\",\"@id\":\"https:\/\/newsestlyonnais.fr\/site\/2022\/07\/28\/elena-martin-lasptt-est-ouverte-a-tous-et-contribue-a-une-meilleure-integration-sociale-des-populations-via-le-sport\/#breadcrumb\",\"itemListElement\":[{\"@type\":\"ListItem\",\"position\":1,\"name\":\"Accueil\",\"item\":\"https:\/\/newsestlyonnais.fr\/site\/\"},{\"@type\":\"ListItem\",\"position\":2,\"name\":\"El\u00e9na Martin\u00a0\u00bb L&rsquo;ASPTT est ouverte \u00e0 tous et contribue \u00e0 une meilleure int\u00e9gration sociale des populations via le sport \u00ab\u00a0\"}]},{\"@type\":\"WebSite\",\"@id\":\"https:\/\/newsestlyonnais.fr\/site\/#website\",\"url\":\"https:\/\/newsestlyonnais.fr\/site\/\",\"name\":\"News Est Lyonnais\",\"description\":\"L&#039;actualit\u00e9 au plus pr\u00e8s\",\"publisher\":{\"@id\":\"https:\/\/newsestlyonnais.fr\/site\/#organization\"},\"potentialAction\":[{\"@type\":\"SearchAction\",\"target\":{\"@type\":\"EntryPoint\",\"urlTemplate\":\"https:\/\/newsestlyonnais.fr\/site\/?s={search_term_string}\"},\"query-input\":{\"@type\":\"PropertyValueSpecification\",\"valueRequired\":true,\"valueName\":\"search_term_string\"}}],\"inLanguage\":\"fr-FR\"},{\"@type\":\"Organization\",\"@id\":\"https:\/\/newsestlyonnais.fr\/site\/#organization\",\"name\":\"News EST LYONNAIS\",\"url\":\"https:\/\/newsestlyonnais.fr\/site\/\",\"logo\":{\"@type\":\"ImageObject\",\"inLanguage\":\"fr-FR\",\"@id\":\"https:\/\/newsestlyonnais.fr\/site\/#\/schema\/logo\/image\/\",\"url\":\"\",\"contentUrl\":\"\",\"caption\":\"News EST LYONNAIS\"},\"image\":{\"@id\":\"https:\/\/newsestlyonnais.fr\/site\/#\/schema\/logo\/image\/\"}},{\"@type\":\"Person\",\"@id\":\"https:\/\/newsestlyonnais.fr\/site\/#\/schema\/person\/3230d5615f390bb808365d673001e887\",\"name\":\"R\u00e9dac. NEWS\",\"sameAs\":[\"http:\/\/www.newsestlyonnais.fr\",\"https:\/\/www.facebook.com\/pascal.oberson.1?fref=ts\",\"https:\/\/fr.linkedin.com\/in\/pascal-oberson-b17045113\"],\"url\":\"https:\/\/newsestlyonnais.fr\/site\/author\/nel\/\"}]}<\/script>\n<!-- \/ Yoast SEO plugin. -->","yoast_head_json":{"title":"El\u00e9na Martin\" L'ASPTT est ouverte \u00e0 tous et contribue \u00e0 une meilleure int\u00e9gration sociale des populations via le sport \" - News Est Lyonnais","description":"El\u00e9na Martin\" L'ASPTT est ouverte \u00e0 tous et contribue \u00e0 une meilleure int\u00e9gration sociale des populations via le sport \"","robots":{"index":"index","follow":"follow","max-snippet":"max-snippet:-1","max-image-preview":"max-image-preview:large","max-video-preview":"max-video-preview:-1"},"canonical":"https:\/\/newsestlyonnais.fr\/site\/2022\/07\/28\/elena-martin-lasptt-est-ouverte-a-tous-et-contribue-a-une-meilleure-integration-sociale-des-populations-via-le-sport\/","og_locale":"fr_FR","og_type":"article","og_title":"El\u00e9na Martin\" L'ASPTT est ouverte \u00e0 tous et contribue \u00e0 une meilleure int\u00e9gration sociale des populations via le sport \" - News Est Lyonnais","og_description":"El\u00e9na Martin\" L'ASPTT est ouverte \u00e0 tous et contribue \u00e0 une meilleure int\u00e9gration sociale des populations via le sport \"","og_url":"https:\/\/newsestlyonnais.fr\/site\/2022\/07\/28\/elena-martin-lasptt-est-ouverte-a-tous-et-contribue-a-une-meilleure-integration-sociale-des-populations-via-le-sport\/","og_site_name":"News Est Lyonnais","article_author":"https:\/\/www.facebook.com\/pascal.oberson.1?fref=ts","article_published_time":"2022-07-28T15:32:41+00:00","og_image":[{"width":1200,"height":900,"url":"https:\/\/newsestlyonnais.fr\/site\/wp-content\/uploads\/2022\/07\/P1470973.jpg","type":"image\/jpeg"}],"author":"R\u00e9dac. NEWS","twitter_card":"summary_large_image","twitter_misc":{"\u00c9crit par":"R\u00e9dac. NEWS","Dur\u00e9e de lecture estim\u00e9e":"4 minutes"},"schema":{"@context":"https:\/\/schema.org","@graph":[{"@type":"Article","@id":"https:\/\/newsestlyonnais.fr\/site\/2022\/07\/28\/elena-martin-lasptt-est-ouverte-a-tous-et-contribue-a-une-meilleure-integration-sociale-des-populations-via-le-sport\/#article","isPartOf":{"@id":"https:\/\/newsestlyonnais.fr\/site\/2022\/07\/28\/elena-martin-lasptt-est-ouverte-a-tous-et-contribue-a-une-meilleure-integration-sociale-des-populations-via-le-sport\/"},"author":{"name":"R\u00e9dac. NEWS","@id":"https:\/\/newsestlyonnais.fr\/site\/#\/schema\/person\/3230d5615f390bb808365d673001e887"},"headline":"El\u00e9na Martin\u00a0\u00bb L&rsquo;ASPTT est ouverte \u00e0 tous et contribue \u00e0 une meilleure int\u00e9gration sociale des populations via le sport \u00ab\u00a0","datePublished":"2022-07-28T15:32:41+00:00","mainEntityOfPage":{"@id":"https:\/\/newsestlyonnais.fr\/site\/2022\/07\/28\/elena-martin-lasptt-est-ouverte-a-tous-et-contribue-a-une-meilleure-integration-sociale-des-populations-via-le-sport\/"},"wordCount":646,"commentCount":0,"publisher":{"@id":"https:\/\/newsestlyonnais.fr\/site\/#organization"},"image":{"@id":"https:\/\/newsestlyonnais.fr\/site\/2022\/07\/28\/elena-martin-lasptt-est-ouverte-a-tous-et-contribue-a-une-meilleure-integration-sociale-des-populations-via-le-sport\/#primaryimage"},"thumbnailUrl":"https:\/\/newsestlyonnais.fr\/site\/wp-content\/uploads\/2022\/07\/P1470973.jpg","keywords":["ASPTT GRAND LYON","Elena Martin","TENNIS"],"articleSection":["Interview \u00e0 la une","Interviews","Saint-Priest","Tennis | Padel","Tennis | Tennis de table"],"inLanguage":"fr-FR","potentialAction":[{"@type":"CommentAction","name":"Comment","target":["https:\/\/newsestlyonnais.fr\/site\/2022\/07\/28\/elena-martin-lasptt-est-ouverte-a-tous-et-contribue-a-une-meilleure-integration-sociale-des-populations-via-le-sport\/#respond"]}]},{"@type":"WebPage","@id":"https:\/\/newsestlyonnais.fr\/site\/2022\/07\/28\/elena-martin-lasptt-est-ouverte-a-tous-et-contribue-a-une-meilleure-integration-sociale-des-populations-via-le-sport\/","url":"https:\/\/newsestlyonnais.fr\/site\/2022\/07\/28\/elena-martin-lasptt-est-ouverte-a-tous-et-contribue-a-une-meilleure-integration-sociale-des-populations-via-le-sport\/","name":"El\u00e9na Martin\" L'ASPTT est ouverte \u00e0 tous et contribue \u00e0 une meilleure int\u00e9gration sociale des populations via le sport \" - News Est Lyonnais","isPartOf":{"@id":"https:\/\/newsestlyonnais.fr\/site\/#website"},"primaryImageOfPage":{"@id":"https:\/\/newsestlyonnais.fr\/site\/2022\/07\/28\/elena-martin-lasptt-est-ouverte-a-tous-et-contribue-a-une-meilleure-integration-sociale-des-populations-via-le-sport\/#primaryimage"},"image":{"@id":"https:\/\/newsestlyonnais.fr\/site\/2022\/07\/28\/elena-martin-lasptt-est-ouverte-a-tous-et-contribue-a-une-meilleure-integration-sociale-des-populations-via-le-sport\/#primaryimage"},"thumbnailUrl":"https:\/\/newsestlyonnais.fr\/site\/wp-content\/uploads\/2022\/07\/P1470973.jpg","datePublished":"2022-07-28T15:32:41+00:00","description":"El\u00e9na Martin\" L'ASPTT est ouverte \u00e0 tous et contribue \u00e0 une meilleure int\u00e9gration sociale des populations via le sport \"","breadcrumb":{"@id":"https:\/\/newsestlyonnais.fr\/site\/2022\/07\/28\/elena-martin-lasptt-est-ouverte-a-tous-et-contribue-a-une-meilleure-integration-sociale-des-populations-via-le-sport\/#breadcrumb"},"inLanguage":"fr-FR","potentialAction":[{"@type":"ReadAction","target":["https:\/\/newsestlyonnais.fr\/site\/2022\/07\/28\/elena-martin-lasptt-est-ouverte-a-tous-et-contribue-a-une-meilleure-integration-sociale-des-populations-via-le-sport\/"]}]},{"@type":"ImageObject","inLanguage":"fr-FR","@id":"https:\/\/newsestlyonnais.fr\/site\/2022\/07\/28\/elena-martin-lasptt-est-ouverte-a-tous-et-contribue-a-une-meilleure-integration-sociale-des-populations-via-le-sport\/#primaryimage","url":"https:\/\/newsestlyonnais.fr\/site\/wp-content\/uploads\/2022\/07\/P1470973.jpg","contentUrl":"https:\/\/newsestlyonnais.fr\/site\/wp-content\/uploads\/2022\/07\/P1470973.jpg","width":1200,"height":900},{"@type":"BreadcrumbList","@id":"https:\/\/newsestlyonnais.fr\/site\/2022\/07\/28\/elena-martin-lasptt-est-ouverte-a-tous-et-contribue-a-une-meilleure-integration-sociale-des-populations-via-le-sport\/#breadcrumb","itemListElement":[{"@type":"ListItem","position":1,"name":"Accueil","item":"https:\/\/newsestlyonnais.fr\/site\/"},{"@type":"ListItem","position":2,"name":"El\u00e9na Martin\u00a0\u00bb L&rsquo;ASPTT est ouverte \u00e0 tous et contribue \u00e0 une meilleure int\u00e9gration sociale des populations via le sport \u00ab\u00a0"}]},{"@type":"WebSite","@id":"https:\/\/newsestlyonnais.fr\/site\/#website","url":"https:\/\/newsestlyonnais.fr\/site\/","name":"News Est Lyonnais","description":"L&#039;actualit\u00e9 au plus pr\u00e8s","publisher":{"@id":"https:\/\/newsestlyonnais.fr\/site\/#organization"},"potentialAction":[{"@type":"SearchAction","target":{"@type":"EntryPoint","urlTemplate":"https:\/\/newsestlyonnais.fr\/site\/?s={search_term_string}"},"query-input":{"@type":"PropertyValueSpecification","valueRequired":true,"valueName":"search_term_string"}}],"inLanguage":"fr-FR"},{"@type":"Organization","@id":"https:\/\/newsestlyonnais.fr\/site\/#organization","name":"News EST LYONNAIS","url":"https:\/\/newsestlyonnais.fr\/site\/","logo":{"@type":"ImageObject","inLanguage":"fr-FR","@id":"https:\/\/newsestlyonnais.fr\/site\/#\/schema\/logo\/image\/","url":"","contentUrl":"","caption":"News EST LYONNAIS"},"image":{"@id":"https:\/\/newsestlyonnais.fr\/site\/#\/schema\/logo\/image\/"}},{"@type":"Person","@id":"https:\/\/newsestlyonnais.fr\/site\/#\/schema\/person\/3230d5615f390bb808365d673001e887","name":"R\u00e9dac. NEWS","sameAs":["http:\/\/www.newsestlyonnais.fr","https:\/\/www.facebook.com\/pascal.oberson.1?fref=ts","https:\/\/fr.linkedin.com\/in\/pascal-oberson-b17045113"],"url":"https:\/\/newsestlyonnais.fr\/site\/author\/nel\/"}]}},"_links":{"self":[{"href":"https:\/\/newsestlyonnais.fr\/site\/wp-json\/wp\/v2\/posts\/161551","targetHints":{"allow":["GET"]}}],"collection":[{"href":"https:\/\/newsestlyonnais.fr\/site\/wp-json\/wp\/v2\/posts"}],"about":[{"href":"https:\/\/newsestlyonnais.fr\/site\/wp-json\/wp\/v2\/types\/post"}],"author":[{"embeddable":true,"href":"https:\/\/newsestlyonnais.fr\/site\/wp-json\/wp\/v2\/users\/4"}],"replies":[{"embeddable":true,"href":"https:\/\/newsestlyonnais.fr\/site\/wp-json\/wp\/v2\/comments?post=161551"}],"version-history":[{"count":0,"href":"https:\/\/newsestlyonnais.fr\/site\/wp-json\/wp\/v2\/posts\/161551\/revisions"}],"wp:featuredmedia":[{"embeddable":true,"href":"https:\/\/newsestlyonnais.fr\/site\/wp-json\/wp\/v2\/media\/161553"}],"wp:attachment":[{"href":"https:\/\/newsestlyonnais.fr\/site\/wp-json\/wp\/v2\/media?parent=161551"}],"wp:term":[{"taxonomy":"category","embeddable":true,"href":"https:\/\/newsestlyonnais.fr\/site\/wp-json\/wp\/v2\/categories?post=161551"},{"taxonomy":"post_tag","embeddable":true,"href":"https:\/\/newsestlyonnais.fr\/site\/wp-json\/wp\/v2\/tags?post=161551"}],"curies":[{"name":"wp","href":"https:\/\/api.w.org\/{rel}","templated":true}]}}