{"id":16169,"date":"2016-11-21T15:29:57","date_gmt":"2016-11-21T14:29:57","guid":{"rendered":"http:\/\/newsestlyonnais.fr\/site\/?p=16169"},"modified":"2020-11-16T16:18:15","modified_gmt":"2020-11-16T15:18:15","slug":"balan-30-telethon-gouts-ages","status":"publish","type":"post","link":"https:\/\/newsestlyonnais.fr\/site\/2016\/11\/21\/balan-30-telethon-gouts-ages\/","title":{"rendered":"BALAN | 30\u00b0 TELETHON > \u00ab Pour tous les go\u00fbts et tous les \u00e2ges ! \u00bb"},"content":{"rendered":"<h4>Le Comit\u00e9 T\u00e9l\u00e9thon: une \u00e9quipe toujours motiv\u00e9e qui pr\u00e9pare l\u2019organisation du 30\u00b0 TELETHON NATIONAL et conserve sa ligne directrice: cr\u00e9er une journ\u00e9e conviviale et de partage afin de r\u00e9colter des dons pour l\u2019AFM.<\/h4>\n<p>Samedi 3 d\u00e9cembre, les festivit\u00e9s commenceront \u00e0 13 heures 30 \u00e0 la salle polyvalente et se termineront par un repas en musique (vers 20 h) anim\u00e9 par les groupes \u00ab Musiques Acoustiques en C\u00f4ti\u00e8re \u00bb. Tout au long de l\u2019apr\u00e8s-midi se succ\u00e8deront : jeux divers (Ludoth\u00e8que de Montluel), initiation au tir \u00e0 l\u2019arc, maquillage, d\u00e9monstration de boxe, danse par de jeunes enfants de \u00ab TOUS EN SCENE et du C.S.A. de la Valbonne,danse moderne \u00ab les Mixtes \u00bb, le club SHUFFLE COUNTRY de St Jean de Niost, la chorale des enfants de l\u2019\u00e9cole, la chorale EN PL\u2019AIN CH\u0152UR et une animation qui rentre bien dans le cadre de cette journ\u00e9e : une d\u00e9monstration de chiens pour handicap\u00e9s.<\/p>\n<ul>\n<li>Les repas pour la soir\u00e9e sont \u00e0 r\u00e9server \u00e0 la mairie de Balan : (15 \u20ac adultes &amp; 6 \u20ac enfants) <span style=\"text-decoration: underline\">avant le 28 novembre.<\/span><\/li>\n<li>Une collecte de bouchons de bouteilles est mise en place ainsi qu\u2019une tombola. Pour gagner 2 places pour le concert de M\u2019POKORA lors de sa tourn\u00e9e dans la r\u00e9gion, prix du billet : 2 \u20ac.<\/li>\n<\/ul>\n<p>Toute l\u2019\u00e9quipe esp\u00e8re r\u00e9unir un nombreux public pour que la f\u00eate soit \u00e0 la hauteur de son engagement et que le r\u00e9sultat financier (9 700 \u20ac l\u2019ann\u00e9e derni\u00e8re) puisse d\u00e9passer les 10 000 \u20ac \u2026<img loading=\"lazy\" decoding=\"async\" class=\"alignleft size-full wp-image-16172\" src=\"https:\/\/newsestlyonnais.fr\/site\/medias\/2016\/11\/NEWSESTLYONNAIS-BALAN-TELETHON.jpg\" alt=\"newsestlyonnais-balan-telethon\" width=\"1000\" height=\"750\" srcset=\"https:\/\/newsestlyonnais.fr\/site\/wp-content\/uploads\/2016\/11\/NEWSESTLYONNAIS-BALAN-TELETHON.jpg 1000w, https:\/\/newsestlyonnais.fr\/site\/wp-content\/uploads\/2016\/11\/NEWSESTLYONNAIS-BALAN-TELETHON-400x300.jpg 400w, https:\/\/newsestlyonnais.fr\/site\/wp-content\/uploads\/2016\/11\/NEWSESTLYONNAIS-BALAN-TELETHON-768x576.jpg 768w, https:\/\/newsestlyonnais.fr\/site\/wp-content\/uploads\/2016\/11\/NEWSESTLYONNAIS-BALAN-TELETHON-600x450.jpg 600w, https:\/\/newsestlyonnais.fr\/site\/wp-content\/uploads\/2016\/11\/NEWSESTLYONNAIS-BALAN-TELETHON-100x75.jpg 100w\" sizes=\"auto, (max-width: 1000px) 100vw, 1000px\" \/><\/p>\n","protected":false},"excerpt":{"rendered":"<p>Le Comit\u00e9 T\u00e9l\u00e9thon: une \u00e9quipe toujours motiv\u00e9e qui pr\u00e9pare l\u2019organisation du 30\u00b0 TELETHON NATIONAL et conserve sa ligne directrice: cr\u00e9er une journ\u00e9e conviviale et de partage afin de r\u00e9colter des dons pour l\u2019AFM. Samedi 3 d\u00e9cembre, les festivit\u00e9s commenceront \u00e0 13 heures 30 \u00e0 la salle polyvalente et se termineront par un repas en musique [&hellip;]<\/p>\n","protected":false},"author":4,"featured_media":16177,"comment_status":"open","ping_status":"open","sticky":false,"template":"","format":"standard","meta":{"footnotes":""},"categories":[156,18],"tags":[],"class_list":["post-16169","post","type-post","status-publish","format-standard","has-post-thumbnail","hentry","category-ain","category-sante-bien-etre-solidarite"],"yoast_head":"<!-- This site is optimized with the Yoast SEO plugin v27.2 - https:\/\/yoast.com\/product\/yoast-seo-wordpress\/ -->\n<title>BALAN | 30\u00b0 TELETHON &gt; \u00ab Pour tous les go\u00fbts et tous les \u00e2ges ! \u00bb - News Est Lyonnais<\/title>\n<meta name=\"robots\" content=\"index, follow, max-snippet:-1, max-image-preview:large, max-video-preview:-1\" \/>\n<link rel=\"canonical\" href=\"https:\/\/newsestlyonnais.fr\/site\/2016\/11\/21\/balan-30-telethon-gouts-ages\/\" \/>\n<meta property=\"og:locale\" content=\"fr_FR\" \/>\n<meta property=\"og:type\" content=\"article\" \/>\n<meta property=\"og:title\" content=\"BALAN | 30\u00b0 TELETHON &gt; \u00ab Pour tous les go\u00fbts et tous les \u00e2ges ! \u00bb - News Est Lyonnais\" \/>\n<meta property=\"og:description\" content=\"Le Comit\u00e9 T\u00e9l\u00e9thon: une \u00e9quipe toujours motiv\u00e9e qui pr\u00e9pare l\u2019organisation du 30\u00b0 TELETHON NATIONAL et conserve sa ligne directrice: cr\u00e9er une journ\u00e9e conviviale et de partage afin de r\u00e9colter des dons pour l\u2019AFM. Samedi 3 d\u00e9cembre, les festivit\u00e9s commenceront \u00e0 13 heures 30 \u00e0 la salle polyvalente et se termineront par un repas en musique [&hellip;]\" \/>\n<meta property=\"og:url\" content=\"https:\/\/newsestlyonnais.fr\/site\/2016\/11\/21\/balan-30-telethon-gouts-ages\/\" \/>\n<meta property=\"og:site_name\" content=\"News Est Lyonnais\" \/>\n<meta property=\"article:author\" content=\"https:\/\/www.facebook.com\/pascal.oberson.1?fref=ts\" \/>\n<meta property=\"article:published_time\" content=\"2016-11-21T14:29:57+00:00\" \/>\n<meta property=\"article:modified_time\" content=\"2020-11-16T15:18:15+00:00\" \/>\n<meta property=\"og:image\" content=\"https:\/\/i2.wp.com\/newsestlyonnais.fr\/site\/wp-content\/uploads\/2016\/11\/NEWSESTLYONNAIS-TELETHON-BALAN.jpg?fit=1000%2C750&ssl=1\" \/>\n\t<meta property=\"og:image:width\" content=\"1000\" \/>\n\t<meta property=\"og:image:height\" content=\"750\" \/>\n\t<meta property=\"og:image:type\" content=\"image\/jpeg\" \/>\n<meta name=\"author\" content=\"R\u00e9dac. NEWS\" \/>\n<meta name=\"twitter:card\" content=\"summary_large_image\" \/>\n<meta name=\"twitter:label1\" content=\"\u00c9crit par\" \/>\n\t<meta name=\"twitter:data1\" content=\"R\u00e9dac. NEWS\" \/>\n\t<meta name=\"twitter:label2\" content=\"Dur\u00e9e de lecture estim\u00e9e\" \/>\n\t<meta name=\"twitter:data2\" content=\"1 minute\" \/>\n<script type=\"application\/ld+json\" class=\"yoast-schema-graph\">{\"@context\":\"https:\/\/schema.org\",\"@graph\":[{\"@type\":\"Article\",\"@id\":\"https:\/\/newsestlyonnais.fr\/site\/2016\/11\/21\/balan-30-telethon-gouts-ages\/#article\",\"isPartOf\":{\"@id\":\"https:\/\/newsestlyonnais.fr\/site\/2016\/11\/21\/balan-30-telethon-gouts-ages\/\"},\"author\":{\"name\":\"R\u00e9dac. NEWS\",\"@id\":\"https:\/\/newsestlyonnais.fr\/site\/#\/schema\/person\/3230d5615f390bb808365d673001e887\"},\"headline\":\"BALAN | 30\u00b0 TELETHON > \u00ab Pour tous les go\u00fbts et tous les \u00e2ges ! \u00bb\",\"datePublished\":\"2016-11-21T14:29:57+00:00\",\"dateModified\":\"2020-11-16T15:18:15+00:00\",\"mainEntityOfPage\":{\"@id\":\"https:\/\/newsestlyonnais.fr\/site\/2016\/11\/21\/balan-30-telethon-gouts-ages\/\"},\"wordCount\":264,\"commentCount\":0,\"publisher\":{\"@id\":\"https:\/\/newsestlyonnais.fr\/site\/#organization\"},\"image\":{\"@id\":\"https:\/\/newsestlyonnais.fr\/site\/2016\/11\/21\/balan-30-telethon-gouts-ages\/#primaryimage\"},\"thumbnailUrl\":\"https:\/\/newsestlyonnais.fr\/site\/wp-content\/uploads\/2016\/11\/NEWSESTLYONNAIS-TELETHON-BALAN.jpg\",\"articleSection\":[\"Ain (01)\",\"Sant\u00e9 | Bien Etre | Solidarit\u00e9\"],\"inLanguage\":\"fr-FR\",\"potentialAction\":[{\"@type\":\"CommentAction\",\"name\":\"Comment\",\"target\":[\"https:\/\/newsestlyonnais.fr\/site\/2016\/11\/21\/balan-30-telethon-gouts-ages\/#respond\"]}]},{\"@type\":\"WebPage\",\"@id\":\"https:\/\/newsestlyonnais.fr\/site\/2016\/11\/21\/balan-30-telethon-gouts-ages\/\",\"url\":\"https:\/\/newsestlyonnais.fr\/site\/2016\/11\/21\/balan-30-telethon-gouts-ages\/\",\"name\":\"BALAN | 30\u00b0 TELETHON > \u00ab Pour tous les go\u00fbts et tous les \u00e2ges ! \u00bb - News Est Lyonnais\",\"isPartOf\":{\"@id\":\"https:\/\/newsestlyonnais.fr\/site\/#website\"},\"primaryImageOfPage\":{\"@id\":\"https:\/\/newsestlyonnais.fr\/site\/2016\/11\/21\/balan-30-telethon-gouts-ages\/#primaryimage\"},\"image\":{\"@id\":\"https:\/\/newsestlyonnais.fr\/site\/2016\/11\/21\/balan-30-telethon-gouts-ages\/#primaryimage\"},\"thumbnailUrl\":\"https:\/\/newsestlyonnais.fr\/site\/wp-content\/uploads\/2016\/11\/NEWSESTLYONNAIS-TELETHON-BALAN.jpg\",\"datePublished\":\"2016-11-21T14:29:57+00:00\",\"dateModified\":\"2020-11-16T15:18:15+00:00\",\"breadcrumb\":{\"@id\":\"https:\/\/newsestlyonnais.fr\/site\/2016\/11\/21\/balan-30-telethon-gouts-ages\/#breadcrumb\"},\"inLanguage\":\"fr-FR\",\"potentialAction\":[{\"@type\":\"ReadAction\",\"target\":[\"https:\/\/newsestlyonnais.fr\/site\/2016\/11\/21\/balan-30-telethon-gouts-ages\/\"]}]},{\"@type\":\"ImageObject\",\"inLanguage\":\"fr-FR\",\"@id\":\"https:\/\/newsestlyonnais.fr\/site\/2016\/11\/21\/balan-30-telethon-gouts-ages\/#primaryimage\",\"url\":\"https:\/\/newsestlyonnais.fr\/site\/wp-content\/uploads\/2016\/11\/NEWSESTLYONNAIS-TELETHON-BALAN.jpg\",\"contentUrl\":\"https:\/\/newsestlyonnais.fr\/site\/wp-content\/uploads\/2016\/11\/NEWSESTLYONNAIS-TELETHON-BALAN.jpg\",\"width\":1000,\"height\":750},{\"@type\":\"BreadcrumbList\",\"@id\":\"https:\/\/newsestlyonnais.fr\/site\/2016\/11\/21\/balan-30-telethon-gouts-ages\/#breadcrumb\",\"itemListElement\":[{\"@type\":\"ListItem\",\"position\":1,\"name\":\"Accueil\",\"item\":\"https:\/\/newsestlyonnais.fr\/site\/\"},{\"@type\":\"ListItem\",\"position\":2,\"name\":\"BALAN | 30\u00b0 TELETHON > \u00ab Pour tous les go\u00fbts et tous les \u00e2ges ! \u00bb\"}]},{\"@type\":\"WebSite\",\"@id\":\"https:\/\/newsestlyonnais.fr\/site\/#website\",\"url\":\"https:\/\/newsestlyonnais.fr\/site\/\",\"name\":\"News Est Lyonnais\",\"description\":\"L&#039;actualit\u00e9 au plus pr\u00e8s\",\"publisher\":{\"@id\":\"https:\/\/newsestlyonnais.fr\/site\/#organization\"},\"potentialAction\":[{\"@type\":\"SearchAction\",\"target\":{\"@type\":\"EntryPoint\",\"urlTemplate\":\"https:\/\/newsestlyonnais.fr\/site\/?s={search_term_string}\"},\"query-input\":{\"@type\":\"PropertyValueSpecification\",\"valueRequired\":true,\"valueName\":\"search_term_string\"}}],\"inLanguage\":\"fr-FR\"},{\"@type\":\"Organization\",\"@id\":\"https:\/\/newsestlyonnais.fr\/site\/#organization\",\"name\":\"News EST LYONNAIS\",\"url\":\"https:\/\/newsestlyonnais.fr\/site\/\",\"logo\":{\"@type\":\"ImageObject\",\"inLanguage\":\"fr-FR\",\"@id\":\"https:\/\/newsestlyonnais.fr\/site\/#\/schema\/logo\/image\/\",\"url\":\"\",\"contentUrl\":\"\",\"caption\":\"News EST LYONNAIS\"},\"image\":{\"@id\":\"https:\/\/newsestlyonnais.fr\/site\/#\/schema\/logo\/image\/\"}},{\"@type\":\"Person\",\"@id\":\"https:\/\/newsestlyonnais.fr\/site\/#\/schema\/person\/3230d5615f390bb808365d673001e887\",\"name\":\"R\u00e9dac. NEWS\",\"sameAs\":[\"http:\/\/www.newsestlyonnais.fr\",\"https:\/\/www.facebook.com\/pascal.oberson.1?fref=ts\",\"https:\/\/fr.linkedin.com\/in\/pascal-oberson-b17045113\"],\"url\":\"https:\/\/newsestlyonnais.fr\/site\/author\/nel\/\"}]}<\/script>\n<!-- \/ Yoast SEO plugin. -->","yoast_head_json":{"title":"BALAN | 30\u00b0 TELETHON > \u00ab Pour tous les go\u00fbts et tous les \u00e2ges ! \u00bb - News Est Lyonnais","robots":{"index":"index","follow":"follow","max-snippet":"max-snippet:-1","max-image-preview":"max-image-preview:large","max-video-preview":"max-video-preview:-1"},"canonical":"https:\/\/newsestlyonnais.fr\/site\/2016\/11\/21\/balan-30-telethon-gouts-ages\/","og_locale":"fr_FR","og_type":"article","og_title":"BALAN | 30\u00b0 TELETHON > \u00ab Pour tous les go\u00fbts et tous les \u00e2ges ! \u00bb - News Est Lyonnais","og_description":"Le Comit\u00e9 T\u00e9l\u00e9thon: une \u00e9quipe toujours motiv\u00e9e qui pr\u00e9pare l\u2019organisation du 30\u00b0 TELETHON NATIONAL et conserve sa ligne directrice: cr\u00e9er une journ\u00e9e conviviale et de partage afin de r\u00e9colter des dons pour l\u2019AFM. Samedi 3 d\u00e9cembre, les festivit\u00e9s commenceront \u00e0 13 heures 30 \u00e0 la salle polyvalente et se termineront par un repas en musique [&hellip;]","og_url":"https:\/\/newsestlyonnais.fr\/site\/2016\/11\/21\/balan-30-telethon-gouts-ages\/","og_site_name":"News Est Lyonnais","article_author":"https:\/\/www.facebook.com\/pascal.oberson.1?fref=ts","article_published_time":"2016-11-21T14:29:57+00:00","article_modified_time":"2020-11-16T15:18:15+00:00","og_image":[{"width":1000,"height":750,"url":"https:\/\/i2.wp.com\/newsestlyonnais.fr\/site\/wp-content\/uploads\/2016\/11\/NEWSESTLYONNAIS-TELETHON-BALAN.jpg?fit=1000%2C750&ssl=1","type":"image\/jpeg"}],"author":"R\u00e9dac. NEWS","twitter_card":"summary_large_image","twitter_misc":{"\u00c9crit par":"R\u00e9dac. NEWS","Dur\u00e9e de lecture estim\u00e9e":"1 minute"},"schema":{"@context":"https:\/\/schema.org","@graph":[{"@type":"Article","@id":"https:\/\/newsestlyonnais.fr\/site\/2016\/11\/21\/balan-30-telethon-gouts-ages\/#article","isPartOf":{"@id":"https:\/\/newsestlyonnais.fr\/site\/2016\/11\/21\/balan-30-telethon-gouts-ages\/"},"author":{"name":"R\u00e9dac. NEWS","@id":"https:\/\/newsestlyonnais.fr\/site\/#\/schema\/person\/3230d5615f390bb808365d673001e887"},"headline":"BALAN | 30\u00b0 TELETHON > \u00ab Pour tous les go\u00fbts et tous les \u00e2ges ! \u00bb","datePublished":"2016-11-21T14:29:57+00:00","dateModified":"2020-11-16T15:18:15+00:00","mainEntityOfPage":{"@id":"https:\/\/newsestlyonnais.fr\/site\/2016\/11\/21\/balan-30-telethon-gouts-ages\/"},"wordCount":264,"commentCount":0,"publisher":{"@id":"https:\/\/newsestlyonnais.fr\/site\/#organization"},"image":{"@id":"https:\/\/newsestlyonnais.fr\/site\/2016\/11\/21\/balan-30-telethon-gouts-ages\/#primaryimage"},"thumbnailUrl":"https:\/\/newsestlyonnais.fr\/site\/wp-content\/uploads\/2016\/11\/NEWSESTLYONNAIS-TELETHON-BALAN.jpg","articleSection":["Ain (01)","Sant\u00e9 | Bien Etre | Solidarit\u00e9"],"inLanguage":"fr-FR","potentialAction":[{"@type":"CommentAction","name":"Comment","target":["https:\/\/newsestlyonnais.fr\/site\/2016\/11\/21\/balan-30-telethon-gouts-ages\/#respond"]}]},{"@type":"WebPage","@id":"https:\/\/newsestlyonnais.fr\/site\/2016\/11\/21\/balan-30-telethon-gouts-ages\/","url":"https:\/\/newsestlyonnais.fr\/site\/2016\/11\/21\/balan-30-telethon-gouts-ages\/","name":"BALAN | 30\u00b0 TELETHON > \u00ab Pour tous les go\u00fbts et tous les \u00e2ges ! \u00bb - News Est Lyonnais","isPartOf":{"@id":"https:\/\/newsestlyonnais.fr\/site\/#website"},"primaryImageOfPage":{"@id":"https:\/\/newsestlyonnais.fr\/site\/2016\/11\/21\/balan-30-telethon-gouts-ages\/#primaryimage"},"image":{"@id":"https:\/\/newsestlyonnais.fr\/site\/2016\/11\/21\/balan-30-telethon-gouts-ages\/#primaryimage"},"thumbnailUrl":"https:\/\/newsestlyonnais.fr\/site\/wp-content\/uploads\/2016\/11\/NEWSESTLYONNAIS-TELETHON-BALAN.jpg","datePublished":"2016-11-21T14:29:57+00:00","dateModified":"2020-11-16T15:18:15+00:00","breadcrumb":{"@id":"https:\/\/newsestlyonnais.fr\/site\/2016\/11\/21\/balan-30-telethon-gouts-ages\/#breadcrumb"},"inLanguage":"fr-FR","potentialAction":[{"@type":"ReadAction","target":["https:\/\/newsestlyonnais.fr\/site\/2016\/11\/21\/balan-30-telethon-gouts-ages\/"]}]},{"@type":"ImageObject","inLanguage":"fr-FR","@id":"https:\/\/newsestlyonnais.fr\/site\/2016\/11\/21\/balan-30-telethon-gouts-ages\/#primaryimage","url":"https:\/\/newsestlyonnais.fr\/site\/wp-content\/uploads\/2016\/11\/NEWSESTLYONNAIS-TELETHON-BALAN.jpg","contentUrl":"https:\/\/newsestlyonnais.fr\/site\/wp-content\/uploads\/2016\/11\/NEWSESTLYONNAIS-TELETHON-BALAN.jpg","width":1000,"height":750},{"@type":"BreadcrumbList","@id":"https:\/\/newsestlyonnais.fr\/site\/2016\/11\/21\/balan-30-telethon-gouts-ages\/#breadcrumb","itemListElement":[{"@type":"ListItem","position":1,"name":"Accueil","item":"https:\/\/newsestlyonnais.fr\/site\/"},{"@type":"ListItem","position":2,"name":"BALAN | 30\u00b0 TELETHON > \u00ab Pour tous les go\u00fbts et tous les \u00e2ges ! \u00bb"}]},{"@type":"WebSite","@id":"https:\/\/newsestlyonnais.fr\/site\/#website","url":"https:\/\/newsestlyonnais.fr\/site\/","name":"News Est Lyonnais","description":"L&#039;actualit\u00e9 au plus pr\u00e8s","publisher":{"@id":"https:\/\/newsestlyonnais.fr\/site\/#organization"},"potentialAction":[{"@type":"SearchAction","target":{"@type":"EntryPoint","urlTemplate":"https:\/\/newsestlyonnais.fr\/site\/?s={search_term_string}"},"query-input":{"@type":"PropertyValueSpecification","valueRequired":true,"valueName":"search_term_string"}}],"inLanguage":"fr-FR"},{"@type":"Organization","@id":"https:\/\/newsestlyonnais.fr\/site\/#organization","name":"News EST LYONNAIS","url":"https:\/\/newsestlyonnais.fr\/site\/","logo":{"@type":"ImageObject","inLanguage":"fr-FR","@id":"https:\/\/newsestlyonnais.fr\/site\/#\/schema\/logo\/image\/","url":"","contentUrl":"","caption":"News EST LYONNAIS"},"image":{"@id":"https:\/\/newsestlyonnais.fr\/site\/#\/schema\/logo\/image\/"}},{"@type":"Person","@id":"https:\/\/newsestlyonnais.fr\/site\/#\/schema\/person\/3230d5615f390bb808365d673001e887","name":"R\u00e9dac. NEWS","sameAs":["http:\/\/www.newsestlyonnais.fr","https:\/\/www.facebook.com\/pascal.oberson.1?fref=ts","https:\/\/fr.linkedin.com\/in\/pascal-oberson-b17045113"],"url":"https:\/\/newsestlyonnais.fr\/site\/author\/nel\/"}]}},"_links":{"self":[{"href":"https:\/\/newsestlyonnais.fr\/site\/wp-json\/wp\/v2\/posts\/16169","targetHints":{"allow":["GET"]}}],"collection":[{"href":"https:\/\/newsestlyonnais.fr\/site\/wp-json\/wp\/v2\/posts"}],"about":[{"href":"https:\/\/newsestlyonnais.fr\/site\/wp-json\/wp\/v2\/types\/post"}],"author":[{"embeddable":true,"href":"https:\/\/newsestlyonnais.fr\/site\/wp-json\/wp\/v2\/users\/4"}],"replies":[{"embeddable":true,"href":"https:\/\/newsestlyonnais.fr\/site\/wp-json\/wp\/v2\/comments?post=16169"}],"version-history":[{"count":0,"href":"https:\/\/newsestlyonnais.fr\/site\/wp-json\/wp\/v2\/posts\/16169\/revisions"}],"wp:featuredmedia":[{"embeddable":true,"href":"https:\/\/newsestlyonnais.fr\/site\/wp-json\/wp\/v2\/media\/16177"}],"wp:attachment":[{"href":"https:\/\/newsestlyonnais.fr\/site\/wp-json\/wp\/v2\/media?parent=16169"}],"wp:term":[{"taxonomy":"category","embeddable":true,"href":"https:\/\/newsestlyonnais.fr\/site\/wp-json\/wp\/v2\/categories?post=16169"},{"taxonomy":"post_tag","embeddable":true,"href":"https:\/\/newsestlyonnais.fr\/site\/wp-json\/wp\/v2\/tags?post=16169"}],"curies":[{"name":"wp","href":"https:\/\/api.w.org\/{rel}","templated":true}]}}