{"id":16204,"date":"2016-11-22T06:55:15","date_gmt":"2016-11-22T05:55:15","guid":{"rendered":"http:\/\/newsestlyonnais.fr\/site\/?p=16204"},"modified":"2020-11-15T19:22:58","modified_gmt":"2020-11-15T18:22:58","slug":"villeurbanne-commune-retenue-experimenter-dispositif-zero-chomeur-de-longue-duree","status":"publish","type":"post","link":"https:\/\/newsestlyonnais.fr\/site\/2016\/11\/22\/villeurbanne-commune-retenue-experimenter-dispositif-zero-chomeur-de-longue-duree\/","title":{"rendered":"VILLEURBANNE | La commune retenue pour exp\u00e9rimenter le dispositif \u00ab\u00a0Z\u00e9ro ch\u00f4meur de longue dur\u00e9e\u00a0\u00bb"},"content":{"rendered":"<div class=\"document-page\">\n<div class=\"pdf-page\">\n<div class=\"text-wrapper user-select-text\">\n<h4>Le quartier Saint-Jean vient d\u2019\u00eatre choisi comme l\u2019un des dix territoires pilotes en France pour l\u2019 exp\u00e9rimentation \u00ab\u00a0Z\u00e9ro ch\u00f4meur de longue dur\u00e9e\u00a0\u00bb.<\/h4>\n<div><\/div>\n<div>Initi\u00e9 par l\u2019association ATD-Quart, l\u2019h\u00f4tel de ville monde, ce dispositif recommande de ne plus verser les<\/div>\n<div>allocations ch\u00f4mage aux b\u00e9n\u00e9ficiaires mais de les affecter au financement de la cr\u00e9ation d\u2019entreprises et d\u2019emplois.<\/div>\n<p>C\u2019est avec une tr\u00e8s grande satisfaction que j\u2019accueille cette d\u00e9cision du minist\u00e8re du Travail. Pour celles et ceux qui sont durablement priv\u00e9s d\u2019emploi, c\u2019est l\u2019espoir d\u2019un nouvel avenir professionnel. C\u2019est aussi la promesse de s\u2019\u00e9loigner de la pauvret\u00e9 et de l\u2019exclusion. A Saint-Jean, cela concerne pr\u00e8s de 400 habitants.<\/p>\n<div>Apr\u00e8s le vote de la loi \u00ab\u00a0Z\u00e9ro ch\u00f4meur de longue dur\u00e9e\u00a0\u00bb, Villeurbanne s\u2019est mobilis\u00e9e, avec enthousiasme et conviction, pour \u00e9laborer une candidature remarquable. Elle s\u2019appuie sur trois id\u00e9es-forces : anticiper la<\/div>\n<div>r\u00e9novation urbaine du quartier en s\u2019attaquant \u00e0 sa difficult\u00e9 premi\u00e8re : le ch\u00f4mage. D\u00e9velopper les services aux personnes. Tester des activit\u00e9s nouvelles relevant de l\u2019\u00e9conomie circulaire.<\/div>\n<div><\/div>\n<div>La Mission r\u00e9gionale d\u2019information sur l\u2019exclusion (MRIE) et son charg\u00e9 de mission, Paul Bruyelles, ont f\u00e9d\u00e9r\u00e9 autour de ce projet innovant de nombreux partenaires : l\u2019Etat, P\u00f4le emploi, des habitants de Saint-Jean, des entreprises et des associations locales, des \u00e9lus.<\/div>\n<div>Je tiens \u00e0 saluer l\u2019implication majeure d\u2019Agn\u00e8s Thouvenot, l\u2019adjointe \u00e0 l\u2019Emploi et \u00e0 l\u2019insertion. Pour ma part, je me suis engag\u00e9 au titre de maire de Villeurbanne et de vice-pr\u00e9sident de la M\u00e9tropole.<\/div>\n<div>Tous ces acteurs ont construit ensemble un projet cr\u00e9dible qui a cinq ans pour faire ses preuves. Prochainement, une entreprise verra le jour. Elle proposera aux ch\u00f4meurs de longue dur\u00e9e des contrats \u00e0 dur\u00e9e ind\u00e9termin\u00e9e, r\u00e9mun\u00e9r\u00e9s au SMIC, et cela, dans des secteurs qui n\u2019entrent pas en concurrence avec les Tr\u00e8s petites entreprises (TPE) et les artisans du territoire.<\/div>\n<\/div>\n<\/div>\n<\/div>\n<div class=\"swiper-slide scrollable swiper-slide-document swiper-slide-active swiper-no-swiping\">\n<div class=\"document-container io-ox-core-pdf\">\n<div class=\"document-page\">\n<div class=\"pdf-page\">\n<div class=\"text-wrapper user-select-text\">\n<div>R\u00e9ussir cette exp\u00e9rimentation \u00e0 Saint-Jean nous permettrait d\u2019\u00e9tendre le dispositif \u00e0 d\u2019autres quartiers qui connaissent les m\u00eames fragilit\u00e9s.<\/div>\n<\/div>\n<\/div>\n<div><\/div>\n<div class=\"pdf-page\">\n<div class=\"text-wrapper user-select-text\">\n<h4><span style=\"text-decoration: underline\"><em><strong>SOURCE<\/strong><\/em><\/span>: <em><strong>Communiqu\u00e9 de presse de Jean-Paul Bret (maire de Villeurbanne) du 21 Novembre 2016<\/strong><\/em><\/h4>\n<div>\u200b<\/div>\n<\/div>\n<\/div>\n<\/div>\n<\/div>\n<\/div>\n","protected":false},"excerpt":{"rendered":"<p>Le quartier Saint-Jean vient d\u2019\u00eatre choisi comme l\u2019un des dix territoires pilotes en France pour l\u2019 exp\u00e9rimentation \u00ab\u00a0Z\u00e9ro ch\u00f4meur de longue dur\u00e9e\u00a0\u00bb. Initi\u00e9 par l\u2019association ATD-Quart, l\u2019h\u00f4tel de ville monde, ce dispositif recommande de ne plus verser les allocations ch\u00f4mage aux b\u00e9n\u00e9ficiaires mais de les affecter au financement de la cr\u00e9ation d\u2019entreprises et d\u2019emplois. C\u2019est [&hellip;]<\/p>\n","protected":false},"author":4,"featured_media":12277,"comment_status":"open","ping_status":"open","sticky":false,"template":"","format":"standard","meta":{"footnotes":""},"categories":[10,29],"tags":[],"class_list":["post-16204","post","type-post","status-publish","format-standard","has-post-thumbnail","hentry","category-emplois","category-villeurbanne"],"yoast_head":"<!-- This site is optimized with the Yoast SEO plugin v27.2 - https:\/\/yoast.com\/product\/yoast-seo-wordpress\/ -->\n<title>VILLEURBANNE | La commune retenue pour exp\u00e9rimenter le dispositif &quot;Z\u00e9ro ch\u00f4meur de longue dur\u00e9e&quot; - News Est Lyonnais<\/title>\n<meta name=\"robots\" content=\"index, follow, max-snippet:-1, max-image-preview:large, max-video-preview:-1\" \/>\n<link rel=\"canonical\" href=\"https:\/\/newsestlyonnais.fr\/site\/2016\/11\/22\/villeurbanne-commune-retenue-experimenter-dispositif-zero-chomeur-de-longue-duree\/\" \/>\n<meta property=\"og:locale\" content=\"fr_FR\" \/>\n<meta property=\"og:type\" content=\"article\" \/>\n<meta property=\"og:title\" content=\"VILLEURBANNE | La commune retenue pour exp\u00e9rimenter le dispositif &quot;Z\u00e9ro ch\u00f4meur de longue dur\u00e9e&quot; - News Est Lyonnais\" \/>\n<meta property=\"og:description\" content=\"Le quartier Saint-Jean vient d\u2019\u00eatre choisi comme l\u2019un des dix territoires pilotes en France pour l\u2019 exp\u00e9rimentation \u00ab\u00a0Z\u00e9ro ch\u00f4meur de longue dur\u00e9e\u00a0\u00bb. Initi\u00e9 par l\u2019association ATD-Quart, l\u2019h\u00f4tel de ville monde, ce dispositif recommande de ne plus verser les allocations ch\u00f4mage aux b\u00e9n\u00e9ficiaires mais de les affecter au financement de la cr\u00e9ation d\u2019entreprises et d\u2019emplois. C\u2019est [&hellip;]\" \/>\n<meta property=\"og:url\" content=\"https:\/\/newsestlyonnais.fr\/site\/2016\/11\/22\/villeurbanne-commune-retenue-experimenter-dispositif-zero-chomeur-de-longue-duree\/\" \/>\n<meta property=\"og:site_name\" content=\"News Est Lyonnais\" \/>\n<meta property=\"article:author\" content=\"https:\/\/www.facebook.com\/pascal.oberson.1?fref=ts\" \/>\n<meta property=\"article:published_time\" content=\"2016-11-22T05:55:15+00:00\" \/>\n<meta property=\"article:modified_time\" content=\"2020-11-15T18:22:58+00:00\" \/>\n<meta property=\"og:image\" content=\"https:\/\/i0.wp.com\/newsestlyonnais.fr\/site\/wp-content\/uploads\/2016\/09\/NEWSESTLYONNAIS-PANNEAUVILLEURBANNE.jpg?fit=1000%2C750&ssl=1\" \/>\n\t<meta property=\"og:image:width\" content=\"1000\" \/>\n\t<meta property=\"og:image:height\" content=\"750\" \/>\n\t<meta property=\"og:image:type\" content=\"image\/jpeg\" \/>\n<meta name=\"author\" content=\"R\u00e9dac. NEWS\" \/>\n<meta name=\"twitter:card\" content=\"summary_large_image\" \/>\n<meta name=\"twitter:label1\" content=\"\u00c9crit par\" \/>\n\t<meta name=\"twitter:data1\" content=\"R\u00e9dac. NEWS\" \/>\n\t<meta name=\"twitter:label2\" content=\"Dur\u00e9e de lecture estim\u00e9e\" \/>\n\t<meta name=\"twitter:data2\" content=\"2 minutes\" \/>\n<script type=\"application\/ld+json\" class=\"yoast-schema-graph\">{\"@context\":\"https:\/\/schema.org\",\"@graph\":[{\"@type\":\"Article\",\"@id\":\"https:\/\/newsestlyonnais.fr\/site\/2016\/11\/22\/villeurbanne-commune-retenue-experimenter-dispositif-zero-chomeur-de-longue-duree\/#article\",\"isPartOf\":{\"@id\":\"https:\/\/newsestlyonnais.fr\/site\/2016\/11\/22\/villeurbanne-commune-retenue-experimenter-dispositif-zero-chomeur-de-longue-duree\/\"},\"author\":{\"name\":\"R\u00e9dac. NEWS\",\"@id\":\"https:\/\/newsestlyonnais.fr\/site\/#\/schema\/person\/3230d5615f390bb808365d673001e887\"},\"headline\":\"VILLEURBANNE | La commune retenue pour exp\u00e9rimenter le dispositif \u00ab\u00a0Z\u00e9ro ch\u00f4meur de longue dur\u00e9e\u00a0\u00bb\",\"datePublished\":\"2016-11-22T05:55:15+00:00\",\"dateModified\":\"2020-11-15T18:22:58+00:00\",\"mainEntityOfPage\":{\"@id\":\"https:\/\/newsestlyonnais.fr\/site\/2016\/11\/22\/villeurbanne-commune-retenue-experimenter-dispositif-zero-chomeur-de-longue-duree\/\"},\"wordCount\":404,\"commentCount\":0,\"publisher\":{\"@id\":\"https:\/\/newsestlyonnais.fr\/site\/#organization\"},\"image\":{\"@id\":\"https:\/\/newsestlyonnais.fr\/site\/2016\/11\/22\/villeurbanne-commune-retenue-experimenter-dispositif-zero-chomeur-de-longue-duree\/#primaryimage\"},\"thumbnailUrl\":\"https:\/\/newsestlyonnais.fr\/site\/wp-content\/uploads\/2016\/09\/NEWSESTLYONNAIS-PANNEAUVILLEURBANNE.jpg\",\"articleSection\":[\"Emplois\",\"Villeurbanne\"],\"inLanguage\":\"fr-FR\",\"potentialAction\":[{\"@type\":\"CommentAction\",\"name\":\"Comment\",\"target\":[\"https:\/\/newsestlyonnais.fr\/site\/2016\/11\/22\/villeurbanne-commune-retenue-experimenter-dispositif-zero-chomeur-de-longue-duree\/#respond\"]}]},{\"@type\":\"WebPage\",\"@id\":\"https:\/\/newsestlyonnais.fr\/site\/2016\/11\/22\/villeurbanne-commune-retenue-experimenter-dispositif-zero-chomeur-de-longue-duree\/\",\"url\":\"https:\/\/newsestlyonnais.fr\/site\/2016\/11\/22\/villeurbanne-commune-retenue-experimenter-dispositif-zero-chomeur-de-longue-duree\/\",\"name\":\"VILLEURBANNE | La commune retenue pour exp\u00e9rimenter le dispositif \\\"Z\u00e9ro ch\u00f4meur de longue dur\u00e9e\\\" - News Est Lyonnais\",\"isPartOf\":{\"@id\":\"https:\/\/newsestlyonnais.fr\/site\/#website\"},\"primaryImageOfPage\":{\"@id\":\"https:\/\/newsestlyonnais.fr\/site\/2016\/11\/22\/villeurbanne-commune-retenue-experimenter-dispositif-zero-chomeur-de-longue-duree\/#primaryimage\"},\"image\":{\"@id\":\"https:\/\/newsestlyonnais.fr\/site\/2016\/11\/22\/villeurbanne-commune-retenue-experimenter-dispositif-zero-chomeur-de-longue-duree\/#primaryimage\"},\"thumbnailUrl\":\"https:\/\/newsestlyonnais.fr\/site\/wp-content\/uploads\/2016\/09\/NEWSESTLYONNAIS-PANNEAUVILLEURBANNE.jpg\",\"datePublished\":\"2016-11-22T05:55:15+00:00\",\"dateModified\":\"2020-11-15T18:22:58+00:00\",\"breadcrumb\":{\"@id\":\"https:\/\/newsestlyonnais.fr\/site\/2016\/11\/22\/villeurbanne-commune-retenue-experimenter-dispositif-zero-chomeur-de-longue-duree\/#breadcrumb\"},\"inLanguage\":\"fr-FR\",\"potentialAction\":[{\"@type\":\"ReadAction\",\"target\":[\"https:\/\/newsestlyonnais.fr\/site\/2016\/11\/22\/villeurbanne-commune-retenue-experimenter-dispositif-zero-chomeur-de-longue-duree\/\"]}]},{\"@type\":\"ImageObject\",\"inLanguage\":\"fr-FR\",\"@id\":\"https:\/\/newsestlyonnais.fr\/site\/2016\/11\/22\/villeurbanne-commune-retenue-experimenter-dispositif-zero-chomeur-de-longue-duree\/#primaryimage\",\"url\":\"https:\/\/newsestlyonnais.fr\/site\/wp-content\/uploads\/2016\/09\/NEWSESTLYONNAIS-PANNEAUVILLEURBANNE.jpg\",\"contentUrl\":\"https:\/\/newsestlyonnais.fr\/site\/wp-content\/uploads\/2016\/09\/NEWSESTLYONNAIS-PANNEAUVILLEURBANNE.jpg\",\"width\":1000,\"height\":750,\"caption\":\"newsestlyonnais-panneauvilleurbanne\"},{\"@type\":\"BreadcrumbList\",\"@id\":\"https:\/\/newsestlyonnais.fr\/site\/2016\/11\/22\/villeurbanne-commune-retenue-experimenter-dispositif-zero-chomeur-de-longue-duree\/#breadcrumb\",\"itemListElement\":[{\"@type\":\"ListItem\",\"position\":1,\"name\":\"Accueil\",\"item\":\"https:\/\/newsestlyonnais.fr\/site\/\"},{\"@type\":\"ListItem\",\"position\":2,\"name\":\"VILLEURBANNE | La commune retenue pour exp\u00e9rimenter le dispositif \u00ab\u00a0Z\u00e9ro ch\u00f4meur de longue dur\u00e9e\u00a0\u00bb\"}]},{\"@type\":\"WebSite\",\"@id\":\"https:\/\/newsestlyonnais.fr\/site\/#website\",\"url\":\"https:\/\/newsestlyonnais.fr\/site\/\",\"name\":\"News Est Lyonnais\",\"description\":\"L&#039;actualit\u00e9 au plus pr\u00e8s\",\"publisher\":{\"@id\":\"https:\/\/newsestlyonnais.fr\/site\/#organization\"},\"potentialAction\":[{\"@type\":\"SearchAction\",\"target\":{\"@type\":\"EntryPoint\",\"urlTemplate\":\"https:\/\/newsestlyonnais.fr\/site\/?s={search_term_string}\"},\"query-input\":{\"@type\":\"PropertyValueSpecification\",\"valueRequired\":true,\"valueName\":\"search_term_string\"}}],\"inLanguage\":\"fr-FR\"},{\"@type\":\"Organization\",\"@id\":\"https:\/\/newsestlyonnais.fr\/site\/#organization\",\"name\":\"News EST LYONNAIS\",\"url\":\"https:\/\/newsestlyonnais.fr\/site\/\",\"logo\":{\"@type\":\"ImageObject\",\"inLanguage\":\"fr-FR\",\"@id\":\"https:\/\/newsestlyonnais.fr\/site\/#\/schema\/logo\/image\/\",\"url\":\"\",\"contentUrl\":\"\",\"caption\":\"News EST LYONNAIS\"},\"image\":{\"@id\":\"https:\/\/newsestlyonnais.fr\/site\/#\/schema\/logo\/image\/\"}},{\"@type\":\"Person\",\"@id\":\"https:\/\/newsestlyonnais.fr\/site\/#\/schema\/person\/3230d5615f390bb808365d673001e887\",\"name\":\"R\u00e9dac. NEWS\",\"sameAs\":[\"http:\/\/www.newsestlyonnais.fr\",\"https:\/\/www.facebook.com\/pascal.oberson.1?fref=ts\",\"https:\/\/fr.linkedin.com\/in\/pascal-oberson-b17045113\"],\"url\":\"https:\/\/newsestlyonnais.fr\/site\/author\/nel\/\"}]}<\/script>\n<!-- \/ Yoast SEO plugin. -->","yoast_head_json":{"title":"VILLEURBANNE | La commune retenue pour exp\u00e9rimenter le dispositif \"Z\u00e9ro ch\u00f4meur de longue dur\u00e9e\" - News Est Lyonnais","robots":{"index":"index","follow":"follow","max-snippet":"max-snippet:-1","max-image-preview":"max-image-preview:large","max-video-preview":"max-video-preview:-1"},"canonical":"https:\/\/newsestlyonnais.fr\/site\/2016\/11\/22\/villeurbanne-commune-retenue-experimenter-dispositif-zero-chomeur-de-longue-duree\/","og_locale":"fr_FR","og_type":"article","og_title":"VILLEURBANNE | La commune retenue pour exp\u00e9rimenter le dispositif \"Z\u00e9ro ch\u00f4meur de longue dur\u00e9e\" - News Est Lyonnais","og_description":"Le quartier Saint-Jean vient d\u2019\u00eatre choisi comme l\u2019un des dix territoires pilotes en France pour l\u2019 exp\u00e9rimentation \u00ab\u00a0Z\u00e9ro ch\u00f4meur de longue dur\u00e9e\u00a0\u00bb. Initi\u00e9 par l\u2019association ATD-Quart, l\u2019h\u00f4tel de ville monde, ce dispositif recommande de ne plus verser les allocations ch\u00f4mage aux b\u00e9n\u00e9ficiaires mais de les affecter au financement de la cr\u00e9ation d\u2019entreprises et d\u2019emplois. C\u2019est [&hellip;]","og_url":"https:\/\/newsestlyonnais.fr\/site\/2016\/11\/22\/villeurbanne-commune-retenue-experimenter-dispositif-zero-chomeur-de-longue-duree\/","og_site_name":"News Est Lyonnais","article_author":"https:\/\/www.facebook.com\/pascal.oberson.1?fref=ts","article_published_time":"2016-11-22T05:55:15+00:00","article_modified_time":"2020-11-15T18:22:58+00:00","og_image":[{"width":1000,"height":750,"url":"https:\/\/i0.wp.com\/newsestlyonnais.fr\/site\/wp-content\/uploads\/2016\/09\/NEWSESTLYONNAIS-PANNEAUVILLEURBANNE.jpg?fit=1000%2C750&ssl=1","type":"image\/jpeg"}],"author":"R\u00e9dac. NEWS","twitter_card":"summary_large_image","twitter_misc":{"\u00c9crit par":"R\u00e9dac. NEWS","Dur\u00e9e de lecture estim\u00e9e":"2 minutes"},"schema":{"@context":"https:\/\/schema.org","@graph":[{"@type":"Article","@id":"https:\/\/newsestlyonnais.fr\/site\/2016\/11\/22\/villeurbanne-commune-retenue-experimenter-dispositif-zero-chomeur-de-longue-duree\/#article","isPartOf":{"@id":"https:\/\/newsestlyonnais.fr\/site\/2016\/11\/22\/villeurbanne-commune-retenue-experimenter-dispositif-zero-chomeur-de-longue-duree\/"},"author":{"name":"R\u00e9dac. NEWS","@id":"https:\/\/newsestlyonnais.fr\/site\/#\/schema\/person\/3230d5615f390bb808365d673001e887"},"headline":"VILLEURBANNE | La commune retenue pour exp\u00e9rimenter le dispositif \u00ab\u00a0Z\u00e9ro ch\u00f4meur de longue dur\u00e9e\u00a0\u00bb","datePublished":"2016-11-22T05:55:15+00:00","dateModified":"2020-11-15T18:22:58+00:00","mainEntityOfPage":{"@id":"https:\/\/newsestlyonnais.fr\/site\/2016\/11\/22\/villeurbanne-commune-retenue-experimenter-dispositif-zero-chomeur-de-longue-duree\/"},"wordCount":404,"commentCount":0,"publisher":{"@id":"https:\/\/newsestlyonnais.fr\/site\/#organization"},"image":{"@id":"https:\/\/newsestlyonnais.fr\/site\/2016\/11\/22\/villeurbanne-commune-retenue-experimenter-dispositif-zero-chomeur-de-longue-duree\/#primaryimage"},"thumbnailUrl":"https:\/\/newsestlyonnais.fr\/site\/wp-content\/uploads\/2016\/09\/NEWSESTLYONNAIS-PANNEAUVILLEURBANNE.jpg","articleSection":["Emplois","Villeurbanne"],"inLanguage":"fr-FR","potentialAction":[{"@type":"CommentAction","name":"Comment","target":["https:\/\/newsestlyonnais.fr\/site\/2016\/11\/22\/villeurbanne-commune-retenue-experimenter-dispositif-zero-chomeur-de-longue-duree\/#respond"]}]},{"@type":"WebPage","@id":"https:\/\/newsestlyonnais.fr\/site\/2016\/11\/22\/villeurbanne-commune-retenue-experimenter-dispositif-zero-chomeur-de-longue-duree\/","url":"https:\/\/newsestlyonnais.fr\/site\/2016\/11\/22\/villeurbanne-commune-retenue-experimenter-dispositif-zero-chomeur-de-longue-duree\/","name":"VILLEURBANNE | La commune retenue pour exp\u00e9rimenter le dispositif \"Z\u00e9ro ch\u00f4meur de longue dur\u00e9e\" - News Est Lyonnais","isPartOf":{"@id":"https:\/\/newsestlyonnais.fr\/site\/#website"},"primaryImageOfPage":{"@id":"https:\/\/newsestlyonnais.fr\/site\/2016\/11\/22\/villeurbanne-commune-retenue-experimenter-dispositif-zero-chomeur-de-longue-duree\/#primaryimage"},"image":{"@id":"https:\/\/newsestlyonnais.fr\/site\/2016\/11\/22\/villeurbanne-commune-retenue-experimenter-dispositif-zero-chomeur-de-longue-duree\/#primaryimage"},"thumbnailUrl":"https:\/\/newsestlyonnais.fr\/site\/wp-content\/uploads\/2016\/09\/NEWSESTLYONNAIS-PANNEAUVILLEURBANNE.jpg","datePublished":"2016-11-22T05:55:15+00:00","dateModified":"2020-11-15T18:22:58+00:00","breadcrumb":{"@id":"https:\/\/newsestlyonnais.fr\/site\/2016\/11\/22\/villeurbanne-commune-retenue-experimenter-dispositif-zero-chomeur-de-longue-duree\/#breadcrumb"},"inLanguage":"fr-FR","potentialAction":[{"@type":"ReadAction","target":["https:\/\/newsestlyonnais.fr\/site\/2016\/11\/22\/villeurbanne-commune-retenue-experimenter-dispositif-zero-chomeur-de-longue-duree\/"]}]},{"@type":"ImageObject","inLanguage":"fr-FR","@id":"https:\/\/newsestlyonnais.fr\/site\/2016\/11\/22\/villeurbanne-commune-retenue-experimenter-dispositif-zero-chomeur-de-longue-duree\/#primaryimage","url":"https:\/\/newsestlyonnais.fr\/site\/wp-content\/uploads\/2016\/09\/NEWSESTLYONNAIS-PANNEAUVILLEURBANNE.jpg","contentUrl":"https:\/\/newsestlyonnais.fr\/site\/wp-content\/uploads\/2016\/09\/NEWSESTLYONNAIS-PANNEAUVILLEURBANNE.jpg","width":1000,"height":750,"caption":"newsestlyonnais-panneauvilleurbanne"},{"@type":"BreadcrumbList","@id":"https:\/\/newsestlyonnais.fr\/site\/2016\/11\/22\/villeurbanne-commune-retenue-experimenter-dispositif-zero-chomeur-de-longue-duree\/#breadcrumb","itemListElement":[{"@type":"ListItem","position":1,"name":"Accueil","item":"https:\/\/newsestlyonnais.fr\/site\/"},{"@type":"ListItem","position":2,"name":"VILLEURBANNE | La commune retenue pour exp\u00e9rimenter le dispositif \u00ab\u00a0Z\u00e9ro ch\u00f4meur de longue dur\u00e9e\u00a0\u00bb"}]},{"@type":"WebSite","@id":"https:\/\/newsestlyonnais.fr\/site\/#website","url":"https:\/\/newsestlyonnais.fr\/site\/","name":"News Est Lyonnais","description":"L&#039;actualit\u00e9 au plus pr\u00e8s","publisher":{"@id":"https:\/\/newsestlyonnais.fr\/site\/#organization"},"potentialAction":[{"@type":"SearchAction","target":{"@type":"EntryPoint","urlTemplate":"https:\/\/newsestlyonnais.fr\/site\/?s={search_term_string}"},"query-input":{"@type":"PropertyValueSpecification","valueRequired":true,"valueName":"search_term_string"}}],"inLanguage":"fr-FR"},{"@type":"Organization","@id":"https:\/\/newsestlyonnais.fr\/site\/#organization","name":"News EST LYONNAIS","url":"https:\/\/newsestlyonnais.fr\/site\/","logo":{"@type":"ImageObject","inLanguage":"fr-FR","@id":"https:\/\/newsestlyonnais.fr\/site\/#\/schema\/logo\/image\/","url":"","contentUrl":"","caption":"News EST LYONNAIS"},"image":{"@id":"https:\/\/newsestlyonnais.fr\/site\/#\/schema\/logo\/image\/"}},{"@type":"Person","@id":"https:\/\/newsestlyonnais.fr\/site\/#\/schema\/person\/3230d5615f390bb808365d673001e887","name":"R\u00e9dac. NEWS","sameAs":["http:\/\/www.newsestlyonnais.fr","https:\/\/www.facebook.com\/pascal.oberson.1?fref=ts","https:\/\/fr.linkedin.com\/in\/pascal-oberson-b17045113"],"url":"https:\/\/newsestlyonnais.fr\/site\/author\/nel\/"}]}},"_links":{"self":[{"href":"https:\/\/newsestlyonnais.fr\/site\/wp-json\/wp\/v2\/posts\/16204","targetHints":{"allow":["GET"]}}],"collection":[{"href":"https:\/\/newsestlyonnais.fr\/site\/wp-json\/wp\/v2\/posts"}],"about":[{"href":"https:\/\/newsestlyonnais.fr\/site\/wp-json\/wp\/v2\/types\/post"}],"author":[{"embeddable":true,"href":"https:\/\/newsestlyonnais.fr\/site\/wp-json\/wp\/v2\/users\/4"}],"replies":[{"embeddable":true,"href":"https:\/\/newsestlyonnais.fr\/site\/wp-json\/wp\/v2\/comments?post=16204"}],"version-history":[{"count":0,"href":"https:\/\/newsestlyonnais.fr\/site\/wp-json\/wp\/v2\/posts\/16204\/revisions"}],"wp:featuredmedia":[{"embeddable":true,"href":"https:\/\/newsestlyonnais.fr\/site\/wp-json\/wp\/v2\/media\/12277"}],"wp:attachment":[{"href":"https:\/\/newsestlyonnais.fr\/site\/wp-json\/wp\/v2\/media?parent=16204"}],"wp:term":[{"taxonomy":"category","embeddable":true,"href":"https:\/\/newsestlyonnais.fr\/site\/wp-json\/wp\/v2\/categories?post=16204"},{"taxonomy":"post_tag","embeddable":true,"href":"https:\/\/newsestlyonnais.fr\/site\/wp-json\/wp\/v2\/tags?post=16204"}],"curies":[{"name":"wp","href":"https:\/\/api.w.org\/{rel}","templated":true}]}}