{"id":162046,"date":"2022-08-05T18:02:43","date_gmt":"2022-08-05T17:02:43","guid":{"rendered":"https:\/\/newsestlyonnais.fr\/site\/?p=162046"},"modified":"2022-12-08T14:22:25","modified_gmt":"2022-12-08T13:22:25","slug":"rillieux-la-pape-6-edition-de-la-nouvelle-version-de-la-bandrill","status":"publish","type":"post","link":"https:\/\/newsestlyonnais.fr\/site\/2022\/08\/05\/rillieux-la-pape-6-edition-de-la-nouvelle-version-de-la-bandrill\/","title":{"rendered":"RILLIEUX-LA-PAPE | 6\u00b0 \u00e9dition de la nouvelle version de la Band&rsquo;Rill"},"content":{"rendered":"<p><span style=\"background-color: #000000; color: #ffffff; font-size: 14pt;\"><strong>Cette course, pour la nouvelle version, a-t-elle eu lieu en 2020 &amp; 2021 ?<\/strong> <\/span><\/p>\n<p>\u00a0\u00bb Donc c&rsquo;est la 6\u00b0 \u00e9dition de la nouvelle version de la Band&rsquo;Rill. Il n&rsquo;y a pas eu de course en 2020 pour les raisons sanitaires. En 2021 il y eut une \u00e9dition mais avec des contraintes li\u00e9es au covid avec un protocole en vigueur instaur\u00e9 par le Minist\u00e8re de la sant\u00e9 et la F\u00e9d\u00e9ration Fran\u00e7aise d&rsquo;Athl\u00e9tisme\u00a0\u00bb .<\/p>\n<p><span style=\"background-color: #000000; color: #ffffff; font-size: 14pt;\"><strong>C&rsquo;est une ancienne \u00e9preuve qui a \u00e9t\u00e9 reprise, pour quelle raison ?<\/strong> <\/span><\/p>\n<p>\u00a0\u00bb L&rsquo;\u00e9preuve est reprise en 2016 afin de venir en aide \u00e0 un policier amput\u00e9 de la jambe. Le but \u00e9tait de faire cr\u00e9er un \u00e9v\u00e9nement pour la population et d\u00e8s ma prise de fonction en tant qu&rsquo;adjoint et en tant qu&rsquo;athl\u00e8te moi m\u00eame, en ayant particip\u00e9 \u00e0 plusieurs reprises \u00e0 cette course et l&rsquo;ayant gagn\u00e9,<strong> il \u00e9tait \u00e9vident que la course \u00e0a pied \u00e9tait le meilleur moyen de mobiliser du monde et de contribuer \u00e0 l&rsquo;attractivit\u00e9 de la ville<\/strong>.<\/p>\n<p><strong>Il fallait pour cela que cela soit pas une course de plus dans le calendrier surcharg\u00e9 mais un vrai moment de partage et de solidarit\u00e9.<\/strong><\/p>\n<p><strong>J&rsquo;ai souhait\u00e9 lui donner un caract\u00e8re \u00e0 la fois solidaire mais aussi populaire<\/strong> en le concentrant sur des personnes ou associations proches de nous. Venir en aide pour des causes qui touchent des gens que l&rsquo;on croise tout les jours de chez nous et pas pour alimenter une ONG qui avait d\u00e9j\u00e0 ses propres moyens de mobilisation de fond.<\/p>\n<p>Donc apr\u00e8s Damien ,ce fut Cassie ensuite Rose puis Gabriel\u00e9 en enfin le Bl\u00e9 de l&rsquo;Esp\u00e9rance cher \u00e0 Agn\u00e8s Chavassus. L&rsquo;ann\u00e9e derni\u00e8re nous avions eu Gwendal Pezerat l&rsquo;ancien patineur qui \u00e9tait le parrain du Bl\u00e9 de l&rsquo;Esp\u00e9rance.<\/p>\n<p><strong>Cette ann\u00e9e j&rsquo;ai demand\u00e9 \u00e0 Jocelyne Villeton de participer en tant que marraine de l \u00e9preuve (c&rsquo;est une nouveaut\u00e9).<\/strong><\/p>\n<p>Nous avions la possibilit\u00e9 de faire une course qui aurait pu s appeler Rillieux court ou Run in Rilleux mais <strong>le choix s est naturellement port\u00e9 sur le nom de la Band&rsquo;Rill ,une course qui existait d\u00e9j\u00e0 et qui avait disparue du calendrier.<\/strong><\/p>\n<p>D&rsquo;abord parce le nom \u00e9tait connu de l&rsquo;ensemble des sportifs de la course \u00e0 pied mais pour moi c \u00e9tait l&rsquo;occasion d honorer nos anciens coureurs du Clair (Dominique Santiregio entre autres) et de les remercier pour le travail accompli pendant des ann\u00e9es pour faire vivre cette course. <strong>En fait pour moi c est une continuit\u00e9. La Band Rill est un h\u00e9ritage et on devait de le pr\u00e9server.<\/strong><\/p>\n<p>Je tiens \u00e0 remercier Madame Sonia Frioll, pour son aide pr\u00e9cieuse pour lancer la premi\u00e8re \u00e9dition. Sans elle et son \u00e9nergie impressionnante je ne suis pas s\u00fbr qu&rsquo; on en serait l\u00e0 aujourd&rsquo;hui ! \u00a0\u00bb<\/p>\n<p><span style=\"color: #ffffff; font-size: 14pt; background-color: #000000;\"><strong>Une \u00e9dition pr\u00e9vue quand et combien de participants attendus ?<\/strong><\/span><\/p>\n<p>\u00a0\u00bb Pour le dimanche 23 Octobre prochain et comme je l&rsquo;ai dit pr\u00e9c\u00e9demment, on aura une marraine en la personne de Jocelyne Villeton. Nous avions en moyenne pour les autres \u00e9ditions une participation de 400 personnes. <strong>Cette ann\u00e9e j&rsquo;ai mis la barre \u00e0 1.000 \u00e0 la fois pour avoir un objectif ambitieux et mobiliser l&rsquo;ensemble des acteurs du territoire<\/strong> (associations, entreprises, \u00e9coles, lyc\u00e9es , coll\u00e8ges, \u00e9lus, services,etc..). \u00a0\u00bb<\/p>\n<p><span style=\"background-color: #000000; color: #ffffff; font-size: 14pt;\"><strong>Quand et comment peut-on s&rsquo;inscrire ?<\/strong><\/span><\/p>\n<p>\u00a0\u00bb Les inscriptions d\u00e9buteront d\u00e9but septembre et se feront \u00e0 la fois par papier ou en ligne (pour cela j&rsquo;en dirais un peu plus d\u00e9but septembre)\u00a0\u00bb .<\/p>\n<p><span style=\"background-color: #000000; color: #ffffff; font-size: 14pt;\"><strong>Chaque ann\u00e9e, une association est choisie, et cette ann\u00e9e ? <\/strong><\/span><\/p>\n<p><span style=\"background-color: #000000; color: #ffffff; font-size: 14pt;\"><strong><span style=\"background-color: #ffffff; color: #000000;\">\u00a0\u00bb <\/span><\/strong><\/span>Cette ann\u00e9e c&rsquo;est <span style=\"color: #0000ff;\"><a style=\"color: #0000ff;\" href=\"http:\/\/Handi Cap Evasion https:\/\/www.hce.asso.fr\">Handi Cap \u00c9vasion<\/a><\/span> qui est b\u00e9n\u00e9ficiaire de la g\u00e9n\u00e9rosit\u00e9 des sportifs. Handicap \u00c9vasion est connue pour son travail aupr\u00e8s des personnes porteuses d&rsquo;handicaps et les accompagne pour des s\u00e9jours en montagne en Joellettes (du pr\u00e9nom de son inventeur)<\/p>\n<p>Ce qui est, il le semble important de le signaler c&rsquo;est que c&rsquo;est une association qui n&rsquo;oeuvre pas directement pour une gu\u00e9rison ou une recherche mais simplement pour faire profiter ces personnes des bienfaits de la randonn\u00e9e et du grand air.<\/p>\n<p><strong>Et cela me semble peut \u00eatre aussi important voire plus que ce que j&rsquo;ai cit\u00e9 plus haut !<\/strong> \u00a0\u00bb<\/p>\n<hr \/>\n<div id='gallery-1' class='gallery galleryid-162046 gallery-columns-3 gallery-size-large'><figure class='gallery-item'>\n\t\t\t<div class='gallery-icon portrait'>\n\t\t\t\t<a href='https:\/\/newsestlyonnais.fr\/site\/events\/rillieux-la-pape-bandrill\/newsestlyonnais-bandrill-2022newse\/'><img loading=\"lazy\" decoding=\"async\" width=\"461\" height=\"750\" src=\"https:\/\/newsestlyonnais.fr\/site\/wp-content\/uploads\/2022\/07\/NEWSESTLYONNAIS-BANDRILL-2022newse-650x1058.jpg\" class=\"attachment-large size-large\" alt=\"\" srcset=\"https:\/\/newsestlyonnais.fr\/site\/wp-content\/uploads\/2022\/07\/NEWSESTLYONNAIS-BANDRILL-2022newse-650x1058.jpg 650w, https:\/\/newsestlyonnais.fr\/site\/wp-content\/uploads\/2022\/07\/NEWSESTLYONNAIS-BANDRILL-2022newse-400x651.jpg 400w, https:\/\/newsestlyonnais.fr\/site\/wp-content\/uploads\/2022\/07\/NEWSESTLYONNAIS-BANDRILL-2022newse-250x407.jpg 250w, https:\/\/newsestlyonnais.fr\/site\/wp-content\/uploads\/2022\/07\/NEWSESTLYONNAIS-BANDRILL-2022newse-150x244.jpg 150w, https:\/\/newsestlyonnais.fr\/site\/wp-content\/uploads\/2022\/07\/NEWSESTLYONNAIS-BANDRILL-2022newse-50x81.jpg 50w, https:\/\/newsestlyonnais.fr\/site\/wp-content\/uploads\/2022\/07\/NEWSESTLYONNAIS-BANDRILL-2022newse-100x163.jpg 100w, https:\/\/newsestlyonnais.fr\/site\/wp-content\/uploads\/2022\/07\/NEWSESTLYONNAIS-BANDRILL-2022newse-200x326.jpg 200w, https:\/\/newsestlyonnais.fr\/site\/wp-content\/uploads\/2022\/07\/NEWSESTLYONNAIS-BANDRILL-2022newse-300x488.jpg 300w, https:\/\/newsestlyonnais.fr\/site\/wp-content\/uploads\/2022\/07\/NEWSESTLYONNAIS-BANDRILL-2022newse-350x570.jpg 350w, https:\/\/newsestlyonnais.fr\/site\/wp-content\/uploads\/2022\/07\/NEWSESTLYONNAIS-BANDRILL-2022newse-450x733.jpg 450w, https:\/\/newsestlyonnais.fr\/site\/wp-content\/uploads\/2022\/07\/NEWSESTLYONNAIS-BANDRILL-2022newse-500x814.jpg 500w, https:\/\/newsestlyonnais.fr\/site\/wp-content\/uploads\/2022\/07\/NEWSESTLYONNAIS-BANDRILL-2022newse-550x896.jpg 550w, https:\/\/newsestlyonnais.fr\/site\/wp-content\/uploads\/2022\/07\/NEWSESTLYONNAIS-BANDRILL-2022newse.jpg 737w\" sizes=\"auto, (max-width: 461px) 100vw, 461px\" \/><\/a>\n\t\t\t<\/div><\/figure><figure class='gallery-item'>\n\t\t\t<div class='gallery-icon landscape'>\n\t\t\t\t<a href='https:\/\/newsestlyonnais.fr\/site\/2022\/08\/05\/rillieux-la-pape-6-edition-de-la-nouvelle-version-de-la-bandrill\/attachment\/1659714893039\/'><img loading=\"lazy\" decoding=\"async\" width=\"640\" height=\"288\" src=\"https:\/\/newsestlyonnais.fr\/site\/wp-content\/uploads\/2022\/08\/1659714893039-650x293.jpg\" class=\"attachment-large size-large\" alt=\"\" srcset=\"https:\/\/newsestlyonnais.fr\/site\/wp-content\/uploads\/2022\/08\/1659714893039-650x293.jpg 650w, https:\/\/newsestlyonnais.fr\/site\/wp-content\/uploads\/2022\/08\/1659714893039-400x180.jpg 400w, https:\/\/newsestlyonnais.fr\/site\/wp-content\/uploads\/2022\/08\/1659714893039-250x113.jpg 250w, https:\/\/newsestlyonnais.fr\/site\/wp-content\/uploads\/2022\/08\/1659714893039-768x346.jpg 768w, https:\/\/newsestlyonnais.fr\/site\/wp-content\/uploads\/2022\/08\/1659714893039-150x68.jpg 150w, https:\/\/newsestlyonnais.fr\/site\/wp-content\/uploads\/2022\/08\/1659714893039-50x23.jpg 50w, https:\/\/newsestlyonnais.fr\/site\/wp-content\/uploads\/2022\/08\/1659714893039-100x45.jpg 100w, https:\/\/newsestlyonnais.fr\/site\/wp-content\/uploads\/2022\/08\/1659714893039-200x90.jpg 200w, https:\/\/newsestlyonnais.fr\/site\/wp-content\/uploads\/2022\/08\/1659714893039-300x135.jpg 300w, https:\/\/newsestlyonnais.fr\/site\/wp-content\/uploads\/2022\/08\/1659714893039-350x158.jpg 350w, https:\/\/newsestlyonnais.fr\/site\/wp-content\/uploads\/2022\/08\/1659714893039-450x203.jpg 450w, https:\/\/newsestlyonnais.fr\/site\/wp-content\/uploads\/2022\/08\/1659714893039-500x225.jpg 500w, https:\/\/newsestlyonnais.fr\/site\/wp-content\/uploads\/2022\/08\/1659714893039-550x248.jpg 550w, https:\/\/newsestlyonnais.fr\/site\/wp-content\/uploads\/2022\/08\/1659714893039-800x360.jpg 800w, https:\/\/newsestlyonnais.fr\/site\/wp-content\/uploads\/2022\/08\/1659714893039.jpg 1200w\" sizes=\"auto, (max-width: 640px) 100vw, 640px\" \/><\/a>\n\t\t\t<\/div><\/figure><figure class='gallery-item'>\n\t\t\t<div class='gallery-icon landscape'>\n\t\t\t\t<a href='https:\/\/newsestlyonnais.fr\/site\/2022\/08\/05\/rillieux-la-pape-6-edition-de-la-nouvelle-version-de-la-bandrill\/attachment\/1659714893123\/'><img loading=\"lazy\" decoding=\"async\" width=\"640\" height=\"288\" src=\"https:\/\/newsestlyonnais.fr\/site\/wp-content\/uploads\/2022\/08\/1659714893123-650x293.jpg\" class=\"attachment-large size-large\" alt=\"\" aria-describedby=\"gallery-1-162054\" srcset=\"https:\/\/newsestlyonnais.fr\/site\/wp-content\/uploads\/2022\/08\/1659714893123-650x293.jpg 650w, https:\/\/newsestlyonnais.fr\/site\/wp-content\/uploads\/2022\/08\/1659714893123-400x180.jpg 400w, https:\/\/newsestlyonnais.fr\/site\/wp-content\/uploads\/2022\/08\/1659714893123-250x113.jpg 250w, https:\/\/newsestlyonnais.fr\/site\/wp-content\/uploads\/2022\/08\/1659714893123-768x346.jpg 768w, https:\/\/newsestlyonnais.fr\/site\/wp-content\/uploads\/2022\/08\/1659714893123-150x68.jpg 150w, https:\/\/newsestlyonnais.fr\/site\/wp-content\/uploads\/2022\/08\/1659714893123-50x23.jpg 50w, https:\/\/newsestlyonnais.fr\/site\/wp-content\/uploads\/2022\/08\/1659714893123-100x45.jpg 100w, https:\/\/newsestlyonnais.fr\/site\/wp-content\/uploads\/2022\/08\/1659714893123-200x90.jpg 200w, https:\/\/newsestlyonnais.fr\/site\/wp-content\/uploads\/2022\/08\/1659714893123-300x135.jpg 300w, https:\/\/newsestlyonnais.fr\/site\/wp-content\/uploads\/2022\/08\/1659714893123-350x158.jpg 350w, https:\/\/newsestlyonnais.fr\/site\/wp-content\/uploads\/2022\/08\/1659714893123-450x203.jpg 450w, https:\/\/newsestlyonnais.fr\/site\/wp-content\/uploads\/2022\/08\/1659714893123-500x225.jpg 500w, https:\/\/newsestlyonnais.fr\/site\/wp-content\/uploads\/2022\/08\/1659714893123-550x248.jpg 550w, https:\/\/newsestlyonnais.fr\/site\/wp-content\/uploads\/2022\/08\/1659714893123-800x360.jpg 800w, https:\/\/newsestlyonnais.fr\/site\/wp-content\/uploads\/2022\/08\/1659714893123.jpg 1200w\" sizes=\"auto, (max-width: 640px) 100vw, 640px\" \/><\/a>\n\t\t\t<\/div>\n\t\t\t\t<figcaption class='wp-caption-text gallery-caption' id='gallery-1-162054'>\n\t\t\t\tAbdel Daas, Hacine Cherifi et Gwendal Peizerat lors de l&rsquo;\u00e9dition 2021\n\t\t\t\t<\/figcaption><\/figure>\n\t\t<\/div>\n\n","protected":false},"excerpt":{"rendered":"<p>Abdel Daas, adjoint aux sports de la commune, nous pr\u00e9sente cette course p\u00e9destre qui se veut \u00e9galement solidaire et populaire, programm\u00e9e pour le dimanche 23 octobre.<\/p>\n","protected":false},"author":4,"featured_media":162049,"comment_status":"open","ping_status":"open","sticky":false,"template":"","format":"standard","meta":{"footnotes":""},"categories":[2968,1623,18],"tags":[4376,3074,3073],"class_list":["post-162046","post","type-post","status-publish","format-standard","has-post-thumbnail","hentry","category-athle-course-pied-marche","category-rillieux-la-pape","category-sante-bien-etre-solidarite","tag-abdel-daas","tag-bandrill","tag-rillieux"],"yoast_head":"<!-- This site is optimized with the Yoast SEO plugin v27.2 - https:\/\/yoast.com\/product\/yoast-seo-wordpress\/ -->\n<title>RILLIEUX-LA-PAPE | 6\u00b0 \u00e9dition de la nouvelle version de la Band&#039;Rill - News Est Lyonnais<\/title>\n<meta name=\"description\" content=\"RILLIEUX-LA-PAPE | 6\u00b0 \u00e9dition de la nouvelle version de la Band&#039;Rill\" \/>\n<meta name=\"robots\" content=\"index, follow, max-snippet:-1, max-image-preview:large, max-video-preview:-1\" \/>\n<link rel=\"canonical\" href=\"https:\/\/newsestlyonnais.fr\/site\/2022\/08\/05\/rillieux-la-pape-6-edition-de-la-nouvelle-version-de-la-bandrill\/\" \/>\n<meta property=\"og:locale\" content=\"fr_FR\" \/>\n<meta property=\"og:type\" content=\"article\" \/>\n<meta property=\"og:title\" content=\"RILLIEUX-LA-PAPE | 6\u00b0 \u00e9dition de la nouvelle version de la Band&#039;Rill - News Est Lyonnais\" \/>\n<meta property=\"og:description\" content=\"RILLIEUX-LA-PAPE | 6\u00b0 \u00e9dition de la nouvelle version de la Band&#039;Rill\" \/>\n<meta property=\"og:url\" content=\"https:\/\/newsestlyonnais.fr\/site\/2022\/08\/05\/rillieux-la-pape-6-edition-de-la-nouvelle-version-de-la-bandrill\/\" \/>\n<meta property=\"og:site_name\" content=\"News Est Lyonnais\" \/>\n<meta property=\"article:author\" content=\"https:\/\/www.facebook.com\/pascal.oberson.1?fref=ts\" \/>\n<meta property=\"article:published_time\" content=\"2022-08-05T17:02:43+00:00\" \/>\n<meta property=\"article:modified_time\" content=\"2022-12-08T13:22:25+00:00\" \/>\n<meta property=\"og:image\" content=\"https:\/\/newsestlyonnais.fr\/site\/wp-content\/uploads\/2022\/08\/1659714893021.jpg\" \/>\n\t<meta property=\"og:image:width\" content=\"960\" \/>\n\t<meta property=\"og:image:height\" content=\"720\" \/>\n\t<meta property=\"og:image:type\" content=\"image\/jpeg\" \/>\n<meta name=\"author\" content=\"R\u00e9dac. NEWS\" \/>\n<meta name=\"twitter:card\" content=\"summary_large_image\" \/>\n<meta name=\"twitter:label1\" content=\"\u00c9crit par\" \/>\n\t<meta name=\"twitter:data1\" content=\"R\u00e9dac. NEWS\" \/>\n\t<meta name=\"twitter:label2\" content=\"Dur\u00e9e de lecture estim\u00e9e\" \/>\n\t<meta name=\"twitter:data2\" content=\"4 minutes\" \/>\n<script type=\"application\/ld+json\" class=\"yoast-schema-graph\">{\"@context\":\"https:\/\/schema.org\",\"@graph\":[{\"@type\":\"Article\",\"@id\":\"https:\/\/newsestlyonnais.fr\/site\/2022\/08\/05\/rillieux-la-pape-6-edition-de-la-nouvelle-version-de-la-bandrill\/#article\",\"isPartOf\":{\"@id\":\"https:\/\/newsestlyonnais.fr\/site\/2022\/08\/05\/rillieux-la-pape-6-edition-de-la-nouvelle-version-de-la-bandrill\/\"},\"author\":{\"name\":\"R\u00e9dac. NEWS\",\"@id\":\"https:\/\/newsestlyonnais.fr\/site\/#\/schema\/person\/3230d5615f390bb808365d673001e887\"},\"headline\":\"RILLIEUX-LA-PAPE | 6\u00b0 \u00e9dition de la nouvelle version de la Band&rsquo;Rill\",\"datePublished\":\"2022-08-05T17:02:43+00:00\",\"dateModified\":\"2022-12-08T13:22:25+00:00\",\"mainEntityOfPage\":{\"@id\":\"https:\/\/newsestlyonnais.fr\/site\/2022\/08\/05\/rillieux-la-pape-6-edition-de-la-nouvelle-version-de-la-bandrill\/\"},\"wordCount\":733,\"commentCount\":0,\"publisher\":{\"@id\":\"https:\/\/newsestlyonnais.fr\/site\/#organization\"},\"image\":{\"@id\":\"https:\/\/newsestlyonnais.fr\/site\/2022\/08\/05\/rillieux-la-pape-6-edition-de-la-nouvelle-version-de-la-bandrill\/#primaryimage\"},\"thumbnailUrl\":\"https:\/\/newsestlyonnais.fr\/site\/wp-content\/uploads\/2022\/08\/1659714893021.jpg\",\"keywords\":[\"ABDEL DAAS\",\"BANDRILL\",\"RILLIEUX\"],\"articleSection\":[\"Athl\u00e9 | Course pied | Marche\",\"Rillieux-la-Pape\",\"Sant\u00e9 | Bien Etre | Solidarit\u00e9\"],\"inLanguage\":\"fr-FR\",\"potentialAction\":[{\"@type\":\"CommentAction\",\"name\":\"Comment\",\"target\":[\"https:\/\/newsestlyonnais.fr\/site\/2022\/08\/05\/rillieux-la-pape-6-edition-de-la-nouvelle-version-de-la-bandrill\/#respond\"]}]},{\"@type\":\"WebPage\",\"@id\":\"https:\/\/newsestlyonnais.fr\/site\/2022\/08\/05\/rillieux-la-pape-6-edition-de-la-nouvelle-version-de-la-bandrill\/\",\"url\":\"https:\/\/newsestlyonnais.fr\/site\/2022\/08\/05\/rillieux-la-pape-6-edition-de-la-nouvelle-version-de-la-bandrill\/\",\"name\":\"RILLIEUX-LA-PAPE | 6\u00b0 \u00e9dition de la nouvelle version de la Band'Rill - News Est Lyonnais\",\"isPartOf\":{\"@id\":\"https:\/\/newsestlyonnais.fr\/site\/#website\"},\"primaryImageOfPage\":{\"@id\":\"https:\/\/newsestlyonnais.fr\/site\/2022\/08\/05\/rillieux-la-pape-6-edition-de-la-nouvelle-version-de-la-bandrill\/#primaryimage\"},\"image\":{\"@id\":\"https:\/\/newsestlyonnais.fr\/site\/2022\/08\/05\/rillieux-la-pape-6-edition-de-la-nouvelle-version-de-la-bandrill\/#primaryimage\"},\"thumbnailUrl\":\"https:\/\/newsestlyonnais.fr\/site\/wp-content\/uploads\/2022\/08\/1659714893021.jpg\",\"datePublished\":\"2022-08-05T17:02:43+00:00\",\"dateModified\":\"2022-12-08T13:22:25+00:00\",\"description\":\"RILLIEUX-LA-PAPE | 6\u00b0 \u00e9dition de la nouvelle version de la Band'Rill\",\"breadcrumb\":{\"@id\":\"https:\/\/newsestlyonnais.fr\/site\/2022\/08\/05\/rillieux-la-pape-6-edition-de-la-nouvelle-version-de-la-bandrill\/#breadcrumb\"},\"inLanguage\":\"fr-FR\",\"potentialAction\":[{\"@type\":\"ReadAction\",\"target\":[\"https:\/\/newsestlyonnais.fr\/site\/2022\/08\/05\/rillieux-la-pape-6-edition-de-la-nouvelle-version-de-la-bandrill\/\"]}]},{\"@type\":\"ImageObject\",\"inLanguage\":\"fr-FR\",\"@id\":\"https:\/\/newsestlyonnais.fr\/site\/2022\/08\/05\/rillieux-la-pape-6-edition-de-la-nouvelle-version-de-la-bandrill\/#primaryimage\",\"url\":\"https:\/\/newsestlyonnais.fr\/site\/wp-content\/uploads\/2022\/08\/1659714893021.jpg\",\"contentUrl\":\"https:\/\/newsestlyonnais.fr\/site\/wp-content\/uploads\/2022\/08\/1659714893021.jpg\",\"width\":960,\"height\":720},{\"@type\":\"BreadcrumbList\",\"@id\":\"https:\/\/newsestlyonnais.fr\/site\/2022\/08\/05\/rillieux-la-pape-6-edition-de-la-nouvelle-version-de-la-bandrill\/#breadcrumb\",\"itemListElement\":[{\"@type\":\"ListItem\",\"position\":1,\"name\":\"Accueil\",\"item\":\"https:\/\/newsestlyonnais.fr\/site\/\"},{\"@type\":\"ListItem\",\"position\":2,\"name\":\"RILLIEUX-LA-PAPE | 6\u00b0 \u00e9dition de la nouvelle version de la Band&rsquo;Rill\"}]},{\"@type\":\"WebSite\",\"@id\":\"https:\/\/newsestlyonnais.fr\/site\/#website\",\"url\":\"https:\/\/newsestlyonnais.fr\/site\/\",\"name\":\"News Est Lyonnais\",\"description\":\"L&#039;actualit\u00e9 au plus pr\u00e8s\",\"publisher\":{\"@id\":\"https:\/\/newsestlyonnais.fr\/site\/#organization\"},\"potentialAction\":[{\"@type\":\"SearchAction\",\"target\":{\"@type\":\"EntryPoint\",\"urlTemplate\":\"https:\/\/newsestlyonnais.fr\/site\/?s={search_term_string}\"},\"query-input\":{\"@type\":\"PropertyValueSpecification\",\"valueRequired\":true,\"valueName\":\"search_term_string\"}}],\"inLanguage\":\"fr-FR\"},{\"@type\":\"Organization\",\"@id\":\"https:\/\/newsestlyonnais.fr\/site\/#organization\",\"name\":\"News EST LYONNAIS\",\"url\":\"https:\/\/newsestlyonnais.fr\/site\/\",\"logo\":{\"@type\":\"ImageObject\",\"inLanguage\":\"fr-FR\",\"@id\":\"https:\/\/newsestlyonnais.fr\/site\/#\/schema\/logo\/image\/\",\"url\":\"\",\"contentUrl\":\"\",\"caption\":\"News EST LYONNAIS\"},\"image\":{\"@id\":\"https:\/\/newsestlyonnais.fr\/site\/#\/schema\/logo\/image\/\"}},{\"@type\":\"Person\",\"@id\":\"https:\/\/newsestlyonnais.fr\/site\/#\/schema\/person\/3230d5615f390bb808365d673001e887\",\"name\":\"R\u00e9dac. NEWS\",\"sameAs\":[\"http:\/\/www.newsestlyonnais.fr\",\"https:\/\/www.facebook.com\/pascal.oberson.1?fref=ts\",\"https:\/\/fr.linkedin.com\/in\/pascal-oberson-b17045113\"],\"url\":\"https:\/\/newsestlyonnais.fr\/site\/author\/nel\/\"}]}<\/script>\n<!-- \/ Yoast SEO plugin. -->","yoast_head_json":{"title":"RILLIEUX-LA-PAPE | 6\u00b0 \u00e9dition de la nouvelle version de la Band'Rill - News Est Lyonnais","description":"RILLIEUX-LA-PAPE | 6\u00b0 \u00e9dition de la nouvelle version de la Band'Rill","robots":{"index":"index","follow":"follow","max-snippet":"max-snippet:-1","max-image-preview":"max-image-preview:large","max-video-preview":"max-video-preview:-1"},"canonical":"https:\/\/newsestlyonnais.fr\/site\/2022\/08\/05\/rillieux-la-pape-6-edition-de-la-nouvelle-version-de-la-bandrill\/","og_locale":"fr_FR","og_type":"article","og_title":"RILLIEUX-LA-PAPE | 6\u00b0 \u00e9dition de la nouvelle version de la Band'Rill - News Est Lyonnais","og_description":"RILLIEUX-LA-PAPE | 6\u00b0 \u00e9dition de la nouvelle version de la Band'Rill","og_url":"https:\/\/newsestlyonnais.fr\/site\/2022\/08\/05\/rillieux-la-pape-6-edition-de-la-nouvelle-version-de-la-bandrill\/","og_site_name":"News Est Lyonnais","article_author":"https:\/\/www.facebook.com\/pascal.oberson.1?fref=ts","article_published_time":"2022-08-05T17:02:43+00:00","article_modified_time":"2022-12-08T13:22:25+00:00","og_image":[{"width":960,"height":720,"url":"https:\/\/newsestlyonnais.fr\/site\/wp-content\/uploads\/2022\/08\/1659714893021.jpg","type":"image\/jpeg"}],"author":"R\u00e9dac. NEWS","twitter_card":"summary_large_image","twitter_misc":{"\u00c9crit par":"R\u00e9dac. NEWS","Dur\u00e9e de lecture estim\u00e9e":"4 minutes"},"schema":{"@context":"https:\/\/schema.org","@graph":[{"@type":"Article","@id":"https:\/\/newsestlyonnais.fr\/site\/2022\/08\/05\/rillieux-la-pape-6-edition-de-la-nouvelle-version-de-la-bandrill\/#article","isPartOf":{"@id":"https:\/\/newsestlyonnais.fr\/site\/2022\/08\/05\/rillieux-la-pape-6-edition-de-la-nouvelle-version-de-la-bandrill\/"},"author":{"name":"R\u00e9dac. NEWS","@id":"https:\/\/newsestlyonnais.fr\/site\/#\/schema\/person\/3230d5615f390bb808365d673001e887"},"headline":"RILLIEUX-LA-PAPE | 6\u00b0 \u00e9dition de la nouvelle version de la Band&rsquo;Rill","datePublished":"2022-08-05T17:02:43+00:00","dateModified":"2022-12-08T13:22:25+00:00","mainEntityOfPage":{"@id":"https:\/\/newsestlyonnais.fr\/site\/2022\/08\/05\/rillieux-la-pape-6-edition-de-la-nouvelle-version-de-la-bandrill\/"},"wordCount":733,"commentCount":0,"publisher":{"@id":"https:\/\/newsestlyonnais.fr\/site\/#organization"},"image":{"@id":"https:\/\/newsestlyonnais.fr\/site\/2022\/08\/05\/rillieux-la-pape-6-edition-de-la-nouvelle-version-de-la-bandrill\/#primaryimage"},"thumbnailUrl":"https:\/\/newsestlyonnais.fr\/site\/wp-content\/uploads\/2022\/08\/1659714893021.jpg","keywords":["ABDEL DAAS","BANDRILL","RILLIEUX"],"articleSection":["Athl\u00e9 | Course pied | Marche","Rillieux-la-Pape","Sant\u00e9 | Bien Etre | Solidarit\u00e9"],"inLanguage":"fr-FR","potentialAction":[{"@type":"CommentAction","name":"Comment","target":["https:\/\/newsestlyonnais.fr\/site\/2022\/08\/05\/rillieux-la-pape-6-edition-de-la-nouvelle-version-de-la-bandrill\/#respond"]}]},{"@type":"WebPage","@id":"https:\/\/newsestlyonnais.fr\/site\/2022\/08\/05\/rillieux-la-pape-6-edition-de-la-nouvelle-version-de-la-bandrill\/","url":"https:\/\/newsestlyonnais.fr\/site\/2022\/08\/05\/rillieux-la-pape-6-edition-de-la-nouvelle-version-de-la-bandrill\/","name":"RILLIEUX-LA-PAPE | 6\u00b0 \u00e9dition de la nouvelle version de la Band'Rill - News Est Lyonnais","isPartOf":{"@id":"https:\/\/newsestlyonnais.fr\/site\/#website"},"primaryImageOfPage":{"@id":"https:\/\/newsestlyonnais.fr\/site\/2022\/08\/05\/rillieux-la-pape-6-edition-de-la-nouvelle-version-de-la-bandrill\/#primaryimage"},"image":{"@id":"https:\/\/newsestlyonnais.fr\/site\/2022\/08\/05\/rillieux-la-pape-6-edition-de-la-nouvelle-version-de-la-bandrill\/#primaryimage"},"thumbnailUrl":"https:\/\/newsestlyonnais.fr\/site\/wp-content\/uploads\/2022\/08\/1659714893021.jpg","datePublished":"2022-08-05T17:02:43+00:00","dateModified":"2022-12-08T13:22:25+00:00","description":"RILLIEUX-LA-PAPE | 6\u00b0 \u00e9dition de la nouvelle version de la Band'Rill","breadcrumb":{"@id":"https:\/\/newsestlyonnais.fr\/site\/2022\/08\/05\/rillieux-la-pape-6-edition-de-la-nouvelle-version-de-la-bandrill\/#breadcrumb"},"inLanguage":"fr-FR","potentialAction":[{"@type":"ReadAction","target":["https:\/\/newsestlyonnais.fr\/site\/2022\/08\/05\/rillieux-la-pape-6-edition-de-la-nouvelle-version-de-la-bandrill\/"]}]},{"@type":"ImageObject","inLanguage":"fr-FR","@id":"https:\/\/newsestlyonnais.fr\/site\/2022\/08\/05\/rillieux-la-pape-6-edition-de-la-nouvelle-version-de-la-bandrill\/#primaryimage","url":"https:\/\/newsestlyonnais.fr\/site\/wp-content\/uploads\/2022\/08\/1659714893021.jpg","contentUrl":"https:\/\/newsestlyonnais.fr\/site\/wp-content\/uploads\/2022\/08\/1659714893021.jpg","width":960,"height":720},{"@type":"BreadcrumbList","@id":"https:\/\/newsestlyonnais.fr\/site\/2022\/08\/05\/rillieux-la-pape-6-edition-de-la-nouvelle-version-de-la-bandrill\/#breadcrumb","itemListElement":[{"@type":"ListItem","position":1,"name":"Accueil","item":"https:\/\/newsestlyonnais.fr\/site\/"},{"@type":"ListItem","position":2,"name":"RILLIEUX-LA-PAPE | 6\u00b0 \u00e9dition de la nouvelle version de la Band&rsquo;Rill"}]},{"@type":"WebSite","@id":"https:\/\/newsestlyonnais.fr\/site\/#website","url":"https:\/\/newsestlyonnais.fr\/site\/","name":"News Est Lyonnais","description":"L&#039;actualit\u00e9 au plus pr\u00e8s","publisher":{"@id":"https:\/\/newsestlyonnais.fr\/site\/#organization"},"potentialAction":[{"@type":"SearchAction","target":{"@type":"EntryPoint","urlTemplate":"https:\/\/newsestlyonnais.fr\/site\/?s={search_term_string}"},"query-input":{"@type":"PropertyValueSpecification","valueRequired":true,"valueName":"search_term_string"}}],"inLanguage":"fr-FR"},{"@type":"Organization","@id":"https:\/\/newsestlyonnais.fr\/site\/#organization","name":"News EST LYONNAIS","url":"https:\/\/newsestlyonnais.fr\/site\/","logo":{"@type":"ImageObject","inLanguage":"fr-FR","@id":"https:\/\/newsestlyonnais.fr\/site\/#\/schema\/logo\/image\/","url":"","contentUrl":"","caption":"News EST LYONNAIS"},"image":{"@id":"https:\/\/newsestlyonnais.fr\/site\/#\/schema\/logo\/image\/"}},{"@type":"Person","@id":"https:\/\/newsestlyonnais.fr\/site\/#\/schema\/person\/3230d5615f390bb808365d673001e887","name":"R\u00e9dac. NEWS","sameAs":["http:\/\/www.newsestlyonnais.fr","https:\/\/www.facebook.com\/pascal.oberson.1?fref=ts","https:\/\/fr.linkedin.com\/in\/pascal-oberson-b17045113"],"url":"https:\/\/newsestlyonnais.fr\/site\/author\/nel\/"}]}},"_links":{"self":[{"href":"https:\/\/newsestlyonnais.fr\/site\/wp-json\/wp\/v2\/posts\/162046","targetHints":{"allow":["GET"]}}],"collection":[{"href":"https:\/\/newsestlyonnais.fr\/site\/wp-json\/wp\/v2\/posts"}],"about":[{"href":"https:\/\/newsestlyonnais.fr\/site\/wp-json\/wp\/v2\/types\/post"}],"author":[{"embeddable":true,"href":"https:\/\/newsestlyonnais.fr\/site\/wp-json\/wp\/v2\/users\/4"}],"replies":[{"embeddable":true,"href":"https:\/\/newsestlyonnais.fr\/site\/wp-json\/wp\/v2\/comments?post=162046"}],"version-history":[{"count":0,"href":"https:\/\/newsestlyonnais.fr\/site\/wp-json\/wp\/v2\/posts\/162046\/revisions"}],"wp:featuredmedia":[{"embeddable":true,"href":"https:\/\/newsestlyonnais.fr\/site\/wp-json\/wp\/v2\/media\/162049"}],"wp:attachment":[{"href":"https:\/\/newsestlyonnais.fr\/site\/wp-json\/wp\/v2\/media?parent=162046"}],"wp:term":[{"taxonomy":"category","embeddable":true,"href":"https:\/\/newsestlyonnais.fr\/site\/wp-json\/wp\/v2\/categories?post=162046"},{"taxonomy":"post_tag","embeddable":true,"href":"https:\/\/newsestlyonnais.fr\/site\/wp-json\/wp\/v2\/tags?post=162046"}],"curies":[{"name":"wp","href":"https:\/\/api.w.org\/{rel}","templated":true}]}}