{"id":16233,"date":"2016-11-22T16:28:02","date_gmt":"2016-11-22T15:28:02","guid":{"rendered":"http:\/\/newsestlyonnais.fr\/site\/?p=16233"},"modified":"2021-09-17T09:46:38","modified_gmt":"2021-09-17T08:46:38","slug":"genas-foire-aux-skis-velos-a-plein","status":"publish","type":"post","link":"https:\/\/newsestlyonnais.fr\/site\/2016\/11\/22\/genas-foire-aux-skis-velos-a-plein\/","title":{"rendered":"GENAS | La Foire aux skis et v\u00e9los a fait le plein"},"content":{"rendered":"<h4>Organis\u00e9e ce dernier week-end par l&rsquo;ES Genas Azieu Ski, la traditionnelle Foire aux Skis et V\u00e9los a connu un nouveau succ\u00e8s populaire.<\/h4>\n<p>Le pr\u00e9sident G\u00e9rard Mauger et son \u00e9quipe de b\u00e9n\u00e9voles ont accueilli deux jours durant de nombreux visiteurs pr\u00eats \u00e0 s&rsquo;\u00e9quiper.<\/p>\n<p>Pour cette \u00e9dition, 208 d\u00e9p\u00f4ts ont \u00e9t\u00e9 enregistr\u00e9s pour 800 articles propos\u00e9s \u00e0 la vente, la grande nouveaut\u00e9 \u00e9tant constitu\u00e9e par un stand de rollers propos\u00e9 par un ancien commer\u00e7ant lyonnais.<\/p>\n<p><strong>PHOTO A LA UNE<\/strong>: L&rsquo;\u00e9quipe d&rsquo;organisateurs de l&rsquo;ESGA Ski<\/p>\n<p>NOTA: <strong>Assembl\u00e9e g\u00e9n\u00e9rale du club<\/strong> le mercredi 7 d\u00e9cembre \u00e0 la salle Saint Andr\u00e9 et <strong>1\u00b0 sortie de la saison<\/strong>, le samedi 17 d\u00e9cembre \u00e0 L&rsquo;Alpe d&rsquo;Huez.<\/p>\n<ul>\n<li>Retrouvez toute l&rsquo;ACTU du club sur: <a href=\"http:\/\/esga-ski.com\/index.html\" target=\"_blank\" rel=\"noopener noreferrer\">http:\/\/esga-ski.com\/index.html<\/a><\/li>\n<\/ul>\n<figure id=\"attachment_16240\" aria-describedby=\"caption-attachment-16240\" style=\"width: 1000px\" class=\"wp-caption alignleft\"><img loading=\"lazy\" decoding=\"async\" class=\"size-full wp-image-16240\" src=\"https:\/\/newsestlyonnais.fr\/site\/medias\/2016\/11\/NEWSESTLYONNAIS-VENDEUR-ROLLER.jpg\" alt=\"Nouveaut\u00e9 de cette \u00e9dition, la vente de rollers propos\u00e9e par un ancien commer\u00e7ant lyonnais\" width=\"1000\" height=\"750\" srcset=\"https:\/\/newsestlyonnais.fr\/site\/wp-content\/uploads\/2016\/11\/NEWSESTLYONNAIS-VENDEUR-ROLLER.jpg 1000w, https:\/\/newsestlyonnais.fr\/site\/wp-content\/uploads\/2016\/11\/NEWSESTLYONNAIS-VENDEUR-ROLLER-400x300.jpg 400w, https:\/\/newsestlyonnais.fr\/site\/wp-content\/uploads\/2016\/11\/NEWSESTLYONNAIS-VENDEUR-ROLLER-768x576.jpg 768w, https:\/\/newsestlyonnais.fr\/site\/wp-content\/uploads\/2016\/11\/NEWSESTLYONNAIS-VENDEUR-ROLLER-600x450.jpg 600w, https:\/\/newsestlyonnais.fr\/site\/wp-content\/uploads\/2016\/11\/NEWSESTLYONNAIS-VENDEUR-ROLLER-100x75.jpg 100w\" sizes=\"auto, (max-width: 1000px) 100vw, 1000px\" \/><figcaption id=\"caption-attachment-16240\" class=\"wp-caption-text\">Nouveaut\u00e9 de cette \u00e9dition, la vente de rollers propos\u00e9e par un ancien commer\u00e7ant lyonnais<\/figcaption><\/figure>\n<figure id=\"attachment_16239\" aria-describedby=\"caption-attachment-16239\" style=\"width: 1000px\" class=\"wp-caption alignleft\"><img loading=\"lazy\" decoding=\"async\" class=\"size-full wp-image-16239\" src=\"https:\/\/newsestlyonnais.fr\/site\/medias\/2016\/11\/NEWSESTLYONNAIS-VELOS.jpg\" alt=\"La bonne occasion pour s'acheter un nouveau v\u00e9lo ! \" width=\"1000\" height=\"750\" srcset=\"https:\/\/newsestlyonnais.fr\/site\/wp-content\/uploads\/2016\/11\/NEWSESTLYONNAIS-VELOS.jpg 1000w, https:\/\/newsestlyonnais.fr\/site\/wp-content\/uploads\/2016\/11\/NEWSESTLYONNAIS-VELOS-400x300.jpg 400w, https:\/\/newsestlyonnais.fr\/site\/wp-content\/uploads\/2016\/11\/NEWSESTLYONNAIS-VELOS-768x576.jpg 768w, https:\/\/newsestlyonnais.fr\/site\/wp-content\/uploads\/2016\/11\/NEWSESTLYONNAIS-VELOS-600x450.jpg 600w, https:\/\/newsestlyonnais.fr\/site\/wp-content\/uploads\/2016\/11\/NEWSESTLYONNAIS-VELOS-100x75.jpg 100w\" sizes=\"auto, (max-width: 1000px) 100vw, 1000px\" \/><figcaption id=\"caption-attachment-16239\" class=\"wp-caption-text\">La bonne occasion pour s&rsquo;acheter un nouveau v\u00e9lo !<\/figcaption><\/figure>\n","protected":false},"excerpt":{"rendered":"<p>Organis\u00e9e ce dernier week-end par l&rsquo;ES Genas Azieu Ski, la traditionnelle Foire aux Skis et V\u00e9los a connu un nouveau succ\u00e8s populaire. Le pr\u00e9sident G\u00e9rard Mauger et son \u00e9quipe de b\u00e9n\u00e9voles ont accueilli deux jours durant de nombreux visiteurs pr\u00eats \u00e0 s&rsquo;\u00e9quiper. Pour cette \u00e9dition, 208 d\u00e9p\u00f4ts ont \u00e9t\u00e9 enregistr\u00e9s pour 800 articles propos\u00e9s \u00e0 [&hellip;]<\/p>\n","protected":false},"author":4,"featured_media":16235,"comment_status":"open","ping_status":"open","sticky":false,"template":"","format":"standard","meta":{"footnotes":""},"categories":[574,270,2969,166,3329,1598,3900],"tags":[2486,2005,2484,2485],"class_list":["post-16233","post","type-post","status-publish","format-standard","has-post-thumbnail","hentry","category-autres-sports","category-cte-de-communes-c-c-e-l","category-cyclisme-cyclo-vtt","category-divers-sports","category-expos-foires-musees-salons","category-genas","category-patinage-roller-ski","tag-foire","tag-genas","tag-ski","tag-velo"],"yoast_head":"<!-- This site is optimized with the Yoast SEO plugin v27.2 - https:\/\/yoast.com\/product\/yoast-seo-wordpress\/ -->\n<title>GENAS | La Foire aux skis et v\u00e9los a fait le plein - News Est Lyonnais<\/title>\n<meta name=\"description\" content=\"GENAS: La Foire aux skis et v\u00e9los a fait le plein organis\u00e9e par l&#039;ES Genas Azieu Ski a connu un nouveau succ\u00e8s populaire.\" \/>\n<meta name=\"robots\" content=\"index, follow, max-snippet:-1, max-image-preview:large, max-video-preview:-1\" \/>\n<link rel=\"canonical\" href=\"https:\/\/newsestlyonnais.fr\/site\/2016\/11\/22\/genas-foire-aux-skis-velos-a-plein\/\" \/>\n<meta property=\"og:locale\" content=\"fr_FR\" \/>\n<meta property=\"og:type\" content=\"article\" \/>\n<meta property=\"og:title\" content=\"GENAS | La Foire aux skis et v\u00e9los a fait le plein - News Est Lyonnais\" \/>\n<meta property=\"og:description\" content=\"GENAS: La Foire aux skis et v\u00e9los a fait le plein organis\u00e9e par l&#039;ES Genas Azieu Ski a connu un nouveau succ\u00e8s populaire.\" \/>\n<meta property=\"og:url\" content=\"https:\/\/newsestlyonnais.fr\/site\/2016\/11\/22\/genas-foire-aux-skis-velos-a-plein\/\" \/>\n<meta property=\"og:site_name\" content=\"News Est Lyonnais\" \/>\n<meta property=\"article:author\" content=\"https:\/\/www.facebook.com\/pascal.oberson.1?fref=ts\" \/>\n<meta property=\"article:published_time\" content=\"2016-11-22T15:28:02+00:00\" \/>\n<meta property=\"article:modified_time\" content=\"2021-09-17T08:46:38+00:00\" \/>\n<meta property=\"og:image\" content=\"https:\/\/i0.wp.com\/newsestlyonnais.fr\/site\/wp-content\/uploads\/2016\/11\/NEWSESTLYONNAIS-BENEVOLES-ESGA-SKI.jpg?fit=1000%2C750&ssl=1\" \/>\n\t<meta property=\"og:image:width\" content=\"1000\" \/>\n\t<meta property=\"og:image:height\" content=\"750\" \/>\n\t<meta property=\"og:image:type\" content=\"image\/jpeg\" \/>\n<meta name=\"author\" content=\"R\u00e9dac. NEWS\" \/>\n<meta name=\"twitter:card\" content=\"summary_large_image\" \/>\n<meta name=\"twitter:label1\" content=\"\u00c9crit par\" \/>\n\t<meta name=\"twitter:data1\" content=\"R\u00e9dac. NEWS\" \/>\n\t<meta name=\"twitter:label2\" content=\"Dur\u00e9e de lecture estim\u00e9e\" \/>\n\t<meta name=\"twitter:data2\" content=\"1 minute\" \/>\n<script type=\"application\/ld+json\" class=\"yoast-schema-graph\">{\"@context\":\"https:\/\/schema.org\",\"@graph\":[{\"@type\":\"Article\",\"@id\":\"https:\/\/newsestlyonnais.fr\/site\/2016\/11\/22\/genas-foire-aux-skis-velos-a-plein\/#article\",\"isPartOf\":{\"@id\":\"https:\/\/newsestlyonnais.fr\/site\/2016\/11\/22\/genas-foire-aux-skis-velos-a-plein\/\"},\"author\":{\"name\":\"R\u00e9dac. NEWS\",\"@id\":\"https:\/\/newsestlyonnais.fr\/site\/#\/schema\/person\/3230d5615f390bb808365d673001e887\"},\"headline\":\"GENAS | La Foire aux skis et v\u00e9los a fait le plein\",\"datePublished\":\"2016-11-22T15:28:02+00:00\",\"dateModified\":\"2021-09-17T08:46:38+00:00\",\"mainEntityOfPage\":{\"@id\":\"https:\/\/newsestlyonnais.fr\/site\/2016\/11\/22\/genas-foire-aux-skis-velos-a-plein\/\"},\"wordCount\":190,\"commentCount\":0,\"publisher\":{\"@id\":\"https:\/\/newsestlyonnais.fr\/site\/#organization\"},\"image\":{\"@id\":\"https:\/\/newsestlyonnais.fr\/site\/2016\/11\/22\/genas-foire-aux-skis-velos-a-plein\/#primaryimage\"},\"thumbnailUrl\":\"https:\/\/newsestlyonnais.fr\/site\/wp-content\/uploads\/2016\/11\/NEWSESTLYONNAIS-BENEVOLES-ESGA-SKI.jpg\",\"keywords\":[\"FOIRE\",\"GENAS\",\"SKI\",\"VELO\"],\"articleSection\":[\"Autres sports\",\"CCEL | Communes\",\"Cyclisme | Cyclo | Vtt\",\"Divers Sports\",\"Expos | Foires | Mus\u00e9es | Salons\",\"Genas\",\"Patinage | Roller | Ski\"],\"inLanguage\":\"fr-FR\",\"potentialAction\":[{\"@type\":\"CommentAction\",\"name\":\"Comment\",\"target\":[\"https:\/\/newsestlyonnais.fr\/site\/2016\/11\/22\/genas-foire-aux-skis-velos-a-plein\/#respond\"]}]},{\"@type\":\"WebPage\",\"@id\":\"https:\/\/newsestlyonnais.fr\/site\/2016\/11\/22\/genas-foire-aux-skis-velos-a-plein\/\",\"url\":\"https:\/\/newsestlyonnais.fr\/site\/2016\/11\/22\/genas-foire-aux-skis-velos-a-plein\/\",\"name\":\"GENAS | La Foire aux skis et v\u00e9los a fait le plein - News Est Lyonnais\",\"isPartOf\":{\"@id\":\"https:\/\/newsestlyonnais.fr\/site\/#website\"},\"primaryImageOfPage\":{\"@id\":\"https:\/\/newsestlyonnais.fr\/site\/2016\/11\/22\/genas-foire-aux-skis-velos-a-plein\/#primaryimage\"},\"image\":{\"@id\":\"https:\/\/newsestlyonnais.fr\/site\/2016\/11\/22\/genas-foire-aux-skis-velos-a-plein\/#primaryimage\"},\"thumbnailUrl\":\"https:\/\/newsestlyonnais.fr\/site\/wp-content\/uploads\/2016\/11\/NEWSESTLYONNAIS-BENEVOLES-ESGA-SKI.jpg\",\"datePublished\":\"2016-11-22T15:28:02+00:00\",\"dateModified\":\"2021-09-17T08:46:38+00:00\",\"description\":\"GENAS: La Foire aux skis et v\u00e9los a fait le plein organis\u00e9e par l'ES Genas Azieu Ski a connu un nouveau succ\u00e8s populaire.\",\"breadcrumb\":{\"@id\":\"https:\/\/newsestlyonnais.fr\/site\/2016\/11\/22\/genas-foire-aux-skis-velos-a-plein\/#breadcrumb\"},\"inLanguage\":\"fr-FR\",\"potentialAction\":[{\"@type\":\"ReadAction\",\"target\":[\"https:\/\/newsestlyonnais.fr\/site\/2016\/11\/22\/genas-foire-aux-skis-velos-a-plein\/\"]}]},{\"@type\":\"ImageObject\",\"inLanguage\":\"fr-FR\",\"@id\":\"https:\/\/newsestlyonnais.fr\/site\/2016\/11\/22\/genas-foire-aux-skis-velos-a-plein\/#primaryimage\",\"url\":\"https:\/\/newsestlyonnais.fr\/site\/wp-content\/uploads\/2016\/11\/NEWSESTLYONNAIS-BENEVOLES-ESGA-SKI.jpg\",\"contentUrl\":\"https:\/\/newsestlyonnais.fr\/site\/wp-content\/uploads\/2016\/11\/NEWSESTLYONNAIS-BENEVOLES-ESGA-SKI.jpg\",\"width\":1000,\"height\":750},{\"@type\":\"BreadcrumbList\",\"@id\":\"https:\/\/newsestlyonnais.fr\/site\/2016\/11\/22\/genas-foire-aux-skis-velos-a-plein\/#breadcrumb\",\"itemListElement\":[{\"@type\":\"ListItem\",\"position\":1,\"name\":\"Accueil\",\"item\":\"https:\/\/newsestlyonnais.fr\/site\/\"},{\"@type\":\"ListItem\",\"position\":2,\"name\":\"GENAS | La Foire aux skis et v\u00e9los a fait le plein\"}]},{\"@type\":\"WebSite\",\"@id\":\"https:\/\/newsestlyonnais.fr\/site\/#website\",\"url\":\"https:\/\/newsestlyonnais.fr\/site\/\",\"name\":\"News Est Lyonnais\",\"description\":\"L&#039;actualit\u00e9 au plus pr\u00e8s\",\"publisher\":{\"@id\":\"https:\/\/newsestlyonnais.fr\/site\/#organization\"},\"potentialAction\":[{\"@type\":\"SearchAction\",\"target\":{\"@type\":\"EntryPoint\",\"urlTemplate\":\"https:\/\/newsestlyonnais.fr\/site\/?s={search_term_string}\"},\"query-input\":{\"@type\":\"PropertyValueSpecification\",\"valueRequired\":true,\"valueName\":\"search_term_string\"}}],\"inLanguage\":\"fr-FR\"},{\"@type\":\"Organization\",\"@id\":\"https:\/\/newsestlyonnais.fr\/site\/#organization\",\"name\":\"News EST LYONNAIS\",\"url\":\"https:\/\/newsestlyonnais.fr\/site\/\",\"logo\":{\"@type\":\"ImageObject\",\"inLanguage\":\"fr-FR\",\"@id\":\"https:\/\/newsestlyonnais.fr\/site\/#\/schema\/logo\/image\/\",\"url\":\"\",\"contentUrl\":\"\",\"caption\":\"News EST LYONNAIS\"},\"image\":{\"@id\":\"https:\/\/newsestlyonnais.fr\/site\/#\/schema\/logo\/image\/\"}},{\"@type\":\"Person\",\"@id\":\"https:\/\/newsestlyonnais.fr\/site\/#\/schema\/person\/3230d5615f390bb808365d673001e887\",\"name\":\"R\u00e9dac. NEWS\",\"sameAs\":[\"http:\/\/www.newsestlyonnais.fr\",\"https:\/\/www.facebook.com\/pascal.oberson.1?fref=ts\",\"https:\/\/fr.linkedin.com\/in\/pascal-oberson-b17045113\"],\"url\":\"https:\/\/newsestlyonnais.fr\/site\/author\/nel\/\"}]}<\/script>\n<!-- \/ Yoast SEO plugin. -->","yoast_head_json":{"title":"GENAS | La Foire aux skis et v\u00e9los a fait le plein - News Est Lyonnais","description":"GENAS: La Foire aux skis et v\u00e9los a fait le plein organis\u00e9e par l'ES Genas Azieu Ski a connu un nouveau succ\u00e8s populaire.","robots":{"index":"index","follow":"follow","max-snippet":"max-snippet:-1","max-image-preview":"max-image-preview:large","max-video-preview":"max-video-preview:-1"},"canonical":"https:\/\/newsestlyonnais.fr\/site\/2016\/11\/22\/genas-foire-aux-skis-velos-a-plein\/","og_locale":"fr_FR","og_type":"article","og_title":"GENAS | La Foire aux skis et v\u00e9los a fait le plein - News Est Lyonnais","og_description":"GENAS: La Foire aux skis et v\u00e9los a fait le plein organis\u00e9e par l'ES Genas Azieu Ski a connu un nouveau succ\u00e8s populaire.","og_url":"https:\/\/newsestlyonnais.fr\/site\/2016\/11\/22\/genas-foire-aux-skis-velos-a-plein\/","og_site_name":"News Est Lyonnais","article_author":"https:\/\/www.facebook.com\/pascal.oberson.1?fref=ts","article_published_time":"2016-11-22T15:28:02+00:00","article_modified_time":"2021-09-17T08:46:38+00:00","og_image":[{"width":1000,"height":750,"url":"https:\/\/i0.wp.com\/newsestlyonnais.fr\/site\/wp-content\/uploads\/2016\/11\/NEWSESTLYONNAIS-BENEVOLES-ESGA-SKI.jpg?fit=1000%2C750&ssl=1","type":"image\/jpeg"}],"author":"R\u00e9dac. NEWS","twitter_card":"summary_large_image","twitter_misc":{"\u00c9crit par":"R\u00e9dac. NEWS","Dur\u00e9e de lecture estim\u00e9e":"1 minute"},"schema":{"@context":"https:\/\/schema.org","@graph":[{"@type":"Article","@id":"https:\/\/newsestlyonnais.fr\/site\/2016\/11\/22\/genas-foire-aux-skis-velos-a-plein\/#article","isPartOf":{"@id":"https:\/\/newsestlyonnais.fr\/site\/2016\/11\/22\/genas-foire-aux-skis-velos-a-plein\/"},"author":{"name":"R\u00e9dac. NEWS","@id":"https:\/\/newsestlyonnais.fr\/site\/#\/schema\/person\/3230d5615f390bb808365d673001e887"},"headline":"GENAS | La Foire aux skis et v\u00e9los a fait le plein","datePublished":"2016-11-22T15:28:02+00:00","dateModified":"2021-09-17T08:46:38+00:00","mainEntityOfPage":{"@id":"https:\/\/newsestlyonnais.fr\/site\/2016\/11\/22\/genas-foire-aux-skis-velos-a-plein\/"},"wordCount":190,"commentCount":0,"publisher":{"@id":"https:\/\/newsestlyonnais.fr\/site\/#organization"},"image":{"@id":"https:\/\/newsestlyonnais.fr\/site\/2016\/11\/22\/genas-foire-aux-skis-velos-a-plein\/#primaryimage"},"thumbnailUrl":"https:\/\/newsestlyonnais.fr\/site\/wp-content\/uploads\/2016\/11\/NEWSESTLYONNAIS-BENEVOLES-ESGA-SKI.jpg","keywords":["FOIRE","GENAS","SKI","VELO"],"articleSection":["Autres sports","CCEL | Communes","Cyclisme | Cyclo | Vtt","Divers Sports","Expos | Foires | Mus\u00e9es | Salons","Genas","Patinage | Roller | Ski"],"inLanguage":"fr-FR","potentialAction":[{"@type":"CommentAction","name":"Comment","target":["https:\/\/newsestlyonnais.fr\/site\/2016\/11\/22\/genas-foire-aux-skis-velos-a-plein\/#respond"]}]},{"@type":"WebPage","@id":"https:\/\/newsestlyonnais.fr\/site\/2016\/11\/22\/genas-foire-aux-skis-velos-a-plein\/","url":"https:\/\/newsestlyonnais.fr\/site\/2016\/11\/22\/genas-foire-aux-skis-velos-a-plein\/","name":"GENAS | La Foire aux skis et v\u00e9los a fait le plein - News Est Lyonnais","isPartOf":{"@id":"https:\/\/newsestlyonnais.fr\/site\/#website"},"primaryImageOfPage":{"@id":"https:\/\/newsestlyonnais.fr\/site\/2016\/11\/22\/genas-foire-aux-skis-velos-a-plein\/#primaryimage"},"image":{"@id":"https:\/\/newsestlyonnais.fr\/site\/2016\/11\/22\/genas-foire-aux-skis-velos-a-plein\/#primaryimage"},"thumbnailUrl":"https:\/\/newsestlyonnais.fr\/site\/wp-content\/uploads\/2016\/11\/NEWSESTLYONNAIS-BENEVOLES-ESGA-SKI.jpg","datePublished":"2016-11-22T15:28:02+00:00","dateModified":"2021-09-17T08:46:38+00:00","description":"GENAS: La Foire aux skis et v\u00e9los a fait le plein organis\u00e9e par l'ES Genas Azieu Ski a connu un nouveau succ\u00e8s populaire.","breadcrumb":{"@id":"https:\/\/newsestlyonnais.fr\/site\/2016\/11\/22\/genas-foire-aux-skis-velos-a-plein\/#breadcrumb"},"inLanguage":"fr-FR","potentialAction":[{"@type":"ReadAction","target":["https:\/\/newsestlyonnais.fr\/site\/2016\/11\/22\/genas-foire-aux-skis-velos-a-plein\/"]}]},{"@type":"ImageObject","inLanguage":"fr-FR","@id":"https:\/\/newsestlyonnais.fr\/site\/2016\/11\/22\/genas-foire-aux-skis-velos-a-plein\/#primaryimage","url":"https:\/\/newsestlyonnais.fr\/site\/wp-content\/uploads\/2016\/11\/NEWSESTLYONNAIS-BENEVOLES-ESGA-SKI.jpg","contentUrl":"https:\/\/newsestlyonnais.fr\/site\/wp-content\/uploads\/2016\/11\/NEWSESTLYONNAIS-BENEVOLES-ESGA-SKI.jpg","width":1000,"height":750},{"@type":"BreadcrumbList","@id":"https:\/\/newsestlyonnais.fr\/site\/2016\/11\/22\/genas-foire-aux-skis-velos-a-plein\/#breadcrumb","itemListElement":[{"@type":"ListItem","position":1,"name":"Accueil","item":"https:\/\/newsestlyonnais.fr\/site\/"},{"@type":"ListItem","position":2,"name":"GENAS | La Foire aux skis et v\u00e9los a fait le plein"}]},{"@type":"WebSite","@id":"https:\/\/newsestlyonnais.fr\/site\/#website","url":"https:\/\/newsestlyonnais.fr\/site\/","name":"News Est Lyonnais","description":"L&#039;actualit\u00e9 au plus pr\u00e8s","publisher":{"@id":"https:\/\/newsestlyonnais.fr\/site\/#organization"},"potentialAction":[{"@type":"SearchAction","target":{"@type":"EntryPoint","urlTemplate":"https:\/\/newsestlyonnais.fr\/site\/?s={search_term_string}"},"query-input":{"@type":"PropertyValueSpecification","valueRequired":true,"valueName":"search_term_string"}}],"inLanguage":"fr-FR"},{"@type":"Organization","@id":"https:\/\/newsestlyonnais.fr\/site\/#organization","name":"News EST LYONNAIS","url":"https:\/\/newsestlyonnais.fr\/site\/","logo":{"@type":"ImageObject","inLanguage":"fr-FR","@id":"https:\/\/newsestlyonnais.fr\/site\/#\/schema\/logo\/image\/","url":"","contentUrl":"","caption":"News EST LYONNAIS"},"image":{"@id":"https:\/\/newsestlyonnais.fr\/site\/#\/schema\/logo\/image\/"}},{"@type":"Person","@id":"https:\/\/newsestlyonnais.fr\/site\/#\/schema\/person\/3230d5615f390bb808365d673001e887","name":"R\u00e9dac. NEWS","sameAs":["http:\/\/www.newsestlyonnais.fr","https:\/\/www.facebook.com\/pascal.oberson.1?fref=ts","https:\/\/fr.linkedin.com\/in\/pascal-oberson-b17045113"],"url":"https:\/\/newsestlyonnais.fr\/site\/author\/nel\/"}]}},"_links":{"self":[{"href":"https:\/\/newsestlyonnais.fr\/site\/wp-json\/wp\/v2\/posts\/16233","targetHints":{"allow":["GET"]}}],"collection":[{"href":"https:\/\/newsestlyonnais.fr\/site\/wp-json\/wp\/v2\/posts"}],"about":[{"href":"https:\/\/newsestlyonnais.fr\/site\/wp-json\/wp\/v2\/types\/post"}],"author":[{"embeddable":true,"href":"https:\/\/newsestlyonnais.fr\/site\/wp-json\/wp\/v2\/users\/4"}],"replies":[{"embeddable":true,"href":"https:\/\/newsestlyonnais.fr\/site\/wp-json\/wp\/v2\/comments?post=16233"}],"version-history":[{"count":0,"href":"https:\/\/newsestlyonnais.fr\/site\/wp-json\/wp\/v2\/posts\/16233\/revisions"}],"wp:featuredmedia":[{"embeddable":true,"href":"https:\/\/newsestlyonnais.fr\/site\/wp-json\/wp\/v2\/media\/16235"}],"wp:attachment":[{"href":"https:\/\/newsestlyonnais.fr\/site\/wp-json\/wp\/v2\/media?parent=16233"}],"wp:term":[{"taxonomy":"category","embeddable":true,"href":"https:\/\/newsestlyonnais.fr\/site\/wp-json\/wp\/v2\/categories?post=16233"},{"taxonomy":"post_tag","embeddable":true,"href":"https:\/\/newsestlyonnais.fr\/site\/wp-json\/wp\/v2\/tags?post=16233"}],"curies":[{"name":"wp","href":"https:\/\/api.w.org\/{rel}","templated":true}]}}