{"id":162381,"date":"2022-08-27T07:03:20","date_gmt":"2022-08-27T06:03:20","guid":{"rendered":"https:\/\/newsestlyonnais.fr\/site\/?p=162381"},"modified":"2022-09-15T09:53:49","modified_gmt":"2022-09-15T08:53:49","slug":"meyzieu-les-prochains-evenements","status":"publish","type":"post","link":"https:\/\/newsestlyonnais.fr\/site\/2022\/08\/27\/meyzieu-les-prochains-evenements\/","title":{"rendered":"MEYZIEU | Les prochains \u00e9v\u00e8nements"},"content":{"rendered":"<p><span style=\"font-size: 14pt; background-color: #000000; color: #ffcc00;\">FORUM DES ASSOCIATIONS 2022<\/span><\/p>\n<p>Le Forum des associations est un \u00e9v\u00e9nement incontournable de la vie associative majolane. Cette ann\u00e9e, il mobilise <strong>70 associations sportives, culturelles et solidaires<\/strong>. Il permet de f\u00e9d\u00e9rer le tissu associatif de la ville et valorise l\u2019engagement des b\u00e9n\u00e9voles.<\/p>\n<p>Les objectifs municipaux poursuivis sont multiples :<br \/>\n&#8211; Soutenir l\u2019offre associative sur la ville par la d\u00e9couverte de ses associations.<br \/>\n&#8211; Faciliter les inscriptions aux diff\u00e9rentes activit\u00e9s propos\u00e9es.<br \/>\n&#8211; Permettre aux associations de mieux se conna\u00eetre entre elles.<br \/>\n&#8211; Valoriser le b\u00e9n\u00e9volat associatif et son implication \u00e0 l\u2019animation de la ville.<\/p>\n<p>Cette ann\u00e9e, le Forum des associations se d\u00e9roulera int\u00e9gralement \u00e0 l\u2019Espace Jean Poperen et se tiendra de 9 h \u00e0 13 h. En effet, des statistiques faites sur les derni\u00e8res ann\u00e9es montrent que les usagers viennent principalement sur la tranche horaire 10h-12h.<\/p>\n<p><span style=\"color: #ffffff;\"><strong><span style=\"background-color: #000000;\">&gt;&gt; Samedi 3 septembre \/ de 9 h \u00e0 13 h \/ Espace Jean Poperen<\/span><\/strong><\/span><\/p>\n<hr \/>\n<p><span style=\"background-color: #000000; color: #ffcc00;\"><span style=\"font-size: 14pt;\">LA F\u00caTE DU V\u00c9LO<\/span><br \/>\n<\/span><\/p>\n<p><strong>Cette ann\u00e9e, la traditionnelle F\u00eate du v\u00e9lo majolane change d\u2019horaire et de jour<\/strong>. Elle se tiendra dimanche 11 septembre et proposera trois parcours et deux lieux de rendez-vous. En selle !<\/p>\n<p>\u2022 <strong>Parcours esprit sportif<\/strong><br \/>\nPour les plus \u00ab en jambes \u00bb, balade de 35 km sur le parcours de l\u2019Anneau Bleu.<br \/>\nRavitaillement \u00e0 mi-parcours et contr\u00f4le de passage. Ce parcours est accessible aux sportifs et sportives d\u00e8s 13 ans. Un dipl\u00f4me de validation du parcours sera remis aux participants.<br \/>\n-&gt; D\u00e9part \u00e0 9 h depuis le parvis de l\u2019H\u00f4tel de Ville.<br \/>\n\u2022 <strong>Parcours d\u00e9couvertes<\/strong><br \/>\nBalade de 5 km ou 9 km ouverte \u00e0 tous et aux enfants d\u00e8s 6 ans. Les plus jeunes doivent \u00eatre sur le porte v\u00e9lo de leurs parents. Tous les enfants doivent \u00eatre sous la responsabilit\u00e9 d\u2019un adulte.<\/p>\n<p><strong>Deux lieux de rendez-vous<\/strong><br \/>\n-&gt; H\u00f4tel de Ville : d\u00e9part \u00e0 10 h pour rejoindre la promenade d\u2019Herbens (+ 3,7 km).<br \/>\n-&gt; Promenade d\u2019Herbens : d\u00e9part \u00e0 10 h 30 pour les 2 parcours d\u00e9couvertes.<\/p>\n<p>Temps convivial \u00e0 l\u2019issue des parcours, pensez \u00e0 prendre son pique-nique.<br \/>\nCasque obligatoire pour les enfants de moins de 12 ans et recommand\u00e9 pour tous les participants !<br \/>\nAvant le d\u00e9part : v\u00e9rification et contr\u00f4le de l\u2019\u00e9tat des v\u00e9los (freins, pneumatiques, d\u00e9railleurs) propos\u00e9 par l\u2019association les P\u2019tits v\u00e9los.<br \/>\nPendant le parcours : le code de la route doit \u00eatre respect\u00e9. Il est conseill\u00e9 d\u2019utiliser les pistes cyclables sur l\u2019ensemble de vos trajets.<\/p>\n<p><strong>Inscriptions en ligne sur <span style=\"color: #0000ff;\"><a style=\"color: #0000ff;\" href=\"http:\/\/mon.meyzieu.fr\">mon.meyzieu.fr<\/a> <\/span>du 22 ao\u00fbt au 8 septembre ou sur place le jour m\u00eame (\u00e0 8 h 30 ou 10 h selon le lieu de d\u00e9part).<\/strong><\/p>\n<p><strong><span style=\"background-color: #000000; color: #ffffff;\">&gt;&gt; Dimanche 11 septembre 2022 \u00e0 partir de 9 h. \/ Gratuit<\/span><\/strong><\/p>\n<hr \/>\n<p><span style=\"background-color: #000000; color: #ffcc00; font-size: 14pt;\"><strong>PERMANENCES DES 4 OP\u00c9RATEURS FIBRE<\/strong><\/span><\/p>\n<p>Pour rappel, face aux probl\u00e8mes r\u00e9currents rencontr\u00e9s par les Majolans avec leur connexion \u00e0 internet par fibre optique, la Ville de Meyzieu s\u2019est mobilis\u00e9e depuis plusieurs ann\u00e9es aux c\u00f4t\u00e9s de ses habitants.<\/p>\n<p>La municipalit\u00e9 a alert\u00e9 l\u2019Autorit\u00e9 de r\u00e9gulation des communications \u00e9lectroniques et des postes (Arcep) et mis le prestataire de l\u2019infrastructure r\u00e9seau face \u00e0 ses responsabilit\u00e9s afin de r\u00e9soudre les probl\u00e8mes.<\/p>\n<p>Elle a \u00e9galement f\u00e9d\u00e9r\u00e9 les 4 op\u00e9rateurs fibre pour faire du public majolan une sp\u00e9cificit\u00e9, avec un traitement au cas par cas et les cr\u00e9ation et application des process d\u00e9di\u00e9s.<br \/>\nEn mettant l\u2019ensemble des acteurs autour de la table pour remettre \u00e0 plat les choses, le but de la Ville de Meyzieu \u00e9tait de construire un plan d\u2019action v\u00e9ritablement p\u00e9renne, au b\u00e9n\u00e9fice des usagers.<br \/>\n<strong>Gr\u00e2ce \u00e0 cette implication, les Villes de Meyzieu et Saint-Priest (\u00e9galement concern\u00e9e par les d\u00e9faillances) ont obtenu un engagement sans pr\u00e9c\u00e9dent : la reprise int\u00e9grale du r\u00e9seau par XP-Fibre, filiale de SFR, charg\u00e9e par l\u2019\u00c9tat du d\u00e9ploiement du r\u00e9seau fibre dans ces deux villes.<\/strong><\/p>\n<p>Enclench\u00e9e en d\u00e9but d\u2019ann\u00e9e, la reprise du r\u00e9seau se poursuit et devrait se terminer d\u2019ici fin 2022. Tout au long de cette op\u00e9ration exceptionnelle, la municipalit\u00e9 reste attentive \u00e0 son \u00e9volution.<\/p>\n<p>Ainsi, pour apporter une r\u00e9ponse au plus pr\u00e8s des habitants touch\u00e9s par des dysfonctionnements, la Ville de Meyzieu met \u00e0 disposition des op\u00e9rateurs Bouygues, Free, Orange et SFR, une salle \u00e0 la Maison des associations, afin de leur permettre d\u2019assurer des permanences pour relever et traiter les cas des Majolans impact\u00e9s.<\/p>\n<p><span style=\"color: #ffffff; background-color: #000000;\"><strong>Les prochaines permanences des 4 op\u00e9rateurs fibre se tiendront (de 13 h \u00e0 18 h 30), Maison des associations, salle Pierre Labrosse :<\/strong><\/span><\/p>\n<ul>\n<li>Vendredi 23 septembre<\/li>\n<li>Vendredi 21 octobre<\/li>\n<li>Vendredi 18 novembre<\/li>\n<li>Vendredi 16 d\u00e9cembre<\/li>\n<\/ul>\n<p>Lors de ces permanences, les op\u00e9rateurs prennent en charge les probl\u00e9matiques de fibre optique de fa\u00e7on individualis\u00e9e.<\/p>\n<p><span style=\"background-color: #000000; color: #ffffff; font-size: 10pt;\"><strong>+ d\u2019infos <\/strong>: <\/span><a href=\"https:\/\/www.meyzieu.fr\/information-transversale\/actualites\/deploiement-de-la-fibre-optique-les-dernieres-nouvelles-2267\"><span style=\"color: #0000ff;\"><strong><span style=\"font-size: 10pt;\"><span style=\"font-size: 8pt;\">https:\/\/www.meyzieu.fr\/information-transversale\/<\/span><\/span><\/strong><\/span><span style=\"color: #0000ff; font-size: 8pt;\"><strong>actualites\/deploiement-de-la-fibre-optique-les-dernieres-nouvelles-2267<\/strong><\/span><\/a><\/p>\n<hr \/>\n<hr \/>\n<p>&nbsp;<\/p>\n","protected":false},"excerpt":{"rendered":"<p>Forum des associations, f\u00eate du v\u00e9lo et permanences des op\u00e9rateurs fibre figurent parmi les moments forts de la rentr\u00e9e locale.<\/p>\n","protected":false},"author":4,"featured_media":101256,"comment_status":"open","ping_status":"open","sticky":false,"template":"","format":"standard","meta":{"footnotes":""},"categories":[2969,3426,2172,24],"tags":[],"class_list":["post-162381","post","type-post","status-publish","format-standard","has-post-thumbnail","hentry","category-cyclisme-cyclo-vtt","category-forums-des-associations","category-informatique-numerique","category-meyzieu"],"yoast_head":"<!-- This site is optimized with the Yoast SEO plugin v27.2 - https:\/\/yoast.com\/product\/yoast-seo-wordpress\/ -->\n<title>MEYZIEU | Les prochains \u00e9v\u00e8nements - News Est Lyonnais<\/title>\n<meta name=\"description\" content=\"MEYZIEU | Les prochains \u00e9v\u00e8nements\" \/>\n<meta name=\"robots\" content=\"index, follow, max-snippet:-1, max-image-preview:large, max-video-preview:-1\" \/>\n<link rel=\"canonical\" href=\"https:\/\/newsestlyonnais.fr\/site\/2022\/08\/27\/meyzieu-les-prochains-evenements\/\" \/>\n<meta property=\"og:locale\" content=\"fr_FR\" \/>\n<meta property=\"og:type\" content=\"article\" \/>\n<meta property=\"og:title\" content=\"MEYZIEU | Les prochains \u00e9v\u00e8nements - News Est Lyonnais\" \/>\n<meta property=\"og:description\" content=\"MEYZIEU | Les prochains \u00e9v\u00e8nements\" \/>\n<meta property=\"og:url\" content=\"https:\/\/newsestlyonnais.fr\/site\/2022\/08\/27\/meyzieu-les-prochains-evenements\/\" \/>\n<meta property=\"og:site_name\" content=\"News Est Lyonnais\" \/>\n<meta property=\"article:author\" content=\"https:\/\/www.facebook.com\/pascal.oberson.1?fref=ts\" \/>\n<meta property=\"article:published_time\" content=\"2022-08-27T06:03:20+00:00\" \/>\n<meta property=\"article:modified_time\" content=\"2022-09-15T08:53:49+00:00\" \/>\n<meta property=\"og:image\" content=\"https:\/\/newsestlyonnais.fr\/site\/wp-content\/uploads\/2020\/05\/NEWSESTLYONNAIS-VUE-MEYZIEU.jpg\" \/>\n\t<meta property=\"og:image:width\" content=\"1280\" \/>\n\t<meta property=\"og:image:height\" content=\"960\" \/>\n\t<meta property=\"og:image:type\" content=\"image\/jpeg\" \/>\n<meta name=\"author\" content=\"R\u00e9dac. NEWS\" \/>\n<meta name=\"twitter:card\" content=\"summary_large_image\" \/>\n<meta name=\"twitter:label1\" content=\"\u00c9crit par\" \/>\n\t<meta name=\"twitter:data1\" content=\"R\u00e9dac. NEWS\" \/>\n\t<meta name=\"twitter:label2\" content=\"Dur\u00e9e de lecture estim\u00e9e\" \/>\n\t<meta name=\"twitter:data2\" content=\"4 minutes\" \/>\n<script type=\"application\/ld+json\" class=\"yoast-schema-graph\">{\"@context\":\"https:\/\/schema.org\",\"@graph\":[{\"@type\":\"Article\",\"@id\":\"https:\/\/newsestlyonnais.fr\/site\/2022\/08\/27\/meyzieu-les-prochains-evenements\/#article\",\"isPartOf\":{\"@id\":\"https:\/\/newsestlyonnais.fr\/site\/2022\/08\/27\/meyzieu-les-prochains-evenements\/\"},\"author\":{\"name\":\"R\u00e9dac. NEWS\",\"@id\":\"https:\/\/newsestlyonnais.fr\/site\/#\/schema\/person\/3230d5615f390bb808365d673001e887\"},\"headline\":\"MEYZIEU | Les prochains \u00e9v\u00e8nements\",\"datePublished\":\"2022-08-27T06:03:20+00:00\",\"dateModified\":\"2022-09-15T08:53:49+00:00\",\"mainEntityOfPage\":{\"@id\":\"https:\/\/newsestlyonnais.fr\/site\/2022\/08\/27\/meyzieu-les-prochains-evenements\/\"},\"wordCount\":809,\"commentCount\":0,\"publisher\":{\"@id\":\"https:\/\/newsestlyonnais.fr\/site\/#organization\"},\"image\":{\"@id\":\"https:\/\/newsestlyonnais.fr\/site\/2022\/08\/27\/meyzieu-les-prochains-evenements\/#primaryimage\"},\"thumbnailUrl\":\"https:\/\/newsestlyonnais.fr\/site\/wp-content\/uploads\/2020\/05\/NEWSESTLYONNAIS-VUE-MEYZIEU.jpg\",\"articleSection\":[\"Cyclisme | Cyclo | Vtt\",\"Forums des associations\",\"Informatique | Num\u00e9rique\",\"Meyzieu\"],\"inLanguage\":\"fr-FR\",\"potentialAction\":[{\"@type\":\"CommentAction\",\"name\":\"Comment\",\"target\":[\"https:\/\/newsestlyonnais.fr\/site\/2022\/08\/27\/meyzieu-les-prochains-evenements\/#respond\"]}]},{\"@type\":\"WebPage\",\"@id\":\"https:\/\/newsestlyonnais.fr\/site\/2022\/08\/27\/meyzieu-les-prochains-evenements\/\",\"url\":\"https:\/\/newsestlyonnais.fr\/site\/2022\/08\/27\/meyzieu-les-prochains-evenements\/\",\"name\":\"MEYZIEU | Les prochains \u00e9v\u00e8nements - News Est Lyonnais\",\"isPartOf\":{\"@id\":\"https:\/\/newsestlyonnais.fr\/site\/#website\"},\"primaryImageOfPage\":{\"@id\":\"https:\/\/newsestlyonnais.fr\/site\/2022\/08\/27\/meyzieu-les-prochains-evenements\/#primaryimage\"},\"image\":{\"@id\":\"https:\/\/newsestlyonnais.fr\/site\/2022\/08\/27\/meyzieu-les-prochains-evenements\/#primaryimage\"},\"thumbnailUrl\":\"https:\/\/newsestlyonnais.fr\/site\/wp-content\/uploads\/2020\/05\/NEWSESTLYONNAIS-VUE-MEYZIEU.jpg\",\"datePublished\":\"2022-08-27T06:03:20+00:00\",\"dateModified\":\"2022-09-15T08:53:49+00:00\",\"description\":\"MEYZIEU | Les prochains \u00e9v\u00e8nements\",\"breadcrumb\":{\"@id\":\"https:\/\/newsestlyonnais.fr\/site\/2022\/08\/27\/meyzieu-les-prochains-evenements\/#breadcrumb\"},\"inLanguage\":\"fr-FR\",\"potentialAction\":[{\"@type\":\"ReadAction\",\"target\":[\"https:\/\/newsestlyonnais.fr\/site\/2022\/08\/27\/meyzieu-les-prochains-evenements\/\"]}]},{\"@type\":\"ImageObject\",\"inLanguage\":\"fr-FR\",\"@id\":\"https:\/\/newsestlyonnais.fr\/site\/2022\/08\/27\/meyzieu-les-prochains-evenements\/#primaryimage\",\"url\":\"https:\/\/newsestlyonnais.fr\/site\/wp-content\/uploads\/2020\/05\/NEWSESTLYONNAIS-VUE-MEYZIEU.jpg\",\"contentUrl\":\"https:\/\/newsestlyonnais.fr\/site\/wp-content\/uploads\/2020\/05\/NEWSESTLYONNAIS-VUE-MEYZIEU.jpg\",\"width\":1280,\"height\":960},{\"@type\":\"BreadcrumbList\",\"@id\":\"https:\/\/newsestlyonnais.fr\/site\/2022\/08\/27\/meyzieu-les-prochains-evenements\/#breadcrumb\",\"itemListElement\":[{\"@type\":\"ListItem\",\"position\":1,\"name\":\"Accueil\",\"item\":\"https:\/\/newsestlyonnais.fr\/site\/\"},{\"@type\":\"ListItem\",\"position\":2,\"name\":\"MEYZIEU | Les prochains \u00e9v\u00e8nements\"}]},{\"@type\":\"WebSite\",\"@id\":\"https:\/\/newsestlyonnais.fr\/site\/#website\",\"url\":\"https:\/\/newsestlyonnais.fr\/site\/\",\"name\":\"News Est Lyonnais\",\"description\":\"L&#039;actualit\u00e9 au plus pr\u00e8s\",\"publisher\":{\"@id\":\"https:\/\/newsestlyonnais.fr\/site\/#organization\"},\"potentialAction\":[{\"@type\":\"SearchAction\",\"target\":{\"@type\":\"EntryPoint\",\"urlTemplate\":\"https:\/\/newsestlyonnais.fr\/site\/?s={search_term_string}\"},\"query-input\":{\"@type\":\"PropertyValueSpecification\",\"valueRequired\":true,\"valueName\":\"search_term_string\"}}],\"inLanguage\":\"fr-FR\"},{\"@type\":\"Organization\",\"@id\":\"https:\/\/newsestlyonnais.fr\/site\/#organization\",\"name\":\"News EST LYONNAIS\",\"url\":\"https:\/\/newsestlyonnais.fr\/site\/\",\"logo\":{\"@type\":\"ImageObject\",\"inLanguage\":\"fr-FR\",\"@id\":\"https:\/\/newsestlyonnais.fr\/site\/#\/schema\/logo\/image\/\",\"url\":\"\",\"contentUrl\":\"\",\"caption\":\"News EST LYONNAIS\"},\"image\":{\"@id\":\"https:\/\/newsestlyonnais.fr\/site\/#\/schema\/logo\/image\/\"}},{\"@type\":\"Person\",\"@id\":\"https:\/\/newsestlyonnais.fr\/site\/#\/schema\/person\/3230d5615f390bb808365d673001e887\",\"name\":\"R\u00e9dac. NEWS\",\"sameAs\":[\"http:\/\/www.newsestlyonnais.fr\",\"https:\/\/www.facebook.com\/pascal.oberson.1?fref=ts\",\"https:\/\/fr.linkedin.com\/in\/pascal-oberson-b17045113\"],\"url\":\"https:\/\/newsestlyonnais.fr\/site\/author\/nel\/\"}]}<\/script>\n<!-- \/ Yoast SEO plugin. -->","yoast_head_json":{"title":"MEYZIEU | Les prochains \u00e9v\u00e8nements - News Est Lyonnais","description":"MEYZIEU | Les prochains \u00e9v\u00e8nements","robots":{"index":"index","follow":"follow","max-snippet":"max-snippet:-1","max-image-preview":"max-image-preview:large","max-video-preview":"max-video-preview:-1"},"canonical":"https:\/\/newsestlyonnais.fr\/site\/2022\/08\/27\/meyzieu-les-prochains-evenements\/","og_locale":"fr_FR","og_type":"article","og_title":"MEYZIEU | Les prochains \u00e9v\u00e8nements - News Est Lyonnais","og_description":"MEYZIEU | Les prochains \u00e9v\u00e8nements","og_url":"https:\/\/newsestlyonnais.fr\/site\/2022\/08\/27\/meyzieu-les-prochains-evenements\/","og_site_name":"News Est Lyonnais","article_author":"https:\/\/www.facebook.com\/pascal.oberson.1?fref=ts","article_published_time":"2022-08-27T06:03:20+00:00","article_modified_time":"2022-09-15T08:53:49+00:00","og_image":[{"width":1280,"height":960,"url":"https:\/\/newsestlyonnais.fr\/site\/wp-content\/uploads\/2020\/05\/NEWSESTLYONNAIS-VUE-MEYZIEU.jpg","type":"image\/jpeg"}],"author":"R\u00e9dac. NEWS","twitter_card":"summary_large_image","twitter_misc":{"\u00c9crit par":"R\u00e9dac. NEWS","Dur\u00e9e de lecture estim\u00e9e":"4 minutes"},"schema":{"@context":"https:\/\/schema.org","@graph":[{"@type":"Article","@id":"https:\/\/newsestlyonnais.fr\/site\/2022\/08\/27\/meyzieu-les-prochains-evenements\/#article","isPartOf":{"@id":"https:\/\/newsestlyonnais.fr\/site\/2022\/08\/27\/meyzieu-les-prochains-evenements\/"},"author":{"name":"R\u00e9dac. NEWS","@id":"https:\/\/newsestlyonnais.fr\/site\/#\/schema\/person\/3230d5615f390bb808365d673001e887"},"headline":"MEYZIEU | Les prochains \u00e9v\u00e8nements","datePublished":"2022-08-27T06:03:20+00:00","dateModified":"2022-09-15T08:53:49+00:00","mainEntityOfPage":{"@id":"https:\/\/newsestlyonnais.fr\/site\/2022\/08\/27\/meyzieu-les-prochains-evenements\/"},"wordCount":809,"commentCount":0,"publisher":{"@id":"https:\/\/newsestlyonnais.fr\/site\/#organization"},"image":{"@id":"https:\/\/newsestlyonnais.fr\/site\/2022\/08\/27\/meyzieu-les-prochains-evenements\/#primaryimage"},"thumbnailUrl":"https:\/\/newsestlyonnais.fr\/site\/wp-content\/uploads\/2020\/05\/NEWSESTLYONNAIS-VUE-MEYZIEU.jpg","articleSection":["Cyclisme | Cyclo | Vtt","Forums des associations","Informatique | Num\u00e9rique","Meyzieu"],"inLanguage":"fr-FR","potentialAction":[{"@type":"CommentAction","name":"Comment","target":["https:\/\/newsestlyonnais.fr\/site\/2022\/08\/27\/meyzieu-les-prochains-evenements\/#respond"]}]},{"@type":"WebPage","@id":"https:\/\/newsestlyonnais.fr\/site\/2022\/08\/27\/meyzieu-les-prochains-evenements\/","url":"https:\/\/newsestlyonnais.fr\/site\/2022\/08\/27\/meyzieu-les-prochains-evenements\/","name":"MEYZIEU | Les prochains \u00e9v\u00e8nements - News Est Lyonnais","isPartOf":{"@id":"https:\/\/newsestlyonnais.fr\/site\/#website"},"primaryImageOfPage":{"@id":"https:\/\/newsestlyonnais.fr\/site\/2022\/08\/27\/meyzieu-les-prochains-evenements\/#primaryimage"},"image":{"@id":"https:\/\/newsestlyonnais.fr\/site\/2022\/08\/27\/meyzieu-les-prochains-evenements\/#primaryimage"},"thumbnailUrl":"https:\/\/newsestlyonnais.fr\/site\/wp-content\/uploads\/2020\/05\/NEWSESTLYONNAIS-VUE-MEYZIEU.jpg","datePublished":"2022-08-27T06:03:20+00:00","dateModified":"2022-09-15T08:53:49+00:00","description":"MEYZIEU | Les prochains \u00e9v\u00e8nements","breadcrumb":{"@id":"https:\/\/newsestlyonnais.fr\/site\/2022\/08\/27\/meyzieu-les-prochains-evenements\/#breadcrumb"},"inLanguage":"fr-FR","potentialAction":[{"@type":"ReadAction","target":["https:\/\/newsestlyonnais.fr\/site\/2022\/08\/27\/meyzieu-les-prochains-evenements\/"]}]},{"@type":"ImageObject","inLanguage":"fr-FR","@id":"https:\/\/newsestlyonnais.fr\/site\/2022\/08\/27\/meyzieu-les-prochains-evenements\/#primaryimage","url":"https:\/\/newsestlyonnais.fr\/site\/wp-content\/uploads\/2020\/05\/NEWSESTLYONNAIS-VUE-MEYZIEU.jpg","contentUrl":"https:\/\/newsestlyonnais.fr\/site\/wp-content\/uploads\/2020\/05\/NEWSESTLYONNAIS-VUE-MEYZIEU.jpg","width":1280,"height":960},{"@type":"BreadcrumbList","@id":"https:\/\/newsestlyonnais.fr\/site\/2022\/08\/27\/meyzieu-les-prochains-evenements\/#breadcrumb","itemListElement":[{"@type":"ListItem","position":1,"name":"Accueil","item":"https:\/\/newsestlyonnais.fr\/site\/"},{"@type":"ListItem","position":2,"name":"MEYZIEU | Les prochains \u00e9v\u00e8nements"}]},{"@type":"WebSite","@id":"https:\/\/newsestlyonnais.fr\/site\/#website","url":"https:\/\/newsestlyonnais.fr\/site\/","name":"News Est Lyonnais","description":"L&#039;actualit\u00e9 au plus pr\u00e8s","publisher":{"@id":"https:\/\/newsestlyonnais.fr\/site\/#organization"},"potentialAction":[{"@type":"SearchAction","target":{"@type":"EntryPoint","urlTemplate":"https:\/\/newsestlyonnais.fr\/site\/?s={search_term_string}"},"query-input":{"@type":"PropertyValueSpecification","valueRequired":true,"valueName":"search_term_string"}}],"inLanguage":"fr-FR"},{"@type":"Organization","@id":"https:\/\/newsestlyonnais.fr\/site\/#organization","name":"News EST LYONNAIS","url":"https:\/\/newsestlyonnais.fr\/site\/","logo":{"@type":"ImageObject","inLanguage":"fr-FR","@id":"https:\/\/newsestlyonnais.fr\/site\/#\/schema\/logo\/image\/","url":"","contentUrl":"","caption":"News EST LYONNAIS"},"image":{"@id":"https:\/\/newsestlyonnais.fr\/site\/#\/schema\/logo\/image\/"}},{"@type":"Person","@id":"https:\/\/newsestlyonnais.fr\/site\/#\/schema\/person\/3230d5615f390bb808365d673001e887","name":"R\u00e9dac. NEWS","sameAs":["http:\/\/www.newsestlyonnais.fr","https:\/\/www.facebook.com\/pascal.oberson.1?fref=ts","https:\/\/fr.linkedin.com\/in\/pascal-oberson-b17045113"],"url":"https:\/\/newsestlyonnais.fr\/site\/author\/nel\/"}]}},"_links":{"self":[{"href":"https:\/\/newsestlyonnais.fr\/site\/wp-json\/wp\/v2\/posts\/162381","targetHints":{"allow":["GET"]}}],"collection":[{"href":"https:\/\/newsestlyonnais.fr\/site\/wp-json\/wp\/v2\/posts"}],"about":[{"href":"https:\/\/newsestlyonnais.fr\/site\/wp-json\/wp\/v2\/types\/post"}],"author":[{"embeddable":true,"href":"https:\/\/newsestlyonnais.fr\/site\/wp-json\/wp\/v2\/users\/4"}],"replies":[{"embeddable":true,"href":"https:\/\/newsestlyonnais.fr\/site\/wp-json\/wp\/v2\/comments?post=162381"}],"version-history":[{"count":0,"href":"https:\/\/newsestlyonnais.fr\/site\/wp-json\/wp\/v2\/posts\/162381\/revisions"}],"wp:featuredmedia":[{"embeddable":true,"href":"https:\/\/newsestlyonnais.fr\/site\/wp-json\/wp\/v2\/media\/101256"}],"wp:attachment":[{"href":"https:\/\/newsestlyonnais.fr\/site\/wp-json\/wp\/v2\/media?parent=162381"}],"wp:term":[{"taxonomy":"category","embeddable":true,"href":"https:\/\/newsestlyonnais.fr\/site\/wp-json\/wp\/v2\/categories?post=162381"},{"taxonomy":"post_tag","embeddable":true,"href":"https:\/\/newsestlyonnais.fr\/site\/wp-json\/wp\/v2\/tags?post=162381"}],"curies":[{"name":"wp","href":"https:\/\/api.w.org\/{rel}","templated":true}]}}