{"id":162707,"date":"2022-09-01T06:16:55","date_gmt":"2022-09-01T05:16:55","guid":{"rendered":"https:\/\/newsestlyonnais.fr\/site\/?p=162707"},"modified":"2022-09-15T09:52:41","modified_gmt":"2022-09-15T08:52:41","slug":"saint-priest-les-evenements-de-septembre","status":"publish","type":"post","link":"https:\/\/newsestlyonnais.fr\/site\/2022\/09\/01\/saint-priest-les-evenements-de-septembre\/","title":{"rendered":"SAINT-PRIEST | Les \u00e9v\u00e8nements \u00e0 mi-septembre"},"content":{"rendered":"<p><span style=\"background-color: #000000; color: #ffffff; font-size: 14pt;\"><strong>Jusqu&rsquo;au 26 septembre<\/strong><\/span> : <strong>Expositon \u00a0\u00bb Des arbres et autres sujets \u00ab\u00a0<\/strong> Exposition peinture et dessin de Josette Martin Rocca. (MJC Jean Cocteau).<\/p>\n<p><span style=\"background-color: #000000; color: #ffffff; font-size: 14pt;\"><strong>Jusqu&rsquo;au 2 octobre<\/strong><\/span> : <strong>Grand prix de tennis<\/strong> \/ TCSP. (Tennis Club de Saint-Priest).<\/p>\n<hr \/>\n<p><span style=\"background-color: #000000; color: #ffffff; font-size: 14pt;\"><strong>Dimanche 4 septembre<\/strong><\/span> <strong>de 10 h \u00e0 18 h<\/strong> : <strong>Carrefour des associations<\/strong>. (Parc du Ch\u00e2teau).<\/p>\n<p><span style=\"background-color: #000000; color: #ffffff;\"><strong><span style=\"font-size: 14pt; background-color: #000000;\">Mercredi 7 septembre<\/span> <\/strong><\/span><\/p>\n<ul>\n<li><span style=\"background-color: #000000; color: #ffffff;\"><strong><span style=\"font-size: 12pt; background-color: #000000; color: #000000;\"><span style=\"background-color: #ffffff;\">de <\/span><\/span><\/strong><\/span><strong>10 h \u00e0 14 h : Bergerie Urbaine. <\/strong>Transhumance dans la ville avec 18 moutons. (D\u00e9part et arriv\u00e9e ; MJC Jean Cocteau, passage par parc Mandela, jardin des coquelicots \u00e0 Bel-Air, avenue Pierre Mend\u00e8s-France, Rue Louis<br \/>\nBraille, terrain de foot Cordi\u00e8re)<\/li>\n<li><strong>\u00e0 18 h 30 : Vernissage de l&rsquo;exposition \u00a0\u00bb des arbres et autres sujets \u00ab\u00a0<\/strong> (MJC Jean Cocteau).<\/li>\n<\/ul>\n<p><span style=\"background-color: #000000; color: #ffffff; font-size: 14pt;\"><strong>Vendredi 9 septembre<\/strong><\/span><\/p>\n<ul>\n<li><strong>\u00e0 17 h 50 : Comm\u00e9moration : Lib\u00e9ration de Saint Priest<\/strong>. Rassemblement devant les plaques comm\u00e9moratives des cheminots \u00e0 la gare, puis st\u00e8le M. Tassy sur la place B. Polga, puis au jardin de la m\u00e9moire. Gare \/ Place B. Polga \/ Ch\u00e2teau).<\/li>\n<li><strong>\u00e0 19 h : AG ASPTT Lyon Section Subaquatique<\/strong>. (Maison de Quartier Revaison, salle principale)<\/li>\n<li><strong>\u00e0 19 h 30 : Lancement de saison MJC.<\/strong> (MJC Jean Cocteau).<\/li>\n<\/ul>\n<p><span style=\"font-size: 14pt; background-color: #000000; color: #ffffff;\"><strong>Samedi 10 septembre <\/strong><\/span><\/p>\n<ul>\n<li><strong>de 9 h \u00e0 11 h 30 : D\u00e9fi Cuisine<\/strong> \/ Atelier sant\u00e9 du CCAS. D\u00e9fi sp\u00e9cial z\u00e9ro d\u00e9chet avec le chef Adrien Zedda. (Espace Mosa\u00efque).<\/li>\n<li><strong>\u00e0 10 &amp; 11 h : D\u00e9couverte du strong nation by zumba<\/strong> \/ CS Louis Braille (Square Louis Braille).<\/li>\n<li><strong>\u00e0 10 h 30 &amp; 14 h : Spectacle Guignol<\/strong>. Tout nouveau spectacle de la troupe : \u00a0\u00bb Guignol et Ludo, son panda\u00a0\u00bb (Cin\u00e9ma le Sc\u00e9nario).<\/li>\n<li><strong>\u00e0 18 h : Foot : ASSP \/ Jura Sud<\/strong>. (Stade Jacques Joly).<\/li>\n<li><strong>\u00e0 18 h 45 : Handball : SPHB \/ Marsannay<\/strong> (Gymnase Condorcet).<\/li>\n<li><strong>\u00e0 20 h : Basket : ALSP \/ Pontoise ULR Basket St Just St Rambert <\/strong>(Gymnase L\u00e9on Perrier).<\/li>\n<\/ul>\n<p><span style=\"background-color: #000000; color: #ffffff; font-size: 14pt;\"><strong>Jeudi 15 septembre <\/strong><\/span><\/p>\n<ul>\n<li><strong>\u00e0 18 h : Technocross<\/strong> \/ Parc Technologique \/ l&rsquo;association des entreprises du parc et du service des sports. (D\u00e9part : Cours du 3\u00b0 mill\u00e9naire).<\/li>\n<\/ul>\n<hr \/>\n<p><span style=\"font-size: 14pt; background-color: #000000;\"><em><strong><span style=\"color: #ffffff;\">L\u2019ACTU de la commune : <\/span><span style=\"color: #ffcc00;\"><a style=\"background-color: #000000; color: #ffcc00;\" href=\"http:\/\/www.ville-saint-priest.fr\/accueil.547.0.html\" target=\"_blank\" rel=\"noreferrer noopener\">http:\/\/www.ville-saint-priest.fr<\/a><\/span><\/strong><\/em><\/span><\/p>\n<hr \/>\n<div id='gallery-1' class='gallery galleryid-162707 gallery-columns-3 gallery-size-thumbnail'><figure class='gallery-item'>\n\t\t\t<div class='gallery-icon portrait'>\n\t\t\t\t<a href='https:\/\/newsestlyonnais.fr\/site\/events\/saint-priest-grand-prix-de-tennis-6\/newsestlyonnais-tennis-st-priest\/'><img loading=\"lazy\" decoding=\"async\" width=\"120\" height=\"150\" src=\"https:\/\/newsestlyonnais.fr\/site\/wp-content\/uploads\/2022\/07\/NEWSESTLYONNAIS-TENNIS-ST-PRIEST-250x313.jpg\" class=\"attachment-thumbnail size-thumbnail\" alt=\"\" aria-describedby=\"gallery-1-161685\" srcset=\"https:\/\/newsestlyonnais.fr\/site\/wp-content\/uploads\/2022\/07\/NEWSESTLYONNAIS-TENNIS-ST-PRIEST-250x313.jpg 250w, https:\/\/newsestlyonnais.fr\/site\/wp-content\/uploads\/2022\/07\/NEWSESTLYONNAIS-TENNIS-ST-PRIEST-400x500.jpg 400w, https:\/\/newsestlyonnais.fr\/site\/wp-content\/uploads\/2022\/07\/NEWSESTLYONNAIS-TENNIS-ST-PRIEST-650x813.jpg 650w, https:\/\/newsestlyonnais.fr\/site\/wp-content\/uploads\/2022\/07\/NEWSESTLYONNAIS-TENNIS-ST-PRIEST-768x960.jpg 768w, https:\/\/newsestlyonnais.fr\/site\/wp-content\/uploads\/2022\/07\/NEWSESTLYONNAIS-TENNIS-ST-PRIEST-150x188.jpg 150w, https:\/\/newsestlyonnais.fr\/site\/wp-content\/uploads\/2022\/07\/NEWSESTLYONNAIS-TENNIS-ST-PRIEST-50x63.jpg 50w, https:\/\/newsestlyonnais.fr\/site\/wp-content\/uploads\/2022\/07\/NEWSESTLYONNAIS-TENNIS-ST-PRIEST-100x125.jpg 100w, https:\/\/newsestlyonnais.fr\/site\/wp-content\/uploads\/2022\/07\/NEWSESTLYONNAIS-TENNIS-ST-PRIEST-200x250.jpg 200w, https:\/\/newsestlyonnais.fr\/site\/wp-content\/uploads\/2022\/07\/NEWSESTLYONNAIS-TENNIS-ST-PRIEST-300x375.jpg 300w, https:\/\/newsestlyonnais.fr\/site\/wp-content\/uploads\/2022\/07\/NEWSESTLYONNAIS-TENNIS-ST-PRIEST-350x438.jpg 350w, https:\/\/newsestlyonnais.fr\/site\/wp-content\/uploads\/2022\/07\/NEWSESTLYONNAIS-TENNIS-ST-PRIEST-450x563.jpg 450w, https:\/\/newsestlyonnais.fr\/site\/wp-content\/uploads\/2022\/07\/NEWSESTLYONNAIS-TENNIS-ST-PRIEST-500x625.jpg 500w, https:\/\/newsestlyonnais.fr\/site\/wp-content\/uploads\/2022\/07\/NEWSESTLYONNAIS-TENNIS-ST-PRIEST-550x688.jpg 550w, https:\/\/newsestlyonnais.fr\/site\/wp-content\/uploads\/2022\/07\/NEWSESTLYONNAIS-TENNIS-ST-PRIEST-800x1000.jpg 800w, https:\/\/newsestlyonnais.fr\/site\/wp-content\/uploads\/2022\/07\/NEWSESTLYONNAIS-TENNIS-ST-PRIEST.jpg 960w\" sizes=\"auto, (max-width: 120px) 100vw, 120px\" \/><\/a>\n\t\t\t<\/div>\n\t\t\t\t<figcaption class='wp-caption-text gallery-caption' id='gallery-1-161685'>\n\t\t\t\tGrand Prix de Tennis\n\t\t\t\t<\/figcaption><\/figure><figure class='gallery-item'>\n\t\t\t<div class='gallery-icon portrait'>\n\t\t\t\t<a href='https:\/\/newsestlyonnais.fr\/site\/2022\/07\/28\/forums-des-associations-2022-toutes-les-dates-sur-lyon-et-la-region\/csm_une_carrefour-associations2022_eab2702247\/'><img loading=\"lazy\" decoding=\"async\" width=\"106\" height=\"150\" src=\"https:\/\/newsestlyonnais.fr\/site\/wp-content\/uploads\/2022\/07\/csm_une_carrefour-associations2022_eab2702247-250x353.jpg\" class=\"attachment-thumbnail size-thumbnail\" alt=\"\" aria-describedby=\"gallery-1-161291\" srcset=\"https:\/\/newsestlyonnais.fr\/site\/wp-content\/uploads\/2022\/07\/csm_une_carrefour-associations2022_eab2702247-250x353.jpg 250w, https:\/\/newsestlyonnais.fr\/site\/wp-content\/uploads\/2022\/07\/csm_une_carrefour-associations2022_eab2702247-150x212.jpg 150w, https:\/\/newsestlyonnais.fr\/site\/wp-content\/uploads\/2022\/07\/csm_une_carrefour-associations2022_eab2702247-50x71.jpg 50w, https:\/\/newsestlyonnais.fr\/site\/wp-content\/uploads\/2022\/07\/csm_une_carrefour-associations2022_eab2702247-100x141.jpg 100w, https:\/\/newsestlyonnais.fr\/site\/wp-content\/uploads\/2022\/07\/csm_une_carrefour-associations2022_eab2702247-200x282.jpg 200w, https:\/\/newsestlyonnais.fr\/site\/wp-content\/uploads\/2022\/07\/csm_une_carrefour-associations2022_eab2702247.jpg 280w\" sizes=\"auto, (max-width: 106px) 100vw, 106px\" \/><\/a>\n\t\t\t<\/div>\n\t\t\t\t<figcaption class='wp-caption-text gallery-caption' id='gallery-1-161291'>\n\t\t\t\tCarrefour des associations \n\t\t\t\t<\/figcaption><\/figure><figure class='gallery-item'>\n\t\t\t<div class='gallery-icon landscape'>\n\t\t\t\t<a href='https:\/\/newsestlyonnais.fr\/site\/events\/saint-priest-7-techno-cross\/bandeau_techncross\/'><img loading=\"lazy\" decoding=\"async\" width=\"150\" height=\"55\" src=\"https:\/\/newsestlyonnais.fr\/site\/wp-content\/uploads\/2022\/08\/bandeau_techncross-250x92.jpg\" class=\"attachment-thumbnail size-thumbnail\" alt=\"\" aria-describedby=\"gallery-1-162179\" srcset=\"https:\/\/newsestlyonnais.fr\/site\/wp-content\/uploads\/2022\/08\/bandeau_techncross-250x92.jpg 250w, https:\/\/newsestlyonnais.fr\/site\/wp-content\/uploads\/2022\/08\/bandeau_techncross-400x147.jpg 400w, https:\/\/newsestlyonnais.fr\/site\/wp-content\/uploads\/2022\/08\/bandeau_techncross-650x239.jpg 650w, https:\/\/newsestlyonnais.fr\/site\/wp-content\/uploads\/2022\/08\/bandeau_techncross-768x282.jpg 768w, https:\/\/newsestlyonnais.fr\/site\/wp-content\/uploads\/2022\/08\/bandeau_techncross-150x55.jpg 150w, https:\/\/newsestlyonnais.fr\/site\/wp-content\/uploads\/2022\/08\/bandeau_techncross-50x18.jpg 50w, https:\/\/newsestlyonnais.fr\/site\/wp-content\/uploads\/2022\/08\/bandeau_techncross-100x37.jpg 100w, https:\/\/newsestlyonnais.fr\/site\/wp-content\/uploads\/2022\/08\/bandeau_techncross-200x74.jpg 200w, https:\/\/newsestlyonnais.fr\/site\/wp-content\/uploads\/2022\/08\/bandeau_techncross-300x110.jpg 300w, https:\/\/newsestlyonnais.fr\/site\/wp-content\/uploads\/2022\/08\/bandeau_techncross-350x129.jpg 350w, https:\/\/newsestlyonnais.fr\/site\/wp-content\/uploads\/2022\/08\/bandeau_techncross-450x165.jpg 450w, https:\/\/newsestlyonnais.fr\/site\/wp-content\/uploads\/2022\/08\/bandeau_techncross-500x184.jpg 500w, https:\/\/newsestlyonnais.fr\/site\/wp-content\/uploads\/2022\/08\/bandeau_techncross-550x202.jpg 550w, https:\/\/newsestlyonnais.fr\/site\/wp-content\/uploads\/2022\/08\/bandeau_techncross.jpg 800w\" sizes=\"auto, (max-width: 150px) 100vw, 150px\" \/><\/a>\n\t\t\t<\/div>\n\t\t\t\t<figcaption class='wp-caption-text gallery-caption' id='gallery-1-162179'>\n\t\t\t\t    TECHNOCROSS\n\t\t\t\t<\/figcaption><\/figure>\n\t\t<\/div>\n\n","protected":false},"excerpt":{"rendered":"<p>Nombreuses sont les programmations locales pour cette premi\u00e8re quinzaine du mois de la rentr\u00e9e.<\/p>\n","protected":false},"author":4,"featured_media":95577,"comment_status":"open","ping_status":"open","sticky":false,"template":"","format":"standard","meta":{"footnotes":""},"categories":[1296],"tags":[1991,2039],"class_list":["post-162707","post","type-post","status-publish","format-standard","has-post-thumbnail","hentry","category-sain-priest","tag-agenda","tag-saint-priest"],"yoast_head":"<!-- This site is optimized with the Yoast SEO plugin v27.2 - https:\/\/yoast.com\/product\/yoast-seo-wordpress\/ -->\n<title>SAINT-PRIEST | Les \u00e9v\u00e8nements \u00e0 mi-septembre - News Est Lyonnais<\/title>\n<meta name=\"description\" content=\"SAINT-PRIEST | Les \u00e9v\u00e8nements de septembre\" \/>\n<meta name=\"robots\" content=\"index, follow, max-snippet:-1, max-image-preview:large, max-video-preview:-1\" \/>\n<link rel=\"canonical\" href=\"https:\/\/newsestlyonnais.fr\/site\/2022\/09\/01\/saint-priest-les-evenements-de-septembre\/\" \/>\n<meta property=\"og:locale\" content=\"fr_FR\" \/>\n<meta property=\"og:type\" content=\"article\" \/>\n<meta property=\"og:title\" content=\"SAINT-PRIEST | Les \u00e9v\u00e8nements \u00e0 mi-septembre - News Est Lyonnais\" \/>\n<meta property=\"og:description\" content=\"SAINT-PRIEST | Les \u00e9v\u00e8nements de septembre\" \/>\n<meta property=\"og:url\" content=\"https:\/\/newsestlyonnais.fr\/site\/2022\/09\/01\/saint-priest-les-evenements-de-septembre\/\" \/>\n<meta property=\"og:site_name\" content=\"News Est Lyonnais\" \/>\n<meta property=\"article:author\" content=\"https:\/\/www.facebook.com\/pascal.oberson.1?fref=ts\" \/>\n<meta property=\"article:published_time\" content=\"2022-09-01T05:16:55+00:00\" \/>\n<meta property=\"article:modified_time\" content=\"2022-09-15T08:52:41+00:00\" \/>\n<meta property=\"og:image\" content=\"https:\/\/newsestlyonnais.fr\/site\/wp-content\/uploads\/2020\/02\/NEWSESTLYONNAIS-ST-PRIEST01.jpg\" \/>\n\t<meta property=\"og:image:width\" content=\"1200\" \/>\n\t<meta property=\"og:image:height\" content=\"800\" \/>\n\t<meta property=\"og:image:type\" content=\"image\/jpeg\" \/>\n<meta name=\"author\" content=\"R\u00e9dac. NEWS\" \/>\n<meta name=\"twitter:card\" content=\"summary_large_image\" \/>\n<meta name=\"twitter:label1\" content=\"\u00c9crit par\" \/>\n\t<meta name=\"twitter:data1\" content=\"R\u00e9dac. NEWS\" \/>\n\t<meta name=\"twitter:label2\" content=\"Dur\u00e9e de lecture estim\u00e9e\" \/>\n\t<meta name=\"twitter:data2\" content=\"2 minutes\" \/>\n<script type=\"application\/ld+json\" class=\"yoast-schema-graph\">{\"@context\":\"https:\/\/schema.org\",\"@graph\":[{\"@type\":\"Article\",\"@id\":\"https:\/\/newsestlyonnais.fr\/site\/2022\/09\/01\/saint-priest-les-evenements-de-septembre\/#article\",\"isPartOf\":{\"@id\":\"https:\/\/newsestlyonnais.fr\/site\/2022\/09\/01\/saint-priest-les-evenements-de-septembre\/\"},\"author\":{\"name\":\"R\u00e9dac. NEWS\",\"@id\":\"https:\/\/newsestlyonnais.fr\/site\/#\/schema\/person\/3230d5615f390bb808365d673001e887\"},\"headline\":\"SAINT-PRIEST | Les \u00e9v\u00e8nements \u00e0 mi-septembre\",\"datePublished\":\"2022-09-01T05:16:55+00:00\",\"dateModified\":\"2022-09-15T08:52:41+00:00\",\"mainEntityOfPage\":{\"@id\":\"https:\/\/newsestlyonnais.fr\/site\/2022\/09\/01\/saint-priest-les-evenements-de-septembre\/\"},\"wordCount\":294,\"commentCount\":0,\"publisher\":{\"@id\":\"https:\/\/newsestlyonnais.fr\/site\/#organization\"},\"image\":{\"@id\":\"https:\/\/newsestlyonnais.fr\/site\/2022\/09\/01\/saint-priest-les-evenements-de-septembre\/#primaryimage\"},\"thumbnailUrl\":\"https:\/\/newsestlyonnais.fr\/site\/wp-content\/uploads\/2020\/02\/NEWSESTLYONNAIS-ST-PRIEST01.jpg\",\"keywords\":[\"AGENDA\",\"SAINT PRIEST\"],\"articleSection\":[\"Saint-Priest\"],\"inLanguage\":\"fr-FR\",\"potentialAction\":[{\"@type\":\"CommentAction\",\"name\":\"Comment\",\"target\":[\"https:\/\/newsestlyonnais.fr\/site\/2022\/09\/01\/saint-priest-les-evenements-de-septembre\/#respond\"]}]},{\"@type\":\"WebPage\",\"@id\":\"https:\/\/newsestlyonnais.fr\/site\/2022\/09\/01\/saint-priest-les-evenements-de-septembre\/\",\"url\":\"https:\/\/newsestlyonnais.fr\/site\/2022\/09\/01\/saint-priest-les-evenements-de-septembre\/\",\"name\":\"SAINT-PRIEST | Les \u00e9v\u00e8nements \u00e0 mi-septembre - News Est Lyonnais\",\"isPartOf\":{\"@id\":\"https:\/\/newsestlyonnais.fr\/site\/#website\"},\"primaryImageOfPage\":{\"@id\":\"https:\/\/newsestlyonnais.fr\/site\/2022\/09\/01\/saint-priest-les-evenements-de-septembre\/#primaryimage\"},\"image\":{\"@id\":\"https:\/\/newsestlyonnais.fr\/site\/2022\/09\/01\/saint-priest-les-evenements-de-septembre\/#primaryimage\"},\"thumbnailUrl\":\"https:\/\/newsestlyonnais.fr\/site\/wp-content\/uploads\/2020\/02\/NEWSESTLYONNAIS-ST-PRIEST01.jpg\",\"datePublished\":\"2022-09-01T05:16:55+00:00\",\"dateModified\":\"2022-09-15T08:52:41+00:00\",\"description\":\"SAINT-PRIEST | Les \u00e9v\u00e8nements de septembre\",\"breadcrumb\":{\"@id\":\"https:\/\/newsestlyonnais.fr\/site\/2022\/09\/01\/saint-priest-les-evenements-de-septembre\/#breadcrumb\"},\"inLanguage\":\"fr-FR\",\"potentialAction\":[{\"@type\":\"ReadAction\",\"target\":[\"https:\/\/newsestlyonnais.fr\/site\/2022\/09\/01\/saint-priest-les-evenements-de-septembre\/\"]}]},{\"@type\":\"ImageObject\",\"inLanguage\":\"fr-FR\",\"@id\":\"https:\/\/newsestlyonnais.fr\/site\/2022\/09\/01\/saint-priest-les-evenements-de-septembre\/#primaryimage\",\"url\":\"https:\/\/newsestlyonnais.fr\/site\/wp-content\/uploads\/2020\/02\/NEWSESTLYONNAIS-ST-PRIEST01.jpg\",\"contentUrl\":\"https:\/\/newsestlyonnais.fr\/site\/wp-content\/uploads\/2020\/02\/NEWSESTLYONNAIS-ST-PRIEST01.jpg\",\"width\":1200,\"height\":800},{\"@type\":\"BreadcrumbList\",\"@id\":\"https:\/\/newsestlyonnais.fr\/site\/2022\/09\/01\/saint-priest-les-evenements-de-septembre\/#breadcrumb\",\"itemListElement\":[{\"@type\":\"ListItem\",\"position\":1,\"name\":\"Accueil\",\"item\":\"https:\/\/newsestlyonnais.fr\/site\/\"},{\"@type\":\"ListItem\",\"position\":2,\"name\":\"SAINT-PRIEST | Les \u00e9v\u00e8nements \u00e0 mi-septembre\"}]},{\"@type\":\"WebSite\",\"@id\":\"https:\/\/newsestlyonnais.fr\/site\/#website\",\"url\":\"https:\/\/newsestlyonnais.fr\/site\/\",\"name\":\"News Est Lyonnais\",\"description\":\"L&#039;actualit\u00e9 au plus pr\u00e8s\",\"publisher\":{\"@id\":\"https:\/\/newsestlyonnais.fr\/site\/#organization\"},\"potentialAction\":[{\"@type\":\"SearchAction\",\"target\":{\"@type\":\"EntryPoint\",\"urlTemplate\":\"https:\/\/newsestlyonnais.fr\/site\/?s={search_term_string}\"},\"query-input\":{\"@type\":\"PropertyValueSpecification\",\"valueRequired\":true,\"valueName\":\"search_term_string\"}}],\"inLanguage\":\"fr-FR\"},{\"@type\":\"Organization\",\"@id\":\"https:\/\/newsestlyonnais.fr\/site\/#organization\",\"name\":\"News EST LYONNAIS\",\"url\":\"https:\/\/newsestlyonnais.fr\/site\/\",\"logo\":{\"@type\":\"ImageObject\",\"inLanguage\":\"fr-FR\",\"@id\":\"https:\/\/newsestlyonnais.fr\/site\/#\/schema\/logo\/image\/\",\"url\":\"\",\"contentUrl\":\"\",\"caption\":\"News EST LYONNAIS\"},\"image\":{\"@id\":\"https:\/\/newsestlyonnais.fr\/site\/#\/schema\/logo\/image\/\"}},{\"@type\":\"Person\",\"@id\":\"https:\/\/newsestlyonnais.fr\/site\/#\/schema\/person\/3230d5615f390bb808365d673001e887\",\"name\":\"R\u00e9dac. NEWS\",\"sameAs\":[\"http:\/\/www.newsestlyonnais.fr\",\"https:\/\/www.facebook.com\/pascal.oberson.1?fref=ts\",\"https:\/\/fr.linkedin.com\/in\/pascal-oberson-b17045113\"],\"url\":\"https:\/\/newsestlyonnais.fr\/site\/author\/nel\/\"}]}<\/script>\n<!-- \/ Yoast SEO plugin. -->","yoast_head_json":{"title":"SAINT-PRIEST | Les \u00e9v\u00e8nements \u00e0 mi-septembre - News Est Lyonnais","description":"SAINT-PRIEST | Les \u00e9v\u00e8nements de septembre","robots":{"index":"index","follow":"follow","max-snippet":"max-snippet:-1","max-image-preview":"max-image-preview:large","max-video-preview":"max-video-preview:-1"},"canonical":"https:\/\/newsestlyonnais.fr\/site\/2022\/09\/01\/saint-priest-les-evenements-de-septembre\/","og_locale":"fr_FR","og_type":"article","og_title":"SAINT-PRIEST | Les \u00e9v\u00e8nements \u00e0 mi-septembre - News Est Lyonnais","og_description":"SAINT-PRIEST | Les \u00e9v\u00e8nements de septembre","og_url":"https:\/\/newsestlyonnais.fr\/site\/2022\/09\/01\/saint-priest-les-evenements-de-septembre\/","og_site_name":"News Est Lyonnais","article_author":"https:\/\/www.facebook.com\/pascal.oberson.1?fref=ts","article_published_time":"2022-09-01T05:16:55+00:00","article_modified_time":"2022-09-15T08:52:41+00:00","og_image":[{"width":1200,"height":800,"url":"https:\/\/newsestlyonnais.fr\/site\/wp-content\/uploads\/2020\/02\/NEWSESTLYONNAIS-ST-PRIEST01.jpg","type":"image\/jpeg"}],"author":"R\u00e9dac. NEWS","twitter_card":"summary_large_image","twitter_misc":{"\u00c9crit par":"R\u00e9dac. NEWS","Dur\u00e9e de lecture estim\u00e9e":"2 minutes"},"schema":{"@context":"https:\/\/schema.org","@graph":[{"@type":"Article","@id":"https:\/\/newsestlyonnais.fr\/site\/2022\/09\/01\/saint-priest-les-evenements-de-septembre\/#article","isPartOf":{"@id":"https:\/\/newsestlyonnais.fr\/site\/2022\/09\/01\/saint-priest-les-evenements-de-septembre\/"},"author":{"name":"R\u00e9dac. NEWS","@id":"https:\/\/newsestlyonnais.fr\/site\/#\/schema\/person\/3230d5615f390bb808365d673001e887"},"headline":"SAINT-PRIEST | Les \u00e9v\u00e8nements \u00e0 mi-septembre","datePublished":"2022-09-01T05:16:55+00:00","dateModified":"2022-09-15T08:52:41+00:00","mainEntityOfPage":{"@id":"https:\/\/newsestlyonnais.fr\/site\/2022\/09\/01\/saint-priest-les-evenements-de-septembre\/"},"wordCount":294,"commentCount":0,"publisher":{"@id":"https:\/\/newsestlyonnais.fr\/site\/#organization"},"image":{"@id":"https:\/\/newsestlyonnais.fr\/site\/2022\/09\/01\/saint-priest-les-evenements-de-septembre\/#primaryimage"},"thumbnailUrl":"https:\/\/newsestlyonnais.fr\/site\/wp-content\/uploads\/2020\/02\/NEWSESTLYONNAIS-ST-PRIEST01.jpg","keywords":["AGENDA","SAINT PRIEST"],"articleSection":["Saint-Priest"],"inLanguage":"fr-FR","potentialAction":[{"@type":"CommentAction","name":"Comment","target":["https:\/\/newsestlyonnais.fr\/site\/2022\/09\/01\/saint-priest-les-evenements-de-septembre\/#respond"]}]},{"@type":"WebPage","@id":"https:\/\/newsestlyonnais.fr\/site\/2022\/09\/01\/saint-priest-les-evenements-de-septembre\/","url":"https:\/\/newsestlyonnais.fr\/site\/2022\/09\/01\/saint-priest-les-evenements-de-septembre\/","name":"SAINT-PRIEST | Les \u00e9v\u00e8nements \u00e0 mi-septembre - News Est Lyonnais","isPartOf":{"@id":"https:\/\/newsestlyonnais.fr\/site\/#website"},"primaryImageOfPage":{"@id":"https:\/\/newsestlyonnais.fr\/site\/2022\/09\/01\/saint-priest-les-evenements-de-septembre\/#primaryimage"},"image":{"@id":"https:\/\/newsestlyonnais.fr\/site\/2022\/09\/01\/saint-priest-les-evenements-de-septembre\/#primaryimage"},"thumbnailUrl":"https:\/\/newsestlyonnais.fr\/site\/wp-content\/uploads\/2020\/02\/NEWSESTLYONNAIS-ST-PRIEST01.jpg","datePublished":"2022-09-01T05:16:55+00:00","dateModified":"2022-09-15T08:52:41+00:00","description":"SAINT-PRIEST | Les \u00e9v\u00e8nements de septembre","breadcrumb":{"@id":"https:\/\/newsestlyonnais.fr\/site\/2022\/09\/01\/saint-priest-les-evenements-de-septembre\/#breadcrumb"},"inLanguage":"fr-FR","potentialAction":[{"@type":"ReadAction","target":["https:\/\/newsestlyonnais.fr\/site\/2022\/09\/01\/saint-priest-les-evenements-de-septembre\/"]}]},{"@type":"ImageObject","inLanguage":"fr-FR","@id":"https:\/\/newsestlyonnais.fr\/site\/2022\/09\/01\/saint-priest-les-evenements-de-septembre\/#primaryimage","url":"https:\/\/newsestlyonnais.fr\/site\/wp-content\/uploads\/2020\/02\/NEWSESTLYONNAIS-ST-PRIEST01.jpg","contentUrl":"https:\/\/newsestlyonnais.fr\/site\/wp-content\/uploads\/2020\/02\/NEWSESTLYONNAIS-ST-PRIEST01.jpg","width":1200,"height":800},{"@type":"BreadcrumbList","@id":"https:\/\/newsestlyonnais.fr\/site\/2022\/09\/01\/saint-priest-les-evenements-de-septembre\/#breadcrumb","itemListElement":[{"@type":"ListItem","position":1,"name":"Accueil","item":"https:\/\/newsestlyonnais.fr\/site\/"},{"@type":"ListItem","position":2,"name":"SAINT-PRIEST | Les \u00e9v\u00e8nements \u00e0 mi-septembre"}]},{"@type":"WebSite","@id":"https:\/\/newsestlyonnais.fr\/site\/#website","url":"https:\/\/newsestlyonnais.fr\/site\/","name":"News Est Lyonnais","description":"L&#039;actualit\u00e9 au plus pr\u00e8s","publisher":{"@id":"https:\/\/newsestlyonnais.fr\/site\/#organization"},"potentialAction":[{"@type":"SearchAction","target":{"@type":"EntryPoint","urlTemplate":"https:\/\/newsestlyonnais.fr\/site\/?s={search_term_string}"},"query-input":{"@type":"PropertyValueSpecification","valueRequired":true,"valueName":"search_term_string"}}],"inLanguage":"fr-FR"},{"@type":"Organization","@id":"https:\/\/newsestlyonnais.fr\/site\/#organization","name":"News EST LYONNAIS","url":"https:\/\/newsestlyonnais.fr\/site\/","logo":{"@type":"ImageObject","inLanguage":"fr-FR","@id":"https:\/\/newsestlyonnais.fr\/site\/#\/schema\/logo\/image\/","url":"","contentUrl":"","caption":"News EST LYONNAIS"},"image":{"@id":"https:\/\/newsestlyonnais.fr\/site\/#\/schema\/logo\/image\/"}},{"@type":"Person","@id":"https:\/\/newsestlyonnais.fr\/site\/#\/schema\/person\/3230d5615f390bb808365d673001e887","name":"R\u00e9dac. NEWS","sameAs":["http:\/\/www.newsestlyonnais.fr","https:\/\/www.facebook.com\/pascal.oberson.1?fref=ts","https:\/\/fr.linkedin.com\/in\/pascal-oberson-b17045113"],"url":"https:\/\/newsestlyonnais.fr\/site\/author\/nel\/"}]}},"_links":{"self":[{"href":"https:\/\/newsestlyonnais.fr\/site\/wp-json\/wp\/v2\/posts\/162707","targetHints":{"allow":["GET"]}}],"collection":[{"href":"https:\/\/newsestlyonnais.fr\/site\/wp-json\/wp\/v2\/posts"}],"about":[{"href":"https:\/\/newsestlyonnais.fr\/site\/wp-json\/wp\/v2\/types\/post"}],"author":[{"embeddable":true,"href":"https:\/\/newsestlyonnais.fr\/site\/wp-json\/wp\/v2\/users\/4"}],"replies":[{"embeddable":true,"href":"https:\/\/newsestlyonnais.fr\/site\/wp-json\/wp\/v2\/comments?post=162707"}],"version-history":[{"count":0,"href":"https:\/\/newsestlyonnais.fr\/site\/wp-json\/wp\/v2\/posts\/162707\/revisions"}],"wp:featuredmedia":[{"embeddable":true,"href":"https:\/\/newsestlyonnais.fr\/site\/wp-json\/wp\/v2\/media\/95577"}],"wp:attachment":[{"href":"https:\/\/newsestlyonnais.fr\/site\/wp-json\/wp\/v2\/media?parent=162707"}],"wp:term":[{"taxonomy":"category","embeddable":true,"href":"https:\/\/newsestlyonnais.fr\/site\/wp-json\/wp\/v2\/categories?post=162707"},{"taxonomy":"post_tag","embeddable":true,"href":"https:\/\/newsestlyonnais.fr\/site\/wp-json\/wp\/v2\/tags?post=162707"}],"curies":[{"name":"wp","href":"https:\/\/api.w.org\/{rel}","templated":true}]}}