{"id":16336,"date":"2016-11-25T08:05:33","date_gmt":"2016-11-25T07:05:33","guid":{"rendered":"http:\/\/newsestlyonnais.fr\/site\/?p=16336"},"modified":"2020-10-24T13:13:31","modified_gmt":"2020-10-24T12:13:31","slug":"bron-bilan-tres-positif-nageurs-brondillants-aux-championnats-de-france","status":"publish","type":"post","link":"https:\/\/newsestlyonnais.fr\/site\/2016\/11\/25\/bron-bilan-tres-positif-nageurs-brondillants-aux-championnats-de-france\/","title":{"rendered":"BRON | Bilan tr\u00e8s positif pour les nageurs au championnat de France"},"content":{"rendered":"<h4>L&rsquo;EMS Bron Natation \u00e9tait fortement repr\u00e9sent\u00e9e le week-end dernier \u00e0 la piscine Jean Bouin d&rsquo;Angers lors des championnats de France en petit bassin (25 m\u00e8tres).<\/h4>\n<p>A l&rsquo;issue de ces 3 jours de comp\u00e9tition, le bilan \u00e0 dresser est plut\u00f4t positif pour le club qui alignait: 7 de ses membres: <span style=\"text-decoration: underline\">2 nageuses (Laure Poulet, Marie Courbot)<\/span> &amp; <span style=\"text-decoration: underline\">5 nageurs (Lucas Gtn, Serguei Comte, Quentin Carles, Pierre-Julian Pourantru et Nosy P\u00e9lagie)<\/span>. A noter qu&rsquo;il manquait 3 autres nageurs qualifi\u00e9s: Nicolas Brun, Florent Cdy et Cyril Chatron.<\/p>\n<ul>\n<li>Soit un total de 20 engagements individuels (dont 2 forfaits pour cause de maladie) et 2 relais.<\/li>\n<\/ul>\n<p><span style=\"text-decoration: underline\"><em><strong>Leurs r\u00e9sultats<\/strong><\/em><\/span> :<\/p>\n<ul>\n<li>une\u00a0 finale A (Nosy 7\u00b0 sur 50 M nage libre)<\/li>\n<li>une 7\u00b0 place en relais 4 x 50 M nl messieurs<\/li>\n<li>4 finales B (Laure et Nosy)<\/li>\n<li>4 finales C jeunes (Marie et Sergue\u00ef)<\/li>\n<li>1 record du Lyonnais (Laure 100 M nl)<\/li>\n<li>7 records du club (Laure, Marie, Lucas, Sergue\u00ef)<\/li>\n<li>14 meilleures performances personnelles (9 en courses individuelles, 2 au d\u00e9part des relais &amp; 3 en relais).<\/li>\n<\/ul>\n<h4>Retrouvez les r\u00e9sultats complets de cette comp\u00e9tition sur: <a href=\"http:\/\/ffn.extranat.fr\/webffn\/resultats.php?idact=nat&amp;idcpt=41163\" target=\"_blank\" rel=\"noopener noreferrer\">http:\/\/ffn.extranat.fr\/webffn\/resultats.php?idact=nat&amp;idcpt=41163<\/a><\/h4>\n","protected":false},"excerpt":{"rendered":"<p>L&rsquo;EMS Bron Natation \u00e9tait fortement repr\u00e9sent\u00e9e le week-end dernier \u00e0 la piscine Jean Bouin d&rsquo;Angers lors des championnats de France en petit bassin (25 m\u00e8tres). A l&rsquo;issue de ces 3 jours de comp\u00e9tition, le bilan \u00e0 dresser est plut\u00f4t positif pour le club qui alignait: 7 de ses membres: 2 nageuses (Laure Poulet, Marie Courbot) [&hellip;]<\/p>\n","protected":false},"author":4,"featured_media":16337,"comment_status":"open","ping_status":"open","sticky":false,"template":"","format":"standard","meta":{"footnotes":""},"categories":[19,1350,2988],"tags":[],"class_list":["post-16336","post","type-post","status-publish","format-standard","has-post-thumbnail","hentry","category-bron","category-natation-plongeon","category-natation-triathlon"],"yoast_head":"<!-- This site is optimized with the Yoast SEO plugin v27.2 - https:\/\/yoast.com\/product\/yoast-seo-wordpress\/ -->\n<title>BRON | Bilan tr\u00e8s positif pour les nageurs au championnat de France - News Est Lyonnais<\/title>\n<meta name=\"description\" content=\"Bilan tr\u00e8s positif pour les nageurs brondillants aux championnats de France en petit bassin \u00e0 la piscine Jean Bouin d&#039;Angers\" \/>\n<meta name=\"robots\" content=\"index, follow, max-snippet:-1, max-image-preview:large, max-video-preview:-1\" \/>\n<link rel=\"canonical\" href=\"https:\/\/newsestlyonnais.fr\/site\/2016\/11\/25\/bron-bilan-tres-positif-nageurs-brondillants-aux-championnats-de-france\/\" \/>\n<meta property=\"og:locale\" content=\"fr_FR\" \/>\n<meta property=\"og:type\" content=\"article\" \/>\n<meta property=\"og:title\" content=\"BRON | Bilan tr\u00e8s positif pour les nageurs au championnat de France - News Est Lyonnais\" \/>\n<meta property=\"og:description\" content=\"Bilan tr\u00e8s positif pour les nageurs brondillants aux championnats de France en petit bassin \u00e0 la piscine Jean Bouin d&#039;Angers\" \/>\n<meta property=\"og:url\" content=\"https:\/\/newsestlyonnais.fr\/site\/2016\/11\/25\/bron-bilan-tres-positif-nageurs-brondillants-aux-championnats-de-france\/\" \/>\n<meta property=\"og:site_name\" content=\"News Est Lyonnais\" \/>\n<meta property=\"article:author\" content=\"https:\/\/www.facebook.com\/pascal.oberson.1?fref=ts\" \/>\n<meta property=\"article:published_time\" content=\"2016-11-25T07:05:33+00:00\" \/>\n<meta property=\"article:modified_time\" content=\"2020-10-24T12:13:31+00:00\" \/>\n<meta property=\"og:image\" content=\"https:\/\/i2.wp.com\/newsestlyonnais.fr\/site\/wp-content\/uploads\/2016\/11\/NEWSESTLYONNAIS-CHAMP-FRANCE-ANGERS.jpg?fit=1000%2C750&ssl=1\" \/>\n\t<meta property=\"og:image:width\" content=\"1000\" \/>\n\t<meta property=\"og:image:height\" content=\"750\" \/>\n\t<meta property=\"og:image:type\" content=\"image\/jpeg\" \/>\n<meta name=\"author\" content=\"R\u00e9dac. NEWS\" \/>\n<meta name=\"twitter:card\" content=\"summary_large_image\" \/>\n<meta name=\"twitter:label1\" content=\"\u00c9crit par\" \/>\n\t<meta name=\"twitter:data1\" content=\"R\u00e9dac. NEWS\" \/>\n\t<meta name=\"twitter:label2\" content=\"Dur\u00e9e de lecture estim\u00e9e\" \/>\n\t<meta name=\"twitter:data2\" content=\"1 minute\" \/>\n<script type=\"application\/ld+json\" class=\"yoast-schema-graph\">{\"@context\":\"https:\/\/schema.org\",\"@graph\":[{\"@type\":\"Article\",\"@id\":\"https:\/\/newsestlyonnais.fr\/site\/2016\/11\/25\/bron-bilan-tres-positif-nageurs-brondillants-aux-championnats-de-france\/#article\",\"isPartOf\":{\"@id\":\"https:\/\/newsestlyonnais.fr\/site\/2016\/11\/25\/bron-bilan-tres-positif-nageurs-brondillants-aux-championnats-de-france\/\"},\"author\":{\"name\":\"R\u00e9dac. NEWS\",\"@id\":\"https:\/\/newsestlyonnais.fr\/site\/#\/schema\/person\/3230d5615f390bb808365d673001e887\"},\"headline\":\"BRON | Bilan tr\u00e8s positif pour les nageurs au championnat de France\",\"datePublished\":\"2016-11-25T07:05:33+00:00\",\"dateModified\":\"2020-10-24T12:13:31+00:00\",\"mainEntityOfPage\":{\"@id\":\"https:\/\/newsestlyonnais.fr\/site\/2016\/11\/25\/bron-bilan-tres-positif-nageurs-brondillants-aux-championnats-de-france\/\"},\"wordCount\":191,\"commentCount\":0,\"publisher\":{\"@id\":\"https:\/\/newsestlyonnais.fr\/site\/#organization\"},\"image\":{\"@id\":\"https:\/\/newsestlyonnais.fr\/site\/2016\/11\/25\/bron-bilan-tres-positif-nageurs-brondillants-aux-championnats-de-france\/#primaryimage\"},\"thumbnailUrl\":\"https:\/\/newsestlyonnais.fr\/site\/wp-content\/uploads\/2016\/11\/NEWSESTLYONNAIS-CHAMP-FRANCE-ANGERS.jpg\",\"articleSection\":[\"Bron\",\"Natation | Plongeon\",\"Natation | Triathlon\"],\"inLanguage\":\"fr-FR\",\"potentialAction\":[{\"@type\":\"CommentAction\",\"name\":\"Comment\",\"target\":[\"https:\/\/newsestlyonnais.fr\/site\/2016\/11\/25\/bron-bilan-tres-positif-nageurs-brondillants-aux-championnats-de-france\/#respond\"]}]},{\"@type\":\"WebPage\",\"@id\":\"https:\/\/newsestlyonnais.fr\/site\/2016\/11\/25\/bron-bilan-tres-positif-nageurs-brondillants-aux-championnats-de-france\/\",\"url\":\"https:\/\/newsestlyonnais.fr\/site\/2016\/11\/25\/bron-bilan-tres-positif-nageurs-brondillants-aux-championnats-de-france\/\",\"name\":\"BRON | Bilan tr\u00e8s positif pour les nageurs au championnat de France - News Est Lyonnais\",\"isPartOf\":{\"@id\":\"https:\/\/newsestlyonnais.fr\/site\/#website\"},\"primaryImageOfPage\":{\"@id\":\"https:\/\/newsestlyonnais.fr\/site\/2016\/11\/25\/bron-bilan-tres-positif-nageurs-brondillants-aux-championnats-de-france\/#primaryimage\"},\"image\":{\"@id\":\"https:\/\/newsestlyonnais.fr\/site\/2016\/11\/25\/bron-bilan-tres-positif-nageurs-brondillants-aux-championnats-de-france\/#primaryimage\"},\"thumbnailUrl\":\"https:\/\/newsestlyonnais.fr\/site\/wp-content\/uploads\/2016\/11\/NEWSESTLYONNAIS-CHAMP-FRANCE-ANGERS.jpg\",\"datePublished\":\"2016-11-25T07:05:33+00:00\",\"dateModified\":\"2020-10-24T12:13:31+00:00\",\"description\":\"Bilan tr\u00e8s positif pour les nageurs brondillants aux championnats de France en petit bassin \u00e0 la piscine Jean Bouin d'Angers\",\"breadcrumb\":{\"@id\":\"https:\/\/newsestlyonnais.fr\/site\/2016\/11\/25\/bron-bilan-tres-positif-nageurs-brondillants-aux-championnats-de-france\/#breadcrumb\"},\"inLanguage\":\"fr-FR\",\"potentialAction\":[{\"@type\":\"ReadAction\",\"target\":[\"https:\/\/newsestlyonnais.fr\/site\/2016\/11\/25\/bron-bilan-tres-positif-nageurs-brondillants-aux-championnats-de-france\/\"]}]},{\"@type\":\"ImageObject\",\"inLanguage\":\"fr-FR\",\"@id\":\"https:\/\/newsestlyonnais.fr\/site\/2016\/11\/25\/bron-bilan-tres-positif-nageurs-brondillants-aux-championnats-de-france\/#primaryimage\",\"url\":\"https:\/\/newsestlyonnais.fr\/site\/wp-content\/uploads\/2016\/11\/NEWSESTLYONNAIS-CHAMP-FRANCE-ANGERS.jpg\",\"contentUrl\":\"https:\/\/newsestlyonnais.fr\/site\/wp-content\/uploads\/2016\/11\/NEWSESTLYONNAIS-CHAMP-FRANCE-ANGERS.jpg\",\"width\":1000,\"height\":750},{\"@type\":\"BreadcrumbList\",\"@id\":\"https:\/\/newsestlyonnais.fr\/site\/2016\/11\/25\/bron-bilan-tres-positif-nageurs-brondillants-aux-championnats-de-france\/#breadcrumb\",\"itemListElement\":[{\"@type\":\"ListItem\",\"position\":1,\"name\":\"Accueil\",\"item\":\"https:\/\/newsestlyonnais.fr\/site\/\"},{\"@type\":\"ListItem\",\"position\":2,\"name\":\"BRON | Bilan tr\u00e8s positif pour les nageurs au championnat de France\"}]},{\"@type\":\"WebSite\",\"@id\":\"https:\/\/newsestlyonnais.fr\/site\/#website\",\"url\":\"https:\/\/newsestlyonnais.fr\/site\/\",\"name\":\"News Est Lyonnais\",\"description\":\"L&#039;actualit\u00e9 au plus pr\u00e8s\",\"publisher\":{\"@id\":\"https:\/\/newsestlyonnais.fr\/site\/#organization\"},\"potentialAction\":[{\"@type\":\"SearchAction\",\"target\":{\"@type\":\"EntryPoint\",\"urlTemplate\":\"https:\/\/newsestlyonnais.fr\/site\/?s={search_term_string}\"},\"query-input\":{\"@type\":\"PropertyValueSpecification\",\"valueRequired\":true,\"valueName\":\"search_term_string\"}}],\"inLanguage\":\"fr-FR\"},{\"@type\":\"Organization\",\"@id\":\"https:\/\/newsestlyonnais.fr\/site\/#organization\",\"name\":\"News EST LYONNAIS\",\"url\":\"https:\/\/newsestlyonnais.fr\/site\/\",\"logo\":{\"@type\":\"ImageObject\",\"inLanguage\":\"fr-FR\",\"@id\":\"https:\/\/newsestlyonnais.fr\/site\/#\/schema\/logo\/image\/\",\"url\":\"\",\"contentUrl\":\"\",\"caption\":\"News EST LYONNAIS\"},\"image\":{\"@id\":\"https:\/\/newsestlyonnais.fr\/site\/#\/schema\/logo\/image\/\"}},{\"@type\":\"Person\",\"@id\":\"https:\/\/newsestlyonnais.fr\/site\/#\/schema\/person\/3230d5615f390bb808365d673001e887\",\"name\":\"R\u00e9dac. NEWS\",\"sameAs\":[\"http:\/\/www.newsestlyonnais.fr\",\"https:\/\/www.facebook.com\/pascal.oberson.1?fref=ts\",\"https:\/\/fr.linkedin.com\/in\/pascal-oberson-b17045113\"],\"url\":\"https:\/\/newsestlyonnais.fr\/site\/author\/nel\/\"}]}<\/script>\n<!-- \/ Yoast SEO plugin. -->","yoast_head_json":{"title":"BRON | Bilan tr\u00e8s positif pour les nageurs au championnat de France - News Est Lyonnais","description":"Bilan tr\u00e8s positif pour les nageurs brondillants aux championnats de France en petit bassin \u00e0 la piscine Jean Bouin d'Angers","robots":{"index":"index","follow":"follow","max-snippet":"max-snippet:-1","max-image-preview":"max-image-preview:large","max-video-preview":"max-video-preview:-1"},"canonical":"https:\/\/newsestlyonnais.fr\/site\/2016\/11\/25\/bron-bilan-tres-positif-nageurs-brondillants-aux-championnats-de-france\/","og_locale":"fr_FR","og_type":"article","og_title":"BRON | Bilan tr\u00e8s positif pour les nageurs au championnat de France - News Est Lyonnais","og_description":"Bilan tr\u00e8s positif pour les nageurs brondillants aux championnats de France en petit bassin \u00e0 la piscine Jean Bouin d'Angers","og_url":"https:\/\/newsestlyonnais.fr\/site\/2016\/11\/25\/bron-bilan-tres-positif-nageurs-brondillants-aux-championnats-de-france\/","og_site_name":"News Est Lyonnais","article_author":"https:\/\/www.facebook.com\/pascal.oberson.1?fref=ts","article_published_time":"2016-11-25T07:05:33+00:00","article_modified_time":"2020-10-24T12:13:31+00:00","og_image":[{"width":1000,"height":750,"url":"https:\/\/i2.wp.com\/newsestlyonnais.fr\/site\/wp-content\/uploads\/2016\/11\/NEWSESTLYONNAIS-CHAMP-FRANCE-ANGERS.jpg?fit=1000%2C750&ssl=1","type":"image\/jpeg"}],"author":"R\u00e9dac. NEWS","twitter_card":"summary_large_image","twitter_misc":{"\u00c9crit par":"R\u00e9dac. NEWS","Dur\u00e9e de lecture estim\u00e9e":"1 minute"},"schema":{"@context":"https:\/\/schema.org","@graph":[{"@type":"Article","@id":"https:\/\/newsestlyonnais.fr\/site\/2016\/11\/25\/bron-bilan-tres-positif-nageurs-brondillants-aux-championnats-de-france\/#article","isPartOf":{"@id":"https:\/\/newsestlyonnais.fr\/site\/2016\/11\/25\/bron-bilan-tres-positif-nageurs-brondillants-aux-championnats-de-france\/"},"author":{"name":"R\u00e9dac. NEWS","@id":"https:\/\/newsestlyonnais.fr\/site\/#\/schema\/person\/3230d5615f390bb808365d673001e887"},"headline":"BRON | Bilan tr\u00e8s positif pour les nageurs au championnat de France","datePublished":"2016-11-25T07:05:33+00:00","dateModified":"2020-10-24T12:13:31+00:00","mainEntityOfPage":{"@id":"https:\/\/newsestlyonnais.fr\/site\/2016\/11\/25\/bron-bilan-tres-positif-nageurs-brondillants-aux-championnats-de-france\/"},"wordCount":191,"commentCount":0,"publisher":{"@id":"https:\/\/newsestlyonnais.fr\/site\/#organization"},"image":{"@id":"https:\/\/newsestlyonnais.fr\/site\/2016\/11\/25\/bron-bilan-tres-positif-nageurs-brondillants-aux-championnats-de-france\/#primaryimage"},"thumbnailUrl":"https:\/\/newsestlyonnais.fr\/site\/wp-content\/uploads\/2016\/11\/NEWSESTLYONNAIS-CHAMP-FRANCE-ANGERS.jpg","articleSection":["Bron","Natation | Plongeon","Natation | Triathlon"],"inLanguage":"fr-FR","potentialAction":[{"@type":"CommentAction","name":"Comment","target":["https:\/\/newsestlyonnais.fr\/site\/2016\/11\/25\/bron-bilan-tres-positif-nageurs-brondillants-aux-championnats-de-france\/#respond"]}]},{"@type":"WebPage","@id":"https:\/\/newsestlyonnais.fr\/site\/2016\/11\/25\/bron-bilan-tres-positif-nageurs-brondillants-aux-championnats-de-france\/","url":"https:\/\/newsestlyonnais.fr\/site\/2016\/11\/25\/bron-bilan-tres-positif-nageurs-brondillants-aux-championnats-de-france\/","name":"BRON | Bilan tr\u00e8s positif pour les nageurs au championnat de France - News Est Lyonnais","isPartOf":{"@id":"https:\/\/newsestlyonnais.fr\/site\/#website"},"primaryImageOfPage":{"@id":"https:\/\/newsestlyonnais.fr\/site\/2016\/11\/25\/bron-bilan-tres-positif-nageurs-brondillants-aux-championnats-de-france\/#primaryimage"},"image":{"@id":"https:\/\/newsestlyonnais.fr\/site\/2016\/11\/25\/bron-bilan-tres-positif-nageurs-brondillants-aux-championnats-de-france\/#primaryimage"},"thumbnailUrl":"https:\/\/newsestlyonnais.fr\/site\/wp-content\/uploads\/2016\/11\/NEWSESTLYONNAIS-CHAMP-FRANCE-ANGERS.jpg","datePublished":"2016-11-25T07:05:33+00:00","dateModified":"2020-10-24T12:13:31+00:00","description":"Bilan tr\u00e8s positif pour les nageurs brondillants aux championnats de France en petit bassin \u00e0 la piscine Jean Bouin d'Angers","breadcrumb":{"@id":"https:\/\/newsestlyonnais.fr\/site\/2016\/11\/25\/bron-bilan-tres-positif-nageurs-brondillants-aux-championnats-de-france\/#breadcrumb"},"inLanguage":"fr-FR","potentialAction":[{"@type":"ReadAction","target":["https:\/\/newsestlyonnais.fr\/site\/2016\/11\/25\/bron-bilan-tres-positif-nageurs-brondillants-aux-championnats-de-france\/"]}]},{"@type":"ImageObject","inLanguage":"fr-FR","@id":"https:\/\/newsestlyonnais.fr\/site\/2016\/11\/25\/bron-bilan-tres-positif-nageurs-brondillants-aux-championnats-de-france\/#primaryimage","url":"https:\/\/newsestlyonnais.fr\/site\/wp-content\/uploads\/2016\/11\/NEWSESTLYONNAIS-CHAMP-FRANCE-ANGERS.jpg","contentUrl":"https:\/\/newsestlyonnais.fr\/site\/wp-content\/uploads\/2016\/11\/NEWSESTLYONNAIS-CHAMP-FRANCE-ANGERS.jpg","width":1000,"height":750},{"@type":"BreadcrumbList","@id":"https:\/\/newsestlyonnais.fr\/site\/2016\/11\/25\/bron-bilan-tres-positif-nageurs-brondillants-aux-championnats-de-france\/#breadcrumb","itemListElement":[{"@type":"ListItem","position":1,"name":"Accueil","item":"https:\/\/newsestlyonnais.fr\/site\/"},{"@type":"ListItem","position":2,"name":"BRON | Bilan tr\u00e8s positif pour les nageurs au championnat de France"}]},{"@type":"WebSite","@id":"https:\/\/newsestlyonnais.fr\/site\/#website","url":"https:\/\/newsestlyonnais.fr\/site\/","name":"News Est Lyonnais","description":"L&#039;actualit\u00e9 au plus pr\u00e8s","publisher":{"@id":"https:\/\/newsestlyonnais.fr\/site\/#organization"},"potentialAction":[{"@type":"SearchAction","target":{"@type":"EntryPoint","urlTemplate":"https:\/\/newsestlyonnais.fr\/site\/?s={search_term_string}"},"query-input":{"@type":"PropertyValueSpecification","valueRequired":true,"valueName":"search_term_string"}}],"inLanguage":"fr-FR"},{"@type":"Organization","@id":"https:\/\/newsestlyonnais.fr\/site\/#organization","name":"News EST LYONNAIS","url":"https:\/\/newsestlyonnais.fr\/site\/","logo":{"@type":"ImageObject","inLanguage":"fr-FR","@id":"https:\/\/newsestlyonnais.fr\/site\/#\/schema\/logo\/image\/","url":"","contentUrl":"","caption":"News EST LYONNAIS"},"image":{"@id":"https:\/\/newsestlyonnais.fr\/site\/#\/schema\/logo\/image\/"}},{"@type":"Person","@id":"https:\/\/newsestlyonnais.fr\/site\/#\/schema\/person\/3230d5615f390bb808365d673001e887","name":"R\u00e9dac. NEWS","sameAs":["http:\/\/www.newsestlyonnais.fr","https:\/\/www.facebook.com\/pascal.oberson.1?fref=ts","https:\/\/fr.linkedin.com\/in\/pascal-oberson-b17045113"],"url":"https:\/\/newsestlyonnais.fr\/site\/author\/nel\/"}]}},"_links":{"self":[{"href":"https:\/\/newsestlyonnais.fr\/site\/wp-json\/wp\/v2\/posts\/16336","targetHints":{"allow":["GET"]}}],"collection":[{"href":"https:\/\/newsestlyonnais.fr\/site\/wp-json\/wp\/v2\/posts"}],"about":[{"href":"https:\/\/newsestlyonnais.fr\/site\/wp-json\/wp\/v2\/types\/post"}],"author":[{"embeddable":true,"href":"https:\/\/newsestlyonnais.fr\/site\/wp-json\/wp\/v2\/users\/4"}],"replies":[{"embeddable":true,"href":"https:\/\/newsestlyonnais.fr\/site\/wp-json\/wp\/v2\/comments?post=16336"}],"version-history":[{"count":0,"href":"https:\/\/newsestlyonnais.fr\/site\/wp-json\/wp\/v2\/posts\/16336\/revisions"}],"wp:featuredmedia":[{"embeddable":true,"href":"https:\/\/newsestlyonnais.fr\/site\/wp-json\/wp\/v2\/media\/16337"}],"wp:attachment":[{"href":"https:\/\/newsestlyonnais.fr\/site\/wp-json\/wp\/v2\/media?parent=16336"}],"wp:term":[{"taxonomy":"category","embeddable":true,"href":"https:\/\/newsestlyonnais.fr\/site\/wp-json\/wp\/v2\/categories?post=16336"},{"taxonomy":"post_tag","embeddable":true,"href":"https:\/\/newsestlyonnais.fr\/site\/wp-json\/wp\/v2\/tags?post=16336"}],"curies":[{"name":"wp","href":"https:\/\/api.w.org\/{rel}","templated":true}]}}