{"id":163492,"date":"2022-09-11T18:50:38","date_gmt":"2022-09-11T17:50:38","guid":{"rendered":"https:\/\/newsestlyonnais.fr\/site\/?p=163492"},"modified":"2022-09-18T05:07:59","modified_gmt":"2022-09-18T04:07:59","slug":"vaulx-en-velin-550-triathletes-au-grand-parc-de-miribel-jonage","status":"publish","type":"post","link":"https:\/\/newsestlyonnais.fr\/site\/2022\/09\/11\/vaulx-en-velin-550-triathletes-au-grand-parc-de-miribel-jonage\/","title":{"rendered":"VAULX-EN-VELIN | 550 triathl\u00e8tes au Grand-Parc de Miribel-Jonage"},"content":{"rendered":"<p>C&rsquo;est dans une eau \u00e0 23\u00b0 que les premiers concurrents, de l&rsquo;aquathlon S, se sont lanc\u00e9s pour en d\u00e9coudre sur 1.000 m de natation et 5 kilom\u00e8tres de course \u00e0 pied. 5 autres \u00e9preuves se sont ensuite enchain\u00e9es en matin\u00e9e puis l&rsquo;apr\u00e8s-midi pour les plus jeunes.<\/p>\n<hr \/>\n<p><img loading=\"lazy\" decoding=\"async\" class=\"alignleft size-medium wp-image-163550\" src=\"https:\/\/newsestlyonnais.fr\/site\/wp-content\/uploads\/2022\/09\/P1480489-400x558.jpg\" alt=\"\" width=\"215\" height=\"300\" srcset=\"https:\/\/newsestlyonnais.fr\/site\/wp-content\/uploads\/2022\/09\/P1480489-400x558.jpg 400w, https:\/\/newsestlyonnais.fr\/site\/wp-content\/uploads\/2022\/09\/P1480489-650x907.jpg 650w, https:\/\/newsestlyonnais.fr\/site\/wp-content\/uploads\/2022\/09\/P1480489-250x349.jpg 250w, https:\/\/newsestlyonnais.fr\/site\/wp-content\/uploads\/2022\/09\/P1480489-768x1072.jpg 768w, https:\/\/newsestlyonnais.fr\/site\/wp-content\/uploads\/2022\/09\/P1480489-150x209.jpg 150w, https:\/\/newsestlyonnais.fr\/site\/wp-content\/uploads\/2022\/09\/P1480489-50x70.jpg 50w, https:\/\/newsestlyonnais.fr\/site\/wp-content\/uploads\/2022\/09\/P1480489-100x140.jpg 100w, https:\/\/newsestlyonnais.fr\/site\/wp-content\/uploads\/2022\/09\/P1480489-200x279.jpg 200w, https:\/\/newsestlyonnais.fr\/site\/wp-content\/uploads\/2022\/09\/P1480489-300x419.jpg 300w, https:\/\/newsestlyonnais.fr\/site\/wp-content\/uploads\/2022\/09\/P1480489-350x488.jpg 350w, https:\/\/newsestlyonnais.fr\/site\/wp-content\/uploads\/2022\/09\/P1480489-450x628.jpg 450w, https:\/\/newsestlyonnais.fr\/site\/wp-content\/uploads\/2022\/09\/P1480489-500x698.jpg 500w, https:\/\/newsestlyonnais.fr\/site\/wp-content\/uploads\/2022\/09\/P1480489-550x767.jpg 550w, https:\/\/newsestlyonnais.fr\/site\/wp-content\/uploads\/2022\/09\/P1480489-800x1116.jpg 800w, https:\/\/newsestlyonnais.fr\/site\/wp-content\/uploads\/2022\/09\/P1480489.jpg 860w\" sizes=\"auto, (max-width: 215px) 100vw, 215px\" \/>\u00a0\u00bb Avec <strong>550 participants enregistr\u00e9s cette ann\u00e9e<\/strong>, c&rsquo;est une belle progression constat\u00e9e par rapport \u00e0 2021 (400 triathl\u00e8tes), m\u00eame si on en esp\u00e9rait 600. Le cross triathlon S a connu un beau succ\u00e8s, la nouvelle formule en duo a bien march\u00e9. On a pass\u00e9 une excellente journ\u00e9e avec une super m\u00e9t\u00e9o et que des retours positifs de concurrents. Les conditions en natation \u00e9taient bonnes et ce n&rsquo;est pas facile d&rsquo;avoir une bonne baignade en cette p\u00e9riode. Les parcours \u00e9taient plus spectaculaires et les spectateurs ont pu voir \u00e0 plusieurs endroits les concurrents passer.<\/p>\n<p><strong>On a pu compter sur une centaine de b\u00e9n\u00e9voles et prestataires<\/strong> qui ont contribu\u00e9 \u00e0 la bonne r\u00e9ussite de cette \u00e9dition et on peut leur dire un grand merci car sans eux on ne ferait rien ! On notera aussi l&rsquo;importance de la ville de Vaulx-en-Velin qui nous accompagne sur cette \u00e9preuve, financi\u00e8rement et techniquement. Sans oublier la bonne animation du village des partenaires.<\/p>\n<p><strong>Place \u00e0 la 30\u00b0 \u00e9dition en 2023<\/strong> et on va tout faire pour f\u00eater dignement cet anniversaire. On aimerait d&rsquo;ailleurs bien pouvoir r\u00e9cup\u00e9rer le 3\u00b0 dimanche de septembre pour l&rsquo;organiser, comme c&rsquo;\u00e9tait le cas auparavant. \u00ab\u00a0<span style=\"color: #ffcc00; background-color: #000000;\"> <strong>confie Nicolas Pournin, pr\u00e9sident du Vaulx en Velin Triathlon, club organisateur.<\/strong><\/span><\/p>\n<hr \/>\n<p><span style=\"background-color: #000000; color: #ffcc00; font-size: 14pt;\"><strong>Les vainqueurs par \u00e9preuve :<\/strong><\/span><\/p>\n<p><span style=\"background-color: #000000; color: #ffffff;\"><strong>Aquathlon S :<span style=\"background-color: #ffffff; color: #000000;\">\u00a0 <\/span><\/strong><span style=\"background-color: #ffffff; color: #333333;\"><strong>Valentin Baron<\/strong> (CRV Lyon) 35&rsquo;33 &amp; <strong>Anais Cano<\/strong> (Mach 3 triathlon) 35&rsquo;47.\u00a0 \u00a0\u00a0 <\/span><br \/>\n<\/span><\/p>\n<p><span style=\"background-color: #000000; color: #ffffff;\"><strong>Cross triathlon XS :<\/strong><span style=\"background-color: #ffffff; color: #000000;\"><strong> Soren Bruy\u00e8re-Joumard<\/strong> (Fontanil Triathlon) 24&rsquo;36 &amp; <strong>Astrid Arnaud<\/strong> (ASM St Etienne) 29&rsquo;38.<\/span><br \/>\n<\/span><\/p>\n<p><span style=\"background-color: #000000; color: #ffffff;\"><strong>Cross triathlon S :<\/strong><span style=\"background-color: #ffffff; color: #000000;\"><strong> Arnaud Taurelle <\/strong>(Mach 3 triathlon) 45&rsquo;49 &amp; <strong>Marl\u00e8ne Pays<\/strong> (ASVEL) 56&rsquo;01.\u00a0<\/span><br \/>\n<\/span><\/p>\n<p><span style=\"background-color: #000000; color: #ffffff;\"><strong>Benjamins :<\/strong><span style=\"background-color: #ffffff; color: #000000;\"><strong> Lucas Bonnier<\/strong> (Triathlon Monts du Lyonnais) 23&rsquo;14 &amp;<strong> Chlo\u00e9 Vermeulen<\/strong> (Fontanil Triathlon) 23&rsquo;22.<br \/>\n<\/span><\/span><\/p>\n<p><span style=\"background-color: #000000; color: #ffffff;\"><strong>Pupilles :<\/strong><span style=\"background-color: #ffffff; color: #000000;\"> <strong> Loup Fontaine <\/strong>(Rillieux Triathlon) 16&prime; 51 &amp;<strong> Lucile Bruy\u00e8re-Joumard<\/strong> (Fontanil Triathlon) 16&rsquo;35.<br \/>\n<\/span><\/span><\/p>\n<p><strong><span style=\"background-color: #000000; color: #ffffff;\">Poussins et mini-poussins :<span style=\"background-color: #ffffff; color: #000000;\"> Liam Chin <\/span><\/span><\/strong><span style=\"background-color: #000000; color: #ffffff;\"><span style=\"background-color: #ffffff; color: #000000;\">(Valence Triathlon) 9&rsquo;41 &amp; <strong>Katelyne Demaret <\/strong>(Les Alligators Triathlon) 9&rsquo;56. <\/span><\/span><strong><span style=\"background-color: #000000; color: #ffffff;\"><br \/>\n<\/span><\/strong><\/p>\n<hr \/>\n<p><span style=\"font-size: 18pt; background-color: #000000;\"><span style=\"color: #ffffff; font-size: 14pt;\">Classements complets sur : <\/span><span style=\"color: #ffcc00; font-size: 12pt;\"><a style=\"background-color: #000000; color: #ffcc00;\" href=\"https:\/\/chronoconsult.fr\/result\/29eme-triathlon-de-vaulx-en-velin\">https:\/\/chronoconsult.fr\/result\/29eme-triathlon-de-vaulx-en-velin<\/a><\/span><\/span><\/p>\n<hr \/>\n<div id='gallery-1' class='gallery galleryid-163492 gallery-columns-3 gallery-size-thumbnail'><figure class='gallery-item'>\n\t\t\t<div class='gallery-icon landscape'>\n\t\t\t\t<a href='https:\/\/newsestlyonnais.fr\/site\/2022\/09\/11\/vaulx-en-velin-550-triathletes-au-grand-parc-de-miribel-jonage\/p1480537\/'><img loading=\"lazy\" decoding=\"async\" width=\"150\" height=\"113\" src=\"https:\/\/newsestlyonnais.fr\/site\/wp-content\/uploads\/2022\/09\/P1480537-250x188.jpg\" class=\"attachment-thumbnail size-thumbnail\" alt=\"\" aria-describedby=\"gallery-1-163504\" srcset=\"https:\/\/newsestlyonnais.fr\/site\/wp-content\/uploads\/2022\/09\/P1480537-250x188.jpg 250w, https:\/\/newsestlyonnais.fr\/site\/wp-content\/uploads\/2022\/09\/P1480537-400x300.jpg 400w, https:\/\/newsestlyonnais.fr\/site\/wp-content\/uploads\/2022\/09\/P1480537-650x488.jpg 650w, https:\/\/newsestlyonnais.fr\/site\/wp-content\/uploads\/2022\/09\/P1480537-768x576.jpg 768w, https:\/\/newsestlyonnais.fr\/site\/wp-content\/uploads\/2022\/09\/P1480537-150x113.jpg 150w, https:\/\/newsestlyonnais.fr\/site\/wp-content\/uploads\/2022\/09\/P1480537-50x38.jpg 50w, https:\/\/newsestlyonnais.fr\/site\/wp-content\/uploads\/2022\/09\/P1480537-100x75.jpg 100w, https:\/\/newsestlyonnais.fr\/site\/wp-content\/uploads\/2022\/09\/P1480537-200x150.jpg 200w, https:\/\/newsestlyonnais.fr\/site\/wp-content\/uploads\/2022\/09\/P1480537-300x225.jpg 300w, https:\/\/newsestlyonnais.fr\/site\/wp-content\/uploads\/2022\/09\/P1480537-350x263.jpg 350w, https:\/\/newsestlyonnais.fr\/site\/wp-content\/uploads\/2022\/09\/P1480537-450x338.jpg 450w, https:\/\/newsestlyonnais.fr\/site\/wp-content\/uploads\/2022\/09\/P1480537-500x375.jpg 500w, https:\/\/newsestlyonnais.fr\/site\/wp-content\/uploads\/2022\/09\/P1480537-550x413.jpg 550w, https:\/\/newsestlyonnais.fr\/site\/wp-content\/uploads\/2022\/09\/P1480537-800x600.jpg 800w, https:\/\/newsestlyonnais.fr\/site\/wp-content\/uploads\/2022\/09\/P1480537.jpg 1200w\" sizes=\"auto, (max-width: 150px) 100vw, 150px\" \/><\/a>\n\t\t\t<\/div>\n\t\t\t\t<figcaption class='wp-caption-text gallery-caption' id='gallery-1-163504'>\n\t\t\t\tLes vainqueurs de l&rsquo;aquathlon S\n\t\t\t\t<\/figcaption><\/figure><figure class='gallery-item'>\n\t\t\t<div class='gallery-icon landscape'>\n\t\t\t\t<a href='https:\/\/newsestlyonnais.fr\/site\/2022\/09\/11\/vaulx-en-velin-550-triathletes-au-grand-parc-de-miribel-jonage\/p1480608\/'><img loading=\"lazy\" decoding=\"async\" width=\"150\" height=\"113\" src=\"https:\/\/newsestlyonnais.fr\/site\/wp-content\/uploads\/2022\/09\/P1480608-250x188.jpg\" class=\"attachment-thumbnail size-thumbnail\" alt=\"\" aria-describedby=\"gallery-1-163510\" srcset=\"https:\/\/newsestlyonnais.fr\/site\/wp-content\/uploads\/2022\/09\/P1480608-250x188.jpg 250w, https:\/\/newsestlyonnais.fr\/site\/wp-content\/uploads\/2022\/09\/P1480608-400x300.jpg 400w, https:\/\/newsestlyonnais.fr\/site\/wp-content\/uploads\/2022\/09\/P1480608-650x488.jpg 650w, https:\/\/newsestlyonnais.fr\/site\/wp-content\/uploads\/2022\/09\/P1480608-768x576.jpg 768w, https:\/\/newsestlyonnais.fr\/site\/wp-content\/uploads\/2022\/09\/P1480608-150x113.jpg 150w, https:\/\/newsestlyonnais.fr\/site\/wp-content\/uploads\/2022\/09\/P1480608-50x38.jpg 50w, https:\/\/newsestlyonnais.fr\/site\/wp-content\/uploads\/2022\/09\/P1480608-100x75.jpg 100w, https:\/\/newsestlyonnais.fr\/site\/wp-content\/uploads\/2022\/09\/P1480608-200x150.jpg 200w, https:\/\/newsestlyonnais.fr\/site\/wp-content\/uploads\/2022\/09\/P1480608-300x225.jpg 300w, https:\/\/newsestlyonnais.fr\/site\/wp-content\/uploads\/2022\/09\/P1480608-350x263.jpg 350w, https:\/\/newsestlyonnais.fr\/site\/wp-content\/uploads\/2022\/09\/P1480608-450x338.jpg 450w, https:\/\/newsestlyonnais.fr\/site\/wp-content\/uploads\/2022\/09\/P1480608-500x375.jpg 500w, https:\/\/newsestlyonnais.fr\/site\/wp-content\/uploads\/2022\/09\/P1480608-550x413.jpg 550w, https:\/\/newsestlyonnais.fr\/site\/wp-content\/uploads\/2022\/09\/P1480608-800x600.jpg 800w, https:\/\/newsestlyonnais.fr\/site\/wp-content\/uploads\/2022\/09\/P1480608.jpg 1200w\" sizes=\"auto, (max-width: 150px) 100vw, 150px\" \/><\/a>\n\t\t\t<\/div>\n\t\t\t\t<figcaption class='wp-caption-text gallery-caption' id='gallery-1-163510'>\n\t\t\t\tSoren Bruy\u00e8re-Joumard vient de remporter le cross triathlon XS\n\t\t\t\t<\/figcaption><\/figure><figure class='gallery-item'>\n\t\t\t<div class='gallery-icon landscape'>\n\t\t\t\t<a href='https:\/\/newsestlyonnais.fr\/site\/2022\/09\/11\/vaulx-en-velin-550-triathletes-au-grand-parc-de-miribel-jonage\/p1480618\/'><img loading=\"lazy\" decoding=\"async\" width=\"150\" height=\"113\" src=\"https:\/\/newsestlyonnais.fr\/site\/wp-content\/uploads\/2022\/09\/P1480618-250x188.jpg\" class=\"attachment-thumbnail size-thumbnail\" alt=\"\" aria-describedby=\"gallery-1-163513\" srcset=\"https:\/\/newsestlyonnais.fr\/site\/wp-content\/uploads\/2022\/09\/P1480618-250x188.jpg 250w, https:\/\/newsestlyonnais.fr\/site\/wp-content\/uploads\/2022\/09\/P1480618-400x300.jpg 400w, https:\/\/newsestlyonnais.fr\/site\/wp-content\/uploads\/2022\/09\/P1480618-650x488.jpg 650w, https:\/\/newsestlyonnais.fr\/site\/wp-content\/uploads\/2022\/09\/P1480618-768x576.jpg 768w, https:\/\/newsestlyonnais.fr\/site\/wp-content\/uploads\/2022\/09\/P1480618-150x113.jpg 150w, https:\/\/newsestlyonnais.fr\/site\/wp-content\/uploads\/2022\/09\/P1480618-50x38.jpg 50w, https:\/\/newsestlyonnais.fr\/site\/wp-content\/uploads\/2022\/09\/P1480618-100x75.jpg 100w, https:\/\/newsestlyonnais.fr\/site\/wp-content\/uploads\/2022\/09\/P1480618-200x150.jpg 200w, https:\/\/newsestlyonnais.fr\/site\/wp-content\/uploads\/2022\/09\/P1480618-300x225.jpg 300w, https:\/\/newsestlyonnais.fr\/site\/wp-content\/uploads\/2022\/09\/P1480618-350x263.jpg 350w, https:\/\/newsestlyonnais.fr\/site\/wp-content\/uploads\/2022\/09\/P1480618-450x338.jpg 450w, https:\/\/newsestlyonnais.fr\/site\/wp-content\/uploads\/2022\/09\/P1480618-500x375.jpg 500w, https:\/\/newsestlyonnais.fr\/site\/wp-content\/uploads\/2022\/09\/P1480618-550x413.jpg 550w, https:\/\/newsestlyonnais.fr\/site\/wp-content\/uploads\/2022\/09\/P1480618-800x600.jpg 800w, https:\/\/newsestlyonnais.fr\/site\/wp-content\/uploads\/2022\/09\/P1480618.jpg 1200w\" sizes=\"auto, (max-width: 150px) 100vw, 150px\" \/><\/a>\n\t\t\t<\/div>\n\t\t\t\t<figcaption class='wp-caption-text gallery-caption' id='gallery-1-163513'>\n\t\t\t\tArnaud et Thierry Gardette (fils et p\u00e8re \/ Chassieu) ont disput\u00e9 le S\n\t\t\t\t<\/figcaption><\/figure><figure class='gallery-item'>\n\t\t\t<div class='gallery-icon landscape'>\n\t\t\t\t<a href='https:\/\/newsestlyonnais.fr\/site\/2022\/09\/11\/vaulx-en-velin-550-triathletes-au-grand-parc-de-miribel-jonage\/p1480637\/'><img loading=\"lazy\" decoding=\"async\" width=\"150\" height=\"113\" src=\"https:\/\/newsestlyonnais.fr\/site\/wp-content\/uploads\/2022\/09\/P1480637-250x188.jpg\" class=\"attachment-thumbnail size-thumbnail\" alt=\"\" aria-describedby=\"gallery-1-163526\" srcset=\"https:\/\/newsestlyonnais.fr\/site\/wp-content\/uploads\/2022\/09\/P1480637-250x188.jpg 250w, https:\/\/newsestlyonnais.fr\/site\/wp-content\/uploads\/2022\/09\/P1480637-400x300.jpg 400w, https:\/\/newsestlyonnais.fr\/site\/wp-content\/uploads\/2022\/09\/P1480637-650x488.jpg 650w, https:\/\/newsestlyonnais.fr\/site\/wp-content\/uploads\/2022\/09\/P1480637-768x576.jpg 768w, https:\/\/newsestlyonnais.fr\/site\/wp-content\/uploads\/2022\/09\/P1480637-150x113.jpg 150w, https:\/\/newsestlyonnais.fr\/site\/wp-content\/uploads\/2022\/09\/P1480637-50x38.jpg 50w, https:\/\/newsestlyonnais.fr\/site\/wp-content\/uploads\/2022\/09\/P1480637-100x75.jpg 100w, https:\/\/newsestlyonnais.fr\/site\/wp-content\/uploads\/2022\/09\/P1480637-200x150.jpg 200w, https:\/\/newsestlyonnais.fr\/site\/wp-content\/uploads\/2022\/09\/P1480637-300x225.jpg 300w, https:\/\/newsestlyonnais.fr\/site\/wp-content\/uploads\/2022\/09\/P1480637-350x263.jpg 350w, https:\/\/newsestlyonnais.fr\/site\/wp-content\/uploads\/2022\/09\/P1480637-450x338.jpg 450w, https:\/\/newsestlyonnais.fr\/site\/wp-content\/uploads\/2022\/09\/P1480637-500x375.jpg 500w, https:\/\/newsestlyonnais.fr\/site\/wp-content\/uploads\/2022\/09\/P1480637-550x413.jpg 550w, https:\/\/newsestlyonnais.fr\/site\/wp-content\/uploads\/2022\/09\/P1480637-800x600.jpg 800w, https:\/\/newsestlyonnais.fr\/site\/wp-content\/uploads\/2022\/09\/P1480637.jpg 1200w\" sizes=\"auto, (max-width: 150px) 100vw, 150px\" \/><\/a>\n\t\t\t<\/div>\n\t\t\t\t<figcaption class='wp-caption-text gallery-caption' id='gallery-1-163526'>\n\t\t\t\tLe podium f\u00e9minin et masculin de l&rsquo;aquathlon S \n\t\t\t\t<\/figcaption><\/figure><figure class='gallery-item'>\n\t\t\t<div class='gallery-icon landscape'>\n\t\t\t\t<a href='https:\/\/newsestlyonnais.fr\/site\/2022\/09\/11\/vaulx-en-velin-550-triathletes-au-grand-parc-de-miribel-jonage\/p1480631\/'><img loading=\"lazy\" decoding=\"async\" width=\"150\" height=\"113\" src=\"https:\/\/newsestlyonnais.fr\/site\/wp-content\/uploads\/2022\/09\/P1480631-250x188.jpg\" class=\"attachment-thumbnail size-thumbnail\" alt=\"\" aria-describedby=\"gallery-1-163516\" srcset=\"https:\/\/newsestlyonnais.fr\/site\/wp-content\/uploads\/2022\/09\/P1480631-250x188.jpg 250w, https:\/\/newsestlyonnais.fr\/site\/wp-content\/uploads\/2022\/09\/P1480631-400x300.jpg 400w, https:\/\/newsestlyonnais.fr\/site\/wp-content\/uploads\/2022\/09\/P1480631-650x488.jpg 650w, https:\/\/newsestlyonnais.fr\/site\/wp-content\/uploads\/2022\/09\/P1480631-768x576.jpg 768w, https:\/\/newsestlyonnais.fr\/site\/wp-content\/uploads\/2022\/09\/P1480631-150x113.jpg 150w, https:\/\/newsestlyonnais.fr\/site\/wp-content\/uploads\/2022\/09\/P1480631-50x38.jpg 50w, https:\/\/newsestlyonnais.fr\/site\/wp-content\/uploads\/2022\/09\/P1480631-100x75.jpg 100w, https:\/\/newsestlyonnais.fr\/site\/wp-content\/uploads\/2022\/09\/P1480631-200x150.jpg 200w, https:\/\/newsestlyonnais.fr\/site\/wp-content\/uploads\/2022\/09\/P1480631-300x225.jpg 300w, https:\/\/newsestlyonnais.fr\/site\/wp-content\/uploads\/2022\/09\/P1480631-350x263.jpg 350w, https:\/\/newsestlyonnais.fr\/site\/wp-content\/uploads\/2022\/09\/P1480631-450x338.jpg 450w, https:\/\/newsestlyonnais.fr\/site\/wp-content\/uploads\/2022\/09\/P1480631-500x375.jpg 500w, https:\/\/newsestlyonnais.fr\/site\/wp-content\/uploads\/2022\/09\/P1480631-550x413.jpg 550w, https:\/\/newsestlyonnais.fr\/site\/wp-content\/uploads\/2022\/09\/P1480631-800x600.jpg 800w, https:\/\/newsestlyonnais.fr\/site\/wp-content\/uploads\/2022\/09\/P1480631.jpg 1200w\" sizes=\"auto, (max-width: 150px) 100vw, 150px\" \/><\/a>\n\t\t\t<\/div>\n\t\t\t\t<figcaption class='wp-caption-text gallery-caption' id='gallery-1-163516'>\n\t\t\t\tLe podium f\u00e9minin de l&rsquo;aquathlon S\n\t\t\t\t<\/figcaption><\/figure><figure class='gallery-item'>\n\t\t\t<div class='gallery-icon landscape'>\n\t\t\t\t<a href='https:\/\/newsestlyonnais.fr\/site\/2022\/09\/11\/vaulx-en-velin-550-triathletes-au-grand-parc-de-miribel-jonage\/p1480649\/'><img loading=\"lazy\" decoding=\"async\" width=\"150\" height=\"113\" src=\"https:\/\/newsestlyonnais.fr\/site\/wp-content\/uploads\/2022\/09\/P1480649-250x188.jpg\" class=\"attachment-thumbnail size-thumbnail\" alt=\"\" aria-describedby=\"gallery-1-163528\" srcset=\"https:\/\/newsestlyonnais.fr\/site\/wp-content\/uploads\/2022\/09\/P1480649-250x188.jpg 250w, https:\/\/newsestlyonnais.fr\/site\/wp-content\/uploads\/2022\/09\/P1480649-400x300.jpg 400w, https:\/\/newsestlyonnais.fr\/site\/wp-content\/uploads\/2022\/09\/P1480649-650x488.jpg 650w, https:\/\/newsestlyonnais.fr\/site\/wp-content\/uploads\/2022\/09\/P1480649-768x576.jpg 768w, https:\/\/newsestlyonnais.fr\/site\/wp-content\/uploads\/2022\/09\/P1480649-150x113.jpg 150w, https:\/\/newsestlyonnais.fr\/site\/wp-content\/uploads\/2022\/09\/P1480649-50x38.jpg 50w, https:\/\/newsestlyonnais.fr\/site\/wp-content\/uploads\/2022\/09\/P1480649-100x75.jpg 100w, https:\/\/newsestlyonnais.fr\/site\/wp-content\/uploads\/2022\/09\/P1480649-200x150.jpg 200w, https:\/\/newsestlyonnais.fr\/site\/wp-content\/uploads\/2022\/09\/P1480649-300x225.jpg 300w, https:\/\/newsestlyonnais.fr\/site\/wp-content\/uploads\/2022\/09\/P1480649-350x263.jpg 350w, https:\/\/newsestlyonnais.fr\/site\/wp-content\/uploads\/2022\/09\/P1480649-450x338.jpg 450w, https:\/\/newsestlyonnais.fr\/site\/wp-content\/uploads\/2022\/09\/P1480649-500x375.jpg 500w, https:\/\/newsestlyonnais.fr\/site\/wp-content\/uploads\/2022\/09\/P1480649-550x413.jpg 550w, https:\/\/newsestlyonnais.fr\/site\/wp-content\/uploads\/2022\/09\/P1480649-800x600.jpg 800w, https:\/\/newsestlyonnais.fr\/site\/wp-content\/uploads\/2022\/09\/P1480649.jpg 1200w\" sizes=\"auto, (max-width: 150px) 100vw, 150px\" \/><\/a>\n\t\t\t<\/div>\n\t\t\t\t<figcaption class='wp-caption-text gallery-caption' id='gallery-1-163528'>\n\t\t\t\tLe podium masculin et f\u00e9minin du XS\n\t\t\t\t<\/figcaption><\/figure><figure class='gallery-item'>\n\t\t\t<div class='gallery-icon landscape'>\n\t\t\t\t<a href='https:\/\/newsestlyonnais.fr\/site\/2022\/09\/11\/vaulx-en-velin-550-triathletes-au-grand-parc-de-miribel-jonage\/p1480627\/'><img loading=\"lazy\" decoding=\"async\" width=\"150\" height=\"113\" src=\"https:\/\/newsestlyonnais.fr\/site\/wp-content\/uploads\/2022\/09\/P1480627-250x188.jpg\" class=\"attachment-thumbnail size-thumbnail\" alt=\"\" aria-describedby=\"gallery-1-163514\" srcset=\"https:\/\/newsestlyonnais.fr\/site\/wp-content\/uploads\/2022\/09\/P1480627-250x188.jpg 250w, https:\/\/newsestlyonnais.fr\/site\/wp-content\/uploads\/2022\/09\/P1480627-400x300.jpg 400w, https:\/\/newsestlyonnais.fr\/site\/wp-content\/uploads\/2022\/09\/P1480627-650x488.jpg 650w, https:\/\/newsestlyonnais.fr\/site\/wp-content\/uploads\/2022\/09\/P1480627-768x576.jpg 768w, https:\/\/newsestlyonnais.fr\/site\/wp-content\/uploads\/2022\/09\/P1480627-150x113.jpg 150w, https:\/\/newsestlyonnais.fr\/site\/wp-content\/uploads\/2022\/09\/P1480627-50x38.jpg 50w, https:\/\/newsestlyonnais.fr\/site\/wp-content\/uploads\/2022\/09\/P1480627-100x75.jpg 100w, https:\/\/newsestlyonnais.fr\/site\/wp-content\/uploads\/2022\/09\/P1480627-200x150.jpg 200w, https:\/\/newsestlyonnais.fr\/site\/wp-content\/uploads\/2022\/09\/P1480627-300x225.jpg 300w, https:\/\/newsestlyonnais.fr\/site\/wp-content\/uploads\/2022\/09\/P1480627-350x263.jpg 350w, https:\/\/newsestlyonnais.fr\/site\/wp-content\/uploads\/2022\/09\/P1480627-450x338.jpg 450w, https:\/\/newsestlyonnais.fr\/site\/wp-content\/uploads\/2022\/09\/P1480627-500x375.jpg 500w, https:\/\/newsestlyonnais.fr\/site\/wp-content\/uploads\/2022\/09\/P1480627-550x413.jpg 550w, https:\/\/newsestlyonnais.fr\/site\/wp-content\/uploads\/2022\/09\/P1480627-800x600.jpg 800w, https:\/\/newsestlyonnais.fr\/site\/wp-content\/uploads\/2022\/09\/P1480627.jpg 1200w\" sizes=\"auto, (max-width: 150px) 100vw, 150px\" \/><\/a>\n\t\t\t<\/div>\n\t\t\t\t<figcaption class='wp-caption-text gallery-caption' id='gallery-1-163514'>\n\t\t\t\tRemise des r\u00e9compenses en pr\u00e9sence de  Michel Rocher (adjoint aux sports)\n\t\t\t\t<\/figcaption><\/figure><figure class='gallery-item'>\n\t\t\t<div class='gallery-icon landscape'>\n\t\t\t\t<a href='https:\/\/newsestlyonnais.fr\/site\/2022\/09\/11\/vaulx-en-velin-550-triathletes-au-grand-parc-de-miribel-jonage\/p1480557\/'><img loading=\"lazy\" decoding=\"async\" width=\"150\" height=\"113\" src=\"https:\/\/newsestlyonnais.fr\/site\/wp-content\/uploads\/2022\/09\/P1480557-250x188.jpg\" class=\"attachment-thumbnail size-thumbnail\" alt=\"\" aria-describedby=\"gallery-1-163506\" srcset=\"https:\/\/newsestlyonnais.fr\/site\/wp-content\/uploads\/2022\/09\/P1480557-250x188.jpg 250w, https:\/\/newsestlyonnais.fr\/site\/wp-content\/uploads\/2022\/09\/P1480557-400x300.jpg 400w, https:\/\/newsestlyonnais.fr\/site\/wp-content\/uploads\/2022\/09\/P1480557-650x488.jpg 650w, https:\/\/newsestlyonnais.fr\/site\/wp-content\/uploads\/2022\/09\/P1480557-768x576.jpg 768w, https:\/\/newsestlyonnais.fr\/site\/wp-content\/uploads\/2022\/09\/P1480557-150x113.jpg 150w, https:\/\/newsestlyonnais.fr\/site\/wp-content\/uploads\/2022\/09\/P1480557-50x38.jpg 50w, https:\/\/newsestlyonnais.fr\/site\/wp-content\/uploads\/2022\/09\/P1480557-100x75.jpg 100w, https:\/\/newsestlyonnais.fr\/site\/wp-content\/uploads\/2022\/09\/P1480557-200x150.jpg 200w, https:\/\/newsestlyonnais.fr\/site\/wp-content\/uploads\/2022\/09\/P1480557-300x225.jpg 300w, https:\/\/newsestlyonnais.fr\/site\/wp-content\/uploads\/2022\/09\/P1480557-350x263.jpg 350w, https:\/\/newsestlyonnais.fr\/site\/wp-content\/uploads\/2022\/09\/P1480557-450x338.jpg 450w, https:\/\/newsestlyonnais.fr\/site\/wp-content\/uploads\/2022\/09\/P1480557-500x375.jpg 500w, https:\/\/newsestlyonnais.fr\/site\/wp-content\/uploads\/2022\/09\/P1480557-550x413.jpg 550w, https:\/\/newsestlyonnais.fr\/site\/wp-content\/uploads\/2022\/09\/P1480557-800x600.jpg 800w, https:\/\/newsestlyonnais.fr\/site\/wp-content\/uploads\/2022\/09\/P1480557.jpg 1200w\" sizes=\"auto, (max-width: 150px) 100vw, 150px\" \/><\/a>\n\t\t\t<\/div>\n\t\t\t\t<figcaption class='wp-caption-text gallery-caption' id='gallery-1-163506'>\n\t\t\t\t3 des 6 arbitres de la journ\u00e9e\n\t\t\t\t<\/figcaption><\/figure><figure class='gallery-item'>\n\t\t\t<div class='gallery-icon portrait'>\n\t\t\t\t<a href='https:\/\/newsestlyonnais.fr\/site\/2022\/09\/11\/vaulx-en-velin-550-triathletes-au-grand-parc-de-miribel-jonage\/p1480485\/'><img loading=\"lazy\" decoding=\"async\" width=\"113\" height=\"150\" src=\"https:\/\/newsestlyonnais.fr\/site\/wp-content\/uploads\/2022\/09\/P1480485-250x333.jpg\" class=\"attachment-thumbnail size-thumbnail\" alt=\"\" aria-describedby=\"gallery-1-163764\" srcset=\"https:\/\/newsestlyonnais.fr\/site\/wp-content\/uploads\/2022\/09\/P1480485-250x333.jpg 250w, https:\/\/newsestlyonnais.fr\/site\/wp-content\/uploads\/2022\/09\/P1480485-400x533.jpg 400w, https:\/\/newsestlyonnais.fr\/site\/wp-content\/uploads\/2022\/09\/P1480485-650x867.jpg 650w, https:\/\/newsestlyonnais.fr\/site\/wp-content\/uploads\/2022\/09\/P1480485-768x1024.jpg 768w, https:\/\/newsestlyonnais.fr\/site\/wp-content\/uploads\/2022\/09\/P1480485-150x200.jpg 150w, https:\/\/newsestlyonnais.fr\/site\/wp-content\/uploads\/2022\/09\/P1480485-50x67.jpg 50w, https:\/\/newsestlyonnais.fr\/site\/wp-content\/uploads\/2022\/09\/P1480485-100x133.jpg 100w, https:\/\/newsestlyonnais.fr\/site\/wp-content\/uploads\/2022\/09\/P1480485-200x267.jpg 200w, https:\/\/newsestlyonnais.fr\/site\/wp-content\/uploads\/2022\/09\/P1480485-300x400.jpg 300w, https:\/\/newsestlyonnais.fr\/site\/wp-content\/uploads\/2022\/09\/P1480485-350x467.jpg 350w, https:\/\/newsestlyonnais.fr\/site\/wp-content\/uploads\/2022\/09\/P1480485-450x600.jpg 450w, https:\/\/newsestlyonnais.fr\/site\/wp-content\/uploads\/2022\/09\/P1480485-500x667.jpg 500w, https:\/\/newsestlyonnais.fr\/site\/wp-content\/uploads\/2022\/09\/P1480485-550x733.jpg 550w, https:\/\/newsestlyonnais.fr\/site\/wp-content\/uploads\/2022\/09\/P1480485-800x1067.jpg 800w, https:\/\/newsestlyonnais.fr\/site\/wp-content\/uploads\/2022\/09\/P1480485.jpg 900w\" sizes=\"auto, (max-width: 113px) 100vw, 113px\" \/><\/a>\n\t\t\t<\/div>\n\t\t\t\t<figcaption class='wp-caption-text gallery-caption' id='gallery-1-163764'>\n\t\t\t\tInterview de Stephan Doulcet (Co-Pt St Priest Triathlon)\n\t\t\t\t<\/figcaption><\/figure><figure class='gallery-item'>\n\t\t\t<div class='gallery-icon landscape'>\n\t\t\t\t<a href='https:\/\/newsestlyonnais.fr\/site\/2022\/09\/11\/vaulx-en-velin-550-triathletes-au-grand-parc-de-miribel-jonage\/p1480492\/'><img loading=\"lazy\" decoding=\"async\" width=\"150\" height=\"113\" src=\"https:\/\/newsestlyonnais.fr\/site\/wp-content\/uploads\/2022\/09\/P1480492-250x188.jpg\" class=\"attachment-thumbnail size-thumbnail\" alt=\"\" srcset=\"https:\/\/newsestlyonnais.fr\/site\/wp-content\/uploads\/2022\/09\/P1480492-250x188.jpg 250w, https:\/\/newsestlyonnais.fr\/site\/wp-content\/uploads\/2022\/09\/P1480492-400x300.jpg 400w, https:\/\/newsestlyonnais.fr\/site\/wp-content\/uploads\/2022\/09\/P1480492-650x488.jpg 650w, https:\/\/newsestlyonnais.fr\/site\/wp-content\/uploads\/2022\/09\/P1480492-768x576.jpg 768w, https:\/\/newsestlyonnais.fr\/site\/wp-content\/uploads\/2022\/09\/P1480492-150x113.jpg 150w, https:\/\/newsestlyonnais.fr\/site\/wp-content\/uploads\/2022\/09\/P1480492-50x38.jpg 50w, https:\/\/newsestlyonnais.fr\/site\/wp-content\/uploads\/2022\/09\/P1480492-100x75.jpg 100w, https:\/\/newsestlyonnais.fr\/site\/wp-content\/uploads\/2022\/09\/P1480492-200x150.jpg 200w, https:\/\/newsestlyonnais.fr\/site\/wp-content\/uploads\/2022\/09\/P1480492-300x225.jpg 300w, https:\/\/newsestlyonnais.fr\/site\/wp-content\/uploads\/2022\/09\/P1480492-350x263.jpg 350w, https:\/\/newsestlyonnais.fr\/site\/wp-content\/uploads\/2022\/09\/P1480492-450x338.jpg 450w, https:\/\/newsestlyonnais.fr\/site\/wp-content\/uploads\/2022\/09\/P1480492-500x375.jpg 500w, https:\/\/newsestlyonnais.fr\/site\/wp-content\/uploads\/2022\/09\/P1480492-550x413.jpg 550w, https:\/\/newsestlyonnais.fr\/site\/wp-content\/uploads\/2022\/09\/P1480492-800x600.jpg 800w, https:\/\/newsestlyonnais.fr\/site\/wp-content\/uploads\/2022\/09\/P1480492.jpg 1200w\" sizes=\"auto, (max-width: 150px) 100vw, 150px\" \/><\/a>\n\t\t\t<\/div><\/figure><figure class='gallery-item'>\n\t\t\t<div class='gallery-icon landscape'>\n\t\t\t\t<a href='https:\/\/newsestlyonnais.fr\/site\/2022\/09\/11\/vaulx-en-velin-550-triathletes-au-grand-parc-de-miribel-jonage\/p1480503\/'><img loading=\"lazy\" decoding=\"async\" width=\"150\" height=\"113\" src=\"https:\/\/newsestlyonnais.fr\/site\/wp-content\/uploads\/2022\/09\/P1480503-250x188.jpg\" class=\"attachment-thumbnail size-thumbnail\" alt=\"\" srcset=\"https:\/\/newsestlyonnais.fr\/site\/wp-content\/uploads\/2022\/09\/P1480503-250x188.jpg 250w, https:\/\/newsestlyonnais.fr\/site\/wp-content\/uploads\/2022\/09\/P1480503-400x300.jpg 400w, https:\/\/newsestlyonnais.fr\/site\/wp-content\/uploads\/2022\/09\/P1480503-650x488.jpg 650w, https:\/\/newsestlyonnais.fr\/site\/wp-content\/uploads\/2022\/09\/P1480503-768x576.jpg 768w, https:\/\/newsestlyonnais.fr\/site\/wp-content\/uploads\/2022\/09\/P1480503-150x113.jpg 150w, https:\/\/newsestlyonnais.fr\/site\/wp-content\/uploads\/2022\/09\/P1480503-50x38.jpg 50w, https:\/\/newsestlyonnais.fr\/site\/wp-content\/uploads\/2022\/09\/P1480503-100x75.jpg 100w, https:\/\/newsestlyonnais.fr\/site\/wp-content\/uploads\/2022\/09\/P1480503-200x150.jpg 200w, https:\/\/newsestlyonnais.fr\/site\/wp-content\/uploads\/2022\/09\/P1480503-300x225.jpg 300w, https:\/\/newsestlyonnais.fr\/site\/wp-content\/uploads\/2022\/09\/P1480503-350x263.jpg 350w, https:\/\/newsestlyonnais.fr\/site\/wp-content\/uploads\/2022\/09\/P1480503-450x338.jpg 450w, https:\/\/newsestlyonnais.fr\/site\/wp-content\/uploads\/2022\/09\/P1480503-500x375.jpg 500w, https:\/\/newsestlyonnais.fr\/site\/wp-content\/uploads\/2022\/09\/P1480503-550x413.jpg 550w, https:\/\/newsestlyonnais.fr\/site\/wp-content\/uploads\/2022\/09\/P1480503-800x600.jpg 800w, https:\/\/newsestlyonnais.fr\/site\/wp-content\/uploads\/2022\/09\/P1480503.jpg 1200w\" sizes=\"auto, (max-width: 150px) 100vw, 150px\" \/><\/a>\n\t\t\t<\/div><\/figure><figure class='gallery-item'>\n\t\t\t<div class='gallery-icon landscape'>\n\t\t\t\t<a href='https:\/\/newsestlyonnais.fr\/site\/2022\/09\/11\/vaulx-en-velin-550-triathletes-au-grand-parc-de-miribel-jonage\/p1480528\/'><img loading=\"lazy\" decoding=\"async\" width=\"150\" height=\"113\" src=\"https:\/\/newsestlyonnais.fr\/site\/wp-content\/uploads\/2022\/09\/P1480528-250x188.jpg\" class=\"attachment-thumbnail size-thumbnail\" alt=\"\" srcset=\"https:\/\/newsestlyonnais.fr\/site\/wp-content\/uploads\/2022\/09\/P1480528-250x188.jpg 250w, https:\/\/newsestlyonnais.fr\/site\/wp-content\/uploads\/2022\/09\/P1480528-400x300.jpg 400w, https:\/\/newsestlyonnais.fr\/site\/wp-content\/uploads\/2022\/09\/P1480528-650x488.jpg 650w, https:\/\/newsestlyonnais.fr\/site\/wp-content\/uploads\/2022\/09\/P1480528-768x576.jpg 768w, https:\/\/newsestlyonnais.fr\/site\/wp-content\/uploads\/2022\/09\/P1480528-150x113.jpg 150w, https:\/\/newsestlyonnais.fr\/site\/wp-content\/uploads\/2022\/09\/P1480528-50x38.jpg 50w, https:\/\/newsestlyonnais.fr\/site\/wp-content\/uploads\/2022\/09\/P1480528-100x75.jpg 100w, https:\/\/newsestlyonnais.fr\/site\/wp-content\/uploads\/2022\/09\/P1480528-200x150.jpg 200w, https:\/\/newsestlyonnais.fr\/site\/wp-content\/uploads\/2022\/09\/P1480528-300x225.jpg 300w, https:\/\/newsestlyonnais.fr\/site\/wp-content\/uploads\/2022\/09\/P1480528-350x263.jpg 350w, https:\/\/newsestlyonnais.fr\/site\/wp-content\/uploads\/2022\/09\/P1480528-450x338.jpg 450w, https:\/\/newsestlyonnais.fr\/site\/wp-content\/uploads\/2022\/09\/P1480528-500x375.jpg 500w, https:\/\/newsestlyonnais.fr\/site\/wp-content\/uploads\/2022\/09\/P1480528-550x413.jpg 550w, https:\/\/newsestlyonnais.fr\/site\/wp-content\/uploads\/2022\/09\/P1480528-800x600.jpg 800w, https:\/\/newsestlyonnais.fr\/site\/wp-content\/uploads\/2022\/09\/P1480528.jpg 1200w\" sizes=\"auto, (max-width: 150px) 100vw, 150px\" \/><\/a>\n\t\t\t<\/div><\/figure>\n\t\t<\/div>\n\n<p><span style=\"font-size: 14pt; background-color: #000000; color: #ffcc00;\"><strong><em><br \/>\n<\/em> <\/strong><\/span><\/p>\n","protected":false},"excerpt":{"rendered":"<p>La r\u00e9daction de Newsestlyonnais.fr \u00e9tait pr\u00e9sente ce dimanche matin sur la plage du Fontanil pour le d\u00e9part de la 29\u00b0 \u00e9dition. <\/p>\n","protected":false},"author":4,"featured_media":163494,"comment_status":"open","ping_status":"open","sticky":false,"template":"","format":"standard","meta":{"footnotes":""},"categories":[2988,2,2990,28],"tags":[2234,4259,2528,2961],"class_list":["post-163492","post","type-post","status-publish","format-standard","has-post-thumbnail","hentry","category-natation-triathlon","category-sports","category-triathlon","category-vaulx-en-velin","tag-miribel-jonage","tag-nicolas-pournin","tag-triathlon","tag-vaulx-en-velin-triathlon"],"yoast_head":"<!-- This site is optimized with the Yoast SEO plugin v27.2 - https:\/\/yoast.com\/product\/yoast-seo-wordpress\/ -->\n<title>VAULX-EN-VELIN | 550 triathl\u00e8tes au Grand-Parc de Miribel-Jonage - News Est Lyonnais<\/title>\n<meta name=\"description\" content=\"VAULX-EN-VELIN | 550 triathl\u00e8tes au Grand-Parc de Miribel-Jonage\" \/>\n<meta name=\"robots\" content=\"index, follow, max-snippet:-1, max-image-preview:large, max-video-preview:-1\" \/>\n<link rel=\"canonical\" href=\"https:\/\/newsestlyonnais.fr\/site\/2022\/09\/11\/vaulx-en-velin-550-triathletes-au-grand-parc-de-miribel-jonage\/\" \/>\n<meta property=\"og:locale\" content=\"fr_FR\" \/>\n<meta property=\"og:type\" content=\"article\" \/>\n<meta property=\"og:title\" content=\"VAULX-EN-VELIN | 550 triathl\u00e8tes au Grand-Parc de Miribel-Jonage - News Est Lyonnais\" \/>\n<meta property=\"og:description\" content=\"VAULX-EN-VELIN | 550 triathl\u00e8tes au Grand-Parc de Miribel-Jonage\" \/>\n<meta property=\"og:url\" content=\"https:\/\/newsestlyonnais.fr\/site\/2022\/09\/11\/vaulx-en-velin-550-triathletes-au-grand-parc-de-miribel-jonage\/\" \/>\n<meta property=\"og:site_name\" content=\"News Est Lyonnais\" \/>\n<meta property=\"article:author\" content=\"https:\/\/www.facebook.com\/pascal.oberson.1?fref=ts\" \/>\n<meta property=\"article:published_time\" content=\"2022-09-11T17:50:38+00:00\" \/>\n<meta property=\"article:modified_time\" content=\"2022-09-18T04:07:59+00:00\" \/>\n<meta property=\"og:image\" content=\"https:\/\/newsestlyonnais.fr\/site\/wp-content\/uploads\/2022\/09\/P1480509.jpg\" \/>\n\t<meta property=\"og:image:width\" content=\"1200\" \/>\n\t<meta property=\"og:image:height\" content=\"900\" \/>\n\t<meta property=\"og:image:type\" content=\"image\/jpeg\" \/>\n<meta name=\"author\" content=\"R\u00e9dac. NEWS\" \/>\n<meta name=\"twitter:card\" content=\"summary_large_image\" \/>\n<meta name=\"twitter:label1\" content=\"\u00c9crit par\" \/>\n\t<meta name=\"twitter:data1\" content=\"R\u00e9dac. NEWS\" \/>\n\t<meta name=\"twitter:label2\" content=\"Dur\u00e9e de lecture estim\u00e9e\" \/>\n\t<meta name=\"twitter:data2\" content=\"2 minutes\" \/>\n<script type=\"application\/ld+json\" class=\"yoast-schema-graph\">{\"@context\":\"https:\/\/schema.org\",\"@graph\":[{\"@type\":\"Article\",\"@id\":\"https:\/\/newsestlyonnais.fr\/site\/2022\/09\/11\/vaulx-en-velin-550-triathletes-au-grand-parc-de-miribel-jonage\/#article\",\"isPartOf\":{\"@id\":\"https:\/\/newsestlyonnais.fr\/site\/2022\/09\/11\/vaulx-en-velin-550-triathletes-au-grand-parc-de-miribel-jonage\/\"},\"author\":{\"name\":\"R\u00e9dac. NEWS\",\"@id\":\"https:\/\/newsestlyonnais.fr\/site\/#\/schema\/person\/3230d5615f390bb808365d673001e887\"},\"headline\":\"VAULX-EN-VELIN | 550 triathl\u00e8tes au Grand-Parc de Miribel-Jonage\",\"datePublished\":\"2022-09-11T17:50:38+00:00\",\"dateModified\":\"2022-09-18T04:07:59+00:00\",\"mainEntityOfPage\":{\"@id\":\"https:\/\/newsestlyonnais.fr\/site\/2022\/09\/11\/vaulx-en-velin-550-triathletes-au-grand-parc-de-miribel-jonage\/\"},\"wordCount\":361,\"commentCount\":0,\"publisher\":{\"@id\":\"https:\/\/newsestlyonnais.fr\/site\/#organization\"},\"image\":{\"@id\":\"https:\/\/newsestlyonnais.fr\/site\/2022\/09\/11\/vaulx-en-velin-550-triathletes-au-grand-parc-de-miribel-jonage\/#primaryimage\"},\"thumbnailUrl\":\"https:\/\/newsestlyonnais.fr\/site\/wp-content\/uploads\/2022\/09\/P1480509.jpg\",\"keywords\":[\"MIRIBEL JONAGE\",\"Nicolas Pournin\",\"TRIATHLON\",\"VAULX EN VELIN TRIATHLON\"],\"articleSection\":[\"Natation | Triathlon\",\"Sports\",\"Triathlon\",\"Vaulx-en-Velin\"],\"inLanguage\":\"fr-FR\",\"potentialAction\":[{\"@type\":\"CommentAction\",\"name\":\"Comment\",\"target\":[\"https:\/\/newsestlyonnais.fr\/site\/2022\/09\/11\/vaulx-en-velin-550-triathletes-au-grand-parc-de-miribel-jonage\/#respond\"]}]},{\"@type\":\"WebPage\",\"@id\":\"https:\/\/newsestlyonnais.fr\/site\/2022\/09\/11\/vaulx-en-velin-550-triathletes-au-grand-parc-de-miribel-jonage\/\",\"url\":\"https:\/\/newsestlyonnais.fr\/site\/2022\/09\/11\/vaulx-en-velin-550-triathletes-au-grand-parc-de-miribel-jonage\/\",\"name\":\"VAULX-EN-VELIN | 550 triathl\u00e8tes au Grand-Parc de Miribel-Jonage - News Est Lyonnais\",\"isPartOf\":{\"@id\":\"https:\/\/newsestlyonnais.fr\/site\/#website\"},\"primaryImageOfPage\":{\"@id\":\"https:\/\/newsestlyonnais.fr\/site\/2022\/09\/11\/vaulx-en-velin-550-triathletes-au-grand-parc-de-miribel-jonage\/#primaryimage\"},\"image\":{\"@id\":\"https:\/\/newsestlyonnais.fr\/site\/2022\/09\/11\/vaulx-en-velin-550-triathletes-au-grand-parc-de-miribel-jonage\/#primaryimage\"},\"thumbnailUrl\":\"https:\/\/newsestlyonnais.fr\/site\/wp-content\/uploads\/2022\/09\/P1480509.jpg\",\"datePublished\":\"2022-09-11T17:50:38+00:00\",\"dateModified\":\"2022-09-18T04:07:59+00:00\",\"description\":\"VAULX-EN-VELIN | 550 triathl\u00e8tes au Grand-Parc de Miribel-Jonage\",\"breadcrumb\":{\"@id\":\"https:\/\/newsestlyonnais.fr\/site\/2022\/09\/11\/vaulx-en-velin-550-triathletes-au-grand-parc-de-miribel-jonage\/#breadcrumb\"},\"inLanguage\":\"fr-FR\",\"potentialAction\":[{\"@type\":\"ReadAction\",\"target\":[\"https:\/\/newsestlyonnais.fr\/site\/2022\/09\/11\/vaulx-en-velin-550-triathletes-au-grand-parc-de-miribel-jonage\/\"]}]},{\"@type\":\"ImageObject\",\"inLanguage\":\"fr-FR\",\"@id\":\"https:\/\/newsestlyonnais.fr\/site\/2022\/09\/11\/vaulx-en-velin-550-triathletes-au-grand-parc-de-miribel-jonage\/#primaryimage\",\"url\":\"https:\/\/newsestlyonnais.fr\/site\/wp-content\/uploads\/2022\/09\/P1480509.jpg\",\"contentUrl\":\"https:\/\/newsestlyonnais.fr\/site\/wp-content\/uploads\/2022\/09\/P1480509.jpg\",\"width\":1200,\"height\":900},{\"@type\":\"BreadcrumbList\",\"@id\":\"https:\/\/newsestlyonnais.fr\/site\/2022\/09\/11\/vaulx-en-velin-550-triathletes-au-grand-parc-de-miribel-jonage\/#breadcrumb\",\"itemListElement\":[{\"@type\":\"ListItem\",\"position\":1,\"name\":\"Accueil\",\"item\":\"https:\/\/newsestlyonnais.fr\/site\/\"},{\"@type\":\"ListItem\",\"position\":2,\"name\":\"VAULX-EN-VELIN | 550 triathl\u00e8tes au Grand-Parc de Miribel-Jonage\"}]},{\"@type\":\"WebSite\",\"@id\":\"https:\/\/newsestlyonnais.fr\/site\/#website\",\"url\":\"https:\/\/newsestlyonnais.fr\/site\/\",\"name\":\"News Est Lyonnais\",\"description\":\"L&#039;actualit\u00e9 au plus pr\u00e8s\",\"publisher\":{\"@id\":\"https:\/\/newsestlyonnais.fr\/site\/#organization\"},\"potentialAction\":[{\"@type\":\"SearchAction\",\"target\":{\"@type\":\"EntryPoint\",\"urlTemplate\":\"https:\/\/newsestlyonnais.fr\/site\/?s={search_term_string}\"},\"query-input\":{\"@type\":\"PropertyValueSpecification\",\"valueRequired\":true,\"valueName\":\"search_term_string\"}}],\"inLanguage\":\"fr-FR\"},{\"@type\":\"Organization\",\"@id\":\"https:\/\/newsestlyonnais.fr\/site\/#organization\",\"name\":\"News EST LYONNAIS\",\"url\":\"https:\/\/newsestlyonnais.fr\/site\/\",\"logo\":{\"@type\":\"ImageObject\",\"inLanguage\":\"fr-FR\",\"@id\":\"https:\/\/newsestlyonnais.fr\/site\/#\/schema\/logo\/image\/\",\"url\":\"\",\"contentUrl\":\"\",\"caption\":\"News EST LYONNAIS\"},\"image\":{\"@id\":\"https:\/\/newsestlyonnais.fr\/site\/#\/schema\/logo\/image\/\"}},{\"@type\":\"Person\",\"@id\":\"https:\/\/newsestlyonnais.fr\/site\/#\/schema\/person\/3230d5615f390bb808365d673001e887\",\"name\":\"R\u00e9dac. NEWS\",\"sameAs\":[\"http:\/\/www.newsestlyonnais.fr\",\"https:\/\/www.facebook.com\/pascal.oberson.1?fref=ts\",\"https:\/\/fr.linkedin.com\/in\/pascal-oberson-b17045113\"],\"url\":\"https:\/\/newsestlyonnais.fr\/site\/author\/nel\/\"}]}<\/script>\n<!-- \/ Yoast SEO plugin. -->","yoast_head_json":{"title":"VAULX-EN-VELIN | 550 triathl\u00e8tes au Grand-Parc de Miribel-Jonage - News Est Lyonnais","description":"VAULX-EN-VELIN | 550 triathl\u00e8tes au Grand-Parc de Miribel-Jonage","robots":{"index":"index","follow":"follow","max-snippet":"max-snippet:-1","max-image-preview":"max-image-preview:large","max-video-preview":"max-video-preview:-1"},"canonical":"https:\/\/newsestlyonnais.fr\/site\/2022\/09\/11\/vaulx-en-velin-550-triathletes-au-grand-parc-de-miribel-jonage\/","og_locale":"fr_FR","og_type":"article","og_title":"VAULX-EN-VELIN | 550 triathl\u00e8tes au Grand-Parc de Miribel-Jonage - News Est Lyonnais","og_description":"VAULX-EN-VELIN | 550 triathl\u00e8tes au Grand-Parc de Miribel-Jonage","og_url":"https:\/\/newsestlyonnais.fr\/site\/2022\/09\/11\/vaulx-en-velin-550-triathletes-au-grand-parc-de-miribel-jonage\/","og_site_name":"News Est Lyonnais","article_author":"https:\/\/www.facebook.com\/pascal.oberson.1?fref=ts","article_published_time":"2022-09-11T17:50:38+00:00","article_modified_time":"2022-09-18T04:07:59+00:00","og_image":[{"width":1200,"height":900,"url":"https:\/\/newsestlyonnais.fr\/site\/wp-content\/uploads\/2022\/09\/P1480509.jpg","type":"image\/jpeg"}],"author":"R\u00e9dac. NEWS","twitter_card":"summary_large_image","twitter_misc":{"\u00c9crit par":"R\u00e9dac. NEWS","Dur\u00e9e de lecture estim\u00e9e":"2 minutes"},"schema":{"@context":"https:\/\/schema.org","@graph":[{"@type":"Article","@id":"https:\/\/newsestlyonnais.fr\/site\/2022\/09\/11\/vaulx-en-velin-550-triathletes-au-grand-parc-de-miribel-jonage\/#article","isPartOf":{"@id":"https:\/\/newsestlyonnais.fr\/site\/2022\/09\/11\/vaulx-en-velin-550-triathletes-au-grand-parc-de-miribel-jonage\/"},"author":{"name":"R\u00e9dac. NEWS","@id":"https:\/\/newsestlyonnais.fr\/site\/#\/schema\/person\/3230d5615f390bb808365d673001e887"},"headline":"VAULX-EN-VELIN | 550 triathl\u00e8tes au Grand-Parc de Miribel-Jonage","datePublished":"2022-09-11T17:50:38+00:00","dateModified":"2022-09-18T04:07:59+00:00","mainEntityOfPage":{"@id":"https:\/\/newsestlyonnais.fr\/site\/2022\/09\/11\/vaulx-en-velin-550-triathletes-au-grand-parc-de-miribel-jonage\/"},"wordCount":361,"commentCount":0,"publisher":{"@id":"https:\/\/newsestlyonnais.fr\/site\/#organization"},"image":{"@id":"https:\/\/newsestlyonnais.fr\/site\/2022\/09\/11\/vaulx-en-velin-550-triathletes-au-grand-parc-de-miribel-jonage\/#primaryimage"},"thumbnailUrl":"https:\/\/newsestlyonnais.fr\/site\/wp-content\/uploads\/2022\/09\/P1480509.jpg","keywords":["MIRIBEL JONAGE","Nicolas Pournin","TRIATHLON","VAULX EN VELIN TRIATHLON"],"articleSection":["Natation | Triathlon","Sports","Triathlon","Vaulx-en-Velin"],"inLanguage":"fr-FR","potentialAction":[{"@type":"CommentAction","name":"Comment","target":["https:\/\/newsestlyonnais.fr\/site\/2022\/09\/11\/vaulx-en-velin-550-triathletes-au-grand-parc-de-miribel-jonage\/#respond"]}]},{"@type":"WebPage","@id":"https:\/\/newsestlyonnais.fr\/site\/2022\/09\/11\/vaulx-en-velin-550-triathletes-au-grand-parc-de-miribel-jonage\/","url":"https:\/\/newsestlyonnais.fr\/site\/2022\/09\/11\/vaulx-en-velin-550-triathletes-au-grand-parc-de-miribel-jonage\/","name":"VAULX-EN-VELIN | 550 triathl\u00e8tes au Grand-Parc de Miribel-Jonage - News Est Lyonnais","isPartOf":{"@id":"https:\/\/newsestlyonnais.fr\/site\/#website"},"primaryImageOfPage":{"@id":"https:\/\/newsestlyonnais.fr\/site\/2022\/09\/11\/vaulx-en-velin-550-triathletes-au-grand-parc-de-miribel-jonage\/#primaryimage"},"image":{"@id":"https:\/\/newsestlyonnais.fr\/site\/2022\/09\/11\/vaulx-en-velin-550-triathletes-au-grand-parc-de-miribel-jonage\/#primaryimage"},"thumbnailUrl":"https:\/\/newsestlyonnais.fr\/site\/wp-content\/uploads\/2022\/09\/P1480509.jpg","datePublished":"2022-09-11T17:50:38+00:00","dateModified":"2022-09-18T04:07:59+00:00","description":"VAULX-EN-VELIN | 550 triathl\u00e8tes au Grand-Parc de Miribel-Jonage","breadcrumb":{"@id":"https:\/\/newsestlyonnais.fr\/site\/2022\/09\/11\/vaulx-en-velin-550-triathletes-au-grand-parc-de-miribel-jonage\/#breadcrumb"},"inLanguage":"fr-FR","potentialAction":[{"@type":"ReadAction","target":["https:\/\/newsestlyonnais.fr\/site\/2022\/09\/11\/vaulx-en-velin-550-triathletes-au-grand-parc-de-miribel-jonage\/"]}]},{"@type":"ImageObject","inLanguage":"fr-FR","@id":"https:\/\/newsestlyonnais.fr\/site\/2022\/09\/11\/vaulx-en-velin-550-triathletes-au-grand-parc-de-miribel-jonage\/#primaryimage","url":"https:\/\/newsestlyonnais.fr\/site\/wp-content\/uploads\/2022\/09\/P1480509.jpg","contentUrl":"https:\/\/newsestlyonnais.fr\/site\/wp-content\/uploads\/2022\/09\/P1480509.jpg","width":1200,"height":900},{"@type":"BreadcrumbList","@id":"https:\/\/newsestlyonnais.fr\/site\/2022\/09\/11\/vaulx-en-velin-550-triathletes-au-grand-parc-de-miribel-jonage\/#breadcrumb","itemListElement":[{"@type":"ListItem","position":1,"name":"Accueil","item":"https:\/\/newsestlyonnais.fr\/site\/"},{"@type":"ListItem","position":2,"name":"VAULX-EN-VELIN | 550 triathl\u00e8tes au Grand-Parc de Miribel-Jonage"}]},{"@type":"WebSite","@id":"https:\/\/newsestlyonnais.fr\/site\/#website","url":"https:\/\/newsestlyonnais.fr\/site\/","name":"News Est Lyonnais","description":"L&#039;actualit\u00e9 au plus pr\u00e8s","publisher":{"@id":"https:\/\/newsestlyonnais.fr\/site\/#organization"},"potentialAction":[{"@type":"SearchAction","target":{"@type":"EntryPoint","urlTemplate":"https:\/\/newsestlyonnais.fr\/site\/?s={search_term_string}"},"query-input":{"@type":"PropertyValueSpecification","valueRequired":true,"valueName":"search_term_string"}}],"inLanguage":"fr-FR"},{"@type":"Organization","@id":"https:\/\/newsestlyonnais.fr\/site\/#organization","name":"News EST LYONNAIS","url":"https:\/\/newsestlyonnais.fr\/site\/","logo":{"@type":"ImageObject","inLanguage":"fr-FR","@id":"https:\/\/newsestlyonnais.fr\/site\/#\/schema\/logo\/image\/","url":"","contentUrl":"","caption":"News EST LYONNAIS"},"image":{"@id":"https:\/\/newsestlyonnais.fr\/site\/#\/schema\/logo\/image\/"}},{"@type":"Person","@id":"https:\/\/newsestlyonnais.fr\/site\/#\/schema\/person\/3230d5615f390bb808365d673001e887","name":"R\u00e9dac. NEWS","sameAs":["http:\/\/www.newsestlyonnais.fr","https:\/\/www.facebook.com\/pascal.oberson.1?fref=ts","https:\/\/fr.linkedin.com\/in\/pascal-oberson-b17045113"],"url":"https:\/\/newsestlyonnais.fr\/site\/author\/nel\/"}]}},"_links":{"self":[{"href":"https:\/\/newsestlyonnais.fr\/site\/wp-json\/wp\/v2\/posts\/163492","targetHints":{"allow":["GET"]}}],"collection":[{"href":"https:\/\/newsestlyonnais.fr\/site\/wp-json\/wp\/v2\/posts"}],"about":[{"href":"https:\/\/newsestlyonnais.fr\/site\/wp-json\/wp\/v2\/types\/post"}],"author":[{"embeddable":true,"href":"https:\/\/newsestlyonnais.fr\/site\/wp-json\/wp\/v2\/users\/4"}],"replies":[{"embeddable":true,"href":"https:\/\/newsestlyonnais.fr\/site\/wp-json\/wp\/v2\/comments?post=163492"}],"version-history":[{"count":0,"href":"https:\/\/newsestlyonnais.fr\/site\/wp-json\/wp\/v2\/posts\/163492\/revisions"}],"wp:featuredmedia":[{"embeddable":true,"href":"https:\/\/newsestlyonnais.fr\/site\/wp-json\/wp\/v2\/media\/163494"}],"wp:attachment":[{"href":"https:\/\/newsestlyonnais.fr\/site\/wp-json\/wp\/v2\/media?parent=163492"}],"wp:term":[{"taxonomy":"category","embeddable":true,"href":"https:\/\/newsestlyonnais.fr\/site\/wp-json\/wp\/v2\/categories?post=163492"},{"taxonomy":"post_tag","embeddable":true,"href":"https:\/\/newsestlyonnais.fr\/site\/wp-json\/wp\/v2\/tags?post=163492"}],"curies":[{"name":"wp","href":"https:\/\/api.w.org\/{rel}","templated":true}]}}