{"id":163604,"date":"2022-09-12T17:38:49","date_gmt":"2022-09-12T16:38:49","guid":{"rendered":"https:\/\/newsestlyonnais.fr\/site\/?p=163604"},"modified":"2022-09-12T17:38:49","modified_gmt":"2022-09-12T16:38:49","slug":"genas-carle-immobilier-taux-dusure-pourquoi-bloque-t-il-certains-dossiers-de-pret","status":"publish","type":"post","link":"https:\/\/newsestlyonnais.fr\/site\/2022\/09\/12\/genas-carle-immobilier-taux-dusure-pourquoi-bloque-t-il-certains-dossiers-de-pret\/","title":{"rendered":"GENAS | CARLE IMMOBILIER > Taux d\u2019usure, pourquoi bloque-t-il certains dossiers de pr\u00eat ?"},"content":{"rendered":"<p><span style=\"background-color: #000000; color: #ffcc00;\">Pourquoi pose-t-il probl\u00e8me aujourd\u2019hui pour certains emprunteurs ? Comment le contourner ?<\/span><\/p>\n<p><span style=\"background-color: #000000; color: #ffffff;\"><strong>Avant tout qu\u2019est ce que le taux d\u2019usure ?<\/strong><\/span><\/p>\n<p>Il correspond au taux maximal auquel les banques peuvent vous pr\u00eater de l\u2019argent. Attention il faut bien distinguer le taux d\u2019int\u00e9r\u00eat nominal que vous propose la banque lors de votre recherche de pr\u00eat du taux annuel effectif global (TAEG) qui comprend le taux d&rsquo;int\u00e9r\u00eat de base, les frais, et les primes d&rsquo;assurance emprunteur.<\/p>\n<p><strong>C\u2019est le TAEG qui ne peut pas \u00eatre sup\u00e9rieur au taux d\u2019usure et non le taux d\u2019int\u00e9r\u00eat de base.<\/strong><\/p>\n<p>A l\u2019origine il a \u00e9t\u00e9 mis en place pour prot\u00e9ger les emprunteurs de taux abusifs . Aujourd\u2019hui il pose probl\u00e8me car son niveau n\u2019augmente pas assez vite face \u00e0 la remont\u00e9e des taux d\u2019int\u00e9r\u00eats nominaux propos\u00e9s par la banque.<\/p>\n<p><span style=\"background-color: #000000; color: #ffffff;\"><strong>Sur quelle base est fix\u00e9 le taux d&rsquo;usure actuel pour un cr\u00e9dit immobilier ?<\/strong><\/span><\/p>\n<p>Le taux d&rsquo;usure applicable au 1er juillet 2022 pour un \u00ab\u00a0pr\u00eat immobilier \u00e0 taux fixe d&rsquo;une dur\u00e9e de 20 ans et plus\u00a0\u00bb est de 2,57%. Ce taux est r\u00e9vis\u00e9 tous les trimestres. Les discussions sont en cours pour faire le augmenter significativement au 1\u00b0octobre.<\/p>\n<p><span style=\"background-color: #000000; color: #ffffff;\"><strong>Peut-on le contourner ?<\/strong><\/span><\/p>\n<p>Il est possible de contourner le d\u00e9passement du taux d\u2019usure par exemple en externalisant l\u2019assurance emprunteur. Choisir une assurance emprunteur dans une compagnie d\u2019assurance sp\u00e9cialis\u00e9e, \u00e0 la place de celle propos\u00e9e par la banque, peut permettre de faire baisser son TAEG \u00e0 un niveau inf\u00e9rieur \u00e0 celui du taux d\u2019usure.<\/p>\n<p>Un changement du nombre de mensualit\u00e9s de l&#8217;emprunt peut aussi parfois entra\u00eener une baisse de son TAEG, et ainsi permettre de contourner le taux d\u2019usure.<\/p>\n<hr \/>\n<p><em><strong>Retrouvez l\u2019article de pr\u00e9sentation de l\u2019agence CARLE IMMOBILIER<\/strong><\/em> : <a href=\"https:\/\/newsestlyonnais.fr\/site\/2021\/10\/28\/genas-carle-immobilier-accompagnement-global-dans-lensemble-de-votre-projet\/\"><span style=\"color: #0000ff;\">https:\/\/newsestlyonnais.fr\/site\/2021\/10\/28\/genas-carle-immobilier-accompagnement-global-dans-lensemble-de-votre-projet\/<\/span><\/a><\/p>\n<hr \/>\n<p><strong><a href=\"https:\/\/www.carle-immobilier.com\"><img loading=\"lazy\" decoding=\"async\" class=\"alignleft wp-image-147019 size-medium\" src=\"https:\/\/i0.wp.com\/newsestlyonnais.fr\/site\/wp-content\/uploads\/2022\/01\/Beige-vertical-noir-28novembre-1.png?resize=400%2C244&amp;ssl=1\" sizes=\"auto, (max-width: 400px) 100vw, 400px\" srcset=\"https:\/\/i0.wp.com\/newsestlyonnais.fr\/site\/wp-content\/uploads\/2022\/01\/Beige-vertical-noir-28novembre-1.png?resize=400%2C244&amp;ssl=1 400w, https:\/\/i0.wp.com\/newsestlyonnais.fr\/site\/wp-content\/uploads\/2022\/01\/Beige-vertical-noir-28novembre-1.png?resize=650%2C397&amp;ssl=1 650w, https:\/\/i0.wp.com\/newsestlyonnais.fr\/site\/wp-content\/uploads\/2022\/01\/Beige-vertical-noir-28novembre-1.png?resize=250%2C153&amp;ssl=1 250w, https:\/\/i0.wp.com\/newsestlyonnais.fr\/site\/wp-content\/uploads\/2022\/01\/Beige-vertical-noir-28novembre-1.png?resize=768%2C469&amp;ssl=1 768w, https:\/\/i0.wp.com\/newsestlyonnais.fr\/site\/wp-content\/uploads\/2022\/01\/Beige-vertical-noir-28novembre-1.png?resize=150%2C92&amp;ssl=1 150w, https:\/\/i0.wp.com\/newsestlyonnais.fr\/site\/wp-content\/uploads\/2022\/01\/Beige-vertical-noir-28novembre-1.png?resize=50%2C31&amp;ssl=1 50w, https:\/\/i0.wp.com\/newsestlyonnais.fr\/site\/wp-content\/uploads\/2022\/01\/Beige-vertical-noir-28novembre-1.png?resize=100%2C61&amp;ssl=1 100w, https:\/\/i0.wp.com\/newsestlyonnais.fr\/site\/wp-content\/uploads\/2022\/01\/Beige-vertical-noir-28novembre-1.png?resize=200%2C122&amp;ssl=1 200w, https:\/\/i0.wp.com\/newsestlyonnais.fr\/site\/wp-content\/uploads\/2022\/01\/Beige-vertical-noir-28novembre-1.png?resize=300%2C183&amp;ssl=1 300w, https:\/\/i0.wp.com\/newsestlyonnais.fr\/site\/wp-content\/uploads\/2022\/01\/Beige-vertical-noir-28novembre-1.png?resize=350%2C214&amp;ssl=1 350w, https:\/\/i0.wp.com\/newsestlyonnais.fr\/site\/wp-content\/uploads\/2022\/01\/Beige-vertical-noir-28novembre-1.png?resize=450%2C275&amp;ssl=1 450w, https:\/\/i0.wp.com\/newsestlyonnais.fr\/site\/wp-content\/uploads\/2022\/01\/Beige-vertical-noir-28novembre-1.png?resize=500%2C305&amp;ssl=1 500w, https:\/\/i0.wp.com\/newsestlyonnais.fr\/site\/wp-content\/uploads\/2022\/01\/Beige-vertical-noir-28novembre-1.png?resize=550%2C336&amp;ssl=1 550w, https:\/\/i0.wp.com\/newsestlyonnais.fr\/site\/wp-content\/uploads\/2022\/01\/Beige-vertical-noir-28novembre-1.png?resize=800%2C489&amp;ssl=1 800w, https:\/\/i0.wp.com\/newsestlyonnais.fr\/site\/wp-content\/uploads\/2022\/01\/Beige-vertical-noir-28novembre-1.png?w=827&amp;ssl=1 827w\" alt=\"\" width=\"400\" height=\"244\" data-attachment-id=\"147019\" data-permalink=\"https:\/\/newsestlyonnais.fr\/site\/2022\/01\/14\/genas-carle-immobilier-acheter-un-logement-en-couple\/beige-vertical-noir-28novembre-2\/\" data-orig-file=\"https:\/\/i0.wp.com\/newsestlyonnais.fr\/site\/wp-content\/uploads\/2022\/01\/Beige-vertical-noir-28novembre-1.png?fit=827%2C505&amp;ssl=1\" data-orig-size=\"827,505\" data-comments-opened=\"1\" data-image-meta=\"{&quot;aperture&quot;:&quot;0&quot;,&quot;credit&quot;:&quot;&quot;,&quot;camera&quot;:&quot;&quot;,&quot;caption&quot;:&quot;&quot;,&quot;created_timestamp&quot;:&quot;0&quot;,&quot;copyright&quot;:&quot;&quot;,&quot;focal_length&quot;:&quot;0&quot;,&quot;iso&quot;:&quot;0&quot;,&quot;shutter_speed&quot;:&quot;0&quot;,&quot;title&quot;:&quot;&quot;,&quot;orientation&quot;:&quot;0&quot;}\" data-image-title=\"Beige-vertical-noir-28novembre\" data-image-description=\"\" data-image-caption=\"\" data-medium-file=\"https:\/\/i0.wp.com\/newsestlyonnais.fr\/site\/wp-content\/uploads\/2022\/01\/Beige-vertical-noir-28novembre-1.png?fit=400%2C244&amp;ssl=1\" data-large-file=\"https:\/\/i0.wp.com\/newsestlyonnais.fr\/site\/wp-content\/uploads\/2022\/01\/Beige-vertical-noir-28novembre-1.png?fit=650%2C397&amp;ssl=1\" \/><\/a>&gt;&gt; CARLE IMMOBILIER<\/strong><\/p>\n<p>&gt; 19, rue Jean Jaur\u00e8s \u00e0 Genas<\/p>\n<p><strong>T\u00e9l<\/strong>. 04.78.70.42.15<\/p>\n<p><strong>Contact : <a href=\"mailto:contact@carle-immobilier.com\"><span style=\"color: #0000ff;\">contact@carle<\/span><\/a><span style=\"color: #0000ff;\"><a style=\"color: #0000ff;\" href=\"mailto:contact@carle-immobilier.com\">-immobilier.com<\/a><\/span><\/strong><\/p>\n","protected":false},"excerpt":{"rendered":"<p>Taux d\u2019usure, on entend ce terme tr\u00e8s r\u00e9guli\u00e8rement depuis quelques mois, \u00e0 quoi sert-il ?<\/p>\n","protected":false},"author":4,"featured_media":163619,"comment_status":"open","ping_status":"open","sticky":false,"template":"","format":"standard","meta":{"footnotes":""},"categories":[2970,270,12,1598,11,3566],"tags":[3986,2320,2005,2448],"class_list":["post-163604","post","type-post","status-publish","format-standard","has-post-thumbnail","hentry","category-artisans-commerces-economie","category-cte-de-communes-c-c-e-l","category-entreprises","category-genas","category-immobilier-logement","category-rendez-vous-mensuels","tag-carle-immobilier","tag-conseil","tag-genas","tag-immobilier"],"yoast_head":"<!-- This site is optimized with the Yoast SEO plugin v27.2 - https:\/\/yoast.com\/product\/yoast-seo-wordpress\/ -->\n<title>GENAS | CARLE IMMOBILIER &gt; Taux d\u2019usure, pourquoi bloque-t-il certains dossiers de pr\u00eat ? - News Est Lyonnais<\/title>\n<meta name=\"description\" content=\"GENAS | CARLE IMMOBILIER &gt; Taux d\u2019usure, pourquoi bloque-t-il certains dossiers de pr\u00eat ?\" \/>\n<meta name=\"robots\" content=\"index, follow, max-snippet:-1, max-image-preview:large, max-video-preview:-1\" \/>\n<link rel=\"canonical\" href=\"https:\/\/newsestlyonnais.fr\/site\/2022\/09\/12\/genas-carle-immobilier-taux-dusure-pourquoi-bloque-t-il-certains-dossiers-de-pret\/\" \/>\n<meta property=\"og:locale\" content=\"fr_FR\" \/>\n<meta property=\"og:type\" content=\"article\" \/>\n<meta property=\"og:title\" content=\"GENAS | CARLE IMMOBILIER &gt; Taux d\u2019usure, pourquoi bloque-t-il certains dossiers de pr\u00eat ? - News Est Lyonnais\" \/>\n<meta property=\"og:description\" content=\"GENAS | CARLE IMMOBILIER &gt; Taux d\u2019usure, pourquoi bloque-t-il certains dossiers de pr\u00eat ?\" \/>\n<meta property=\"og:url\" content=\"https:\/\/newsestlyonnais.fr\/site\/2022\/09\/12\/genas-carle-immobilier-taux-dusure-pourquoi-bloque-t-il-certains-dossiers-de-pret\/\" \/>\n<meta property=\"og:site_name\" content=\"News Est Lyonnais\" \/>\n<meta property=\"article:author\" content=\"https:\/\/www.facebook.com\/pascal.oberson.1?fref=ts\" \/>\n<meta property=\"article:published_time\" content=\"2022-09-12T16:38:49+00:00\" \/>\n<meta property=\"og:image\" content=\"https:\/\/newsestlyonnais.fr\/site\/wp-content\/uploads\/2022\/09\/Illustration-conseil-08-2022-2.jpg\" \/>\n\t<meta property=\"og:image:width\" content=\"903\" \/>\n\t<meta property=\"og:image:height\" content=\"493\" \/>\n\t<meta property=\"og:image:type\" content=\"image\/jpeg\" \/>\n<meta name=\"author\" content=\"R\u00e9dac. NEWS\" \/>\n<meta name=\"twitter:card\" content=\"summary_large_image\" \/>\n<meta name=\"twitter:label1\" content=\"\u00c9crit par\" \/>\n\t<meta name=\"twitter:data1\" content=\"R\u00e9dac. NEWS\" \/>\n\t<meta name=\"twitter:label2\" content=\"Dur\u00e9e de lecture estim\u00e9e\" \/>\n\t<meta name=\"twitter:data2\" content=\"2 minutes\" \/>\n<script type=\"application\/ld+json\" class=\"yoast-schema-graph\">{\"@context\":\"https:\/\/schema.org\",\"@graph\":[{\"@type\":\"Article\",\"@id\":\"https:\/\/newsestlyonnais.fr\/site\/2022\/09\/12\/genas-carle-immobilier-taux-dusure-pourquoi-bloque-t-il-certains-dossiers-de-pret\/#article\",\"isPartOf\":{\"@id\":\"https:\/\/newsestlyonnais.fr\/site\/2022\/09\/12\/genas-carle-immobilier-taux-dusure-pourquoi-bloque-t-il-certains-dossiers-de-pret\/\"},\"author\":{\"name\":\"R\u00e9dac. NEWS\",\"@id\":\"https:\/\/newsestlyonnais.fr\/site\/#\/schema\/person\/3230d5615f390bb808365d673001e887\"},\"headline\":\"GENAS | CARLE IMMOBILIER > Taux d\u2019usure, pourquoi bloque-t-il certains dossiers de pr\u00eat ?\",\"datePublished\":\"2022-09-12T16:38:49+00:00\",\"mainEntityOfPage\":{\"@id\":\"https:\/\/newsestlyonnais.fr\/site\/2022\/09\/12\/genas-carle-immobilier-taux-dusure-pourquoi-bloque-t-il-certains-dossiers-de-pret\/\"},\"wordCount\":351,\"commentCount\":0,\"publisher\":{\"@id\":\"https:\/\/newsestlyonnais.fr\/site\/#organization\"},\"image\":{\"@id\":\"https:\/\/newsestlyonnais.fr\/site\/2022\/09\/12\/genas-carle-immobilier-taux-dusure-pourquoi-bloque-t-il-certains-dossiers-de-pret\/#primaryimage\"},\"thumbnailUrl\":\"https:\/\/newsestlyonnais.fr\/site\/wp-content\/uploads\/2022\/09\/Illustration-conseil-08-2022-2.jpg\",\"keywords\":[\"CARLE IMMOBILIER\",\"CONSEIL\",\"GENAS\",\"IMMOBILIER\"],\"articleSection\":[\"Artisans | Commerces\",\"CCEL | Communes\",\"Entreprises\",\"Genas\",\"Immobilier | Logement\",\"Rendez-vous mensuels\"],\"inLanguage\":\"fr-FR\",\"potentialAction\":[{\"@type\":\"CommentAction\",\"name\":\"Comment\",\"target\":[\"https:\/\/newsestlyonnais.fr\/site\/2022\/09\/12\/genas-carle-immobilier-taux-dusure-pourquoi-bloque-t-il-certains-dossiers-de-pret\/#respond\"]}]},{\"@type\":\"WebPage\",\"@id\":\"https:\/\/newsestlyonnais.fr\/site\/2022\/09\/12\/genas-carle-immobilier-taux-dusure-pourquoi-bloque-t-il-certains-dossiers-de-pret\/\",\"url\":\"https:\/\/newsestlyonnais.fr\/site\/2022\/09\/12\/genas-carle-immobilier-taux-dusure-pourquoi-bloque-t-il-certains-dossiers-de-pret\/\",\"name\":\"GENAS | CARLE IMMOBILIER > Taux d\u2019usure, pourquoi bloque-t-il certains dossiers de pr\u00eat ? - News Est Lyonnais\",\"isPartOf\":{\"@id\":\"https:\/\/newsestlyonnais.fr\/site\/#website\"},\"primaryImageOfPage\":{\"@id\":\"https:\/\/newsestlyonnais.fr\/site\/2022\/09\/12\/genas-carle-immobilier-taux-dusure-pourquoi-bloque-t-il-certains-dossiers-de-pret\/#primaryimage\"},\"image\":{\"@id\":\"https:\/\/newsestlyonnais.fr\/site\/2022\/09\/12\/genas-carle-immobilier-taux-dusure-pourquoi-bloque-t-il-certains-dossiers-de-pret\/#primaryimage\"},\"thumbnailUrl\":\"https:\/\/newsestlyonnais.fr\/site\/wp-content\/uploads\/2022\/09\/Illustration-conseil-08-2022-2.jpg\",\"datePublished\":\"2022-09-12T16:38:49+00:00\",\"description\":\"GENAS | CARLE IMMOBILIER > Taux d\u2019usure, pourquoi bloque-t-il certains dossiers de pr\u00eat ?\",\"breadcrumb\":{\"@id\":\"https:\/\/newsestlyonnais.fr\/site\/2022\/09\/12\/genas-carle-immobilier-taux-dusure-pourquoi-bloque-t-il-certains-dossiers-de-pret\/#breadcrumb\"},\"inLanguage\":\"fr-FR\",\"potentialAction\":[{\"@type\":\"ReadAction\",\"target\":[\"https:\/\/newsestlyonnais.fr\/site\/2022\/09\/12\/genas-carle-immobilier-taux-dusure-pourquoi-bloque-t-il-certains-dossiers-de-pret\/\"]}]},{\"@type\":\"ImageObject\",\"inLanguage\":\"fr-FR\",\"@id\":\"https:\/\/newsestlyonnais.fr\/site\/2022\/09\/12\/genas-carle-immobilier-taux-dusure-pourquoi-bloque-t-il-certains-dossiers-de-pret\/#primaryimage\",\"url\":\"https:\/\/newsestlyonnais.fr\/site\/wp-content\/uploads\/2022\/09\/Illustration-conseil-08-2022-2.jpg\",\"contentUrl\":\"https:\/\/newsestlyonnais.fr\/site\/wp-content\/uploads\/2022\/09\/Illustration-conseil-08-2022-2.jpg\",\"width\":903,\"height\":493},{\"@type\":\"BreadcrumbList\",\"@id\":\"https:\/\/newsestlyonnais.fr\/site\/2022\/09\/12\/genas-carle-immobilier-taux-dusure-pourquoi-bloque-t-il-certains-dossiers-de-pret\/#breadcrumb\",\"itemListElement\":[{\"@type\":\"ListItem\",\"position\":1,\"name\":\"Accueil\",\"item\":\"https:\/\/newsestlyonnais.fr\/site\/\"},{\"@type\":\"ListItem\",\"position\":2,\"name\":\"GENAS | CARLE IMMOBILIER > Taux d\u2019usure, pourquoi bloque-t-il certains dossiers de pr\u00eat ?\"}]},{\"@type\":\"WebSite\",\"@id\":\"https:\/\/newsestlyonnais.fr\/site\/#website\",\"url\":\"https:\/\/newsestlyonnais.fr\/site\/\",\"name\":\"News Est Lyonnais\",\"description\":\"L&#039;actualit\u00e9 au plus pr\u00e8s\",\"publisher\":{\"@id\":\"https:\/\/newsestlyonnais.fr\/site\/#organization\"},\"potentialAction\":[{\"@type\":\"SearchAction\",\"target\":{\"@type\":\"EntryPoint\",\"urlTemplate\":\"https:\/\/newsestlyonnais.fr\/site\/?s={search_term_string}\"},\"query-input\":{\"@type\":\"PropertyValueSpecification\",\"valueRequired\":true,\"valueName\":\"search_term_string\"}}],\"inLanguage\":\"fr-FR\"},{\"@type\":\"Organization\",\"@id\":\"https:\/\/newsestlyonnais.fr\/site\/#organization\",\"name\":\"News EST LYONNAIS\",\"url\":\"https:\/\/newsestlyonnais.fr\/site\/\",\"logo\":{\"@type\":\"ImageObject\",\"inLanguage\":\"fr-FR\",\"@id\":\"https:\/\/newsestlyonnais.fr\/site\/#\/schema\/logo\/image\/\",\"url\":\"\",\"contentUrl\":\"\",\"caption\":\"News EST LYONNAIS\"},\"image\":{\"@id\":\"https:\/\/newsestlyonnais.fr\/site\/#\/schema\/logo\/image\/\"}},{\"@type\":\"Person\",\"@id\":\"https:\/\/newsestlyonnais.fr\/site\/#\/schema\/person\/3230d5615f390bb808365d673001e887\",\"name\":\"R\u00e9dac. NEWS\",\"sameAs\":[\"http:\/\/www.newsestlyonnais.fr\",\"https:\/\/www.facebook.com\/pascal.oberson.1?fref=ts\",\"https:\/\/fr.linkedin.com\/in\/pascal-oberson-b17045113\"],\"url\":\"https:\/\/newsestlyonnais.fr\/site\/author\/nel\/\"}]}<\/script>\n<!-- \/ Yoast SEO plugin. -->","yoast_head_json":{"title":"GENAS | CARLE IMMOBILIER > Taux d\u2019usure, pourquoi bloque-t-il certains dossiers de pr\u00eat ? - News Est Lyonnais","description":"GENAS | CARLE IMMOBILIER > Taux d\u2019usure, pourquoi bloque-t-il certains dossiers de pr\u00eat ?","robots":{"index":"index","follow":"follow","max-snippet":"max-snippet:-1","max-image-preview":"max-image-preview:large","max-video-preview":"max-video-preview:-1"},"canonical":"https:\/\/newsestlyonnais.fr\/site\/2022\/09\/12\/genas-carle-immobilier-taux-dusure-pourquoi-bloque-t-il-certains-dossiers-de-pret\/","og_locale":"fr_FR","og_type":"article","og_title":"GENAS | CARLE IMMOBILIER > Taux d\u2019usure, pourquoi bloque-t-il certains dossiers de pr\u00eat ? - News Est Lyonnais","og_description":"GENAS | CARLE IMMOBILIER > Taux d\u2019usure, pourquoi bloque-t-il certains dossiers de pr\u00eat ?","og_url":"https:\/\/newsestlyonnais.fr\/site\/2022\/09\/12\/genas-carle-immobilier-taux-dusure-pourquoi-bloque-t-il-certains-dossiers-de-pret\/","og_site_name":"News Est Lyonnais","article_author":"https:\/\/www.facebook.com\/pascal.oberson.1?fref=ts","article_published_time":"2022-09-12T16:38:49+00:00","og_image":[{"width":903,"height":493,"url":"https:\/\/newsestlyonnais.fr\/site\/wp-content\/uploads\/2022\/09\/Illustration-conseil-08-2022-2.jpg","type":"image\/jpeg"}],"author":"R\u00e9dac. NEWS","twitter_card":"summary_large_image","twitter_misc":{"\u00c9crit par":"R\u00e9dac. NEWS","Dur\u00e9e de lecture estim\u00e9e":"2 minutes"},"schema":{"@context":"https:\/\/schema.org","@graph":[{"@type":"Article","@id":"https:\/\/newsestlyonnais.fr\/site\/2022\/09\/12\/genas-carle-immobilier-taux-dusure-pourquoi-bloque-t-il-certains-dossiers-de-pret\/#article","isPartOf":{"@id":"https:\/\/newsestlyonnais.fr\/site\/2022\/09\/12\/genas-carle-immobilier-taux-dusure-pourquoi-bloque-t-il-certains-dossiers-de-pret\/"},"author":{"name":"R\u00e9dac. NEWS","@id":"https:\/\/newsestlyonnais.fr\/site\/#\/schema\/person\/3230d5615f390bb808365d673001e887"},"headline":"GENAS | CARLE IMMOBILIER > Taux d\u2019usure, pourquoi bloque-t-il certains dossiers de pr\u00eat ?","datePublished":"2022-09-12T16:38:49+00:00","mainEntityOfPage":{"@id":"https:\/\/newsestlyonnais.fr\/site\/2022\/09\/12\/genas-carle-immobilier-taux-dusure-pourquoi-bloque-t-il-certains-dossiers-de-pret\/"},"wordCount":351,"commentCount":0,"publisher":{"@id":"https:\/\/newsestlyonnais.fr\/site\/#organization"},"image":{"@id":"https:\/\/newsestlyonnais.fr\/site\/2022\/09\/12\/genas-carle-immobilier-taux-dusure-pourquoi-bloque-t-il-certains-dossiers-de-pret\/#primaryimage"},"thumbnailUrl":"https:\/\/newsestlyonnais.fr\/site\/wp-content\/uploads\/2022\/09\/Illustration-conseil-08-2022-2.jpg","keywords":["CARLE IMMOBILIER","CONSEIL","GENAS","IMMOBILIER"],"articleSection":["Artisans | Commerces","CCEL | Communes","Entreprises","Genas","Immobilier | Logement","Rendez-vous mensuels"],"inLanguage":"fr-FR","potentialAction":[{"@type":"CommentAction","name":"Comment","target":["https:\/\/newsestlyonnais.fr\/site\/2022\/09\/12\/genas-carle-immobilier-taux-dusure-pourquoi-bloque-t-il-certains-dossiers-de-pret\/#respond"]}]},{"@type":"WebPage","@id":"https:\/\/newsestlyonnais.fr\/site\/2022\/09\/12\/genas-carle-immobilier-taux-dusure-pourquoi-bloque-t-il-certains-dossiers-de-pret\/","url":"https:\/\/newsestlyonnais.fr\/site\/2022\/09\/12\/genas-carle-immobilier-taux-dusure-pourquoi-bloque-t-il-certains-dossiers-de-pret\/","name":"GENAS | CARLE IMMOBILIER > Taux d\u2019usure, pourquoi bloque-t-il certains dossiers de pr\u00eat ? - News Est Lyonnais","isPartOf":{"@id":"https:\/\/newsestlyonnais.fr\/site\/#website"},"primaryImageOfPage":{"@id":"https:\/\/newsestlyonnais.fr\/site\/2022\/09\/12\/genas-carle-immobilier-taux-dusure-pourquoi-bloque-t-il-certains-dossiers-de-pret\/#primaryimage"},"image":{"@id":"https:\/\/newsestlyonnais.fr\/site\/2022\/09\/12\/genas-carle-immobilier-taux-dusure-pourquoi-bloque-t-il-certains-dossiers-de-pret\/#primaryimage"},"thumbnailUrl":"https:\/\/newsestlyonnais.fr\/site\/wp-content\/uploads\/2022\/09\/Illustration-conseil-08-2022-2.jpg","datePublished":"2022-09-12T16:38:49+00:00","description":"GENAS | CARLE IMMOBILIER > Taux d\u2019usure, pourquoi bloque-t-il certains dossiers de pr\u00eat ?","breadcrumb":{"@id":"https:\/\/newsestlyonnais.fr\/site\/2022\/09\/12\/genas-carle-immobilier-taux-dusure-pourquoi-bloque-t-il-certains-dossiers-de-pret\/#breadcrumb"},"inLanguage":"fr-FR","potentialAction":[{"@type":"ReadAction","target":["https:\/\/newsestlyonnais.fr\/site\/2022\/09\/12\/genas-carle-immobilier-taux-dusure-pourquoi-bloque-t-il-certains-dossiers-de-pret\/"]}]},{"@type":"ImageObject","inLanguage":"fr-FR","@id":"https:\/\/newsestlyonnais.fr\/site\/2022\/09\/12\/genas-carle-immobilier-taux-dusure-pourquoi-bloque-t-il-certains-dossiers-de-pret\/#primaryimage","url":"https:\/\/newsestlyonnais.fr\/site\/wp-content\/uploads\/2022\/09\/Illustration-conseil-08-2022-2.jpg","contentUrl":"https:\/\/newsestlyonnais.fr\/site\/wp-content\/uploads\/2022\/09\/Illustration-conseil-08-2022-2.jpg","width":903,"height":493},{"@type":"BreadcrumbList","@id":"https:\/\/newsestlyonnais.fr\/site\/2022\/09\/12\/genas-carle-immobilier-taux-dusure-pourquoi-bloque-t-il-certains-dossiers-de-pret\/#breadcrumb","itemListElement":[{"@type":"ListItem","position":1,"name":"Accueil","item":"https:\/\/newsestlyonnais.fr\/site\/"},{"@type":"ListItem","position":2,"name":"GENAS | CARLE IMMOBILIER > Taux d\u2019usure, pourquoi bloque-t-il certains dossiers de pr\u00eat ?"}]},{"@type":"WebSite","@id":"https:\/\/newsestlyonnais.fr\/site\/#website","url":"https:\/\/newsestlyonnais.fr\/site\/","name":"News Est Lyonnais","description":"L&#039;actualit\u00e9 au plus pr\u00e8s","publisher":{"@id":"https:\/\/newsestlyonnais.fr\/site\/#organization"},"potentialAction":[{"@type":"SearchAction","target":{"@type":"EntryPoint","urlTemplate":"https:\/\/newsestlyonnais.fr\/site\/?s={search_term_string}"},"query-input":{"@type":"PropertyValueSpecification","valueRequired":true,"valueName":"search_term_string"}}],"inLanguage":"fr-FR"},{"@type":"Organization","@id":"https:\/\/newsestlyonnais.fr\/site\/#organization","name":"News EST LYONNAIS","url":"https:\/\/newsestlyonnais.fr\/site\/","logo":{"@type":"ImageObject","inLanguage":"fr-FR","@id":"https:\/\/newsestlyonnais.fr\/site\/#\/schema\/logo\/image\/","url":"","contentUrl":"","caption":"News EST LYONNAIS"},"image":{"@id":"https:\/\/newsestlyonnais.fr\/site\/#\/schema\/logo\/image\/"}},{"@type":"Person","@id":"https:\/\/newsestlyonnais.fr\/site\/#\/schema\/person\/3230d5615f390bb808365d673001e887","name":"R\u00e9dac. NEWS","sameAs":["http:\/\/www.newsestlyonnais.fr","https:\/\/www.facebook.com\/pascal.oberson.1?fref=ts","https:\/\/fr.linkedin.com\/in\/pascal-oberson-b17045113"],"url":"https:\/\/newsestlyonnais.fr\/site\/author\/nel\/"}]}},"_links":{"self":[{"href":"https:\/\/newsestlyonnais.fr\/site\/wp-json\/wp\/v2\/posts\/163604","targetHints":{"allow":["GET"]}}],"collection":[{"href":"https:\/\/newsestlyonnais.fr\/site\/wp-json\/wp\/v2\/posts"}],"about":[{"href":"https:\/\/newsestlyonnais.fr\/site\/wp-json\/wp\/v2\/types\/post"}],"author":[{"embeddable":true,"href":"https:\/\/newsestlyonnais.fr\/site\/wp-json\/wp\/v2\/users\/4"}],"replies":[{"embeddable":true,"href":"https:\/\/newsestlyonnais.fr\/site\/wp-json\/wp\/v2\/comments?post=163604"}],"version-history":[{"count":0,"href":"https:\/\/newsestlyonnais.fr\/site\/wp-json\/wp\/v2\/posts\/163604\/revisions"}],"wp:featuredmedia":[{"embeddable":true,"href":"https:\/\/newsestlyonnais.fr\/site\/wp-json\/wp\/v2\/media\/163619"}],"wp:attachment":[{"href":"https:\/\/newsestlyonnais.fr\/site\/wp-json\/wp\/v2\/media?parent=163604"}],"wp:term":[{"taxonomy":"category","embeddable":true,"href":"https:\/\/newsestlyonnais.fr\/site\/wp-json\/wp\/v2\/categories?post=163604"},{"taxonomy":"post_tag","embeddable":true,"href":"https:\/\/newsestlyonnais.fr\/site\/wp-json\/wp\/v2\/tags?post=163604"}],"curies":[{"name":"wp","href":"https:\/\/api.w.org\/{rel}","templated":true}]}}