{"id":16385,"date":"2016-11-26T08:18:04","date_gmt":"2016-11-26T07:18:04","guid":{"rendered":"http:\/\/newsestlyonnais.fr\/site\/?p=16385"},"modified":"2020-11-10T12:54:16","modified_gmt":"2020-11-10T11:54:16","slug":"vaulx-velin-quadrette-paturel-corbas-remporte-memorial-dagier-de-boules-lyonnaises","status":"publish","type":"post","link":"https:\/\/newsestlyonnais.fr\/site\/2016\/11\/26\/vaulx-velin-quadrette-paturel-corbas-remporte-memorial-dagier-de-boules-lyonnaises\/","title":{"rendered":"VAULX-EN-VELIN | La quadrette Paturel (Corbas) remporte le M\u00e9morial Dagier de boules lyonnaises"},"content":{"rendered":"<h4>Vendredi soir au boulodrome de Vaulx en Velin, s&rsquo;est d\u00e9roul\u00e9e la finale du M\u00e9morial J. Dagier opposant la quadrette Paturel (Corbas) \u00e0 celle de Girerd (Ozon).<\/h4>\n<p>Peu de spectateurs pr\u00e9sents mais un public de connaisseurs pour assister \u00e0 l&rsquo;\u00e9pilogue de ce concours organis\u00e9 par la Boule de la Marlin de Vaulx en Velin.<\/p>\n<p>Une finale plaisante \u00e0 suivre, m\u00eame si <strong>les joueurs de Corbas<\/strong>, \u00e9taient ce soir-l\u00e0, les plus costauds. Ils se sont d&rsquo;ailleurs <strong>impos\u00e9s sur le score sans appel de 13 \u00e0 4.<\/strong><\/p>\n<p>A noter la pr\u00e9sence du donateur Thierry Dagier, qui \u00e0 lanc\u00e9 le but de cette finale.<\/p>\n<p>A l&rsquo;issue de la partie, coupes et fleurs \u00e9taient remises aux joueurs, suivi du tout premier\u00a0 speech du nouveau pr\u00e9sident de la Merlin, Rens De Groot.<\/p>\n<p>La soir\u00e9e se terminait par le convivial et traditionnel m\u00e2chon pr\u00e9par\u00e9 par Tithus.<\/p>\n<p><span style=\"text-decoration: underline\"><strong><em>PHOTO A LA UNE <\/em><\/strong><\/span>: \u00e0 gauche \u00e9quipe Girerd (Ozon), au centre Thierry Dagier et \u00e0 droite<br \/>\n\u00e9quipe Paturel (Corbas)<\/p>\n<p><span style=\"text-decoration: underline\"><em><strong>NOTA<\/strong><\/em><\/span>: Prochain rendez-vous le 28 janvier <span style=\"text-decoration: underline\">Coupe de l&rsquo;Amiti\u00e9<\/span> (16 quadrettes 3 et 4\u00b0 division, par poules).<\/p>\n<figure id=\"attachment_16389\" aria-describedby=\"caption-attachment-16389\" style=\"width: 1000px\" class=\"wp-caption alignleft\"><img loading=\"lazy\" decoding=\"async\" class=\"size-full wp-image-16389\" src=\"https:\/\/newsestlyonnais.fr\/site\/medias\/2016\/11\/NEWSESTLYONNAIS-VAINQ-DAGIER.jpg\" alt=\"Debout Th. Dagier (Donateur) et la formation qui a remport\u00e9 ce M\u00e9morial: Biasiol J.- Bertholet G. Accroupis : Ferretti A. et Paturel M. (Corbas)\" width=\"1000\" height=\"750\" srcset=\"https:\/\/newsestlyonnais.fr\/site\/wp-content\/uploads\/2016\/11\/NEWSESTLYONNAIS-VAINQ-DAGIER.jpg 1000w, https:\/\/newsestlyonnais.fr\/site\/wp-content\/uploads\/2016\/11\/NEWSESTLYONNAIS-VAINQ-DAGIER-400x300.jpg 400w, https:\/\/newsestlyonnais.fr\/site\/wp-content\/uploads\/2016\/11\/NEWSESTLYONNAIS-VAINQ-DAGIER-768x576.jpg 768w, https:\/\/newsestlyonnais.fr\/site\/wp-content\/uploads\/2016\/11\/NEWSESTLYONNAIS-VAINQ-DAGIER-600x450.jpg 600w, https:\/\/newsestlyonnais.fr\/site\/wp-content\/uploads\/2016\/11\/NEWSESTLYONNAIS-VAINQ-DAGIER-100x75.jpg 100w\" sizes=\"auto, (max-width: 1000px) 100vw, 1000px\" \/><figcaption id=\"caption-attachment-16389\" class=\"wp-caption-text\">Debout Th. Dagier (Donateur) et la formation qui a remport\u00e9 ce M\u00e9morial: Biasiol J.- Bertholet G. Accroupis : Ferretti A. et Paturel M. (Corbas)<\/figcaption><\/figure>\n<figure id=\"attachment_16391\" aria-describedby=\"caption-attachment-16391\" style=\"width: 1000px\" class=\"wp-caption alignleft\"><img loading=\"lazy\" decoding=\"async\" class=\"size-full wp-image-16391\" src=\"https:\/\/newsestlyonnais.fr\/site\/medias\/2016\/11\/NEWSESTLYONNAIS-FINALISTES-DAGIER-1.jpg\" alt=\"Finalistes et organisateurs de ce concours\" width=\"1000\" height=\"750\" srcset=\"https:\/\/newsestlyonnais.fr\/site\/wp-content\/uploads\/2016\/11\/NEWSESTLYONNAIS-FINALISTES-DAGIER-1.jpg 1000w, https:\/\/newsestlyonnais.fr\/site\/wp-content\/uploads\/2016\/11\/NEWSESTLYONNAIS-FINALISTES-DAGIER-1-400x300.jpg 400w, https:\/\/newsestlyonnais.fr\/site\/wp-content\/uploads\/2016\/11\/NEWSESTLYONNAIS-FINALISTES-DAGIER-1-768x576.jpg 768w, https:\/\/newsestlyonnais.fr\/site\/wp-content\/uploads\/2016\/11\/NEWSESTLYONNAIS-FINALISTES-DAGIER-1-600x450.jpg 600w, https:\/\/newsestlyonnais.fr\/site\/wp-content\/uploads\/2016\/11\/NEWSESTLYONNAIS-FINALISTES-DAGIER-1-100x75.jpg 100w\" sizes=\"auto, (max-width: 1000px) 100vw, 1000px\" \/><figcaption id=\"caption-attachment-16391\" class=\"wp-caption-text\">Finalistes et organisateurs de ce concours<\/figcaption><\/figure>\n<figure id=\"attachment_16393\" aria-describedby=\"caption-attachment-16393\" style=\"width: 1000px\" class=\"wp-caption alignleft\"><img loading=\"lazy\" decoding=\"async\" class=\"size-full wp-image-16393\" src=\"https:\/\/newsestlyonnais.fr\/site\/medias\/2016\/11\/NEWSESTLYONNAIS-LANCERDEBUT.jpg\" alt=\"Le but de la finale a \u00e9t\u00e9 lanc\u00e9 par le donateur Thierry Dagier\" width=\"1000\" height=\"750\" srcset=\"https:\/\/newsestlyonnais.fr\/site\/wp-content\/uploads\/2016\/11\/NEWSESTLYONNAIS-LANCERDEBUT.jpg 1000w, https:\/\/newsestlyonnais.fr\/site\/wp-content\/uploads\/2016\/11\/NEWSESTLYONNAIS-LANCERDEBUT-400x300.jpg 400w, https:\/\/newsestlyonnais.fr\/site\/wp-content\/uploads\/2016\/11\/NEWSESTLYONNAIS-LANCERDEBUT-768x576.jpg 768w, https:\/\/newsestlyonnais.fr\/site\/wp-content\/uploads\/2016\/11\/NEWSESTLYONNAIS-LANCERDEBUT-600x450.jpg 600w, https:\/\/newsestlyonnais.fr\/site\/wp-content\/uploads\/2016\/11\/NEWSESTLYONNAIS-LANCERDEBUT-100x75.jpg 100w\" sizes=\"auto, (max-width: 1000px) 100vw, 1000px\" \/><figcaption id=\"caption-attachment-16393\" class=\"wp-caption-text\">Le but de la finale a \u00e9t\u00e9 lanc\u00e9 par le donateur Thierry Dagier<\/figcaption><\/figure>\n","protected":false},"excerpt":{"rendered":"<p>Vendredi soir au boulodrome de Vaulx en Velin, s&rsquo;est d\u00e9roul\u00e9e la finale du M\u00e9morial J. Dagier opposant la quadrette Paturel (Corbas) \u00e0 celle de Girerd (Ozon). Peu de spectateurs pr\u00e9sents mais un public de connaisseurs pour assister \u00e0 l&rsquo;\u00e9pilogue de ce concours organis\u00e9 par la Boule de la Marlin de Vaulx en Velin. Une finale [&hellip;]<\/p>\n","protected":false},"author":4,"featured_media":16388,"comment_status":"open","ping_status":"open","sticky":false,"template":"","format":"standard","meta":{"footnotes":""},"categories":[2977,1341,1287,28],"tags":[],"class_list":["post-16385","post","type-post","status-publish","format-standard","has-post-thumbnail","hentry","category-boules-petanque-sports","category-boules-lyonnaises","category-corbas-feyzin","category-vaulx-en-velin"],"yoast_head":"<!-- This site is optimized with the Yoast SEO plugin v27.2 - https:\/\/yoast.com\/product\/yoast-seo-wordpress\/ -->\n<title>VAULX-EN-VELIN | La quadrette Paturel (Corbas) remporte le M\u00e9morial Dagier de boules lyonnaises - News Est Lyonnais<\/title>\n<meta name=\"robots\" content=\"index, follow, max-snippet:-1, max-image-preview:large, max-video-preview:-1\" \/>\n<link rel=\"canonical\" href=\"https:\/\/newsestlyonnais.fr\/site\/2016\/11\/26\/vaulx-velin-quadrette-paturel-corbas-remporte-memorial-dagier-de-boules-lyonnaises\/\" \/>\n<meta property=\"og:locale\" content=\"fr_FR\" \/>\n<meta property=\"og:type\" content=\"article\" \/>\n<meta property=\"og:title\" content=\"VAULX-EN-VELIN | La quadrette Paturel (Corbas) remporte le M\u00e9morial Dagier de boules lyonnaises - News Est Lyonnais\" \/>\n<meta property=\"og:description\" content=\"Vendredi soir au boulodrome de Vaulx en Velin, s&rsquo;est d\u00e9roul\u00e9e la finale du M\u00e9morial J. Dagier opposant la quadrette Paturel (Corbas) \u00e0 celle de Girerd (Ozon). Peu de spectateurs pr\u00e9sents mais un public de connaisseurs pour assister \u00e0 l&rsquo;\u00e9pilogue de ce concours organis\u00e9 par la Boule de la Marlin de Vaulx en Velin. Une finale [&hellip;]\" \/>\n<meta property=\"og:url\" content=\"https:\/\/newsestlyonnais.fr\/site\/2016\/11\/26\/vaulx-velin-quadrette-paturel-corbas-remporte-memorial-dagier-de-boules-lyonnaises\/\" \/>\n<meta property=\"og:site_name\" content=\"News Est Lyonnais\" \/>\n<meta property=\"article:author\" content=\"https:\/\/www.facebook.com\/pascal.oberson.1?fref=ts\" \/>\n<meta property=\"article:published_time\" content=\"2016-11-26T07:18:04+00:00\" \/>\n<meta property=\"article:modified_time\" content=\"2020-11-10T11:54:16+00:00\" \/>\n<meta property=\"og:image\" content=\"https:\/\/i1.wp.com\/newsestlyonnais.fr\/site\/wp-content\/uploads\/2016\/11\/NEWSESTLYONNAIS-MEMORIAL-DAGIER-.jpg?fit=1000%2C750&ssl=1\" \/>\n\t<meta property=\"og:image:width\" content=\"1000\" \/>\n\t<meta property=\"og:image:height\" content=\"750\" \/>\n\t<meta property=\"og:image:type\" content=\"image\/jpeg\" \/>\n<meta name=\"author\" content=\"R\u00e9dac. NEWS\" \/>\n<meta name=\"twitter:card\" content=\"summary_large_image\" \/>\n<meta name=\"twitter:label1\" content=\"\u00c9crit par\" \/>\n\t<meta name=\"twitter:data1\" content=\"R\u00e9dac. NEWS\" \/>\n\t<meta name=\"twitter:label2\" content=\"Dur\u00e9e de lecture estim\u00e9e\" \/>\n\t<meta name=\"twitter:data2\" content=\"1 minute\" \/>\n<script type=\"application\/ld+json\" class=\"yoast-schema-graph\">{\"@context\":\"https:\/\/schema.org\",\"@graph\":[{\"@type\":\"Article\",\"@id\":\"https:\/\/newsestlyonnais.fr\/site\/2016\/11\/26\/vaulx-velin-quadrette-paturel-corbas-remporte-memorial-dagier-de-boules-lyonnaises\/#article\",\"isPartOf\":{\"@id\":\"https:\/\/newsestlyonnais.fr\/site\/2016\/11\/26\/vaulx-velin-quadrette-paturel-corbas-remporte-memorial-dagier-de-boules-lyonnaises\/\"},\"author\":{\"name\":\"R\u00e9dac. NEWS\",\"@id\":\"https:\/\/newsestlyonnais.fr\/site\/#\/schema\/person\/3230d5615f390bb808365d673001e887\"},\"headline\":\"VAULX-EN-VELIN | La quadrette Paturel (Corbas) remporte le M\u00e9morial Dagier de boules lyonnaises\",\"datePublished\":\"2016-11-26T07:18:04+00:00\",\"dateModified\":\"2020-11-10T11:54:16+00:00\",\"mainEntityOfPage\":{\"@id\":\"https:\/\/newsestlyonnais.fr\/site\/2016\/11\/26\/vaulx-velin-quadrette-paturel-corbas-remporte-memorial-dagier-de-boules-lyonnaises\/\"},\"wordCount\":256,\"commentCount\":0,\"publisher\":{\"@id\":\"https:\/\/newsestlyonnais.fr\/site\/#organization\"},\"image\":{\"@id\":\"https:\/\/newsestlyonnais.fr\/site\/2016\/11\/26\/vaulx-velin-quadrette-paturel-corbas-remporte-memorial-dagier-de-boules-lyonnaises\/#primaryimage\"},\"thumbnailUrl\":\"https:\/\/newsestlyonnais.fr\/site\/wp-content\/uploads\/2016\/11\/NEWSESTLYONNAIS-MEMORIAL-DAGIER-.jpg\",\"articleSection\":[\"Boules | P\u00e9tanque\",\"Boules Lyonnaises\",\"Corbas | Feyzin\",\"Vaulx-en-Velin\"],\"inLanguage\":\"fr-FR\",\"potentialAction\":[{\"@type\":\"CommentAction\",\"name\":\"Comment\",\"target\":[\"https:\/\/newsestlyonnais.fr\/site\/2016\/11\/26\/vaulx-velin-quadrette-paturel-corbas-remporte-memorial-dagier-de-boules-lyonnaises\/#respond\"]}]},{\"@type\":\"WebPage\",\"@id\":\"https:\/\/newsestlyonnais.fr\/site\/2016\/11\/26\/vaulx-velin-quadrette-paturel-corbas-remporte-memorial-dagier-de-boules-lyonnaises\/\",\"url\":\"https:\/\/newsestlyonnais.fr\/site\/2016\/11\/26\/vaulx-velin-quadrette-paturel-corbas-remporte-memorial-dagier-de-boules-lyonnaises\/\",\"name\":\"VAULX-EN-VELIN | La quadrette Paturel (Corbas) remporte le M\u00e9morial Dagier de boules lyonnaises - News Est Lyonnais\",\"isPartOf\":{\"@id\":\"https:\/\/newsestlyonnais.fr\/site\/#website\"},\"primaryImageOfPage\":{\"@id\":\"https:\/\/newsestlyonnais.fr\/site\/2016\/11\/26\/vaulx-velin-quadrette-paturel-corbas-remporte-memorial-dagier-de-boules-lyonnaises\/#primaryimage\"},\"image\":{\"@id\":\"https:\/\/newsestlyonnais.fr\/site\/2016\/11\/26\/vaulx-velin-quadrette-paturel-corbas-remporte-memorial-dagier-de-boules-lyonnaises\/#primaryimage\"},\"thumbnailUrl\":\"https:\/\/newsestlyonnais.fr\/site\/wp-content\/uploads\/2016\/11\/NEWSESTLYONNAIS-MEMORIAL-DAGIER-.jpg\",\"datePublished\":\"2016-11-26T07:18:04+00:00\",\"dateModified\":\"2020-11-10T11:54:16+00:00\",\"breadcrumb\":{\"@id\":\"https:\/\/newsestlyonnais.fr\/site\/2016\/11\/26\/vaulx-velin-quadrette-paturel-corbas-remporte-memorial-dagier-de-boules-lyonnaises\/#breadcrumb\"},\"inLanguage\":\"fr-FR\",\"potentialAction\":[{\"@type\":\"ReadAction\",\"target\":[\"https:\/\/newsestlyonnais.fr\/site\/2016\/11\/26\/vaulx-velin-quadrette-paturel-corbas-remporte-memorial-dagier-de-boules-lyonnaises\/\"]}]},{\"@type\":\"ImageObject\",\"inLanguage\":\"fr-FR\",\"@id\":\"https:\/\/newsestlyonnais.fr\/site\/2016\/11\/26\/vaulx-velin-quadrette-paturel-corbas-remporte-memorial-dagier-de-boules-lyonnaises\/#primaryimage\",\"url\":\"https:\/\/newsestlyonnais.fr\/site\/wp-content\/uploads\/2016\/11\/NEWSESTLYONNAIS-MEMORIAL-DAGIER-.jpg\",\"contentUrl\":\"https:\/\/newsestlyonnais.fr\/site\/wp-content\/uploads\/2016\/11\/NEWSESTLYONNAIS-MEMORIAL-DAGIER-.jpg\",\"width\":1000,\"height\":750},{\"@type\":\"BreadcrumbList\",\"@id\":\"https:\/\/newsestlyonnais.fr\/site\/2016\/11\/26\/vaulx-velin-quadrette-paturel-corbas-remporte-memorial-dagier-de-boules-lyonnaises\/#breadcrumb\",\"itemListElement\":[{\"@type\":\"ListItem\",\"position\":1,\"name\":\"Accueil\",\"item\":\"https:\/\/newsestlyonnais.fr\/site\/\"},{\"@type\":\"ListItem\",\"position\":2,\"name\":\"VAULX-EN-VELIN | La quadrette Paturel (Corbas) remporte le M\u00e9morial Dagier de boules lyonnaises\"}]},{\"@type\":\"WebSite\",\"@id\":\"https:\/\/newsestlyonnais.fr\/site\/#website\",\"url\":\"https:\/\/newsestlyonnais.fr\/site\/\",\"name\":\"News Est Lyonnais\",\"description\":\"L&#039;actualit\u00e9 au plus pr\u00e8s\",\"publisher\":{\"@id\":\"https:\/\/newsestlyonnais.fr\/site\/#organization\"},\"potentialAction\":[{\"@type\":\"SearchAction\",\"target\":{\"@type\":\"EntryPoint\",\"urlTemplate\":\"https:\/\/newsestlyonnais.fr\/site\/?s={search_term_string}\"},\"query-input\":{\"@type\":\"PropertyValueSpecification\",\"valueRequired\":true,\"valueName\":\"search_term_string\"}}],\"inLanguage\":\"fr-FR\"},{\"@type\":\"Organization\",\"@id\":\"https:\/\/newsestlyonnais.fr\/site\/#organization\",\"name\":\"News EST LYONNAIS\",\"url\":\"https:\/\/newsestlyonnais.fr\/site\/\",\"logo\":{\"@type\":\"ImageObject\",\"inLanguage\":\"fr-FR\",\"@id\":\"https:\/\/newsestlyonnais.fr\/site\/#\/schema\/logo\/image\/\",\"url\":\"\",\"contentUrl\":\"\",\"caption\":\"News EST LYONNAIS\"},\"image\":{\"@id\":\"https:\/\/newsestlyonnais.fr\/site\/#\/schema\/logo\/image\/\"}},{\"@type\":\"Person\",\"@id\":\"https:\/\/newsestlyonnais.fr\/site\/#\/schema\/person\/3230d5615f390bb808365d673001e887\",\"name\":\"R\u00e9dac. NEWS\",\"sameAs\":[\"http:\/\/www.newsestlyonnais.fr\",\"https:\/\/www.facebook.com\/pascal.oberson.1?fref=ts\",\"https:\/\/fr.linkedin.com\/in\/pascal-oberson-b17045113\"],\"url\":\"https:\/\/newsestlyonnais.fr\/site\/author\/nel\/\"}]}<\/script>\n<!-- \/ Yoast SEO plugin. -->","yoast_head_json":{"title":"VAULX-EN-VELIN | La quadrette Paturel (Corbas) remporte le M\u00e9morial Dagier de boules lyonnaises - News Est Lyonnais","robots":{"index":"index","follow":"follow","max-snippet":"max-snippet:-1","max-image-preview":"max-image-preview:large","max-video-preview":"max-video-preview:-1"},"canonical":"https:\/\/newsestlyonnais.fr\/site\/2016\/11\/26\/vaulx-velin-quadrette-paturel-corbas-remporte-memorial-dagier-de-boules-lyonnaises\/","og_locale":"fr_FR","og_type":"article","og_title":"VAULX-EN-VELIN | La quadrette Paturel (Corbas) remporte le M\u00e9morial Dagier de boules lyonnaises - News Est Lyonnais","og_description":"Vendredi soir au boulodrome de Vaulx en Velin, s&rsquo;est d\u00e9roul\u00e9e la finale du M\u00e9morial J. Dagier opposant la quadrette Paturel (Corbas) \u00e0 celle de Girerd (Ozon). Peu de spectateurs pr\u00e9sents mais un public de connaisseurs pour assister \u00e0 l&rsquo;\u00e9pilogue de ce concours organis\u00e9 par la Boule de la Marlin de Vaulx en Velin. Une finale [&hellip;]","og_url":"https:\/\/newsestlyonnais.fr\/site\/2016\/11\/26\/vaulx-velin-quadrette-paturel-corbas-remporte-memorial-dagier-de-boules-lyonnaises\/","og_site_name":"News Est Lyonnais","article_author":"https:\/\/www.facebook.com\/pascal.oberson.1?fref=ts","article_published_time":"2016-11-26T07:18:04+00:00","article_modified_time":"2020-11-10T11:54:16+00:00","og_image":[{"width":1000,"height":750,"url":"https:\/\/i1.wp.com\/newsestlyonnais.fr\/site\/wp-content\/uploads\/2016\/11\/NEWSESTLYONNAIS-MEMORIAL-DAGIER-.jpg?fit=1000%2C750&ssl=1","type":"image\/jpeg"}],"author":"R\u00e9dac. NEWS","twitter_card":"summary_large_image","twitter_misc":{"\u00c9crit par":"R\u00e9dac. NEWS","Dur\u00e9e de lecture estim\u00e9e":"1 minute"},"schema":{"@context":"https:\/\/schema.org","@graph":[{"@type":"Article","@id":"https:\/\/newsestlyonnais.fr\/site\/2016\/11\/26\/vaulx-velin-quadrette-paturel-corbas-remporte-memorial-dagier-de-boules-lyonnaises\/#article","isPartOf":{"@id":"https:\/\/newsestlyonnais.fr\/site\/2016\/11\/26\/vaulx-velin-quadrette-paturel-corbas-remporte-memorial-dagier-de-boules-lyonnaises\/"},"author":{"name":"R\u00e9dac. NEWS","@id":"https:\/\/newsestlyonnais.fr\/site\/#\/schema\/person\/3230d5615f390bb808365d673001e887"},"headline":"VAULX-EN-VELIN | La quadrette Paturel (Corbas) remporte le M\u00e9morial Dagier de boules lyonnaises","datePublished":"2016-11-26T07:18:04+00:00","dateModified":"2020-11-10T11:54:16+00:00","mainEntityOfPage":{"@id":"https:\/\/newsestlyonnais.fr\/site\/2016\/11\/26\/vaulx-velin-quadrette-paturel-corbas-remporte-memorial-dagier-de-boules-lyonnaises\/"},"wordCount":256,"commentCount":0,"publisher":{"@id":"https:\/\/newsestlyonnais.fr\/site\/#organization"},"image":{"@id":"https:\/\/newsestlyonnais.fr\/site\/2016\/11\/26\/vaulx-velin-quadrette-paturel-corbas-remporte-memorial-dagier-de-boules-lyonnaises\/#primaryimage"},"thumbnailUrl":"https:\/\/newsestlyonnais.fr\/site\/wp-content\/uploads\/2016\/11\/NEWSESTLYONNAIS-MEMORIAL-DAGIER-.jpg","articleSection":["Boules | P\u00e9tanque","Boules Lyonnaises","Corbas | Feyzin","Vaulx-en-Velin"],"inLanguage":"fr-FR","potentialAction":[{"@type":"CommentAction","name":"Comment","target":["https:\/\/newsestlyonnais.fr\/site\/2016\/11\/26\/vaulx-velin-quadrette-paturel-corbas-remporte-memorial-dagier-de-boules-lyonnaises\/#respond"]}]},{"@type":"WebPage","@id":"https:\/\/newsestlyonnais.fr\/site\/2016\/11\/26\/vaulx-velin-quadrette-paturel-corbas-remporte-memorial-dagier-de-boules-lyonnaises\/","url":"https:\/\/newsestlyonnais.fr\/site\/2016\/11\/26\/vaulx-velin-quadrette-paturel-corbas-remporte-memorial-dagier-de-boules-lyonnaises\/","name":"VAULX-EN-VELIN | La quadrette Paturel (Corbas) remporte le M\u00e9morial Dagier de boules lyonnaises - News Est Lyonnais","isPartOf":{"@id":"https:\/\/newsestlyonnais.fr\/site\/#website"},"primaryImageOfPage":{"@id":"https:\/\/newsestlyonnais.fr\/site\/2016\/11\/26\/vaulx-velin-quadrette-paturel-corbas-remporte-memorial-dagier-de-boules-lyonnaises\/#primaryimage"},"image":{"@id":"https:\/\/newsestlyonnais.fr\/site\/2016\/11\/26\/vaulx-velin-quadrette-paturel-corbas-remporte-memorial-dagier-de-boules-lyonnaises\/#primaryimage"},"thumbnailUrl":"https:\/\/newsestlyonnais.fr\/site\/wp-content\/uploads\/2016\/11\/NEWSESTLYONNAIS-MEMORIAL-DAGIER-.jpg","datePublished":"2016-11-26T07:18:04+00:00","dateModified":"2020-11-10T11:54:16+00:00","breadcrumb":{"@id":"https:\/\/newsestlyonnais.fr\/site\/2016\/11\/26\/vaulx-velin-quadrette-paturel-corbas-remporte-memorial-dagier-de-boules-lyonnaises\/#breadcrumb"},"inLanguage":"fr-FR","potentialAction":[{"@type":"ReadAction","target":["https:\/\/newsestlyonnais.fr\/site\/2016\/11\/26\/vaulx-velin-quadrette-paturel-corbas-remporte-memorial-dagier-de-boules-lyonnaises\/"]}]},{"@type":"ImageObject","inLanguage":"fr-FR","@id":"https:\/\/newsestlyonnais.fr\/site\/2016\/11\/26\/vaulx-velin-quadrette-paturel-corbas-remporte-memorial-dagier-de-boules-lyonnaises\/#primaryimage","url":"https:\/\/newsestlyonnais.fr\/site\/wp-content\/uploads\/2016\/11\/NEWSESTLYONNAIS-MEMORIAL-DAGIER-.jpg","contentUrl":"https:\/\/newsestlyonnais.fr\/site\/wp-content\/uploads\/2016\/11\/NEWSESTLYONNAIS-MEMORIAL-DAGIER-.jpg","width":1000,"height":750},{"@type":"BreadcrumbList","@id":"https:\/\/newsestlyonnais.fr\/site\/2016\/11\/26\/vaulx-velin-quadrette-paturel-corbas-remporte-memorial-dagier-de-boules-lyonnaises\/#breadcrumb","itemListElement":[{"@type":"ListItem","position":1,"name":"Accueil","item":"https:\/\/newsestlyonnais.fr\/site\/"},{"@type":"ListItem","position":2,"name":"VAULX-EN-VELIN | La quadrette Paturel (Corbas) remporte le M\u00e9morial Dagier de boules lyonnaises"}]},{"@type":"WebSite","@id":"https:\/\/newsestlyonnais.fr\/site\/#website","url":"https:\/\/newsestlyonnais.fr\/site\/","name":"News Est Lyonnais","description":"L&#039;actualit\u00e9 au plus pr\u00e8s","publisher":{"@id":"https:\/\/newsestlyonnais.fr\/site\/#organization"},"potentialAction":[{"@type":"SearchAction","target":{"@type":"EntryPoint","urlTemplate":"https:\/\/newsestlyonnais.fr\/site\/?s={search_term_string}"},"query-input":{"@type":"PropertyValueSpecification","valueRequired":true,"valueName":"search_term_string"}}],"inLanguage":"fr-FR"},{"@type":"Organization","@id":"https:\/\/newsestlyonnais.fr\/site\/#organization","name":"News EST LYONNAIS","url":"https:\/\/newsestlyonnais.fr\/site\/","logo":{"@type":"ImageObject","inLanguage":"fr-FR","@id":"https:\/\/newsestlyonnais.fr\/site\/#\/schema\/logo\/image\/","url":"","contentUrl":"","caption":"News EST LYONNAIS"},"image":{"@id":"https:\/\/newsestlyonnais.fr\/site\/#\/schema\/logo\/image\/"}},{"@type":"Person","@id":"https:\/\/newsestlyonnais.fr\/site\/#\/schema\/person\/3230d5615f390bb808365d673001e887","name":"R\u00e9dac. NEWS","sameAs":["http:\/\/www.newsestlyonnais.fr","https:\/\/www.facebook.com\/pascal.oberson.1?fref=ts","https:\/\/fr.linkedin.com\/in\/pascal-oberson-b17045113"],"url":"https:\/\/newsestlyonnais.fr\/site\/author\/nel\/"}]}},"_links":{"self":[{"href":"https:\/\/newsestlyonnais.fr\/site\/wp-json\/wp\/v2\/posts\/16385","targetHints":{"allow":["GET"]}}],"collection":[{"href":"https:\/\/newsestlyonnais.fr\/site\/wp-json\/wp\/v2\/posts"}],"about":[{"href":"https:\/\/newsestlyonnais.fr\/site\/wp-json\/wp\/v2\/types\/post"}],"author":[{"embeddable":true,"href":"https:\/\/newsestlyonnais.fr\/site\/wp-json\/wp\/v2\/users\/4"}],"replies":[{"embeddable":true,"href":"https:\/\/newsestlyonnais.fr\/site\/wp-json\/wp\/v2\/comments?post=16385"}],"version-history":[{"count":0,"href":"https:\/\/newsestlyonnais.fr\/site\/wp-json\/wp\/v2\/posts\/16385\/revisions"}],"wp:featuredmedia":[{"embeddable":true,"href":"https:\/\/newsestlyonnais.fr\/site\/wp-json\/wp\/v2\/media\/16388"}],"wp:attachment":[{"href":"https:\/\/newsestlyonnais.fr\/site\/wp-json\/wp\/v2\/media?parent=16385"}],"wp:term":[{"taxonomy":"category","embeddable":true,"href":"https:\/\/newsestlyonnais.fr\/site\/wp-json\/wp\/v2\/categories?post=16385"},{"taxonomy":"post_tag","embeddable":true,"href":"https:\/\/newsestlyonnais.fr\/site\/wp-json\/wp\/v2\/tags?post=16385"}],"curies":[{"name":"wp","href":"https:\/\/api.w.org\/{rel}","templated":true}]}}