{"id":164704,"date":"2022-09-27T14:25:06","date_gmt":"2022-09-27T13:25:06","guid":{"rendered":"https:\/\/newsestlyonnais.fr\/site\/?p=164704"},"modified":"2022-10-17T05:38:01","modified_gmt":"2022-10-17T04:38:01","slug":"lyon-7-les-evenements-au-10-octobre","status":"publish","type":"post","link":"https:\/\/newsestlyonnais.fr\/site\/2022\/09\/27\/lyon-7-les-evenements-au-10-octobre\/","title":{"rendered":"LYON 7 | Les \u00e9v\u00e8nements au 10 octobre"},"content":{"rendered":"<p><span style=\"background-color: #000000; color: #ffffff; font-size: 14pt;\"><strong>Jusqu\u2019au vendredi 3<\/strong><\/span><strong><span style=\"background-color: #000000; color: #ffffff; font-size: 14pt;\">0 septembre<\/span><br \/>\n<\/strong><\/p>\n<p><strong>Concertation sur le parc Blandan : <\/strong><a href=\"https:\/\/mairie7.lyon.fr\/actualite\/concertation\/le-parc-blandan-continue-de-se-developper-prenez-part-la-concertation\">https:\/\/mairie7.lyon.fr\/actualite\/concertation\/le-parc-blandan-continue-de-se-developper-prenez-part-la-concertation<\/a><\/p>\n<hr \/>\n<p class=\"ox-fad78efb11-MsoNormal\"><span style=\"font-size: 14pt; color: #ffcc00;\"><span style=\"background-color: #000000;\"><b><u>Du 27 au 30 septembre\u00a0:<\/u><\/b><\/span><b><span style=\"background-color: #000000;\"> La semaine du c\u0153ur<\/span><span style=\"color: #000000;\"> \/ <\/span><\/b><\/span>F\u00e9d\u00e9ration Fran\u00e7aise de Cardiologie :<\/p>\n<p class=\"ox-fad78efb11-MsoNormal\"><b><\/b><b><\/b>Les h\u00f4pitaux ouvriront leurs portes sans rendez-vous toute la journ\u00e9e du lundi 26 au vendredi 30 septembre de 10 h \u00e0 17 h pour proposer des d\u00e9pistages de son risque cardiovasculaire, offerts \u00e0 tous.<\/p>\n<ul>\n<li class=\"ox-fad78efb11-MsoNormal\">Lundi 26 septembre, au <strong>Centre hospitalier Saint Joseph Saint Luc &#8211; 20, quai Claude Bernard, Lyon 7<\/strong><\/li>\n<li class=\"ox-fad78efb11-MsoNormal\">Mardi 27 septembre, \u00e0 l\u2019H\u00f4pital Cardiologique Louis Pradel &#8211; 28, avenue du Doyen L\u00e9pine, Bron<\/li>\n<li class=\"ox-fad78efb11-MsoNormal\">Jeudi 29 septembre, au centre M\u00e9dip\u00f4le Lyon-Villeurbanne &#8211; Entr\u00e9e A &#8211; 158 rue L\u00e9on Blum, Villeurbanne<\/li>\n<li class=\"ox-fad78efb11-MsoNormal\">Vendredi 30 septembre \u00e0 l\u2019H\u00f4pital de la Croix Rousse &#8211; Bat R &#8211; 103, Grande rue de la Croix-Rousse, Lyon 4<\/li>\n<\/ul>\n<p><span style=\"color: #0000ff;\"><a style=\"color: #0000ff;\" href=\"https:\/\/mairie7.lyon.fr\/evenement\/solidarite\/la-semaine-du-coeur-0\"><strong>https:\/\/mairie7.lyon.fr\/evenement\/solidarite\/la-semaine-du-coeur-0<\/strong><\/a><\/span><\/p>\n<hr \/>\n<p class=\"ox-fad78efb11-MsoNormal\"><strong><span style=\"background-color: #000000; color: #ffffff; font-size: 14pt;\">Mardi 27 septembre<\/span><\/strong><\/p>\n<ul>\n<li>\u00a0<b>11 h 30 \u00e0 14 h<\/b>\u00a0: <b>Forum \u00e9tudiant Job SAP (Service \u00e0 la personne) \/ <\/b>Maison M\u00e9tropolitaine pour l\u2019Insertion et l\u2019Emploi, la Maison des \u00e9tudiants et le CROUS (96 rue Pasteur).<\/li>\n<li><strong>18 h<\/strong> : <b>Eco \u2019coop, <\/b>d\u00e9fi z\u00e9ro carbone,<b> <\/b>par Totem &amp; Totem (25 rue St J\u00e9r\u00f4me).<\/li>\n<\/ul>\n<p class=\"ox-fad78efb11-MsoNormal\"><span style=\"background-color: #000000; color: #ffffff; font-size: 14pt;\"><b>Mercredi 28 septembre<\/b><\/span><\/p>\n<ul>\n<li><b>14 h 30 :<\/b> <b>Inauguration de la centrale de production de froid de Gerland, <\/b>par Dalkia. (Parc de Gerland, 24 all\u00e9e Pierre de Coubertin).<\/li>\n<\/ul>\n<p><span style=\"background-color: #000000; color: #ffffff; font-size: 14pt;\"><b>Jeudi 29 septembre<\/b><\/span><\/p>\n<ul>\n<li><b>18 h :<\/b> <b>Temps convivial afin de remercier les pr\u00e9sident.es et assesseur.es <\/b>pour leur implication lors des derni\u00e8res \u00e9lections. (Salle des Mariages et du Conseil, Mairie du 7).<\/li>\n<\/ul>\n<hr \/>\n<p><span style=\"background-color: #000000; color: #ffffff; font-size: 14pt;\"><b>Du 29 septembre au 1\u00b0 octobre<\/b><\/span><\/p>\n<p><strong>La Bergerie Urbaine organise une transhumance sur 3 jours et nuits<\/strong> dans des lieux patrimoniaux et culturels. Le soir, le troupeau laisse place \u00e0 un \u00e9v\u00e9nement convivial et culturel ouvert au public : <b>Vendredi 30 septembre : arriv\u00e9e au parc de Gerland, pr\u00e9vue vers 16 h 30. <\/b>Soir\u00e9e \u00ab\u00a0Ap\u00e9ro Agri-culturel\u00a0\u00bb<\/p>\n<hr \/>\n<p class=\"ox-fad78efb11-MsoNormal\"><span style=\"background-color: #000000; color: #ffffff; font-size: 14pt;\"><b>Animations jeu d\u2019\u00e9checs, organis\u00e9es par Lyon Olympique \u00e9checs et la Ville de Lyon<\/b><\/span><b><u><\/u><\/b><\/p>\n<ul>\n<li class=\"ox-fad78efb11-MsoNormal\"><b><u>Les 28,29 et 30 septembre\u00a0 <\/u><\/b><b>de 13 h \u00e0 1 7h. (<\/b>Place Gabriel P\u00e9ri).<\/li>\n<li><b><u>Mercredi 5, vendredi 7 et samedi 8 octobre <\/u><\/b><b>de 15 h \u00e0 19 h (<\/b>place Mazagran)<\/li>\n<\/ul>\n<p class=\"ox-fad78efb11-MsoNormal\"><a tabindex=\"9999\" href=\"https:\/\/lyon-olympique-echecs.com\/cet-ete-les-echecs-sur-les-places-a-lyon\/\" target=\"_blank\" rel=\"noopener\"><span style=\"color: #0000ff;\">https:\/\/lyon-olympique-echecs.com\/cet-ete-les-echecs-sur-les-places-a-lyon\/<\/span><\/a><\/p>\n<hr \/>\n<p class=\"ox-fad78efb11-MsoNormal\"><b><u><span style=\"font-size: 14pt; background-color: #000000; color: #ffffff;\">Vendredi 30 septembre<\/span><\/u><\/b><\/p>\n<ul>\n<li class=\"ox-fad78efb11-MsoNormal\"><b>14 h :<\/b> <b>Marche restitutive \/<\/b> Arpenteuses Urbaines. (Centre social Bonnefoi, 5 rue Bonnefoi).<\/li>\n<\/ul>\n<hr \/>\n<p class=\"ox-fad78efb11-MsoNormal\"><span style=\"background-color: #000000; color: #ffffff; font-size: 14pt;\"><b>Du 30 septembre au 2 octobre<\/b><\/span><\/p>\n<ul>\n<li><b>\u00e0 partir de 14 h<\/b>\u00a0: <b>Le Paddle Sports Show- Testival- <\/b>A pour but de faire d\u00e9couvrir gratuitement le \u00a0Paddle, le Kayak, et le Cano\u00e9. (Parc des Berges).<\/li>\n<\/ul>\n<hr \/>\n<p class=\"ox-fad78efb11-MsoNormal\"><strong><span style=\"background-color: #000000; color: #ffffff; font-size: 14pt;\">Samedi 1\u00b0 octobre<\/span><\/strong><\/p>\n<ul>\n<li><b>Journ\u00e9e<\/b>\u00a0: <b>Brocante de la rue Chevreul \/ <\/b>commer\u00e7ants de la rue.<\/li>\n<li><b>10 h :<\/b> <b>Installation de la girafe Aja<\/b>, \u00e0 l\u2019occasion de la brocante organis\u00e9e par les commer\u00e7ants<\/li>\n<\/ul>\n<p class=\"ox-fad78efb11-MsoNormal\">La sculpture Aja, r\u00e9alis\u00e9e par l\u2019artiste Romain Lardanchet, du collectif Blast, est compos\u00e9e de mat\u00e9riaux de r\u00e9cup\u00e9ration. Elle est gracieusement pr\u00eat\u00e9e \u00e0 la Mairie du 7e qui a rendu possible son exposition dans l\u2019espace public. La batucada Mauvaises graines accompagnera la procession. (Angle des rues Chevreul et Bancel).<\/p>\n<ul>\n<li><b>11 h \u00e0 22 h 30 :<\/b> <b>Festival des Pav\u00e9s<\/b> \/ Fanfare des Pav\u00e9s. D\u00e9jeuner, concert et d\u00e9fil\u00e9 participatif, ateliers peinture et percussions. (Place Mazagran).<\/li>\n<\/ul>\n<p><span style=\"font-size: 14pt; background-color: #000000; color: #ffffff;\"><b>Samedi 1\u00b0 et dimanche 2 octobre<\/b><\/span><\/p>\n<p><b>France Rugby Tour 2023. <\/b>Village rugby avec initiation au rugby, tournois. (Parking du Palais des Sports).<\/p>\n<p class=\"ox-fad78efb11-MsoNormal\"><span style=\"font-size: 14pt; background-color: #000000; color: #ffffff;\"><b>Lundi 3 octobre<\/b><\/span><\/p>\n<ul>\n<li class=\"ox-fad78efb11-MsoNormal\"><strong>\u00e0 <\/strong><b>18 h 30 :<\/b> <b>Assembl\u00e9e g\u00e9n\u00e9rale de l\u2019ADPB- Association de D\u00e9veloppement du Parc Blandan. <\/b>(Maison Ravier, 5 rue Ravier).<\/li>\n<\/ul>\n<hr \/>\n<p class=\"ox-fad78efb11-MsoNormal\"><span style=\"font-size: 14pt; background-color: #000000; color: #ffcc00;\"><b>Du 4 au 10 octobre<\/b>\u00a0: <b>Semaine bleue des seniors<\/b><\/span><\/p>\n<p class=\"ox-fad78efb11-MsoNormal\">Gr\u00e2ce aux associations et acteurs du 7\u00b0, pour cette nouvelle \u00e9dition de la Semaine Bleue il est propos\u00e9 un programme pour tous les go\u00fbts : des balades pour d\u00e9couvrir ou red\u00e9couvrir l\u2019histoire de notre arrondissement, des activit\u00e9s sportives, culturelles, des ateliers de pr\u00e9vention, de bien-\u00eatre ou tout simplement des temps conviviaux.<\/p>\n<p class=\"ox-fad78efb11-MsoNormal\">Programme complet : <a tabindex=\"9999\" href=\"https:\/\/mairie7.lyon.fr\/evenement\/animation\/semaine-bleue-edition-2022\" target=\"_blank\" rel=\"noopener\">https:\/\/mairie7.lyon.fr\/evenement\/animation\/semaine-bleue-edition-2022<\/a><u> \u00a0<\/u><\/p>\n<hr \/>\n<p class=\"ox-fad78efb11-MsoNormal\"><span style=\"background-color: #000000; font-size: 14pt; color: #ffffff;\"><b>Mercredi 5 octobre<\/b><\/span><\/p>\n<ul>\n<li><strong>\u00e0<\/strong> <b>18 h 30 :<\/b> <b>R\u00e9union publique d&rsquo;ouverture de la concertation pr\u00e9alable Passerelle Gerland &#8211; La Saulaie. <\/b>(Centre de la Renaissance &#8211; Salle Colovray &#8211; 7 rue Parmentier \u00e0 Oullins).<\/li>\n<\/ul>\n<p><span style=\"background-color: #000000; color: #ffffff; font-size: 14pt;\"><b>Jeudi 6 octobre<\/b><\/span><\/p>\n<ul>\n<li><strong>\u00e0<\/strong> <b>17 h 30 :<\/b> <b>Rencontre \u00e9ducative du 7\u00b0, <\/b>en pr\u00e9sence des acteurs de l\u2019\u00e9ducation. (Salle des Mariages et du Conseil, Mairie du 7).<\/li>\n<\/ul>\n<p class=\"ox-fad78efb11-MsoNormal\"><span style=\"font-size: 14pt; background-color: #000000; color: #ffffff;\"><b>Samedi 8 octobre<\/b><\/span><\/p>\n<ul>\n<li class=\"ox-fad78efb11-MsoNormal\"><b>de 9h \u00e0 13h\u00a0:<\/b> <b>Collecte solidaire \u00e9co-system \/<\/b>organis\u00e9e par Eco-system et la Mairie du 7. (Place des Pavillons).<\/li>\n<\/ul>\n<p><span style=\"background-color: #000000; color: #ffffff; font-size: 14pt;\"><strong>Dimanche 9 octobre<\/strong><\/span><\/p>\n<ul>\n<li><b>10\u00b0 \u00e9dition de la course contre le cancer \/ <\/b>association Cheer\u2019Up EMLYON. (Parc des Berges).<\/li>\n<\/ul>\n<p class=\"ox-fad78efb11-MsoNormal\"><span style=\"background-color: #000000; color: #ffffff; font-size: 14pt;\"><b>Du 3 au 31 octobre<\/b><\/span><\/p>\n<p class=\"ox-fad78efb11-MsoNormal\"><strong>Exposition des photos des laur\u00e9ats du Marathon photo 2022<\/strong> \/ MJC Jean Mac\u00e9. (Hall du 1\u00b0 \u00e9tage, Mairie du 7).<\/p>\n<hr \/>\n<div id='gallery-1' class='gallery galleryid-164704 gallery-columns-2 gallery-size-thumbnail'><figure class='gallery-item'>\n\t\t\t<div class='gallery-icon landscape'>\n\t\t\t\t<a href='https:\/\/newsestlyonnais.fr\/site\/2022\/09\/27\/lyon-7-les-evenements-au-10-octobre\/france2023_rugbytour_septembre_lyon_p\/'><img loading=\"lazy\" decoding=\"async\" width=\"150\" height=\"85\" src=\"https:\/\/newsestlyonnais.fr\/site\/wp-content\/uploads\/2022\/09\/france2023_rugbytour_septembre_lyon_p-250x141.jpg\" class=\"attachment-thumbnail size-thumbnail\" alt=\"\" srcset=\"https:\/\/newsestlyonnais.fr\/site\/wp-content\/uploads\/2022\/09\/france2023_rugbytour_septembre_lyon_p-250x141.jpg 250w, https:\/\/newsestlyonnais.fr\/site\/wp-content\/uploads\/2022\/09\/france2023_rugbytour_septembre_lyon_p-400x225.jpg 400w, https:\/\/newsestlyonnais.fr\/site\/wp-content\/uploads\/2022\/09\/france2023_rugbytour_septembre_lyon_p-650x366.jpg 650w, https:\/\/newsestlyonnais.fr\/site\/wp-content\/uploads\/2022\/09\/france2023_rugbytour_septembre_lyon_p-150x84.jpg 150w, https:\/\/newsestlyonnais.fr\/site\/wp-content\/uploads\/2022\/09\/france2023_rugbytour_septembre_lyon_p-50x28.jpg 50w, https:\/\/newsestlyonnais.fr\/site\/wp-content\/uploads\/2022\/09\/france2023_rugbytour_septembre_lyon_p-100x56.jpg 100w, https:\/\/newsestlyonnais.fr\/site\/wp-content\/uploads\/2022\/09\/france2023_rugbytour_septembre_lyon_p-200x113.jpg 200w, https:\/\/newsestlyonnais.fr\/site\/wp-content\/uploads\/2022\/09\/france2023_rugbytour_septembre_lyon_p-300x169.jpg 300w, https:\/\/newsestlyonnais.fr\/site\/wp-content\/uploads\/2022\/09\/france2023_rugbytour_septembre_lyon_p-350x197.jpg 350w, https:\/\/newsestlyonnais.fr\/site\/wp-content\/uploads\/2022\/09\/france2023_rugbytour_septembre_lyon_p-450x253.jpg 450w, https:\/\/newsestlyonnais.fr\/site\/wp-content\/uploads\/2022\/09\/france2023_rugbytour_septembre_lyon_p-500x281.jpg 500w, https:\/\/newsestlyonnais.fr\/site\/wp-content\/uploads\/2022\/09\/france2023_rugbytour_septembre_lyon_p-550x310.jpg 550w, https:\/\/newsestlyonnais.fr\/site\/wp-content\/uploads\/2022\/09\/france2023_rugbytour_septembre_lyon_p.jpg 700w\" sizes=\"auto, (max-width: 150px) 100vw, 150px\" \/><\/a>\n\t\t\t<\/div><\/figure><figure class='gallery-item'>\n\t\t\t<div class='gallery-icon portrait'>\n\t\t\t\t<a href='https:\/\/newsestlyonnais.fr\/site\/events\/lyon-7-brocante-chevreul-5\/newsestlyonnais-broc-chevereul-22\/'><img loading=\"lazy\" decoding=\"async\" width=\"106\" height=\"150\" src=\"https:\/\/newsestlyonnais.fr\/site\/wp-content\/uploads\/2022\/08\/NEWSESTLYONNAIS-BROC-CHEVEREUL-22-250x354.jpg\" class=\"attachment-thumbnail size-thumbnail\" alt=\"\" srcset=\"https:\/\/newsestlyonnais.fr\/site\/wp-content\/uploads\/2022\/08\/NEWSESTLYONNAIS-BROC-CHEVEREUL-22-250x354.jpg 250w, https:\/\/newsestlyonnais.fr\/site\/wp-content\/uploads\/2022\/08\/NEWSESTLYONNAIS-BROC-CHEVEREUL-22-400x566.jpg 400w, https:\/\/newsestlyonnais.fr\/site\/wp-content\/uploads\/2022\/08\/NEWSESTLYONNAIS-BROC-CHEVEREUL-22-150x212.jpg 150w, https:\/\/newsestlyonnais.fr\/site\/wp-content\/uploads\/2022\/08\/NEWSESTLYONNAIS-BROC-CHEVEREUL-22-50x71.jpg 50w, https:\/\/newsestlyonnais.fr\/site\/wp-content\/uploads\/2022\/08\/NEWSESTLYONNAIS-BROC-CHEVEREUL-22-100x142.jpg 100w, https:\/\/newsestlyonnais.fr\/site\/wp-content\/uploads\/2022\/08\/NEWSESTLYONNAIS-BROC-CHEVEREUL-22-200x283.jpg 200w, https:\/\/newsestlyonnais.fr\/site\/wp-content\/uploads\/2022\/08\/NEWSESTLYONNAIS-BROC-CHEVEREUL-22-300x425.jpg 300w, https:\/\/newsestlyonnais.fr\/site\/wp-content\/uploads\/2022\/08\/NEWSESTLYONNAIS-BROC-CHEVEREUL-22-350x496.jpg 350w, https:\/\/newsestlyonnais.fr\/site\/wp-content\/uploads\/2022\/08\/NEWSESTLYONNAIS-BROC-CHEVEREUL-22-450x637.jpg 450w, https:\/\/newsestlyonnais.fr\/site\/wp-content\/uploads\/2022\/08\/NEWSESTLYONNAIS-BROC-CHEVEREUL-22-500x708.jpg 500w, https:\/\/newsestlyonnais.fr\/site\/wp-content\/uploads\/2022\/08\/NEWSESTLYONNAIS-BROC-CHEVEREUL-22-550x779.jpg 550w, https:\/\/newsestlyonnais.fr\/site\/wp-content\/uploads\/2022\/08\/NEWSESTLYONNAIS-BROC-CHEVEREUL-22.jpg 565w\" sizes=\"auto, (max-width: 106px) 100vw, 106px\" \/><\/a>\n\t\t\t<\/div><\/figure>\n\t\t<\/div>\n\n<hr \/>\n<p><span style=\"background-color: #000000; font-size: 14pt;\"><strong><span style=\"color: #ffffff;\">&gt;&gt; Toute l\u2019ACTU de l\u2019arrondissement sur :<\/span> <\/strong><span style=\"color: #ffcc00;\"><a style=\"background-color: #000000; color: #ffcc00;\" href=\"https:\/\/mairie7.lyon.fr\" target=\"_blank\" rel=\"noreferrer noopener\"><strong>https:\/\/mairie7.lyon.fr<\/strong><\/a><\/span><\/span><\/p>\n","protected":false},"excerpt":{"rendered":"<p>Plusieurs programmations sur l\u2019arrondissement jusqu&rsquo;\u00e0 cette date.<\/p>\n","protected":false},"author":4,"featured_media":89773,"comment_status":"open","ping_status":"open","sticky":false,"template":"","format":"standard","meta":{"footnotes":""},"categories":[1625],"tags":[1991,2077],"class_list":["post-164704","post","type-post","status-publish","format-standard","has-post-thumbnail","hentry","category-lyon","tag-agenda","tag-lyon"],"yoast_head":"<!-- This site is optimized with the Yoast SEO plugin v27.2 - https:\/\/yoast.com\/product\/yoast-seo-wordpress\/ -->\n<title>LYON 7 | Les \u00e9v\u00e8nements au 10 octobre - News Est Lyonnais<\/title>\n<meta name=\"description\" content=\"LYON 7 | Les \u00e9v\u00e8nements au 10 octobre\" \/>\n<meta name=\"robots\" content=\"index, follow, max-snippet:-1, max-image-preview:large, max-video-preview:-1\" \/>\n<link rel=\"canonical\" href=\"https:\/\/newsestlyonnais.fr\/site\/2022\/09\/27\/lyon-7-les-evenements-au-10-octobre\/\" \/>\n<meta property=\"og:locale\" content=\"fr_FR\" \/>\n<meta property=\"og:type\" content=\"article\" \/>\n<meta property=\"og:title\" content=\"LYON 7 | Les \u00e9v\u00e8nements au 10 octobre - News Est Lyonnais\" \/>\n<meta property=\"og:description\" content=\"LYON 7 | Les \u00e9v\u00e8nements au 10 octobre\" \/>\n<meta property=\"og:url\" content=\"https:\/\/newsestlyonnais.fr\/site\/2022\/09\/27\/lyon-7-les-evenements-au-10-octobre\/\" \/>\n<meta property=\"og:site_name\" content=\"News Est Lyonnais\" \/>\n<meta property=\"article:author\" content=\"https:\/\/www.facebook.com\/pascal.oberson.1?fref=ts\" \/>\n<meta property=\"article:published_time\" content=\"2022-09-27T13:25:06+00:00\" \/>\n<meta property=\"article:modified_time\" content=\"2022-10-17T04:38:01+00:00\" \/>\n<meta property=\"og:image\" content=\"https:\/\/newsestlyonnais.fr\/site\/wp-content\/uploads\/2019\/11\/NEWSESTLYONNAIS-MAIRIE-LYON7.jpg\" \/>\n\t<meta property=\"og:image:width\" content=\"1200\" \/>\n\t<meta property=\"og:image:height\" content=\"800\" \/>\n\t<meta property=\"og:image:type\" content=\"image\/jpeg\" \/>\n<meta name=\"author\" content=\"R\u00e9dac. NEWS\" \/>\n<meta name=\"twitter:card\" content=\"summary_large_image\" \/>\n<meta name=\"twitter:label1\" content=\"\u00c9crit par\" \/>\n\t<meta name=\"twitter:data1\" content=\"R\u00e9dac. NEWS\" \/>\n\t<meta name=\"twitter:label2\" content=\"Dur\u00e9e de lecture estim\u00e9e\" \/>\n\t<meta name=\"twitter:data2\" content=\"4 minutes\" \/>\n<script type=\"application\/ld+json\" class=\"yoast-schema-graph\">{\"@context\":\"https:\/\/schema.org\",\"@graph\":[{\"@type\":\"Article\",\"@id\":\"https:\/\/newsestlyonnais.fr\/site\/2022\/09\/27\/lyon-7-les-evenements-au-10-octobre\/#article\",\"isPartOf\":{\"@id\":\"https:\/\/newsestlyonnais.fr\/site\/2022\/09\/27\/lyon-7-les-evenements-au-10-octobre\/\"},\"author\":{\"name\":\"R\u00e9dac. NEWS\",\"@id\":\"https:\/\/newsestlyonnais.fr\/site\/#\/schema\/person\/3230d5615f390bb808365d673001e887\"},\"headline\":\"LYON 7 | Les \u00e9v\u00e8nements au 10 octobre\",\"datePublished\":\"2022-09-27T13:25:06+00:00\",\"dateModified\":\"2022-10-17T04:38:01+00:00\",\"mainEntityOfPage\":{\"@id\":\"https:\/\/newsestlyonnais.fr\/site\/2022\/09\/27\/lyon-7-les-evenements-au-10-octobre\/\"},\"wordCount\":723,\"commentCount\":0,\"publisher\":{\"@id\":\"https:\/\/newsestlyonnais.fr\/site\/#organization\"},\"image\":{\"@id\":\"https:\/\/newsestlyonnais.fr\/site\/2022\/09\/27\/lyon-7-les-evenements-au-10-octobre\/#primaryimage\"},\"thumbnailUrl\":\"https:\/\/newsestlyonnais.fr\/site\/wp-content\/uploads\/2019\/11\/NEWSESTLYONNAIS-MAIRIE-LYON7.jpg\",\"keywords\":[\"AGENDA\",\"LYON\"],\"articleSection\":[\"Lyon\"],\"inLanguage\":\"fr-FR\",\"potentialAction\":[{\"@type\":\"CommentAction\",\"name\":\"Comment\",\"target\":[\"https:\/\/newsestlyonnais.fr\/site\/2022\/09\/27\/lyon-7-les-evenements-au-10-octobre\/#respond\"]}]},{\"@type\":\"WebPage\",\"@id\":\"https:\/\/newsestlyonnais.fr\/site\/2022\/09\/27\/lyon-7-les-evenements-au-10-octobre\/\",\"url\":\"https:\/\/newsestlyonnais.fr\/site\/2022\/09\/27\/lyon-7-les-evenements-au-10-octobre\/\",\"name\":\"LYON 7 | Les \u00e9v\u00e8nements au 10 octobre - News Est Lyonnais\",\"isPartOf\":{\"@id\":\"https:\/\/newsestlyonnais.fr\/site\/#website\"},\"primaryImageOfPage\":{\"@id\":\"https:\/\/newsestlyonnais.fr\/site\/2022\/09\/27\/lyon-7-les-evenements-au-10-octobre\/#primaryimage\"},\"image\":{\"@id\":\"https:\/\/newsestlyonnais.fr\/site\/2022\/09\/27\/lyon-7-les-evenements-au-10-octobre\/#primaryimage\"},\"thumbnailUrl\":\"https:\/\/newsestlyonnais.fr\/site\/wp-content\/uploads\/2019\/11\/NEWSESTLYONNAIS-MAIRIE-LYON7.jpg\",\"datePublished\":\"2022-09-27T13:25:06+00:00\",\"dateModified\":\"2022-10-17T04:38:01+00:00\",\"description\":\"LYON 7 | Les \u00e9v\u00e8nements au 10 octobre\",\"breadcrumb\":{\"@id\":\"https:\/\/newsestlyonnais.fr\/site\/2022\/09\/27\/lyon-7-les-evenements-au-10-octobre\/#breadcrumb\"},\"inLanguage\":\"fr-FR\",\"potentialAction\":[{\"@type\":\"ReadAction\",\"target\":[\"https:\/\/newsestlyonnais.fr\/site\/2022\/09\/27\/lyon-7-les-evenements-au-10-octobre\/\"]}]},{\"@type\":\"ImageObject\",\"inLanguage\":\"fr-FR\",\"@id\":\"https:\/\/newsestlyonnais.fr\/site\/2022\/09\/27\/lyon-7-les-evenements-au-10-octobre\/#primaryimage\",\"url\":\"https:\/\/newsestlyonnais.fr\/site\/wp-content\/uploads\/2019\/11\/NEWSESTLYONNAIS-MAIRIE-LYON7.jpg\",\"contentUrl\":\"https:\/\/newsestlyonnais.fr\/site\/wp-content\/uploads\/2019\/11\/NEWSESTLYONNAIS-MAIRIE-LYON7.jpg\",\"width\":1200,\"height\":800},{\"@type\":\"BreadcrumbList\",\"@id\":\"https:\/\/newsestlyonnais.fr\/site\/2022\/09\/27\/lyon-7-les-evenements-au-10-octobre\/#breadcrumb\",\"itemListElement\":[{\"@type\":\"ListItem\",\"position\":1,\"name\":\"Accueil\",\"item\":\"https:\/\/newsestlyonnais.fr\/site\/\"},{\"@type\":\"ListItem\",\"position\":2,\"name\":\"LYON 7 | Les \u00e9v\u00e8nements au 10 octobre\"}]},{\"@type\":\"WebSite\",\"@id\":\"https:\/\/newsestlyonnais.fr\/site\/#website\",\"url\":\"https:\/\/newsestlyonnais.fr\/site\/\",\"name\":\"News Est Lyonnais\",\"description\":\"L&#039;actualit\u00e9 au plus pr\u00e8s\",\"publisher\":{\"@id\":\"https:\/\/newsestlyonnais.fr\/site\/#organization\"},\"potentialAction\":[{\"@type\":\"SearchAction\",\"target\":{\"@type\":\"EntryPoint\",\"urlTemplate\":\"https:\/\/newsestlyonnais.fr\/site\/?s={search_term_string}\"},\"query-input\":{\"@type\":\"PropertyValueSpecification\",\"valueRequired\":true,\"valueName\":\"search_term_string\"}}],\"inLanguage\":\"fr-FR\"},{\"@type\":\"Organization\",\"@id\":\"https:\/\/newsestlyonnais.fr\/site\/#organization\",\"name\":\"News EST LYONNAIS\",\"url\":\"https:\/\/newsestlyonnais.fr\/site\/\",\"logo\":{\"@type\":\"ImageObject\",\"inLanguage\":\"fr-FR\",\"@id\":\"https:\/\/newsestlyonnais.fr\/site\/#\/schema\/logo\/image\/\",\"url\":\"\",\"contentUrl\":\"\",\"caption\":\"News EST LYONNAIS\"},\"image\":{\"@id\":\"https:\/\/newsestlyonnais.fr\/site\/#\/schema\/logo\/image\/\"}},{\"@type\":\"Person\",\"@id\":\"https:\/\/newsestlyonnais.fr\/site\/#\/schema\/person\/3230d5615f390bb808365d673001e887\",\"name\":\"R\u00e9dac. NEWS\",\"sameAs\":[\"http:\/\/www.newsestlyonnais.fr\",\"https:\/\/www.facebook.com\/pascal.oberson.1?fref=ts\",\"https:\/\/fr.linkedin.com\/in\/pascal-oberson-b17045113\"],\"url\":\"https:\/\/newsestlyonnais.fr\/site\/author\/nel\/\"}]}<\/script>\n<!-- \/ Yoast SEO plugin. -->","yoast_head_json":{"title":"LYON 7 | Les \u00e9v\u00e8nements au 10 octobre - News Est Lyonnais","description":"LYON 7 | Les \u00e9v\u00e8nements au 10 octobre","robots":{"index":"index","follow":"follow","max-snippet":"max-snippet:-1","max-image-preview":"max-image-preview:large","max-video-preview":"max-video-preview:-1"},"canonical":"https:\/\/newsestlyonnais.fr\/site\/2022\/09\/27\/lyon-7-les-evenements-au-10-octobre\/","og_locale":"fr_FR","og_type":"article","og_title":"LYON 7 | Les \u00e9v\u00e8nements au 10 octobre - News Est Lyonnais","og_description":"LYON 7 | Les \u00e9v\u00e8nements au 10 octobre","og_url":"https:\/\/newsestlyonnais.fr\/site\/2022\/09\/27\/lyon-7-les-evenements-au-10-octobre\/","og_site_name":"News Est Lyonnais","article_author":"https:\/\/www.facebook.com\/pascal.oberson.1?fref=ts","article_published_time":"2022-09-27T13:25:06+00:00","article_modified_time":"2022-10-17T04:38:01+00:00","og_image":[{"width":1200,"height":800,"url":"https:\/\/newsestlyonnais.fr\/site\/wp-content\/uploads\/2019\/11\/NEWSESTLYONNAIS-MAIRIE-LYON7.jpg","type":"image\/jpeg"}],"author":"R\u00e9dac. NEWS","twitter_card":"summary_large_image","twitter_misc":{"\u00c9crit par":"R\u00e9dac. NEWS","Dur\u00e9e de lecture estim\u00e9e":"4 minutes"},"schema":{"@context":"https:\/\/schema.org","@graph":[{"@type":"Article","@id":"https:\/\/newsestlyonnais.fr\/site\/2022\/09\/27\/lyon-7-les-evenements-au-10-octobre\/#article","isPartOf":{"@id":"https:\/\/newsestlyonnais.fr\/site\/2022\/09\/27\/lyon-7-les-evenements-au-10-octobre\/"},"author":{"name":"R\u00e9dac. NEWS","@id":"https:\/\/newsestlyonnais.fr\/site\/#\/schema\/person\/3230d5615f390bb808365d673001e887"},"headline":"LYON 7 | Les \u00e9v\u00e8nements au 10 octobre","datePublished":"2022-09-27T13:25:06+00:00","dateModified":"2022-10-17T04:38:01+00:00","mainEntityOfPage":{"@id":"https:\/\/newsestlyonnais.fr\/site\/2022\/09\/27\/lyon-7-les-evenements-au-10-octobre\/"},"wordCount":723,"commentCount":0,"publisher":{"@id":"https:\/\/newsestlyonnais.fr\/site\/#organization"},"image":{"@id":"https:\/\/newsestlyonnais.fr\/site\/2022\/09\/27\/lyon-7-les-evenements-au-10-octobre\/#primaryimage"},"thumbnailUrl":"https:\/\/newsestlyonnais.fr\/site\/wp-content\/uploads\/2019\/11\/NEWSESTLYONNAIS-MAIRIE-LYON7.jpg","keywords":["AGENDA","LYON"],"articleSection":["Lyon"],"inLanguage":"fr-FR","potentialAction":[{"@type":"CommentAction","name":"Comment","target":["https:\/\/newsestlyonnais.fr\/site\/2022\/09\/27\/lyon-7-les-evenements-au-10-octobre\/#respond"]}]},{"@type":"WebPage","@id":"https:\/\/newsestlyonnais.fr\/site\/2022\/09\/27\/lyon-7-les-evenements-au-10-octobre\/","url":"https:\/\/newsestlyonnais.fr\/site\/2022\/09\/27\/lyon-7-les-evenements-au-10-octobre\/","name":"LYON 7 | Les \u00e9v\u00e8nements au 10 octobre - News Est Lyonnais","isPartOf":{"@id":"https:\/\/newsestlyonnais.fr\/site\/#website"},"primaryImageOfPage":{"@id":"https:\/\/newsestlyonnais.fr\/site\/2022\/09\/27\/lyon-7-les-evenements-au-10-octobre\/#primaryimage"},"image":{"@id":"https:\/\/newsestlyonnais.fr\/site\/2022\/09\/27\/lyon-7-les-evenements-au-10-octobre\/#primaryimage"},"thumbnailUrl":"https:\/\/newsestlyonnais.fr\/site\/wp-content\/uploads\/2019\/11\/NEWSESTLYONNAIS-MAIRIE-LYON7.jpg","datePublished":"2022-09-27T13:25:06+00:00","dateModified":"2022-10-17T04:38:01+00:00","description":"LYON 7 | Les \u00e9v\u00e8nements au 10 octobre","breadcrumb":{"@id":"https:\/\/newsestlyonnais.fr\/site\/2022\/09\/27\/lyon-7-les-evenements-au-10-octobre\/#breadcrumb"},"inLanguage":"fr-FR","potentialAction":[{"@type":"ReadAction","target":["https:\/\/newsestlyonnais.fr\/site\/2022\/09\/27\/lyon-7-les-evenements-au-10-octobre\/"]}]},{"@type":"ImageObject","inLanguage":"fr-FR","@id":"https:\/\/newsestlyonnais.fr\/site\/2022\/09\/27\/lyon-7-les-evenements-au-10-octobre\/#primaryimage","url":"https:\/\/newsestlyonnais.fr\/site\/wp-content\/uploads\/2019\/11\/NEWSESTLYONNAIS-MAIRIE-LYON7.jpg","contentUrl":"https:\/\/newsestlyonnais.fr\/site\/wp-content\/uploads\/2019\/11\/NEWSESTLYONNAIS-MAIRIE-LYON7.jpg","width":1200,"height":800},{"@type":"BreadcrumbList","@id":"https:\/\/newsestlyonnais.fr\/site\/2022\/09\/27\/lyon-7-les-evenements-au-10-octobre\/#breadcrumb","itemListElement":[{"@type":"ListItem","position":1,"name":"Accueil","item":"https:\/\/newsestlyonnais.fr\/site\/"},{"@type":"ListItem","position":2,"name":"LYON 7 | Les \u00e9v\u00e8nements au 10 octobre"}]},{"@type":"WebSite","@id":"https:\/\/newsestlyonnais.fr\/site\/#website","url":"https:\/\/newsestlyonnais.fr\/site\/","name":"News Est Lyonnais","description":"L&#039;actualit\u00e9 au plus pr\u00e8s","publisher":{"@id":"https:\/\/newsestlyonnais.fr\/site\/#organization"},"potentialAction":[{"@type":"SearchAction","target":{"@type":"EntryPoint","urlTemplate":"https:\/\/newsestlyonnais.fr\/site\/?s={search_term_string}"},"query-input":{"@type":"PropertyValueSpecification","valueRequired":true,"valueName":"search_term_string"}}],"inLanguage":"fr-FR"},{"@type":"Organization","@id":"https:\/\/newsestlyonnais.fr\/site\/#organization","name":"News EST LYONNAIS","url":"https:\/\/newsestlyonnais.fr\/site\/","logo":{"@type":"ImageObject","inLanguage":"fr-FR","@id":"https:\/\/newsestlyonnais.fr\/site\/#\/schema\/logo\/image\/","url":"","contentUrl":"","caption":"News EST LYONNAIS"},"image":{"@id":"https:\/\/newsestlyonnais.fr\/site\/#\/schema\/logo\/image\/"}},{"@type":"Person","@id":"https:\/\/newsestlyonnais.fr\/site\/#\/schema\/person\/3230d5615f390bb808365d673001e887","name":"R\u00e9dac. NEWS","sameAs":["http:\/\/www.newsestlyonnais.fr","https:\/\/www.facebook.com\/pascal.oberson.1?fref=ts","https:\/\/fr.linkedin.com\/in\/pascal-oberson-b17045113"],"url":"https:\/\/newsestlyonnais.fr\/site\/author\/nel\/"}]}},"_links":{"self":[{"href":"https:\/\/newsestlyonnais.fr\/site\/wp-json\/wp\/v2\/posts\/164704","targetHints":{"allow":["GET"]}}],"collection":[{"href":"https:\/\/newsestlyonnais.fr\/site\/wp-json\/wp\/v2\/posts"}],"about":[{"href":"https:\/\/newsestlyonnais.fr\/site\/wp-json\/wp\/v2\/types\/post"}],"author":[{"embeddable":true,"href":"https:\/\/newsestlyonnais.fr\/site\/wp-json\/wp\/v2\/users\/4"}],"replies":[{"embeddable":true,"href":"https:\/\/newsestlyonnais.fr\/site\/wp-json\/wp\/v2\/comments?post=164704"}],"version-history":[{"count":0,"href":"https:\/\/newsestlyonnais.fr\/site\/wp-json\/wp\/v2\/posts\/164704\/revisions"}],"wp:featuredmedia":[{"embeddable":true,"href":"https:\/\/newsestlyonnais.fr\/site\/wp-json\/wp\/v2\/media\/89773"}],"wp:attachment":[{"href":"https:\/\/newsestlyonnais.fr\/site\/wp-json\/wp\/v2\/media?parent=164704"}],"wp:term":[{"taxonomy":"category","embeddable":true,"href":"https:\/\/newsestlyonnais.fr\/site\/wp-json\/wp\/v2\/categories?post=164704"},{"taxonomy":"post_tag","embeddable":true,"href":"https:\/\/newsestlyonnais.fr\/site\/wp-json\/wp\/v2\/tags?post=164704"}],"curies":[{"name":"wp","href":"https:\/\/api.w.org\/{rel}","templated":true}]}}