{"id":164817,"date":"2022-09-26T08:27:27","date_gmt":"2022-09-26T07:27:27","guid":{"rendered":"https:\/\/newsestlyonnais.fr\/site\/?p=164817"},"modified":"2022-10-05T05:58:52","modified_gmt":"2022-10-05T04:58:52","slug":"genas-lesga-badminton-souffle-ce-samedi-ses-30-bougies","status":"publish","type":"post","link":"https:\/\/newsestlyonnais.fr\/site\/2022\/09\/26\/genas-lesga-badminton-souffle-ce-samedi-ses-30-bougies\/","title":{"rendered":"GENAS | L&rsquo;ESGA badminton souffle ce samedi ses 30 bougies"},"content":{"rendered":"<p><span style=\"color: #ffffff; font-size: 14pt; background-color: #000000;\"><strong>Depuis quand \u00eates-vous au bureau et \u00e0 la pr\u00e9sidence ?<\/strong><\/span><\/p>\n<p><img loading=\"lazy\" decoding=\"async\" class=\"wp-image-164860 size-thumbnail alignleft\" src=\"https:\/\/newsestlyonnais.fr\/site\/wp-content\/uploads\/2022\/09\/NEWSESTLYONNAIS-PTE-ESGA-BAD-250x301.jpg\" alt=\"\" width=\"125\" height=\"150\" srcset=\"https:\/\/newsestlyonnais.fr\/site\/wp-content\/uploads\/2022\/09\/NEWSESTLYONNAIS-PTE-ESGA-BAD-250x301.jpg 250w, https:\/\/newsestlyonnais.fr\/site\/wp-content\/uploads\/2022\/09\/NEWSESTLYONNAIS-PTE-ESGA-BAD-150x181.jpg 150w, https:\/\/newsestlyonnais.fr\/site\/wp-content\/uploads\/2022\/09\/NEWSESTLYONNAIS-PTE-ESGA-BAD-50x60.jpg 50w, https:\/\/newsestlyonnais.fr\/site\/wp-content\/uploads\/2022\/09\/NEWSESTLYONNAIS-PTE-ESGA-BAD-100x121.jpg 100w, https:\/\/newsestlyonnais.fr\/site\/wp-content\/uploads\/2022\/09\/NEWSESTLYONNAIS-PTE-ESGA-BAD-200x241.jpg 200w, https:\/\/newsestlyonnais.fr\/site\/wp-content\/uploads\/2022\/09\/NEWSESTLYONNAIS-PTE-ESGA-BAD-300x362.jpg 300w, https:\/\/newsestlyonnais.fr\/site\/wp-content\/uploads\/2022\/09\/NEWSESTLYONNAIS-PTE-ESGA-BAD.jpg 346w\" sizes=\"auto, (max-width: 125px) 100vw, 125px\" \/>\u00a0\u00bb Je suis au bureau depuis mon inscription au club en septembre 2020 et je ne suis pr\u00e9sidente que depuis cette nouvelle saison.<\/p>\n<p>J\u2019ai d\u00e9couvert le badminton en septembre 2009, gr\u00e2ce \u00e0 des coll\u00e8gues de travail et j\u2019ai longtemps jou\u00e9 en salle priv\u00e9e. Je me suis inscrite en club depuis 2013 et je me suis impliqu\u00e9e en tant que b\u00e9n\u00e9vole dans mon second club en 2014. J\u2019ai eu plusieurs r\u00f4les notamment responsable communication, responsable des inscriptions aux tournois, secr\u00e9taire, co-pr\u00e9sidente. J\u2019ai \u00e9galement \u00e9t\u00e9 capitaine d\u2019une \u00e9quipe d\u2019interclubs v\u00e9t\u00e9rans en cr\u00e9ant la seconde \u00e9quipe de mon ancien club.<\/p>\n<p>Apr\u00e8s un changement de lieu de travail mais surtout <strong>en ayant rencontr\u00e9 de tr\u00e8s sympathiques joueurs du club sur des tournois, j\u2019ai d\u00e9cid\u00e9 de rejoindre l\u2019ESGA badminton<\/strong>. J\u2019ai pris la fonction de secr\u00e9taire l\u2019ann\u00e9e de mon arriv\u00e9e, ai pris la charge des licenciations des adh\u00e9rents la seconde ann\u00e9e <strong>et me voil\u00e0 avec la fonction de pr\u00e9sidente pour cette nouvelle saison\u00a0\u00bb .<\/strong><\/p>\n<p><span style=\"background-color: #000000; color: #ffffff; font-size: 14pt;\"><strong>Vous jouez \u00e9galement et \u00e0 quel niveau ?<\/strong><\/span><\/p>\n<p>\u00a0\u00bb <strong>J\u2019ai un niveau D9-D8, je joue un peu sur les 3 tableaux mais j&rsquo;ai surtout fait du double dames<\/strong>\u00a0\u00bb .<\/p>\n<hr \/>\n<p><span style=\"background-color: #000000; color: #ffffff; font-size: 14pt;\"><strong>Concernant le club, o\u00f9 en est son effectif ?<\/strong><\/span><\/p>\n<p>\u00a0\u00bb <strong>L\u2019effectif depuis la saison 2012 est en moyenne de 151 adh\u00e9rents<\/strong>. La saison ayant connu le plus grand nombre de licenci\u00e9s est celle de 2016-2017 avec 178 joueurs et la plus faible est celle de 2020-2021 avec 102 joueurs.<\/p>\n<p>Nous esp\u00e9rons pour cette nouvelle saison <strong>avoir au moins autant d\u2019adh\u00e9rents que la saison derni\u00e8re soit 142 licenci\u00e9s<\/strong>, et avoir au moins la m\u00eame r\u00e9partition de jeunes (33%)\u00a0\u00bb .<\/p>\n<p><span style=\"background-color: #000000; color: #ffffff; font-size: 14pt;\"><strong>Quelles activit\u00e9s proposez-vous, en loisir, en comp\u00e9tition ?<\/strong><\/span><\/p>\n<p>\u00a0\u00bb C\u2019est un peu sch\u00e9matique mais nos cr\u00e9neaux loisirs sont les lundis avec une 1 h de cours, anim\u00e9e par deux joueurs b\u00e9n\u00e9voles du club et les mardis sont d\u00e9di\u00e9s \u00e0 des joueurs plus confirm\u00e9s avec une 1 h 30 anim\u00e9e par un coach sportif dipl\u00f4m\u00e9. Le vendredi sur 2 h 30 et le dimanche sur 2 h c\u2019est jeu libre avec un mixte de joueurs mais aussi d\u2019\u00e2ge, les jeunes de plus de 12 ans pouvant se m\u00ealer aux adultes leur permettant de se confronter avec d\u2019autres niveaux.<\/p>\n<p>Nous avons \u00e9galement deux cr\u00e9neaux le mardi pour les jeunes : 1 h pour les 6-12 ans et 1 h 30 pour les 12-18 ans.<\/p>\n<p><strong>Nous avons 3 \u00e9v\u00e8nements phares dans l\u2019ann\u00e9e<\/strong>, 2 en interne afin de permettre \u00e0 nos adh\u00e9rents de se rencontrer au-del\u00e0 de leurs cr\u00e9neaux respectifs et associant \u00e9galement les familles avec le tournoi de la galette courant janvier et notre tournoi de fin de saison.<\/p>\n<p><strong>L\u2019autre \u00e9v\u00e9nement est un tournoi national v\u00e9t\u00e9rans<\/strong> (+ de 35 ans en badminton) qui se d\u00e9roulera sur cette nouvelle saison en juin 2023&Prime; .<\/p>\n<hr \/>\n<p><span style=\"background-color: #000000; color: #ffffff; font-size: 14pt;\"><strong>Un petit bilan sportif de la derni\u00e8re saison ?<\/strong><\/span><\/p>\n<p>\u00a0\u00bb Au niveau sportif, sur la saison derni\u00e8re, <strong>28% de nos jeunes joueurs se sont essay\u00e9s \u00e0 la comp\u00e9tition et 29% de notre population adultes<\/strong>. Nous avons eu<strong> 157 inscriptions d\u2019adultes sur des tournois avec des beaux r\u00e9sultats : 24 victoires et 18 finales.<\/strong><\/p>\n<p>Nous avions <strong>4 \u00e9quipes engag\u00e9s sur des interclubs <\/strong>: 2 en promotion (senior et v\u00e9t\u00e9rans avec un niveau D9 maximum) et 2 en \u00e9lite (senior et v\u00e9t\u00e9ran). J\u2019ai <strong>une tr\u00e8s belle fiert\u00e9 de capitaine<\/strong> avec une \u00e9quipe constitu\u00e9e difficilement (les blessures en d\u00e9but de saison) et qui a pu fonctionner avec le d\u00e9pannage de joueurs non titulaires : nous avons fini premiers de notre poule mais n\u2019avons pas r\u00e9ussi \u00e0 franchir les barrages afin d\u2019acc\u00e9der au niveau sup\u00e9rieur\u00a0\u00bb .<\/p>\n<p><span style=\"background-color: #000000; color: #ffffff; font-size: 14pt;\"><strong>Quels sont les projets du club ?<\/strong><\/span><\/p>\n<p>\u00a0\u00bb <strong>Nous n\u2019avons pas de projet club \u00e0 proprement parler<\/strong>. Apr\u00e8s 2 ann\u00e9es ayant connu deux pr\u00e9sidents diff\u00e9rents et le d\u00e9part de deux entra\u00eeneurs historiques, notre but est surtout de mettre en place un projet club qui permette de faire de la place \u00e0 toutes nos populations : jeunes \/ adultes et loisirs \/ confirm\u00e9s.<\/p>\n<p>Nous proposerons notamment de mettre en place des stages d\u2019une journ\u00e9e \u00e0 l\u2019attention des jeunes pendant les vacances d\u2019hiver et de printemps. Afin de faire progresser les \u00e9quipes d\u2019interclubs, nous essayerons de mettre en place des entra\u00eenements sp\u00e9cifiques \u00e0 l\u2019attention de ces joueurs\u00a0\u00bb .<\/p>\n<hr \/>\n<p><span style=\"background-color: #000000; color: #ffffff; font-size: 14pt;\"><strong>Pour annoncer les 30 ans du club, un petit historique <\/strong><\/span><span style=\"background-color: #000000; color: #ffffff; font-size: 14pt;\"><strong>?<br \/>\n<\/strong><\/span><\/p>\n<p>\u00a0\u00bb <strong>Concernant l\u2019anniversaire,<\/strong> j\u2019ai fait appel \u00e0 des personnes pr\u00e9sentes depuis plus longtemps que moi :<\/p>\n<p>\u00ab <strong>Le club de Badminton de Genas est n\u00e9 en 1992 \u00e0 partir d\u2019un d\u00e9fi lanc\u00e9 entre voisins de la rue Vauban<\/strong>, passionn\u00e9s par ce sport de raquettes avec volant, peu co\u00fbteux en pratique et en investissement. <strong>Le hasard veut que 1992 est \u00e9galement l\u2019ann\u00e9e o\u00f9 le badminton est devenu un sport olympique.<\/strong><\/p>\n<p><strong>D\u00e8s la premi\u00e8re saison sportive, ces b\u00e9n\u00e9voles trouv\u00e8rent \u00e0 entra\u00eener une trentaine d\u2019adh\u00e9rents<\/strong> dans un seul cr\u00e9neau hebdomadaire le vendredi soir. Quelques ann\u00e9es plus tard, une section \u00ab jeunes \u00bb a \u00e9t\u00e9 cr\u00e9\u00e9e, avec am\u00e9nagement d\u2019un second cr\u00e9neau d\u2019entrainement le mardi apr\u00e8s-midi. \u200b<\/p>\n<p>Les effectifs ont continu\u00e9 \u00e0 augmenter, avec de premiers r\u00e9sultats en comp\u00e9titions. Apr\u00e8s la qualification d\u2019\u00e9quipes seniors en championnat d\u00e9partemental, la ville de Genas a ouvert de nouveaux cr\u00e9neaux d\u2019entrainement pour le badminton. Puis, un entraineur professionnel est venu renforcer l\u2019\u00e9quipe des entraineurs b\u00e9n\u00e9voles \u00ab\u00a0.<\/p>\n<p><span style=\"color: #ffffff; font-size: 14pt; background-color: #000000;\"><strong>Et en conclusion, une devise ou valeur du club ?<\/strong><\/span><\/p>\n<p><strong>\u00a0\u00bb La devise du club : plaisir et convivialit\u00e9\u00a0\u00bb .<\/strong><\/p>\n<hr \/>\n<ul>\n<li><a href=\"https:\/\/badminton-genas.sportsregions.fr\/\"><span style=\"background-color: #000000; color: #ffcc00;\"><strong><span style=\"font-size: 14pt;\">Toute l&rsquo;ACTU de l&rsquo;ESGA Bad<\/span> <\/strong><\/span><\/a><\/li>\n<\/ul>\n<hr \/>\n<div id='gallery-1' class='gallery galleryid-164817 gallery-columns-2 gallery-size-thumbnail'><figure class='gallery-item'>\n\t\t\t<div class='gallery-icon portrait'>\n\t\t\t\t<a href='https:\/\/newsestlyonnais.fr\/site\/2022\/09\/26\/genas-lesga-badminton-souffle-ce-samedi-ses-30-bougies\/newsestlyonnais-30-ans-esga-bad\/'><img loading=\"lazy\" decoding=\"async\" width=\"106\" height=\"150\" src=\"https:\/\/newsestlyonnais.fr\/site\/wp-content\/uploads\/2022\/09\/NEWSESTLYONNAIS-30-ANS-ESGA-BAD-250x354.jpg\" class=\"attachment-thumbnail size-thumbnail\" alt=\"\" srcset=\"https:\/\/newsestlyonnais.fr\/site\/wp-content\/uploads\/2022\/09\/NEWSESTLYONNAIS-30-ANS-ESGA-BAD-250x354.jpg 250w, https:\/\/newsestlyonnais.fr\/site\/wp-content\/uploads\/2022\/09\/NEWSESTLYONNAIS-30-ANS-ESGA-BAD-400x566.jpg 400w, https:\/\/newsestlyonnais.fr\/site\/wp-content\/uploads\/2022\/09\/NEWSESTLYONNAIS-30-ANS-ESGA-BAD-650x920.jpg 650w, https:\/\/newsestlyonnais.fr\/site\/wp-content\/uploads\/2022\/09\/NEWSESTLYONNAIS-30-ANS-ESGA-BAD-768x1087.jpg 768w, https:\/\/newsestlyonnais.fr\/site\/wp-content\/uploads\/2022\/09\/NEWSESTLYONNAIS-30-ANS-ESGA-BAD-150x212.jpg 150w, https:\/\/newsestlyonnais.fr\/site\/wp-content\/uploads\/2022\/09\/NEWSESTLYONNAIS-30-ANS-ESGA-BAD-50x71.jpg 50w, https:\/\/newsestlyonnais.fr\/site\/wp-content\/uploads\/2022\/09\/NEWSESTLYONNAIS-30-ANS-ESGA-BAD-100x142.jpg 100w, https:\/\/newsestlyonnais.fr\/site\/wp-content\/uploads\/2022\/09\/NEWSESTLYONNAIS-30-ANS-ESGA-BAD-200x283.jpg 200w, https:\/\/newsestlyonnais.fr\/site\/wp-content\/uploads\/2022\/09\/NEWSESTLYONNAIS-30-ANS-ESGA-BAD-300x425.jpg 300w, https:\/\/newsestlyonnais.fr\/site\/wp-content\/uploads\/2022\/09\/NEWSESTLYONNAIS-30-ANS-ESGA-BAD-350x495.jpg 350w, https:\/\/newsestlyonnais.fr\/site\/wp-content\/uploads\/2022\/09\/NEWSESTLYONNAIS-30-ANS-ESGA-BAD-450x637.jpg 450w, https:\/\/newsestlyonnais.fr\/site\/wp-content\/uploads\/2022\/09\/NEWSESTLYONNAIS-30-ANS-ESGA-BAD-500x708.jpg 500w, https:\/\/newsestlyonnais.fr\/site\/wp-content\/uploads\/2022\/09\/NEWSESTLYONNAIS-30-ANS-ESGA-BAD-550x778.jpg 550w, https:\/\/newsestlyonnais.fr\/site\/wp-content\/uploads\/2022\/09\/NEWSESTLYONNAIS-30-ANS-ESGA-BAD-800x1132.jpg 800w, https:\/\/newsestlyonnais.fr\/site\/wp-content\/uploads\/2022\/09\/NEWSESTLYONNAIS-30-ANS-ESGA-BAD.jpg 848w\" sizes=\"auto, (max-width: 106px) 100vw, 106px\" \/><\/a>\n\t\t\t<\/div><\/figure><figure class='gallery-item'>\n\t\t\t<div class='gallery-icon landscape'>\n\t\t\t\t<a href='https:\/\/newsestlyonnais.fr\/site\/2022\/09\/26\/genas-lesga-badminton-souffle-ce-samedi-ses-30-bougies\/newsestlyonnais-esga-bad-2\/'><img loading=\"lazy\" decoding=\"async\" width=\"150\" height=\"69\" src=\"https:\/\/newsestlyonnais.fr\/site\/wp-content\/uploads\/2022\/09\/NEWSESTLYONNAIS-ESGA-BAD-250x115.jpg\" class=\"attachment-thumbnail size-thumbnail\" alt=\"\" srcset=\"https:\/\/newsestlyonnais.fr\/site\/wp-content\/uploads\/2022\/09\/NEWSESTLYONNAIS-ESGA-BAD-250x115.jpg 250w, https:\/\/newsestlyonnais.fr\/site\/wp-content\/uploads\/2022\/09\/NEWSESTLYONNAIS-ESGA-BAD-400x184.jpg 400w, https:\/\/newsestlyonnais.fr\/site\/wp-content\/uploads\/2022\/09\/NEWSESTLYONNAIS-ESGA-BAD-650x300.jpg 650w, https:\/\/newsestlyonnais.fr\/site\/wp-content\/uploads\/2022\/09\/NEWSESTLYONNAIS-ESGA-BAD-768x354.jpg 768w, https:\/\/newsestlyonnais.fr\/site\/wp-content\/uploads\/2022\/09\/NEWSESTLYONNAIS-ESGA-BAD-150x69.jpg 150w, https:\/\/newsestlyonnais.fr\/site\/wp-content\/uploads\/2022\/09\/NEWSESTLYONNAIS-ESGA-BAD-50x23.jpg 50w, https:\/\/newsestlyonnais.fr\/site\/wp-content\/uploads\/2022\/09\/NEWSESTLYONNAIS-ESGA-BAD-100x46.jpg 100w, https:\/\/newsestlyonnais.fr\/site\/wp-content\/uploads\/2022\/09\/NEWSESTLYONNAIS-ESGA-BAD-200x92.jpg 200w, https:\/\/newsestlyonnais.fr\/site\/wp-content\/uploads\/2022\/09\/NEWSESTLYONNAIS-ESGA-BAD-300x138.jpg 300w, https:\/\/newsestlyonnais.fr\/site\/wp-content\/uploads\/2022\/09\/NEWSESTLYONNAIS-ESGA-BAD-350x161.jpg 350w, https:\/\/newsestlyonnais.fr\/site\/wp-content\/uploads\/2022\/09\/NEWSESTLYONNAIS-ESGA-BAD-450x207.jpg 450w, https:\/\/newsestlyonnais.fr\/site\/wp-content\/uploads\/2022\/09\/NEWSESTLYONNAIS-ESGA-BAD-500x230.jpg 500w, https:\/\/newsestlyonnais.fr\/site\/wp-content\/uploads\/2022\/09\/NEWSESTLYONNAIS-ESGA-BAD-550x253.jpg 550w, https:\/\/newsestlyonnais.fr\/site\/wp-content\/uploads\/2022\/09\/NEWSESTLYONNAIS-ESGA-BAD-800x369.jpg 800w, https:\/\/newsestlyonnais.fr\/site\/wp-content\/uploads\/2022\/09\/NEWSESTLYONNAIS-ESGA-BAD.jpg 1200w\" sizes=\"auto, (max-width: 150px) 100vw, 150px\" \/><\/a>\n\t\t\t<\/div><\/figure>\n\t\t<\/div>\n\n<hr \/>\n<hr \/>\n<p>&nbsp;<\/p>\n","protected":false},"excerpt":{"rendered":"<p>Rencontre avec Soutchay Lo Van, pr\u00e9sidente depuis cette saison d&rsquo;un club qui compte 140 adh\u00e9rents.<\/p>\n","protected":false},"author":4,"featured_media":164818,"comment_status":"open","ping_status":"open","sticky":false,"template":"","format":"standard","meta":{"footnotes":""},"categories":[1321,270,1598,4286,137],"tags":[2826,2090,2506,2005,4412],"class_list":["post-164817","post","type-post","status-publish","format-standard","has-post-thumbnail","hentry","category-bad-racketlon-squash","category-cte-de-communes-c-c-e-l","category-genas","category-interview-a-la-une","category-interviews","tag-anniversaire","tag-badminton","tag-esga-badminton","tag-genas","tag-soutchay-lo-van"],"yoast_head":"<!-- This site is optimized with the Yoast SEO plugin v27.2 - https:\/\/yoast.com\/product\/yoast-seo-wordpress\/ -->\n<title>GENAS | L&#039;ESGA badminton souffle ce samedi ses 30 bougies - News Est Lyonnais<\/title>\n<meta name=\"robots\" content=\"index, follow, max-snippet:-1, max-image-preview:large, max-video-preview:-1\" \/>\n<link rel=\"canonical\" href=\"https:\/\/newsestlyonnais.fr\/site\/2022\/09\/26\/genas-lesga-badminton-souffle-ce-samedi-ses-30-bougies\/\" \/>\n<meta property=\"og:locale\" content=\"fr_FR\" \/>\n<meta property=\"og:type\" content=\"article\" \/>\n<meta property=\"og:title\" content=\"GENAS | L&#039;ESGA badminton souffle ce samedi ses 30 bougies - News Est Lyonnais\" \/>\n<meta property=\"og:description\" content=\"Rencontre avec Soutchay Lo Van, pr\u00e9sidente depuis cette saison d&#039;un club qui compte 140 adh\u00e9rents.\" \/>\n<meta property=\"og:url\" content=\"https:\/\/newsestlyonnais.fr\/site\/2022\/09\/26\/genas-lesga-badminton-souffle-ce-samedi-ses-30-bougies\/\" \/>\n<meta property=\"og:site_name\" content=\"News Est Lyonnais\" \/>\n<meta property=\"article:author\" content=\"https:\/\/www.facebook.com\/pascal.oberson.1?fref=ts\" \/>\n<meta property=\"article:published_time\" content=\"2022-09-26T07:27:27+00:00\" \/>\n<meta property=\"article:modified_time\" content=\"2022-10-05T04:58:52+00:00\" \/>\n<meta property=\"og:image\" content=\"https:\/\/newsestlyonnais.fr\/site\/wp-content\/uploads\/2022\/09\/20220906_210750.jpg\" \/>\n\t<meta property=\"og:image:width\" content=\"946\" \/>\n\t<meta property=\"og:image:height\" content=\"532\" \/>\n\t<meta property=\"og:image:type\" content=\"image\/jpeg\" \/>\n<meta name=\"author\" content=\"R\u00e9dac. NEWS\" \/>\n<meta name=\"twitter:card\" content=\"summary_large_image\" \/>\n<meta name=\"twitter:label1\" content=\"\u00c9crit par\" \/>\n\t<meta name=\"twitter:data1\" content=\"R\u00e9dac. NEWS\" \/>\n\t<meta name=\"twitter:label2\" content=\"Dur\u00e9e de lecture estim\u00e9e\" \/>\n\t<meta name=\"twitter:data2\" content=\"5 minutes\" \/>\n<script type=\"application\/ld+json\" class=\"yoast-schema-graph\">{\"@context\":\"https:\/\/schema.org\",\"@graph\":[{\"@type\":\"Article\",\"@id\":\"https:\/\/newsestlyonnais.fr\/site\/2022\/09\/26\/genas-lesga-badminton-souffle-ce-samedi-ses-30-bougies\/#article\",\"isPartOf\":{\"@id\":\"https:\/\/newsestlyonnais.fr\/site\/2022\/09\/26\/genas-lesga-badminton-souffle-ce-samedi-ses-30-bougies\/\"},\"author\":{\"name\":\"R\u00e9dac. NEWS\",\"@id\":\"https:\/\/newsestlyonnais.fr\/site\/#\/schema\/person\/3230d5615f390bb808365d673001e887\"},\"headline\":\"GENAS | L&rsquo;ESGA badminton souffle ce samedi ses 30 bougies\",\"datePublished\":\"2022-09-26T07:27:27+00:00\",\"dateModified\":\"2022-10-05T04:58:52+00:00\",\"mainEntityOfPage\":{\"@id\":\"https:\/\/newsestlyonnais.fr\/site\/2022\/09\/26\/genas-lesga-badminton-souffle-ce-samedi-ses-30-bougies\/\"},\"wordCount\":970,\"commentCount\":0,\"publisher\":{\"@id\":\"https:\/\/newsestlyonnais.fr\/site\/#organization\"},\"image\":{\"@id\":\"https:\/\/newsestlyonnais.fr\/site\/2022\/09\/26\/genas-lesga-badminton-souffle-ce-samedi-ses-30-bougies\/#primaryimage\"},\"thumbnailUrl\":\"https:\/\/newsestlyonnais.fr\/site\/wp-content\/uploads\/2022\/09\/20220906_210750.jpg\",\"keywords\":[\"ANNIVERSAIRE\",\"BADMINTON\",\"ESGA BADMINTON\",\"GENAS\",\"Soutchay Lo Van\"],\"articleSection\":[\"Bad | Racketlon | Squash\",\"CCEL | Communes\",\"Genas\",\"Interview \u00e0 la une\",\"Interviews\"],\"inLanguage\":\"fr-FR\",\"potentialAction\":[{\"@type\":\"CommentAction\",\"name\":\"Comment\",\"target\":[\"https:\/\/newsestlyonnais.fr\/site\/2022\/09\/26\/genas-lesga-badminton-souffle-ce-samedi-ses-30-bougies\/#respond\"]}]},{\"@type\":\"WebPage\",\"@id\":\"https:\/\/newsestlyonnais.fr\/site\/2022\/09\/26\/genas-lesga-badminton-souffle-ce-samedi-ses-30-bougies\/\",\"url\":\"https:\/\/newsestlyonnais.fr\/site\/2022\/09\/26\/genas-lesga-badminton-souffle-ce-samedi-ses-30-bougies\/\",\"name\":\"GENAS | L'ESGA badminton souffle ce samedi ses 30 bougies - News Est Lyonnais\",\"isPartOf\":{\"@id\":\"https:\/\/newsestlyonnais.fr\/site\/#website\"},\"primaryImageOfPage\":{\"@id\":\"https:\/\/newsestlyonnais.fr\/site\/2022\/09\/26\/genas-lesga-badminton-souffle-ce-samedi-ses-30-bougies\/#primaryimage\"},\"image\":{\"@id\":\"https:\/\/newsestlyonnais.fr\/site\/2022\/09\/26\/genas-lesga-badminton-souffle-ce-samedi-ses-30-bougies\/#primaryimage\"},\"thumbnailUrl\":\"https:\/\/newsestlyonnais.fr\/site\/wp-content\/uploads\/2022\/09\/20220906_210750.jpg\",\"datePublished\":\"2022-09-26T07:27:27+00:00\",\"dateModified\":\"2022-10-05T04:58:52+00:00\",\"breadcrumb\":{\"@id\":\"https:\/\/newsestlyonnais.fr\/site\/2022\/09\/26\/genas-lesga-badminton-souffle-ce-samedi-ses-30-bougies\/#breadcrumb\"},\"inLanguage\":\"fr-FR\",\"potentialAction\":[{\"@type\":\"ReadAction\",\"target\":[\"https:\/\/newsestlyonnais.fr\/site\/2022\/09\/26\/genas-lesga-badminton-souffle-ce-samedi-ses-30-bougies\/\"]}]},{\"@type\":\"ImageObject\",\"inLanguage\":\"fr-FR\",\"@id\":\"https:\/\/newsestlyonnais.fr\/site\/2022\/09\/26\/genas-lesga-badminton-souffle-ce-samedi-ses-30-bougies\/#primaryimage\",\"url\":\"https:\/\/newsestlyonnais.fr\/site\/wp-content\/uploads\/2022\/09\/20220906_210750.jpg\",\"contentUrl\":\"https:\/\/newsestlyonnais.fr\/site\/wp-content\/uploads\/2022\/09\/20220906_210750.jpg\",\"width\":946,\"height\":532},{\"@type\":\"BreadcrumbList\",\"@id\":\"https:\/\/newsestlyonnais.fr\/site\/2022\/09\/26\/genas-lesga-badminton-souffle-ce-samedi-ses-30-bougies\/#breadcrumb\",\"itemListElement\":[{\"@type\":\"ListItem\",\"position\":1,\"name\":\"Accueil\",\"item\":\"https:\/\/newsestlyonnais.fr\/site\/\"},{\"@type\":\"ListItem\",\"position\":2,\"name\":\"GENAS | L&rsquo;ESGA badminton souffle ce samedi ses 30 bougies\"}]},{\"@type\":\"WebSite\",\"@id\":\"https:\/\/newsestlyonnais.fr\/site\/#website\",\"url\":\"https:\/\/newsestlyonnais.fr\/site\/\",\"name\":\"News Est Lyonnais\",\"description\":\"L&#039;actualit\u00e9 au plus pr\u00e8s\",\"publisher\":{\"@id\":\"https:\/\/newsestlyonnais.fr\/site\/#organization\"},\"potentialAction\":[{\"@type\":\"SearchAction\",\"target\":{\"@type\":\"EntryPoint\",\"urlTemplate\":\"https:\/\/newsestlyonnais.fr\/site\/?s={search_term_string}\"},\"query-input\":{\"@type\":\"PropertyValueSpecification\",\"valueRequired\":true,\"valueName\":\"search_term_string\"}}],\"inLanguage\":\"fr-FR\"},{\"@type\":\"Organization\",\"@id\":\"https:\/\/newsestlyonnais.fr\/site\/#organization\",\"name\":\"News EST LYONNAIS\",\"url\":\"https:\/\/newsestlyonnais.fr\/site\/\",\"logo\":{\"@type\":\"ImageObject\",\"inLanguage\":\"fr-FR\",\"@id\":\"https:\/\/newsestlyonnais.fr\/site\/#\/schema\/logo\/image\/\",\"url\":\"\",\"contentUrl\":\"\",\"caption\":\"News EST LYONNAIS\"},\"image\":{\"@id\":\"https:\/\/newsestlyonnais.fr\/site\/#\/schema\/logo\/image\/\"}},{\"@type\":\"Person\",\"@id\":\"https:\/\/newsestlyonnais.fr\/site\/#\/schema\/person\/3230d5615f390bb808365d673001e887\",\"name\":\"R\u00e9dac. NEWS\",\"sameAs\":[\"http:\/\/www.newsestlyonnais.fr\",\"https:\/\/www.facebook.com\/pascal.oberson.1?fref=ts\",\"https:\/\/fr.linkedin.com\/in\/pascal-oberson-b17045113\"],\"url\":\"https:\/\/newsestlyonnais.fr\/site\/author\/nel\/\"}]}<\/script>\n<!-- \/ Yoast SEO plugin. -->","yoast_head_json":{"title":"GENAS | L'ESGA badminton souffle ce samedi ses 30 bougies - News Est Lyonnais","robots":{"index":"index","follow":"follow","max-snippet":"max-snippet:-1","max-image-preview":"max-image-preview:large","max-video-preview":"max-video-preview:-1"},"canonical":"https:\/\/newsestlyonnais.fr\/site\/2022\/09\/26\/genas-lesga-badminton-souffle-ce-samedi-ses-30-bougies\/","og_locale":"fr_FR","og_type":"article","og_title":"GENAS | L'ESGA badminton souffle ce samedi ses 30 bougies - News Est Lyonnais","og_description":"Rencontre avec Soutchay Lo Van, pr\u00e9sidente depuis cette saison d'un club qui compte 140 adh\u00e9rents.","og_url":"https:\/\/newsestlyonnais.fr\/site\/2022\/09\/26\/genas-lesga-badminton-souffle-ce-samedi-ses-30-bougies\/","og_site_name":"News Est Lyonnais","article_author":"https:\/\/www.facebook.com\/pascal.oberson.1?fref=ts","article_published_time":"2022-09-26T07:27:27+00:00","article_modified_time":"2022-10-05T04:58:52+00:00","og_image":[{"width":946,"height":532,"url":"https:\/\/newsestlyonnais.fr\/site\/wp-content\/uploads\/2022\/09\/20220906_210750.jpg","type":"image\/jpeg"}],"author":"R\u00e9dac. NEWS","twitter_card":"summary_large_image","twitter_misc":{"\u00c9crit par":"R\u00e9dac. NEWS","Dur\u00e9e de lecture estim\u00e9e":"5 minutes"},"schema":{"@context":"https:\/\/schema.org","@graph":[{"@type":"Article","@id":"https:\/\/newsestlyonnais.fr\/site\/2022\/09\/26\/genas-lesga-badminton-souffle-ce-samedi-ses-30-bougies\/#article","isPartOf":{"@id":"https:\/\/newsestlyonnais.fr\/site\/2022\/09\/26\/genas-lesga-badminton-souffle-ce-samedi-ses-30-bougies\/"},"author":{"name":"R\u00e9dac. NEWS","@id":"https:\/\/newsestlyonnais.fr\/site\/#\/schema\/person\/3230d5615f390bb808365d673001e887"},"headline":"GENAS | L&rsquo;ESGA badminton souffle ce samedi ses 30 bougies","datePublished":"2022-09-26T07:27:27+00:00","dateModified":"2022-10-05T04:58:52+00:00","mainEntityOfPage":{"@id":"https:\/\/newsestlyonnais.fr\/site\/2022\/09\/26\/genas-lesga-badminton-souffle-ce-samedi-ses-30-bougies\/"},"wordCount":970,"commentCount":0,"publisher":{"@id":"https:\/\/newsestlyonnais.fr\/site\/#organization"},"image":{"@id":"https:\/\/newsestlyonnais.fr\/site\/2022\/09\/26\/genas-lesga-badminton-souffle-ce-samedi-ses-30-bougies\/#primaryimage"},"thumbnailUrl":"https:\/\/newsestlyonnais.fr\/site\/wp-content\/uploads\/2022\/09\/20220906_210750.jpg","keywords":["ANNIVERSAIRE","BADMINTON","ESGA BADMINTON","GENAS","Soutchay Lo Van"],"articleSection":["Bad | Racketlon | Squash","CCEL | Communes","Genas","Interview \u00e0 la une","Interviews"],"inLanguage":"fr-FR","potentialAction":[{"@type":"CommentAction","name":"Comment","target":["https:\/\/newsestlyonnais.fr\/site\/2022\/09\/26\/genas-lesga-badminton-souffle-ce-samedi-ses-30-bougies\/#respond"]}]},{"@type":"WebPage","@id":"https:\/\/newsestlyonnais.fr\/site\/2022\/09\/26\/genas-lesga-badminton-souffle-ce-samedi-ses-30-bougies\/","url":"https:\/\/newsestlyonnais.fr\/site\/2022\/09\/26\/genas-lesga-badminton-souffle-ce-samedi-ses-30-bougies\/","name":"GENAS | L'ESGA badminton souffle ce samedi ses 30 bougies - News Est Lyonnais","isPartOf":{"@id":"https:\/\/newsestlyonnais.fr\/site\/#website"},"primaryImageOfPage":{"@id":"https:\/\/newsestlyonnais.fr\/site\/2022\/09\/26\/genas-lesga-badminton-souffle-ce-samedi-ses-30-bougies\/#primaryimage"},"image":{"@id":"https:\/\/newsestlyonnais.fr\/site\/2022\/09\/26\/genas-lesga-badminton-souffle-ce-samedi-ses-30-bougies\/#primaryimage"},"thumbnailUrl":"https:\/\/newsestlyonnais.fr\/site\/wp-content\/uploads\/2022\/09\/20220906_210750.jpg","datePublished":"2022-09-26T07:27:27+00:00","dateModified":"2022-10-05T04:58:52+00:00","breadcrumb":{"@id":"https:\/\/newsestlyonnais.fr\/site\/2022\/09\/26\/genas-lesga-badminton-souffle-ce-samedi-ses-30-bougies\/#breadcrumb"},"inLanguage":"fr-FR","potentialAction":[{"@type":"ReadAction","target":["https:\/\/newsestlyonnais.fr\/site\/2022\/09\/26\/genas-lesga-badminton-souffle-ce-samedi-ses-30-bougies\/"]}]},{"@type":"ImageObject","inLanguage":"fr-FR","@id":"https:\/\/newsestlyonnais.fr\/site\/2022\/09\/26\/genas-lesga-badminton-souffle-ce-samedi-ses-30-bougies\/#primaryimage","url":"https:\/\/newsestlyonnais.fr\/site\/wp-content\/uploads\/2022\/09\/20220906_210750.jpg","contentUrl":"https:\/\/newsestlyonnais.fr\/site\/wp-content\/uploads\/2022\/09\/20220906_210750.jpg","width":946,"height":532},{"@type":"BreadcrumbList","@id":"https:\/\/newsestlyonnais.fr\/site\/2022\/09\/26\/genas-lesga-badminton-souffle-ce-samedi-ses-30-bougies\/#breadcrumb","itemListElement":[{"@type":"ListItem","position":1,"name":"Accueil","item":"https:\/\/newsestlyonnais.fr\/site\/"},{"@type":"ListItem","position":2,"name":"GENAS | L&rsquo;ESGA badminton souffle ce samedi ses 30 bougies"}]},{"@type":"WebSite","@id":"https:\/\/newsestlyonnais.fr\/site\/#website","url":"https:\/\/newsestlyonnais.fr\/site\/","name":"News Est Lyonnais","description":"L&#039;actualit\u00e9 au plus pr\u00e8s","publisher":{"@id":"https:\/\/newsestlyonnais.fr\/site\/#organization"},"potentialAction":[{"@type":"SearchAction","target":{"@type":"EntryPoint","urlTemplate":"https:\/\/newsestlyonnais.fr\/site\/?s={search_term_string}"},"query-input":{"@type":"PropertyValueSpecification","valueRequired":true,"valueName":"search_term_string"}}],"inLanguage":"fr-FR"},{"@type":"Organization","@id":"https:\/\/newsestlyonnais.fr\/site\/#organization","name":"News EST LYONNAIS","url":"https:\/\/newsestlyonnais.fr\/site\/","logo":{"@type":"ImageObject","inLanguage":"fr-FR","@id":"https:\/\/newsestlyonnais.fr\/site\/#\/schema\/logo\/image\/","url":"","contentUrl":"","caption":"News EST LYONNAIS"},"image":{"@id":"https:\/\/newsestlyonnais.fr\/site\/#\/schema\/logo\/image\/"}},{"@type":"Person","@id":"https:\/\/newsestlyonnais.fr\/site\/#\/schema\/person\/3230d5615f390bb808365d673001e887","name":"R\u00e9dac. NEWS","sameAs":["http:\/\/www.newsestlyonnais.fr","https:\/\/www.facebook.com\/pascal.oberson.1?fref=ts","https:\/\/fr.linkedin.com\/in\/pascal-oberson-b17045113"],"url":"https:\/\/newsestlyonnais.fr\/site\/author\/nel\/"}]}},"_links":{"self":[{"href":"https:\/\/newsestlyonnais.fr\/site\/wp-json\/wp\/v2\/posts\/164817","targetHints":{"allow":["GET"]}}],"collection":[{"href":"https:\/\/newsestlyonnais.fr\/site\/wp-json\/wp\/v2\/posts"}],"about":[{"href":"https:\/\/newsestlyonnais.fr\/site\/wp-json\/wp\/v2\/types\/post"}],"author":[{"embeddable":true,"href":"https:\/\/newsestlyonnais.fr\/site\/wp-json\/wp\/v2\/users\/4"}],"replies":[{"embeddable":true,"href":"https:\/\/newsestlyonnais.fr\/site\/wp-json\/wp\/v2\/comments?post=164817"}],"version-history":[{"count":0,"href":"https:\/\/newsestlyonnais.fr\/site\/wp-json\/wp\/v2\/posts\/164817\/revisions"}],"wp:featuredmedia":[{"embeddable":true,"href":"https:\/\/newsestlyonnais.fr\/site\/wp-json\/wp\/v2\/media\/164818"}],"wp:attachment":[{"href":"https:\/\/newsestlyonnais.fr\/site\/wp-json\/wp\/v2\/media?parent=164817"}],"wp:term":[{"taxonomy":"category","embeddable":true,"href":"https:\/\/newsestlyonnais.fr\/site\/wp-json\/wp\/v2\/categories?post=164817"},{"taxonomy":"post_tag","embeddable":true,"href":"https:\/\/newsestlyonnais.fr\/site\/wp-json\/wp\/v2\/tags?post=164817"}],"curies":[{"name":"wp","href":"https:\/\/api.w.org\/{rel}","templated":true}]}}