{"id":16483,"date":"2016-11-28T09:08:48","date_gmt":"2016-11-28T08:08:48","guid":{"rendered":"http:\/\/newsestlyonnais.fr\/site\/?p=16483"},"modified":"2020-11-06T16:17:59","modified_gmt":"2020-11-06T15:17:59","slug":"venissieux-14-medailles-sen-no-sen-championnat-departemental-combats-de-karate","status":"publish","type":"post","link":"https:\/\/newsestlyonnais.fr\/site\/2016\/11\/28\/venissieux-14-medailles-sen-no-sen-championnat-departemental-combats-de-karate\/","title":{"rendered":"VENISSIEUX | 14 m\u00e9dailles pour le Sen No Sen au championnat d\u00e9partemental combats de karat\u00e9"},"content":{"rendered":"<h4>Samedi, les comp\u00e9titeurs seniors du Sen No Sen disputaient le championnat d\u00e9partemental combats de karat\u00e9, \u00e0 la Maison du Judo \u00e0 Lyon 3\u00b0.<\/h4>\n<h4>Bilan de leur participation: 14 m\u00e9dailles (6 en or, 3 en argent et 5 en bronze), voici le d\u00e9tail:<\/h4>\n<ul>\n<li><span style=\"text-decoration: underline\"><strong>En f\u00e9minines<\/strong><\/span>: <strong>L\u00e9a Gothuey<\/strong> (- 61 kg) et <strong>Anissa Abouriche<\/strong> (- 68 kg) s\u2019imposent. <strong>L\u00e9a Barascud<\/strong> (- 68 kg) termine troisi\u00e8me. R\u00e9unies en \u00e9quipes, elles remportent la comp\u00e9tition.<\/li>\n<li><span style=\"text-decoration: underline\"><strong>En masculins<\/strong><\/span>:\u00a0 Le podium des &#8211; 67 kg est 100% v\u00e9nissian avec la victoire de <strong>Mahmoud Charkoun<\/strong>, devant <strong>Cl\u00e9ment Savin<\/strong> (2\u00b0), et <strong>Qassim Ouafi<\/strong> et <strong>Corentin da Fonte<\/strong> m\u00e9dailles de bronze. En &#8211; 75 kg, <strong>K\u00e9vin Aouf<\/strong> se classe 2\u00b0 et <strong>J\u00e9r\u00f4me Bottin<\/strong> 3\u00b0. Le Sen No Sen truste les places du podium des + 84 kg avec la victoire de <strong>J\u00e9r\u00e9my Alizon<\/strong>, devant <strong>Soleiman Nekoul<\/strong> et la 3\u00b0 place pour <strong>Nabil Toumi<\/strong>. L\u2019\u00e9quipe masculine s\u2019impose face au FCL (Caluire).<\/li>\n<\/ul>\n<p><span style=\"text-decoration: underline\"><strong><em>PHOTO A LA UNE<\/em><\/strong><\/span>: Collectif senior du Sen No Sen<\/p>\n<ul>\n<li>Retrouvez l&rsquo;ACTU du club sur: <a href=\"http:\/\/sennosen.e-monsite.com\" target=\"_blank\" rel=\"noopener noreferrer\">http:\/\/sennosen.e-monsite.com<\/a><\/li>\n<\/ul>\n<p>&nbsp;<\/p>\n","protected":false},"excerpt":{"rendered":"<p>Samedi, les comp\u00e9titeurs seniors du Sen No Sen disputaient le championnat d\u00e9partemental combats de karat\u00e9, \u00e0 la Maison du Judo \u00e0 Lyon 3\u00b0. Bilan de leur participation: 14 m\u00e9dailles (6 en or, 3 en argent et 5 en bronze), voici le d\u00e9tail: En f\u00e9minines: L\u00e9a Gothuey (- 61 kg) et Anissa Abouriche (- 68 kg) [&hellip;]<\/p>\n","protected":false},"author":4,"featured_media":16484,"comment_status":"open","ping_status":"open","sticky":false,"template":"","format":"standard","meta":{"footnotes":""},"categories":[2994,1353,1298],"tags":[],"class_list":["post-16483","post","type-post","status-publish","format-standard","has-post-thumbnail","hentry","category-judo-karate-taekwondo-sports","category-karate","category-venissieux"],"yoast_head":"<!-- This site is optimized with the Yoast SEO plugin v27.2 - https:\/\/yoast.com\/product\/yoast-seo-wordpress\/ -->\n<title>VENISSIEUX | 14 m\u00e9dailles pour le Sen No Sen au championnat d\u00e9partemental combats de karat\u00e9 - News Est Lyonnais<\/title>\n<meta name=\"robots\" content=\"index, follow, max-snippet:-1, max-image-preview:large, max-video-preview:-1\" \/>\n<link rel=\"canonical\" href=\"https:\/\/newsestlyonnais.fr\/site\/2016\/11\/28\/venissieux-14-medailles-sen-no-sen-championnat-departemental-combats-de-karate\/\" \/>\n<meta property=\"og:locale\" content=\"fr_FR\" \/>\n<meta property=\"og:type\" content=\"article\" \/>\n<meta property=\"og:title\" content=\"VENISSIEUX | 14 m\u00e9dailles pour le Sen No Sen au championnat d\u00e9partemental combats de karat\u00e9 - News Est Lyonnais\" \/>\n<meta property=\"og:description\" content=\"Samedi, les comp\u00e9titeurs seniors du Sen No Sen disputaient le championnat d\u00e9partemental combats de karat\u00e9, \u00e0 la Maison du Judo \u00e0 Lyon 3\u00b0. Bilan de leur participation: 14 m\u00e9dailles (6 en or, 3 en argent et 5 en bronze), voici le d\u00e9tail: En f\u00e9minines: L\u00e9a Gothuey (- 61 kg) et Anissa Abouriche (- 68 kg) [&hellip;]\" \/>\n<meta property=\"og:url\" content=\"https:\/\/newsestlyonnais.fr\/site\/2016\/11\/28\/venissieux-14-medailles-sen-no-sen-championnat-departemental-combats-de-karate\/\" \/>\n<meta property=\"og:site_name\" content=\"News Est Lyonnais\" \/>\n<meta property=\"article:author\" content=\"https:\/\/www.facebook.com\/pascal.oberson.1?fref=ts\" \/>\n<meta property=\"article:published_time\" content=\"2016-11-28T08:08:48+00:00\" \/>\n<meta property=\"article:modified_time\" content=\"2020-11-06T15:17:59+00:00\" \/>\n<meta property=\"og:image\" content=\"https:\/\/i1.wp.com\/newsestlyonnais.fr\/site\/wp-content\/uploads\/2016\/11\/NEWSESTLYONNAIS-1.jpg?fit=1000%2C750&ssl=1\" \/>\n\t<meta property=\"og:image:width\" content=\"1000\" \/>\n\t<meta property=\"og:image:height\" content=\"750\" \/>\n\t<meta property=\"og:image:type\" content=\"image\/jpeg\" \/>\n<meta name=\"author\" content=\"R\u00e9dac. NEWS\" \/>\n<meta name=\"twitter:card\" content=\"summary_large_image\" \/>\n<meta name=\"twitter:label1\" content=\"\u00c9crit par\" \/>\n\t<meta name=\"twitter:data1\" content=\"R\u00e9dac. NEWS\" \/>\n\t<meta name=\"twitter:label2\" content=\"Dur\u00e9e de lecture estim\u00e9e\" \/>\n\t<meta name=\"twitter:data2\" content=\"1 minute\" \/>\n<script type=\"application\/ld+json\" class=\"yoast-schema-graph\">{\"@context\":\"https:\/\/schema.org\",\"@graph\":[{\"@type\":\"Article\",\"@id\":\"https:\/\/newsestlyonnais.fr\/site\/2016\/11\/28\/venissieux-14-medailles-sen-no-sen-championnat-departemental-combats-de-karate\/#article\",\"isPartOf\":{\"@id\":\"https:\/\/newsestlyonnais.fr\/site\/2016\/11\/28\/venissieux-14-medailles-sen-no-sen-championnat-departemental-combats-de-karate\/\"},\"author\":{\"name\":\"R\u00e9dac. NEWS\",\"@id\":\"https:\/\/newsestlyonnais.fr\/site\/#\/schema\/person\/3230d5615f390bb808365d673001e887\"},\"headline\":\"VENISSIEUX | 14 m\u00e9dailles pour le Sen No Sen au championnat d\u00e9partemental combats de karat\u00e9\",\"datePublished\":\"2016-11-28T08:08:48+00:00\",\"dateModified\":\"2020-11-06T15:17:59+00:00\",\"mainEntityOfPage\":{\"@id\":\"https:\/\/newsestlyonnais.fr\/site\/2016\/11\/28\/venissieux-14-medailles-sen-no-sen-championnat-departemental-combats-de-karate\/\"},\"wordCount\":188,\"commentCount\":0,\"publisher\":{\"@id\":\"https:\/\/newsestlyonnais.fr\/site\/#organization\"},\"image\":{\"@id\":\"https:\/\/newsestlyonnais.fr\/site\/2016\/11\/28\/venissieux-14-medailles-sen-no-sen-championnat-departemental-combats-de-karate\/#primaryimage\"},\"thumbnailUrl\":\"https:\/\/newsestlyonnais.fr\/site\/wp-content\/uploads\/2016\/11\/NEWSESTLYONNAIS-1.jpg\",\"articleSection\":[\"Judo| Karat\u00e9| Taekwondo\",\"Karat\u00e9\",\"V\u00e9nissieux\"],\"inLanguage\":\"fr-FR\",\"potentialAction\":[{\"@type\":\"CommentAction\",\"name\":\"Comment\",\"target\":[\"https:\/\/newsestlyonnais.fr\/site\/2016\/11\/28\/venissieux-14-medailles-sen-no-sen-championnat-departemental-combats-de-karate\/#respond\"]}]},{\"@type\":\"WebPage\",\"@id\":\"https:\/\/newsestlyonnais.fr\/site\/2016\/11\/28\/venissieux-14-medailles-sen-no-sen-championnat-departemental-combats-de-karate\/\",\"url\":\"https:\/\/newsestlyonnais.fr\/site\/2016\/11\/28\/venissieux-14-medailles-sen-no-sen-championnat-departemental-combats-de-karate\/\",\"name\":\"VENISSIEUX | 14 m\u00e9dailles pour le Sen No Sen au championnat d\u00e9partemental combats de karat\u00e9 - News Est Lyonnais\",\"isPartOf\":{\"@id\":\"https:\/\/newsestlyonnais.fr\/site\/#website\"},\"primaryImageOfPage\":{\"@id\":\"https:\/\/newsestlyonnais.fr\/site\/2016\/11\/28\/venissieux-14-medailles-sen-no-sen-championnat-departemental-combats-de-karate\/#primaryimage\"},\"image\":{\"@id\":\"https:\/\/newsestlyonnais.fr\/site\/2016\/11\/28\/venissieux-14-medailles-sen-no-sen-championnat-departemental-combats-de-karate\/#primaryimage\"},\"thumbnailUrl\":\"https:\/\/newsestlyonnais.fr\/site\/wp-content\/uploads\/2016\/11\/NEWSESTLYONNAIS-1.jpg\",\"datePublished\":\"2016-11-28T08:08:48+00:00\",\"dateModified\":\"2020-11-06T15:17:59+00:00\",\"breadcrumb\":{\"@id\":\"https:\/\/newsestlyonnais.fr\/site\/2016\/11\/28\/venissieux-14-medailles-sen-no-sen-championnat-departemental-combats-de-karate\/#breadcrumb\"},\"inLanguage\":\"fr-FR\",\"potentialAction\":[{\"@type\":\"ReadAction\",\"target\":[\"https:\/\/newsestlyonnais.fr\/site\/2016\/11\/28\/venissieux-14-medailles-sen-no-sen-championnat-departemental-combats-de-karate\/\"]}]},{\"@type\":\"ImageObject\",\"inLanguage\":\"fr-FR\",\"@id\":\"https:\/\/newsestlyonnais.fr\/site\/2016\/11\/28\/venissieux-14-medailles-sen-no-sen-championnat-departemental-combats-de-karate\/#primaryimage\",\"url\":\"https:\/\/newsestlyonnais.fr\/site\/wp-content\/uploads\/2016\/11\/NEWSESTLYONNAIS-1.jpg\",\"contentUrl\":\"https:\/\/newsestlyonnais.fr\/site\/wp-content\/uploads\/2016\/11\/NEWSESTLYONNAIS-1.jpg\",\"width\":1000,\"height\":750},{\"@type\":\"BreadcrumbList\",\"@id\":\"https:\/\/newsestlyonnais.fr\/site\/2016\/11\/28\/venissieux-14-medailles-sen-no-sen-championnat-departemental-combats-de-karate\/#breadcrumb\",\"itemListElement\":[{\"@type\":\"ListItem\",\"position\":1,\"name\":\"Accueil\",\"item\":\"https:\/\/newsestlyonnais.fr\/site\/\"},{\"@type\":\"ListItem\",\"position\":2,\"name\":\"VENISSIEUX | 14 m\u00e9dailles pour le Sen No Sen au championnat d\u00e9partemental combats de karat\u00e9\"}]},{\"@type\":\"WebSite\",\"@id\":\"https:\/\/newsestlyonnais.fr\/site\/#website\",\"url\":\"https:\/\/newsestlyonnais.fr\/site\/\",\"name\":\"News Est Lyonnais\",\"description\":\"L&#039;actualit\u00e9 au plus pr\u00e8s\",\"publisher\":{\"@id\":\"https:\/\/newsestlyonnais.fr\/site\/#organization\"},\"potentialAction\":[{\"@type\":\"SearchAction\",\"target\":{\"@type\":\"EntryPoint\",\"urlTemplate\":\"https:\/\/newsestlyonnais.fr\/site\/?s={search_term_string}\"},\"query-input\":{\"@type\":\"PropertyValueSpecification\",\"valueRequired\":true,\"valueName\":\"search_term_string\"}}],\"inLanguage\":\"fr-FR\"},{\"@type\":\"Organization\",\"@id\":\"https:\/\/newsestlyonnais.fr\/site\/#organization\",\"name\":\"News EST LYONNAIS\",\"url\":\"https:\/\/newsestlyonnais.fr\/site\/\",\"logo\":{\"@type\":\"ImageObject\",\"inLanguage\":\"fr-FR\",\"@id\":\"https:\/\/newsestlyonnais.fr\/site\/#\/schema\/logo\/image\/\",\"url\":\"\",\"contentUrl\":\"\",\"caption\":\"News EST LYONNAIS\"},\"image\":{\"@id\":\"https:\/\/newsestlyonnais.fr\/site\/#\/schema\/logo\/image\/\"}},{\"@type\":\"Person\",\"@id\":\"https:\/\/newsestlyonnais.fr\/site\/#\/schema\/person\/3230d5615f390bb808365d673001e887\",\"name\":\"R\u00e9dac. NEWS\",\"sameAs\":[\"http:\/\/www.newsestlyonnais.fr\",\"https:\/\/www.facebook.com\/pascal.oberson.1?fref=ts\",\"https:\/\/fr.linkedin.com\/in\/pascal-oberson-b17045113\"],\"url\":\"https:\/\/newsestlyonnais.fr\/site\/author\/nel\/\"}]}<\/script>\n<!-- \/ Yoast SEO plugin. -->","yoast_head_json":{"title":"VENISSIEUX | 14 m\u00e9dailles pour le Sen No Sen au championnat d\u00e9partemental combats de karat\u00e9 - News Est Lyonnais","robots":{"index":"index","follow":"follow","max-snippet":"max-snippet:-1","max-image-preview":"max-image-preview:large","max-video-preview":"max-video-preview:-1"},"canonical":"https:\/\/newsestlyonnais.fr\/site\/2016\/11\/28\/venissieux-14-medailles-sen-no-sen-championnat-departemental-combats-de-karate\/","og_locale":"fr_FR","og_type":"article","og_title":"VENISSIEUX | 14 m\u00e9dailles pour le Sen No Sen au championnat d\u00e9partemental combats de karat\u00e9 - News Est Lyonnais","og_description":"Samedi, les comp\u00e9titeurs seniors du Sen No Sen disputaient le championnat d\u00e9partemental combats de karat\u00e9, \u00e0 la Maison du Judo \u00e0 Lyon 3\u00b0. Bilan de leur participation: 14 m\u00e9dailles (6 en or, 3 en argent et 5 en bronze), voici le d\u00e9tail: En f\u00e9minines: L\u00e9a Gothuey (- 61 kg) et Anissa Abouriche (- 68 kg) [&hellip;]","og_url":"https:\/\/newsestlyonnais.fr\/site\/2016\/11\/28\/venissieux-14-medailles-sen-no-sen-championnat-departemental-combats-de-karate\/","og_site_name":"News Est Lyonnais","article_author":"https:\/\/www.facebook.com\/pascal.oberson.1?fref=ts","article_published_time":"2016-11-28T08:08:48+00:00","article_modified_time":"2020-11-06T15:17:59+00:00","og_image":[{"width":1000,"height":750,"url":"https:\/\/i1.wp.com\/newsestlyonnais.fr\/site\/wp-content\/uploads\/2016\/11\/NEWSESTLYONNAIS-1.jpg?fit=1000%2C750&ssl=1","type":"image\/jpeg"}],"author":"R\u00e9dac. NEWS","twitter_card":"summary_large_image","twitter_misc":{"\u00c9crit par":"R\u00e9dac. NEWS","Dur\u00e9e de lecture estim\u00e9e":"1 minute"},"schema":{"@context":"https:\/\/schema.org","@graph":[{"@type":"Article","@id":"https:\/\/newsestlyonnais.fr\/site\/2016\/11\/28\/venissieux-14-medailles-sen-no-sen-championnat-departemental-combats-de-karate\/#article","isPartOf":{"@id":"https:\/\/newsestlyonnais.fr\/site\/2016\/11\/28\/venissieux-14-medailles-sen-no-sen-championnat-departemental-combats-de-karate\/"},"author":{"name":"R\u00e9dac. NEWS","@id":"https:\/\/newsestlyonnais.fr\/site\/#\/schema\/person\/3230d5615f390bb808365d673001e887"},"headline":"VENISSIEUX | 14 m\u00e9dailles pour le Sen No Sen au championnat d\u00e9partemental combats de karat\u00e9","datePublished":"2016-11-28T08:08:48+00:00","dateModified":"2020-11-06T15:17:59+00:00","mainEntityOfPage":{"@id":"https:\/\/newsestlyonnais.fr\/site\/2016\/11\/28\/venissieux-14-medailles-sen-no-sen-championnat-departemental-combats-de-karate\/"},"wordCount":188,"commentCount":0,"publisher":{"@id":"https:\/\/newsestlyonnais.fr\/site\/#organization"},"image":{"@id":"https:\/\/newsestlyonnais.fr\/site\/2016\/11\/28\/venissieux-14-medailles-sen-no-sen-championnat-departemental-combats-de-karate\/#primaryimage"},"thumbnailUrl":"https:\/\/newsestlyonnais.fr\/site\/wp-content\/uploads\/2016\/11\/NEWSESTLYONNAIS-1.jpg","articleSection":["Judo| Karat\u00e9| Taekwondo","Karat\u00e9","V\u00e9nissieux"],"inLanguage":"fr-FR","potentialAction":[{"@type":"CommentAction","name":"Comment","target":["https:\/\/newsestlyonnais.fr\/site\/2016\/11\/28\/venissieux-14-medailles-sen-no-sen-championnat-departemental-combats-de-karate\/#respond"]}]},{"@type":"WebPage","@id":"https:\/\/newsestlyonnais.fr\/site\/2016\/11\/28\/venissieux-14-medailles-sen-no-sen-championnat-departemental-combats-de-karate\/","url":"https:\/\/newsestlyonnais.fr\/site\/2016\/11\/28\/venissieux-14-medailles-sen-no-sen-championnat-departemental-combats-de-karate\/","name":"VENISSIEUX | 14 m\u00e9dailles pour le Sen No Sen au championnat d\u00e9partemental combats de karat\u00e9 - News Est Lyonnais","isPartOf":{"@id":"https:\/\/newsestlyonnais.fr\/site\/#website"},"primaryImageOfPage":{"@id":"https:\/\/newsestlyonnais.fr\/site\/2016\/11\/28\/venissieux-14-medailles-sen-no-sen-championnat-departemental-combats-de-karate\/#primaryimage"},"image":{"@id":"https:\/\/newsestlyonnais.fr\/site\/2016\/11\/28\/venissieux-14-medailles-sen-no-sen-championnat-departemental-combats-de-karate\/#primaryimage"},"thumbnailUrl":"https:\/\/newsestlyonnais.fr\/site\/wp-content\/uploads\/2016\/11\/NEWSESTLYONNAIS-1.jpg","datePublished":"2016-11-28T08:08:48+00:00","dateModified":"2020-11-06T15:17:59+00:00","breadcrumb":{"@id":"https:\/\/newsestlyonnais.fr\/site\/2016\/11\/28\/venissieux-14-medailles-sen-no-sen-championnat-departemental-combats-de-karate\/#breadcrumb"},"inLanguage":"fr-FR","potentialAction":[{"@type":"ReadAction","target":["https:\/\/newsestlyonnais.fr\/site\/2016\/11\/28\/venissieux-14-medailles-sen-no-sen-championnat-departemental-combats-de-karate\/"]}]},{"@type":"ImageObject","inLanguage":"fr-FR","@id":"https:\/\/newsestlyonnais.fr\/site\/2016\/11\/28\/venissieux-14-medailles-sen-no-sen-championnat-departemental-combats-de-karate\/#primaryimage","url":"https:\/\/newsestlyonnais.fr\/site\/wp-content\/uploads\/2016\/11\/NEWSESTLYONNAIS-1.jpg","contentUrl":"https:\/\/newsestlyonnais.fr\/site\/wp-content\/uploads\/2016\/11\/NEWSESTLYONNAIS-1.jpg","width":1000,"height":750},{"@type":"BreadcrumbList","@id":"https:\/\/newsestlyonnais.fr\/site\/2016\/11\/28\/venissieux-14-medailles-sen-no-sen-championnat-departemental-combats-de-karate\/#breadcrumb","itemListElement":[{"@type":"ListItem","position":1,"name":"Accueil","item":"https:\/\/newsestlyonnais.fr\/site\/"},{"@type":"ListItem","position":2,"name":"VENISSIEUX | 14 m\u00e9dailles pour le Sen No Sen au championnat d\u00e9partemental combats de karat\u00e9"}]},{"@type":"WebSite","@id":"https:\/\/newsestlyonnais.fr\/site\/#website","url":"https:\/\/newsestlyonnais.fr\/site\/","name":"News Est Lyonnais","description":"L&#039;actualit\u00e9 au plus pr\u00e8s","publisher":{"@id":"https:\/\/newsestlyonnais.fr\/site\/#organization"},"potentialAction":[{"@type":"SearchAction","target":{"@type":"EntryPoint","urlTemplate":"https:\/\/newsestlyonnais.fr\/site\/?s={search_term_string}"},"query-input":{"@type":"PropertyValueSpecification","valueRequired":true,"valueName":"search_term_string"}}],"inLanguage":"fr-FR"},{"@type":"Organization","@id":"https:\/\/newsestlyonnais.fr\/site\/#organization","name":"News EST LYONNAIS","url":"https:\/\/newsestlyonnais.fr\/site\/","logo":{"@type":"ImageObject","inLanguage":"fr-FR","@id":"https:\/\/newsestlyonnais.fr\/site\/#\/schema\/logo\/image\/","url":"","contentUrl":"","caption":"News EST LYONNAIS"},"image":{"@id":"https:\/\/newsestlyonnais.fr\/site\/#\/schema\/logo\/image\/"}},{"@type":"Person","@id":"https:\/\/newsestlyonnais.fr\/site\/#\/schema\/person\/3230d5615f390bb808365d673001e887","name":"R\u00e9dac. NEWS","sameAs":["http:\/\/www.newsestlyonnais.fr","https:\/\/www.facebook.com\/pascal.oberson.1?fref=ts","https:\/\/fr.linkedin.com\/in\/pascal-oberson-b17045113"],"url":"https:\/\/newsestlyonnais.fr\/site\/author\/nel\/"}]}},"_links":{"self":[{"href":"https:\/\/newsestlyonnais.fr\/site\/wp-json\/wp\/v2\/posts\/16483","targetHints":{"allow":["GET"]}}],"collection":[{"href":"https:\/\/newsestlyonnais.fr\/site\/wp-json\/wp\/v2\/posts"}],"about":[{"href":"https:\/\/newsestlyonnais.fr\/site\/wp-json\/wp\/v2\/types\/post"}],"author":[{"embeddable":true,"href":"https:\/\/newsestlyonnais.fr\/site\/wp-json\/wp\/v2\/users\/4"}],"replies":[{"embeddable":true,"href":"https:\/\/newsestlyonnais.fr\/site\/wp-json\/wp\/v2\/comments?post=16483"}],"version-history":[{"count":0,"href":"https:\/\/newsestlyonnais.fr\/site\/wp-json\/wp\/v2\/posts\/16483\/revisions"}],"wp:featuredmedia":[{"embeddable":true,"href":"https:\/\/newsestlyonnais.fr\/site\/wp-json\/wp\/v2\/media\/16484"}],"wp:attachment":[{"href":"https:\/\/newsestlyonnais.fr\/site\/wp-json\/wp\/v2\/media?parent=16483"}],"wp:term":[{"taxonomy":"category","embeddable":true,"href":"https:\/\/newsestlyonnais.fr\/site\/wp-json\/wp\/v2\/categories?post=16483"},{"taxonomy":"post_tag","embeddable":true,"href":"https:\/\/newsestlyonnais.fr\/site\/wp-json\/wp\/v2\/tags?post=16483"}],"curies":[{"name":"wp","href":"https:\/\/api.w.org\/{rel}","templated":true}]}}