{"id":164963,"date":"2022-09-29T08:55:32","date_gmt":"2022-09-29T07:55:32","guid":{"rendered":"https:\/\/newsestlyonnais.fr\/site\/?p=164963"},"modified":"2022-09-29T08:55:32","modified_gmt":"2022-09-29T07:55:32","slug":"miribel-les-evenements-doctobre-2","status":"publish","type":"post","link":"https:\/\/newsestlyonnais.fr\/site\/2022\/09\/29\/miribel-les-evenements-doctobre-2\/","title":{"rendered":"MIRIBEL | Les \u00e9v\u00e8nements d&rsquo;octobre"},"content":{"rendered":"<p><span style=\"background-color: #000000; color: #ffffff;\"><strong>Samedi 1\u00b0 octobre<\/strong> :<span style=\"background-color: #ffffff; color: #333333;\"> <strong>Boum-Bal<\/strong><\/span><\/span> \/ SAP du Mas Rillier (Salle polyvalente au Mas Rillier).<\/p>\n<p><span style=\"background-color: #000000; color: #ffffff;\"><strong>Samedi 1\u00b0 &amp; Dimanche 2 octobre<\/strong><\/span> : <strong>Concerts Chorale spectacle \u00ab\u00a0TOUT DOIT DISPARAITRE\u00a0\u00bb<\/strong> ((All\u00e9gro &#8211; Place de la R\u00e9publique).<\/p>\n<p><strong><span style=\"background-color: #000000; color: #ffffff;\">Jeudi 6 octobre<\/span> \u00e0 20 h 30 \u00abUNE M\u00c9TAMORPHOSE\u00bb<\/strong> de Kafka. Th\u00e9\u00e2tre \u00e9pique fantastique fascinant \/ Cie Premier Acte\u00a0 (Th\u00e9\u00e2tre All\u00e9gro).<\/p>\n<p><strong><span style=\"background-color: #000000; color: #ffffff;\">Samedi 8 &amp; Dimanche 9 octobre<\/span> de 8 h \u00e0 18 h : 43\u00b0 Brocante de Miribel<\/strong> (All\u00e9gro &#8211; Place de la R\u00e9publique).<\/p>\n<p><strong><span style=\"background-color: #000000; color: #ffffff;\">Dimanche 9 octobre<\/span> : Journ\u00e9e Nationale du Carillon.<\/strong><\/p>\n<p><strong><span style=\"background-color: #000000; color: #ffffff;\">Jeudi 20 octobre<\/span> \u00e0 19 h : R\u00e9union publique du Conseil municipal.<\/strong> (All\u00e9gro).<\/p>\n<p><strong><span style=\"background-color: #000000; color: #ffffff;\">Du 20 au 28 octobre<\/span> : Exposition \u00abMati\u00e8re et Lumi\u00e8re\u00bb<\/strong> \/ Habitat et Humanisme (All\u00e9gro).<\/p>\n<p><strong><span style=\"background-color: #000000; color: #ffffff;\">Vendredi 21 octobre<\/span> \u00e0 20 h 30 : \u00abPH\u00c9NIX\u00bb MOURAD MERZOUKI<\/strong>. Danse Hip-Hop et musiques baroques &#8211; Festival Karavel &#8211; Cr\u00e9ation Automne 22 (Th\u00e9\u00e2tre All\u00e9gro).<\/p>\n<p><span style=\"color: #ffffff;\"><strong><span style=\"background-color: #000000;\">Samedi 22 octobre<\/span> <\/strong><\/span><\/p>\n<ul>\n<li><strong>\u00e0 10 h 30 : Conseil Municipal des Enfants.<\/strong> S\u00e9ance publique d\u2019ouverture (Centre socio-culturel).<\/li>\n<li>Spectacles propos\u00e9s par Habitat et Humannisme (All\u00e9gro) : <strong>\u00e0 18 h Conte-f\u00e9rence \u00abAfrique\u00bb et \u00e0 20 h Th\u00e9\u00e2tre \u00abCyrano de Bergerac\u00bb.<\/strong><\/li>\n<\/ul>\n<p><span style=\"background-color: #000000; color: #ffffff;\"><strong>Dimanche 23<\/strong> <\/span><strong><span style=\"background-color: #000000; color: #ffffff;\">octobre<\/span> : <\/strong>Repas \u00abpompons rouges\u00bb. (Salle Polyvalente au Mas Rillier).<\/p>\n<p><img loading=\"lazy\" decoding=\"async\" class=\"aligncenter size-medium wp-image-164978\" src=\"https:\/\/newsestlyonnais.fr\/site\/wp-content\/uploads\/2022\/09\/299383772_7870587993013826_8666614787306634019_n-400x226.jpg\" alt=\"\" width=\"400\" height=\"226\" srcset=\"https:\/\/newsestlyonnais.fr\/site\/wp-content\/uploads\/2022\/09\/299383772_7870587993013826_8666614787306634019_n-400x226.jpg 400w, https:\/\/newsestlyonnais.fr\/site\/wp-content\/uploads\/2022\/09\/299383772_7870587993013826_8666614787306634019_n-650x367.jpg 650w, https:\/\/newsestlyonnais.fr\/site\/wp-content\/uploads\/2022\/09\/299383772_7870587993013826_8666614787306634019_n-250x141.jpg 250w, https:\/\/newsestlyonnais.fr\/site\/wp-content\/uploads\/2022\/09\/299383772_7870587993013826_8666614787306634019_n-768x433.jpg 768w, https:\/\/newsestlyonnais.fr\/site\/wp-content\/uploads\/2022\/09\/299383772_7870587993013826_8666614787306634019_n-150x85.jpg 150w, https:\/\/newsestlyonnais.fr\/site\/wp-content\/uploads\/2022\/09\/299383772_7870587993013826_8666614787306634019_n-50x28.jpg 50w, https:\/\/newsestlyonnais.fr\/site\/wp-content\/uploads\/2022\/09\/299383772_7870587993013826_8666614787306634019_n-100x56.jpg 100w, https:\/\/newsestlyonnais.fr\/site\/wp-content\/uploads\/2022\/09\/299383772_7870587993013826_8666614787306634019_n-200x113.jpg 200w, https:\/\/newsestlyonnais.fr\/site\/wp-content\/uploads\/2022\/09\/299383772_7870587993013826_8666614787306634019_n-300x169.jpg 300w, https:\/\/newsestlyonnais.fr\/site\/wp-content\/uploads\/2022\/09\/299383772_7870587993013826_8666614787306634019_n-350x197.jpg 350w, https:\/\/newsestlyonnais.fr\/site\/wp-content\/uploads\/2022\/09\/299383772_7870587993013826_8666614787306634019_n-450x254.jpg 450w, https:\/\/newsestlyonnais.fr\/site\/wp-content\/uploads\/2022\/09\/299383772_7870587993013826_8666614787306634019_n-500x282.jpg 500w, https:\/\/newsestlyonnais.fr\/site\/wp-content\/uploads\/2022\/09\/299383772_7870587993013826_8666614787306634019_n-550x310.jpg 550w, https:\/\/newsestlyonnais.fr\/site\/wp-content\/uploads\/2022\/09\/299383772_7870587993013826_8666614787306634019_n-800x451.jpg 800w, https:\/\/newsestlyonnais.fr\/site\/wp-content\/uploads\/2022\/09\/299383772_7870587993013826_8666614787306634019_n.jpg 1200w\" sizes=\"auto, (max-width: 400px) 100vw, 400px\" \/><\/p>\n<hr \/>\n<p><span style=\"font-size: 14pt; background-color: #000000;\"><em><strong><span style=\"color: #ffffff;\">&gt;&gt; Retrouvez l\u2019ACTU de la commune sur :<\/span><span style=\"color: #ffcc00;\"> <a style=\"background-color: #000000; color: #ffcc00;\" href=\"https:\/\/www.miribel.fr\">https:\/\/www.miribel.fr<\/a><\/span><\/strong><\/em><\/span><\/p>\n","protected":false},"excerpt":{"rendered":"<p>Nombreuses sont les programmations locales pour ce mois prochain.<\/p>\n","protected":false},"author":4,"featured_media":93800,"comment_status":"open","ping_status":"open","sticky":false,"template":"","format":"standard","meta":{"footnotes":""},"categories":[156,4153,2217],"tags":[1991,3197],"class_list":["post-164963","post","type-post","status-publish","format-standard","has-post-thumbnail","hentry","category-ain","category-ain-isere","category-breves-de-lest-lyonnais","tag-agenda","tag-miribel"],"yoast_head":"<!-- This site is optimized with the Yoast SEO plugin v27.2 - https:\/\/yoast.com\/product\/yoast-seo-wordpress\/ -->\n<title>MIRIBEL | Les \u00e9v\u00e8nements d&#039;octobre - News Est Lyonnais<\/title>\n<meta name=\"description\" content=\"MIRIBEL | Les \u00e9v\u00e8nements d&#039;octobre\" \/>\n<meta name=\"robots\" content=\"index, follow, max-snippet:-1, max-image-preview:large, max-video-preview:-1\" \/>\n<link rel=\"canonical\" href=\"https:\/\/newsestlyonnais.fr\/site\/2022\/09\/29\/miribel-les-evenements-doctobre-2\/\" \/>\n<meta property=\"og:locale\" content=\"fr_FR\" \/>\n<meta property=\"og:type\" content=\"article\" \/>\n<meta property=\"og:title\" content=\"MIRIBEL | Les \u00e9v\u00e8nements d&#039;octobre - News Est Lyonnais\" \/>\n<meta property=\"og:description\" content=\"MIRIBEL | Les \u00e9v\u00e8nements d&#039;octobre\" \/>\n<meta property=\"og:url\" content=\"https:\/\/newsestlyonnais.fr\/site\/2022\/09\/29\/miribel-les-evenements-doctobre-2\/\" \/>\n<meta property=\"og:site_name\" content=\"News Est Lyonnais\" \/>\n<meta property=\"article:author\" content=\"https:\/\/www.facebook.com\/pascal.oberson.1?fref=ts\" \/>\n<meta property=\"article:published_time\" content=\"2022-09-29T07:55:32+00:00\" \/>\n<meta property=\"og:image\" content=\"https:\/\/newsestlyonnais.fr\/site\/wp-content\/uploads\/2020\/01\/miribel-01.png\" \/>\n\t<meta property=\"og:image:width\" content=\"300\" \/>\n\t<meta property=\"og:image:height\" content=\"330\" \/>\n\t<meta property=\"og:image:type\" content=\"image\/png\" \/>\n<meta name=\"author\" content=\"R\u00e9dac. NEWS\" \/>\n<meta name=\"twitter:card\" content=\"summary_large_image\" \/>\n<meta name=\"twitter:label1\" content=\"\u00c9crit par\" \/>\n\t<meta name=\"twitter:data1\" content=\"R\u00e9dac. NEWS\" \/>\n\t<meta name=\"twitter:label2\" content=\"Dur\u00e9e de lecture estim\u00e9e\" \/>\n\t<meta name=\"twitter:data2\" content=\"2 minutes\" \/>\n<script type=\"application\/ld+json\" class=\"yoast-schema-graph\">{\"@context\":\"https:\/\/schema.org\",\"@graph\":[{\"@type\":\"Article\",\"@id\":\"https:\/\/newsestlyonnais.fr\/site\/2022\/09\/29\/miribel-les-evenements-doctobre-2\/#article\",\"isPartOf\":{\"@id\":\"https:\/\/newsestlyonnais.fr\/site\/2022\/09\/29\/miribel-les-evenements-doctobre-2\/\"},\"author\":{\"name\":\"R\u00e9dac. NEWS\",\"@id\":\"https:\/\/newsestlyonnais.fr\/site\/#\/schema\/person\/3230d5615f390bb808365d673001e887\"},\"headline\":\"MIRIBEL | Les \u00e9v\u00e8nements d&rsquo;octobre\",\"datePublished\":\"2022-09-29T07:55:32+00:00\",\"mainEntityOfPage\":{\"@id\":\"https:\/\/newsestlyonnais.fr\/site\/2022\/09\/29\/miribel-les-evenements-doctobre-2\/\"},\"wordCount\":186,\"commentCount\":0,\"publisher\":{\"@id\":\"https:\/\/newsestlyonnais.fr\/site\/#organization\"},\"image\":{\"@id\":\"https:\/\/newsestlyonnais.fr\/site\/2022\/09\/29\/miribel-les-evenements-doctobre-2\/#primaryimage\"},\"thumbnailUrl\":\"https:\/\/newsestlyonnais.fr\/site\/wp-content\/uploads\/2020\/01\/miribel-01.png\",\"keywords\":[\"AGENDA\",\"MIRIBEL\"],\"articleSection\":[\"Ain (01)\",\"Ain | Is\u00e8re\",\"Br\u00e8ves de l'Est lyonnais\"],\"inLanguage\":\"fr-FR\",\"potentialAction\":[{\"@type\":\"CommentAction\",\"name\":\"Comment\",\"target\":[\"https:\/\/newsestlyonnais.fr\/site\/2022\/09\/29\/miribel-les-evenements-doctobre-2\/#respond\"]}]},{\"@type\":\"WebPage\",\"@id\":\"https:\/\/newsestlyonnais.fr\/site\/2022\/09\/29\/miribel-les-evenements-doctobre-2\/\",\"url\":\"https:\/\/newsestlyonnais.fr\/site\/2022\/09\/29\/miribel-les-evenements-doctobre-2\/\",\"name\":\"MIRIBEL | Les \u00e9v\u00e8nements d'octobre - News Est Lyonnais\",\"isPartOf\":{\"@id\":\"https:\/\/newsestlyonnais.fr\/site\/#website\"},\"primaryImageOfPage\":{\"@id\":\"https:\/\/newsestlyonnais.fr\/site\/2022\/09\/29\/miribel-les-evenements-doctobre-2\/#primaryimage\"},\"image\":{\"@id\":\"https:\/\/newsestlyonnais.fr\/site\/2022\/09\/29\/miribel-les-evenements-doctobre-2\/#primaryimage\"},\"thumbnailUrl\":\"https:\/\/newsestlyonnais.fr\/site\/wp-content\/uploads\/2020\/01\/miribel-01.png\",\"datePublished\":\"2022-09-29T07:55:32+00:00\",\"description\":\"MIRIBEL | Les \u00e9v\u00e8nements d'octobre\",\"breadcrumb\":{\"@id\":\"https:\/\/newsestlyonnais.fr\/site\/2022\/09\/29\/miribel-les-evenements-doctobre-2\/#breadcrumb\"},\"inLanguage\":\"fr-FR\",\"potentialAction\":[{\"@type\":\"ReadAction\",\"target\":[\"https:\/\/newsestlyonnais.fr\/site\/2022\/09\/29\/miribel-les-evenements-doctobre-2\/\"]}]},{\"@type\":\"ImageObject\",\"inLanguage\":\"fr-FR\",\"@id\":\"https:\/\/newsestlyonnais.fr\/site\/2022\/09\/29\/miribel-les-evenements-doctobre-2\/#primaryimage\",\"url\":\"https:\/\/newsestlyonnais.fr\/site\/wp-content\/uploads\/2020\/01\/miribel-01.png\",\"contentUrl\":\"https:\/\/newsestlyonnais.fr\/site\/wp-content\/uploads\/2020\/01\/miribel-01.png\",\"width\":300,\"height\":330},{\"@type\":\"BreadcrumbList\",\"@id\":\"https:\/\/newsestlyonnais.fr\/site\/2022\/09\/29\/miribel-les-evenements-doctobre-2\/#breadcrumb\",\"itemListElement\":[{\"@type\":\"ListItem\",\"position\":1,\"name\":\"Accueil\",\"item\":\"https:\/\/newsestlyonnais.fr\/site\/\"},{\"@type\":\"ListItem\",\"position\":2,\"name\":\"MIRIBEL | Les \u00e9v\u00e8nements d&rsquo;octobre\"}]},{\"@type\":\"WebSite\",\"@id\":\"https:\/\/newsestlyonnais.fr\/site\/#website\",\"url\":\"https:\/\/newsestlyonnais.fr\/site\/\",\"name\":\"News Est Lyonnais\",\"description\":\"L&#039;actualit\u00e9 au plus pr\u00e8s\",\"publisher\":{\"@id\":\"https:\/\/newsestlyonnais.fr\/site\/#organization\"},\"potentialAction\":[{\"@type\":\"SearchAction\",\"target\":{\"@type\":\"EntryPoint\",\"urlTemplate\":\"https:\/\/newsestlyonnais.fr\/site\/?s={search_term_string}\"},\"query-input\":{\"@type\":\"PropertyValueSpecification\",\"valueRequired\":true,\"valueName\":\"search_term_string\"}}],\"inLanguage\":\"fr-FR\"},{\"@type\":\"Organization\",\"@id\":\"https:\/\/newsestlyonnais.fr\/site\/#organization\",\"name\":\"News EST LYONNAIS\",\"url\":\"https:\/\/newsestlyonnais.fr\/site\/\",\"logo\":{\"@type\":\"ImageObject\",\"inLanguage\":\"fr-FR\",\"@id\":\"https:\/\/newsestlyonnais.fr\/site\/#\/schema\/logo\/image\/\",\"url\":\"\",\"contentUrl\":\"\",\"caption\":\"News EST LYONNAIS\"},\"image\":{\"@id\":\"https:\/\/newsestlyonnais.fr\/site\/#\/schema\/logo\/image\/\"}},{\"@type\":\"Person\",\"@id\":\"https:\/\/newsestlyonnais.fr\/site\/#\/schema\/person\/3230d5615f390bb808365d673001e887\",\"name\":\"R\u00e9dac. NEWS\",\"sameAs\":[\"http:\/\/www.newsestlyonnais.fr\",\"https:\/\/www.facebook.com\/pascal.oberson.1?fref=ts\",\"https:\/\/fr.linkedin.com\/in\/pascal-oberson-b17045113\"],\"url\":\"https:\/\/newsestlyonnais.fr\/site\/author\/nel\/\"}]}<\/script>\n<!-- \/ Yoast SEO plugin. -->","yoast_head_json":{"title":"MIRIBEL | Les \u00e9v\u00e8nements d'octobre - News Est Lyonnais","description":"MIRIBEL | Les \u00e9v\u00e8nements d'octobre","robots":{"index":"index","follow":"follow","max-snippet":"max-snippet:-1","max-image-preview":"max-image-preview:large","max-video-preview":"max-video-preview:-1"},"canonical":"https:\/\/newsestlyonnais.fr\/site\/2022\/09\/29\/miribel-les-evenements-doctobre-2\/","og_locale":"fr_FR","og_type":"article","og_title":"MIRIBEL | Les \u00e9v\u00e8nements d'octobre - News Est Lyonnais","og_description":"MIRIBEL | Les \u00e9v\u00e8nements d'octobre","og_url":"https:\/\/newsestlyonnais.fr\/site\/2022\/09\/29\/miribel-les-evenements-doctobre-2\/","og_site_name":"News Est Lyonnais","article_author":"https:\/\/www.facebook.com\/pascal.oberson.1?fref=ts","article_published_time":"2022-09-29T07:55:32+00:00","og_image":[{"width":300,"height":330,"url":"https:\/\/newsestlyonnais.fr\/site\/wp-content\/uploads\/2020\/01\/miribel-01.png","type":"image\/png"}],"author":"R\u00e9dac. NEWS","twitter_card":"summary_large_image","twitter_misc":{"\u00c9crit par":"R\u00e9dac. NEWS","Dur\u00e9e de lecture estim\u00e9e":"2 minutes"},"schema":{"@context":"https:\/\/schema.org","@graph":[{"@type":"Article","@id":"https:\/\/newsestlyonnais.fr\/site\/2022\/09\/29\/miribel-les-evenements-doctobre-2\/#article","isPartOf":{"@id":"https:\/\/newsestlyonnais.fr\/site\/2022\/09\/29\/miribel-les-evenements-doctobre-2\/"},"author":{"name":"R\u00e9dac. NEWS","@id":"https:\/\/newsestlyonnais.fr\/site\/#\/schema\/person\/3230d5615f390bb808365d673001e887"},"headline":"MIRIBEL | Les \u00e9v\u00e8nements d&rsquo;octobre","datePublished":"2022-09-29T07:55:32+00:00","mainEntityOfPage":{"@id":"https:\/\/newsestlyonnais.fr\/site\/2022\/09\/29\/miribel-les-evenements-doctobre-2\/"},"wordCount":186,"commentCount":0,"publisher":{"@id":"https:\/\/newsestlyonnais.fr\/site\/#organization"},"image":{"@id":"https:\/\/newsestlyonnais.fr\/site\/2022\/09\/29\/miribel-les-evenements-doctobre-2\/#primaryimage"},"thumbnailUrl":"https:\/\/newsestlyonnais.fr\/site\/wp-content\/uploads\/2020\/01\/miribel-01.png","keywords":["AGENDA","MIRIBEL"],"articleSection":["Ain (01)","Ain | Is\u00e8re","Br\u00e8ves de l'Est lyonnais"],"inLanguage":"fr-FR","potentialAction":[{"@type":"CommentAction","name":"Comment","target":["https:\/\/newsestlyonnais.fr\/site\/2022\/09\/29\/miribel-les-evenements-doctobre-2\/#respond"]}]},{"@type":"WebPage","@id":"https:\/\/newsestlyonnais.fr\/site\/2022\/09\/29\/miribel-les-evenements-doctobre-2\/","url":"https:\/\/newsestlyonnais.fr\/site\/2022\/09\/29\/miribel-les-evenements-doctobre-2\/","name":"MIRIBEL | Les \u00e9v\u00e8nements d'octobre - News Est Lyonnais","isPartOf":{"@id":"https:\/\/newsestlyonnais.fr\/site\/#website"},"primaryImageOfPage":{"@id":"https:\/\/newsestlyonnais.fr\/site\/2022\/09\/29\/miribel-les-evenements-doctobre-2\/#primaryimage"},"image":{"@id":"https:\/\/newsestlyonnais.fr\/site\/2022\/09\/29\/miribel-les-evenements-doctobre-2\/#primaryimage"},"thumbnailUrl":"https:\/\/newsestlyonnais.fr\/site\/wp-content\/uploads\/2020\/01\/miribel-01.png","datePublished":"2022-09-29T07:55:32+00:00","description":"MIRIBEL | Les \u00e9v\u00e8nements d'octobre","breadcrumb":{"@id":"https:\/\/newsestlyonnais.fr\/site\/2022\/09\/29\/miribel-les-evenements-doctobre-2\/#breadcrumb"},"inLanguage":"fr-FR","potentialAction":[{"@type":"ReadAction","target":["https:\/\/newsestlyonnais.fr\/site\/2022\/09\/29\/miribel-les-evenements-doctobre-2\/"]}]},{"@type":"ImageObject","inLanguage":"fr-FR","@id":"https:\/\/newsestlyonnais.fr\/site\/2022\/09\/29\/miribel-les-evenements-doctobre-2\/#primaryimage","url":"https:\/\/newsestlyonnais.fr\/site\/wp-content\/uploads\/2020\/01\/miribel-01.png","contentUrl":"https:\/\/newsestlyonnais.fr\/site\/wp-content\/uploads\/2020\/01\/miribel-01.png","width":300,"height":330},{"@type":"BreadcrumbList","@id":"https:\/\/newsestlyonnais.fr\/site\/2022\/09\/29\/miribel-les-evenements-doctobre-2\/#breadcrumb","itemListElement":[{"@type":"ListItem","position":1,"name":"Accueil","item":"https:\/\/newsestlyonnais.fr\/site\/"},{"@type":"ListItem","position":2,"name":"MIRIBEL | Les \u00e9v\u00e8nements d&rsquo;octobre"}]},{"@type":"WebSite","@id":"https:\/\/newsestlyonnais.fr\/site\/#website","url":"https:\/\/newsestlyonnais.fr\/site\/","name":"News Est Lyonnais","description":"L&#039;actualit\u00e9 au plus pr\u00e8s","publisher":{"@id":"https:\/\/newsestlyonnais.fr\/site\/#organization"},"potentialAction":[{"@type":"SearchAction","target":{"@type":"EntryPoint","urlTemplate":"https:\/\/newsestlyonnais.fr\/site\/?s={search_term_string}"},"query-input":{"@type":"PropertyValueSpecification","valueRequired":true,"valueName":"search_term_string"}}],"inLanguage":"fr-FR"},{"@type":"Organization","@id":"https:\/\/newsestlyonnais.fr\/site\/#organization","name":"News EST LYONNAIS","url":"https:\/\/newsestlyonnais.fr\/site\/","logo":{"@type":"ImageObject","inLanguage":"fr-FR","@id":"https:\/\/newsestlyonnais.fr\/site\/#\/schema\/logo\/image\/","url":"","contentUrl":"","caption":"News EST LYONNAIS"},"image":{"@id":"https:\/\/newsestlyonnais.fr\/site\/#\/schema\/logo\/image\/"}},{"@type":"Person","@id":"https:\/\/newsestlyonnais.fr\/site\/#\/schema\/person\/3230d5615f390bb808365d673001e887","name":"R\u00e9dac. NEWS","sameAs":["http:\/\/www.newsestlyonnais.fr","https:\/\/www.facebook.com\/pascal.oberson.1?fref=ts","https:\/\/fr.linkedin.com\/in\/pascal-oberson-b17045113"],"url":"https:\/\/newsestlyonnais.fr\/site\/author\/nel\/"}]}},"_links":{"self":[{"href":"https:\/\/newsestlyonnais.fr\/site\/wp-json\/wp\/v2\/posts\/164963","targetHints":{"allow":["GET"]}}],"collection":[{"href":"https:\/\/newsestlyonnais.fr\/site\/wp-json\/wp\/v2\/posts"}],"about":[{"href":"https:\/\/newsestlyonnais.fr\/site\/wp-json\/wp\/v2\/types\/post"}],"author":[{"embeddable":true,"href":"https:\/\/newsestlyonnais.fr\/site\/wp-json\/wp\/v2\/users\/4"}],"replies":[{"embeddable":true,"href":"https:\/\/newsestlyonnais.fr\/site\/wp-json\/wp\/v2\/comments?post=164963"}],"version-history":[{"count":0,"href":"https:\/\/newsestlyonnais.fr\/site\/wp-json\/wp\/v2\/posts\/164963\/revisions"}],"wp:featuredmedia":[{"embeddable":true,"href":"https:\/\/newsestlyonnais.fr\/site\/wp-json\/wp\/v2\/media\/93800"}],"wp:attachment":[{"href":"https:\/\/newsestlyonnais.fr\/site\/wp-json\/wp\/v2\/media?parent=164963"}],"wp:term":[{"taxonomy":"category","embeddable":true,"href":"https:\/\/newsestlyonnais.fr\/site\/wp-json\/wp\/v2\/categories?post=164963"},{"taxonomy":"post_tag","embeddable":true,"href":"https:\/\/newsestlyonnais.fr\/site\/wp-json\/wp\/v2\/tags?post=164963"}],"curies":[{"name":"wp","href":"https:\/\/api.w.org\/{rel}","templated":true}]}}