{"id":16503,"date":"2016-11-28T08:52:05","date_gmt":"2016-11-28T07:52:05","guid":{"rendered":"http:\/\/newsestlyonnais.fr\/site\/?p=16503"},"modified":"2020-11-03T10:30:39","modified_gmt":"2020-11-03T09:30:39","slug":"genas-les-resultats-du-week-end-de-lesga-foot-7","status":"publish","type":"post","link":"https:\/\/newsestlyonnais.fr\/site\/2016\/11\/28\/genas-les-resultats-du-week-end-de-lesga-foot-7\/","title":{"rendered":"GENAS | Les r\u00e9sultats du week-end de l&rsquo;ESGA Foot"},"content":{"rendered":"<h4>Bons r\u00e9sultats en seniors et U19, en ce dernier week-end de novembre pour les footballeurs de l&rsquo;ES Genas Azieu.<\/h4>\n<ul>\n<li><strong>En seniors<\/strong>, match nul de la une \u00e0 Rive Droite 2\/2 qui se classe 8\u00b0 de sa poule de promotion d&rsquo;excellence. La deux continue sur sa lanc\u00e9e et s&rsquo;impose largement (5\/1) sur la pelouse des Cheminots de Saint Priest. Succ\u00e8s qui les conforte \u00e0 la 1\u00b0 place en \u00e9tant toujours invaincue.<\/li>\n<li><strong>En U19<\/strong>, large victoire \u00e0 Odenas 5\/1 mais d\u00e9faite \u00e0 domicile des <strong>U17<\/strong> face \u00e0 Mions 2\/1.<\/li>\n<li><strong>En U15<\/strong>: succ\u00e8s des 3 \u00e9quipes : \u00e0 la maison de la une face \u00e0 Liergues 1\/0, de la deux \u00e0 Villefontaine 10\/0 et de la trois \u00e0 Deux Fontaines 5\/0.<\/li>\n<li><strong>En f\u00e9minines<\/strong>: lourde d\u00e9faite \u00e0 domicile de la une des U20 face \u00e0 ETG Ambilly (9\/0) et de la une des U18 \u00e0 Nivolas (2\/1). Par contre succ\u00e8s de la deux des U18 face aux Deux Rives (3\/2).<\/li>\n<\/ul>\n<p>&nbsp;<\/p>\n","protected":false},"excerpt":{"rendered":"<p>Bons r\u00e9sultats en seniors et U19, en ce dernier week-end de novembre pour les footballeurs de l&rsquo;ES Genas Azieu. En seniors, match nul de la une \u00e0 Rive Droite 2\/2 qui se classe 8\u00b0 de sa poule de promotion d&rsquo;excellence. La deux continue sur sa lanc\u00e9e et s&rsquo;impose largement (5\/1) sur la pelouse des Cheminots [&hellip;]<\/p>\n","protected":false},"author":4,"featured_media":16504,"comment_status":"open","ping_status":"open","sticky":false,"template":"","format":"standard","meta":{"footnotes":""},"categories":[270,1329,2996,1598,787],"tags":[],"class_list":["post-16503","post","type-post","status-publish","format-standard","has-post-thumbnail","hentry","category-cte-de-communes-c-c-e-l","category-foot","category-football-rugby","category-genas","category-ptites-news"],"yoast_head":"<!-- This site is optimized with the Yoast SEO plugin v27.2 - https:\/\/yoast.com\/product\/yoast-seo-wordpress\/ -->\n<title>GENAS : Les r\u00e9sultats du week-end de l&#039;ES Genas Azieu Foot<\/title>\n<meta name=\"description\" content=\"GENAS : Les r\u00e9sultats du week-end de l&#039;ES Genas Azieu Foot\" \/>\n<meta name=\"robots\" content=\"index, follow, max-snippet:-1, max-image-preview:large, max-video-preview:-1\" \/>\n<link rel=\"canonical\" href=\"https:\/\/newsestlyonnais.fr\/site\/2016\/11\/28\/genas-les-resultats-du-week-end-de-lesga-foot-7\/\" \/>\n<meta property=\"og:locale\" content=\"fr_FR\" \/>\n<meta property=\"og:type\" content=\"article\" \/>\n<meta property=\"og:title\" content=\"GENAS : Les r\u00e9sultats du week-end de l&#039;ES Genas Azieu Foot\" \/>\n<meta property=\"og:description\" content=\"GENAS : Les r\u00e9sultats du week-end de l&#039;ES Genas Azieu Foot\" \/>\n<meta property=\"og:url\" content=\"https:\/\/newsestlyonnais.fr\/site\/2016\/11\/28\/genas-les-resultats-du-week-end-de-lesga-foot-7\/\" \/>\n<meta property=\"og:site_name\" content=\"News Est Lyonnais\" \/>\n<meta property=\"article:author\" content=\"https:\/\/www.facebook.com\/pascal.oberson.1?fref=ts\" \/>\n<meta property=\"article:published_time\" content=\"2016-11-28T07:52:05+00:00\" \/>\n<meta property=\"article:modified_time\" content=\"2020-11-03T09:30:39+00:00\" \/>\n<meta property=\"og:image\" content=\"https:\/\/i0.wp.com\/newsestlyonnais.fr\/site\/wp-content\/uploads\/2016\/11\/logo-genas.jpg?fit=1000%2C750&ssl=1\" \/>\n\t<meta property=\"og:image:width\" content=\"1000\" \/>\n\t<meta property=\"og:image:height\" content=\"750\" \/>\n\t<meta property=\"og:image:type\" content=\"image\/jpeg\" \/>\n<meta name=\"author\" content=\"R\u00e9dac. NEWS\" \/>\n<meta name=\"twitter:card\" content=\"summary_large_image\" \/>\n<meta name=\"twitter:label1\" content=\"\u00c9crit par\" \/>\n\t<meta name=\"twitter:data1\" content=\"R\u00e9dac. NEWS\" \/>\n\t<meta name=\"twitter:label2\" content=\"Dur\u00e9e de lecture estim\u00e9e\" \/>\n\t<meta name=\"twitter:data2\" content=\"1 minute\" \/>\n<script type=\"application\/ld+json\" class=\"yoast-schema-graph\">{\"@context\":\"https:\/\/schema.org\",\"@graph\":[{\"@type\":\"Article\",\"@id\":\"https:\/\/newsestlyonnais.fr\/site\/2016\/11\/28\/genas-les-resultats-du-week-end-de-lesga-foot-7\/#article\",\"isPartOf\":{\"@id\":\"https:\/\/newsestlyonnais.fr\/site\/2016\/11\/28\/genas-les-resultats-du-week-end-de-lesga-foot-7\/\"},\"author\":{\"name\":\"R\u00e9dac. NEWS\",\"@id\":\"https:\/\/newsestlyonnais.fr\/site\/#\/schema\/person\/3230d5615f390bb808365d673001e887\"},\"headline\":\"GENAS | Les r\u00e9sultats du week-end de l&rsquo;ESGA Foot\",\"datePublished\":\"2016-11-28T07:52:05+00:00\",\"dateModified\":\"2020-11-03T09:30:39+00:00\",\"mainEntityOfPage\":{\"@id\":\"https:\/\/newsestlyonnais.fr\/site\/2016\/11\/28\/genas-les-resultats-du-week-end-de-lesga-foot-7\/\"},\"wordCount\":152,\"commentCount\":0,\"publisher\":{\"@id\":\"https:\/\/newsestlyonnais.fr\/site\/#organization\"},\"image\":{\"@id\":\"https:\/\/newsestlyonnais.fr\/site\/2016\/11\/28\/genas-les-resultats-du-week-end-de-lesga-foot-7\/#primaryimage\"},\"thumbnailUrl\":\"https:\/\/newsestlyonnais.fr\/site\/wp-content\/uploads\/2016\/11\/logo-genas.jpg\",\"articleSection\":[\"CCEL | Communes\",\"Foot | Futsal\",\"Foot | Rugby\",\"Genas\",\"P'tites News\"],\"inLanguage\":\"fr-FR\",\"potentialAction\":[{\"@type\":\"CommentAction\",\"name\":\"Comment\",\"target\":[\"https:\/\/newsestlyonnais.fr\/site\/2016\/11\/28\/genas-les-resultats-du-week-end-de-lesga-foot-7\/#respond\"]}]},{\"@type\":\"WebPage\",\"@id\":\"https:\/\/newsestlyonnais.fr\/site\/2016\/11\/28\/genas-les-resultats-du-week-end-de-lesga-foot-7\/\",\"url\":\"https:\/\/newsestlyonnais.fr\/site\/2016\/11\/28\/genas-les-resultats-du-week-end-de-lesga-foot-7\/\",\"name\":\"GENAS : Les r\u00e9sultats du week-end de l'ES Genas Azieu Foot\",\"isPartOf\":{\"@id\":\"https:\/\/newsestlyonnais.fr\/site\/#website\"},\"primaryImageOfPage\":{\"@id\":\"https:\/\/newsestlyonnais.fr\/site\/2016\/11\/28\/genas-les-resultats-du-week-end-de-lesga-foot-7\/#primaryimage\"},\"image\":{\"@id\":\"https:\/\/newsestlyonnais.fr\/site\/2016\/11\/28\/genas-les-resultats-du-week-end-de-lesga-foot-7\/#primaryimage\"},\"thumbnailUrl\":\"https:\/\/newsestlyonnais.fr\/site\/wp-content\/uploads\/2016\/11\/logo-genas.jpg\",\"datePublished\":\"2016-11-28T07:52:05+00:00\",\"dateModified\":\"2020-11-03T09:30:39+00:00\",\"description\":\"GENAS : Les r\u00e9sultats du week-end de l'ES Genas Azieu Foot\",\"breadcrumb\":{\"@id\":\"https:\/\/newsestlyonnais.fr\/site\/2016\/11\/28\/genas-les-resultats-du-week-end-de-lesga-foot-7\/#breadcrumb\"},\"inLanguage\":\"fr-FR\",\"potentialAction\":[{\"@type\":\"ReadAction\",\"target\":[\"https:\/\/newsestlyonnais.fr\/site\/2016\/11\/28\/genas-les-resultats-du-week-end-de-lesga-foot-7\/\"]}]},{\"@type\":\"ImageObject\",\"inLanguage\":\"fr-FR\",\"@id\":\"https:\/\/newsestlyonnais.fr\/site\/2016\/11\/28\/genas-les-resultats-du-week-end-de-lesga-foot-7\/#primaryimage\",\"url\":\"https:\/\/newsestlyonnais.fr\/site\/wp-content\/uploads\/2016\/11\/logo-genas.jpg\",\"contentUrl\":\"https:\/\/newsestlyonnais.fr\/site\/wp-content\/uploads\/2016\/11\/logo-genas.jpg\",\"width\":1000,\"height\":750},{\"@type\":\"BreadcrumbList\",\"@id\":\"https:\/\/newsestlyonnais.fr\/site\/2016\/11\/28\/genas-les-resultats-du-week-end-de-lesga-foot-7\/#breadcrumb\",\"itemListElement\":[{\"@type\":\"ListItem\",\"position\":1,\"name\":\"Accueil\",\"item\":\"https:\/\/newsestlyonnais.fr\/site\/\"},{\"@type\":\"ListItem\",\"position\":2,\"name\":\"GENAS | Les r\u00e9sultats du week-end de l&rsquo;ESGA Foot\"}]},{\"@type\":\"WebSite\",\"@id\":\"https:\/\/newsestlyonnais.fr\/site\/#website\",\"url\":\"https:\/\/newsestlyonnais.fr\/site\/\",\"name\":\"News Est Lyonnais\",\"description\":\"L&#039;actualit\u00e9 au plus pr\u00e8s\",\"publisher\":{\"@id\":\"https:\/\/newsestlyonnais.fr\/site\/#organization\"},\"potentialAction\":[{\"@type\":\"SearchAction\",\"target\":{\"@type\":\"EntryPoint\",\"urlTemplate\":\"https:\/\/newsestlyonnais.fr\/site\/?s={search_term_string}\"},\"query-input\":{\"@type\":\"PropertyValueSpecification\",\"valueRequired\":true,\"valueName\":\"search_term_string\"}}],\"inLanguage\":\"fr-FR\"},{\"@type\":\"Organization\",\"@id\":\"https:\/\/newsestlyonnais.fr\/site\/#organization\",\"name\":\"News EST LYONNAIS\",\"url\":\"https:\/\/newsestlyonnais.fr\/site\/\",\"logo\":{\"@type\":\"ImageObject\",\"inLanguage\":\"fr-FR\",\"@id\":\"https:\/\/newsestlyonnais.fr\/site\/#\/schema\/logo\/image\/\",\"url\":\"\",\"contentUrl\":\"\",\"caption\":\"News EST LYONNAIS\"},\"image\":{\"@id\":\"https:\/\/newsestlyonnais.fr\/site\/#\/schema\/logo\/image\/\"}},{\"@type\":\"Person\",\"@id\":\"https:\/\/newsestlyonnais.fr\/site\/#\/schema\/person\/3230d5615f390bb808365d673001e887\",\"name\":\"R\u00e9dac. NEWS\",\"sameAs\":[\"http:\/\/www.newsestlyonnais.fr\",\"https:\/\/www.facebook.com\/pascal.oberson.1?fref=ts\",\"https:\/\/fr.linkedin.com\/in\/pascal-oberson-b17045113\"],\"url\":\"https:\/\/newsestlyonnais.fr\/site\/author\/nel\/\"}]}<\/script>\n<!-- \/ Yoast SEO plugin. -->","yoast_head_json":{"title":"GENAS : Les r\u00e9sultats du week-end de l'ES Genas Azieu Foot","description":"GENAS : Les r\u00e9sultats du week-end de l'ES Genas Azieu Foot","robots":{"index":"index","follow":"follow","max-snippet":"max-snippet:-1","max-image-preview":"max-image-preview:large","max-video-preview":"max-video-preview:-1"},"canonical":"https:\/\/newsestlyonnais.fr\/site\/2016\/11\/28\/genas-les-resultats-du-week-end-de-lesga-foot-7\/","og_locale":"fr_FR","og_type":"article","og_title":"GENAS : Les r\u00e9sultats du week-end de l'ES Genas Azieu Foot","og_description":"GENAS : Les r\u00e9sultats du week-end de l'ES Genas Azieu Foot","og_url":"https:\/\/newsestlyonnais.fr\/site\/2016\/11\/28\/genas-les-resultats-du-week-end-de-lesga-foot-7\/","og_site_name":"News Est Lyonnais","article_author":"https:\/\/www.facebook.com\/pascal.oberson.1?fref=ts","article_published_time":"2016-11-28T07:52:05+00:00","article_modified_time":"2020-11-03T09:30:39+00:00","og_image":[{"width":1000,"height":750,"url":"https:\/\/i0.wp.com\/newsestlyonnais.fr\/site\/wp-content\/uploads\/2016\/11\/logo-genas.jpg?fit=1000%2C750&ssl=1","type":"image\/jpeg"}],"author":"R\u00e9dac. NEWS","twitter_card":"summary_large_image","twitter_misc":{"\u00c9crit par":"R\u00e9dac. NEWS","Dur\u00e9e de lecture estim\u00e9e":"1 minute"},"schema":{"@context":"https:\/\/schema.org","@graph":[{"@type":"Article","@id":"https:\/\/newsestlyonnais.fr\/site\/2016\/11\/28\/genas-les-resultats-du-week-end-de-lesga-foot-7\/#article","isPartOf":{"@id":"https:\/\/newsestlyonnais.fr\/site\/2016\/11\/28\/genas-les-resultats-du-week-end-de-lesga-foot-7\/"},"author":{"name":"R\u00e9dac. NEWS","@id":"https:\/\/newsestlyonnais.fr\/site\/#\/schema\/person\/3230d5615f390bb808365d673001e887"},"headline":"GENAS | Les r\u00e9sultats du week-end de l&rsquo;ESGA Foot","datePublished":"2016-11-28T07:52:05+00:00","dateModified":"2020-11-03T09:30:39+00:00","mainEntityOfPage":{"@id":"https:\/\/newsestlyonnais.fr\/site\/2016\/11\/28\/genas-les-resultats-du-week-end-de-lesga-foot-7\/"},"wordCount":152,"commentCount":0,"publisher":{"@id":"https:\/\/newsestlyonnais.fr\/site\/#organization"},"image":{"@id":"https:\/\/newsestlyonnais.fr\/site\/2016\/11\/28\/genas-les-resultats-du-week-end-de-lesga-foot-7\/#primaryimage"},"thumbnailUrl":"https:\/\/newsestlyonnais.fr\/site\/wp-content\/uploads\/2016\/11\/logo-genas.jpg","articleSection":["CCEL | Communes","Foot | Futsal","Foot | Rugby","Genas","P'tites News"],"inLanguage":"fr-FR","potentialAction":[{"@type":"CommentAction","name":"Comment","target":["https:\/\/newsestlyonnais.fr\/site\/2016\/11\/28\/genas-les-resultats-du-week-end-de-lesga-foot-7\/#respond"]}]},{"@type":"WebPage","@id":"https:\/\/newsestlyonnais.fr\/site\/2016\/11\/28\/genas-les-resultats-du-week-end-de-lesga-foot-7\/","url":"https:\/\/newsestlyonnais.fr\/site\/2016\/11\/28\/genas-les-resultats-du-week-end-de-lesga-foot-7\/","name":"GENAS : Les r\u00e9sultats du week-end de l'ES Genas Azieu Foot","isPartOf":{"@id":"https:\/\/newsestlyonnais.fr\/site\/#website"},"primaryImageOfPage":{"@id":"https:\/\/newsestlyonnais.fr\/site\/2016\/11\/28\/genas-les-resultats-du-week-end-de-lesga-foot-7\/#primaryimage"},"image":{"@id":"https:\/\/newsestlyonnais.fr\/site\/2016\/11\/28\/genas-les-resultats-du-week-end-de-lesga-foot-7\/#primaryimage"},"thumbnailUrl":"https:\/\/newsestlyonnais.fr\/site\/wp-content\/uploads\/2016\/11\/logo-genas.jpg","datePublished":"2016-11-28T07:52:05+00:00","dateModified":"2020-11-03T09:30:39+00:00","description":"GENAS : Les r\u00e9sultats du week-end de l'ES Genas Azieu Foot","breadcrumb":{"@id":"https:\/\/newsestlyonnais.fr\/site\/2016\/11\/28\/genas-les-resultats-du-week-end-de-lesga-foot-7\/#breadcrumb"},"inLanguage":"fr-FR","potentialAction":[{"@type":"ReadAction","target":["https:\/\/newsestlyonnais.fr\/site\/2016\/11\/28\/genas-les-resultats-du-week-end-de-lesga-foot-7\/"]}]},{"@type":"ImageObject","inLanguage":"fr-FR","@id":"https:\/\/newsestlyonnais.fr\/site\/2016\/11\/28\/genas-les-resultats-du-week-end-de-lesga-foot-7\/#primaryimage","url":"https:\/\/newsestlyonnais.fr\/site\/wp-content\/uploads\/2016\/11\/logo-genas.jpg","contentUrl":"https:\/\/newsestlyonnais.fr\/site\/wp-content\/uploads\/2016\/11\/logo-genas.jpg","width":1000,"height":750},{"@type":"BreadcrumbList","@id":"https:\/\/newsestlyonnais.fr\/site\/2016\/11\/28\/genas-les-resultats-du-week-end-de-lesga-foot-7\/#breadcrumb","itemListElement":[{"@type":"ListItem","position":1,"name":"Accueil","item":"https:\/\/newsestlyonnais.fr\/site\/"},{"@type":"ListItem","position":2,"name":"GENAS | Les r\u00e9sultats du week-end de l&rsquo;ESGA Foot"}]},{"@type":"WebSite","@id":"https:\/\/newsestlyonnais.fr\/site\/#website","url":"https:\/\/newsestlyonnais.fr\/site\/","name":"News Est Lyonnais","description":"L&#039;actualit\u00e9 au plus pr\u00e8s","publisher":{"@id":"https:\/\/newsestlyonnais.fr\/site\/#organization"},"potentialAction":[{"@type":"SearchAction","target":{"@type":"EntryPoint","urlTemplate":"https:\/\/newsestlyonnais.fr\/site\/?s={search_term_string}"},"query-input":{"@type":"PropertyValueSpecification","valueRequired":true,"valueName":"search_term_string"}}],"inLanguage":"fr-FR"},{"@type":"Organization","@id":"https:\/\/newsestlyonnais.fr\/site\/#organization","name":"News EST LYONNAIS","url":"https:\/\/newsestlyonnais.fr\/site\/","logo":{"@type":"ImageObject","inLanguage":"fr-FR","@id":"https:\/\/newsestlyonnais.fr\/site\/#\/schema\/logo\/image\/","url":"","contentUrl":"","caption":"News EST LYONNAIS"},"image":{"@id":"https:\/\/newsestlyonnais.fr\/site\/#\/schema\/logo\/image\/"}},{"@type":"Person","@id":"https:\/\/newsestlyonnais.fr\/site\/#\/schema\/person\/3230d5615f390bb808365d673001e887","name":"R\u00e9dac. NEWS","sameAs":["http:\/\/www.newsestlyonnais.fr","https:\/\/www.facebook.com\/pascal.oberson.1?fref=ts","https:\/\/fr.linkedin.com\/in\/pascal-oberson-b17045113"],"url":"https:\/\/newsestlyonnais.fr\/site\/author\/nel\/"}]}},"_links":{"self":[{"href":"https:\/\/newsestlyonnais.fr\/site\/wp-json\/wp\/v2\/posts\/16503","targetHints":{"allow":["GET"]}}],"collection":[{"href":"https:\/\/newsestlyonnais.fr\/site\/wp-json\/wp\/v2\/posts"}],"about":[{"href":"https:\/\/newsestlyonnais.fr\/site\/wp-json\/wp\/v2\/types\/post"}],"author":[{"embeddable":true,"href":"https:\/\/newsestlyonnais.fr\/site\/wp-json\/wp\/v2\/users\/4"}],"replies":[{"embeddable":true,"href":"https:\/\/newsestlyonnais.fr\/site\/wp-json\/wp\/v2\/comments?post=16503"}],"version-history":[{"count":0,"href":"https:\/\/newsestlyonnais.fr\/site\/wp-json\/wp\/v2\/posts\/16503\/revisions"}],"wp:featuredmedia":[{"embeddable":true,"href":"https:\/\/newsestlyonnais.fr\/site\/wp-json\/wp\/v2\/media\/16504"}],"wp:attachment":[{"href":"https:\/\/newsestlyonnais.fr\/site\/wp-json\/wp\/v2\/media?parent=16503"}],"wp:term":[{"taxonomy":"category","embeddable":true,"href":"https:\/\/newsestlyonnais.fr\/site\/wp-json\/wp\/v2\/categories?post=16503"},{"taxonomy":"post_tag","embeddable":true,"href":"https:\/\/newsestlyonnais.fr\/site\/wp-json\/wp\/v2\/tags?post=16503"}],"curies":[{"name":"wp","href":"https:\/\/api.w.org\/{rel}","templated":true}]}}