{"id":165143,"date":"2022-09-22T15:38:08","date_gmt":"2022-09-22T14:38:08","guid":{"rendered":"https:\/\/newsestlyonnais.fr\/site\/?p=165143"},"modified":"2022-10-16T14:14:40","modified_gmt":"2022-10-16T13:14:40","slug":"meyzieu-prochainement-sur-la-commune","status":"publish","type":"post","link":"https:\/\/newsestlyonnais.fr\/site\/2022\/09\/22\/meyzieu-prochainement-sur-la-commune\/","title":{"rendered":"MEYZIEU | Prochainement sur la commune"},"content":{"rendered":"<p><span style=\"background-color: #000000; color: #ffcc00;\">FIN DES TRAVAUX AU CENTRE AQUATIQUE LES VAGUES<\/span><\/p>\n<p><strong>Ce sont des travaux d\u2019envergure qui ont \u00e9t\u00e9 entrepris en fin d\u2019\u00e9t\u00e9 au centre.<\/strong><\/p>\n<p>Le centre aquatique a \u00e9t\u00e9 ferm\u00e9 afin d\u2019assurer :<\/p>\n<ul>\n<li>la r\u00e9novation totale de l\u2019\u00e9tanch\u00e9it\u00e9 des cinq bacs tampon (r\u00e9serve d\u2019eau entre le bassin et le syst\u00e8me de filtration) pour un montant de 88.963 \u20ac HT<\/li>\n<li>la r\u00e9vision et maintenance des bassins inox (reprise des joints, r\u00e9paration du liner, nettoyage de la structure inox, resserrage de parois inox&#8230;) pour un co\u00fbt de 19.749 \u20ac HT.<\/li>\n<\/ul>\n<p><strong>Les travaux annuels d\u2019entretien et de maintenance courante ont aussi \u00e9t\u00e9 accomplis pendant cette fermeture\u2026<\/strong><\/p>\n<p><strong>Initialement pr\u00e9vue mi-septembre, la r\u00e9ouverture du centre aquatique a du \u00eatre report\u00e9e.<\/strong><\/p>\n<p>En effet, au cours de son intervention l\u2019entit\u00e9 responsable des travaux, a constat\u00e9 des anomalies. Elle a tout mis en \u0153uvre pour garantir la qualit\u00e9 de l\u2019eau et le bon fonctionnement de certains appareils pour le plus grand confort des futurs baigneurs. Tout est pr\u00eat d\u00e9sormais pour accueillir les amateurs de sports aquatiques !<\/p>\n<p><span style=\"background-color: #000000; color: #ffffff;\"><strong>R\u00e9ouverture Lundi 3 octobre<br \/>\n<\/strong><\/span><\/p>\n<hr \/>\n<p><span style=\"background-color: #000000; color: #ffcc00;\">RENCONTRE DE QUARTIER SECTEUR TERRASSES \/ FERRY \/ BRASSENS<\/span><\/p>\n<p>Temps forts de la vie d\u00e9mocratique majolane, ces r\u00e9unions sont autant d\u2019occasions de faire le point sur les projets en cours et ceux \u00e0 venir.<\/p>\n<p>Ce sont aussi des moments d\u2019\u00e9changes pendant lesquels les habitants peuvent faire part de leurs pr\u00e9occupations et de leurs attentes.<br \/>\nLes habitants des quartiers concern\u00e9s re\u00e7oivent \u00e0 l\u2019approche de la date un courrier d\u2019invitation dans la bo\u00eete aux lettres de leur domicile.<\/p>\n<p><strong>Prochaines rencontres de quartier pr\u00e9vues<\/strong> :<\/p>\n<ul>\n<li>Mercredi 12 octobre : Balmes \/ Garennes<\/li>\n<li>Jeudi 20 octobre : Plant\u00e9es<\/li>\n<li>Jeudi 17 novembre : Mathiolan<\/li>\n<\/ul>\n<p><span style=\"background-color: #000000; color: #ffffff;\"><strong>Jeudi 6 octobre \u00e0 19 h \/ \u00c9cole primaire Jules Ferry<\/strong><\/span><\/p>\n<hr \/>\n<p><span style=\"background-color: #000000; color: #ffcc00;\">OCTOBRE ROSE &gt; LE POU\u00cbT-POU\u00cbT QUI SAUVE LA VIE !<\/span><\/p>\n<p>La Ville de Meyzieu s\u2019engage contre le cancer du sein. Octobre rose est une campagne annuelle de communication destin\u00e9e \u00e0 sensibiliser au d\u00e9pistage du cancer du sein et \u00e0 r\u00e9colter des fonds pour la recherche sur les causes du cancer du sein, sa pr\u00e9vention, son diagnostic, son traitement et sa gu\u00e9rison.<\/p>\n<p>Afin de participer concr\u00e8tement au d\u00e9pistage du cancer du sein, <strong>un atelier d\u2019auto-palpation, dit atelier \u00ab pou\u00ebt-pou\u00ebt \u00bb organis\u00e9 par l\u2019association Jeune&amp;Rose est propos\u00e9.<\/strong><\/p>\n<p>Cet <strong>atelier gratuit<\/strong> permet l\u2019apprentissage de l\u2019auto-palpation, men\u00e9e sur des bustes en silicone disposant de huit anomalies symptomatiques du cancer du sein (grosseur, r\u00e9traction mamelonnaire, \u00e9paississement de la peau, etc.). Une exp\u00e9rience tactile pour apprendre \u00e0 mieux reconna\u00eetre les sympt\u00f4mes de cette maladie.<\/p>\n<p><strong>Inscriptions et renseignements aupr\u00e8s du centre social et culturel Ren\u00e9 Cassin au 04 78 31 99 43.<\/strong><\/p>\n<p>\u00c0 l\u2019occasion d\u2019Octobre rose, et durant tout le mois d\u2019octobre, l\u2019H\u00f4tel de Ville de Meyzieu sera illumin\u00e9 en rose.<br \/>\n<strong>Parler du d\u00e9pistage du cancer du sein<\/strong> gr\u00e2ce au site : <span style=\"color: #0000ff;\"><a style=\"color: #0000ff;\" href=\"http:\/\/octobre-rose.ligue-cancer.net\"><strong>octobre-rose.ligue-cancer.net<\/strong><\/a><\/span><\/p>\n<p><span style=\"background-color: #000000; color: #ffffff;\"><strong> Mercredi 12 octobre \/ 15 h &gt; 18 h \/ Centre social et culturel Ren\u00e9 Cassin, 30, rue de Marseille<\/strong><\/span><\/p>\n<hr \/>\n<p><span style=\"color: #ffcc00; background-color: #000000;\">SEMAINE DU GO\u00dbT MON ASSIETTE, MA PLAN\u00c8TE<\/span><\/p>\n<p>Durant cette semaine d\u00e9di\u00e9e, <strong>plus de 2.600 jeunes Majolans seront sensibilis\u00e9s \u00e0 l\u2019impact de leur alimentation sur l\u2019environnement<\/strong>.<\/p>\n<p><strong>8 structures \u00abpetite enfance\u00bb et autant de groupes scolaires participent \u00e0 cette op\u00e9ration nationale.<\/strong><\/p>\n<p><strong>La th\u00e9matique, \u00ab Mon assiette, ma plan\u00e8te\u00bb<\/strong> a \u00e9t\u00e9 choisie sous l\u2019impulsion du comit\u00e9 consultatif communal de l\u2019alimentation et de Marie Buffin (adjointe au maire d\u00e9l\u00e9gu\u00e9e au d\u00e9veloppement durable, \u00e0 l\u2019alimentation et \u00e0 la cuisine centrale).<\/p>\n<p><span style=\"text-decoration: underline;\"><strong>Une semaine d&rsquo;animation et d&rsquo;ateliers<\/strong><\/span><\/p>\n<ul>\n<li>la cuisine centrale proposera des menus sp\u00e9ciaux mettant en avant les l\u00e9gumineuses et certaines c\u00e9r\u00e9ales<\/li>\n<li>sur les temps scolaires et p\u00e9riscolaires diff\u00e9rents ateliers seront propos\u00e9s, comme la confection de pain ou la plantation de lentilles<\/li>\n<li>mardi 11 octobre, un fournisseur viendra faire d\u00e9couvrir les l\u00e9gumineuses et leurs bienfaits pour la plan\u00e8te dans l\u2019un des restaurants scolaires.<\/li>\n<\/ul>\n<p><span style=\"text-decoration: underline;\"><strong>Concours de conception d&rsquo;affiche sur le th\u00e8me : \u00ab MON ASSIETTE, MA PLAN\u00c8TE \u00bb<\/strong><\/span><\/p>\n<p>Concours organis\u00e9 dans les groupes scolaires, les accueils p\u00e9riscolaires et les structures petite enfance. D\u00e9lib\u00e9ration du jury compos\u00e9 d\u2019\u00e9lus en charge de l\u2019alimentation et de l\u2019\u00e9ducation, de la di\u00e9t\u00e9ticienne et d\u2019agents de la Ville, le vendredi 14 octobre.<\/p>\n<ul>\n<li>1\u00b0 prix : visite de la cuisine centrale<\/li>\n<li>2\u00b0 prix : \u00e9laboration d\u2019un menu \u00ab plaisir \u00e9quilibr\u00e9 \u00bb pour les enfants d\u00e9jeunant aux restaurants scolaires de la Ville (\u00e9l\u00e9mentaires) et un atelier culinaire (maternelles).<\/li>\n<\/ul>\n<p><span style=\"text-decoration: underline;\"><strong>Quels th\u00e8mes et objectifs ?<\/strong><\/span><\/p>\n<p>\u2022 comprendre l\u2019impact des habitudes et comportements alimentaires sur l\u2019environnement et notre sant\u00e9,<br \/>\n\u2022 d\u00e9couvrir l\u2019origine des aliments,<br \/>\n\u2022 travailler sur l\u2019\u00e9quilibre alimentaire,<br \/>\n\u2022 r\u00e9fl\u00e9chir sur la r\u00e9duction des d\u00e9chets,<\/p>\n<p><span style=\"background-color: #000000; color: #ffffff;\"><strong>Du 10 au 14 octobre<\/strong> <\/span><\/p>\n<hr \/>\n<p>&nbsp;<\/p>\n","protected":false},"excerpt":{"rendered":"<p>R\u00e9ouverture du centre aquatique Les Vagues, rencontre de quartier, Octobre Rose et semaine du go\u00fbt constituent les moments forts locaux des prochains jours.  <\/p>\n","protected":false},"author":4,"featured_media":101256,"comment_status":"open","ping_status":"open","sticky":false,"template":"","format":"standard","meta":{"footnotes":""},"categories":[10,171,1152,24,1219,18,173,172],"tags":[2357,2081,3040,4155,3075,2127],"class_list":["post-165143","post","type-post","status-publish","format-standard","has-post-thumbnail","hentry","category-emplois","category-enfance-jeunesse","category-hippisme-piscines","category-meyzieu","category-religion-seniors-souvenir","category-sante-bien-etre-solidarite","category-scolaire","category-travaux-amenagements","tag-les-vagues","tag-meyzieu","tag-octobre-rose","tag-rencontres","tag-semaine","tag-travaux"],"yoast_head":"<!-- This site is optimized with the Yoast SEO plugin v27.2 - https:\/\/yoast.com\/product\/yoast-seo-wordpress\/ -->\n<title>MEYZIEU | Prochainement sur la commune - News Est Lyonnais<\/title>\n<meta name=\"description\" content=\"MEYZIEU | Prochainement sur la commune\" \/>\n<meta name=\"robots\" content=\"index, follow, max-snippet:-1, max-image-preview:large, max-video-preview:-1\" \/>\n<link rel=\"canonical\" href=\"https:\/\/newsestlyonnais.fr\/site\/2022\/09\/22\/meyzieu-prochainement-sur-la-commune\/\" \/>\n<meta property=\"og:locale\" content=\"fr_FR\" \/>\n<meta property=\"og:type\" content=\"article\" \/>\n<meta property=\"og:title\" content=\"MEYZIEU | Prochainement sur la commune - News Est Lyonnais\" \/>\n<meta property=\"og:description\" content=\"MEYZIEU | Prochainement sur la commune\" \/>\n<meta property=\"og:url\" content=\"https:\/\/newsestlyonnais.fr\/site\/2022\/09\/22\/meyzieu-prochainement-sur-la-commune\/\" \/>\n<meta property=\"og:site_name\" content=\"News Est Lyonnais\" \/>\n<meta property=\"article:author\" content=\"https:\/\/www.facebook.com\/pascal.oberson.1?fref=ts\" \/>\n<meta property=\"article:published_time\" content=\"2022-09-22T14:38:08+00:00\" \/>\n<meta property=\"article:modified_time\" content=\"2022-10-16T13:14:40+00:00\" \/>\n<meta property=\"og:image\" content=\"https:\/\/newsestlyonnais.fr\/site\/wp-content\/uploads\/2020\/05\/NEWSESTLYONNAIS-VUE-MEYZIEU.jpg\" \/>\n\t<meta property=\"og:image:width\" content=\"1280\" \/>\n\t<meta property=\"og:image:height\" content=\"960\" \/>\n\t<meta property=\"og:image:type\" content=\"image\/jpeg\" \/>\n<meta name=\"author\" content=\"R\u00e9dac. NEWS\" \/>\n<meta name=\"twitter:card\" content=\"summary_large_image\" \/>\n<meta name=\"twitter:label1\" content=\"\u00c9crit par\" \/>\n\t<meta name=\"twitter:data1\" content=\"R\u00e9dac. NEWS\" \/>\n\t<meta name=\"twitter:label2\" content=\"Dur\u00e9e de lecture estim\u00e9e\" \/>\n\t<meta name=\"twitter:data2\" content=\"4 minutes\" \/>\n<script type=\"application\/ld+json\" class=\"yoast-schema-graph\">{\"@context\":\"https:\/\/schema.org\",\"@graph\":[{\"@type\":\"Article\",\"@id\":\"https:\/\/newsestlyonnais.fr\/site\/2022\/09\/22\/meyzieu-prochainement-sur-la-commune\/#article\",\"isPartOf\":{\"@id\":\"https:\/\/newsestlyonnais.fr\/site\/2022\/09\/22\/meyzieu-prochainement-sur-la-commune\/\"},\"author\":{\"name\":\"R\u00e9dac. NEWS\",\"@id\":\"https:\/\/newsestlyonnais.fr\/site\/#\/schema\/person\/3230d5615f390bb808365d673001e887\"},\"headline\":\"MEYZIEU | Prochainement sur la commune\",\"datePublished\":\"2022-09-22T14:38:08+00:00\",\"dateModified\":\"2022-10-16T13:14:40+00:00\",\"mainEntityOfPage\":{\"@id\":\"https:\/\/newsestlyonnais.fr\/site\/2022\/09\/22\/meyzieu-prochainement-sur-la-commune\/\"},\"wordCount\":799,\"commentCount\":0,\"publisher\":{\"@id\":\"https:\/\/newsestlyonnais.fr\/site\/#organization\"},\"image\":{\"@id\":\"https:\/\/newsestlyonnais.fr\/site\/2022\/09\/22\/meyzieu-prochainement-sur-la-commune\/#primaryimage\"},\"thumbnailUrl\":\"https:\/\/newsestlyonnais.fr\/site\/wp-content\/uploads\/2020\/05\/NEWSESTLYONNAIS-VUE-MEYZIEU.jpg\",\"keywords\":[\"LES VAGUES\",\"MEYZIEU\",\"OCTOBRE ROSE\",\"RENCONTRES\",\"SEMAINE\",\"TRAVAUX\"],\"articleSection\":[\"Emplois\",\"Enfance | Jeunesse\",\"Hippisme | Piscines\",\"Meyzieu\",\"Religion | Seniors | Souvenir\",\"Sant\u00e9 | Bien Etre | Solidarit\u00e9\",\"Scolaire\",\"Travaux | Am\u00e9nagements\"],\"inLanguage\":\"fr-FR\",\"potentialAction\":[{\"@type\":\"CommentAction\",\"name\":\"Comment\",\"target\":[\"https:\/\/newsestlyonnais.fr\/site\/2022\/09\/22\/meyzieu-prochainement-sur-la-commune\/#respond\"]}]},{\"@type\":\"WebPage\",\"@id\":\"https:\/\/newsestlyonnais.fr\/site\/2022\/09\/22\/meyzieu-prochainement-sur-la-commune\/\",\"url\":\"https:\/\/newsestlyonnais.fr\/site\/2022\/09\/22\/meyzieu-prochainement-sur-la-commune\/\",\"name\":\"MEYZIEU | Prochainement sur la commune - News Est Lyonnais\",\"isPartOf\":{\"@id\":\"https:\/\/newsestlyonnais.fr\/site\/#website\"},\"primaryImageOfPage\":{\"@id\":\"https:\/\/newsestlyonnais.fr\/site\/2022\/09\/22\/meyzieu-prochainement-sur-la-commune\/#primaryimage\"},\"image\":{\"@id\":\"https:\/\/newsestlyonnais.fr\/site\/2022\/09\/22\/meyzieu-prochainement-sur-la-commune\/#primaryimage\"},\"thumbnailUrl\":\"https:\/\/newsestlyonnais.fr\/site\/wp-content\/uploads\/2020\/05\/NEWSESTLYONNAIS-VUE-MEYZIEU.jpg\",\"datePublished\":\"2022-09-22T14:38:08+00:00\",\"dateModified\":\"2022-10-16T13:14:40+00:00\",\"description\":\"MEYZIEU | Prochainement sur la commune\",\"breadcrumb\":{\"@id\":\"https:\/\/newsestlyonnais.fr\/site\/2022\/09\/22\/meyzieu-prochainement-sur-la-commune\/#breadcrumb\"},\"inLanguage\":\"fr-FR\",\"potentialAction\":[{\"@type\":\"ReadAction\",\"target\":[\"https:\/\/newsestlyonnais.fr\/site\/2022\/09\/22\/meyzieu-prochainement-sur-la-commune\/\"]}]},{\"@type\":\"ImageObject\",\"inLanguage\":\"fr-FR\",\"@id\":\"https:\/\/newsestlyonnais.fr\/site\/2022\/09\/22\/meyzieu-prochainement-sur-la-commune\/#primaryimage\",\"url\":\"https:\/\/newsestlyonnais.fr\/site\/wp-content\/uploads\/2020\/05\/NEWSESTLYONNAIS-VUE-MEYZIEU.jpg\",\"contentUrl\":\"https:\/\/newsestlyonnais.fr\/site\/wp-content\/uploads\/2020\/05\/NEWSESTLYONNAIS-VUE-MEYZIEU.jpg\",\"width\":1280,\"height\":960},{\"@type\":\"BreadcrumbList\",\"@id\":\"https:\/\/newsestlyonnais.fr\/site\/2022\/09\/22\/meyzieu-prochainement-sur-la-commune\/#breadcrumb\",\"itemListElement\":[{\"@type\":\"ListItem\",\"position\":1,\"name\":\"Accueil\",\"item\":\"https:\/\/newsestlyonnais.fr\/site\/\"},{\"@type\":\"ListItem\",\"position\":2,\"name\":\"MEYZIEU | Prochainement sur la commune\"}]},{\"@type\":\"WebSite\",\"@id\":\"https:\/\/newsestlyonnais.fr\/site\/#website\",\"url\":\"https:\/\/newsestlyonnais.fr\/site\/\",\"name\":\"News Est Lyonnais\",\"description\":\"L&#039;actualit\u00e9 au plus pr\u00e8s\",\"publisher\":{\"@id\":\"https:\/\/newsestlyonnais.fr\/site\/#organization\"},\"potentialAction\":[{\"@type\":\"SearchAction\",\"target\":{\"@type\":\"EntryPoint\",\"urlTemplate\":\"https:\/\/newsestlyonnais.fr\/site\/?s={search_term_string}\"},\"query-input\":{\"@type\":\"PropertyValueSpecification\",\"valueRequired\":true,\"valueName\":\"search_term_string\"}}],\"inLanguage\":\"fr-FR\"},{\"@type\":\"Organization\",\"@id\":\"https:\/\/newsestlyonnais.fr\/site\/#organization\",\"name\":\"News EST LYONNAIS\",\"url\":\"https:\/\/newsestlyonnais.fr\/site\/\",\"logo\":{\"@type\":\"ImageObject\",\"inLanguage\":\"fr-FR\",\"@id\":\"https:\/\/newsestlyonnais.fr\/site\/#\/schema\/logo\/image\/\",\"url\":\"\",\"contentUrl\":\"\",\"caption\":\"News EST LYONNAIS\"},\"image\":{\"@id\":\"https:\/\/newsestlyonnais.fr\/site\/#\/schema\/logo\/image\/\"}},{\"@type\":\"Person\",\"@id\":\"https:\/\/newsestlyonnais.fr\/site\/#\/schema\/person\/3230d5615f390bb808365d673001e887\",\"name\":\"R\u00e9dac. NEWS\",\"sameAs\":[\"http:\/\/www.newsestlyonnais.fr\",\"https:\/\/www.facebook.com\/pascal.oberson.1?fref=ts\",\"https:\/\/fr.linkedin.com\/in\/pascal-oberson-b17045113\"],\"url\":\"https:\/\/newsestlyonnais.fr\/site\/author\/nel\/\"}]}<\/script>\n<!-- \/ Yoast SEO plugin. -->","yoast_head_json":{"title":"MEYZIEU | Prochainement sur la commune - News Est Lyonnais","description":"MEYZIEU | Prochainement sur la commune","robots":{"index":"index","follow":"follow","max-snippet":"max-snippet:-1","max-image-preview":"max-image-preview:large","max-video-preview":"max-video-preview:-1"},"canonical":"https:\/\/newsestlyonnais.fr\/site\/2022\/09\/22\/meyzieu-prochainement-sur-la-commune\/","og_locale":"fr_FR","og_type":"article","og_title":"MEYZIEU | Prochainement sur la commune - News Est Lyonnais","og_description":"MEYZIEU | Prochainement sur la commune","og_url":"https:\/\/newsestlyonnais.fr\/site\/2022\/09\/22\/meyzieu-prochainement-sur-la-commune\/","og_site_name":"News Est Lyonnais","article_author":"https:\/\/www.facebook.com\/pascal.oberson.1?fref=ts","article_published_time":"2022-09-22T14:38:08+00:00","article_modified_time":"2022-10-16T13:14:40+00:00","og_image":[{"width":1280,"height":960,"url":"https:\/\/newsestlyonnais.fr\/site\/wp-content\/uploads\/2020\/05\/NEWSESTLYONNAIS-VUE-MEYZIEU.jpg","type":"image\/jpeg"}],"author":"R\u00e9dac. NEWS","twitter_card":"summary_large_image","twitter_misc":{"\u00c9crit par":"R\u00e9dac. NEWS","Dur\u00e9e de lecture estim\u00e9e":"4 minutes"},"schema":{"@context":"https:\/\/schema.org","@graph":[{"@type":"Article","@id":"https:\/\/newsestlyonnais.fr\/site\/2022\/09\/22\/meyzieu-prochainement-sur-la-commune\/#article","isPartOf":{"@id":"https:\/\/newsestlyonnais.fr\/site\/2022\/09\/22\/meyzieu-prochainement-sur-la-commune\/"},"author":{"name":"R\u00e9dac. NEWS","@id":"https:\/\/newsestlyonnais.fr\/site\/#\/schema\/person\/3230d5615f390bb808365d673001e887"},"headline":"MEYZIEU | Prochainement sur la commune","datePublished":"2022-09-22T14:38:08+00:00","dateModified":"2022-10-16T13:14:40+00:00","mainEntityOfPage":{"@id":"https:\/\/newsestlyonnais.fr\/site\/2022\/09\/22\/meyzieu-prochainement-sur-la-commune\/"},"wordCount":799,"commentCount":0,"publisher":{"@id":"https:\/\/newsestlyonnais.fr\/site\/#organization"},"image":{"@id":"https:\/\/newsestlyonnais.fr\/site\/2022\/09\/22\/meyzieu-prochainement-sur-la-commune\/#primaryimage"},"thumbnailUrl":"https:\/\/newsestlyonnais.fr\/site\/wp-content\/uploads\/2020\/05\/NEWSESTLYONNAIS-VUE-MEYZIEU.jpg","keywords":["LES VAGUES","MEYZIEU","OCTOBRE ROSE","RENCONTRES","SEMAINE","TRAVAUX"],"articleSection":["Emplois","Enfance | Jeunesse","Hippisme | Piscines","Meyzieu","Religion | Seniors | Souvenir","Sant\u00e9 | Bien Etre | Solidarit\u00e9","Scolaire","Travaux | Am\u00e9nagements"],"inLanguage":"fr-FR","potentialAction":[{"@type":"CommentAction","name":"Comment","target":["https:\/\/newsestlyonnais.fr\/site\/2022\/09\/22\/meyzieu-prochainement-sur-la-commune\/#respond"]}]},{"@type":"WebPage","@id":"https:\/\/newsestlyonnais.fr\/site\/2022\/09\/22\/meyzieu-prochainement-sur-la-commune\/","url":"https:\/\/newsestlyonnais.fr\/site\/2022\/09\/22\/meyzieu-prochainement-sur-la-commune\/","name":"MEYZIEU | Prochainement sur la commune - News Est Lyonnais","isPartOf":{"@id":"https:\/\/newsestlyonnais.fr\/site\/#website"},"primaryImageOfPage":{"@id":"https:\/\/newsestlyonnais.fr\/site\/2022\/09\/22\/meyzieu-prochainement-sur-la-commune\/#primaryimage"},"image":{"@id":"https:\/\/newsestlyonnais.fr\/site\/2022\/09\/22\/meyzieu-prochainement-sur-la-commune\/#primaryimage"},"thumbnailUrl":"https:\/\/newsestlyonnais.fr\/site\/wp-content\/uploads\/2020\/05\/NEWSESTLYONNAIS-VUE-MEYZIEU.jpg","datePublished":"2022-09-22T14:38:08+00:00","dateModified":"2022-10-16T13:14:40+00:00","description":"MEYZIEU | Prochainement sur la commune","breadcrumb":{"@id":"https:\/\/newsestlyonnais.fr\/site\/2022\/09\/22\/meyzieu-prochainement-sur-la-commune\/#breadcrumb"},"inLanguage":"fr-FR","potentialAction":[{"@type":"ReadAction","target":["https:\/\/newsestlyonnais.fr\/site\/2022\/09\/22\/meyzieu-prochainement-sur-la-commune\/"]}]},{"@type":"ImageObject","inLanguage":"fr-FR","@id":"https:\/\/newsestlyonnais.fr\/site\/2022\/09\/22\/meyzieu-prochainement-sur-la-commune\/#primaryimage","url":"https:\/\/newsestlyonnais.fr\/site\/wp-content\/uploads\/2020\/05\/NEWSESTLYONNAIS-VUE-MEYZIEU.jpg","contentUrl":"https:\/\/newsestlyonnais.fr\/site\/wp-content\/uploads\/2020\/05\/NEWSESTLYONNAIS-VUE-MEYZIEU.jpg","width":1280,"height":960},{"@type":"BreadcrumbList","@id":"https:\/\/newsestlyonnais.fr\/site\/2022\/09\/22\/meyzieu-prochainement-sur-la-commune\/#breadcrumb","itemListElement":[{"@type":"ListItem","position":1,"name":"Accueil","item":"https:\/\/newsestlyonnais.fr\/site\/"},{"@type":"ListItem","position":2,"name":"MEYZIEU | Prochainement sur la commune"}]},{"@type":"WebSite","@id":"https:\/\/newsestlyonnais.fr\/site\/#website","url":"https:\/\/newsestlyonnais.fr\/site\/","name":"News Est Lyonnais","description":"L&#039;actualit\u00e9 au plus pr\u00e8s","publisher":{"@id":"https:\/\/newsestlyonnais.fr\/site\/#organization"},"potentialAction":[{"@type":"SearchAction","target":{"@type":"EntryPoint","urlTemplate":"https:\/\/newsestlyonnais.fr\/site\/?s={search_term_string}"},"query-input":{"@type":"PropertyValueSpecification","valueRequired":true,"valueName":"search_term_string"}}],"inLanguage":"fr-FR"},{"@type":"Organization","@id":"https:\/\/newsestlyonnais.fr\/site\/#organization","name":"News EST LYONNAIS","url":"https:\/\/newsestlyonnais.fr\/site\/","logo":{"@type":"ImageObject","inLanguage":"fr-FR","@id":"https:\/\/newsestlyonnais.fr\/site\/#\/schema\/logo\/image\/","url":"","contentUrl":"","caption":"News EST LYONNAIS"},"image":{"@id":"https:\/\/newsestlyonnais.fr\/site\/#\/schema\/logo\/image\/"}},{"@type":"Person","@id":"https:\/\/newsestlyonnais.fr\/site\/#\/schema\/person\/3230d5615f390bb808365d673001e887","name":"R\u00e9dac. NEWS","sameAs":["http:\/\/www.newsestlyonnais.fr","https:\/\/www.facebook.com\/pascal.oberson.1?fref=ts","https:\/\/fr.linkedin.com\/in\/pascal-oberson-b17045113"],"url":"https:\/\/newsestlyonnais.fr\/site\/author\/nel\/"}]}},"_links":{"self":[{"href":"https:\/\/newsestlyonnais.fr\/site\/wp-json\/wp\/v2\/posts\/165143","targetHints":{"allow":["GET"]}}],"collection":[{"href":"https:\/\/newsestlyonnais.fr\/site\/wp-json\/wp\/v2\/posts"}],"about":[{"href":"https:\/\/newsestlyonnais.fr\/site\/wp-json\/wp\/v2\/types\/post"}],"author":[{"embeddable":true,"href":"https:\/\/newsestlyonnais.fr\/site\/wp-json\/wp\/v2\/users\/4"}],"replies":[{"embeddable":true,"href":"https:\/\/newsestlyonnais.fr\/site\/wp-json\/wp\/v2\/comments?post=165143"}],"version-history":[{"count":0,"href":"https:\/\/newsestlyonnais.fr\/site\/wp-json\/wp\/v2\/posts\/165143\/revisions"}],"wp:featuredmedia":[{"embeddable":true,"href":"https:\/\/newsestlyonnais.fr\/site\/wp-json\/wp\/v2\/media\/101256"}],"wp:attachment":[{"href":"https:\/\/newsestlyonnais.fr\/site\/wp-json\/wp\/v2\/media?parent=165143"}],"wp:term":[{"taxonomy":"category","embeddable":true,"href":"https:\/\/newsestlyonnais.fr\/site\/wp-json\/wp\/v2\/categories?post=165143"},{"taxonomy":"post_tag","embeddable":true,"href":"https:\/\/newsestlyonnais.fr\/site\/wp-json\/wp\/v2\/tags?post=165143"}],"curies":[{"name":"wp","href":"https:\/\/api.w.org\/{rel}","templated":true}]}}