{"id":16531,"date":"2016-11-28T12:01:38","date_gmt":"2016-11-28T11:01:38","guid":{"rendered":"http:\/\/newsestlyonnais.fr\/site\/?p=16531"},"modified":"2020-11-05T13:48:25","modified_gmt":"2020-11-05T12:48:25","slug":"vaulx-velin-deux-jeunes-vaudais-recompenses-comite-rhone-de-petanque","status":"publish","type":"post","link":"https:\/\/newsestlyonnais.fr\/site\/2016\/11\/28\/vaulx-velin-deux-jeunes-vaudais-recompenses-comite-rhone-de-petanque\/","title":{"rendered":"VAULX-EN-VELIN | Deux jeunes vaudais r\u00e9compens\u00e9s par le Comit\u00e9 du Rh\u00f4ne de P\u00e9tanque"},"content":{"rendered":"<h4>L\u2019AS P\u00e9tanque Vaulx Village \u00e9tait \u00e0 l\u2019honneur samedi apr\u00e8s-midi \u00e0 Chaponnay lors de l\u2019assembl\u00e9e g\u00e9n\u00e9rale du Comit\u00e9 du Rh\u00f4ne de P\u00e9tanque.<\/h4>\n<p><span style=\"text-decoration: underline\">Killian Amirault<\/span> et <span style=\"text-decoration: underline\">Lorenzo Veglione<\/span> (<strong>PHOTO A LA UNE<\/strong>) ont en effet \u00e9t\u00e9 honor\u00e9s dans les cat\u00e9gories jeunes, lors de la remise des r\u00e9compenses, apr\u00e8s avoir d\u00e9croch\u00e9 en avril dernier les titres de champions du Rh\u00f4ne en doublette et en triplettes.<\/p>\n<p><img loading=\"lazy\" decoding=\"async\" class=\"alignleft size-full wp-image-16534\" src=\"https:\/\/newsestlyonnais.fr\/site\/medias\/2016\/11\/NEWSESTLYONNAIS-JEUNES.jpg\" alt=\"newsestlyonnais-jeunes\" width=\"1000\" height=\"750\" srcset=\"https:\/\/newsestlyonnais.fr\/site\/wp-content\/uploads\/2016\/11\/NEWSESTLYONNAIS-JEUNES.jpg 1000w, https:\/\/newsestlyonnais.fr\/site\/wp-content\/uploads\/2016\/11\/NEWSESTLYONNAIS-JEUNES-400x300.jpg 400w, https:\/\/newsestlyonnais.fr\/site\/wp-content\/uploads\/2016\/11\/NEWSESTLYONNAIS-JEUNES-768x576.jpg 768w, https:\/\/newsestlyonnais.fr\/site\/wp-content\/uploads\/2016\/11\/NEWSESTLYONNAIS-JEUNES-600x450.jpg 600w, https:\/\/newsestlyonnais.fr\/site\/wp-content\/uploads\/2016\/11\/NEWSESTLYONNAIS-JEUNES-100x75.jpg 100w\" sizes=\"auto, (max-width: 1000px) 100vw, 1000px\" \/><\/p>\n","protected":false},"excerpt":{"rendered":"<p>L\u2019AS P\u00e9tanque Vaulx Village \u00e9tait \u00e0 l\u2019honneur samedi apr\u00e8s-midi \u00e0 Chaponnay lors de l\u2019assembl\u00e9e g\u00e9n\u00e9rale du Comit\u00e9 du Rh\u00f4ne de P\u00e9tanque. Killian Amirault et Lorenzo Veglione (PHOTO A LA UNE) ont en effet \u00e9t\u00e9 honor\u00e9s dans les cat\u00e9gories jeunes, lors de la remise des r\u00e9compenses, apr\u00e8s avoir d\u00e9croch\u00e9 en avril dernier les titres de champions [&hellip;]<\/p>\n","protected":false},"author":4,"featured_media":16533,"comment_status":"open","ping_status":"open","sticky":false,"template":"","format":"standard","meta":{"footnotes":""},"categories":[2977,3016,787,2978,28],"tags":[],"class_list":["post-16531","post","type-post","status-publish","format-standard","has-post-thumbnail","hentry","category-boules-petanque-sports","category-institutions-trophees-jo","category-ptites-news","category-petanque-sports","category-vaulx-en-velin"],"yoast_head":"<!-- This site is optimized with the Yoast SEO plugin v27.2 - https:\/\/yoast.com\/product\/yoast-seo-wordpress\/ -->\n<title>VAULX-EN-VELIN | Deux jeunes vaudais r\u00e9compens\u00e9s par le Comit\u00e9 du Rh\u00f4ne de P\u00e9tanque - News Est Lyonnais<\/title>\n<meta name=\"description\" content=\"2 jeunes vaudais r\u00e9compens\u00e9s par le Comit\u00e9 du Rh\u00f4ne de P\u00e9tanque.L\u2019AS P\u00e9tanque Vaulx Village \u00e9tait \u00e0 l\u2019honneur \u00e0 Chaponnay lors de l\u2019AG du Comit\u00e9 du Rh\u00f4ne.\" \/>\n<meta name=\"robots\" content=\"index, follow, max-snippet:-1, max-image-preview:large, max-video-preview:-1\" \/>\n<link rel=\"canonical\" href=\"https:\/\/newsestlyonnais.fr\/site\/2016\/11\/28\/vaulx-velin-deux-jeunes-vaudais-recompenses-comite-rhone-de-petanque\/\" \/>\n<meta property=\"og:locale\" content=\"fr_FR\" \/>\n<meta property=\"og:type\" content=\"article\" \/>\n<meta property=\"og:title\" content=\"VAULX-EN-VELIN | Deux jeunes vaudais r\u00e9compens\u00e9s par le Comit\u00e9 du Rh\u00f4ne de P\u00e9tanque - News Est Lyonnais\" \/>\n<meta property=\"og:description\" content=\"2 jeunes vaudais r\u00e9compens\u00e9s par le Comit\u00e9 du Rh\u00f4ne de P\u00e9tanque.L\u2019AS P\u00e9tanque Vaulx Village \u00e9tait \u00e0 l\u2019honneur \u00e0 Chaponnay lors de l\u2019AG du Comit\u00e9 du Rh\u00f4ne.\" \/>\n<meta property=\"og:url\" content=\"https:\/\/newsestlyonnais.fr\/site\/2016\/11\/28\/vaulx-velin-deux-jeunes-vaudais-recompenses-comite-rhone-de-petanque\/\" \/>\n<meta property=\"og:site_name\" content=\"News Est Lyonnais\" \/>\n<meta property=\"article:author\" content=\"https:\/\/www.facebook.com\/pascal.oberson.1?fref=ts\" \/>\n<meta property=\"article:published_time\" content=\"2016-11-28T11:01:38+00:00\" \/>\n<meta property=\"article:modified_time\" content=\"2020-11-05T12:48:25+00:00\" \/>\n<meta property=\"og:image\" content=\"https:\/\/i1.wp.com\/newsestlyonnais.fr\/site\/wp-content\/uploads\/2016\/11\/NEWSESTLYONNAIS-doublettes-vaulx.jpg?fit=1000%2C750&ssl=1\" \/>\n\t<meta property=\"og:image:width\" content=\"1000\" \/>\n\t<meta property=\"og:image:height\" content=\"750\" \/>\n\t<meta property=\"og:image:type\" content=\"image\/jpeg\" \/>\n<meta name=\"author\" content=\"R\u00e9dac. NEWS\" \/>\n<meta name=\"twitter:card\" content=\"summary_large_image\" \/>\n<meta name=\"twitter:label1\" content=\"\u00c9crit par\" \/>\n\t<meta name=\"twitter:data1\" content=\"R\u00e9dac. NEWS\" \/>\n<script type=\"application\/ld+json\" class=\"yoast-schema-graph\">{\"@context\":\"https:\/\/schema.org\",\"@graph\":[{\"@type\":\"Article\",\"@id\":\"https:\/\/newsestlyonnais.fr\/site\/2016\/11\/28\/vaulx-velin-deux-jeunes-vaudais-recompenses-comite-rhone-de-petanque\/#article\",\"isPartOf\":{\"@id\":\"https:\/\/newsestlyonnais.fr\/site\/2016\/11\/28\/vaulx-velin-deux-jeunes-vaudais-recompenses-comite-rhone-de-petanque\/\"},\"author\":{\"name\":\"R\u00e9dac. NEWS\",\"@id\":\"https:\/\/newsestlyonnais.fr\/site\/#\/schema\/person\/3230d5615f390bb808365d673001e887\"},\"headline\":\"VAULX-EN-VELIN | Deux jeunes vaudais r\u00e9compens\u00e9s par le Comit\u00e9 du Rh\u00f4ne de P\u00e9tanque\",\"datePublished\":\"2016-11-28T11:01:38+00:00\",\"dateModified\":\"2020-11-05T12:48:25+00:00\",\"mainEntityOfPage\":{\"@id\":\"https:\/\/newsestlyonnais.fr\/site\/2016\/11\/28\/vaulx-velin-deux-jeunes-vaudais-recompenses-comite-rhone-de-petanque\/\"},\"wordCount\":92,\"commentCount\":0,\"publisher\":{\"@id\":\"https:\/\/newsestlyonnais.fr\/site\/#organization\"},\"image\":{\"@id\":\"https:\/\/newsestlyonnais.fr\/site\/2016\/11\/28\/vaulx-velin-deux-jeunes-vaudais-recompenses-comite-rhone-de-petanque\/#primaryimage\"},\"thumbnailUrl\":\"https:\/\/newsestlyonnais.fr\/site\/wp-content\/uploads\/2016\/11\/NEWSESTLYONNAIS-doublettes-vaulx.jpg\",\"articleSection\":[\"Boules | P\u00e9tanque\",\"Institutions | Troph\u00e9es | J.O.\",\"P'tites News\",\"P\u00e9tanque\",\"Vaulx-en-Velin\"],\"inLanguage\":\"fr-FR\",\"potentialAction\":[{\"@type\":\"CommentAction\",\"name\":\"Comment\",\"target\":[\"https:\/\/newsestlyonnais.fr\/site\/2016\/11\/28\/vaulx-velin-deux-jeunes-vaudais-recompenses-comite-rhone-de-petanque\/#respond\"]}]},{\"@type\":\"WebPage\",\"@id\":\"https:\/\/newsestlyonnais.fr\/site\/2016\/11\/28\/vaulx-velin-deux-jeunes-vaudais-recompenses-comite-rhone-de-petanque\/\",\"url\":\"https:\/\/newsestlyonnais.fr\/site\/2016\/11\/28\/vaulx-velin-deux-jeunes-vaudais-recompenses-comite-rhone-de-petanque\/\",\"name\":\"VAULX-EN-VELIN | Deux jeunes vaudais r\u00e9compens\u00e9s par le Comit\u00e9 du Rh\u00f4ne de P\u00e9tanque - News Est Lyonnais\",\"isPartOf\":{\"@id\":\"https:\/\/newsestlyonnais.fr\/site\/#website\"},\"primaryImageOfPage\":{\"@id\":\"https:\/\/newsestlyonnais.fr\/site\/2016\/11\/28\/vaulx-velin-deux-jeunes-vaudais-recompenses-comite-rhone-de-petanque\/#primaryimage\"},\"image\":{\"@id\":\"https:\/\/newsestlyonnais.fr\/site\/2016\/11\/28\/vaulx-velin-deux-jeunes-vaudais-recompenses-comite-rhone-de-petanque\/#primaryimage\"},\"thumbnailUrl\":\"https:\/\/newsestlyonnais.fr\/site\/wp-content\/uploads\/2016\/11\/NEWSESTLYONNAIS-doublettes-vaulx.jpg\",\"datePublished\":\"2016-11-28T11:01:38+00:00\",\"dateModified\":\"2020-11-05T12:48:25+00:00\",\"description\":\"2 jeunes vaudais r\u00e9compens\u00e9s par le Comit\u00e9 du Rh\u00f4ne de P\u00e9tanque.L\u2019AS P\u00e9tanque Vaulx Village \u00e9tait \u00e0 l\u2019honneur \u00e0 Chaponnay lors de l\u2019AG du Comit\u00e9 du Rh\u00f4ne.\",\"breadcrumb\":{\"@id\":\"https:\/\/newsestlyonnais.fr\/site\/2016\/11\/28\/vaulx-velin-deux-jeunes-vaudais-recompenses-comite-rhone-de-petanque\/#breadcrumb\"},\"inLanguage\":\"fr-FR\",\"potentialAction\":[{\"@type\":\"ReadAction\",\"target\":[\"https:\/\/newsestlyonnais.fr\/site\/2016\/11\/28\/vaulx-velin-deux-jeunes-vaudais-recompenses-comite-rhone-de-petanque\/\"]}]},{\"@type\":\"ImageObject\",\"inLanguage\":\"fr-FR\",\"@id\":\"https:\/\/newsestlyonnais.fr\/site\/2016\/11\/28\/vaulx-velin-deux-jeunes-vaudais-recompenses-comite-rhone-de-petanque\/#primaryimage\",\"url\":\"https:\/\/newsestlyonnais.fr\/site\/wp-content\/uploads\/2016\/11\/NEWSESTLYONNAIS-doublettes-vaulx.jpg\",\"contentUrl\":\"https:\/\/newsestlyonnais.fr\/site\/wp-content\/uploads\/2016\/11\/NEWSESTLYONNAIS-doublettes-vaulx.jpg\",\"width\":1000,\"height\":750},{\"@type\":\"BreadcrumbList\",\"@id\":\"https:\/\/newsestlyonnais.fr\/site\/2016\/11\/28\/vaulx-velin-deux-jeunes-vaudais-recompenses-comite-rhone-de-petanque\/#breadcrumb\",\"itemListElement\":[{\"@type\":\"ListItem\",\"position\":1,\"name\":\"Accueil\",\"item\":\"https:\/\/newsestlyonnais.fr\/site\/\"},{\"@type\":\"ListItem\",\"position\":2,\"name\":\"VAULX-EN-VELIN | Deux jeunes vaudais r\u00e9compens\u00e9s par le Comit\u00e9 du Rh\u00f4ne de P\u00e9tanque\"}]},{\"@type\":\"WebSite\",\"@id\":\"https:\/\/newsestlyonnais.fr\/site\/#website\",\"url\":\"https:\/\/newsestlyonnais.fr\/site\/\",\"name\":\"News Est Lyonnais\",\"description\":\"L&#039;actualit\u00e9 au plus pr\u00e8s\",\"publisher\":{\"@id\":\"https:\/\/newsestlyonnais.fr\/site\/#organization\"},\"potentialAction\":[{\"@type\":\"SearchAction\",\"target\":{\"@type\":\"EntryPoint\",\"urlTemplate\":\"https:\/\/newsestlyonnais.fr\/site\/?s={search_term_string}\"},\"query-input\":{\"@type\":\"PropertyValueSpecification\",\"valueRequired\":true,\"valueName\":\"search_term_string\"}}],\"inLanguage\":\"fr-FR\"},{\"@type\":\"Organization\",\"@id\":\"https:\/\/newsestlyonnais.fr\/site\/#organization\",\"name\":\"News EST LYONNAIS\",\"url\":\"https:\/\/newsestlyonnais.fr\/site\/\",\"logo\":{\"@type\":\"ImageObject\",\"inLanguage\":\"fr-FR\",\"@id\":\"https:\/\/newsestlyonnais.fr\/site\/#\/schema\/logo\/image\/\",\"url\":\"\",\"contentUrl\":\"\",\"caption\":\"News EST LYONNAIS\"},\"image\":{\"@id\":\"https:\/\/newsestlyonnais.fr\/site\/#\/schema\/logo\/image\/\"}},{\"@type\":\"Person\",\"@id\":\"https:\/\/newsestlyonnais.fr\/site\/#\/schema\/person\/3230d5615f390bb808365d673001e887\",\"name\":\"R\u00e9dac. NEWS\",\"sameAs\":[\"http:\/\/www.newsestlyonnais.fr\",\"https:\/\/www.facebook.com\/pascal.oberson.1?fref=ts\",\"https:\/\/fr.linkedin.com\/in\/pascal-oberson-b17045113\"],\"url\":\"https:\/\/newsestlyonnais.fr\/site\/author\/nel\/\"}]}<\/script>\n<!-- \/ Yoast SEO plugin. -->","yoast_head_json":{"title":"VAULX-EN-VELIN | Deux jeunes vaudais r\u00e9compens\u00e9s par le Comit\u00e9 du Rh\u00f4ne de P\u00e9tanque - News Est Lyonnais","description":"2 jeunes vaudais r\u00e9compens\u00e9s par le Comit\u00e9 du Rh\u00f4ne de P\u00e9tanque.L\u2019AS P\u00e9tanque Vaulx Village \u00e9tait \u00e0 l\u2019honneur \u00e0 Chaponnay lors de l\u2019AG du Comit\u00e9 du Rh\u00f4ne.","robots":{"index":"index","follow":"follow","max-snippet":"max-snippet:-1","max-image-preview":"max-image-preview:large","max-video-preview":"max-video-preview:-1"},"canonical":"https:\/\/newsestlyonnais.fr\/site\/2016\/11\/28\/vaulx-velin-deux-jeunes-vaudais-recompenses-comite-rhone-de-petanque\/","og_locale":"fr_FR","og_type":"article","og_title":"VAULX-EN-VELIN | Deux jeunes vaudais r\u00e9compens\u00e9s par le Comit\u00e9 du Rh\u00f4ne de P\u00e9tanque - News Est Lyonnais","og_description":"2 jeunes vaudais r\u00e9compens\u00e9s par le Comit\u00e9 du Rh\u00f4ne de P\u00e9tanque.L\u2019AS P\u00e9tanque Vaulx Village \u00e9tait \u00e0 l\u2019honneur \u00e0 Chaponnay lors de l\u2019AG du Comit\u00e9 du Rh\u00f4ne.","og_url":"https:\/\/newsestlyonnais.fr\/site\/2016\/11\/28\/vaulx-velin-deux-jeunes-vaudais-recompenses-comite-rhone-de-petanque\/","og_site_name":"News Est Lyonnais","article_author":"https:\/\/www.facebook.com\/pascal.oberson.1?fref=ts","article_published_time":"2016-11-28T11:01:38+00:00","article_modified_time":"2020-11-05T12:48:25+00:00","og_image":[{"width":1000,"height":750,"url":"https:\/\/i1.wp.com\/newsestlyonnais.fr\/site\/wp-content\/uploads\/2016\/11\/NEWSESTLYONNAIS-doublettes-vaulx.jpg?fit=1000%2C750&ssl=1","type":"image\/jpeg"}],"author":"R\u00e9dac. NEWS","twitter_card":"summary_large_image","twitter_misc":{"\u00c9crit par":"R\u00e9dac. NEWS"},"schema":{"@context":"https:\/\/schema.org","@graph":[{"@type":"Article","@id":"https:\/\/newsestlyonnais.fr\/site\/2016\/11\/28\/vaulx-velin-deux-jeunes-vaudais-recompenses-comite-rhone-de-petanque\/#article","isPartOf":{"@id":"https:\/\/newsestlyonnais.fr\/site\/2016\/11\/28\/vaulx-velin-deux-jeunes-vaudais-recompenses-comite-rhone-de-petanque\/"},"author":{"name":"R\u00e9dac. NEWS","@id":"https:\/\/newsestlyonnais.fr\/site\/#\/schema\/person\/3230d5615f390bb808365d673001e887"},"headline":"VAULX-EN-VELIN | Deux jeunes vaudais r\u00e9compens\u00e9s par le Comit\u00e9 du Rh\u00f4ne de P\u00e9tanque","datePublished":"2016-11-28T11:01:38+00:00","dateModified":"2020-11-05T12:48:25+00:00","mainEntityOfPage":{"@id":"https:\/\/newsestlyonnais.fr\/site\/2016\/11\/28\/vaulx-velin-deux-jeunes-vaudais-recompenses-comite-rhone-de-petanque\/"},"wordCount":92,"commentCount":0,"publisher":{"@id":"https:\/\/newsestlyonnais.fr\/site\/#organization"},"image":{"@id":"https:\/\/newsestlyonnais.fr\/site\/2016\/11\/28\/vaulx-velin-deux-jeunes-vaudais-recompenses-comite-rhone-de-petanque\/#primaryimage"},"thumbnailUrl":"https:\/\/newsestlyonnais.fr\/site\/wp-content\/uploads\/2016\/11\/NEWSESTLYONNAIS-doublettes-vaulx.jpg","articleSection":["Boules | P\u00e9tanque","Institutions | Troph\u00e9es | J.O.","P'tites News","P\u00e9tanque","Vaulx-en-Velin"],"inLanguage":"fr-FR","potentialAction":[{"@type":"CommentAction","name":"Comment","target":["https:\/\/newsestlyonnais.fr\/site\/2016\/11\/28\/vaulx-velin-deux-jeunes-vaudais-recompenses-comite-rhone-de-petanque\/#respond"]}]},{"@type":"WebPage","@id":"https:\/\/newsestlyonnais.fr\/site\/2016\/11\/28\/vaulx-velin-deux-jeunes-vaudais-recompenses-comite-rhone-de-petanque\/","url":"https:\/\/newsestlyonnais.fr\/site\/2016\/11\/28\/vaulx-velin-deux-jeunes-vaudais-recompenses-comite-rhone-de-petanque\/","name":"VAULX-EN-VELIN | Deux jeunes vaudais r\u00e9compens\u00e9s par le Comit\u00e9 du Rh\u00f4ne de P\u00e9tanque - News Est Lyonnais","isPartOf":{"@id":"https:\/\/newsestlyonnais.fr\/site\/#website"},"primaryImageOfPage":{"@id":"https:\/\/newsestlyonnais.fr\/site\/2016\/11\/28\/vaulx-velin-deux-jeunes-vaudais-recompenses-comite-rhone-de-petanque\/#primaryimage"},"image":{"@id":"https:\/\/newsestlyonnais.fr\/site\/2016\/11\/28\/vaulx-velin-deux-jeunes-vaudais-recompenses-comite-rhone-de-petanque\/#primaryimage"},"thumbnailUrl":"https:\/\/newsestlyonnais.fr\/site\/wp-content\/uploads\/2016\/11\/NEWSESTLYONNAIS-doublettes-vaulx.jpg","datePublished":"2016-11-28T11:01:38+00:00","dateModified":"2020-11-05T12:48:25+00:00","description":"2 jeunes vaudais r\u00e9compens\u00e9s par le Comit\u00e9 du Rh\u00f4ne de P\u00e9tanque.L\u2019AS P\u00e9tanque Vaulx Village \u00e9tait \u00e0 l\u2019honneur \u00e0 Chaponnay lors de l\u2019AG du Comit\u00e9 du Rh\u00f4ne.","breadcrumb":{"@id":"https:\/\/newsestlyonnais.fr\/site\/2016\/11\/28\/vaulx-velin-deux-jeunes-vaudais-recompenses-comite-rhone-de-petanque\/#breadcrumb"},"inLanguage":"fr-FR","potentialAction":[{"@type":"ReadAction","target":["https:\/\/newsestlyonnais.fr\/site\/2016\/11\/28\/vaulx-velin-deux-jeunes-vaudais-recompenses-comite-rhone-de-petanque\/"]}]},{"@type":"ImageObject","inLanguage":"fr-FR","@id":"https:\/\/newsestlyonnais.fr\/site\/2016\/11\/28\/vaulx-velin-deux-jeunes-vaudais-recompenses-comite-rhone-de-petanque\/#primaryimage","url":"https:\/\/newsestlyonnais.fr\/site\/wp-content\/uploads\/2016\/11\/NEWSESTLYONNAIS-doublettes-vaulx.jpg","contentUrl":"https:\/\/newsestlyonnais.fr\/site\/wp-content\/uploads\/2016\/11\/NEWSESTLYONNAIS-doublettes-vaulx.jpg","width":1000,"height":750},{"@type":"BreadcrumbList","@id":"https:\/\/newsestlyonnais.fr\/site\/2016\/11\/28\/vaulx-velin-deux-jeunes-vaudais-recompenses-comite-rhone-de-petanque\/#breadcrumb","itemListElement":[{"@type":"ListItem","position":1,"name":"Accueil","item":"https:\/\/newsestlyonnais.fr\/site\/"},{"@type":"ListItem","position":2,"name":"VAULX-EN-VELIN | Deux jeunes vaudais r\u00e9compens\u00e9s par le Comit\u00e9 du Rh\u00f4ne de P\u00e9tanque"}]},{"@type":"WebSite","@id":"https:\/\/newsestlyonnais.fr\/site\/#website","url":"https:\/\/newsestlyonnais.fr\/site\/","name":"News Est Lyonnais","description":"L&#039;actualit\u00e9 au plus pr\u00e8s","publisher":{"@id":"https:\/\/newsestlyonnais.fr\/site\/#organization"},"potentialAction":[{"@type":"SearchAction","target":{"@type":"EntryPoint","urlTemplate":"https:\/\/newsestlyonnais.fr\/site\/?s={search_term_string}"},"query-input":{"@type":"PropertyValueSpecification","valueRequired":true,"valueName":"search_term_string"}}],"inLanguage":"fr-FR"},{"@type":"Organization","@id":"https:\/\/newsestlyonnais.fr\/site\/#organization","name":"News EST LYONNAIS","url":"https:\/\/newsestlyonnais.fr\/site\/","logo":{"@type":"ImageObject","inLanguage":"fr-FR","@id":"https:\/\/newsestlyonnais.fr\/site\/#\/schema\/logo\/image\/","url":"","contentUrl":"","caption":"News EST LYONNAIS"},"image":{"@id":"https:\/\/newsestlyonnais.fr\/site\/#\/schema\/logo\/image\/"}},{"@type":"Person","@id":"https:\/\/newsestlyonnais.fr\/site\/#\/schema\/person\/3230d5615f390bb808365d673001e887","name":"R\u00e9dac. NEWS","sameAs":["http:\/\/www.newsestlyonnais.fr","https:\/\/www.facebook.com\/pascal.oberson.1?fref=ts","https:\/\/fr.linkedin.com\/in\/pascal-oberson-b17045113"],"url":"https:\/\/newsestlyonnais.fr\/site\/author\/nel\/"}]}},"_links":{"self":[{"href":"https:\/\/newsestlyonnais.fr\/site\/wp-json\/wp\/v2\/posts\/16531","targetHints":{"allow":["GET"]}}],"collection":[{"href":"https:\/\/newsestlyonnais.fr\/site\/wp-json\/wp\/v2\/posts"}],"about":[{"href":"https:\/\/newsestlyonnais.fr\/site\/wp-json\/wp\/v2\/types\/post"}],"author":[{"embeddable":true,"href":"https:\/\/newsestlyonnais.fr\/site\/wp-json\/wp\/v2\/users\/4"}],"replies":[{"embeddable":true,"href":"https:\/\/newsestlyonnais.fr\/site\/wp-json\/wp\/v2\/comments?post=16531"}],"version-history":[{"count":0,"href":"https:\/\/newsestlyonnais.fr\/site\/wp-json\/wp\/v2\/posts\/16531\/revisions"}],"wp:featuredmedia":[{"embeddable":true,"href":"https:\/\/newsestlyonnais.fr\/site\/wp-json\/wp\/v2\/media\/16533"}],"wp:attachment":[{"href":"https:\/\/newsestlyonnais.fr\/site\/wp-json\/wp\/v2\/media?parent=16531"}],"wp:term":[{"taxonomy":"category","embeddable":true,"href":"https:\/\/newsestlyonnais.fr\/site\/wp-json\/wp\/v2\/categories?post=16531"},{"taxonomy":"post_tag","embeddable":true,"href":"https:\/\/newsestlyonnais.fr\/site\/wp-json\/wp\/v2\/tags?post=16531"}],"curies":[{"name":"wp","href":"https:\/\/api.w.org\/{rel}","templated":true}]}}