{"id":16567,"date":"2016-11-28T19:46:27","date_gmt":"2016-11-28T18:46:27","guid":{"rendered":"http:\/\/newsestlyonnais.fr\/site\/?p=16567"},"modified":"2020-11-17T11:39:52","modified_gmt":"2020-11-17T10:39:52","slug":"balan-chien-dassistance-demonstration-telethon","status":"publish","type":"post","link":"https:\/\/newsestlyonnais.fr\/site\/2016\/11\/28\/balan-chien-dassistance-demonstration-telethon\/","title":{"rendered":"BALAN | Le chien d\u2019assistance en d\u00e9monstration au T\u00e9l\u00e9thon"},"content":{"rendered":"<h4>Il y en aura pour tous les \u00e2ges et tous les go\u00fbts ce samedi 3 d\u00e9cembre \u00e0 la salle polyvalente de Balan.<\/h4>\n<p>Parmi les nombreuses animations pr\u00e9vues : chorale et danses par les enfants, d\u00e9monstration de boxe, danse country, chorale \u00ab En Pl\u2019ain Ch\u0153ur \u00bb et les jeux propos\u00e9s par la Ludoth\u00e8que, une d\u00e9monstration des chiens d\u2019assistance par l\u2019association HANDI-CHIEN se fera \u00e0 14 heures 30.<\/p>\n<p>Ces chiens apportent aux personnes handicap\u00e9es moteur une aide technique au quotidien, gr\u00e2ce aux nombreux services qu\u2019ils procurent. Ils r\u00e9pondent \u00e0 plus de 50 commandes ! Ils sont aussi un soutien moral, affectif et constituent un formidable lien avec l\u2019environnement.<\/p>\n<p>R\u00e9server son repas \u00e0 la mairie de Balan : 15 \u20ac et 6 \u20ac pour les enfants et tenter sa chance \u00e0 la tombola qui peut\u00a0 faire gagner 2 places en V.I.P. pour le concert de M. Pokora lors de sa tourn\u00e9e dans la r\u00e9gion<\/p>\n","protected":false},"excerpt":{"rendered":"<p>Il y en aura pour tous les \u00e2ges et tous les go\u00fbts ce samedi 3 d\u00e9cembre \u00e0 la salle polyvalente de Balan. Parmi les nombreuses animations pr\u00e9vues : chorale et danses par les enfants, d\u00e9monstration de boxe, danse country, chorale \u00ab En Pl\u2019ain Ch\u0153ur \u00bb et les jeux propos\u00e9s par la Ludoth\u00e8que, une d\u00e9monstration des [&hellip;]<\/p>\n","protected":false},"author":4,"featured_media":16571,"comment_status":"open","ping_status":"open","sticky":false,"template":"","format":"standard","meta":{"footnotes":""},"categories":[156,18],"tags":[],"class_list":["post-16567","post","type-post","status-publish","format-standard","has-post-thumbnail","hentry","category-ain","category-sante-bien-etre-solidarite"],"yoast_head":"<!-- This site is optimized with the Yoast SEO plugin v27.2 - https:\/\/yoast.com\/product\/yoast-seo-wordpress\/ -->\n<title>BALAN : Le chien d\u2019assistance en d\u00e9monstration au TELETHON<\/title>\n<meta name=\"description\" content=\"BALAN : Le chien d\u2019assistance en d\u00e9monstration au TELETHON\" \/>\n<meta name=\"robots\" content=\"index, follow, max-snippet:-1, max-image-preview:large, max-video-preview:-1\" \/>\n<link rel=\"canonical\" href=\"https:\/\/newsestlyonnais.fr\/site\/2016\/11\/28\/balan-chien-dassistance-demonstration-telethon\/\" \/>\n<meta property=\"og:locale\" content=\"fr_FR\" \/>\n<meta property=\"og:type\" content=\"article\" \/>\n<meta property=\"og:title\" content=\"BALAN : Le chien d\u2019assistance en d\u00e9monstration au TELETHON\" \/>\n<meta property=\"og:description\" content=\"BALAN : Le chien d\u2019assistance en d\u00e9monstration au TELETHON\" \/>\n<meta property=\"og:url\" content=\"https:\/\/newsestlyonnais.fr\/site\/2016\/11\/28\/balan-chien-dassistance-demonstration-telethon\/\" \/>\n<meta property=\"og:site_name\" content=\"News Est Lyonnais\" \/>\n<meta property=\"article:author\" content=\"https:\/\/www.facebook.com\/pascal.oberson.1?fref=ts\" \/>\n<meta property=\"article:published_time\" content=\"2016-11-28T18:46:27+00:00\" \/>\n<meta property=\"article:modified_time\" content=\"2020-11-17T10:39:52+00:00\" \/>\n<meta property=\"og:image\" content=\"https:\/\/i1.wp.com\/newsestlyonnais.fr\/site\/wp-content\/uploads\/2016\/11\/NEWSESTLYONNAIS-telethon-chien.jpg?fit=1000%2C750&ssl=1\" \/>\n\t<meta property=\"og:image:width\" content=\"1000\" \/>\n\t<meta property=\"og:image:height\" content=\"750\" \/>\n\t<meta property=\"og:image:type\" content=\"image\/jpeg\" \/>\n<meta name=\"author\" content=\"R\u00e9dac. NEWS\" \/>\n<meta name=\"twitter:card\" content=\"summary_large_image\" \/>\n<meta name=\"twitter:label1\" content=\"\u00c9crit par\" \/>\n\t<meta name=\"twitter:data1\" content=\"R\u00e9dac. NEWS\" \/>\n\t<meta name=\"twitter:label2\" content=\"Dur\u00e9e de lecture estim\u00e9e\" \/>\n\t<meta name=\"twitter:data2\" content=\"1 minute\" \/>\n<script type=\"application\/ld+json\" class=\"yoast-schema-graph\">{\"@context\":\"https:\/\/schema.org\",\"@graph\":[{\"@type\":\"Article\",\"@id\":\"https:\/\/newsestlyonnais.fr\/site\/2016\/11\/28\/balan-chien-dassistance-demonstration-telethon\/#article\",\"isPartOf\":{\"@id\":\"https:\/\/newsestlyonnais.fr\/site\/2016\/11\/28\/balan-chien-dassistance-demonstration-telethon\/\"},\"author\":{\"name\":\"R\u00e9dac. NEWS\",\"@id\":\"https:\/\/newsestlyonnais.fr\/site\/#\/schema\/person\/3230d5615f390bb808365d673001e887\"},\"headline\":\"BALAN | Le chien d\u2019assistance en d\u00e9monstration au T\u00e9l\u00e9thon\",\"datePublished\":\"2016-11-28T18:46:27+00:00\",\"dateModified\":\"2020-11-17T10:39:52+00:00\",\"mainEntityOfPage\":{\"@id\":\"https:\/\/newsestlyonnais.fr\/site\/2016\/11\/28\/balan-chien-dassistance-demonstration-telethon\/\"},\"wordCount\":165,\"commentCount\":0,\"publisher\":{\"@id\":\"https:\/\/newsestlyonnais.fr\/site\/#organization\"},\"image\":{\"@id\":\"https:\/\/newsestlyonnais.fr\/site\/2016\/11\/28\/balan-chien-dassistance-demonstration-telethon\/#primaryimage\"},\"thumbnailUrl\":\"https:\/\/newsestlyonnais.fr\/site\/wp-content\/uploads\/2016\/11\/NEWSESTLYONNAIS-telethon-chien.jpg\",\"articleSection\":[\"Ain (01)\",\"Sant\u00e9 | Bien Etre | Solidarit\u00e9\"],\"inLanguage\":\"fr-FR\",\"potentialAction\":[{\"@type\":\"CommentAction\",\"name\":\"Comment\",\"target\":[\"https:\/\/newsestlyonnais.fr\/site\/2016\/11\/28\/balan-chien-dassistance-demonstration-telethon\/#respond\"]}]},{\"@type\":\"WebPage\",\"@id\":\"https:\/\/newsestlyonnais.fr\/site\/2016\/11\/28\/balan-chien-dassistance-demonstration-telethon\/\",\"url\":\"https:\/\/newsestlyonnais.fr\/site\/2016\/11\/28\/balan-chien-dassistance-demonstration-telethon\/\",\"name\":\"BALAN : Le chien d\u2019assistance en d\u00e9monstration au TELETHON\",\"isPartOf\":{\"@id\":\"https:\/\/newsestlyonnais.fr\/site\/#website\"},\"primaryImageOfPage\":{\"@id\":\"https:\/\/newsestlyonnais.fr\/site\/2016\/11\/28\/balan-chien-dassistance-demonstration-telethon\/#primaryimage\"},\"image\":{\"@id\":\"https:\/\/newsestlyonnais.fr\/site\/2016\/11\/28\/balan-chien-dassistance-demonstration-telethon\/#primaryimage\"},\"thumbnailUrl\":\"https:\/\/newsestlyonnais.fr\/site\/wp-content\/uploads\/2016\/11\/NEWSESTLYONNAIS-telethon-chien.jpg\",\"datePublished\":\"2016-11-28T18:46:27+00:00\",\"dateModified\":\"2020-11-17T10:39:52+00:00\",\"description\":\"BALAN : Le chien d\u2019assistance en d\u00e9monstration au TELETHON\",\"breadcrumb\":{\"@id\":\"https:\/\/newsestlyonnais.fr\/site\/2016\/11\/28\/balan-chien-dassistance-demonstration-telethon\/#breadcrumb\"},\"inLanguage\":\"fr-FR\",\"potentialAction\":[{\"@type\":\"ReadAction\",\"target\":[\"https:\/\/newsestlyonnais.fr\/site\/2016\/11\/28\/balan-chien-dassistance-demonstration-telethon\/\"]}]},{\"@type\":\"ImageObject\",\"inLanguage\":\"fr-FR\",\"@id\":\"https:\/\/newsestlyonnais.fr\/site\/2016\/11\/28\/balan-chien-dassistance-demonstration-telethon\/#primaryimage\",\"url\":\"https:\/\/newsestlyonnais.fr\/site\/wp-content\/uploads\/2016\/11\/NEWSESTLYONNAIS-telethon-chien.jpg\",\"contentUrl\":\"https:\/\/newsestlyonnais.fr\/site\/wp-content\/uploads\/2016\/11\/NEWSESTLYONNAIS-telethon-chien.jpg\",\"width\":1000,\"height\":750},{\"@type\":\"BreadcrumbList\",\"@id\":\"https:\/\/newsestlyonnais.fr\/site\/2016\/11\/28\/balan-chien-dassistance-demonstration-telethon\/#breadcrumb\",\"itemListElement\":[{\"@type\":\"ListItem\",\"position\":1,\"name\":\"Accueil\",\"item\":\"https:\/\/newsestlyonnais.fr\/site\/\"},{\"@type\":\"ListItem\",\"position\":2,\"name\":\"BALAN | Le chien d\u2019assistance en d\u00e9monstration au T\u00e9l\u00e9thon\"}]},{\"@type\":\"WebSite\",\"@id\":\"https:\/\/newsestlyonnais.fr\/site\/#website\",\"url\":\"https:\/\/newsestlyonnais.fr\/site\/\",\"name\":\"News Est Lyonnais\",\"description\":\"L&#039;actualit\u00e9 au plus pr\u00e8s\",\"publisher\":{\"@id\":\"https:\/\/newsestlyonnais.fr\/site\/#organization\"},\"potentialAction\":[{\"@type\":\"SearchAction\",\"target\":{\"@type\":\"EntryPoint\",\"urlTemplate\":\"https:\/\/newsestlyonnais.fr\/site\/?s={search_term_string}\"},\"query-input\":{\"@type\":\"PropertyValueSpecification\",\"valueRequired\":true,\"valueName\":\"search_term_string\"}}],\"inLanguage\":\"fr-FR\"},{\"@type\":\"Organization\",\"@id\":\"https:\/\/newsestlyonnais.fr\/site\/#organization\",\"name\":\"News EST LYONNAIS\",\"url\":\"https:\/\/newsestlyonnais.fr\/site\/\",\"logo\":{\"@type\":\"ImageObject\",\"inLanguage\":\"fr-FR\",\"@id\":\"https:\/\/newsestlyonnais.fr\/site\/#\/schema\/logo\/image\/\",\"url\":\"\",\"contentUrl\":\"\",\"caption\":\"News EST LYONNAIS\"},\"image\":{\"@id\":\"https:\/\/newsestlyonnais.fr\/site\/#\/schema\/logo\/image\/\"}},{\"@type\":\"Person\",\"@id\":\"https:\/\/newsestlyonnais.fr\/site\/#\/schema\/person\/3230d5615f390bb808365d673001e887\",\"name\":\"R\u00e9dac. NEWS\",\"sameAs\":[\"http:\/\/www.newsestlyonnais.fr\",\"https:\/\/www.facebook.com\/pascal.oberson.1?fref=ts\",\"https:\/\/fr.linkedin.com\/in\/pascal-oberson-b17045113\"],\"url\":\"https:\/\/newsestlyonnais.fr\/site\/author\/nel\/\"}]}<\/script>\n<!-- \/ Yoast SEO plugin. -->","yoast_head_json":{"title":"BALAN : Le chien d\u2019assistance en d\u00e9monstration au TELETHON","description":"BALAN : Le chien d\u2019assistance en d\u00e9monstration au TELETHON","robots":{"index":"index","follow":"follow","max-snippet":"max-snippet:-1","max-image-preview":"max-image-preview:large","max-video-preview":"max-video-preview:-1"},"canonical":"https:\/\/newsestlyonnais.fr\/site\/2016\/11\/28\/balan-chien-dassistance-demonstration-telethon\/","og_locale":"fr_FR","og_type":"article","og_title":"BALAN : Le chien d\u2019assistance en d\u00e9monstration au TELETHON","og_description":"BALAN : Le chien d\u2019assistance en d\u00e9monstration au TELETHON","og_url":"https:\/\/newsestlyonnais.fr\/site\/2016\/11\/28\/balan-chien-dassistance-demonstration-telethon\/","og_site_name":"News Est Lyonnais","article_author":"https:\/\/www.facebook.com\/pascal.oberson.1?fref=ts","article_published_time":"2016-11-28T18:46:27+00:00","article_modified_time":"2020-11-17T10:39:52+00:00","og_image":[{"width":1000,"height":750,"url":"https:\/\/i1.wp.com\/newsestlyonnais.fr\/site\/wp-content\/uploads\/2016\/11\/NEWSESTLYONNAIS-telethon-chien.jpg?fit=1000%2C750&ssl=1","type":"image\/jpeg"}],"author":"R\u00e9dac. NEWS","twitter_card":"summary_large_image","twitter_misc":{"\u00c9crit par":"R\u00e9dac. NEWS","Dur\u00e9e de lecture estim\u00e9e":"1 minute"},"schema":{"@context":"https:\/\/schema.org","@graph":[{"@type":"Article","@id":"https:\/\/newsestlyonnais.fr\/site\/2016\/11\/28\/balan-chien-dassistance-demonstration-telethon\/#article","isPartOf":{"@id":"https:\/\/newsestlyonnais.fr\/site\/2016\/11\/28\/balan-chien-dassistance-demonstration-telethon\/"},"author":{"name":"R\u00e9dac. NEWS","@id":"https:\/\/newsestlyonnais.fr\/site\/#\/schema\/person\/3230d5615f390bb808365d673001e887"},"headline":"BALAN | Le chien d\u2019assistance en d\u00e9monstration au T\u00e9l\u00e9thon","datePublished":"2016-11-28T18:46:27+00:00","dateModified":"2020-11-17T10:39:52+00:00","mainEntityOfPage":{"@id":"https:\/\/newsestlyonnais.fr\/site\/2016\/11\/28\/balan-chien-dassistance-demonstration-telethon\/"},"wordCount":165,"commentCount":0,"publisher":{"@id":"https:\/\/newsestlyonnais.fr\/site\/#organization"},"image":{"@id":"https:\/\/newsestlyonnais.fr\/site\/2016\/11\/28\/balan-chien-dassistance-demonstration-telethon\/#primaryimage"},"thumbnailUrl":"https:\/\/newsestlyonnais.fr\/site\/wp-content\/uploads\/2016\/11\/NEWSESTLYONNAIS-telethon-chien.jpg","articleSection":["Ain (01)","Sant\u00e9 | Bien Etre | Solidarit\u00e9"],"inLanguage":"fr-FR","potentialAction":[{"@type":"CommentAction","name":"Comment","target":["https:\/\/newsestlyonnais.fr\/site\/2016\/11\/28\/balan-chien-dassistance-demonstration-telethon\/#respond"]}]},{"@type":"WebPage","@id":"https:\/\/newsestlyonnais.fr\/site\/2016\/11\/28\/balan-chien-dassistance-demonstration-telethon\/","url":"https:\/\/newsestlyonnais.fr\/site\/2016\/11\/28\/balan-chien-dassistance-demonstration-telethon\/","name":"BALAN : Le chien d\u2019assistance en d\u00e9monstration au TELETHON","isPartOf":{"@id":"https:\/\/newsestlyonnais.fr\/site\/#website"},"primaryImageOfPage":{"@id":"https:\/\/newsestlyonnais.fr\/site\/2016\/11\/28\/balan-chien-dassistance-demonstration-telethon\/#primaryimage"},"image":{"@id":"https:\/\/newsestlyonnais.fr\/site\/2016\/11\/28\/balan-chien-dassistance-demonstration-telethon\/#primaryimage"},"thumbnailUrl":"https:\/\/newsestlyonnais.fr\/site\/wp-content\/uploads\/2016\/11\/NEWSESTLYONNAIS-telethon-chien.jpg","datePublished":"2016-11-28T18:46:27+00:00","dateModified":"2020-11-17T10:39:52+00:00","description":"BALAN : Le chien d\u2019assistance en d\u00e9monstration au TELETHON","breadcrumb":{"@id":"https:\/\/newsestlyonnais.fr\/site\/2016\/11\/28\/balan-chien-dassistance-demonstration-telethon\/#breadcrumb"},"inLanguage":"fr-FR","potentialAction":[{"@type":"ReadAction","target":["https:\/\/newsestlyonnais.fr\/site\/2016\/11\/28\/balan-chien-dassistance-demonstration-telethon\/"]}]},{"@type":"ImageObject","inLanguage":"fr-FR","@id":"https:\/\/newsestlyonnais.fr\/site\/2016\/11\/28\/balan-chien-dassistance-demonstration-telethon\/#primaryimage","url":"https:\/\/newsestlyonnais.fr\/site\/wp-content\/uploads\/2016\/11\/NEWSESTLYONNAIS-telethon-chien.jpg","contentUrl":"https:\/\/newsestlyonnais.fr\/site\/wp-content\/uploads\/2016\/11\/NEWSESTLYONNAIS-telethon-chien.jpg","width":1000,"height":750},{"@type":"BreadcrumbList","@id":"https:\/\/newsestlyonnais.fr\/site\/2016\/11\/28\/balan-chien-dassistance-demonstration-telethon\/#breadcrumb","itemListElement":[{"@type":"ListItem","position":1,"name":"Accueil","item":"https:\/\/newsestlyonnais.fr\/site\/"},{"@type":"ListItem","position":2,"name":"BALAN | Le chien d\u2019assistance en d\u00e9monstration au T\u00e9l\u00e9thon"}]},{"@type":"WebSite","@id":"https:\/\/newsestlyonnais.fr\/site\/#website","url":"https:\/\/newsestlyonnais.fr\/site\/","name":"News Est Lyonnais","description":"L&#039;actualit\u00e9 au plus pr\u00e8s","publisher":{"@id":"https:\/\/newsestlyonnais.fr\/site\/#organization"},"potentialAction":[{"@type":"SearchAction","target":{"@type":"EntryPoint","urlTemplate":"https:\/\/newsestlyonnais.fr\/site\/?s={search_term_string}"},"query-input":{"@type":"PropertyValueSpecification","valueRequired":true,"valueName":"search_term_string"}}],"inLanguage":"fr-FR"},{"@type":"Organization","@id":"https:\/\/newsestlyonnais.fr\/site\/#organization","name":"News EST LYONNAIS","url":"https:\/\/newsestlyonnais.fr\/site\/","logo":{"@type":"ImageObject","inLanguage":"fr-FR","@id":"https:\/\/newsestlyonnais.fr\/site\/#\/schema\/logo\/image\/","url":"","contentUrl":"","caption":"News EST LYONNAIS"},"image":{"@id":"https:\/\/newsestlyonnais.fr\/site\/#\/schema\/logo\/image\/"}},{"@type":"Person","@id":"https:\/\/newsestlyonnais.fr\/site\/#\/schema\/person\/3230d5615f390bb808365d673001e887","name":"R\u00e9dac. NEWS","sameAs":["http:\/\/www.newsestlyonnais.fr","https:\/\/www.facebook.com\/pascal.oberson.1?fref=ts","https:\/\/fr.linkedin.com\/in\/pascal-oberson-b17045113"],"url":"https:\/\/newsestlyonnais.fr\/site\/author\/nel\/"}]}},"_links":{"self":[{"href":"https:\/\/newsestlyonnais.fr\/site\/wp-json\/wp\/v2\/posts\/16567","targetHints":{"allow":["GET"]}}],"collection":[{"href":"https:\/\/newsestlyonnais.fr\/site\/wp-json\/wp\/v2\/posts"}],"about":[{"href":"https:\/\/newsestlyonnais.fr\/site\/wp-json\/wp\/v2\/types\/post"}],"author":[{"embeddable":true,"href":"https:\/\/newsestlyonnais.fr\/site\/wp-json\/wp\/v2\/users\/4"}],"replies":[{"embeddable":true,"href":"https:\/\/newsestlyonnais.fr\/site\/wp-json\/wp\/v2\/comments?post=16567"}],"version-history":[{"count":0,"href":"https:\/\/newsestlyonnais.fr\/site\/wp-json\/wp\/v2\/posts\/16567\/revisions"}],"wp:featuredmedia":[{"embeddable":true,"href":"https:\/\/newsestlyonnais.fr\/site\/wp-json\/wp\/v2\/media\/16571"}],"wp:attachment":[{"href":"https:\/\/newsestlyonnais.fr\/site\/wp-json\/wp\/v2\/media?parent=16567"}],"wp:term":[{"taxonomy":"category","embeddable":true,"href":"https:\/\/newsestlyonnais.fr\/site\/wp-json\/wp\/v2\/categories?post=16567"},{"taxonomy":"post_tag","embeddable":true,"href":"https:\/\/newsestlyonnais.fr\/site\/wp-json\/wp\/v2\/tags?post=16567"}],"curies":[{"name":"wp","href":"https:\/\/api.w.org\/{rel}","templated":true}]}}