{"id":16588,"date":"2016-11-29T07:45:20","date_gmt":"2016-11-29T06:45:20","guid":{"rendered":"http:\/\/newsestlyonnais.fr\/site\/?p=16588"},"modified":"2020-11-16T20:43:34","modified_gmt":"2020-11-16T19:43:34","slug":"bron-on-quoi-theme-31-fete-livre-de-bron","status":"publish","type":"post","link":"https:\/\/newsestlyonnais.fr\/site\/2016\/11\/29\/bron-on-quoi-theme-31-fete-livre-de-bron\/","title":{"rendered":"BRON | \u00a0\u00bb Et maintenant on fait quoi ? \u00a0\u00bb th\u00e8me 31\u00b0 F\u00eate du Livre de Bron"},"content":{"rendered":"<h4>Le visuel et le th\u00e8me \u00ab\u00a0Et maintenant, on fait quoi ?\u00a0\u00bb de la 31\u00b0 F\u00eate du Livre de Bron viennent d&rsquo;\u00eatre d\u00e9voil\u00e9s !<\/h4>\n<p><span style=\"text-decoration: underline\">Du 10 au 12 mars 2017, \u00e0 l&rsquo;Hippodrome de Parilly<\/span>, la F\u00eate du Livre de Bron proposera de rencontrer des \u00e9crivains venus de tous les horizons, mais aussi des historiens, des philosophes, des musiciens, des po\u00e8tes et des artistes qui, \u00e0 travers leurs \u0153uvres, tentent de poser les bonnes questions, \u00e0 d\u00e9faut d&rsquo;avoir toutes les r\u00e9ponses, pour affronter l&rsquo;avenir dans toute sa complexit\u00e9 et s&rsquo;\u00e9loigner des visions simplistes qui nourrissent, jour apr\u00e8s jour, notre inqui\u00e9tude d&rsquo;\u00eatre au monde.<\/p>\n<p>Trois jours de d\u00e9bats, dialogues d&rsquo;auteurs, lectures, avec les grands noms et les d\u00e9couvertes de la litt\u00e9rature d&rsquo;aujourd&rsquo;hui.<\/p>\n<ul>\n<li>Programme complet sur: <a href=\"http:\/\/www.fetedulivredebron.com\" target=\"_blank\" rel=\"noopener noreferrer\">http:\/\/www.fetedulivredebron.com<\/a><\/li>\n<\/ul>\n","protected":false},"excerpt":{"rendered":"<p>Le visuel et le th\u00e8me \u00ab\u00a0Et maintenant, on fait quoi ?\u00a0\u00bb de la 31\u00b0 F\u00eate du Livre de Bron viennent d&rsquo;\u00eatre d\u00e9voil\u00e9s ! Du 10 au 12 mars 2017, \u00e0 l&rsquo;Hippodrome de Parilly, la F\u00eate du Livre de Bron proposera de rencontrer des \u00e9crivains venus de tous les horizons, mais aussi des historiens, des philosophes, [&hellip;]<\/p>\n","protected":false},"author":4,"featured_media":16589,"comment_status":"open","ping_status":"open","sticky":false,"template":"","format":"standard","meta":{"footnotes":""},"categories":[19,2983],"tags":[],"class_list":["post-16588","post","type-post","status-publish","format-standard","has-post-thumbnail","hentry","category-bron","category-litterature-bd-mags-2"],"yoast_head":"<!-- This site is optimized with the Yoast SEO plugin v27.2 - https:\/\/yoast.com\/product\/yoast-seo-wordpress\/ -->\n<title>BRON : &quot; Et maintenant on fait quoi ? &quot; th\u00e8me de la 31\u00b0 F\u00eate du Livre de Bron<\/title>\n<meta name=\"description\" content=\"BRON : &quot; Et maintenant on fait quoi ? &quot; th\u00e8me de la 31\u00b0 F\u00eate du Livre de Bron\" \/>\n<meta name=\"robots\" content=\"index, follow, max-snippet:-1, max-image-preview:large, max-video-preview:-1\" \/>\n<link rel=\"canonical\" href=\"https:\/\/newsestlyonnais.fr\/site\/2016\/11\/29\/bron-on-quoi-theme-31-fete-livre-de-bron\/\" \/>\n<meta property=\"og:locale\" content=\"fr_FR\" \/>\n<meta property=\"og:type\" content=\"article\" \/>\n<meta property=\"og:title\" content=\"BRON : &quot; Et maintenant on fait quoi ? &quot; th\u00e8me de la 31\u00b0 F\u00eate du Livre de Bron\" \/>\n<meta property=\"og:description\" content=\"BRON : &quot; Et maintenant on fait quoi ? &quot; th\u00e8me de la 31\u00b0 F\u00eate du Livre de Bron\" \/>\n<meta property=\"og:url\" content=\"https:\/\/newsestlyonnais.fr\/site\/2016\/11\/29\/bron-on-quoi-theme-31-fete-livre-de-bron\/\" \/>\n<meta property=\"og:site_name\" content=\"News Est Lyonnais\" \/>\n<meta property=\"article:author\" content=\"https:\/\/www.facebook.com\/pascal.oberson.1?fref=ts\" \/>\n<meta property=\"article:published_time\" content=\"2016-11-29T06:45:20+00:00\" \/>\n<meta property=\"article:modified_time\" content=\"2020-11-16T19:43:34+00:00\" \/>\n<meta property=\"og:image\" content=\"https:\/\/i2.wp.com\/newsestlyonnais.fr\/site\/wp-content\/uploads\/2016\/11\/NEWSESTLYONNAIS-fetedulivre-1.jpg?fit=1000%2C750&ssl=1\" \/>\n\t<meta property=\"og:image:width\" content=\"1000\" \/>\n\t<meta property=\"og:image:height\" content=\"750\" \/>\n\t<meta property=\"og:image:type\" content=\"image\/jpeg\" \/>\n<meta name=\"author\" content=\"R\u00e9dac. NEWS\" \/>\n<meta name=\"twitter:card\" content=\"summary_large_image\" \/>\n<meta name=\"twitter:label1\" content=\"\u00c9crit par\" \/>\n\t<meta name=\"twitter:data1\" content=\"R\u00e9dac. NEWS\" \/>\n\t<meta name=\"twitter:label2\" content=\"Dur\u00e9e de lecture estim\u00e9e\" \/>\n\t<meta name=\"twitter:data2\" content=\"1 minute\" \/>\n<script type=\"application\/ld+json\" class=\"yoast-schema-graph\">{\"@context\":\"https:\/\/schema.org\",\"@graph\":[{\"@type\":\"Article\",\"@id\":\"https:\/\/newsestlyonnais.fr\/site\/2016\/11\/29\/bron-on-quoi-theme-31-fete-livre-de-bron\/#article\",\"isPartOf\":{\"@id\":\"https:\/\/newsestlyonnais.fr\/site\/2016\/11\/29\/bron-on-quoi-theme-31-fete-livre-de-bron\/\"},\"author\":{\"name\":\"R\u00e9dac. NEWS\",\"@id\":\"https:\/\/newsestlyonnais.fr\/site\/#\/schema\/person\/3230d5615f390bb808365d673001e887\"},\"headline\":\"BRON | \u00a0\u00bb Et maintenant on fait quoi ? \u00a0\u00bb th\u00e8me 31\u00b0 F\u00eate du Livre de Bron\",\"datePublished\":\"2016-11-29T06:45:20+00:00\",\"dateModified\":\"2020-11-16T19:43:34+00:00\",\"mainEntityOfPage\":{\"@id\":\"https:\/\/newsestlyonnais.fr\/site\/2016\/11\/29\/bron-on-quoi-theme-31-fete-livre-de-bron\/\"},\"wordCount\":153,\"commentCount\":0,\"publisher\":{\"@id\":\"https:\/\/newsestlyonnais.fr\/site\/#organization\"},\"image\":{\"@id\":\"https:\/\/newsestlyonnais.fr\/site\/2016\/11\/29\/bron-on-quoi-theme-31-fete-livre-de-bron\/#primaryimage\"},\"thumbnailUrl\":\"https:\/\/newsestlyonnais.fr\/site\/wp-content\/uploads\/2016\/11\/NEWSESTLYONNAIS-fetedulivre-1.jpg\",\"articleSection\":[\"Bron\",\"Litt\u00e9rature | Bd | Mags\"],\"inLanguage\":\"fr-FR\",\"potentialAction\":[{\"@type\":\"CommentAction\",\"name\":\"Comment\",\"target\":[\"https:\/\/newsestlyonnais.fr\/site\/2016\/11\/29\/bron-on-quoi-theme-31-fete-livre-de-bron\/#respond\"]}]},{\"@type\":\"WebPage\",\"@id\":\"https:\/\/newsestlyonnais.fr\/site\/2016\/11\/29\/bron-on-quoi-theme-31-fete-livre-de-bron\/\",\"url\":\"https:\/\/newsestlyonnais.fr\/site\/2016\/11\/29\/bron-on-quoi-theme-31-fete-livre-de-bron\/\",\"name\":\"BRON : \\\" Et maintenant on fait quoi ? \\\" th\u00e8me de la 31\u00b0 F\u00eate du Livre de Bron\",\"isPartOf\":{\"@id\":\"https:\/\/newsestlyonnais.fr\/site\/#website\"},\"primaryImageOfPage\":{\"@id\":\"https:\/\/newsestlyonnais.fr\/site\/2016\/11\/29\/bron-on-quoi-theme-31-fete-livre-de-bron\/#primaryimage\"},\"image\":{\"@id\":\"https:\/\/newsestlyonnais.fr\/site\/2016\/11\/29\/bron-on-quoi-theme-31-fete-livre-de-bron\/#primaryimage\"},\"thumbnailUrl\":\"https:\/\/newsestlyonnais.fr\/site\/wp-content\/uploads\/2016\/11\/NEWSESTLYONNAIS-fetedulivre-1.jpg\",\"datePublished\":\"2016-11-29T06:45:20+00:00\",\"dateModified\":\"2020-11-16T19:43:34+00:00\",\"description\":\"BRON : \\\" Et maintenant on fait quoi ? \\\" th\u00e8me de la 31\u00b0 F\u00eate du Livre de Bron\",\"breadcrumb\":{\"@id\":\"https:\/\/newsestlyonnais.fr\/site\/2016\/11\/29\/bron-on-quoi-theme-31-fete-livre-de-bron\/#breadcrumb\"},\"inLanguage\":\"fr-FR\",\"potentialAction\":[{\"@type\":\"ReadAction\",\"target\":[\"https:\/\/newsestlyonnais.fr\/site\/2016\/11\/29\/bron-on-quoi-theme-31-fete-livre-de-bron\/\"]}]},{\"@type\":\"ImageObject\",\"inLanguage\":\"fr-FR\",\"@id\":\"https:\/\/newsestlyonnais.fr\/site\/2016\/11\/29\/bron-on-quoi-theme-31-fete-livre-de-bron\/#primaryimage\",\"url\":\"https:\/\/newsestlyonnais.fr\/site\/wp-content\/uploads\/2016\/11\/NEWSESTLYONNAIS-fetedulivre-1.jpg\",\"contentUrl\":\"https:\/\/newsestlyonnais.fr\/site\/wp-content\/uploads\/2016\/11\/NEWSESTLYONNAIS-fetedulivre-1.jpg\",\"width\":1000,\"height\":750,\"caption\":\"newsestlyonnais-fetedulivre\"},{\"@type\":\"BreadcrumbList\",\"@id\":\"https:\/\/newsestlyonnais.fr\/site\/2016\/11\/29\/bron-on-quoi-theme-31-fete-livre-de-bron\/#breadcrumb\",\"itemListElement\":[{\"@type\":\"ListItem\",\"position\":1,\"name\":\"Accueil\",\"item\":\"https:\/\/newsestlyonnais.fr\/site\/\"},{\"@type\":\"ListItem\",\"position\":2,\"name\":\"BRON | \u00a0\u00bb Et maintenant on fait quoi ? \u00a0\u00bb th\u00e8me 31\u00b0 F\u00eate du Livre de Bron\"}]},{\"@type\":\"WebSite\",\"@id\":\"https:\/\/newsestlyonnais.fr\/site\/#website\",\"url\":\"https:\/\/newsestlyonnais.fr\/site\/\",\"name\":\"News Est Lyonnais\",\"description\":\"L&#039;actualit\u00e9 au plus pr\u00e8s\",\"publisher\":{\"@id\":\"https:\/\/newsestlyonnais.fr\/site\/#organization\"},\"potentialAction\":[{\"@type\":\"SearchAction\",\"target\":{\"@type\":\"EntryPoint\",\"urlTemplate\":\"https:\/\/newsestlyonnais.fr\/site\/?s={search_term_string}\"},\"query-input\":{\"@type\":\"PropertyValueSpecification\",\"valueRequired\":true,\"valueName\":\"search_term_string\"}}],\"inLanguage\":\"fr-FR\"},{\"@type\":\"Organization\",\"@id\":\"https:\/\/newsestlyonnais.fr\/site\/#organization\",\"name\":\"News EST LYONNAIS\",\"url\":\"https:\/\/newsestlyonnais.fr\/site\/\",\"logo\":{\"@type\":\"ImageObject\",\"inLanguage\":\"fr-FR\",\"@id\":\"https:\/\/newsestlyonnais.fr\/site\/#\/schema\/logo\/image\/\",\"url\":\"\",\"contentUrl\":\"\",\"caption\":\"News EST LYONNAIS\"},\"image\":{\"@id\":\"https:\/\/newsestlyonnais.fr\/site\/#\/schema\/logo\/image\/\"}},{\"@type\":\"Person\",\"@id\":\"https:\/\/newsestlyonnais.fr\/site\/#\/schema\/person\/3230d5615f390bb808365d673001e887\",\"name\":\"R\u00e9dac. NEWS\",\"sameAs\":[\"http:\/\/www.newsestlyonnais.fr\",\"https:\/\/www.facebook.com\/pascal.oberson.1?fref=ts\",\"https:\/\/fr.linkedin.com\/in\/pascal-oberson-b17045113\"],\"url\":\"https:\/\/newsestlyonnais.fr\/site\/author\/nel\/\"}]}<\/script>\n<!-- \/ Yoast SEO plugin. -->","yoast_head_json":{"title":"BRON : \" Et maintenant on fait quoi ? \" th\u00e8me de la 31\u00b0 F\u00eate du Livre de Bron","description":"BRON : \" Et maintenant on fait quoi ? \" th\u00e8me de la 31\u00b0 F\u00eate du Livre de Bron","robots":{"index":"index","follow":"follow","max-snippet":"max-snippet:-1","max-image-preview":"max-image-preview:large","max-video-preview":"max-video-preview:-1"},"canonical":"https:\/\/newsestlyonnais.fr\/site\/2016\/11\/29\/bron-on-quoi-theme-31-fete-livre-de-bron\/","og_locale":"fr_FR","og_type":"article","og_title":"BRON : \" Et maintenant on fait quoi ? \" th\u00e8me de la 31\u00b0 F\u00eate du Livre de Bron","og_description":"BRON : \" Et maintenant on fait quoi ? \" th\u00e8me de la 31\u00b0 F\u00eate du Livre de Bron","og_url":"https:\/\/newsestlyonnais.fr\/site\/2016\/11\/29\/bron-on-quoi-theme-31-fete-livre-de-bron\/","og_site_name":"News Est Lyonnais","article_author":"https:\/\/www.facebook.com\/pascal.oberson.1?fref=ts","article_published_time":"2016-11-29T06:45:20+00:00","article_modified_time":"2020-11-16T19:43:34+00:00","og_image":[{"width":1000,"height":750,"url":"https:\/\/i2.wp.com\/newsestlyonnais.fr\/site\/wp-content\/uploads\/2016\/11\/NEWSESTLYONNAIS-fetedulivre-1.jpg?fit=1000%2C750&ssl=1","type":"image\/jpeg"}],"author":"R\u00e9dac. NEWS","twitter_card":"summary_large_image","twitter_misc":{"\u00c9crit par":"R\u00e9dac. NEWS","Dur\u00e9e de lecture estim\u00e9e":"1 minute"},"schema":{"@context":"https:\/\/schema.org","@graph":[{"@type":"Article","@id":"https:\/\/newsestlyonnais.fr\/site\/2016\/11\/29\/bron-on-quoi-theme-31-fete-livre-de-bron\/#article","isPartOf":{"@id":"https:\/\/newsestlyonnais.fr\/site\/2016\/11\/29\/bron-on-quoi-theme-31-fete-livre-de-bron\/"},"author":{"name":"R\u00e9dac. NEWS","@id":"https:\/\/newsestlyonnais.fr\/site\/#\/schema\/person\/3230d5615f390bb808365d673001e887"},"headline":"BRON | \u00a0\u00bb Et maintenant on fait quoi ? \u00a0\u00bb th\u00e8me 31\u00b0 F\u00eate du Livre de Bron","datePublished":"2016-11-29T06:45:20+00:00","dateModified":"2020-11-16T19:43:34+00:00","mainEntityOfPage":{"@id":"https:\/\/newsestlyonnais.fr\/site\/2016\/11\/29\/bron-on-quoi-theme-31-fete-livre-de-bron\/"},"wordCount":153,"commentCount":0,"publisher":{"@id":"https:\/\/newsestlyonnais.fr\/site\/#organization"},"image":{"@id":"https:\/\/newsestlyonnais.fr\/site\/2016\/11\/29\/bron-on-quoi-theme-31-fete-livre-de-bron\/#primaryimage"},"thumbnailUrl":"https:\/\/newsestlyonnais.fr\/site\/wp-content\/uploads\/2016\/11\/NEWSESTLYONNAIS-fetedulivre-1.jpg","articleSection":["Bron","Litt\u00e9rature | Bd | Mags"],"inLanguage":"fr-FR","potentialAction":[{"@type":"CommentAction","name":"Comment","target":["https:\/\/newsestlyonnais.fr\/site\/2016\/11\/29\/bron-on-quoi-theme-31-fete-livre-de-bron\/#respond"]}]},{"@type":"WebPage","@id":"https:\/\/newsestlyonnais.fr\/site\/2016\/11\/29\/bron-on-quoi-theme-31-fete-livre-de-bron\/","url":"https:\/\/newsestlyonnais.fr\/site\/2016\/11\/29\/bron-on-quoi-theme-31-fete-livre-de-bron\/","name":"BRON : \" Et maintenant on fait quoi ? \" th\u00e8me de la 31\u00b0 F\u00eate du Livre de Bron","isPartOf":{"@id":"https:\/\/newsestlyonnais.fr\/site\/#website"},"primaryImageOfPage":{"@id":"https:\/\/newsestlyonnais.fr\/site\/2016\/11\/29\/bron-on-quoi-theme-31-fete-livre-de-bron\/#primaryimage"},"image":{"@id":"https:\/\/newsestlyonnais.fr\/site\/2016\/11\/29\/bron-on-quoi-theme-31-fete-livre-de-bron\/#primaryimage"},"thumbnailUrl":"https:\/\/newsestlyonnais.fr\/site\/wp-content\/uploads\/2016\/11\/NEWSESTLYONNAIS-fetedulivre-1.jpg","datePublished":"2016-11-29T06:45:20+00:00","dateModified":"2020-11-16T19:43:34+00:00","description":"BRON : \" Et maintenant on fait quoi ? \" th\u00e8me de la 31\u00b0 F\u00eate du Livre de Bron","breadcrumb":{"@id":"https:\/\/newsestlyonnais.fr\/site\/2016\/11\/29\/bron-on-quoi-theme-31-fete-livre-de-bron\/#breadcrumb"},"inLanguage":"fr-FR","potentialAction":[{"@type":"ReadAction","target":["https:\/\/newsestlyonnais.fr\/site\/2016\/11\/29\/bron-on-quoi-theme-31-fete-livre-de-bron\/"]}]},{"@type":"ImageObject","inLanguage":"fr-FR","@id":"https:\/\/newsestlyonnais.fr\/site\/2016\/11\/29\/bron-on-quoi-theme-31-fete-livre-de-bron\/#primaryimage","url":"https:\/\/newsestlyonnais.fr\/site\/wp-content\/uploads\/2016\/11\/NEWSESTLYONNAIS-fetedulivre-1.jpg","contentUrl":"https:\/\/newsestlyonnais.fr\/site\/wp-content\/uploads\/2016\/11\/NEWSESTLYONNAIS-fetedulivre-1.jpg","width":1000,"height":750,"caption":"newsestlyonnais-fetedulivre"},{"@type":"BreadcrumbList","@id":"https:\/\/newsestlyonnais.fr\/site\/2016\/11\/29\/bron-on-quoi-theme-31-fete-livre-de-bron\/#breadcrumb","itemListElement":[{"@type":"ListItem","position":1,"name":"Accueil","item":"https:\/\/newsestlyonnais.fr\/site\/"},{"@type":"ListItem","position":2,"name":"BRON | \u00a0\u00bb Et maintenant on fait quoi ? \u00a0\u00bb th\u00e8me 31\u00b0 F\u00eate du Livre de Bron"}]},{"@type":"WebSite","@id":"https:\/\/newsestlyonnais.fr\/site\/#website","url":"https:\/\/newsestlyonnais.fr\/site\/","name":"News Est Lyonnais","description":"L&#039;actualit\u00e9 au plus pr\u00e8s","publisher":{"@id":"https:\/\/newsestlyonnais.fr\/site\/#organization"},"potentialAction":[{"@type":"SearchAction","target":{"@type":"EntryPoint","urlTemplate":"https:\/\/newsestlyonnais.fr\/site\/?s={search_term_string}"},"query-input":{"@type":"PropertyValueSpecification","valueRequired":true,"valueName":"search_term_string"}}],"inLanguage":"fr-FR"},{"@type":"Organization","@id":"https:\/\/newsestlyonnais.fr\/site\/#organization","name":"News EST LYONNAIS","url":"https:\/\/newsestlyonnais.fr\/site\/","logo":{"@type":"ImageObject","inLanguage":"fr-FR","@id":"https:\/\/newsestlyonnais.fr\/site\/#\/schema\/logo\/image\/","url":"","contentUrl":"","caption":"News EST LYONNAIS"},"image":{"@id":"https:\/\/newsestlyonnais.fr\/site\/#\/schema\/logo\/image\/"}},{"@type":"Person","@id":"https:\/\/newsestlyonnais.fr\/site\/#\/schema\/person\/3230d5615f390bb808365d673001e887","name":"R\u00e9dac. NEWS","sameAs":["http:\/\/www.newsestlyonnais.fr","https:\/\/www.facebook.com\/pascal.oberson.1?fref=ts","https:\/\/fr.linkedin.com\/in\/pascal-oberson-b17045113"],"url":"https:\/\/newsestlyonnais.fr\/site\/author\/nel\/"}]}},"_links":{"self":[{"href":"https:\/\/newsestlyonnais.fr\/site\/wp-json\/wp\/v2\/posts\/16588","targetHints":{"allow":["GET"]}}],"collection":[{"href":"https:\/\/newsestlyonnais.fr\/site\/wp-json\/wp\/v2\/posts"}],"about":[{"href":"https:\/\/newsestlyonnais.fr\/site\/wp-json\/wp\/v2\/types\/post"}],"author":[{"embeddable":true,"href":"https:\/\/newsestlyonnais.fr\/site\/wp-json\/wp\/v2\/users\/4"}],"replies":[{"embeddable":true,"href":"https:\/\/newsestlyonnais.fr\/site\/wp-json\/wp\/v2\/comments?post=16588"}],"version-history":[{"count":0,"href":"https:\/\/newsestlyonnais.fr\/site\/wp-json\/wp\/v2\/posts\/16588\/revisions"}],"wp:featuredmedia":[{"embeddable":true,"href":"https:\/\/newsestlyonnais.fr\/site\/wp-json\/wp\/v2\/media\/16589"}],"wp:attachment":[{"href":"https:\/\/newsestlyonnais.fr\/site\/wp-json\/wp\/v2\/media?parent=16588"}],"wp:term":[{"taxonomy":"category","embeddable":true,"href":"https:\/\/newsestlyonnais.fr\/site\/wp-json\/wp\/v2\/categories?post=16588"},{"taxonomy":"post_tag","embeddable":true,"href":"https:\/\/newsestlyonnais.fr\/site\/wp-json\/wp\/v2\/tags?post=16588"}],"curies":[{"name":"wp","href":"https:\/\/api.w.org\/{rel}","templated":true}]}}