{"id":166317,"date":"2022-11-25T16:05:30","date_gmt":"2022-11-25T15:05:30","guid":{"rendered":"https:\/\/newsestlyonnais.fr\/site\/?p=166317"},"modified":"2022-11-25T16:08:03","modified_gmt":"2022-11-25T15:08:03","slug":"meyzieu-robert-lassia-notre-choix-a-toujours-ete-de-privilegier-le-social-et-le-sportif","status":"publish","type":"post","link":"https:\/\/newsestlyonnais.fr\/site\/2022\/11\/25\/meyzieu-robert-lassia-notre-choix-a-toujours-ete-de-privilegier-le-social-et-le-sportif\/","title":{"rendered":"MEYZIEU | Robert Lassia \u00ab\u00a0notre choix a toujours \u00e9t\u00e9 de privil\u00e9gier social et sportif\u00a0\u00bb"},"content":{"rendered":"<p><span style=\"background-color: #000000; color: #ffcc00;\"><strong>Cet ancien professeur de physique \u00e0 l&rsquo;INSA, qui a f\u00eat\u00e9 ses 80 ans d\u00e9but juin revient sur son long parcours au club mais aussi personnel et avoue volontiers qu&rsquo;il a eu une vie assez riche :<\/strong><\/span><\/p>\n<p><span style=\"background-color: #000000; color: #ffffff; font-size: 14pt;\"><strong>Depuis quand \u00eates-vous au bureau et \u00e0 la pr\u00e9sidence ?<\/strong><\/span><\/p>\n<p>\u00ab J&rsquo;ai auparavant fait partie du comit\u00e9 directeur du club de Chassieu, je m&rsquo;occupais des tournois. <strong>Je suis arriv\u00e9 \u00e0 la pr\u00e9sidence du club de Meyzieu en 2008, avec une \u00e9quipe<\/strong>. Je ne suis pas venu seul mais avec Yves Loupy et Michel Commarmond qui sont toujours au club.<\/p>\n<p><strong>Mon mandat a ensuite \u00e9t\u00e9 renouvel\u00e9 chaque ann\u00e9e<\/strong> avec \u00e0 mes c\u00f4t\u00e9s une belle \u00e9quipe dirigeante ainsi qu&rsquo;Isabelle \u00bb .<\/p>\n<p><strong><span style=\"background-color: #000000; color: #ffffff; font-size: 14pt;\">Vous jouez \u00e9galement au tennis, depuis quand, \u00e0 quel niveau ?<\/span><\/strong><\/p>\n<p>\u00ab Oui, <strong>j&rsquo;ai commenc\u00e9 le tennis \u00e0 l&rsquo;\u00e2ge de 30 ans<\/strong> en Alsace puis en arrivant dans la r\u00e9gion au Rh\u00f4ne Sportif, au Country Club de Chassieu et au club de Meyzieu depuis 35 ans. J&rsquo;ai \u00e9t\u00e9 class\u00e9 15\/1 ou 15\/2 durant une dizaine d&rsquo;ann\u00e9es \u00bb.<\/p>\n<p><span style=\"background-color: #000000; color: #ffffff; font-size: 14pt;\"><strong>Votre palmar\u00e8s, votre point fort et votre mod\u00e8le ? <\/strong><\/span><\/p>\n<p>\u00ab J&rsquo;ai \u00e9t\u00e9 <strong>6 fois champion du Rh\u00f4ne et 3 fois de ligue<\/strong> et j&rsquo;ai disput\u00e9 \u00e0 3 reprises les championnats de France par cat\u00e9gories d&rsquo;\u00e2ges \u00e0 Roland-Garros (70\/75 et 80) et deux fois, on a atteint la finale nationale des 75 ans avec l\u2019\u00e9quipe de la Ligue du Lyonnais.<\/p>\n<p>Mon point fort \u00e9tant un bon revers et le plus faible, le service. A pr\u00e9sent, je continue \u00e0 jouer 3 fois par semaine avec les copains mais plus qu&rsquo;en doubles, sauf pour les championnats du Rh\u00f4ne.<\/p>\n<p><strong>Mon mod\u00e8le et il n&rsquo;y a pas photo est Roger Federer,<\/strong> personne n&rsquo;a un jeu flamboyant comme lui, il a tout ! \u00bb<\/p>\n<hr \/>\n<p><span style=\"background-color: #000000; color: #ffffff; font-size: 14pt;\"><strong>Concernant le club, o\u00f9 en est son effectif ?<\/strong><\/span><\/p>\n<p>\u00ab Il compte <strong>265 adh\u00e9rents \u00e0 ce jour<\/strong> : <strong>160 gamins et 105 adultes<\/strong> (dont 24 femmes \u00e0 partir de 18 ans). A une \u00e9poque, il y a une dizaine d&rsquo;ann\u00e9es, on \u00e9tait 400 mais le tennis a perdu au niveau national et le covid n&rsquo;a pas arrang\u00e9.<\/p>\n<p>Le club compte d&rsquo;autre part 3 salari\u00e9s \u00e0 temps plein : Isabelle Ponsson (secr\u00e9taire administrative) Romain Gerini et Romain Rivi\u00e8re (professeurs D.E.) et 3 \u00e9ducateurs \u00bb.<\/p>\n<p><span style=\"color: #ffffff; font-size: 14pt; background-color: #000000;\"><strong>Quelles activit\u00e9s proposez-vous ?<\/strong><\/span><\/p>\n<p>\u00ab <strong>Notre choix a toujours \u00e9t\u00e9 de privil\u00e9gier le social et le sportif en essayant de bien r\u00e9ussir ces deux axes<\/strong>.<\/p>\n<p><strong>On a d&rsquo;ailleurs obtenu 2 fois le prix du r\u00f4le social et \u00e9ducatif d\u00e9cern\u00e9 par la F\u00e9d\u00e9ration Fran\u00e7aise de Tennis<\/strong> : en 2018 (dans les 13 clubs r\u00e9compens\u00e9s sur les 8.000 en France) et en 2020 (dans les 9 clubs de la ligue AURA sur les 980).<\/p>\n<p>Au niveau sportif, <strong>on organise 2 grands tournois adultes<\/strong> par an (challenge Escudier en janvier, open en juin qui fait d\u00e9sormais partie du Master Tour de l&rsquo;Est Lyonnais) et <strong>4 tournois jeunes<\/strong>.<\/p>\n<p>Nos stages marchent bien avec une centaine de personnes \u00e0 chacun et d&rsquo;autre part notre club est avant tout formateur, nos moniteurs sont vraiment de qualit\u00e9 \u00bb.<\/p>\n<hr \/>\n<p><span style=\"background-color: #000000; color: #ffffff; font-size: 14pt;\"><strong>Un petit bilan sportif de la derni\u00e8re saison ?<\/strong><\/span><\/p>\n<p>\u00ab 20 \u00e9quipes sont engag\u00e9es dans les diff\u00e9rents championnats (\u00e0 partir de 8 ans jusqu&rsquo;\u00e0 l&rsquo;\u00e9quipe 70).<\/p>\n<p>Et 4 gamins ont obtenu de tr\u00e8s bons r\u00e9sultats dans diverses comp\u00e9titions (Matisse, Nina, Ranya et Tristan) ces deux derniers viennent d&rsquo;\u00eatre r\u00e9compens\u00e9s lors du troph\u00e9e des Sports de la ville \u00bb.<\/p>\n<p><span style=\"color: #ffffff; font-size: 14pt; background-color: #000000;\"><strong>Lors l&rsquo;AG de ce soir, vous annoncerez que vous arr\u00eatez ainsi que des membres du CD, qu\u2019en est- il ?<\/strong><\/span><\/p>\n<p>\u00ab <strong>Cela fait presque 15 ans qu&rsquo;on \u00e9tait l\u00e0, cela me parait pas mal !<\/strong> Le pr\u00e9sident a 80 ans, il faut qu&rsquo;il y ait une rel\u00e8ve. Dans ma d\u00e9mission, j&rsquo;en entraine d&rsquo;autres qui \u00e9taient arriv\u00e9s avec moi et apr\u00e8s. On est 9 membres dans le comit\u00e9 directeur actuel et il va y avoir 5 d\u00e9parts mais des candidatures spontan\u00e9es devraient se proposer pour assurer une certaine continuit\u00e9.<\/p>\n<p>L&rsquo;\u00e9quipe partante se retrouvera au club pour des animations de convivialit\u00e9 (tennis, parties de cartes, repas). <strong>Une commission des anciens sera d&rsquo;ailleurs cr\u00e9\u00e9e \u00ab<\/strong>.<\/p>\n<p><span style=\"background-color: #000000; color: #ffffff; font-size: 14pt;\"><strong>Avez-vous connu des moments forts \u00e0 ressortir sur ces 14 ans de mandat ?<\/strong><\/span><\/p>\n<p>\u00ab <strong>J&rsquo;ai eu une super \u00e9quipe avec moi et on a vraiment connu des moments forts<\/strong>.<\/p>\n<p><strong>De bonheur<\/strong>, avec tout ce qui est relatif \u00e0 l&rsquo;organisation d&rsquo;\u00e9v\u00e8nements, des loisirs, des \u00e9quipes et surtout cette convivialit\u00e9 et ce bonheur d&rsquo;\u00eatre au club.<\/p>\n<p><strong>Et de plus grand malheur<\/strong>, lors des moments de deuils avec la perte d&rsquo;adh\u00e9rents. Des personnes qu&rsquo;on aimait beaucoup et qui tenaient une grande place au club. Une d&rsquo;entre elles a d&rsquo;ailleurs b\u00e9n\u00e9fici\u00e9 du bapt\u00eame de son nom pour le tournoi v\u00e9t\u00e9rans. On a aussi pass\u00e9 une mauvaise p\u00e9riode avec le Covid, heureusement il n&rsquo; y a pas eu de d\u00e9c\u00e8s mais cela a \u00e9t\u00e9 tr\u00e8s dur \u00e0 vivre \u00bb.<\/p>\n<p><span style=\"background-color: #000000; color: #ffffff; font-size: 14pt;\"><strong>En conclusion, une devise ou valeur du club ?<\/strong><\/span><\/p>\n<p>\u00ab Tout ce qui \u00e9voque notre r\u00f4le social \u00e9voqu\u00e9 pr\u00e9c\u00e9demment : \u00a0\u00bb <strong>Accueillir, \u00e9duquer, promouvoir<\/strong> \u00a0\u00bb toutes les valeurs du club sont ainsi mises en avant \u00bb.<\/p>\n<hr \/>\n<p><span style=\"font-size: 14pt; background-color: #000000;\"><span style=\"color: #ffffff;\"><em><strong>Toute l\u2019ACTU du club sur :<\/strong><\/em> <\/span><span style=\"color: #3366ff;\"><a style=\"background-color: #000000; color: #3366ff;\" href=\"http:\/\/www.meyzieutennis.com\">http:\/\/www.meyzieutennis.com<\/a><\/span><\/span><\/p>\n","protected":false},"excerpt":{"rendered":"<p>Pr\u00e9sident de Meyzieu Tennis depuis 2008, il va tirer sa r\u00e9v\u00e9rence avec d&rsquo;autres membres du bureau, ce vendredi soir lors de l&rsquo;assembl\u00e9e g\u00e9n\u00e9rale du club.<\/p>\n","protected":false},"author":4,"featured_media":169933,"comment_status":"open","ping_status":"open","sticky":false,"template":"","format":"standard","meta":{"footnotes":""},"categories":[4286,137,24,2992,2991],"tags":[2081,2548,4478,2049],"class_list":["post-166317","post","type-post","status-publish","format-standard","has-post-thumbnail","hentry","category-interview-a-la-une","category-interviews","category-meyzieu","category-tennis-padel","category-tennis-tennis-table-sports","tag-meyzieu","tag-meyzieu-tennis","tag-robert-lassia","tag-tennis"],"yoast_head":"<!-- This site is optimized with the Yoast SEO plugin v27.2 - https:\/\/yoast.com\/product\/yoast-seo-wordpress\/ -->\n<title>MEYZIEU | Robert Lassia &quot;notre choix a toujours \u00e9t\u00e9 de privil\u00e9gier social et sportif&quot; - News Est Lyonnais<\/title>\n<meta name=\"description\" content=\"MEYZIEU | Robert Lassia &quot; notre choix a toujours \u00e9t\u00e9 de privil\u00e9gier le social et le sportif &quot;\" \/>\n<meta name=\"robots\" content=\"index, follow, max-snippet:-1, max-image-preview:large, max-video-preview:-1\" \/>\n<link rel=\"canonical\" href=\"https:\/\/newsestlyonnais.fr\/site\/2022\/11\/25\/meyzieu-robert-lassia-notre-choix-a-toujours-ete-de-privilegier-le-social-et-le-sportif\/\" \/>\n<meta property=\"og:locale\" content=\"fr_FR\" \/>\n<meta property=\"og:type\" content=\"article\" \/>\n<meta property=\"og:title\" content=\"MEYZIEU | Robert Lassia &quot;notre choix a toujours \u00e9t\u00e9 de privil\u00e9gier social et sportif&quot; - News Est Lyonnais\" \/>\n<meta property=\"og:description\" content=\"MEYZIEU | Robert Lassia &quot; notre choix a toujours \u00e9t\u00e9 de privil\u00e9gier le social et le sportif &quot;\" \/>\n<meta property=\"og:url\" content=\"https:\/\/newsestlyonnais.fr\/site\/2022\/11\/25\/meyzieu-robert-lassia-notre-choix-a-toujours-ete-de-privilegier-le-social-et-le-sportif\/\" \/>\n<meta property=\"og:site_name\" content=\"News Est Lyonnais\" \/>\n<meta property=\"article:author\" content=\"https:\/\/www.facebook.com\/pascal.oberson.1?fref=ts\" \/>\n<meta property=\"article:published_time\" content=\"2022-11-25T15:05:30+00:00\" \/>\n<meta property=\"article:modified_time\" content=\"2022-11-25T15:08:03+00:00\" \/>\n<meta property=\"og:image\" content=\"https:\/\/newsestlyonnais.fr\/site\/wp-content\/uploads\/2022\/11\/P1110707b-1.jpg\" \/>\n\t<meta property=\"og:image:width\" content=\"779\" \/>\n\t<meta property=\"og:image:height\" content=\"676\" \/>\n\t<meta property=\"og:image:type\" content=\"image\/jpeg\" \/>\n<meta name=\"author\" content=\"R\u00e9dac. NEWS\" \/>\n<meta name=\"twitter:card\" content=\"summary_large_image\" \/>\n<meta name=\"twitter:label1\" content=\"\u00c9crit par\" \/>\n\t<meta name=\"twitter:data1\" content=\"R\u00e9dac. NEWS\" \/>\n\t<meta name=\"twitter:label2\" content=\"Dur\u00e9e de lecture estim\u00e9e\" \/>\n\t<meta name=\"twitter:data2\" content=\"5 minutes\" \/>\n<script type=\"application\/ld+json\" class=\"yoast-schema-graph\">{\"@context\":\"https:\/\/schema.org\",\"@graph\":[{\"@type\":\"Article\",\"@id\":\"https:\/\/newsestlyonnais.fr\/site\/2022\/11\/25\/meyzieu-robert-lassia-notre-choix-a-toujours-ete-de-privilegier-le-social-et-le-sportif\/#article\",\"isPartOf\":{\"@id\":\"https:\/\/newsestlyonnais.fr\/site\/2022\/11\/25\/meyzieu-robert-lassia-notre-choix-a-toujours-ete-de-privilegier-le-social-et-le-sportif\/\"},\"author\":{\"name\":\"R\u00e9dac. NEWS\",\"@id\":\"https:\/\/newsestlyonnais.fr\/site\/#\/schema\/person\/3230d5615f390bb808365d673001e887\"},\"headline\":\"MEYZIEU | Robert Lassia \u00ab\u00a0notre choix a toujours \u00e9t\u00e9 de privil\u00e9gier social et sportif\u00a0\u00bb\",\"datePublished\":\"2022-11-25T15:05:30+00:00\",\"dateModified\":\"2022-11-25T15:08:03+00:00\",\"mainEntityOfPage\":{\"@id\":\"https:\/\/newsestlyonnais.fr\/site\/2022\/11\/25\/meyzieu-robert-lassia-notre-choix-a-toujours-ete-de-privilegier-le-social-et-le-sportif\/\"},\"wordCount\":872,\"commentCount\":0,\"publisher\":{\"@id\":\"https:\/\/newsestlyonnais.fr\/site\/#organization\"},\"image\":{\"@id\":\"https:\/\/newsestlyonnais.fr\/site\/2022\/11\/25\/meyzieu-robert-lassia-notre-choix-a-toujours-ete-de-privilegier-le-social-et-le-sportif\/#primaryimage\"},\"thumbnailUrl\":\"https:\/\/newsestlyonnais.fr\/site\/wp-content\/uploads\/2022\/11\/P1110707b-1.jpg\",\"keywords\":[\"MEYZIEU\",\"MEYZIEU TENNIS\",\"Robert Lassia\",\"TENNIS\"],\"articleSection\":[\"Interview \u00e0 la une\",\"Interviews\",\"Meyzieu\",\"Tennis | Padel\",\"Tennis | Tennis de table\"],\"inLanguage\":\"fr-FR\",\"potentialAction\":[{\"@type\":\"CommentAction\",\"name\":\"Comment\",\"target\":[\"https:\/\/newsestlyonnais.fr\/site\/2022\/11\/25\/meyzieu-robert-lassia-notre-choix-a-toujours-ete-de-privilegier-le-social-et-le-sportif\/#respond\"]}]},{\"@type\":\"WebPage\",\"@id\":\"https:\/\/newsestlyonnais.fr\/site\/2022\/11\/25\/meyzieu-robert-lassia-notre-choix-a-toujours-ete-de-privilegier-le-social-et-le-sportif\/\",\"url\":\"https:\/\/newsestlyonnais.fr\/site\/2022\/11\/25\/meyzieu-robert-lassia-notre-choix-a-toujours-ete-de-privilegier-le-social-et-le-sportif\/\",\"name\":\"MEYZIEU | Robert Lassia \\\"notre choix a toujours \u00e9t\u00e9 de privil\u00e9gier social et sportif\\\" - News Est Lyonnais\",\"isPartOf\":{\"@id\":\"https:\/\/newsestlyonnais.fr\/site\/#website\"},\"primaryImageOfPage\":{\"@id\":\"https:\/\/newsestlyonnais.fr\/site\/2022\/11\/25\/meyzieu-robert-lassia-notre-choix-a-toujours-ete-de-privilegier-le-social-et-le-sportif\/#primaryimage\"},\"image\":{\"@id\":\"https:\/\/newsestlyonnais.fr\/site\/2022\/11\/25\/meyzieu-robert-lassia-notre-choix-a-toujours-ete-de-privilegier-le-social-et-le-sportif\/#primaryimage\"},\"thumbnailUrl\":\"https:\/\/newsestlyonnais.fr\/site\/wp-content\/uploads\/2022\/11\/P1110707b-1.jpg\",\"datePublished\":\"2022-11-25T15:05:30+00:00\",\"dateModified\":\"2022-11-25T15:08:03+00:00\",\"description\":\"MEYZIEU | Robert Lassia \\\" notre choix a toujours \u00e9t\u00e9 de privil\u00e9gier le social et le sportif \\\"\",\"breadcrumb\":{\"@id\":\"https:\/\/newsestlyonnais.fr\/site\/2022\/11\/25\/meyzieu-robert-lassia-notre-choix-a-toujours-ete-de-privilegier-le-social-et-le-sportif\/#breadcrumb\"},\"inLanguage\":\"fr-FR\",\"potentialAction\":[{\"@type\":\"ReadAction\",\"target\":[\"https:\/\/newsestlyonnais.fr\/site\/2022\/11\/25\/meyzieu-robert-lassia-notre-choix-a-toujours-ete-de-privilegier-le-social-et-le-sportif\/\"]}]},{\"@type\":\"ImageObject\",\"inLanguage\":\"fr-FR\",\"@id\":\"https:\/\/newsestlyonnais.fr\/site\/2022\/11\/25\/meyzieu-robert-lassia-notre-choix-a-toujours-ete-de-privilegier-le-social-et-le-sportif\/#primaryimage\",\"url\":\"https:\/\/newsestlyonnais.fr\/site\/wp-content\/uploads\/2022\/11\/P1110707b-1.jpg\",\"contentUrl\":\"https:\/\/newsestlyonnais.fr\/site\/wp-content\/uploads\/2022\/11\/P1110707b-1.jpg\",\"width\":779,\"height\":676},{\"@type\":\"BreadcrumbList\",\"@id\":\"https:\/\/newsestlyonnais.fr\/site\/2022\/11\/25\/meyzieu-robert-lassia-notre-choix-a-toujours-ete-de-privilegier-le-social-et-le-sportif\/#breadcrumb\",\"itemListElement\":[{\"@type\":\"ListItem\",\"position\":1,\"name\":\"Accueil\",\"item\":\"https:\/\/newsestlyonnais.fr\/site\/\"},{\"@type\":\"ListItem\",\"position\":2,\"name\":\"MEYZIEU | Robert Lassia \u00ab\u00a0notre choix a toujours \u00e9t\u00e9 de privil\u00e9gier social et sportif\u00a0\u00bb\"}]},{\"@type\":\"WebSite\",\"@id\":\"https:\/\/newsestlyonnais.fr\/site\/#website\",\"url\":\"https:\/\/newsestlyonnais.fr\/site\/\",\"name\":\"News Est Lyonnais\",\"description\":\"L&#039;actualit\u00e9 au plus pr\u00e8s\",\"publisher\":{\"@id\":\"https:\/\/newsestlyonnais.fr\/site\/#organization\"},\"potentialAction\":[{\"@type\":\"SearchAction\",\"target\":{\"@type\":\"EntryPoint\",\"urlTemplate\":\"https:\/\/newsestlyonnais.fr\/site\/?s={search_term_string}\"},\"query-input\":{\"@type\":\"PropertyValueSpecification\",\"valueRequired\":true,\"valueName\":\"search_term_string\"}}],\"inLanguage\":\"fr-FR\"},{\"@type\":\"Organization\",\"@id\":\"https:\/\/newsestlyonnais.fr\/site\/#organization\",\"name\":\"News EST LYONNAIS\",\"url\":\"https:\/\/newsestlyonnais.fr\/site\/\",\"logo\":{\"@type\":\"ImageObject\",\"inLanguage\":\"fr-FR\",\"@id\":\"https:\/\/newsestlyonnais.fr\/site\/#\/schema\/logo\/image\/\",\"url\":\"\",\"contentUrl\":\"\",\"caption\":\"News EST LYONNAIS\"},\"image\":{\"@id\":\"https:\/\/newsestlyonnais.fr\/site\/#\/schema\/logo\/image\/\"}},{\"@type\":\"Person\",\"@id\":\"https:\/\/newsestlyonnais.fr\/site\/#\/schema\/person\/3230d5615f390bb808365d673001e887\",\"name\":\"R\u00e9dac. NEWS\",\"sameAs\":[\"http:\/\/www.newsestlyonnais.fr\",\"https:\/\/www.facebook.com\/pascal.oberson.1?fref=ts\",\"https:\/\/fr.linkedin.com\/in\/pascal-oberson-b17045113\"],\"url\":\"https:\/\/newsestlyonnais.fr\/site\/author\/nel\/\"}]}<\/script>\n<!-- \/ Yoast SEO plugin. -->","yoast_head_json":{"title":"MEYZIEU | Robert Lassia \"notre choix a toujours \u00e9t\u00e9 de privil\u00e9gier social et sportif\" - News Est Lyonnais","description":"MEYZIEU | Robert Lassia \" notre choix a toujours \u00e9t\u00e9 de privil\u00e9gier le social et le sportif \"","robots":{"index":"index","follow":"follow","max-snippet":"max-snippet:-1","max-image-preview":"max-image-preview:large","max-video-preview":"max-video-preview:-1"},"canonical":"https:\/\/newsestlyonnais.fr\/site\/2022\/11\/25\/meyzieu-robert-lassia-notre-choix-a-toujours-ete-de-privilegier-le-social-et-le-sportif\/","og_locale":"fr_FR","og_type":"article","og_title":"MEYZIEU | Robert Lassia \"notre choix a toujours \u00e9t\u00e9 de privil\u00e9gier social et sportif\" - News Est Lyonnais","og_description":"MEYZIEU | Robert Lassia \" notre choix a toujours \u00e9t\u00e9 de privil\u00e9gier le social et le sportif \"","og_url":"https:\/\/newsestlyonnais.fr\/site\/2022\/11\/25\/meyzieu-robert-lassia-notre-choix-a-toujours-ete-de-privilegier-le-social-et-le-sportif\/","og_site_name":"News Est Lyonnais","article_author":"https:\/\/www.facebook.com\/pascal.oberson.1?fref=ts","article_published_time":"2022-11-25T15:05:30+00:00","article_modified_time":"2022-11-25T15:08:03+00:00","og_image":[{"width":779,"height":676,"url":"https:\/\/newsestlyonnais.fr\/site\/wp-content\/uploads\/2022\/11\/P1110707b-1.jpg","type":"image\/jpeg"}],"author":"R\u00e9dac. NEWS","twitter_card":"summary_large_image","twitter_misc":{"\u00c9crit par":"R\u00e9dac. NEWS","Dur\u00e9e de lecture estim\u00e9e":"5 minutes"},"schema":{"@context":"https:\/\/schema.org","@graph":[{"@type":"Article","@id":"https:\/\/newsestlyonnais.fr\/site\/2022\/11\/25\/meyzieu-robert-lassia-notre-choix-a-toujours-ete-de-privilegier-le-social-et-le-sportif\/#article","isPartOf":{"@id":"https:\/\/newsestlyonnais.fr\/site\/2022\/11\/25\/meyzieu-robert-lassia-notre-choix-a-toujours-ete-de-privilegier-le-social-et-le-sportif\/"},"author":{"name":"R\u00e9dac. NEWS","@id":"https:\/\/newsestlyonnais.fr\/site\/#\/schema\/person\/3230d5615f390bb808365d673001e887"},"headline":"MEYZIEU | Robert Lassia \u00ab\u00a0notre choix a toujours \u00e9t\u00e9 de privil\u00e9gier social et sportif\u00a0\u00bb","datePublished":"2022-11-25T15:05:30+00:00","dateModified":"2022-11-25T15:08:03+00:00","mainEntityOfPage":{"@id":"https:\/\/newsestlyonnais.fr\/site\/2022\/11\/25\/meyzieu-robert-lassia-notre-choix-a-toujours-ete-de-privilegier-le-social-et-le-sportif\/"},"wordCount":872,"commentCount":0,"publisher":{"@id":"https:\/\/newsestlyonnais.fr\/site\/#organization"},"image":{"@id":"https:\/\/newsestlyonnais.fr\/site\/2022\/11\/25\/meyzieu-robert-lassia-notre-choix-a-toujours-ete-de-privilegier-le-social-et-le-sportif\/#primaryimage"},"thumbnailUrl":"https:\/\/newsestlyonnais.fr\/site\/wp-content\/uploads\/2022\/11\/P1110707b-1.jpg","keywords":["MEYZIEU","MEYZIEU TENNIS","Robert Lassia","TENNIS"],"articleSection":["Interview \u00e0 la une","Interviews","Meyzieu","Tennis | Padel","Tennis | Tennis de table"],"inLanguage":"fr-FR","potentialAction":[{"@type":"CommentAction","name":"Comment","target":["https:\/\/newsestlyonnais.fr\/site\/2022\/11\/25\/meyzieu-robert-lassia-notre-choix-a-toujours-ete-de-privilegier-le-social-et-le-sportif\/#respond"]}]},{"@type":"WebPage","@id":"https:\/\/newsestlyonnais.fr\/site\/2022\/11\/25\/meyzieu-robert-lassia-notre-choix-a-toujours-ete-de-privilegier-le-social-et-le-sportif\/","url":"https:\/\/newsestlyonnais.fr\/site\/2022\/11\/25\/meyzieu-robert-lassia-notre-choix-a-toujours-ete-de-privilegier-le-social-et-le-sportif\/","name":"MEYZIEU | Robert Lassia \"notre choix a toujours \u00e9t\u00e9 de privil\u00e9gier social et sportif\" - News Est Lyonnais","isPartOf":{"@id":"https:\/\/newsestlyonnais.fr\/site\/#website"},"primaryImageOfPage":{"@id":"https:\/\/newsestlyonnais.fr\/site\/2022\/11\/25\/meyzieu-robert-lassia-notre-choix-a-toujours-ete-de-privilegier-le-social-et-le-sportif\/#primaryimage"},"image":{"@id":"https:\/\/newsestlyonnais.fr\/site\/2022\/11\/25\/meyzieu-robert-lassia-notre-choix-a-toujours-ete-de-privilegier-le-social-et-le-sportif\/#primaryimage"},"thumbnailUrl":"https:\/\/newsestlyonnais.fr\/site\/wp-content\/uploads\/2022\/11\/P1110707b-1.jpg","datePublished":"2022-11-25T15:05:30+00:00","dateModified":"2022-11-25T15:08:03+00:00","description":"MEYZIEU | Robert Lassia \" notre choix a toujours \u00e9t\u00e9 de privil\u00e9gier le social et le sportif \"","breadcrumb":{"@id":"https:\/\/newsestlyonnais.fr\/site\/2022\/11\/25\/meyzieu-robert-lassia-notre-choix-a-toujours-ete-de-privilegier-le-social-et-le-sportif\/#breadcrumb"},"inLanguage":"fr-FR","potentialAction":[{"@type":"ReadAction","target":["https:\/\/newsestlyonnais.fr\/site\/2022\/11\/25\/meyzieu-robert-lassia-notre-choix-a-toujours-ete-de-privilegier-le-social-et-le-sportif\/"]}]},{"@type":"ImageObject","inLanguage":"fr-FR","@id":"https:\/\/newsestlyonnais.fr\/site\/2022\/11\/25\/meyzieu-robert-lassia-notre-choix-a-toujours-ete-de-privilegier-le-social-et-le-sportif\/#primaryimage","url":"https:\/\/newsestlyonnais.fr\/site\/wp-content\/uploads\/2022\/11\/P1110707b-1.jpg","contentUrl":"https:\/\/newsestlyonnais.fr\/site\/wp-content\/uploads\/2022\/11\/P1110707b-1.jpg","width":779,"height":676},{"@type":"BreadcrumbList","@id":"https:\/\/newsestlyonnais.fr\/site\/2022\/11\/25\/meyzieu-robert-lassia-notre-choix-a-toujours-ete-de-privilegier-le-social-et-le-sportif\/#breadcrumb","itemListElement":[{"@type":"ListItem","position":1,"name":"Accueil","item":"https:\/\/newsestlyonnais.fr\/site\/"},{"@type":"ListItem","position":2,"name":"MEYZIEU | Robert Lassia \u00ab\u00a0notre choix a toujours \u00e9t\u00e9 de privil\u00e9gier social et sportif\u00a0\u00bb"}]},{"@type":"WebSite","@id":"https:\/\/newsestlyonnais.fr\/site\/#website","url":"https:\/\/newsestlyonnais.fr\/site\/","name":"News Est Lyonnais","description":"L&#039;actualit\u00e9 au plus pr\u00e8s","publisher":{"@id":"https:\/\/newsestlyonnais.fr\/site\/#organization"},"potentialAction":[{"@type":"SearchAction","target":{"@type":"EntryPoint","urlTemplate":"https:\/\/newsestlyonnais.fr\/site\/?s={search_term_string}"},"query-input":{"@type":"PropertyValueSpecification","valueRequired":true,"valueName":"search_term_string"}}],"inLanguage":"fr-FR"},{"@type":"Organization","@id":"https:\/\/newsestlyonnais.fr\/site\/#organization","name":"News EST LYONNAIS","url":"https:\/\/newsestlyonnais.fr\/site\/","logo":{"@type":"ImageObject","inLanguage":"fr-FR","@id":"https:\/\/newsestlyonnais.fr\/site\/#\/schema\/logo\/image\/","url":"","contentUrl":"","caption":"News EST LYONNAIS"},"image":{"@id":"https:\/\/newsestlyonnais.fr\/site\/#\/schema\/logo\/image\/"}},{"@type":"Person","@id":"https:\/\/newsestlyonnais.fr\/site\/#\/schema\/person\/3230d5615f390bb808365d673001e887","name":"R\u00e9dac. NEWS","sameAs":["http:\/\/www.newsestlyonnais.fr","https:\/\/www.facebook.com\/pascal.oberson.1?fref=ts","https:\/\/fr.linkedin.com\/in\/pascal-oberson-b17045113"],"url":"https:\/\/newsestlyonnais.fr\/site\/author\/nel\/"}]}},"_links":{"self":[{"href":"https:\/\/newsestlyonnais.fr\/site\/wp-json\/wp\/v2\/posts\/166317","targetHints":{"allow":["GET"]}}],"collection":[{"href":"https:\/\/newsestlyonnais.fr\/site\/wp-json\/wp\/v2\/posts"}],"about":[{"href":"https:\/\/newsestlyonnais.fr\/site\/wp-json\/wp\/v2\/types\/post"}],"author":[{"embeddable":true,"href":"https:\/\/newsestlyonnais.fr\/site\/wp-json\/wp\/v2\/users\/4"}],"replies":[{"embeddable":true,"href":"https:\/\/newsestlyonnais.fr\/site\/wp-json\/wp\/v2\/comments?post=166317"}],"version-history":[{"count":0,"href":"https:\/\/newsestlyonnais.fr\/site\/wp-json\/wp\/v2\/posts\/166317\/revisions"}],"wp:featuredmedia":[{"embeddable":true,"href":"https:\/\/newsestlyonnais.fr\/site\/wp-json\/wp\/v2\/media\/169933"}],"wp:attachment":[{"href":"https:\/\/newsestlyonnais.fr\/site\/wp-json\/wp\/v2\/media?parent=166317"}],"wp:term":[{"taxonomy":"category","embeddable":true,"href":"https:\/\/newsestlyonnais.fr\/site\/wp-json\/wp\/v2\/categories?post=166317"},{"taxonomy":"post_tag","embeddable":true,"href":"https:\/\/newsestlyonnais.fr\/site\/wp-json\/wp\/v2\/tags?post=166317"}],"curies":[{"name":"wp","href":"https:\/\/api.w.org\/{rel}","templated":true}]}}