{"id":166500,"date":"2022-10-19T06:22:27","date_gmt":"2022-10-19T05:22:27","guid":{"rendered":"https:\/\/newsestlyonnais.fr\/site\/?p=166500"},"modified":"2022-10-19T08:18:51","modified_gmt":"2022-10-19T07:18:51","slug":"rillieux-la-pape-premiere-edition-du-festival-street-art-rillieux","status":"publish","type":"post","link":"https:\/\/newsestlyonnais.fr\/site\/2022\/10\/19\/rillieux-la-pape-premiere-edition-du-festival-street-art-rillieux\/","title":{"rendered":"RILLIEUX-LA-PAPE | Premi\u00e8re \u00e9dition du festival Street Art Rillieux"},"content":{"rendered":"<p><strong>Cr\u00e9ations en direct, fresques, ateliers d&rsquo;initiation, rencontres, etc, du 100 % gratuit !\u00a0<\/strong><\/p>\n<hr \/>\n<p><span style=\"background-color: #000000;\"><strong><span style=\"color: #ffffff;\">Programmation sur : <\/span><span style=\"color: #0000ff;\"><a style=\"background-color: #000000; color: #0000ff;\" href=\"https:\/\/www.streetartrillieux.com\/edition-2022-par-jour-street-art-rillieux\/\">https:\/\/www.streetartrillieux.com\/edition-2022-par-jour-street-art-rillieux\/<\/a><\/span><\/strong><\/span><\/p>\n","protected":false},"excerpt":{"rendered":"<p>Du 18 au 29 octobre, seront accueillis des street artistes locaux et internationaux autour d\u2019une programmation \u00e9clectique qui saura convaincre petits et grands ! <\/p>\n","protected":false},"author":4,"featured_media":166499,"comment_status":"open","ping_status":"open","sticky":false,"template":"","format":"standard","meta":{"footnotes":""},"categories":[2217,171,3007,1623],"tags":[3073,4438],"class_list":["post-166500","post","type-post","status-publish","format-standard","has-post-thumbnail","hentry","category-breves-de-lest-lyonnais","category-enfance-jeunesse","category-peinture-photo-sculpture","category-rillieux-la-pape","tag-rillieux","tag-street-art"],"yoast_head":"<!-- This site is optimized with the Yoast SEO plugin v27.2 - https:\/\/yoast.com\/product\/yoast-seo-wordpress\/ -->\n<title>RILLIEUX-LA-PAPE | Premi\u00e8re \u00e9dition du festival Street Art Rillieux - News Est Lyonnais<\/title>\n<meta name=\"description\" content=\"RILLIEUX-LA-PAPE | Premi\u00e8re \u00e9dition du festival Street Art Rillieux\" \/>\n<meta name=\"robots\" content=\"index, follow, max-snippet:-1, max-image-preview:large, max-video-preview:-1\" \/>\n<link rel=\"canonical\" href=\"https:\/\/newsestlyonnais.fr\/site\/2022\/10\/19\/rillieux-la-pape-premiere-edition-du-festival-street-art-rillieux\/\" \/>\n<meta property=\"og:locale\" content=\"fr_FR\" \/>\n<meta property=\"og:type\" content=\"article\" \/>\n<meta property=\"og:title\" content=\"RILLIEUX-LA-PAPE | Premi\u00e8re \u00e9dition du festival Street Art Rillieux - News Est Lyonnais\" \/>\n<meta property=\"og:description\" content=\"RILLIEUX-LA-PAPE | Premi\u00e8re \u00e9dition du festival Street Art Rillieux\" \/>\n<meta property=\"og:url\" content=\"https:\/\/newsestlyonnais.fr\/site\/2022\/10\/19\/rillieux-la-pape-premiere-edition-du-festival-street-art-rillieux\/\" \/>\n<meta property=\"og:site_name\" content=\"News Est Lyonnais\" \/>\n<meta property=\"article:author\" content=\"https:\/\/www.facebook.com\/pascal.oberson.1?fref=ts\" \/>\n<meta property=\"article:published_time\" content=\"2022-10-19T05:22:27+00:00\" \/>\n<meta property=\"article:modified_time\" content=\"2022-10-19T07:18:51+00:00\" \/>\n<meta property=\"og:image\" content=\"https:\/\/newsestlyonnais.fr\/site\/wp-content\/uploads\/2022\/10\/309331510_429343075989898_887421876069620505_n.jpg\" \/>\n\t<meta property=\"og:image:width\" content=\"846\" \/>\n\t<meta property=\"og:image:height\" content=\"1200\" \/>\n\t<meta property=\"og:image:type\" content=\"image\/jpeg\" \/>\n<meta name=\"author\" content=\"R\u00e9dac. NEWS\" \/>\n<meta name=\"twitter:card\" content=\"summary_large_image\" \/>\n<meta name=\"twitter:label1\" content=\"\u00c9crit par\" \/>\n\t<meta name=\"twitter:data1\" content=\"R\u00e9dac. NEWS\" \/>\n\t<meta name=\"twitter:label2\" content=\"Dur\u00e9e de lecture estim\u00e9e\" \/>\n\t<meta name=\"twitter:data2\" content=\"1 minute\" \/>\n<script type=\"application\/ld+json\" class=\"yoast-schema-graph\">{\"@context\":\"https:\/\/schema.org\",\"@graph\":[{\"@type\":\"Article\",\"@id\":\"https:\/\/newsestlyonnais.fr\/site\/2022\/10\/19\/rillieux-la-pape-premiere-edition-du-festival-street-art-rillieux\/#article\",\"isPartOf\":{\"@id\":\"https:\/\/newsestlyonnais.fr\/site\/2022\/10\/19\/rillieux-la-pape-premiere-edition-du-festival-street-art-rillieux\/\"},\"author\":{\"name\":\"R\u00e9dac. NEWS\",\"@id\":\"https:\/\/newsestlyonnais.fr\/site\/#\/schema\/person\/3230d5615f390bb808365d673001e887\"},\"headline\":\"RILLIEUX-LA-PAPE | Premi\u00e8re \u00e9dition du festival Street Art Rillieux\",\"datePublished\":\"2022-10-19T05:22:27+00:00\",\"dateModified\":\"2022-10-19T07:18:51+00:00\",\"mainEntityOfPage\":{\"@id\":\"https:\/\/newsestlyonnais.fr\/site\/2022\/10\/19\/rillieux-la-pape-premiere-edition-du-festival-street-art-rillieux\/\"},\"wordCount\":29,\"commentCount\":0,\"publisher\":{\"@id\":\"https:\/\/newsestlyonnais.fr\/site\/#organization\"},\"image\":{\"@id\":\"https:\/\/newsestlyonnais.fr\/site\/2022\/10\/19\/rillieux-la-pape-premiere-edition-du-festival-street-art-rillieux\/#primaryimage\"},\"thumbnailUrl\":\"https:\/\/newsestlyonnais.fr\/site\/wp-content\/uploads\/2022\/10\/309331510_429343075989898_887421876069620505_n.jpg\",\"keywords\":[\"RILLIEUX\",\"STREET ART\"],\"articleSection\":[\"Br\u00e8ves de l'Est lyonnais\",\"Enfance | Jeunesse\",\"Peinture | Photo | Sculpture\",\"Rillieux-la-Pape\"],\"inLanguage\":\"fr-FR\",\"potentialAction\":[{\"@type\":\"CommentAction\",\"name\":\"Comment\",\"target\":[\"https:\/\/newsestlyonnais.fr\/site\/2022\/10\/19\/rillieux-la-pape-premiere-edition-du-festival-street-art-rillieux\/#respond\"]}]},{\"@type\":\"WebPage\",\"@id\":\"https:\/\/newsestlyonnais.fr\/site\/2022\/10\/19\/rillieux-la-pape-premiere-edition-du-festival-street-art-rillieux\/\",\"url\":\"https:\/\/newsestlyonnais.fr\/site\/2022\/10\/19\/rillieux-la-pape-premiere-edition-du-festival-street-art-rillieux\/\",\"name\":\"RILLIEUX-LA-PAPE | Premi\u00e8re \u00e9dition du festival Street Art Rillieux - News Est Lyonnais\",\"isPartOf\":{\"@id\":\"https:\/\/newsestlyonnais.fr\/site\/#website\"},\"primaryImageOfPage\":{\"@id\":\"https:\/\/newsestlyonnais.fr\/site\/2022\/10\/19\/rillieux-la-pape-premiere-edition-du-festival-street-art-rillieux\/#primaryimage\"},\"image\":{\"@id\":\"https:\/\/newsestlyonnais.fr\/site\/2022\/10\/19\/rillieux-la-pape-premiere-edition-du-festival-street-art-rillieux\/#primaryimage\"},\"thumbnailUrl\":\"https:\/\/newsestlyonnais.fr\/site\/wp-content\/uploads\/2022\/10\/309331510_429343075989898_887421876069620505_n.jpg\",\"datePublished\":\"2022-10-19T05:22:27+00:00\",\"dateModified\":\"2022-10-19T07:18:51+00:00\",\"description\":\"RILLIEUX-LA-PAPE | Premi\u00e8re \u00e9dition du festival Street Art Rillieux\",\"breadcrumb\":{\"@id\":\"https:\/\/newsestlyonnais.fr\/site\/2022\/10\/19\/rillieux-la-pape-premiere-edition-du-festival-street-art-rillieux\/#breadcrumb\"},\"inLanguage\":\"fr-FR\",\"potentialAction\":[{\"@type\":\"ReadAction\",\"target\":[\"https:\/\/newsestlyonnais.fr\/site\/2022\/10\/19\/rillieux-la-pape-premiere-edition-du-festival-street-art-rillieux\/\"]}]},{\"@type\":\"ImageObject\",\"inLanguage\":\"fr-FR\",\"@id\":\"https:\/\/newsestlyonnais.fr\/site\/2022\/10\/19\/rillieux-la-pape-premiere-edition-du-festival-street-art-rillieux\/#primaryimage\",\"url\":\"https:\/\/newsestlyonnais.fr\/site\/wp-content\/uploads\/2022\/10\/309331510_429343075989898_887421876069620505_n.jpg\",\"contentUrl\":\"https:\/\/newsestlyonnais.fr\/site\/wp-content\/uploads\/2022\/10\/309331510_429343075989898_887421876069620505_n.jpg\",\"width\":846,\"height\":1200},{\"@type\":\"BreadcrumbList\",\"@id\":\"https:\/\/newsestlyonnais.fr\/site\/2022\/10\/19\/rillieux-la-pape-premiere-edition-du-festival-street-art-rillieux\/#breadcrumb\",\"itemListElement\":[{\"@type\":\"ListItem\",\"position\":1,\"name\":\"Accueil\",\"item\":\"https:\/\/newsestlyonnais.fr\/site\/\"},{\"@type\":\"ListItem\",\"position\":2,\"name\":\"RILLIEUX-LA-PAPE | Premi\u00e8re \u00e9dition du festival Street Art Rillieux\"}]},{\"@type\":\"WebSite\",\"@id\":\"https:\/\/newsestlyonnais.fr\/site\/#website\",\"url\":\"https:\/\/newsestlyonnais.fr\/site\/\",\"name\":\"News Est Lyonnais\",\"description\":\"L&#039;actualit\u00e9 au plus pr\u00e8s\",\"publisher\":{\"@id\":\"https:\/\/newsestlyonnais.fr\/site\/#organization\"},\"potentialAction\":[{\"@type\":\"SearchAction\",\"target\":{\"@type\":\"EntryPoint\",\"urlTemplate\":\"https:\/\/newsestlyonnais.fr\/site\/?s={search_term_string}\"},\"query-input\":{\"@type\":\"PropertyValueSpecification\",\"valueRequired\":true,\"valueName\":\"search_term_string\"}}],\"inLanguage\":\"fr-FR\"},{\"@type\":\"Organization\",\"@id\":\"https:\/\/newsestlyonnais.fr\/site\/#organization\",\"name\":\"News EST LYONNAIS\",\"url\":\"https:\/\/newsestlyonnais.fr\/site\/\",\"logo\":{\"@type\":\"ImageObject\",\"inLanguage\":\"fr-FR\",\"@id\":\"https:\/\/newsestlyonnais.fr\/site\/#\/schema\/logo\/image\/\",\"url\":\"\",\"contentUrl\":\"\",\"caption\":\"News EST LYONNAIS\"},\"image\":{\"@id\":\"https:\/\/newsestlyonnais.fr\/site\/#\/schema\/logo\/image\/\"}},{\"@type\":\"Person\",\"@id\":\"https:\/\/newsestlyonnais.fr\/site\/#\/schema\/person\/3230d5615f390bb808365d673001e887\",\"name\":\"R\u00e9dac. NEWS\",\"sameAs\":[\"http:\/\/www.newsestlyonnais.fr\",\"https:\/\/www.facebook.com\/pascal.oberson.1?fref=ts\",\"https:\/\/fr.linkedin.com\/in\/pascal-oberson-b17045113\"],\"url\":\"https:\/\/newsestlyonnais.fr\/site\/author\/nel\/\"}]}<\/script>\n<!-- \/ Yoast SEO plugin. -->","yoast_head_json":{"title":"RILLIEUX-LA-PAPE | Premi\u00e8re \u00e9dition du festival Street Art Rillieux - News Est Lyonnais","description":"RILLIEUX-LA-PAPE | Premi\u00e8re \u00e9dition du festival Street Art Rillieux","robots":{"index":"index","follow":"follow","max-snippet":"max-snippet:-1","max-image-preview":"max-image-preview:large","max-video-preview":"max-video-preview:-1"},"canonical":"https:\/\/newsestlyonnais.fr\/site\/2022\/10\/19\/rillieux-la-pape-premiere-edition-du-festival-street-art-rillieux\/","og_locale":"fr_FR","og_type":"article","og_title":"RILLIEUX-LA-PAPE | Premi\u00e8re \u00e9dition du festival Street Art Rillieux - News Est Lyonnais","og_description":"RILLIEUX-LA-PAPE | Premi\u00e8re \u00e9dition du festival Street Art Rillieux","og_url":"https:\/\/newsestlyonnais.fr\/site\/2022\/10\/19\/rillieux-la-pape-premiere-edition-du-festival-street-art-rillieux\/","og_site_name":"News Est Lyonnais","article_author":"https:\/\/www.facebook.com\/pascal.oberson.1?fref=ts","article_published_time":"2022-10-19T05:22:27+00:00","article_modified_time":"2022-10-19T07:18:51+00:00","og_image":[{"width":846,"height":1200,"url":"https:\/\/newsestlyonnais.fr\/site\/wp-content\/uploads\/2022\/10\/309331510_429343075989898_887421876069620505_n.jpg","type":"image\/jpeg"}],"author":"R\u00e9dac. NEWS","twitter_card":"summary_large_image","twitter_misc":{"\u00c9crit par":"R\u00e9dac. NEWS","Dur\u00e9e de lecture estim\u00e9e":"1 minute"},"schema":{"@context":"https:\/\/schema.org","@graph":[{"@type":"Article","@id":"https:\/\/newsestlyonnais.fr\/site\/2022\/10\/19\/rillieux-la-pape-premiere-edition-du-festival-street-art-rillieux\/#article","isPartOf":{"@id":"https:\/\/newsestlyonnais.fr\/site\/2022\/10\/19\/rillieux-la-pape-premiere-edition-du-festival-street-art-rillieux\/"},"author":{"name":"R\u00e9dac. NEWS","@id":"https:\/\/newsestlyonnais.fr\/site\/#\/schema\/person\/3230d5615f390bb808365d673001e887"},"headline":"RILLIEUX-LA-PAPE | Premi\u00e8re \u00e9dition du festival Street Art Rillieux","datePublished":"2022-10-19T05:22:27+00:00","dateModified":"2022-10-19T07:18:51+00:00","mainEntityOfPage":{"@id":"https:\/\/newsestlyonnais.fr\/site\/2022\/10\/19\/rillieux-la-pape-premiere-edition-du-festival-street-art-rillieux\/"},"wordCount":29,"commentCount":0,"publisher":{"@id":"https:\/\/newsestlyonnais.fr\/site\/#organization"},"image":{"@id":"https:\/\/newsestlyonnais.fr\/site\/2022\/10\/19\/rillieux-la-pape-premiere-edition-du-festival-street-art-rillieux\/#primaryimage"},"thumbnailUrl":"https:\/\/newsestlyonnais.fr\/site\/wp-content\/uploads\/2022\/10\/309331510_429343075989898_887421876069620505_n.jpg","keywords":["RILLIEUX","STREET ART"],"articleSection":["Br\u00e8ves de l'Est lyonnais","Enfance | Jeunesse","Peinture | Photo | Sculpture","Rillieux-la-Pape"],"inLanguage":"fr-FR","potentialAction":[{"@type":"CommentAction","name":"Comment","target":["https:\/\/newsestlyonnais.fr\/site\/2022\/10\/19\/rillieux-la-pape-premiere-edition-du-festival-street-art-rillieux\/#respond"]}]},{"@type":"WebPage","@id":"https:\/\/newsestlyonnais.fr\/site\/2022\/10\/19\/rillieux-la-pape-premiere-edition-du-festival-street-art-rillieux\/","url":"https:\/\/newsestlyonnais.fr\/site\/2022\/10\/19\/rillieux-la-pape-premiere-edition-du-festival-street-art-rillieux\/","name":"RILLIEUX-LA-PAPE | Premi\u00e8re \u00e9dition du festival Street Art Rillieux - News Est Lyonnais","isPartOf":{"@id":"https:\/\/newsestlyonnais.fr\/site\/#website"},"primaryImageOfPage":{"@id":"https:\/\/newsestlyonnais.fr\/site\/2022\/10\/19\/rillieux-la-pape-premiere-edition-du-festival-street-art-rillieux\/#primaryimage"},"image":{"@id":"https:\/\/newsestlyonnais.fr\/site\/2022\/10\/19\/rillieux-la-pape-premiere-edition-du-festival-street-art-rillieux\/#primaryimage"},"thumbnailUrl":"https:\/\/newsestlyonnais.fr\/site\/wp-content\/uploads\/2022\/10\/309331510_429343075989898_887421876069620505_n.jpg","datePublished":"2022-10-19T05:22:27+00:00","dateModified":"2022-10-19T07:18:51+00:00","description":"RILLIEUX-LA-PAPE | Premi\u00e8re \u00e9dition du festival Street Art Rillieux","breadcrumb":{"@id":"https:\/\/newsestlyonnais.fr\/site\/2022\/10\/19\/rillieux-la-pape-premiere-edition-du-festival-street-art-rillieux\/#breadcrumb"},"inLanguage":"fr-FR","potentialAction":[{"@type":"ReadAction","target":["https:\/\/newsestlyonnais.fr\/site\/2022\/10\/19\/rillieux-la-pape-premiere-edition-du-festival-street-art-rillieux\/"]}]},{"@type":"ImageObject","inLanguage":"fr-FR","@id":"https:\/\/newsestlyonnais.fr\/site\/2022\/10\/19\/rillieux-la-pape-premiere-edition-du-festival-street-art-rillieux\/#primaryimage","url":"https:\/\/newsestlyonnais.fr\/site\/wp-content\/uploads\/2022\/10\/309331510_429343075989898_887421876069620505_n.jpg","contentUrl":"https:\/\/newsestlyonnais.fr\/site\/wp-content\/uploads\/2022\/10\/309331510_429343075989898_887421876069620505_n.jpg","width":846,"height":1200},{"@type":"BreadcrumbList","@id":"https:\/\/newsestlyonnais.fr\/site\/2022\/10\/19\/rillieux-la-pape-premiere-edition-du-festival-street-art-rillieux\/#breadcrumb","itemListElement":[{"@type":"ListItem","position":1,"name":"Accueil","item":"https:\/\/newsestlyonnais.fr\/site\/"},{"@type":"ListItem","position":2,"name":"RILLIEUX-LA-PAPE | Premi\u00e8re \u00e9dition du festival Street Art Rillieux"}]},{"@type":"WebSite","@id":"https:\/\/newsestlyonnais.fr\/site\/#website","url":"https:\/\/newsestlyonnais.fr\/site\/","name":"News Est Lyonnais","description":"L&#039;actualit\u00e9 au plus pr\u00e8s","publisher":{"@id":"https:\/\/newsestlyonnais.fr\/site\/#organization"},"potentialAction":[{"@type":"SearchAction","target":{"@type":"EntryPoint","urlTemplate":"https:\/\/newsestlyonnais.fr\/site\/?s={search_term_string}"},"query-input":{"@type":"PropertyValueSpecification","valueRequired":true,"valueName":"search_term_string"}}],"inLanguage":"fr-FR"},{"@type":"Organization","@id":"https:\/\/newsestlyonnais.fr\/site\/#organization","name":"News EST LYONNAIS","url":"https:\/\/newsestlyonnais.fr\/site\/","logo":{"@type":"ImageObject","inLanguage":"fr-FR","@id":"https:\/\/newsestlyonnais.fr\/site\/#\/schema\/logo\/image\/","url":"","contentUrl":"","caption":"News EST LYONNAIS"},"image":{"@id":"https:\/\/newsestlyonnais.fr\/site\/#\/schema\/logo\/image\/"}},{"@type":"Person","@id":"https:\/\/newsestlyonnais.fr\/site\/#\/schema\/person\/3230d5615f390bb808365d673001e887","name":"R\u00e9dac. NEWS","sameAs":["http:\/\/www.newsestlyonnais.fr","https:\/\/www.facebook.com\/pascal.oberson.1?fref=ts","https:\/\/fr.linkedin.com\/in\/pascal-oberson-b17045113"],"url":"https:\/\/newsestlyonnais.fr\/site\/author\/nel\/"}]}},"_links":{"self":[{"href":"https:\/\/newsestlyonnais.fr\/site\/wp-json\/wp\/v2\/posts\/166500","targetHints":{"allow":["GET"]}}],"collection":[{"href":"https:\/\/newsestlyonnais.fr\/site\/wp-json\/wp\/v2\/posts"}],"about":[{"href":"https:\/\/newsestlyonnais.fr\/site\/wp-json\/wp\/v2\/types\/post"}],"author":[{"embeddable":true,"href":"https:\/\/newsestlyonnais.fr\/site\/wp-json\/wp\/v2\/users\/4"}],"replies":[{"embeddable":true,"href":"https:\/\/newsestlyonnais.fr\/site\/wp-json\/wp\/v2\/comments?post=166500"}],"version-history":[{"count":0,"href":"https:\/\/newsestlyonnais.fr\/site\/wp-json\/wp\/v2\/posts\/166500\/revisions"}],"wp:featuredmedia":[{"embeddable":true,"href":"https:\/\/newsestlyonnais.fr\/site\/wp-json\/wp\/v2\/media\/166499"}],"wp:attachment":[{"href":"https:\/\/newsestlyonnais.fr\/site\/wp-json\/wp\/v2\/media?parent=166500"}],"wp:term":[{"taxonomy":"category","embeddable":true,"href":"https:\/\/newsestlyonnais.fr\/site\/wp-json\/wp\/v2\/categories?post=166500"},{"taxonomy":"post_tag","embeddable":true,"href":"https:\/\/newsestlyonnais.fr\/site\/wp-json\/wp\/v2\/tags?post=166500"}],"curies":[{"name":"wp","href":"https:\/\/api.w.org\/{rel}","templated":true}]}}