{"id":166813,"date":"2022-10-22T17:39:28","date_gmt":"2022-10-22T16:39:28","guid":{"rendered":"https:\/\/newsestlyonnais.fr\/site\/?p=166813"},"modified":"2022-10-22T17:39:28","modified_gmt":"2022-10-22T16:39:28","slug":"genas-sectorisation-du-futur-lycee-arnaud-beltrame","status":"publish","type":"post","link":"https:\/\/newsestlyonnais.fr\/site\/2022\/10\/22\/genas-sectorisation-du-futur-lycee-arnaud-beltrame\/","title":{"rendered":"GENAS | Sectorisation du futur lyc\u00e9e Arnaud Beltrame"},"content":{"rendered":"<p><span style=\"background-color: #000000; color: #ffffff;\"><strong><span id=\"page65R_mcid10\" class=\"markedContent\"><span dir=\"ltr\" role=\"presentation\">Aujourd\u2019hui scolaris\u00e9s au lyc\u00e9e public Charlie Chaplin de D\u00e9cines-<\/span><span dir=\"ltr\" role=\"presentation\">Charpieu, les \u00e9l\u00e8ves de seconde g\u00e9n\u00e9rale et technologique de Genas<\/span> <span dir=\"ltr\" role=\"presentation\">entameront leur parcours de lyc\u00e9e au futur \u00e9tablissement de Meyzieu, le<\/span> <span dir=\"ltr\" role=\"presentation\">lyc\u00e9e Arnaud Beltrame. <\/span><\/span><\/strong><\/span><\/p>\n<p><span style=\"background-color: #000000; color: #ffffff;\"><strong><span id=\"page65R_mcid10\" class=\"markedContent\"><span dir=\"ltr\" role=\"presentation\">Et ce, \u00e0 compter de septembre 2023.<\/span><\/span><\/strong><\/span><span id=\"page65R_mcid13\" class=\"markedContent\"><\/span><\/p>\n<p><span id=\"page65R_mcid13\" class=\"markedContent\"><span dir=\"ltr\" role=\"presentation\">\u00c0 l\u2019image de la construction d\u2019un nouveau lyc\u00e9e pour l\u2019Est lyonnais,<\/span> <span dir=\"ltr\" role=\"presentation\">l\u2019annonce de la sectorisation du futur lyc\u00e9e de Meyzieu \u00e9tait tr\u00e8s attendue \u00e0<\/span> <span dir=\"ltr\" role=\"presentation\">Genas. <strong>Aujourd\u2019hui, c\u2019est officiel : les futurs lyc\u00e9ens genassiens<\/strong><\/span><strong> <span dir=\"ltr\" role=\"presentation\">effectueront les derni\u00e8res ann\u00e9es de leurs \u00e9tudes secondaires au lyc\u00e9e<\/span> <span dir=\"ltr\" role=\"presentation\">Arnaud Beltrame, actuellement en construction rue Jean Jaur\u00e8s \u00e0 Meyzieu.<\/span><\/strong><\/span><span id=\"page65R_mcid15\" class=\"markedContent\"> <\/span><\/p>\n<p><span id=\"page65R_mcid15\" class=\"markedContent\"><span dir=\"ltr\" role=\"presentation\">Pour rappel, alors que l\u2019augmentation constante de la population dans l\u2019Est<\/span> <span dir=\"ltr\" role=\"presentation\">lyonnais impose depuis des ann\u00e9es la construction d\u2019un nouveau lyc\u00e9e pour<\/span> <span dir=\"ltr\" role=\"presentation\">le territoire, Daniel Val\u00e9ro, maire de Genas, et quelques autres militaient, <\/span><span dir=\"ltr\" role=\"presentation\">depuis 2008, pour qu\u2019un \u00e9tablissement s\u2019implante \u00e0 Genas.<\/span><\/span><\/p>\n<p><span id=\"page65R_mcid17\" class=\"markedContent\"><span dir=\"ltr\" role=\"presentation\">\u00ab<\/span> <span dir=\"ltr\" role=\"presentation\">L\u2019installation d\u2019un lyc\u00e9e \u00e0 Genas faisait sens. Elle aurait notamment<\/span> <span dir=\"ltr\" role=\"presentation\">permis aux lyc\u00e9ens des communes de la Communaut\u00e9 de Communes de<\/span> <span dir=\"ltr\" role=\"presentation\">l\u2019Est Lyonnais -sauf Saint-Pierre de Chandieu et Toussieu, qui d\u00e9pendent<\/span> <span dir=\"ltr\" role=\"presentation\">d\u2019un autre secteur- ainsi que Chassieu, de b\u00e9n\u00e9ficier d\u2019un temps de trajet<\/span> <span dir=\"ltr\" role=\"presentation\">r\u00e9duit, compris entre 5 et 20 minutes<\/span> <span dir=\"ltr\" role=\"presentation\">\u00bb, rappelle Daniel Val\u00e9ro.<\/span><\/span><\/p>\n<p><strong><span id=\"page65R_mcid17\" class=\"markedContent\"><span dir=\"ltr\" role=\"presentation\">Actuellement rattach\u00e9s au lyc\u00e9e Charlie Chaplin de D\u00e9cines-Charpieu, les<\/span> <span dir=\"ltr\" role=\"presentation\">\u00e9l\u00e8ves genassiens effectuent, en effet, un temps de trajet moyen de 45<\/span> <span dir=\"ltr\" role=\"presentation\">minutes.<\/span><\/span><\/strong><\/p>\n<p><span id=\"page65R_mcid19\" class=\"markedContent\"><span dir=\"ltr\" role=\"presentation\">Si la d\u00e9ception de l\u2019\u00e9quipe municipale et des habitants avait \u00e9t\u00e9 grande<\/span> <span dir=\"ltr\" role=\"presentation\">lorsque la R\u00e9gion avait annonc\u00e9 avoir choisi un site \u00e0 Meyzieu, Daniel<\/span> <span dir=\"ltr\" role=\"presentation\">Val\u00e9ro s\u2019\u00e9tait imm\u00e9diatement engag\u00e9 dans une autre bataille, celle d\u2019obtenir<\/span> <span dir=\"ltr\" role=\"presentation\">le rattachement des lyc\u00e9ens genassiens au futur lyc\u00e9e de Meyzieu.<\/span><\/span><span id=\"page65R_mcid21\" class=\"markedContent\"><br role=\"presentation\" \/><span dir=\"ltr\" role=\"presentation\">\u00ab<\/span> <span dir=\"ltr\" role=\"presentation\">Je n\u2019aimerais pas figurer parmi les maires qui ne nous ont pas soutenus \u00e0<\/span> <span dir=\"ltr\" role=\"presentation\">l\u2019\u00e9poque et ont contribu\u00e9 \u00e0 nous faire perdre la premi\u00e8re bataille de la<\/span> <span dir=\"ltr\" role=\"presentation\">construction d\u2019un lyc\u00e9e \u00e0 Genas. Mais je me f\u00e9licite aujourd\u2019hui de<\/span> <span dir=\"ltr\" role=\"presentation\">remporter la deuxi\u00e8me bataille avec la sectorisation !<\/span> <span dir=\"ltr\" role=\"presentation\">\u00bb pr\u00e9cise le premier<\/span> <span dir=\"ltr\" role=\"presentation\">\u00e9dile de Genas. Pour ces maires r\u00e9tifs \u00e0 la solution genassienne, les enfants<\/span> <span dir=\"ltr\" role=\"presentation\">de leurs communes ne seront pas scolaris\u00e9s au lyc\u00e9e Arnaud Beltrame,<\/span> <span dir=\"ltr\" role=\"presentation\">contrairement \u00e0 ce qu\u2019ils avaient imagin\u00e9<\/span><\/span>.<\/p>\n<hr \/>\n<p><img loading=\"lazy\" decoding=\"async\" class=\"alignleft wp-image-97498 size-thumbnail\" src=\"https:\/\/newsestlyonnais.fr\/site\/wp-content\/uploads\/2020\/03\/NEWSESTLYONNAIS-VOEUX-GENAS-2020A-250x167.jpg\" alt=\"\" width=\"150\" height=\"100\" srcset=\"https:\/\/newsestlyonnais.fr\/site\/wp-content\/uploads\/2020\/03\/NEWSESTLYONNAIS-VOEUX-GENAS-2020A-250x167.jpg 250w, https:\/\/newsestlyonnais.fr\/site\/wp-content\/uploads\/2020\/03\/NEWSESTLYONNAIS-VOEUX-GENAS-2020A-400x267.jpg 400w, https:\/\/newsestlyonnais.fr\/site\/wp-content\/uploads\/2020\/03\/NEWSESTLYONNAIS-VOEUX-GENAS-2020A-650x433.jpg 650w, https:\/\/newsestlyonnais.fr\/site\/wp-content\/uploads\/2020\/03\/NEWSESTLYONNAIS-VOEUX-GENAS-2020A-768x512.jpg 768w, https:\/\/newsestlyonnais.fr\/site\/wp-content\/uploads\/2020\/03\/NEWSESTLYONNAIS-VOEUX-GENAS-2020A-150x100.jpg 150w, https:\/\/newsestlyonnais.fr\/site\/wp-content\/uploads\/2020\/03\/NEWSESTLYONNAIS-VOEUX-GENAS-2020A-50x33.jpg 50w, https:\/\/newsestlyonnais.fr\/site\/wp-content\/uploads\/2020\/03\/NEWSESTLYONNAIS-VOEUX-GENAS-2020A-100x67.jpg 100w, https:\/\/newsestlyonnais.fr\/site\/wp-content\/uploads\/2020\/03\/NEWSESTLYONNAIS-VOEUX-GENAS-2020A-200x133.jpg 200w, https:\/\/newsestlyonnais.fr\/site\/wp-content\/uploads\/2020\/03\/NEWSESTLYONNAIS-VOEUX-GENAS-2020A-300x200.jpg 300w, https:\/\/newsestlyonnais.fr\/site\/wp-content\/uploads\/2020\/03\/NEWSESTLYONNAIS-VOEUX-GENAS-2020A-350x233.jpg 350w, https:\/\/newsestlyonnais.fr\/site\/wp-content\/uploads\/2020\/03\/NEWSESTLYONNAIS-VOEUX-GENAS-2020A-450x300.jpg 450w, https:\/\/newsestlyonnais.fr\/site\/wp-content\/uploads\/2020\/03\/NEWSESTLYONNAIS-VOEUX-GENAS-2020A-500x333.jpg 500w, https:\/\/newsestlyonnais.fr\/site\/wp-content\/uploads\/2020\/03\/NEWSESTLYONNAIS-VOEUX-GENAS-2020A-550x367.jpg 550w, https:\/\/newsestlyonnais.fr\/site\/wp-content\/uploads\/2020\/03\/NEWSESTLYONNAIS-VOEUX-GENAS-2020A-800x533.jpg 800w, https:\/\/newsestlyonnais.fr\/site\/wp-content\/uploads\/2020\/03\/NEWSESTLYONNAIS-VOEUX-GENAS-2020A.jpg 1200w\" sizes=\"auto, (max-width: 150px) 100vw, 150px\" \/><\/p>\n<p><span id=\"page1R_mcid4\" class=\"markedContent\"><span dir=\"ltr\" role=\"presentation\">\u00ab<\/span> <span dir=\"ltr\" role=\"presentation\">Je tiens \u00e0 remercier Philippe Carri\u00e8re, Directeur Acad\u00e9mique des<\/span> <span dir=\"ltr\" role=\"presentation\">Services de l\u2019\u00c9ducation Nationale du Rh\u00f4ne ainsi que son \u00e9quipe, et<\/span> <span dir=\"ltr\" role=\"presentation\">Laurent Wauquiez, Pr\u00e9sident de la R\u00e9gion Auvergne-Rh\u00f4ne-Alpes et ses<\/span> <span dir=\"ltr\" role=\"presentation\">\u00e9quipes. Je remercie \u00e9galement les communes amies qui m\u2019ont soutenu<\/span> <span dir=\"ltr\" role=\"presentation\">dans la premi\u00e8re et la deuxi\u00e8me bataille et garde un souvenir amer de<\/span> <span dir=\"ltr\" role=\"presentation\">celles et ceux qui ne nous ont pas suivi dans ce combat pour un lyc\u00e9e de <\/span><span dir=\"ltr\" role=\"presentation\">proximit\u00e9 pour la CCEL<\/span> <span dir=\"ltr\" role=\"presentation\">\u00bb,<strong> confie Daniel Val\u00e9ro.<\/strong><\/span><\/span><\/p>\n<hr \/>\n<hr \/>\n<p><span style=\"color: #ffcc00; background-color: #000000;\"><em><strong>&gt;&gt; Source : communiqu\u00e9 de la Ville de Genas<\/strong><\/em><\/span><\/p>\n","protected":false},"excerpt":{"rendered":"<p>La Ville se r\u00e9jouit du rattachement des nouveaux lyc\u00e9ens genassiens \u00e0 l&rsquo;\u00e9tablissement majolan.<\/p>\n","protected":false},"author":4,"featured_media":166855,"comment_status":"open","ping_status":"open","sticky":false,"template":"","format":"standard","meta":{"footnotes":""},"categories":[2217,270,171,1598,24,173],"tags":[2005,4447,2081],"class_list":["post-166813","post","type-post","status-publish","format-standard","has-post-thumbnail","hentry","category-breves-de-lest-lyonnais","category-cte-de-communes-c-c-e-l","category-enfance-jeunesse","category-genas","category-meyzieu","category-scolaire","tag-genas","tag-lycee-arnaud-beltrame","tag-meyzieu"],"yoast_head":"<!-- This site is optimized with the Yoast SEO plugin v27.2 - https:\/\/yoast.com\/product\/yoast-seo-wordpress\/ -->\n<title>GENAS | Sectorisation du futur lyc\u00e9e Arnaud Beltrame - News Est Lyonnais<\/title>\n<meta name=\"description\" content=\"GENAS | Sectorisation du futur lyc\u00e9e Arnaud Beltrame\" \/>\n<meta name=\"robots\" content=\"index, follow, max-snippet:-1, max-image-preview:large, max-video-preview:-1\" \/>\n<link rel=\"canonical\" href=\"https:\/\/newsestlyonnais.fr\/site\/2022\/10\/22\/genas-sectorisation-du-futur-lycee-arnaud-beltrame\/\" \/>\n<meta property=\"og:locale\" content=\"fr_FR\" \/>\n<meta property=\"og:type\" content=\"article\" \/>\n<meta property=\"og:title\" content=\"GENAS | Sectorisation du futur lyc\u00e9e Arnaud Beltrame - News Est Lyonnais\" \/>\n<meta property=\"og:description\" content=\"GENAS | Sectorisation du futur lyc\u00e9e Arnaud Beltrame\" \/>\n<meta property=\"og:url\" content=\"https:\/\/newsestlyonnais.fr\/site\/2022\/10\/22\/genas-sectorisation-du-futur-lycee-arnaud-beltrame\/\" \/>\n<meta property=\"og:site_name\" content=\"News Est Lyonnais\" \/>\n<meta property=\"article:author\" content=\"https:\/\/www.facebook.com\/pascal.oberson.1?fref=ts\" \/>\n<meta property=\"article:published_time\" content=\"2022-10-22T16:39:28+00:00\" \/>\n<meta property=\"og:image\" content=\"https:\/\/newsestlyonnais.fr\/site\/wp-content\/uploads\/2022\/10\/P1490025.jpg\" \/>\n\t<meta property=\"og:image:width\" content=\"1200\" \/>\n\t<meta property=\"og:image:height\" content=\"900\" \/>\n\t<meta property=\"og:image:type\" content=\"image\/jpeg\" \/>\n<meta name=\"author\" content=\"R\u00e9dac. NEWS\" \/>\n<meta name=\"twitter:card\" content=\"summary_large_image\" \/>\n<meta name=\"twitter:label1\" content=\"\u00c9crit par\" \/>\n\t<meta name=\"twitter:data1\" content=\"R\u00e9dac. NEWS\" \/>\n\t<meta name=\"twitter:label2\" content=\"Dur\u00e9e de lecture estim\u00e9e\" \/>\n\t<meta name=\"twitter:data2\" content=\"3 minutes\" \/>\n<script type=\"application\/ld+json\" class=\"yoast-schema-graph\">{\"@context\":\"https:\/\/schema.org\",\"@graph\":[{\"@type\":\"Article\",\"@id\":\"https:\/\/newsestlyonnais.fr\/site\/2022\/10\/22\/genas-sectorisation-du-futur-lycee-arnaud-beltrame\/#article\",\"isPartOf\":{\"@id\":\"https:\/\/newsestlyonnais.fr\/site\/2022\/10\/22\/genas-sectorisation-du-futur-lycee-arnaud-beltrame\/\"},\"author\":{\"name\":\"R\u00e9dac. NEWS\",\"@id\":\"https:\/\/newsestlyonnais.fr\/site\/#\/schema\/person\/3230d5615f390bb808365d673001e887\"},\"headline\":\"GENAS | Sectorisation du futur lyc\u00e9e Arnaud Beltrame\",\"datePublished\":\"2022-10-22T16:39:28+00:00\",\"mainEntityOfPage\":{\"@id\":\"https:\/\/newsestlyonnais.fr\/site\/2022\/10\/22\/genas-sectorisation-du-futur-lycee-arnaud-beltrame\/\"},\"wordCount\":485,\"commentCount\":0,\"publisher\":{\"@id\":\"https:\/\/newsestlyonnais.fr\/site\/#organization\"},\"image\":{\"@id\":\"https:\/\/newsestlyonnais.fr\/site\/2022\/10\/22\/genas-sectorisation-du-futur-lycee-arnaud-beltrame\/#primaryimage\"},\"thumbnailUrl\":\"https:\/\/newsestlyonnais.fr\/site\/wp-content\/uploads\/2022\/10\/P1490025.jpg\",\"keywords\":[\"GENAS\",\"LYCEE Arnaud Beltrame\",\"MEYZIEU\"],\"articleSection\":[\"Br\u00e8ves de l'Est lyonnais\",\"CCEL | Communes\",\"Enfance | Jeunesse\",\"Genas\",\"Meyzieu\",\"Scolaire\"],\"inLanguage\":\"fr-FR\",\"potentialAction\":[{\"@type\":\"CommentAction\",\"name\":\"Comment\",\"target\":[\"https:\/\/newsestlyonnais.fr\/site\/2022\/10\/22\/genas-sectorisation-du-futur-lycee-arnaud-beltrame\/#respond\"]}]},{\"@type\":\"WebPage\",\"@id\":\"https:\/\/newsestlyonnais.fr\/site\/2022\/10\/22\/genas-sectorisation-du-futur-lycee-arnaud-beltrame\/\",\"url\":\"https:\/\/newsestlyonnais.fr\/site\/2022\/10\/22\/genas-sectorisation-du-futur-lycee-arnaud-beltrame\/\",\"name\":\"GENAS | Sectorisation du futur lyc\u00e9e Arnaud Beltrame - News Est Lyonnais\",\"isPartOf\":{\"@id\":\"https:\/\/newsestlyonnais.fr\/site\/#website\"},\"primaryImageOfPage\":{\"@id\":\"https:\/\/newsestlyonnais.fr\/site\/2022\/10\/22\/genas-sectorisation-du-futur-lycee-arnaud-beltrame\/#primaryimage\"},\"image\":{\"@id\":\"https:\/\/newsestlyonnais.fr\/site\/2022\/10\/22\/genas-sectorisation-du-futur-lycee-arnaud-beltrame\/#primaryimage\"},\"thumbnailUrl\":\"https:\/\/newsestlyonnais.fr\/site\/wp-content\/uploads\/2022\/10\/P1490025.jpg\",\"datePublished\":\"2022-10-22T16:39:28+00:00\",\"description\":\"GENAS | Sectorisation du futur lyc\u00e9e Arnaud Beltrame\",\"breadcrumb\":{\"@id\":\"https:\/\/newsestlyonnais.fr\/site\/2022\/10\/22\/genas-sectorisation-du-futur-lycee-arnaud-beltrame\/#breadcrumb\"},\"inLanguage\":\"fr-FR\",\"potentialAction\":[{\"@type\":\"ReadAction\",\"target\":[\"https:\/\/newsestlyonnais.fr\/site\/2022\/10\/22\/genas-sectorisation-du-futur-lycee-arnaud-beltrame\/\"]}]},{\"@type\":\"ImageObject\",\"inLanguage\":\"fr-FR\",\"@id\":\"https:\/\/newsestlyonnais.fr\/site\/2022\/10\/22\/genas-sectorisation-du-futur-lycee-arnaud-beltrame\/#primaryimage\",\"url\":\"https:\/\/newsestlyonnais.fr\/site\/wp-content\/uploads\/2022\/10\/P1490025.jpg\",\"contentUrl\":\"https:\/\/newsestlyonnais.fr\/site\/wp-content\/uploads\/2022\/10\/P1490025.jpg\",\"width\":1200,\"height\":900},{\"@type\":\"BreadcrumbList\",\"@id\":\"https:\/\/newsestlyonnais.fr\/site\/2022\/10\/22\/genas-sectorisation-du-futur-lycee-arnaud-beltrame\/#breadcrumb\",\"itemListElement\":[{\"@type\":\"ListItem\",\"position\":1,\"name\":\"Accueil\",\"item\":\"https:\/\/newsestlyonnais.fr\/site\/\"},{\"@type\":\"ListItem\",\"position\":2,\"name\":\"GENAS | Sectorisation du futur lyc\u00e9e Arnaud Beltrame\"}]},{\"@type\":\"WebSite\",\"@id\":\"https:\/\/newsestlyonnais.fr\/site\/#website\",\"url\":\"https:\/\/newsestlyonnais.fr\/site\/\",\"name\":\"News Est Lyonnais\",\"description\":\"L&#039;actualit\u00e9 au plus pr\u00e8s\",\"publisher\":{\"@id\":\"https:\/\/newsestlyonnais.fr\/site\/#organization\"},\"potentialAction\":[{\"@type\":\"SearchAction\",\"target\":{\"@type\":\"EntryPoint\",\"urlTemplate\":\"https:\/\/newsestlyonnais.fr\/site\/?s={search_term_string}\"},\"query-input\":{\"@type\":\"PropertyValueSpecification\",\"valueRequired\":true,\"valueName\":\"search_term_string\"}}],\"inLanguage\":\"fr-FR\"},{\"@type\":\"Organization\",\"@id\":\"https:\/\/newsestlyonnais.fr\/site\/#organization\",\"name\":\"News EST LYONNAIS\",\"url\":\"https:\/\/newsestlyonnais.fr\/site\/\",\"logo\":{\"@type\":\"ImageObject\",\"inLanguage\":\"fr-FR\",\"@id\":\"https:\/\/newsestlyonnais.fr\/site\/#\/schema\/logo\/image\/\",\"url\":\"\",\"contentUrl\":\"\",\"caption\":\"News EST LYONNAIS\"},\"image\":{\"@id\":\"https:\/\/newsestlyonnais.fr\/site\/#\/schema\/logo\/image\/\"}},{\"@type\":\"Person\",\"@id\":\"https:\/\/newsestlyonnais.fr\/site\/#\/schema\/person\/3230d5615f390bb808365d673001e887\",\"name\":\"R\u00e9dac. NEWS\",\"sameAs\":[\"http:\/\/www.newsestlyonnais.fr\",\"https:\/\/www.facebook.com\/pascal.oberson.1?fref=ts\",\"https:\/\/fr.linkedin.com\/in\/pascal-oberson-b17045113\"],\"url\":\"https:\/\/newsestlyonnais.fr\/site\/author\/nel\/\"}]}<\/script>\n<!-- \/ Yoast SEO plugin. -->","yoast_head_json":{"title":"GENAS | Sectorisation du futur lyc\u00e9e Arnaud Beltrame - News Est Lyonnais","description":"GENAS | Sectorisation du futur lyc\u00e9e Arnaud Beltrame","robots":{"index":"index","follow":"follow","max-snippet":"max-snippet:-1","max-image-preview":"max-image-preview:large","max-video-preview":"max-video-preview:-1"},"canonical":"https:\/\/newsestlyonnais.fr\/site\/2022\/10\/22\/genas-sectorisation-du-futur-lycee-arnaud-beltrame\/","og_locale":"fr_FR","og_type":"article","og_title":"GENAS | Sectorisation du futur lyc\u00e9e Arnaud Beltrame - News Est Lyonnais","og_description":"GENAS | Sectorisation du futur lyc\u00e9e Arnaud Beltrame","og_url":"https:\/\/newsestlyonnais.fr\/site\/2022\/10\/22\/genas-sectorisation-du-futur-lycee-arnaud-beltrame\/","og_site_name":"News Est Lyonnais","article_author":"https:\/\/www.facebook.com\/pascal.oberson.1?fref=ts","article_published_time":"2022-10-22T16:39:28+00:00","og_image":[{"width":1200,"height":900,"url":"https:\/\/newsestlyonnais.fr\/site\/wp-content\/uploads\/2022\/10\/P1490025.jpg","type":"image\/jpeg"}],"author":"R\u00e9dac. NEWS","twitter_card":"summary_large_image","twitter_misc":{"\u00c9crit par":"R\u00e9dac. NEWS","Dur\u00e9e de lecture estim\u00e9e":"3 minutes"},"schema":{"@context":"https:\/\/schema.org","@graph":[{"@type":"Article","@id":"https:\/\/newsestlyonnais.fr\/site\/2022\/10\/22\/genas-sectorisation-du-futur-lycee-arnaud-beltrame\/#article","isPartOf":{"@id":"https:\/\/newsestlyonnais.fr\/site\/2022\/10\/22\/genas-sectorisation-du-futur-lycee-arnaud-beltrame\/"},"author":{"name":"R\u00e9dac. NEWS","@id":"https:\/\/newsestlyonnais.fr\/site\/#\/schema\/person\/3230d5615f390bb808365d673001e887"},"headline":"GENAS | Sectorisation du futur lyc\u00e9e Arnaud Beltrame","datePublished":"2022-10-22T16:39:28+00:00","mainEntityOfPage":{"@id":"https:\/\/newsestlyonnais.fr\/site\/2022\/10\/22\/genas-sectorisation-du-futur-lycee-arnaud-beltrame\/"},"wordCount":485,"commentCount":0,"publisher":{"@id":"https:\/\/newsestlyonnais.fr\/site\/#organization"},"image":{"@id":"https:\/\/newsestlyonnais.fr\/site\/2022\/10\/22\/genas-sectorisation-du-futur-lycee-arnaud-beltrame\/#primaryimage"},"thumbnailUrl":"https:\/\/newsestlyonnais.fr\/site\/wp-content\/uploads\/2022\/10\/P1490025.jpg","keywords":["GENAS","LYCEE Arnaud Beltrame","MEYZIEU"],"articleSection":["Br\u00e8ves de l'Est lyonnais","CCEL | Communes","Enfance | Jeunesse","Genas","Meyzieu","Scolaire"],"inLanguage":"fr-FR","potentialAction":[{"@type":"CommentAction","name":"Comment","target":["https:\/\/newsestlyonnais.fr\/site\/2022\/10\/22\/genas-sectorisation-du-futur-lycee-arnaud-beltrame\/#respond"]}]},{"@type":"WebPage","@id":"https:\/\/newsestlyonnais.fr\/site\/2022\/10\/22\/genas-sectorisation-du-futur-lycee-arnaud-beltrame\/","url":"https:\/\/newsestlyonnais.fr\/site\/2022\/10\/22\/genas-sectorisation-du-futur-lycee-arnaud-beltrame\/","name":"GENAS | Sectorisation du futur lyc\u00e9e Arnaud Beltrame - News Est Lyonnais","isPartOf":{"@id":"https:\/\/newsestlyonnais.fr\/site\/#website"},"primaryImageOfPage":{"@id":"https:\/\/newsestlyonnais.fr\/site\/2022\/10\/22\/genas-sectorisation-du-futur-lycee-arnaud-beltrame\/#primaryimage"},"image":{"@id":"https:\/\/newsestlyonnais.fr\/site\/2022\/10\/22\/genas-sectorisation-du-futur-lycee-arnaud-beltrame\/#primaryimage"},"thumbnailUrl":"https:\/\/newsestlyonnais.fr\/site\/wp-content\/uploads\/2022\/10\/P1490025.jpg","datePublished":"2022-10-22T16:39:28+00:00","description":"GENAS | Sectorisation du futur lyc\u00e9e Arnaud Beltrame","breadcrumb":{"@id":"https:\/\/newsestlyonnais.fr\/site\/2022\/10\/22\/genas-sectorisation-du-futur-lycee-arnaud-beltrame\/#breadcrumb"},"inLanguage":"fr-FR","potentialAction":[{"@type":"ReadAction","target":["https:\/\/newsestlyonnais.fr\/site\/2022\/10\/22\/genas-sectorisation-du-futur-lycee-arnaud-beltrame\/"]}]},{"@type":"ImageObject","inLanguage":"fr-FR","@id":"https:\/\/newsestlyonnais.fr\/site\/2022\/10\/22\/genas-sectorisation-du-futur-lycee-arnaud-beltrame\/#primaryimage","url":"https:\/\/newsestlyonnais.fr\/site\/wp-content\/uploads\/2022\/10\/P1490025.jpg","contentUrl":"https:\/\/newsestlyonnais.fr\/site\/wp-content\/uploads\/2022\/10\/P1490025.jpg","width":1200,"height":900},{"@type":"BreadcrumbList","@id":"https:\/\/newsestlyonnais.fr\/site\/2022\/10\/22\/genas-sectorisation-du-futur-lycee-arnaud-beltrame\/#breadcrumb","itemListElement":[{"@type":"ListItem","position":1,"name":"Accueil","item":"https:\/\/newsestlyonnais.fr\/site\/"},{"@type":"ListItem","position":2,"name":"GENAS | Sectorisation du futur lyc\u00e9e Arnaud Beltrame"}]},{"@type":"WebSite","@id":"https:\/\/newsestlyonnais.fr\/site\/#website","url":"https:\/\/newsestlyonnais.fr\/site\/","name":"News Est Lyonnais","description":"L&#039;actualit\u00e9 au plus pr\u00e8s","publisher":{"@id":"https:\/\/newsestlyonnais.fr\/site\/#organization"},"potentialAction":[{"@type":"SearchAction","target":{"@type":"EntryPoint","urlTemplate":"https:\/\/newsestlyonnais.fr\/site\/?s={search_term_string}"},"query-input":{"@type":"PropertyValueSpecification","valueRequired":true,"valueName":"search_term_string"}}],"inLanguage":"fr-FR"},{"@type":"Organization","@id":"https:\/\/newsestlyonnais.fr\/site\/#organization","name":"News EST LYONNAIS","url":"https:\/\/newsestlyonnais.fr\/site\/","logo":{"@type":"ImageObject","inLanguage":"fr-FR","@id":"https:\/\/newsestlyonnais.fr\/site\/#\/schema\/logo\/image\/","url":"","contentUrl":"","caption":"News EST LYONNAIS"},"image":{"@id":"https:\/\/newsestlyonnais.fr\/site\/#\/schema\/logo\/image\/"}},{"@type":"Person","@id":"https:\/\/newsestlyonnais.fr\/site\/#\/schema\/person\/3230d5615f390bb808365d673001e887","name":"R\u00e9dac. NEWS","sameAs":["http:\/\/www.newsestlyonnais.fr","https:\/\/www.facebook.com\/pascal.oberson.1?fref=ts","https:\/\/fr.linkedin.com\/in\/pascal-oberson-b17045113"],"url":"https:\/\/newsestlyonnais.fr\/site\/author\/nel\/"}]}},"_links":{"self":[{"href":"https:\/\/newsestlyonnais.fr\/site\/wp-json\/wp\/v2\/posts\/166813","targetHints":{"allow":["GET"]}}],"collection":[{"href":"https:\/\/newsestlyonnais.fr\/site\/wp-json\/wp\/v2\/posts"}],"about":[{"href":"https:\/\/newsestlyonnais.fr\/site\/wp-json\/wp\/v2\/types\/post"}],"author":[{"embeddable":true,"href":"https:\/\/newsestlyonnais.fr\/site\/wp-json\/wp\/v2\/users\/4"}],"replies":[{"embeddable":true,"href":"https:\/\/newsestlyonnais.fr\/site\/wp-json\/wp\/v2\/comments?post=166813"}],"version-history":[{"count":0,"href":"https:\/\/newsestlyonnais.fr\/site\/wp-json\/wp\/v2\/posts\/166813\/revisions"}],"wp:featuredmedia":[{"embeddable":true,"href":"https:\/\/newsestlyonnais.fr\/site\/wp-json\/wp\/v2\/media\/166855"}],"wp:attachment":[{"href":"https:\/\/newsestlyonnais.fr\/site\/wp-json\/wp\/v2\/media?parent=166813"}],"wp:term":[{"taxonomy":"category","embeddable":true,"href":"https:\/\/newsestlyonnais.fr\/site\/wp-json\/wp\/v2\/categories?post=166813"},{"taxonomy":"post_tag","embeddable":true,"href":"https:\/\/newsestlyonnais.fr\/site\/wp-json\/wp\/v2\/tags?post=166813"}],"curies":[{"name":"wp","href":"https:\/\/api.w.org\/{rel}","templated":true}]}}