{"id":16699,"date":"2016-12-01T16:08:34","date_gmt":"2016-12-01T15:08:34","guid":{"rendered":"http:\/\/newsestlyonnais.fr\/site\/?p=16699"},"modified":"2020-11-19T16:41:11","modified_gmt":"2020-11-19T15:41:11","slug":"genas-inscriptions-aux-activites-jeunesse-de-decembre-demarrent-week-end","status":"publish","type":"post","link":"https:\/\/newsestlyonnais.fr\/site\/2016\/12\/01\/genas-inscriptions-aux-activites-jeunesse-de-decembre-demarrent-week-end\/","title":{"rendered":"GENAS | Les inscriptions aux activit\u00e9s jeunesse de d\u00e9cembre d\u00e9marrent ce week-end"},"content":{"rendered":"<h4>Le programme des activit\u00e9s propos\u00e9es lors des vacances de d\u00e9cembre<span id=\"OBJ_PREFIX_DWT76_com_zimbra_date\" class=\"Object\"> 2016<\/span>, pour les 11-17 ans vient d&rsquo;\u00eatre communiqu\u00e9 par le service jeunesse, voici le d\u00e9tail.<\/h4>\n<ul>\n<li><span style=\"text-decoration: underline\"><em><strong>Tu as entre 11 et 17 ans ?<\/strong> <\/em><\/span>Tu souhaites organiser des activit\u00e9s ou monter des projets pendant tes vacances, avec l\u2019aide d\u2019une \u00e9quipe d\u2019animation dynamique et \u00e0 l\u2019\u00e9coute. Le Service Jeunesse de la Ville de Genas te propose de participer \u00e0 des activit\u00e9s, sorties, du 19 au 23 d\u00e9cembre 2016.<\/li>\n<li><span style=\"text-decoration: underline\"><em><strong>L\u2019accueil pr\u00e9-ados (pour les 11-13 ans)<\/strong><\/em><\/span>: Au complexe Sportif Marcel Gonzales, sur inscription. Accueil organis\u00e9 entre 14 h et 17 h 30 en salle n\u00b01 (possibilit\u00e9 d\u2019arriver et de partir \u00e0 des horaires diff\u00e9rents que ceux fix\u00e9s mais l\u2019information devra \u00eatre communiqu\u00e9e \u00e0 l\u2019\u00e9quipe d\u2019animation).<br \/>\nNombre de places limit\u00e9. <span style=\"text-decoration: underline\">\u00c0 disposition<\/span> : tennis de table, baby-foot, lecture, jeux de soci\u00e9t\u00e9, jeux vid\u00e9o, sports collectifs. Durant l\u2019accueil, plusieurs animations sont propos\u00e9es aux jeunes par les animateurs :<br \/>\nactivit\u00e9s manuelles comme la cr\u00e9ation de sapin de No\u00ebl, p\u00e2tisserie. Des activit\u00e9s sportives comme hand, foot, basket, initiation \u00e0 de nouveaux sports (disque-golf). La ludoth\u00e8que est \u00e9galement pr\u00e9sente jeudi afin de faire d\u00e9couvrir de nouveaux jeux de soci\u00e9t\u00e9. Ils peuvent \u00e9galement \u00eatre acteur de leurs vacances et proposer des activit\u00e9s. Depuis octobre 2016 : une participation financi\u00e8re annuelle est demand\u00e9e aux familles pour chaque jeune participant \u00e0 l\u2019accueil Pr\u00e9-adolescent, lors des vacances scolaires.<br \/>\nLe tarif est appliqu\u00e9 selon le quotient familial. B\u00e9n\u00e9ficiez d\u2019un apr\u00e8s-midi d\u00e9couverte, gratuitement !<\/li>\n<li><em><span style=\"text-decoration: underline\"><strong>Accueil Jeunesse pour les plus de 14 ans<\/strong><\/span><\/em>:\u00a0 Au complexe sportif Marcel Gonzales, en salle n\u00b02 de 14 h \u00e0 17 h 30. Acc\u00e8s libre et gratuit. \u00c9quipements mis \u00e0 disposition des jeunes : tennis de table, baby-foot, lecture, connexion Internet, jeux de soci\u00e9t\u00e9, jeux vid\u00e9o. Une \u00e9quipe d\u2019encadrement sera pr\u00e9sente pour animer ces apr\u00e8s-midis. Tu pourras pratiquer toutes sortes d\u2019activit\u00e9s : sportives, manuelles.<\/li>\n<li><span style=\"text-decoration: underline\"><strong><em>Activit\u00e9s, sorties (pour les 11-17 ans)<\/em><\/strong><\/span><\/li>\n<li><span style=\"text-decoration: underline\"> Patinoire<\/span> :lundi 19 d\u00e9cembre (13 h 15 h \u00e0 17 h) Laisse la magie de No\u00ebl te transporter aux sports d\u2019hiver.<br \/>\nTarif : 4 \u20ac<br \/>\n<span style=\"text-decoration: underline\">Confection de boules de No\u00ebl<\/span>: mardi 20 d\u00e9cembre (14 h \u00e0 17 h):\u00a0 Viens fabriquer ta d\u00e9coration de No\u00ebl pour le sapin ! Tarif : 4 \u20ac<br \/>\n<span style=\"text-decoration: underline\">Escape room<\/span>: mardi 20 d\u00e9cembre (13 h \u00e0 17 h): Une nouvelle salle, une nouvelle ambiance, de nouveaux indices&#8230; une nouvelle enqu\u00eate ! Trouveras-tu la cl\u00e9 pour sortir de la pi\u00e8ce avant le temps imparti ? Tarif : 12 \u20ac<br \/>\n<span style=\"text-decoration: underline\">Soir\u00e9e Just\u2019raclette:<\/span>\u00a0 mardi 20 d\u00e9cembre (18 h 30 \u00e0 21 h 30) : La soir\u00e9e raclette est le rendez-vous incontournable de l\u2019hiver ! Viens partager un moment convivial et jouer \u00e0 \u00ab Just dance \u00bb Repas compris Tarif : 4 \u20ac<br \/>\n<span style=\"text-decoration: underline\">Trampoline Park et snack:\u00a0 <\/span>mercredi 21 d\u00e9cembre (10 h \u00e0 14 h) : Saltos, dunks, bac \u00e0 mousse, et bien d\u2019autres surprises t\u2019attendent ! Apr\u00e8s l\u2019atterrissage, rendez-vous au snack du coin ! Repas compris<br \/>\nTarif : 12 \u20ac<br \/>\n<span style=\"text-decoration: underline\">Fabrication d\u2019un jardin zen<\/span>: mercredi 21 d\u00e9cembre (14 h \u00e0 17 h): Confectionne ton jardin japonais miniature et d\u00e9couvre la \u00ab zen attitude \u00bb ! Tarif : 6 \u20ac\u00a0\u00a0\u00a0\u00a0\u00a0\u00a0\u00a0\u00a0\u00a0\u00a0\u00a0\u00a0\u00a0\u00a0\u00a0\u00a0\u00a0\u00a0\u00a0\u00a0\u00a0\u00a0\u00a0\u00a0\u00a0\u00a0\u00a0\u00a0\u00a0\u00a0\u00a0\u00a0\u00a0\u00a0\u00a0\u00a0\u00a0\u00a0\u00a0\u00a0\u00a0\u00a0\u00a0\u00a0\u00a0\u00a0\u00a0\u00a0\u00a0\u00a0\u00a0\u00a0\u00a0\u00a0\u00a0\u00a0\u00a0\u00a0\u00a0\u00a0\u00a0\u00a0\u00a0\u00a0\u00a0\u00a0\u00a0\u00a0\u00a0\u00a0\u00a0\u00a0\u00a0\u00a0\u00a0 P\u00e2tisserie festive:\u00a0 mercredi 21 d\u00e9cembre (14 h \u00e0 17 h): Deviens p\u00e2tissier le temps d\u2019un apr\u00e8s-midi<br \/>\net laisse libre cours \u00e0 ton imagination pour la d\u00e9coration. Tarif : 4 \u20ac<br \/>\n<span style=\"text-decoration: underline\">Tournoi FIFA 2017 sur Xbox<\/span>:\u00a0 jeudi 22 d\u00e9cembre (17 h 45 \u00e0 21 h 30): Es-tu pr\u00eat(e) \u00e0 d\u00e9fier tes amis sur la console ? Concours en solo ; choisis ton \u00e9quipe de foot et que le meilleur gagne. Lot pour le vainqueur<br \/>\nde ce tournoi. Repas compris. Tarif : 6 \u20ac<br \/>\n<span style=\"text-decoration: underline\">Journ\u00e9e interg\u00e9n\u00e9rationnelle<\/span>: jeudi 22 d\u00e9cembre (10 h \u00e0 17 h): La matin\u00e9e sera consacr\u00e9e \u00e0 la confection<br \/>\nde sabl\u00e9s et la cr\u00e9ation de cartes de fin d\u2019ann\u00e9e \u00e0 offrir aux r\u00e9sidents du Verger. La rencontre se d\u00e9roulera l\u2019apr\u00e8s-midi, tu pourras \u00e9galement profiter de ce moment pour jouer aux jeux de soci\u00e9t\u00e9 avec eux. Repas tir\u00e9 du sac\u00a0 Tarif : 2 \u20ac<br \/>\n<span style=\"text-decoration: underline\">Calic\u00e9o:\u00a0 <\/span>vendredi 23 d\u00e9cembre (9 h \u00e0 12 h): Viens t\u2019amuser et te d\u00e9tendre dans des bains \u00e0 remous \u00e0 Calic\u00e9o dans une eau \u00e0 33\u00b0 (sauna et hammam interdits aux mineurs, slip de bain obligatoire). Tarif : 8 \u20ac<\/li>\n<\/ul>\n<div><span style=\"text-decoration: underline\"><em><strong>D\u00e9but des inscriptions au guichet unique de la mairie<\/strong><\/em><\/span> :<\/div>\n<div>\n<ul>\n<li><span id=\"OBJ_PREFIX_DWT1506_com_zimbra_date\" class=\"Object\"><span id=\"OBJ_PREFIX_DWT1511_com_zimbra_date\" class=\"Object\"><span id=\"OBJ_PREFIX_DWT77_com_zimbra_date\" class=\"Object\">Samedi<\/span> 3<\/span><\/span> d\u00e9cembre pour les <span style=\"text-decoration: underline\">Genassiens<\/span> \u00e0 partir de 9 h &amp; S<span id=\"OBJ_PREFIX_DWT1507_com_zimbra_date\" class=\"Object\"><span id=\"OBJ_PREFIX_DWT1512_com_zimbra_date\" class=\"Object\"><span id=\"OBJ_PREFIX_DWT78_com_zimbra_date\" class=\"Object\">amedi<\/span> <\/span><\/span>10 d\u00e9cembre pour les<span style=\"text-decoration: underline\"> ext\u00e9rieurs<\/span> \u00e0 partir de 9 h<\/li>\n<\/ul>\n<\/div>\n<div><strong><em>Nouveaut\u00e9: participation financi\u00e8re annuelle pour l\u2019accueil des 11-13 ans.<\/em><\/strong><\/div>\n","protected":false},"excerpt":{"rendered":"<p>Le programme des activit\u00e9s propos\u00e9es lors des vacances de d\u00e9cembre 2016, pour les 11-17 ans vient d&rsquo;\u00eatre communiqu\u00e9 par le service jeunesse, voici le d\u00e9tail. Tu as entre 11 et 17 ans ? Tu souhaites organiser des activit\u00e9s ou monter des projets pendant tes vacances, avec l\u2019aide d\u2019une \u00e9quipe d\u2019animation dynamique et \u00e0 l\u2019\u00e9coute. Le [&hellip;]<\/p>\n","protected":false},"author":4,"featured_media":8137,"comment_status":"open","ping_status":"open","sticky":false,"template":"","format":"standard","meta":{"footnotes":""},"categories":[270,171,1598],"tags":[],"class_list":["post-16699","post","type-post","status-publish","format-standard","has-post-thumbnail","hentry","category-cte-de-communes-c-c-e-l","category-enfance-jeunesse","category-genas"],"yoast_head":"<!-- This site is optimized with the Yoast SEO plugin v27.2 - https:\/\/yoast.com\/product\/yoast-seo-wordpress\/ -->\n<title>GENAS | Les inscriptions aux activit\u00e9s jeunesse de d\u00e9cembre d\u00e9marrent ce week-end - News Est Lyonnais<\/title>\n<meta name=\"robots\" content=\"index, follow, max-snippet:-1, max-image-preview:large, max-video-preview:-1\" \/>\n<link rel=\"canonical\" href=\"https:\/\/newsestlyonnais.fr\/site\/2016\/12\/01\/genas-inscriptions-aux-activites-jeunesse-de-decembre-demarrent-week-end\/\" \/>\n<meta property=\"og:locale\" content=\"fr_FR\" \/>\n<meta property=\"og:type\" content=\"article\" \/>\n<meta property=\"og:title\" content=\"GENAS | Les inscriptions aux activit\u00e9s jeunesse de d\u00e9cembre d\u00e9marrent ce week-end - News Est Lyonnais\" \/>\n<meta property=\"og:description\" content=\"Le programme des activit\u00e9s propos\u00e9es lors des vacances de d\u00e9cembre 2016, pour les 11-17 ans vient d&rsquo;\u00eatre communiqu\u00e9 par le service jeunesse, voici le d\u00e9tail. Tu as entre 11 et 17 ans ? Tu souhaites organiser des activit\u00e9s ou monter des projets pendant tes vacances, avec l\u2019aide d\u2019une \u00e9quipe d\u2019animation dynamique et \u00e0 l\u2019\u00e9coute. Le [&hellip;]\" \/>\n<meta property=\"og:url\" content=\"https:\/\/newsestlyonnais.fr\/site\/2016\/12\/01\/genas-inscriptions-aux-activites-jeunesse-de-decembre-demarrent-week-end\/\" \/>\n<meta property=\"og:site_name\" content=\"News Est Lyonnais\" \/>\n<meta property=\"article:author\" content=\"https:\/\/www.facebook.com\/pascal.oberson.1?fref=ts\" \/>\n<meta property=\"article:published_time\" content=\"2016-12-01T15:08:34+00:00\" \/>\n<meta property=\"article:modified_time\" content=\"2020-11-19T15:41:11+00:00\" \/>\n<meta property=\"og:image\" content=\"https:\/\/i0.wp.com\/newsestlyonnais.fr\/site\/wp-content\/uploads\/2016\/05\/NEWSESTLYONNAISPANNEAUGENAS-1.jpg?fit=1000%2C750&ssl=1\" \/>\n\t<meta property=\"og:image:width\" content=\"1000\" \/>\n\t<meta property=\"og:image:height\" content=\"750\" \/>\n\t<meta property=\"og:image:type\" content=\"image\/jpeg\" \/>\n<meta name=\"author\" content=\"R\u00e9dac. NEWS\" \/>\n<meta name=\"twitter:card\" content=\"summary_large_image\" \/>\n<meta name=\"twitter:label1\" content=\"\u00c9crit par\" \/>\n\t<meta name=\"twitter:data1\" content=\"R\u00e9dac. NEWS\" \/>\n\t<meta name=\"twitter:label2\" content=\"Dur\u00e9e de lecture estim\u00e9e\" \/>\n\t<meta name=\"twitter:data2\" content=\"4 minutes\" \/>\n<script type=\"application\/ld+json\" class=\"yoast-schema-graph\">{\"@context\":\"https:\/\/schema.org\",\"@graph\":[{\"@type\":\"Article\",\"@id\":\"https:\/\/newsestlyonnais.fr\/site\/2016\/12\/01\/genas-inscriptions-aux-activites-jeunesse-de-decembre-demarrent-week-end\/#article\",\"isPartOf\":{\"@id\":\"https:\/\/newsestlyonnais.fr\/site\/2016\/12\/01\/genas-inscriptions-aux-activites-jeunesse-de-decembre-demarrent-week-end\/\"},\"author\":{\"name\":\"R\u00e9dac. NEWS\",\"@id\":\"https:\/\/newsestlyonnais.fr\/site\/#\/schema\/person\/3230d5615f390bb808365d673001e887\"},\"headline\":\"GENAS | Les inscriptions aux activit\u00e9s jeunesse de d\u00e9cembre d\u00e9marrent ce week-end\",\"datePublished\":\"2016-12-01T15:08:34+00:00\",\"dateModified\":\"2020-11-19T15:41:11+00:00\",\"mainEntityOfPage\":{\"@id\":\"https:\/\/newsestlyonnais.fr\/site\/2016\/12\/01\/genas-inscriptions-aux-activites-jeunesse-de-decembre-demarrent-week-end\/\"},\"wordCount\":723,\"commentCount\":0,\"publisher\":{\"@id\":\"https:\/\/newsestlyonnais.fr\/site\/#organization\"},\"image\":{\"@id\":\"https:\/\/newsestlyonnais.fr\/site\/2016\/12\/01\/genas-inscriptions-aux-activites-jeunesse-de-decembre-demarrent-week-end\/#primaryimage\"},\"thumbnailUrl\":\"https:\/\/newsestlyonnais.fr\/site\/wp-content\/uploads\/2016\/05\/NEWSESTLYONNAISPANNEAUGENAS-1.jpg\",\"articleSection\":[\"CCEL | Communes\",\"Enfance | Jeunesse\",\"Genas\"],\"inLanguage\":\"fr-FR\",\"potentialAction\":[{\"@type\":\"CommentAction\",\"name\":\"Comment\",\"target\":[\"https:\/\/newsestlyonnais.fr\/site\/2016\/12\/01\/genas-inscriptions-aux-activites-jeunesse-de-decembre-demarrent-week-end\/#respond\"]}]},{\"@type\":\"WebPage\",\"@id\":\"https:\/\/newsestlyonnais.fr\/site\/2016\/12\/01\/genas-inscriptions-aux-activites-jeunesse-de-decembre-demarrent-week-end\/\",\"url\":\"https:\/\/newsestlyonnais.fr\/site\/2016\/12\/01\/genas-inscriptions-aux-activites-jeunesse-de-decembre-demarrent-week-end\/\",\"name\":\"GENAS | Les inscriptions aux activit\u00e9s jeunesse de d\u00e9cembre d\u00e9marrent ce week-end - News Est Lyonnais\",\"isPartOf\":{\"@id\":\"https:\/\/newsestlyonnais.fr\/site\/#website\"},\"primaryImageOfPage\":{\"@id\":\"https:\/\/newsestlyonnais.fr\/site\/2016\/12\/01\/genas-inscriptions-aux-activites-jeunesse-de-decembre-demarrent-week-end\/#primaryimage\"},\"image\":{\"@id\":\"https:\/\/newsestlyonnais.fr\/site\/2016\/12\/01\/genas-inscriptions-aux-activites-jeunesse-de-decembre-demarrent-week-end\/#primaryimage\"},\"thumbnailUrl\":\"https:\/\/newsestlyonnais.fr\/site\/wp-content\/uploads\/2016\/05\/NEWSESTLYONNAISPANNEAUGENAS-1.jpg\",\"datePublished\":\"2016-12-01T15:08:34+00:00\",\"dateModified\":\"2020-11-19T15:41:11+00:00\",\"breadcrumb\":{\"@id\":\"https:\/\/newsestlyonnais.fr\/site\/2016\/12\/01\/genas-inscriptions-aux-activites-jeunesse-de-decembre-demarrent-week-end\/#breadcrumb\"},\"inLanguage\":\"fr-FR\",\"potentialAction\":[{\"@type\":\"ReadAction\",\"target\":[\"https:\/\/newsestlyonnais.fr\/site\/2016\/12\/01\/genas-inscriptions-aux-activites-jeunesse-de-decembre-demarrent-week-end\/\"]}]},{\"@type\":\"ImageObject\",\"inLanguage\":\"fr-FR\",\"@id\":\"https:\/\/newsestlyonnais.fr\/site\/2016\/12\/01\/genas-inscriptions-aux-activites-jeunesse-de-decembre-demarrent-week-end\/#primaryimage\",\"url\":\"https:\/\/newsestlyonnais.fr\/site\/wp-content\/uploads\/2016\/05\/NEWSESTLYONNAISPANNEAUGENAS-1.jpg\",\"contentUrl\":\"https:\/\/newsestlyonnais.fr\/site\/wp-content\/uploads\/2016\/05\/NEWSESTLYONNAISPANNEAUGENAS-1.jpg\",\"width\":1000,\"height\":750,\"caption\":\"NEWSESTLYONNAISPANNEAUGENAS\"},{\"@type\":\"BreadcrumbList\",\"@id\":\"https:\/\/newsestlyonnais.fr\/site\/2016\/12\/01\/genas-inscriptions-aux-activites-jeunesse-de-decembre-demarrent-week-end\/#breadcrumb\",\"itemListElement\":[{\"@type\":\"ListItem\",\"position\":1,\"name\":\"Accueil\",\"item\":\"https:\/\/newsestlyonnais.fr\/site\/\"},{\"@type\":\"ListItem\",\"position\":2,\"name\":\"GENAS | Les inscriptions aux activit\u00e9s jeunesse de d\u00e9cembre d\u00e9marrent ce week-end\"}]},{\"@type\":\"WebSite\",\"@id\":\"https:\/\/newsestlyonnais.fr\/site\/#website\",\"url\":\"https:\/\/newsestlyonnais.fr\/site\/\",\"name\":\"News Est Lyonnais\",\"description\":\"L&#039;actualit\u00e9 au plus pr\u00e8s\",\"publisher\":{\"@id\":\"https:\/\/newsestlyonnais.fr\/site\/#organization\"},\"potentialAction\":[{\"@type\":\"SearchAction\",\"target\":{\"@type\":\"EntryPoint\",\"urlTemplate\":\"https:\/\/newsestlyonnais.fr\/site\/?s={search_term_string}\"},\"query-input\":{\"@type\":\"PropertyValueSpecification\",\"valueRequired\":true,\"valueName\":\"search_term_string\"}}],\"inLanguage\":\"fr-FR\"},{\"@type\":\"Organization\",\"@id\":\"https:\/\/newsestlyonnais.fr\/site\/#organization\",\"name\":\"News EST LYONNAIS\",\"url\":\"https:\/\/newsestlyonnais.fr\/site\/\",\"logo\":{\"@type\":\"ImageObject\",\"inLanguage\":\"fr-FR\",\"@id\":\"https:\/\/newsestlyonnais.fr\/site\/#\/schema\/logo\/image\/\",\"url\":\"\",\"contentUrl\":\"\",\"caption\":\"News EST LYONNAIS\"},\"image\":{\"@id\":\"https:\/\/newsestlyonnais.fr\/site\/#\/schema\/logo\/image\/\"}},{\"@type\":\"Person\",\"@id\":\"https:\/\/newsestlyonnais.fr\/site\/#\/schema\/person\/3230d5615f390bb808365d673001e887\",\"name\":\"R\u00e9dac. NEWS\",\"sameAs\":[\"http:\/\/www.newsestlyonnais.fr\",\"https:\/\/www.facebook.com\/pascal.oberson.1?fref=ts\",\"https:\/\/fr.linkedin.com\/in\/pascal-oberson-b17045113\"],\"url\":\"https:\/\/newsestlyonnais.fr\/site\/author\/nel\/\"}]}<\/script>\n<!-- \/ Yoast SEO plugin. -->","yoast_head_json":{"title":"GENAS | Les inscriptions aux activit\u00e9s jeunesse de d\u00e9cembre d\u00e9marrent ce week-end - News Est Lyonnais","robots":{"index":"index","follow":"follow","max-snippet":"max-snippet:-1","max-image-preview":"max-image-preview:large","max-video-preview":"max-video-preview:-1"},"canonical":"https:\/\/newsestlyonnais.fr\/site\/2016\/12\/01\/genas-inscriptions-aux-activites-jeunesse-de-decembre-demarrent-week-end\/","og_locale":"fr_FR","og_type":"article","og_title":"GENAS | Les inscriptions aux activit\u00e9s jeunesse de d\u00e9cembre d\u00e9marrent ce week-end - News Est Lyonnais","og_description":"Le programme des activit\u00e9s propos\u00e9es lors des vacances de d\u00e9cembre 2016, pour les 11-17 ans vient d&rsquo;\u00eatre communiqu\u00e9 par le service jeunesse, voici le d\u00e9tail. Tu as entre 11 et 17 ans ? Tu souhaites organiser des activit\u00e9s ou monter des projets pendant tes vacances, avec l\u2019aide d\u2019une \u00e9quipe d\u2019animation dynamique et \u00e0 l\u2019\u00e9coute. Le [&hellip;]","og_url":"https:\/\/newsestlyonnais.fr\/site\/2016\/12\/01\/genas-inscriptions-aux-activites-jeunesse-de-decembre-demarrent-week-end\/","og_site_name":"News Est Lyonnais","article_author":"https:\/\/www.facebook.com\/pascal.oberson.1?fref=ts","article_published_time":"2016-12-01T15:08:34+00:00","article_modified_time":"2020-11-19T15:41:11+00:00","og_image":[{"width":1000,"height":750,"url":"https:\/\/i0.wp.com\/newsestlyonnais.fr\/site\/wp-content\/uploads\/2016\/05\/NEWSESTLYONNAISPANNEAUGENAS-1.jpg?fit=1000%2C750&ssl=1","type":"image\/jpeg"}],"author":"R\u00e9dac. NEWS","twitter_card":"summary_large_image","twitter_misc":{"\u00c9crit par":"R\u00e9dac. NEWS","Dur\u00e9e de lecture estim\u00e9e":"4 minutes"},"schema":{"@context":"https:\/\/schema.org","@graph":[{"@type":"Article","@id":"https:\/\/newsestlyonnais.fr\/site\/2016\/12\/01\/genas-inscriptions-aux-activites-jeunesse-de-decembre-demarrent-week-end\/#article","isPartOf":{"@id":"https:\/\/newsestlyonnais.fr\/site\/2016\/12\/01\/genas-inscriptions-aux-activites-jeunesse-de-decembre-demarrent-week-end\/"},"author":{"name":"R\u00e9dac. NEWS","@id":"https:\/\/newsestlyonnais.fr\/site\/#\/schema\/person\/3230d5615f390bb808365d673001e887"},"headline":"GENAS | Les inscriptions aux activit\u00e9s jeunesse de d\u00e9cembre d\u00e9marrent ce week-end","datePublished":"2016-12-01T15:08:34+00:00","dateModified":"2020-11-19T15:41:11+00:00","mainEntityOfPage":{"@id":"https:\/\/newsestlyonnais.fr\/site\/2016\/12\/01\/genas-inscriptions-aux-activites-jeunesse-de-decembre-demarrent-week-end\/"},"wordCount":723,"commentCount":0,"publisher":{"@id":"https:\/\/newsestlyonnais.fr\/site\/#organization"},"image":{"@id":"https:\/\/newsestlyonnais.fr\/site\/2016\/12\/01\/genas-inscriptions-aux-activites-jeunesse-de-decembre-demarrent-week-end\/#primaryimage"},"thumbnailUrl":"https:\/\/newsestlyonnais.fr\/site\/wp-content\/uploads\/2016\/05\/NEWSESTLYONNAISPANNEAUGENAS-1.jpg","articleSection":["CCEL | Communes","Enfance | Jeunesse","Genas"],"inLanguage":"fr-FR","potentialAction":[{"@type":"CommentAction","name":"Comment","target":["https:\/\/newsestlyonnais.fr\/site\/2016\/12\/01\/genas-inscriptions-aux-activites-jeunesse-de-decembre-demarrent-week-end\/#respond"]}]},{"@type":"WebPage","@id":"https:\/\/newsestlyonnais.fr\/site\/2016\/12\/01\/genas-inscriptions-aux-activites-jeunesse-de-decembre-demarrent-week-end\/","url":"https:\/\/newsestlyonnais.fr\/site\/2016\/12\/01\/genas-inscriptions-aux-activites-jeunesse-de-decembre-demarrent-week-end\/","name":"GENAS | Les inscriptions aux activit\u00e9s jeunesse de d\u00e9cembre d\u00e9marrent ce week-end - News Est Lyonnais","isPartOf":{"@id":"https:\/\/newsestlyonnais.fr\/site\/#website"},"primaryImageOfPage":{"@id":"https:\/\/newsestlyonnais.fr\/site\/2016\/12\/01\/genas-inscriptions-aux-activites-jeunesse-de-decembre-demarrent-week-end\/#primaryimage"},"image":{"@id":"https:\/\/newsestlyonnais.fr\/site\/2016\/12\/01\/genas-inscriptions-aux-activites-jeunesse-de-decembre-demarrent-week-end\/#primaryimage"},"thumbnailUrl":"https:\/\/newsestlyonnais.fr\/site\/wp-content\/uploads\/2016\/05\/NEWSESTLYONNAISPANNEAUGENAS-1.jpg","datePublished":"2016-12-01T15:08:34+00:00","dateModified":"2020-11-19T15:41:11+00:00","breadcrumb":{"@id":"https:\/\/newsestlyonnais.fr\/site\/2016\/12\/01\/genas-inscriptions-aux-activites-jeunesse-de-decembre-demarrent-week-end\/#breadcrumb"},"inLanguage":"fr-FR","potentialAction":[{"@type":"ReadAction","target":["https:\/\/newsestlyonnais.fr\/site\/2016\/12\/01\/genas-inscriptions-aux-activites-jeunesse-de-decembre-demarrent-week-end\/"]}]},{"@type":"ImageObject","inLanguage":"fr-FR","@id":"https:\/\/newsestlyonnais.fr\/site\/2016\/12\/01\/genas-inscriptions-aux-activites-jeunesse-de-decembre-demarrent-week-end\/#primaryimage","url":"https:\/\/newsestlyonnais.fr\/site\/wp-content\/uploads\/2016\/05\/NEWSESTLYONNAISPANNEAUGENAS-1.jpg","contentUrl":"https:\/\/newsestlyonnais.fr\/site\/wp-content\/uploads\/2016\/05\/NEWSESTLYONNAISPANNEAUGENAS-1.jpg","width":1000,"height":750,"caption":"NEWSESTLYONNAISPANNEAUGENAS"},{"@type":"BreadcrumbList","@id":"https:\/\/newsestlyonnais.fr\/site\/2016\/12\/01\/genas-inscriptions-aux-activites-jeunesse-de-decembre-demarrent-week-end\/#breadcrumb","itemListElement":[{"@type":"ListItem","position":1,"name":"Accueil","item":"https:\/\/newsestlyonnais.fr\/site\/"},{"@type":"ListItem","position":2,"name":"GENAS | Les inscriptions aux activit\u00e9s jeunesse de d\u00e9cembre d\u00e9marrent ce week-end"}]},{"@type":"WebSite","@id":"https:\/\/newsestlyonnais.fr\/site\/#website","url":"https:\/\/newsestlyonnais.fr\/site\/","name":"News Est Lyonnais","description":"L&#039;actualit\u00e9 au plus pr\u00e8s","publisher":{"@id":"https:\/\/newsestlyonnais.fr\/site\/#organization"},"potentialAction":[{"@type":"SearchAction","target":{"@type":"EntryPoint","urlTemplate":"https:\/\/newsestlyonnais.fr\/site\/?s={search_term_string}"},"query-input":{"@type":"PropertyValueSpecification","valueRequired":true,"valueName":"search_term_string"}}],"inLanguage":"fr-FR"},{"@type":"Organization","@id":"https:\/\/newsestlyonnais.fr\/site\/#organization","name":"News EST LYONNAIS","url":"https:\/\/newsestlyonnais.fr\/site\/","logo":{"@type":"ImageObject","inLanguage":"fr-FR","@id":"https:\/\/newsestlyonnais.fr\/site\/#\/schema\/logo\/image\/","url":"","contentUrl":"","caption":"News EST LYONNAIS"},"image":{"@id":"https:\/\/newsestlyonnais.fr\/site\/#\/schema\/logo\/image\/"}},{"@type":"Person","@id":"https:\/\/newsestlyonnais.fr\/site\/#\/schema\/person\/3230d5615f390bb808365d673001e887","name":"R\u00e9dac. NEWS","sameAs":["http:\/\/www.newsestlyonnais.fr","https:\/\/www.facebook.com\/pascal.oberson.1?fref=ts","https:\/\/fr.linkedin.com\/in\/pascal-oberson-b17045113"],"url":"https:\/\/newsestlyonnais.fr\/site\/author\/nel\/"}]}},"_links":{"self":[{"href":"https:\/\/newsestlyonnais.fr\/site\/wp-json\/wp\/v2\/posts\/16699","targetHints":{"allow":["GET"]}}],"collection":[{"href":"https:\/\/newsestlyonnais.fr\/site\/wp-json\/wp\/v2\/posts"}],"about":[{"href":"https:\/\/newsestlyonnais.fr\/site\/wp-json\/wp\/v2\/types\/post"}],"author":[{"embeddable":true,"href":"https:\/\/newsestlyonnais.fr\/site\/wp-json\/wp\/v2\/users\/4"}],"replies":[{"embeddable":true,"href":"https:\/\/newsestlyonnais.fr\/site\/wp-json\/wp\/v2\/comments?post=16699"}],"version-history":[{"count":0,"href":"https:\/\/newsestlyonnais.fr\/site\/wp-json\/wp\/v2\/posts\/16699\/revisions"}],"wp:featuredmedia":[{"embeddable":true,"href":"https:\/\/newsestlyonnais.fr\/site\/wp-json\/wp\/v2\/media\/8137"}],"wp:attachment":[{"href":"https:\/\/newsestlyonnais.fr\/site\/wp-json\/wp\/v2\/media?parent=16699"}],"wp:term":[{"taxonomy":"category","embeddable":true,"href":"https:\/\/newsestlyonnais.fr\/site\/wp-json\/wp\/v2\/categories?post=16699"},{"taxonomy":"post_tag","embeddable":true,"href":"https:\/\/newsestlyonnais.fr\/site\/wp-json\/wp\/v2\/tags?post=16699"}],"curies":[{"name":"wp","href":"https:\/\/api.w.org\/{rel}","templated":true}]}}