{"id":166999,"date":"2022-10-24T18:37:40","date_gmt":"2022-10-24T17:37:40","guid":{"rendered":"https:\/\/newsestlyonnais.fr\/site\/?p=166999"},"modified":"2022-11-13T19:17:12","modified_gmt":"2022-11-13T18:17:12","slug":"lyon-7-les-evenements-au-13-novembre","status":"publish","type":"post","link":"https:\/\/newsestlyonnais.fr\/site\/2022\/10\/24\/lyon-7-les-evenements-au-13-novembre\/","title":{"rendered":"LYON 7 | Les \u00e9v\u00e8nements au 13 novembre"},"content":{"rendered":"<p><span style=\"background-color: #000000; color: #ffffff;\"><b>Du 15 octobre au 13 d\u00e9cembre<\/b><\/span><\/p>\n<p><b>Biennale Traces<\/b> : histoire, m\u00e9moire et actualit\u00e9 des migrations. Conf\u00e9rences, films, d\u00e9bats, concerts, expos, visites, dans la r\u00e9gion : <span style=\"color: #0000ff;\"><a style=\"color: #0000ff;\" tabindex=\"9999\" href=\"http:\/\/xowt4.mjt.lu\/lnk\/AVUAAF7RSTAAAAAH5lwAAFwg8psAAAAALxMAACIvABDmBABjNXSyKW316esDTu-gWtcYAFGSUQAQko8\/1\/ias4g2vOzw3um_5unw9CzQ\/aHR0cDovL3RyYWNlcy1taWdyYXRpb25zLm9yZy8yMDIyLzA5LzI4L2JpZW5uYWxlLXRyYWNlcy0yMDIyLw\" target=\"_blank\" rel=\"noopener\"><strong>http:\/\/traces-migrations.org\/2022\/09\/28\/biennale-traces-2022\/\u00a0<\/strong><\/a><\/span><\/p>\n<p class=\"ox-a30d4cf4b8-MsoNormal\"><span style=\"background-color: #000000; color: #ffffff;\"><b>Jusqu\u2019au 31 octobre<\/b><\/span><\/p>\n<p class=\"ox-a30d4cf4b8-MsoNormal\"><strong>Exposition des photos des laur\u00e9ats du Marathon photo 2022<\/strong>, organis\u00e9 par la MJC Jean Mac\u00e9. (Hall du 1\u00b0\u00e9tage, Mairie du 7).<\/p>\n<p><span style=\"background-color: #000000; color: #ffffff;\"><strong>Jusqu\u2019au 6 novembre<\/strong><\/span><\/p>\n<p><strong>Festival Peinture Fra\u00eeche # 4 <\/strong><u>(<\/u>Avenue Debourg)<\/p>\n<p class=\"ox-a30d4cf4b8-MsoNormal\"><span style=\"background-color: #000000; color: #ffffff;\"><b>Jusqu\u2019au 23 novembre (dans le 7\u00b0)<\/b><\/span><\/p>\n<p class=\"ox-a30d4cf4b8-MsoNormal\"><b>Semaine bleue des s\u00e9niors<br \/>\n<\/b><\/p>\n<p class=\"ox-a30d4cf4b8-MsoNormal\">Gr\u00e2ce aux associations et acteurs du 7\u00b0 arrondissement, il est propos\u00e9 un programme pour tous les go\u00fbts : des balades pour d\u00e9couvrir ou red\u00e9couvrir l\u2019histoire de l&rsquo;arrondissement, des activit\u00e9s sportives, culturelles, des ateliers de pr\u00e9vention, de bien-\u00eatre ou tout simplement des temps conviviaux<\/p>\n<p class=\"ox-a30d4cf4b8-MsoNormal\"><strong>Programme<\/strong> : <strong><span style=\"color: #0000ff;\"><a style=\"color: #0000ff;\" tabindex=\"9999\" href=\"https:\/\/mairie7.lyon.fr\/evenement\/animation\/semaine-bleue-edition-2022\" target=\"_blank\" rel=\"noopener\">https:\/\/mairie7.lyon.fr\/evenement\/animation\/semaine-bleue-edition-2022<\/a><\/span><u> \u00a0<\/u><\/strong><\/p>\n<hr \/>\n<p><b><span style=\"background-color: #000000; color: #ffcc00;\">Concertations pr\u00e9alables<\/span> :<br \/>\n<\/b><\/p>\n<p class=\"ox-a30d4cf4b8-MsoNormal\"><span style=\"background-color: #000000; color: #ffffff;\"><strong>Jusqu\u2019au 4 novembre<\/strong><\/span> &gt; <b>sur le projet \u00ab\u00a0 Voie lyonnaise- Ligne 2 Sud<\/b> \u00bb. Dossier consultable en Mairie du 7e, au service PML<\/p>\n<p class=\"ox-a30d4cf4b8-MsoNormal\"><strong><span style=\"background-color: #000000; color: #ffffff;\">Jusqu\u2019au 15 novembre<\/span> &gt; <\/strong><b>sur le projet de cr\u00e9ation de la Passerelle Gerland-La Saulaie. <\/b>Dossier consultable en Mairie du 7, au service PML.<\/p>\n<hr \/>\n<p><span style=\"background-color: #000000; color: #ffffff;\"><strong>Lundi 24 octobre<\/strong><\/span><\/p>\n<ul>\n<li><strong>\u00e0 19 h : <\/strong><strong>R\u00e9union-d\u00e9bat de solidarit\u00e9 avec l&rsquo;Ukraine avec Edwy Plenel auteur du livre \u00a0\u00bb l\u2019\u00c9preuve et la Contre-\u00e9preuve \u00a0\u00bb \/ <\/strong>\u00a0\u00bb Collectif 69 de soutien au peuple Ukrainien\u00a0\u00bb. (Salle des Mariages et du Conseil, Mairie du 7).<\/li>\n<\/ul>\n<p><span style=\"background-color: #000000; color: #ffffff;\"><strong>Mardi 8 novembre<\/strong><\/span><\/p>\n<ul>\n<li><strong>\u00e0<\/strong> <strong>11 h 30 : <\/strong><strong>Inauguration des r\u00e9sidences Villarbor\u00e9a \/ <\/strong>Nexity- Apollonia (angle rue des Girondins et de la Place V\u00e1clav Havel).<strong><u><br \/>\n<\/u><\/strong><\/li>\n<li><strong>\u00e0<\/strong> <strong>18 h 30 : <\/strong><strong>Vernissage de l&rsquo;exposition des id\u00e9es soumises au vote<\/strong>, dans le cadre du BUPA ( Budget Participatif). (Hall du 1\u00b0 \u00e9tage, Mairie du 7).<\/li>\n<\/ul>\n<p><span style=\"background-color: #000000; color: #ffffff;\"><strong>Mercredi 9 novembre<\/strong><\/span><\/p>\n<ul>\n<li>de <strong>19 h \u00e0 21 h : <\/strong>\u00ab <strong>Les modes d\u2019accueil pour votre enfant de moins de 3 ans<\/strong> \u00bb : R\u00e9union d\u2019information et d\u2019\u00e9changes propos\u00e9e par la Mairie du 7 et les Relais Petite Enfance du 7. (Salle des Mariages et du Conseil, Mairie du 7). Sur inscription :<span style=\"color: #0000ff;\"> <a style=\"color: #0000ff;\" href=\"mailto:ma7.creche@mairie-lyon.fr\">ma7.creche@mairie-lyon.fr<\/a><\/span><\/li>\n<\/ul>\n<p><span style=\"background-color: #000000; color: #ffffff;\"><strong>Jeudi 10 novembre<\/strong><\/span><\/p>\n<ul>\n<li>\u00e0 <strong>10 h 30 : <\/strong><strong>C\u00e9r\u00e9monie comm\u00e9morative de l&rsquo;Armistice du 11 novembre 1918. (<\/strong>Cour du Centre Berthelot, 14 avenue Berthelot). Inscription \u00e0 <a href=\"mailto:mairie7.cabinet@mairie-lyon.fr\"><span style=\"color: #0000ff;\">mairie7.cabinet@mairie-lyon.fr<\/span><\/a><\/li>\n<\/ul>\n<p><span style=\"background-color: #000000; color: #ffffff;\"><strong>Dimanche 13 novembre<\/strong><\/span><\/p>\n<ul>\n<li><strong>Journ\u00e9e : <\/strong><strong>\u00ab Vide-grenier No\u00ebl arrive<\/strong> \u00bb, \/\u00a0 Association E-Bolani des Gabonaises de France. (Place Jean Mac\u00e9).<\/li>\n<\/ul>\n<hr \/>\n<p><span style=\"background-color: #000000;\"><span style=\"color: #ffffff;\"><strong>&gt;&gt; Toute l\u2019ACTU de l\u2019arrondissement sur : <\/strong><\/span><span style=\"color: #ffcc00;\"><a style=\"background-color: #000000; color: #ffcc00;\" href=\"https:\/\/mairie7.lyon.fr\" target=\"_blank\" rel=\"noreferrer noopener\"><strong>https:\/\/mairie7.lyon.fr<\/strong><\/a><\/span><\/span><\/p>\n","protected":false},"excerpt":{"rendered":"<p>Plusieurs programmations sur cet arrondissement durant cette p\u00e9riode.<\/p>\n","protected":false},"author":4,"featured_media":89773,"comment_status":"open","ping_status":"open","sticky":false,"template":"","format":"standard","meta":{"footnotes":""},"categories":[1625],"tags":[1991,2077],"class_list":["post-166999","post","type-post","status-publish","format-standard","has-post-thumbnail","hentry","category-lyon","tag-agenda","tag-lyon"],"yoast_head":"<!-- This site is optimized with the Yoast SEO plugin v27.2 - https:\/\/yoast.com\/product\/yoast-seo-wordpress\/ -->\n<title>LYON 7 | Les \u00e9v\u00e8nements au 13 novembre - News Est Lyonnais<\/title>\n<meta name=\"description\" content=\"LYON 7 | Les \u00e9v\u00e8nements au 13 novembre\" \/>\n<meta name=\"robots\" content=\"index, follow, max-snippet:-1, max-image-preview:large, max-video-preview:-1\" \/>\n<link rel=\"canonical\" href=\"https:\/\/newsestlyonnais.fr\/site\/2022\/10\/24\/lyon-7-les-evenements-au-13-novembre\/\" \/>\n<meta property=\"og:locale\" content=\"fr_FR\" \/>\n<meta property=\"og:type\" content=\"article\" \/>\n<meta property=\"og:title\" content=\"LYON 7 | Les \u00e9v\u00e8nements au 13 novembre - News Est Lyonnais\" \/>\n<meta property=\"og:description\" content=\"LYON 7 | Les \u00e9v\u00e8nements au 13 novembre\" \/>\n<meta property=\"og:url\" content=\"https:\/\/newsestlyonnais.fr\/site\/2022\/10\/24\/lyon-7-les-evenements-au-13-novembre\/\" \/>\n<meta property=\"og:site_name\" content=\"News Est Lyonnais\" \/>\n<meta property=\"article:author\" content=\"https:\/\/www.facebook.com\/pascal.oberson.1?fref=ts\" \/>\n<meta property=\"article:published_time\" content=\"2022-10-24T17:37:40+00:00\" \/>\n<meta property=\"article:modified_time\" content=\"2022-11-13T18:17:12+00:00\" \/>\n<meta property=\"og:image\" content=\"https:\/\/newsestlyonnais.fr\/site\/wp-content\/uploads\/2019\/11\/NEWSESTLYONNAIS-MAIRIE-LYON7.jpg\" \/>\n\t<meta property=\"og:image:width\" content=\"1200\" \/>\n\t<meta property=\"og:image:height\" content=\"800\" \/>\n\t<meta property=\"og:image:type\" content=\"image\/jpeg\" \/>\n<meta name=\"author\" content=\"R\u00e9dac. NEWS\" \/>\n<meta name=\"twitter:card\" content=\"summary_large_image\" \/>\n<meta name=\"twitter:label1\" content=\"\u00c9crit par\" \/>\n\t<meta name=\"twitter:data1\" content=\"R\u00e9dac. NEWS\" \/>\n\t<meta name=\"twitter:label2\" content=\"Dur\u00e9e de lecture estim\u00e9e\" \/>\n\t<meta name=\"twitter:data2\" content=\"2 minutes\" \/>\n<script type=\"application\/ld+json\" class=\"yoast-schema-graph\">{\"@context\":\"https:\/\/schema.org\",\"@graph\":[{\"@type\":\"Article\",\"@id\":\"https:\/\/newsestlyonnais.fr\/site\/2022\/10\/24\/lyon-7-les-evenements-au-13-novembre\/#article\",\"isPartOf\":{\"@id\":\"https:\/\/newsestlyonnais.fr\/site\/2022\/10\/24\/lyon-7-les-evenements-au-13-novembre\/\"},\"author\":{\"name\":\"R\u00e9dac. NEWS\",\"@id\":\"https:\/\/newsestlyonnais.fr\/site\/#\/schema\/person\/3230d5615f390bb808365d673001e887\"},\"headline\":\"LYON 7 | Les \u00e9v\u00e8nements au 13 novembre\",\"datePublished\":\"2022-10-24T17:37:40+00:00\",\"dateModified\":\"2022-11-13T18:17:12+00:00\",\"mainEntityOfPage\":{\"@id\":\"https:\/\/newsestlyonnais.fr\/site\/2022\/10\/24\/lyon-7-les-evenements-au-13-novembre\/\"},\"wordCount\":367,\"commentCount\":0,\"publisher\":{\"@id\":\"https:\/\/newsestlyonnais.fr\/site\/#organization\"},\"image\":{\"@id\":\"https:\/\/newsestlyonnais.fr\/site\/2022\/10\/24\/lyon-7-les-evenements-au-13-novembre\/#primaryimage\"},\"thumbnailUrl\":\"https:\/\/newsestlyonnais.fr\/site\/wp-content\/uploads\/2019\/11\/NEWSESTLYONNAIS-MAIRIE-LYON7.jpg\",\"keywords\":[\"AGENDA\",\"LYON\"],\"articleSection\":[\"Lyon\"],\"inLanguage\":\"fr-FR\",\"potentialAction\":[{\"@type\":\"CommentAction\",\"name\":\"Comment\",\"target\":[\"https:\/\/newsestlyonnais.fr\/site\/2022\/10\/24\/lyon-7-les-evenements-au-13-novembre\/#respond\"]}]},{\"@type\":\"WebPage\",\"@id\":\"https:\/\/newsestlyonnais.fr\/site\/2022\/10\/24\/lyon-7-les-evenements-au-13-novembre\/\",\"url\":\"https:\/\/newsestlyonnais.fr\/site\/2022\/10\/24\/lyon-7-les-evenements-au-13-novembre\/\",\"name\":\"LYON 7 | Les \u00e9v\u00e8nements au 13 novembre - News Est Lyonnais\",\"isPartOf\":{\"@id\":\"https:\/\/newsestlyonnais.fr\/site\/#website\"},\"primaryImageOfPage\":{\"@id\":\"https:\/\/newsestlyonnais.fr\/site\/2022\/10\/24\/lyon-7-les-evenements-au-13-novembre\/#primaryimage\"},\"image\":{\"@id\":\"https:\/\/newsestlyonnais.fr\/site\/2022\/10\/24\/lyon-7-les-evenements-au-13-novembre\/#primaryimage\"},\"thumbnailUrl\":\"https:\/\/newsestlyonnais.fr\/site\/wp-content\/uploads\/2019\/11\/NEWSESTLYONNAIS-MAIRIE-LYON7.jpg\",\"datePublished\":\"2022-10-24T17:37:40+00:00\",\"dateModified\":\"2022-11-13T18:17:12+00:00\",\"description\":\"LYON 7 | Les \u00e9v\u00e8nements au 13 novembre\",\"breadcrumb\":{\"@id\":\"https:\/\/newsestlyonnais.fr\/site\/2022\/10\/24\/lyon-7-les-evenements-au-13-novembre\/#breadcrumb\"},\"inLanguage\":\"fr-FR\",\"potentialAction\":[{\"@type\":\"ReadAction\",\"target\":[\"https:\/\/newsestlyonnais.fr\/site\/2022\/10\/24\/lyon-7-les-evenements-au-13-novembre\/\"]}]},{\"@type\":\"ImageObject\",\"inLanguage\":\"fr-FR\",\"@id\":\"https:\/\/newsestlyonnais.fr\/site\/2022\/10\/24\/lyon-7-les-evenements-au-13-novembre\/#primaryimage\",\"url\":\"https:\/\/newsestlyonnais.fr\/site\/wp-content\/uploads\/2019\/11\/NEWSESTLYONNAIS-MAIRIE-LYON7.jpg\",\"contentUrl\":\"https:\/\/newsestlyonnais.fr\/site\/wp-content\/uploads\/2019\/11\/NEWSESTLYONNAIS-MAIRIE-LYON7.jpg\",\"width\":1200,\"height\":800},{\"@type\":\"BreadcrumbList\",\"@id\":\"https:\/\/newsestlyonnais.fr\/site\/2022\/10\/24\/lyon-7-les-evenements-au-13-novembre\/#breadcrumb\",\"itemListElement\":[{\"@type\":\"ListItem\",\"position\":1,\"name\":\"Accueil\",\"item\":\"https:\/\/newsestlyonnais.fr\/site\/\"},{\"@type\":\"ListItem\",\"position\":2,\"name\":\"LYON 7 | Les \u00e9v\u00e8nements au 13 novembre\"}]},{\"@type\":\"WebSite\",\"@id\":\"https:\/\/newsestlyonnais.fr\/site\/#website\",\"url\":\"https:\/\/newsestlyonnais.fr\/site\/\",\"name\":\"News Est Lyonnais\",\"description\":\"L&#039;actualit\u00e9 au plus pr\u00e8s\",\"publisher\":{\"@id\":\"https:\/\/newsestlyonnais.fr\/site\/#organization\"},\"potentialAction\":[{\"@type\":\"SearchAction\",\"target\":{\"@type\":\"EntryPoint\",\"urlTemplate\":\"https:\/\/newsestlyonnais.fr\/site\/?s={search_term_string}\"},\"query-input\":{\"@type\":\"PropertyValueSpecification\",\"valueRequired\":true,\"valueName\":\"search_term_string\"}}],\"inLanguage\":\"fr-FR\"},{\"@type\":\"Organization\",\"@id\":\"https:\/\/newsestlyonnais.fr\/site\/#organization\",\"name\":\"News EST LYONNAIS\",\"url\":\"https:\/\/newsestlyonnais.fr\/site\/\",\"logo\":{\"@type\":\"ImageObject\",\"inLanguage\":\"fr-FR\",\"@id\":\"https:\/\/newsestlyonnais.fr\/site\/#\/schema\/logo\/image\/\",\"url\":\"\",\"contentUrl\":\"\",\"caption\":\"News EST LYONNAIS\"},\"image\":{\"@id\":\"https:\/\/newsestlyonnais.fr\/site\/#\/schema\/logo\/image\/\"}},{\"@type\":\"Person\",\"@id\":\"https:\/\/newsestlyonnais.fr\/site\/#\/schema\/person\/3230d5615f390bb808365d673001e887\",\"name\":\"R\u00e9dac. NEWS\",\"sameAs\":[\"http:\/\/www.newsestlyonnais.fr\",\"https:\/\/www.facebook.com\/pascal.oberson.1?fref=ts\",\"https:\/\/fr.linkedin.com\/in\/pascal-oberson-b17045113\"],\"url\":\"https:\/\/newsestlyonnais.fr\/site\/author\/nel\/\"}]}<\/script>\n<!-- \/ Yoast SEO plugin. -->","yoast_head_json":{"title":"LYON 7 | Les \u00e9v\u00e8nements au 13 novembre - News Est Lyonnais","description":"LYON 7 | Les \u00e9v\u00e8nements au 13 novembre","robots":{"index":"index","follow":"follow","max-snippet":"max-snippet:-1","max-image-preview":"max-image-preview:large","max-video-preview":"max-video-preview:-1"},"canonical":"https:\/\/newsestlyonnais.fr\/site\/2022\/10\/24\/lyon-7-les-evenements-au-13-novembre\/","og_locale":"fr_FR","og_type":"article","og_title":"LYON 7 | Les \u00e9v\u00e8nements au 13 novembre - News Est Lyonnais","og_description":"LYON 7 | Les \u00e9v\u00e8nements au 13 novembre","og_url":"https:\/\/newsestlyonnais.fr\/site\/2022\/10\/24\/lyon-7-les-evenements-au-13-novembre\/","og_site_name":"News Est Lyonnais","article_author":"https:\/\/www.facebook.com\/pascal.oberson.1?fref=ts","article_published_time":"2022-10-24T17:37:40+00:00","article_modified_time":"2022-11-13T18:17:12+00:00","og_image":[{"width":1200,"height":800,"url":"https:\/\/newsestlyonnais.fr\/site\/wp-content\/uploads\/2019\/11\/NEWSESTLYONNAIS-MAIRIE-LYON7.jpg","type":"image\/jpeg"}],"author":"R\u00e9dac. NEWS","twitter_card":"summary_large_image","twitter_misc":{"\u00c9crit par":"R\u00e9dac. NEWS","Dur\u00e9e de lecture estim\u00e9e":"2 minutes"},"schema":{"@context":"https:\/\/schema.org","@graph":[{"@type":"Article","@id":"https:\/\/newsestlyonnais.fr\/site\/2022\/10\/24\/lyon-7-les-evenements-au-13-novembre\/#article","isPartOf":{"@id":"https:\/\/newsestlyonnais.fr\/site\/2022\/10\/24\/lyon-7-les-evenements-au-13-novembre\/"},"author":{"name":"R\u00e9dac. NEWS","@id":"https:\/\/newsestlyonnais.fr\/site\/#\/schema\/person\/3230d5615f390bb808365d673001e887"},"headline":"LYON 7 | Les \u00e9v\u00e8nements au 13 novembre","datePublished":"2022-10-24T17:37:40+00:00","dateModified":"2022-11-13T18:17:12+00:00","mainEntityOfPage":{"@id":"https:\/\/newsestlyonnais.fr\/site\/2022\/10\/24\/lyon-7-les-evenements-au-13-novembre\/"},"wordCount":367,"commentCount":0,"publisher":{"@id":"https:\/\/newsestlyonnais.fr\/site\/#organization"},"image":{"@id":"https:\/\/newsestlyonnais.fr\/site\/2022\/10\/24\/lyon-7-les-evenements-au-13-novembre\/#primaryimage"},"thumbnailUrl":"https:\/\/newsestlyonnais.fr\/site\/wp-content\/uploads\/2019\/11\/NEWSESTLYONNAIS-MAIRIE-LYON7.jpg","keywords":["AGENDA","LYON"],"articleSection":["Lyon"],"inLanguage":"fr-FR","potentialAction":[{"@type":"CommentAction","name":"Comment","target":["https:\/\/newsestlyonnais.fr\/site\/2022\/10\/24\/lyon-7-les-evenements-au-13-novembre\/#respond"]}]},{"@type":"WebPage","@id":"https:\/\/newsestlyonnais.fr\/site\/2022\/10\/24\/lyon-7-les-evenements-au-13-novembre\/","url":"https:\/\/newsestlyonnais.fr\/site\/2022\/10\/24\/lyon-7-les-evenements-au-13-novembre\/","name":"LYON 7 | Les \u00e9v\u00e8nements au 13 novembre - News Est Lyonnais","isPartOf":{"@id":"https:\/\/newsestlyonnais.fr\/site\/#website"},"primaryImageOfPage":{"@id":"https:\/\/newsestlyonnais.fr\/site\/2022\/10\/24\/lyon-7-les-evenements-au-13-novembre\/#primaryimage"},"image":{"@id":"https:\/\/newsestlyonnais.fr\/site\/2022\/10\/24\/lyon-7-les-evenements-au-13-novembre\/#primaryimage"},"thumbnailUrl":"https:\/\/newsestlyonnais.fr\/site\/wp-content\/uploads\/2019\/11\/NEWSESTLYONNAIS-MAIRIE-LYON7.jpg","datePublished":"2022-10-24T17:37:40+00:00","dateModified":"2022-11-13T18:17:12+00:00","description":"LYON 7 | Les \u00e9v\u00e8nements au 13 novembre","breadcrumb":{"@id":"https:\/\/newsestlyonnais.fr\/site\/2022\/10\/24\/lyon-7-les-evenements-au-13-novembre\/#breadcrumb"},"inLanguage":"fr-FR","potentialAction":[{"@type":"ReadAction","target":["https:\/\/newsestlyonnais.fr\/site\/2022\/10\/24\/lyon-7-les-evenements-au-13-novembre\/"]}]},{"@type":"ImageObject","inLanguage":"fr-FR","@id":"https:\/\/newsestlyonnais.fr\/site\/2022\/10\/24\/lyon-7-les-evenements-au-13-novembre\/#primaryimage","url":"https:\/\/newsestlyonnais.fr\/site\/wp-content\/uploads\/2019\/11\/NEWSESTLYONNAIS-MAIRIE-LYON7.jpg","contentUrl":"https:\/\/newsestlyonnais.fr\/site\/wp-content\/uploads\/2019\/11\/NEWSESTLYONNAIS-MAIRIE-LYON7.jpg","width":1200,"height":800},{"@type":"BreadcrumbList","@id":"https:\/\/newsestlyonnais.fr\/site\/2022\/10\/24\/lyon-7-les-evenements-au-13-novembre\/#breadcrumb","itemListElement":[{"@type":"ListItem","position":1,"name":"Accueil","item":"https:\/\/newsestlyonnais.fr\/site\/"},{"@type":"ListItem","position":2,"name":"LYON 7 | Les \u00e9v\u00e8nements au 13 novembre"}]},{"@type":"WebSite","@id":"https:\/\/newsestlyonnais.fr\/site\/#website","url":"https:\/\/newsestlyonnais.fr\/site\/","name":"News Est Lyonnais","description":"L&#039;actualit\u00e9 au plus pr\u00e8s","publisher":{"@id":"https:\/\/newsestlyonnais.fr\/site\/#organization"},"potentialAction":[{"@type":"SearchAction","target":{"@type":"EntryPoint","urlTemplate":"https:\/\/newsestlyonnais.fr\/site\/?s={search_term_string}"},"query-input":{"@type":"PropertyValueSpecification","valueRequired":true,"valueName":"search_term_string"}}],"inLanguage":"fr-FR"},{"@type":"Organization","@id":"https:\/\/newsestlyonnais.fr\/site\/#organization","name":"News EST LYONNAIS","url":"https:\/\/newsestlyonnais.fr\/site\/","logo":{"@type":"ImageObject","inLanguage":"fr-FR","@id":"https:\/\/newsestlyonnais.fr\/site\/#\/schema\/logo\/image\/","url":"","contentUrl":"","caption":"News EST LYONNAIS"},"image":{"@id":"https:\/\/newsestlyonnais.fr\/site\/#\/schema\/logo\/image\/"}},{"@type":"Person","@id":"https:\/\/newsestlyonnais.fr\/site\/#\/schema\/person\/3230d5615f390bb808365d673001e887","name":"R\u00e9dac. NEWS","sameAs":["http:\/\/www.newsestlyonnais.fr","https:\/\/www.facebook.com\/pascal.oberson.1?fref=ts","https:\/\/fr.linkedin.com\/in\/pascal-oberson-b17045113"],"url":"https:\/\/newsestlyonnais.fr\/site\/author\/nel\/"}]}},"_links":{"self":[{"href":"https:\/\/newsestlyonnais.fr\/site\/wp-json\/wp\/v2\/posts\/166999","targetHints":{"allow":["GET"]}}],"collection":[{"href":"https:\/\/newsestlyonnais.fr\/site\/wp-json\/wp\/v2\/posts"}],"about":[{"href":"https:\/\/newsestlyonnais.fr\/site\/wp-json\/wp\/v2\/types\/post"}],"author":[{"embeddable":true,"href":"https:\/\/newsestlyonnais.fr\/site\/wp-json\/wp\/v2\/users\/4"}],"replies":[{"embeddable":true,"href":"https:\/\/newsestlyonnais.fr\/site\/wp-json\/wp\/v2\/comments?post=166999"}],"version-history":[{"count":0,"href":"https:\/\/newsestlyonnais.fr\/site\/wp-json\/wp\/v2\/posts\/166999\/revisions"}],"wp:featuredmedia":[{"embeddable":true,"href":"https:\/\/newsestlyonnais.fr\/site\/wp-json\/wp\/v2\/media\/89773"}],"wp:attachment":[{"href":"https:\/\/newsestlyonnais.fr\/site\/wp-json\/wp\/v2\/media?parent=166999"}],"wp:term":[{"taxonomy":"category","embeddable":true,"href":"https:\/\/newsestlyonnais.fr\/site\/wp-json\/wp\/v2\/categories?post=166999"},{"taxonomy":"post_tag","embeddable":true,"href":"https:\/\/newsestlyonnais.fr\/site\/wp-json\/wp\/v2\/tags?post=166999"}],"curies":[{"name":"wp","href":"https:\/\/api.w.org\/{rel}","templated":true}]}}