{"id":167110,"date":"2022-10-26T07:51:26","date_gmt":"2022-10-26T06:51:26","guid":{"rendered":"https:\/\/newsestlyonnais.fr\/site\/?p=167110"},"modified":"2022-10-26T07:57:22","modified_gmt":"2022-10-26T06:57:22","slug":"venissieux-prix-de-la-memoire-anacej-pour-le-conseil-municipal-denfants","status":"publish","type":"post","link":"https:\/\/newsestlyonnais.fr\/site\/2022\/10\/26\/venissieux-prix-de-la-memoire-anacej-pour-le-conseil-municipal-denfants\/","title":{"rendered":"VENISSIEUX | Prix de la M\u00e9moire ANACEJ pour le conseil municipal d&rsquo;enfants"},"content":{"rendered":"<p><span style=\"background-color: #000000; color: #ffffff;\"><strong>Les jeunes \u00e9lus du Conseil Municipal d\u2019enfants \u2013 Promotion St Exup\u00e9ry, ont re\u00e7u le Prix de la M\u00e9moire \u00e0 l&rsquo;occasion du Congr\u00e8s de l&rsquo;ANACEJ, pour leur court-m\u00e9trage, \u00ab Destins crois\u00e9s, entre 2 histoires d\u2019enfants d\u2019hier et d\u2019aujourd\u2019hui \u00bb, ce mardi 25 octobre \u00e0 Arras.<\/strong><\/span><\/p>\n<hr \/>\n<p><strong>Cette vid\u00e9o de 8 minutes avait \u00e9t\u00e9 r\u00e9alis\u00e9e dans le cadre du concours \u00ab D\u00e9racinement et reconstruction des enfants r\u00e9fugi\u00e9s, hier et aujourd\u2019hui \u00bb<\/strong>, organis\u00e9e par La Maison d&rsquo;Izieu, m\u00e9morial des enfants juifs extermin\u00e9s. Elle d\u00e9crit, \u00e0 travers le t\u00e9moignage d\u2019Izaac et d\u2019Alina, le destin de ces enfants, d\u2019hier et d\u2019aujourd\u2019hui, oblig\u00e9s de quitter leur pays pour fuir la guerre, priv\u00e9s de leurs rep\u00e8res et de leur environnement familier.<\/p>\n<p>Une interview crois\u00e9e entre Isaac Fabrykant, qui a quitt\u00e9 la Pologne et est arriv\u00e9 en France en 1939, sauv\u00e9 du camp de V\u00e9nissieux en ao\u00fbt 1942 et d\u2019Alina, petite fille Ukrainienne qui a fui, avec sa famille, son pays en 2016. Par la m\u00eame s\u00e9rie de questions pos\u00e9es, le Petit Prince d\u2019Antoine de Saint-Exup\u00e9ry, symbole de la promotion, est le trait d\u2019union entre ces deux histoires.<\/p>\n<hr \/>\n<p><strong><span style=\"background-color: #000000; color: #ffffff;\">NOTA<\/span> : Le 25 mai dernier, les jeunes \u00e9lus recevaient le prix dans la cat\u00e9gorie primaire, du concours \u00ab Maison d\u2019Izieu \u00bb<\/strong>, \u00e0 l&rsquo;occasion d&rsquo;une c\u00e9r\u00e9monie en pr\u00e9sence de Val\u00e9rie Perthuis-Portheret, auteure du livre \u00ab Vous n\u2019aurez pas les enfants \u00bb, d\u00e9di\u00e9 au sauvetage de 108 enfants juifs du camp de V\u00e9nissieux.<\/p>\n<hr \/>\n<hr \/>\n<p><span style=\"background-color: #000000; color: #ffffff;\"><strong>&gt;&gt; Source : communiqu\u00e9 de la Ville de V\u00e9nissieux<\/strong><\/span><\/p>\n","protected":false},"excerpt":{"rendered":"<p>Un nouveau prix pour la vid\u00e9o des jeunes \u00e9lus du CME, promotion St Exup\u00e9ry.<\/p>\n","protected":false},"author":4,"featured_media":167111,"comment_status":"open","ping_status":"open","sticky":false,"template":"","format":"standard","meta":{"footnotes":""},"categories":[2217,3328,3334,171,1219,1298],"tags":[2439,4451,2067],"class_list":["post-167110","post","type-post","status-publish","format-standard","has-post-thumbnail","hentry","category-breves-de-lest-lyonnais","category-concours-jeux-labels-lotos","category-conseils-municipaux-elections-voeux","category-enfance-jeunesse","category-religion-seniors-souvenir","category-venissieux","tag-conseil-municipal-enfants","tag-prix","tag-venissieux"],"yoast_head":"<!-- This site is optimized with the Yoast SEO plugin v27.2 - https:\/\/yoast.com\/product\/yoast-seo-wordpress\/ -->\n<title>VENISSIEUX | Prix de la M\u00e9moire ANACEJ pour le conseil municipal d&#039;enfants - News Est Lyonnais<\/title>\n<meta name=\"description\" content=\"VENISSIEUX | Prix de la M\u00e9moire ANACEJ pour le conseil municipal d&#039;enfants\" \/>\n<meta name=\"robots\" content=\"index, follow, max-snippet:-1, max-image-preview:large, max-video-preview:-1\" \/>\n<link rel=\"canonical\" href=\"https:\/\/newsestlyonnais.fr\/site\/2022\/10\/26\/venissieux-prix-de-la-memoire-anacej-pour-le-conseil-municipal-denfants\/\" \/>\n<meta property=\"og:locale\" content=\"fr_FR\" \/>\n<meta property=\"og:type\" content=\"article\" \/>\n<meta property=\"og:title\" content=\"VENISSIEUX | Prix de la M\u00e9moire ANACEJ pour le conseil municipal d&#039;enfants - News Est Lyonnais\" \/>\n<meta property=\"og:description\" content=\"VENISSIEUX | Prix de la M\u00e9moire ANACEJ pour le conseil municipal d&#039;enfants\" \/>\n<meta property=\"og:url\" content=\"https:\/\/newsestlyonnais.fr\/site\/2022\/10\/26\/venissieux-prix-de-la-memoire-anacej-pour-le-conseil-municipal-denfants\/\" \/>\n<meta property=\"og:site_name\" content=\"News Est Lyonnais\" \/>\n<meta property=\"article:author\" content=\"https:\/\/www.facebook.com\/pascal.oberson.1?fref=ts\" \/>\n<meta property=\"article:published_time\" content=\"2022-10-26T06:51:26+00:00\" \/>\n<meta property=\"article:modified_time\" content=\"2022-10-26T06:57:22+00:00\" \/>\n<meta property=\"og:image\" content=\"https:\/\/newsestlyonnais.fr\/site\/wp-content\/uploads\/2022\/10\/phpnkbyyw.jpg\" \/>\n\t<meta property=\"og:image:width\" content=\"700\" \/>\n\t<meta property=\"og:image:height\" content=\"350\" \/>\n\t<meta property=\"og:image:type\" content=\"image\/jpeg\" \/>\n<meta name=\"author\" content=\"R\u00e9dac. NEWS\" \/>\n<meta name=\"twitter:card\" content=\"summary_large_image\" \/>\n<meta name=\"twitter:label1\" content=\"\u00c9crit par\" \/>\n\t<meta name=\"twitter:data1\" content=\"R\u00e9dac. NEWS\" \/>\n\t<meta name=\"twitter:label2\" content=\"Dur\u00e9e de lecture estim\u00e9e\" \/>\n\t<meta name=\"twitter:data2\" content=\"2 minutes\" \/>\n<script type=\"application\/ld+json\" class=\"yoast-schema-graph\">{\"@context\":\"https:\/\/schema.org\",\"@graph\":[{\"@type\":\"Article\",\"@id\":\"https:\/\/newsestlyonnais.fr\/site\/2022\/10\/26\/venissieux-prix-de-la-memoire-anacej-pour-le-conseil-municipal-denfants\/#article\",\"isPartOf\":{\"@id\":\"https:\/\/newsestlyonnais.fr\/site\/2022\/10\/26\/venissieux-prix-de-la-memoire-anacej-pour-le-conseil-municipal-denfants\/\"},\"author\":{\"name\":\"R\u00e9dac. NEWS\",\"@id\":\"https:\/\/newsestlyonnais.fr\/site\/#\/schema\/person\/3230d5615f390bb808365d673001e887\"},\"headline\":\"VENISSIEUX | Prix de la M\u00e9moire ANACEJ pour le conseil municipal d&rsquo;enfants\",\"datePublished\":\"2022-10-26T06:51:26+00:00\",\"dateModified\":\"2022-10-26T06:57:22+00:00\",\"mainEntityOfPage\":{\"@id\":\"https:\/\/newsestlyonnais.fr\/site\/2022\/10\/26\/venissieux-prix-de-la-memoire-anacej-pour-le-conseil-municipal-denfants\/\"},\"wordCount\":287,\"commentCount\":0,\"publisher\":{\"@id\":\"https:\/\/newsestlyonnais.fr\/site\/#organization\"},\"image\":{\"@id\":\"https:\/\/newsestlyonnais.fr\/site\/2022\/10\/26\/venissieux-prix-de-la-memoire-anacej-pour-le-conseil-municipal-denfants\/#primaryimage\"},\"thumbnailUrl\":\"https:\/\/newsestlyonnais.fr\/site\/wp-content\/uploads\/2022\/10\/phpnkbyyw.jpg\",\"keywords\":[\"CONSEIL MUNICIPAL ENFANTS\",\"prix\",\"VENISSIEUX\"],\"articleSection\":[\"Br\u00e8ves de l'Est lyonnais\",\"Concours | Jeux | Labels | Lotos\",\"Conseils Municipaux | Elections | Voeux\",\"Enfance | Jeunesse\",\"Religion | Seniors | Souvenir\",\"V\u00e9nissieux\"],\"inLanguage\":\"fr-FR\",\"potentialAction\":[{\"@type\":\"CommentAction\",\"name\":\"Comment\",\"target\":[\"https:\/\/newsestlyonnais.fr\/site\/2022\/10\/26\/venissieux-prix-de-la-memoire-anacej-pour-le-conseil-municipal-denfants\/#respond\"]}]},{\"@type\":\"WebPage\",\"@id\":\"https:\/\/newsestlyonnais.fr\/site\/2022\/10\/26\/venissieux-prix-de-la-memoire-anacej-pour-le-conseil-municipal-denfants\/\",\"url\":\"https:\/\/newsestlyonnais.fr\/site\/2022\/10\/26\/venissieux-prix-de-la-memoire-anacej-pour-le-conseil-municipal-denfants\/\",\"name\":\"VENISSIEUX | Prix de la M\u00e9moire ANACEJ pour le conseil municipal d'enfants - News Est Lyonnais\",\"isPartOf\":{\"@id\":\"https:\/\/newsestlyonnais.fr\/site\/#website\"},\"primaryImageOfPage\":{\"@id\":\"https:\/\/newsestlyonnais.fr\/site\/2022\/10\/26\/venissieux-prix-de-la-memoire-anacej-pour-le-conseil-municipal-denfants\/#primaryimage\"},\"image\":{\"@id\":\"https:\/\/newsestlyonnais.fr\/site\/2022\/10\/26\/venissieux-prix-de-la-memoire-anacej-pour-le-conseil-municipal-denfants\/#primaryimage\"},\"thumbnailUrl\":\"https:\/\/newsestlyonnais.fr\/site\/wp-content\/uploads\/2022\/10\/phpnkbyyw.jpg\",\"datePublished\":\"2022-10-26T06:51:26+00:00\",\"dateModified\":\"2022-10-26T06:57:22+00:00\",\"description\":\"VENISSIEUX | Prix de la M\u00e9moire ANACEJ pour le conseil municipal d'enfants\",\"breadcrumb\":{\"@id\":\"https:\/\/newsestlyonnais.fr\/site\/2022\/10\/26\/venissieux-prix-de-la-memoire-anacej-pour-le-conseil-municipal-denfants\/#breadcrumb\"},\"inLanguage\":\"fr-FR\",\"potentialAction\":[{\"@type\":\"ReadAction\",\"target\":[\"https:\/\/newsestlyonnais.fr\/site\/2022\/10\/26\/venissieux-prix-de-la-memoire-anacej-pour-le-conseil-municipal-denfants\/\"]}]},{\"@type\":\"ImageObject\",\"inLanguage\":\"fr-FR\",\"@id\":\"https:\/\/newsestlyonnais.fr\/site\/2022\/10\/26\/venissieux-prix-de-la-memoire-anacej-pour-le-conseil-municipal-denfants\/#primaryimage\",\"url\":\"https:\/\/newsestlyonnais.fr\/site\/wp-content\/uploads\/2022\/10\/phpnkbyyw.jpg\",\"contentUrl\":\"https:\/\/newsestlyonnais.fr\/site\/wp-content\/uploads\/2022\/10\/phpnkbyyw.jpg\",\"width\":700,\"height\":350},{\"@type\":\"BreadcrumbList\",\"@id\":\"https:\/\/newsestlyonnais.fr\/site\/2022\/10\/26\/venissieux-prix-de-la-memoire-anacej-pour-le-conseil-municipal-denfants\/#breadcrumb\",\"itemListElement\":[{\"@type\":\"ListItem\",\"position\":1,\"name\":\"Accueil\",\"item\":\"https:\/\/newsestlyonnais.fr\/site\/\"},{\"@type\":\"ListItem\",\"position\":2,\"name\":\"VENISSIEUX | Prix de la M\u00e9moire ANACEJ pour le conseil municipal d&rsquo;enfants\"}]},{\"@type\":\"WebSite\",\"@id\":\"https:\/\/newsestlyonnais.fr\/site\/#website\",\"url\":\"https:\/\/newsestlyonnais.fr\/site\/\",\"name\":\"News Est Lyonnais\",\"description\":\"L&#039;actualit\u00e9 au plus pr\u00e8s\",\"publisher\":{\"@id\":\"https:\/\/newsestlyonnais.fr\/site\/#organization\"},\"potentialAction\":[{\"@type\":\"SearchAction\",\"target\":{\"@type\":\"EntryPoint\",\"urlTemplate\":\"https:\/\/newsestlyonnais.fr\/site\/?s={search_term_string}\"},\"query-input\":{\"@type\":\"PropertyValueSpecification\",\"valueRequired\":true,\"valueName\":\"search_term_string\"}}],\"inLanguage\":\"fr-FR\"},{\"@type\":\"Organization\",\"@id\":\"https:\/\/newsestlyonnais.fr\/site\/#organization\",\"name\":\"News EST LYONNAIS\",\"url\":\"https:\/\/newsestlyonnais.fr\/site\/\",\"logo\":{\"@type\":\"ImageObject\",\"inLanguage\":\"fr-FR\",\"@id\":\"https:\/\/newsestlyonnais.fr\/site\/#\/schema\/logo\/image\/\",\"url\":\"\",\"contentUrl\":\"\",\"caption\":\"News EST LYONNAIS\"},\"image\":{\"@id\":\"https:\/\/newsestlyonnais.fr\/site\/#\/schema\/logo\/image\/\"}},{\"@type\":\"Person\",\"@id\":\"https:\/\/newsestlyonnais.fr\/site\/#\/schema\/person\/3230d5615f390bb808365d673001e887\",\"name\":\"R\u00e9dac. NEWS\",\"sameAs\":[\"http:\/\/www.newsestlyonnais.fr\",\"https:\/\/www.facebook.com\/pascal.oberson.1?fref=ts\",\"https:\/\/fr.linkedin.com\/in\/pascal-oberson-b17045113\"],\"url\":\"https:\/\/newsestlyonnais.fr\/site\/author\/nel\/\"}]}<\/script>\n<!-- \/ Yoast SEO plugin. -->","yoast_head_json":{"title":"VENISSIEUX | Prix de la M\u00e9moire ANACEJ pour le conseil municipal d'enfants - News Est Lyonnais","description":"VENISSIEUX | Prix de la M\u00e9moire ANACEJ pour le conseil municipal d'enfants","robots":{"index":"index","follow":"follow","max-snippet":"max-snippet:-1","max-image-preview":"max-image-preview:large","max-video-preview":"max-video-preview:-1"},"canonical":"https:\/\/newsestlyonnais.fr\/site\/2022\/10\/26\/venissieux-prix-de-la-memoire-anacej-pour-le-conseil-municipal-denfants\/","og_locale":"fr_FR","og_type":"article","og_title":"VENISSIEUX | Prix de la M\u00e9moire ANACEJ pour le conseil municipal d'enfants - News Est Lyonnais","og_description":"VENISSIEUX | Prix de la M\u00e9moire ANACEJ pour le conseil municipal d'enfants","og_url":"https:\/\/newsestlyonnais.fr\/site\/2022\/10\/26\/venissieux-prix-de-la-memoire-anacej-pour-le-conseil-municipal-denfants\/","og_site_name":"News Est Lyonnais","article_author":"https:\/\/www.facebook.com\/pascal.oberson.1?fref=ts","article_published_time":"2022-10-26T06:51:26+00:00","article_modified_time":"2022-10-26T06:57:22+00:00","og_image":[{"width":700,"height":350,"url":"https:\/\/newsestlyonnais.fr\/site\/wp-content\/uploads\/2022\/10\/phpnkbyyw.jpg","type":"image\/jpeg"}],"author":"R\u00e9dac. NEWS","twitter_card":"summary_large_image","twitter_misc":{"\u00c9crit par":"R\u00e9dac. NEWS","Dur\u00e9e de lecture estim\u00e9e":"2 minutes"},"schema":{"@context":"https:\/\/schema.org","@graph":[{"@type":"Article","@id":"https:\/\/newsestlyonnais.fr\/site\/2022\/10\/26\/venissieux-prix-de-la-memoire-anacej-pour-le-conseil-municipal-denfants\/#article","isPartOf":{"@id":"https:\/\/newsestlyonnais.fr\/site\/2022\/10\/26\/venissieux-prix-de-la-memoire-anacej-pour-le-conseil-municipal-denfants\/"},"author":{"name":"R\u00e9dac. NEWS","@id":"https:\/\/newsestlyonnais.fr\/site\/#\/schema\/person\/3230d5615f390bb808365d673001e887"},"headline":"VENISSIEUX | Prix de la M\u00e9moire ANACEJ pour le conseil municipal d&rsquo;enfants","datePublished":"2022-10-26T06:51:26+00:00","dateModified":"2022-10-26T06:57:22+00:00","mainEntityOfPage":{"@id":"https:\/\/newsestlyonnais.fr\/site\/2022\/10\/26\/venissieux-prix-de-la-memoire-anacej-pour-le-conseil-municipal-denfants\/"},"wordCount":287,"commentCount":0,"publisher":{"@id":"https:\/\/newsestlyonnais.fr\/site\/#organization"},"image":{"@id":"https:\/\/newsestlyonnais.fr\/site\/2022\/10\/26\/venissieux-prix-de-la-memoire-anacej-pour-le-conseil-municipal-denfants\/#primaryimage"},"thumbnailUrl":"https:\/\/newsestlyonnais.fr\/site\/wp-content\/uploads\/2022\/10\/phpnkbyyw.jpg","keywords":["CONSEIL MUNICIPAL ENFANTS","prix","VENISSIEUX"],"articleSection":["Br\u00e8ves de l'Est lyonnais","Concours | Jeux | Labels | Lotos","Conseils Municipaux | Elections | Voeux","Enfance | Jeunesse","Religion | Seniors | Souvenir","V\u00e9nissieux"],"inLanguage":"fr-FR","potentialAction":[{"@type":"CommentAction","name":"Comment","target":["https:\/\/newsestlyonnais.fr\/site\/2022\/10\/26\/venissieux-prix-de-la-memoire-anacej-pour-le-conseil-municipal-denfants\/#respond"]}]},{"@type":"WebPage","@id":"https:\/\/newsestlyonnais.fr\/site\/2022\/10\/26\/venissieux-prix-de-la-memoire-anacej-pour-le-conseil-municipal-denfants\/","url":"https:\/\/newsestlyonnais.fr\/site\/2022\/10\/26\/venissieux-prix-de-la-memoire-anacej-pour-le-conseil-municipal-denfants\/","name":"VENISSIEUX | Prix de la M\u00e9moire ANACEJ pour le conseil municipal d'enfants - News Est Lyonnais","isPartOf":{"@id":"https:\/\/newsestlyonnais.fr\/site\/#website"},"primaryImageOfPage":{"@id":"https:\/\/newsestlyonnais.fr\/site\/2022\/10\/26\/venissieux-prix-de-la-memoire-anacej-pour-le-conseil-municipal-denfants\/#primaryimage"},"image":{"@id":"https:\/\/newsestlyonnais.fr\/site\/2022\/10\/26\/venissieux-prix-de-la-memoire-anacej-pour-le-conseil-municipal-denfants\/#primaryimage"},"thumbnailUrl":"https:\/\/newsestlyonnais.fr\/site\/wp-content\/uploads\/2022\/10\/phpnkbyyw.jpg","datePublished":"2022-10-26T06:51:26+00:00","dateModified":"2022-10-26T06:57:22+00:00","description":"VENISSIEUX | Prix de la M\u00e9moire ANACEJ pour le conseil municipal d'enfants","breadcrumb":{"@id":"https:\/\/newsestlyonnais.fr\/site\/2022\/10\/26\/venissieux-prix-de-la-memoire-anacej-pour-le-conseil-municipal-denfants\/#breadcrumb"},"inLanguage":"fr-FR","potentialAction":[{"@type":"ReadAction","target":["https:\/\/newsestlyonnais.fr\/site\/2022\/10\/26\/venissieux-prix-de-la-memoire-anacej-pour-le-conseil-municipal-denfants\/"]}]},{"@type":"ImageObject","inLanguage":"fr-FR","@id":"https:\/\/newsestlyonnais.fr\/site\/2022\/10\/26\/venissieux-prix-de-la-memoire-anacej-pour-le-conseil-municipal-denfants\/#primaryimage","url":"https:\/\/newsestlyonnais.fr\/site\/wp-content\/uploads\/2022\/10\/phpnkbyyw.jpg","contentUrl":"https:\/\/newsestlyonnais.fr\/site\/wp-content\/uploads\/2022\/10\/phpnkbyyw.jpg","width":700,"height":350},{"@type":"BreadcrumbList","@id":"https:\/\/newsestlyonnais.fr\/site\/2022\/10\/26\/venissieux-prix-de-la-memoire-anacej-pour-le-conseil-municipal-denfants\/#breadcrumb","itemListElement":[{"@type":"ListItem","position":1,"name":"Accueil","item":"https:\/\/newsestlyonnais.fr\/site\/"},{"@type":"ListItem","position":2,"name":"VENISSIEUX | Prix de la M\u00e9moire ANACEJ pour le conseil municipal d&rsquo;enfants"}]},{"@type":"WebSite","@id":"https:\/\/newsestlyonnais.fr\/site\/#website","url":"https:\/\/newsestlyonnais.fr\/site\/","name":"News Est Lyonnais","description":"L&#039;actualit\u00e9 au plus pr\u00e8s","publisher":{"@id":"https:\/\/newsestlyonnais.fr\/site\/#organization"},"potentialAction":[{"@type":"SearchAction","target":{"@type":"EntryPoint","urlTemplate":"https:\/\/newsestlyonnais.fr\/site\/?s={search_term_string}"},"query-input":{"@type":"PropertyValueSpecification","valueRequired":true,"valueName":"search_term_string"}}],"inLanguage":"fr-FR"},{"@type":"Organization","@id":"https:\/\/newsestlyonnais.fr\/site\/#organization","name":"News EST LYONNAIS","url":"https:\/\/newsestlyonnais.fr\/site\/","logo":{"@type":"ImageObject","inLanguage":"fr-FR","@id":"https:\/\/newsestlyonnais.fr\/site\/#\/schema\/logo\/image\/","url":"","contentUrl":"","caption":"News EST LYONNAIS"},"image":{"@id":"https:\/\/newsestlyonnais.fr\/site\/#\/schema\/logo\/image\/"}},{"@type":"Person","@id":"https:\/\/newsestlyonnais.fr\/site\/#\/schema\/person\/3230d5615f390bb808365d673001e887","name":"R\u00e9dac. NEWS","sameAs":["http:\/\/www.newsestlyonnais.fr","https:\/\/www.facebook.com\/pascal.oberson.1?fref=ts","https:\/\/fr.linkedin.com\/in\/pascal-oberson-b17045113"],"url":"https:\/\/newsestlyonnais.fr\/site\/author\/nel\/"}]}},"_links":{"self":[{"href":"https:\/\/newsestlyonnais.fr\/site\/wp-json\/wp\/v2\/posts\/167110","targetHints":{"allow":["GET"]}}],"collection":[{"href":"https:\/\/newsestlyonnais.fr\/site\/wp-json\/wp\/v2\/posts"}],"about":[{"href":"https:\/\/newsestlyonnais.fr\/site\/wp-json\/wp\/v2\/types\/post"}],"author":[{"embeddable":true,"href":"https:\/\/newsestlyonnais.fr\/site\/wp-json\/wp\/v2\/users\/4"}],"replies":[{"embeddable":true,"href":"https:\/\/newsestlyonnais.fr\/site\/wp-json\/wp\/v2\/comments?post=167110"}],"version-history":[{"count":0,"href":"https:\/\/newsestlyonnais.fr\/site\/wp-json\/wp\/v2\/posts\/167110\/revisions"}],"wp:featuredmedia":[{"embeddable":true,"href":"https:\/\/newsestlyonnais.fr\/site\/wp-json\/wp\/v2\/media\/167111"}],"wp:attachment":[{"href":"https:\/\/newsestlyonnais.fr\/site\/wp-json\/wp\/v2\/media?parent=167110"}],"wp:term":[{"taxonomy":"category","embeddable":true,"href":"https:\/\/newsestlyonnais.fr\/site\/wp-json\/wp\/v2\/categories?post=167110"},{"taxonomy":"post_tag","embeddable":true,"href":"https:\/\/newsestlyonnais.fr\/site\/wp-json\/wp\/v2\/tags?post=167110"}],"curies":[{"name":"wp","href":"https:\/\/api.w.org\/{rel}","templated":true}]}}