{"id":167195,"date":"2022-10-28T05:00:00","date_gmt":"2022-10-28T04:00:00","guid":{"rendered":"https:\/\/newsestlyonnais.fr\/site\/?p=167195"},"modified":"2022-10-30T08:02:09","modified_gmt":"2022-10-30T07:02:09","slug":"meyzieu-les-resultats-de-jeudi-a-lopen-jeunes-de-tennis","status":"publish","type":"post","link":"https:\/\/newsestlyonnais.fr\/site\/2022\/10\/28\/meyzieu-les-resultats-de-jeudi-a-lopen-jeunes-de-tennis\/","title":{"rendered":"MEYZIEU | Les r\u00e9sultats de jeudi \u00e0 l\u2019Open jeunes de tennis"},"content":{"rendered":"<p><strong><span style=\"font-size: 14pt; background-color: #000000; color: #ffcc00;\">Tableau f\u00e9minin<\/span><br \/>\n<\/strong><\/p>\n<p><span style=\"background-color: #000000; color: #ffffff;\"><strong>17\/18 ans<\/strong><\/span> :<\/p>\n<ul>\n<li><strong>Olivia Bandy-Bwila<\/strong> (Lyon 8 Tennis, 30\/1) bat Leane Monchamp (TC Jonage, 30)\u00a0\u00a0 <strong>2\/6<\/strong>, <strong>6\/3, 6\/0.<\/strong><\/li>\n<\/ul>\n<hr \/>\n<p><span style=\"background-color: #000000; color: #ffcc00; font-size: 14pt;\"><strong>Tableaux masculins <\/strong><\/span><\/p>\n<p><span style=\"background-color: #000000; color: #ffffff;\"><strong>11 ans<\/strong><\/span> :<\/p>\n<ul>\n<li><strong>Gabriel Leclercq<\/strong> (ASUL Tennis, 30\/2) bat\u00a0Paul Petit-Liaudon (TC Lentilly-Fleurieux, 30\/2) \u00a0\u00a0 <strong>6\/3, 6\/4.<\/strong><\/li>\n<li><strong>Victor Grevot<\/strong> (FCL Tennis, 30\/2) bat Alexandre Gros (TC D\u00e9cines, 30\/5)\u00a0\u00a0\u00a0 <strong>6\/1, 6\/0.<\/strong><\/li>\n<\/ul>\n<p><span style=\"background-color: #000000; color: #ffffff;\"><strong>12 ans<\/strong><\/span> :<\/p>\n<ul>\n<li><strong>Abel Duplessix <\/strong>(TC Meximieux, 30) bat Elliott Beraud (TC La Pape<strong>, <\/strong>30\/4) \u00a0\u00a0 <strong>6\/3, 6\/0<\/strong><strong>.<\/strong><\/li>\n<\/ul>\n<p><span style=\"background-color: #000000; color: #ffffff;\"><strong>15\/16 ans<\/strong><\/span> :<\/p>\n<ul>\n<li><strong>Quentin Cizaire<\/strong> (RC Montluel, 30\/1) bat Romain Juncker (TC Sathonay Camp, 30) \u00a0\u00a0 <strong>par WO<\/strong>.<\/li>\n<li><strong>Arthur Briat<\/strong> (Chassieu Tennis, 30\/1) bat Balthazar Bouron (TC Balan-Dagneux, 30)\u00a0\u00a0 \u00a0 <strong>6\/3, 6\/3.<\/strong><\/li>\n<\/ul>\n<p><span style=\"background-color: #000000; color: #ffffff;\"><strong>17\/18 ans<\/strong><\/span> :<\/p>\n<ul>\n<li><strong>Timoth\u00e9e Turlan<\/strong> (TC St Maurice, 30\/1) bat C\u00f4me Piacenza de Castilla (FCL Tennis, 30) \u00a0 <strong>par WO<\/strong>. .<\/li>\n<\/ul>\n<p><span style=\"background-color: #000000; color: #ffcc00;\"><strong>&gt;&gt; 10 matchs dans 7 tableaux sont \u00e0 l\u2019affiche de ce vendredi \u00e0 partir de 10 heures.<\/strong><\/span><\/p>\n<hr \/>\n<p><strong>Suite au partenariat mis en place avec Meyzieu Tennis,<\/strong><strong> retrouvez au quotidien, les r\u00e9sultats.<\/strong><\/p>\n","protected":false},"excerpt":{"rendered":"<p>Sept rencontres programm\u00e9es dans cinq tableaux masculins, lors de cette journ\u00e9e de comp\u00e9tition.<\/p>\n","protected":false},"author":4,"featured_media":92866,"comment_status":"open","ping_status":"open","sticky":false,"template":"","format":"standard","meta":{"footnotes":""},"categories":[24,2992,2991],"tags":[2081,2548,2049],"class_list":["post-167195","post","type-post","status-publish","format-standard","has-post-thumbnail","hentry","category-meyzieu","category-tennis-padel","category-tennis-tennis-table-sports","tag-meyzieu","tag-meyzieu-tennis","tag-tennis"],"yoast_head":"<!-- This site is optimized with the Yoast SEO plugin v27.2 - https:\/\/yoast.com\/product\/yoast-seo-wordpress\/ -->\n<title>MEYZIEU | Les r\u00e9sultats de jeudi \u00e0 l\u2019Open jeunes de tennis - News Est Lyonnais<\/title>\n<meta name=\"description\" content=\"MEYZIEU | Les r\u00e9sultats de jeudi \u00e0 l\u2019Open jeunes de tennis\" \/>\n<meta name=\"robots\" content=\"index, follow, max-snippet:-1, max-image-preview:large, max-video-preview:-1\" \/>\n<link rel=\"canonical\" href=\"https:\/\/newsestlyonnais.fr\/site\/2022\/10\/28\/meyzieu-les-resultats-de-jeudi-a-lopen-jeunes-de-tennis\/\" \/>\n<meta property=\"og:locale\" content=\"fr_FR\" \/>\n<meta property=\"og:type\" content=\"article\" \/>\n<meta property=\"og:title\" content=\"MEYZIEU | Les r\u00e9sultats de jeudi \u00e0 l\u2019Open jeunes de tennis - News Est Lyonnais\" \/>\n<meta property=\"og:description\" content=\"MEYZIEU | Les r\u00e9sultats de jeudi \u00e0 l\u2019Open jeunes de tennis\" \/>\n<meta property=\"og:url\" content=\"https:\/\/newsestlyonnais.fr\/site\/2022\/10\/28\/meyzieu-les-resultats-de-jeudi-a-lopen-jeunes-de-tennis\/\" \/>\n<meta property=\"og:site_name\" content=\"News Est Lyonnais\" \/>\n<meta property=\"article:author\" content=\"https:\/\/www.facebook.com\/pascal.oberson.1?fref=ts\" \/>\n<meta property=\"article:published_time\" content=\"2022-10-28T04:00:00+00:00\" \/>\n<meta property=\"article:modified_time\" content=\"2022-10-30T07:02:09+00:00\" \/>\n<meta property=\"og:image\" content=\"https:\/\/newsestlyonnais.fr\/site\/wp-content\/uploads\/2020\/01\/NEWSESTLYONNAIS-TENNIS-DIVERS.jpg\" \/>\n\t<meta property=\"og:image:width\" content=\"178\" \/>\n\t<meta property=\"og:image:height\" content=\"120\" \/>\n\t<meta property=\"og:image:type\" content=\"image\/jpeg\" \/>\n<meta name=\"author\" content=\"R\u00e9dac. NEWS\" \/>\n<meta name=\"twitter:card\" content=\"summary_large_image\" \/>\n<meta name=\"twitter:label1\" content=\"\u00c9crit par\" \/>\n\t<meta name=\"twitter:data1\" content=\"R\u00e9dac. NEWS\" \/>\n\t<meta name=\"twitter:label2\" content=\"Dur\u00e9e de lecture estim\u00e9e\" \/>\n\t<meta name=\"twitter:data2\" content=\"1 minute\" \/>\n<script type=\"application\/ld+json\" class=\"yoast-schema-graph\">{\"@context\":\"https:\/\/schema.org\",\"@graph\":[{\"@type\":\"Article\",\"@id\":\"https:\/\/newsestlyonnais.fr\/site\/2022\/10\/28\/meyzieu-les-resultats-de-jeudi-a-lopen-jeunes-de-tennis\/#article\",\"isPartOf\":{\"@id\":\"https:\/\/newsestlyonnais.fr\/site\/2022\/10\/28\/meyzieu-les-resultats-de-jeudi-a-lopen-jeunes-de-tennis\/\"},\"author\":{\"name\":\"R\u00e9dac. NEWS\",\"@id\":\"https:\/\/newsestlyonnais.fr\/site\/#\/schema\/person\/3230d5615f390bb808365d673001e887\"},\"headline\":\"MEYZIEU | Les r\u00e9sultats de jeudi \u00e0 l\u2019Open jeunes de tennis\",\"datePublished\":\"2022-10-28T04:00:00+00:00\",\"dateModified\":\"2022-10-30T07:02:09+00:00\",\"mainEntityOfPage\":{\"@id\":\"https:\/\/newsestlyonnais.fr\/site\/2022\/10\/28\/meyzieu-les-resultats-de-jeudi-a-lopen-jeunes-de-tennis\/\"},\"wordCount\":125,\"commentCount\":0,\"publisher\":{\"@id\":\"https:\/\/newsestlyonnais.fr\/site\/#organization\"},\"image\":{\"@id\":\"https:\/\/newsestlyonnais.fr\/site\/2022\/10\/28\/meyzieu-les-resultats-de-jeudi-a-lopen-jeunes-de-tennis\/#primaryimage\"},\"thumbnailUrl\":\"https:\/\/newsestlyonnais.fr\/site\/wp-content\/uploads\/2020\/01\/NEWSESTLYONNAIS-TENNIS-DIVERS.jpg\",\"keywords\":[\"MEYZIEU\",\"MEYZIEU TENNIS\",\"TENNIS\"],\"articleSection\":[\"Meyzieu\",\"Tennis | Padel\",\"Tennis | Tennis de table\"],\"inLanguage\":\"fr-FR\",\"potentialAction\":[{\"@type\":\"CommentAction\",\"name\":\"Comment\",\"target\":[\"https:\/\/newsestlyonnais.fr\/site\/2022\/10\/28\/meyzieu-les-resultats-de-jeudi-a-lopen-jeunes-de-tennis\/#respond\"]}]},{\"@type\":\"WebPage\",\"@id\":\"https:\/\/newsestlyonnais.fr\/site\/2022\/10\/28\/meyzieu-les-resultats-de-jeudi-a-lopen-jeunes-de-tennis\/\",\"url\":\"https:\/\/newsestlyonnais.fr\/site\/2022\/10\/28\/meyzieu-les-resultats-de-jeudi-a-lopen-jeunes-de-tennis\/\",\"name\":\"MEYZIEU | Les r\u00e9sultats de jeudi \u00e0 l\u2019Open jeunes de tennis - News Est Lyonnais\",\"isPartOf\":{\"@id\":\"https:\/\/newsestlyonnais.fr\/site\/#website\"},\"primaryImageOfPage\":{\"@id\":\"https:\/\/newsestlyonnais.fr\/site\/2022\/10\/28\/meyzieu-les-resultats-de-jeudi-a-lopen-jeunes-de-tennis\/#primaryimage\"},\"image\":{\"@id\":\"https:\/\/newsestlyonnais.fr\/site\/2022\/10\/28\/meyzieu-les-resultats-de-jeudi-a-lopen-jeunes-de-tennis\/#primaryimage\"},\"thumbnailUrl\":\"https:\/\/newsestlyonnais.fr\/site\/wp-content\/uploads\/2020\/01\/NEWSESTLYONNAIS-TENNIS-DIVERS.jpg\",\"datePublished\":\"2022-10-28T04:00:00+00:00\",\"dateModified\":\"2022-10-30T07:02:09+00:00\",\"description\":\"MEYZIEU | Les r\u00e9sultats de jeudi \u00e0 l\u2019Open jeunes de tennis\",\"breadcrumb\":{\"@id\":\"https:\/\/newsestlyonnais.fr\/site\/2022\/10\/28\/meyzieu-les-resultats-de-jeudi-a-lopen-jeunes-de-tennis\/#breadcrumb\"},\"inLanguage\":\"fr-FR\",\"potentialAction\":[{\"@type\":\"ReadAction\",\"target\":[\"https:\/\/newsestlyonnais.fr\/site\/2022\/10\/28\/meyzieu-les-resultats-de-jeudi-a-lopen-jeunes-de-tennis\/\"]}]},{\"@type\":\"ImageObject\",\"inLanguage\":\"fr-FR\",\"@id\":\"https:\/\/newsestlyonnais.fr\/site\/2022\/10\/28\/meyzieu-les-resultats-de-jeudi-a-lopen-jeunes-de-tennis\/#primaryimage\",\"url\":\"https:\/\/newsestlyonnais.fr\/site\/wp-content\/uploads\/2020\/01\/NEWSESTLYONNAIS-TENNIS-DIVERS.jpg\",\"contentUrl\":\"https:\/\/newsestlyonnais.fr\/site\/wp-content\/uploads\/2020\/01\/NEWSESTLYONNAIS-TENNIS-DIVERS.jpg\",\"width\":178,\"height\":120},{\"@type\":\"BreadcrumbList\",\"@id\":\"https:\/\/newsestlyonnais.fr\/site\/2022\/10\/28\/meyzieu-les-resultats-de-jeudi-a-lopen-jeunes-de-tennis\/#breadcrumb\",\"itemListElement\":[{\"@type\":\"ListItem\",\"position\":1,\"name\":\"Accueil\",\"item\":\"https:\/\/newsestlyonnais.fr\/site\/\"},{\"@type\":\"ListItem\",\"position\":2,\"name\":\"MEYZIEU | Les r\u00e9sultats de jeudi \u00e0 l\u2019Open jeunes de tennis\"}]},{\"@type\":\"WebSite\",\"@id\":\"https:\/\/newsestlyonnais.fr\/site\/#website\",\"url\":\"https:\/\/newsestlyonnais.fr\/site\/\",\"name\":\"News Est Lyonnais\",\"description\":\"L&#039;actualit\u00e9 au plus pr\u00e8s\",\"publisher\":{\"@id\":\"https:\/\/newsestlyonnais.fr\/site\/#organization\"},\"potentialAction\":[{\"@type\":\"SearchAction\",\"target\":{\"@type\":\"EntryPoint\",\"urlTemplate\":\"https:\/\/newsestlyonnais.fr\/site\/?s={search_term_string}\"},\"query-input\":{\"@type\":\"PropertyValueSpecification\",\"valueRequired\":true,\"valueName\":\"search_term_string\"}}],\"inLanguage\":\"fr-FR\"},{\"@type\":\"Organization\",\"@id\":\"https:\/\/newsestlyonnais.fr\/site\/#organization\",\"name\":\"News EST LYONNAIS\",\"url\":\"https:\/\/newsestlyonnais.fr\/site\/\",\"logo\":{\"@type\":\"ImageObject\",\"inLanguage\":\"fr-FR\",\"@id\":\"https:\/\/newsestlyonnais.fr\/site\/#\/schema\/logo\/image\/\",\"url\":\"\",\"contentUrl\":\"\",\"caption\":\"News EST LYONNAIS\"},\"image\":{\"@id\":\"https:\/\/newsestlyonnais.fr\/site\/#\/schema\/logo\/image\/\"}},{\"@type\":\"Person\",\"@id\":\"https:\/\/newsestlyonnais.fr\/site\/#\/schema\/person\/3230d5615f390bb808365d673001e887\",\"name\":\"R\u00e9dac. NEWS\",\"sameAs\":[\"http:\/\/www.newsestlyonnais.fr\",\"https:\/\/www.facebook.com\/pascal.oberson.1?fref=ts\",\"https:\/\/fr.linkedin.com\/in\/pascal-oberson-b17045113\"],\"url\":\"https:\/\/newsestlyonnais.fr\/site\/author\/nel\/\"}]}<\/script>\n<!-- \/ Yoast SEO plugin. -->","yoast_head_json":{"title":"MEYZIEU | Les r\u00e9sultats de jeudi \u00e0 l\u2019Open jeunes de tennis - News Est Lyonnais","description":"MEYZIEU | Les r\u00e9sultats de jeudi \u00e0 l\u2019Open jeunes de tennis","robots":{"index":"index","follow":"follow","max-snippet":"max-snippet:-1","max-image-preview":"max-image-preview:large","max-video-preview":"max-video-preview:-1"},"canonical":"https:\/\/newsestlyonnais.fr\/site\/2022\/10\/28\/meyzieu-les-resultats-de-jeudi-a-lopen-jeunes-de-tennis\/","og_locale":"fr_FR","og_type":"article","og_title":"MEYZIEU | Les r\u00e9sultats de jeudi \u00e0 l\u2019Open jeunes de tennis - News Est Lyonnais","og_description":"MEYZIEU | Les r\u00e9sultats de jeudi \u00e0 l\u2019Open jeunes de tennis","og_url":"https:\/\/newsestlyonnais.fr\/site\/2022\/10\/28\/meyzieu-les-resultats-de-jeudi-a-lopen-jeunes-de-tennis\/","og_site_name":"News Est Lyonnais","article_author":"https:\/\/www.facebook.com\/pascal.oberson.1?fref=ts","article_published_time":"2022-10-28T04:00:00+00:00","article_modified_time":"2022-10-30T07:02:09+00:00","og_image":[{"width":178,"height":120,"url":"https:\/\/newsestlyonnais.fr\/site\/wp-content\/uploads\/2020\/01\/NEWSESTLYONNAIS-TENNIS-DIVERS.jpg","type":"image\/jpeg"}],"author":"R\u00e9dac. NEWS","twitter_card":"summary_large_image","twitter_misc":{"\u00c9crit par":"R\u00e9dac. NEWS","Dur\u00e9e de lecture estim\u00e9e":"1 minute"},"schema":{"@context":"https:\/\/schema.org","@graph":[{"@type":"Article","@id":"https:\/\/newsestlyonnais.fr\/site\/2022\/10\/28\/meyzieu-les-resultats-de-jeudi-a-lopen-jeunes-de-tennis\/#article","isPartOf":{"@id":"https:\/\/newsestlyonnais.fr\/site\/2022\/10\/28\/meyzieu-les-resultats-de-jeudi-a-lopen-jeunes-de-tennis\/"},"author":{"name":"R\u00e9dac. NEWS","@id":"https:\/\/newsestlyonnais.fr\/site\/#\/schema\/person\/3230d5615f390bb808365d673001e887"},"headline":"MEYZIEU | Les r\u00e9sultats de jeudi \u00e0 l\u2019Open jeunes de tennis","datePublished":"2022-10-28T04:00:00+00:00","dateModified":"2022-10-30T07:02:09+00:00","mainEntityOfPage":{"@id":"https:\/\/newsestlyonnais.fr\/site\/2022\/10\/28\/meyzieu-les-resultats-de-jeudi-a-lopen-jeunes-de-tennis\/"},"wordCount":125,"commentCount":0,"publisher":{"@id":"https:\/\/newsestlyonnais.fr\/site\/#organization"},"image":{"@id":"https:\/\/newsestlyonnais.fr\/site\/2022\/10\/28\/meyzieu-les-resultats-de-jeudi-a-lopen-jeunes-de-tennis\/#primaryimage"},"thumbnailUrl":"https:\/\/newsestlyonnais.fr\/site\/wp-content\/uploads\/2020\/01\/NEWSESTLYONNAIS-TENNIS-DIVERS.jpg","keywords":["MEYZIEU","MEYZIEU TENNIS","TENNIS"],"articleSection":["Meyzieu","Tennis | Padel","Tennis | Tennis de table"],"inLanguage":"fr-FR","potentialAction":[{"@type":"CommentAction","name":"Comment","target":["https:\/\/newsestlyonnais.fr\/site\/2022\/10\/28\/meyzieu-les-resultats-de-jeudi-a-lopen-jeunes-de-tennis\/#respond"]}]},{"@type":"WebPage","@id":"https:\/\/newsestlyonnais.fr\/site\/2022\/10\/28\/meyzieu-les-resultats-de-jeudi-a-lopen-jeunes-de-tennis\/","url":"https:\/\/newsestlyonnais.fr\/site\/2022\/10\/28\/meyzieu-les-resultats-de-jeudi-a-lopen-jeunes-de-tennis\/","name":"MEYZIEU | Les r\u00e9sultats de jeudi \u00e0 l\u2019Open jeunes de tennis - News Est Lyonnais","isPartOf":{"@id":"https:\/\/newsestlyonnais.fr\/site\/#website"},"primaryImageOfPage":{"@id":"https:\/\/newsestlyonnais.fr\/site\/2022\/10\/28\/meyzieu-les-resultats-de-jeudi-a-lopen-jeunes-de-tennis\/#primaryimage"},"image":{"@id":"https:\/\/newsestlyonnais.fr\/site\/2022\/10\/28\/meyzieu-les-resultats-de-jeudi-a-lopen-jeunes-de-tennis\/#primaryimage"},"thumbnailUrl":"https:\/\/newsestlyonnais.fr\/site\/wp-content\/uploads\/2020\/01\/NEWSESTLYONNAIS-TENNIS-DIVERS.jpg","datePublished":"2022-10-28T04:00:00+00:00","dateModified":"2022-10-30T07:02:09+00:00","description":"MEYZIEU | Les r\u00e9sultats de jeudi \u00e0 l\u2019Open jeunes de tennis","breadcrumb":{"@id":"https:\/\/newsestlyonnais.fr\/site\/2022\/10\/28\/meyzieu-les-resultats-de-jeudi-a-lopen-jeunes-de-tennis\/#breadcrumb"},"inLanguage":"fr-FR","potentialAction":[{"@type":"ReadAction","target":["https:\/\/newsestlyonnais.fr\/site\/2022\/10\/28\/meyzieu-les-resultats-de-jeudi-a-lopen-jeunes-de-tennis\/"]}]},{"@type":"ImageObject","inLanguage":"fr-FR","@id":"https:\/\/newsestlyonnais.fr\/site\/2022\/10\/28\/meyzieu-les-resultats-de-jeudi-a-lopen-jeunes-de-tennis\/#primaryimage","url":"https:\/\/newsestlyonnais.fr\/site\/wp-content\/uploads\/2020\/01\/NEWSESTLYONNAIS-TENNIS-DIVERS.jpg","contentUrl":"https:\/\/newsestlyonnais.fr\/site\/wp-content\/uploads\/2020\/01\/NEWSESTLYONNAIS-TENNIS-DIVERS.jpg","width":178,"height":120},{"@type":"BreadcrumbList","@id":"https:\/\/newsestlyonnais.fr\/site\/2022\/10\/28\/meyzieu-les-resultats-de-jeudi-a-lopen-jeunes-de-tennis\/#breadcrumb","itemListElement":[{"@type":"ListItem","position":1,"name":"Accueil","item":"https:\/\/newsestlyonnais.fr\/site\/"},{"@type":"ListItem","position":2,"name":"MEYZIEU | Les r\u00e9sultats de jeudi \u00e0 l\u2019Open jeunes de tennis"}]},{"@type":"WebSite","@id":"https:\/\/newsestlyonnais.fr\/site\/#website","url":"https:\/\/newsestlyonnais.fr\/site\/","name":"News Est Lyonnais","description":"L&#039;actualit\u00e9 au plus pr\u00e8s","publisher":{"@id":"https:\/\/newsestlyonnais.fr\/site\/#organization"},"potentialAction":[{"@type":"SearchAction","target":{"@type":"EntryPoint","urlTemplate":"https:\/\/newsestlyonnais.fr\/site\/?s={search_term_string}"},"query-input":{"@type":"PropertyValueSpecification","valueRequired":true,"valueName":"search_term_string"}}],"inLanguage":"fr-FR"},{"@type":"Organization","@id":"https:\/\/newsestlyonnais.fr\/site\/#organization","name":"News EST LYONNAIS","url":"https:\/\/newsestlyonnais.fr\/site\/","logo":{"@type":"ImageObject","inLanguage":"fr-FR","@id":"https:\/\/newsestlyonnais.fr\/site\/#\/schema\/logo\/image\/","url":"","contentUrl":"","caption":"News EST LYONNAIS"},"image":{"@id":"https:\/\/newsestlyonnais.fr\/site\/#\/schema\/logo\/image\/"}},{"@type":"Person","@id":"https:\/\/newsestlyonnais.fr\/site\/#\/schema\/person\/3230d5615f390bb808365d673001e887","name":"R\u00e9dac. NEWS","sameAs":["http:\/\/www.newsestlyonnais.fr","https:\/\/www.facebook.com\/pascal.oberson.1?fref=ts","https:\/\/fr.linkedin.com\/in\/pascal-oberson-b17045113"],"url":"https:\/\/newsestlyonnais.fr\/site\/author\/nel\/"}]}},"_links":{"self":[{"href":"https:\/\/newsestlyonnais.fr\/site\/wp-json\/wp\/v2\/posts\/167195","targetHints":{"allow":["GET"]}}],"collection":[{"href":"https:\/\/newsestlyonnais.fr\/site\/wp-json\/wp\/v2\/posts"}],"about":[{"href":"https:\/\/newsestlyonnais.fr\/site\/wp-json\/wp\/v2\/types\/post"}],"author":[{"embeddable":true,"href":"https:\/\/newsestlyonnais.fr\/site\/wp-json\/wp\/v2\/users\/4"}],"replies":[{"embeddable":true,"href":"https:\/\/newsestlyonnais.fr\/site\/wp-json\/wp\/v2\/comments?post=167195"}],"version-history":[{"count":0,"href":"https:\/\/newsestlyonnais.fr\/site\/wp-json\/wp\/v2\/posts\/167195\/revisions"}],"wp:featuredmedia":[{"embeddable":true,"href":"https:\/\/newsestlyonnais.fr\/site\/wp-json\/wp\/v2\/media\/92866"}],"wp:attachment":[{"href":"https:\/\/newsestlyonnais.fr\/site\/wp-json\/wp\/v2\/media?parent=167195"}],"wp:term":[{"taxonomy":"category","embeddable":true,"href":"https:\/\/newsestlyonnais.fr\/site\/wp-json\/wp\/v2\/categories?post=167195"},{"taxonomy":"post_tag","embeddable":true,"href":"https:\/\/newsestlyonnais.fr\/site\/wp-json\/wp\/v2\/tags?post=167195"}],"curies":[{"name":"wp","href":"https:\/\/api.w.org\/{rel}","templated":true}]}}