{"id":167229,"date":"2022-10-28T06:33:47","date_gmt":"2022-10-28T05:33:47","guid":{"rendered":"https:\/\/newsestlyonnais.fr\/site\/?p=167229"},"modified":"2022-10-28T14:44:29","modified_gmt":"2022-10-28T13:44:29","slug":"decines-meyzieu-athletisme-3-evenements-a-venir","status":"publish","type":"post","link":"https:\/\/newsestlyonnais.fr\/site\/2022\/10\/28\/decines-meyzieu-athletisme-3-evenements-a-venir\/","title":{"rendered":"DECINES-MEYZIEU Athl\u00e9tisme | 3 \u00e9v\u00e8nements \u00e0 venir"},"content":{"rendered":"<p><mark class=\"has-inline-color has-secondary-color\"><strong><span style=\"font-size: 14pt; background-color: #000000; color: #ffffff;\">Samedi 12 novembre \/ MEYZIEU &gt;&gt;&gt; LES ILLUMINES <\/span><br \/>\n<\/strong><\/mark><\/p>\n<p><img loading=\"lazy\" decoding=\"async\" class=\"alignleft size-medium wp-image-164381\" src=\"https:\/\/newsestlyonnais.fr\/site\/wp-content\/uploads\/2021\/11\/in0z7-400x148.jpg\" alt=\"\" width=\"400\" height=\"148\" srcset=\"https:\/\/newsestlyonnais.fr\/site\/wp-content\/uploads\/2021\/11\/in0z7-400x148.jpg 400w, https:\/\/newsestlyonnais.fr\/site\/wp-content\/uploads\/2021\/11\/in0z7-650x241.jpg 650w, https:\/\/newsestlyonnais.fr\/site\/wp-content\/uploads\/2021\/11\/in0z7-250x93.jpg 250w, https:\/\/newsestlyonnais.fr\/site\/wp-content\/uploads\/2021\/11\/in0z7-768x284.jpg 768w, https:\/\/newsestlyonnais.fr\/site\/wp-content\/uploads\/2021\/11\/in0z7-150x56.jpg 150w, https:\/\/newsestlyonnais.fr\/site\/wp-content\/uploads\/2021\/11\/in0z7-50x19.jpg 50w, https:\/\/newsestlyonnais.fr\/site\/wp-content\/uploads\/2021\/11\/in0z7-100x37.jpg 100w, https:\/\/newsestlyonnais.fr\/site\/wp-content\/uploads\/2021\/11\/in0z7-200x74.jpg 200w, https:\/\/newsestlyonnais.fr\/site\/wp-content\/uploads\/2021\/11\/in0z7-300x111.jpg 300w, https:\/\/newsestlyonnais.fr\/site\/wp-content\/uploads\/2021\/11\/in0z7-350x130.jpg 350w, https:\/\/newsestlyonnais.fr\/site\/wp-content\/uploads\/2021\/11\/in0z7-450x167.jpg 450w, https:\/\/newsestlyonnais.fr\/site\/wp-content\/uploads\/2021\/11\/in0z7-500x185.jpg 500w, https:\/\/newsestlyonnais.fr\/site\/wp-content\/uploads\/2021\/11\/in0z7-550x204.jpg 550w, https:\/\/newsestlyonnais.fr\/site\/wp-content\/uploads\/2021\/11\/in0z7-800x296.jpg 800w, https:\/\/newsestlyonnais.fr\/site\/wp-content\/uploads\/2021\/11\/in0z7.jpg 1200w\" sizes=\"auto, (max-width: 400px) 100vw, 400px\" \/><\/p>\n<p class=\"text-build-content\" style=\"margin: 7.5pt 0cm 7.5pt 0cm;\"><strong><span style=\"font-size: 10.5pt; font-family: 'Arial','sans-serif'; color: black;\">Au programme : <\/span><\/strong><\/p>\n<p class=\"text-build-content\" style=\"margin: 7.5pt 0cm 7.5pt 0cm;\"><span style=\"font-size: 10.5pt; font-family: 'Arial','sans-serif'; color: black;\">&#8211;\u00a0 3 distances (5, 14 et 24 km)<\/span><\/p>\n<p class=\"text-build-content\" style=\"margin: 7.5pt 0cm 7.5pt 0cm;\"><span style=\"font-size: 10.5pt; font-family: 'Arial','sans-serif'; color: black;\">&#8211; courses enfants <\/span><\/p>\n<p class=\"text-build-content\" style=\"margin: 7.5pt 0cm 7.5pt 0cm;\"><span style=\"font-size: 10.5pt; font-family: 'Arial','sans-serif'; color: black;\">&#8211; marche nordique.<\/span><\/p>\n<p><span style=\"color: #0000ff;\"><strong><a style=\"color: #0000ff;\" href=\"https:\/\/www.facebook.com\/lesilluminesdemeyzieu\">+ d&rsquo;infos<\/a> <\/strong><\/span><\/p>\n<hr \/>\n<p><span style=\"background-color: #000000; color: #ffffff; font-size: 14pt;\"><strong>Dimanche 11 d\u00e9cembre \/ DECINES &gt;&gt;&gt; TRAIL DU MAMELON <\/strong><\/span><\/p>\n<p>&gt; <strong>Trail ouvert aux non licenci\u00e9s \/ 9 h 45 \/ 10 km<\/strong><\/p>\n<p><span style=\"font-size: 14pt; background-color: #000000; color: #ffffff;\"><strong>Dimanche 11 d\u00e9cembre \/ DECINES &gt;&gt;&gt; CROSS DU MAMELON<\/strong><\/span><\/p>\n<p>&gt; <strong>A partir de 11 h \/ Parc du Mamelon.<\/strong><\/p>\n<div id='gallery-1' class='gallery galleryid-167229 gallery-columns-2 gallery-size-thumbnail'><figure class='gallery-item'>\n\t\t\t<div class='gallery-icon portrait'>\n\t\t\t\t<a href='https:\/\/newsestlyonnais.fr\/site\/i7tou\/'><img loading=\"lazy\" decoding=\"async\" width=\"106\" height=\"150\" src=\"https:\/\/newsestlyonnais.fr\/site\/wp-content\/uploads\/2022\/10\/i7tou-250x354.jpg\" class=\"attachment-thumbnail size-thumbnail\" alt=\"\" srcset=\"https:\/\/newsestlyonnais.fr\/site\/wp-content\/uploads\/2022\/10\/i7tou-250x354.jpg 250w, https:\/\/newsestlyonnais.fr\/site\/wp-content\/uploads\/2022\/10\/i7tou-400x566.jpg 400w, https:\/\/newsestlyonnais.fr\/site\/wp-content\/uploads\/2022\/10\/i7tou-650x920.jpg 650w, https:\/\/newsestlyonnais.fr\/site\/wp-content\/uploads\/2022\/10\/i7tou-768x1087.jpg 768w, https:\/\/newsestlyonnais.fr\/site\/wp-content\/uploads\/2022\/10\/i7tou-150x212.jpg 150w, https:\/\/newsestlyonnais.fr\/site\/wp-content\/uploads\/2022\/10\/i7tou-50x71.jpg 50w, https:\/\/newsestlyonnais.fr\/site\/wp-content\/uploads\/2022\/10\/i7tou-100x142.jpg 100w, https:\/\/newsestlyonnais.fr\/site\/wp-content\/uploads\/2022\/10\/i7tou-200x283.jpg 200w, https:\/\/newsestlyonnais.fr\/site\/wp-content\/uploads\/2022\/10\/i7tou-300x425.jpg 300w, https:\/\/newsestlyonnais.fr\/site\/wp-content\/uploads\/2022\/10\/i7tou-350x495.jpg 350w, https:\/\/newsestlyonnais.fr\/site\/wp-content\/uploads\/2022\/10\/i7tou-450x637.jpg 450w, https:\/\/newsestlyonnais.fr\/site\/wp-content\/uploads\/2022\/10\/i7tou-500x708.jpg 500w, https:\/\/newsestlyonnais.fr\/site\/wp-content\/uploads\/2022\/10\/i7tou-550x778.jpg 550w, https:\/\/newsestlyonnais.fr\/site\/wp-content\/uploads\/2022\/10\/i7tou-800x1132.jpg 800w, https:\/\/newsestlyonnais.fr\/site\/wp-content\/uploads\/2022\/10\/i7tou.jpg 848w\" sizes=\"auto, (max-width: 106px) 100vw, 106px\" \/><\/a>\n\t\t\t<\/div><\/figure><figure class='gallery-item'>\n\t\t\t<div class='gallery-icon portrait'>\n\t\t\t\t<a href='https:\/\/newsestlyonnais.fr\/site\/2022\/10\/28\/decines-meyzieu-athletisme-3-evenements-a-venir\/mamelon\/'><img loading=\"lazy\" decoding=\"async\" width=\"106\" height=\"150\" src=\"https:\/\/newsestlyonnais.fr\/site\/wp-content\/uploads\/2022\/10\/mamelon-250x355.jpg\" class=\"attachment-thumbnail size-thumbnail\" alt=\"\" srcset=\"https:\/\/newsestlyonnais.fr\/site\/wp-content\/uploads\/2022\/10\/mamelon-250x355.jpg 250w, https:\/\/newsestlyonnais.fr\/site\/wp-content\/uploads\/2022\/10\/mamelon-400x567.jpg 400w, https:\/\/newsestlyonnais.fr\/site\/wp-content\/uploads\/2022\/10\/mamelon-650x922.jpg 650w, https:\/\/newsestlyonnais.fr\/site\/wp-content\/uploads\/2022\/10\/mamelon-768x1089.jpg 768w, https:\/\/newsestlyonnais.fr\/site\/wp-content\/uploads\/2022\/10\/mamelon-150x213.jpg 150w, https:\/\/newsestlyonnais.fr\/site\/wp-content\/uploads\/2022\/10\/mamelon-50x71.jpg 50w, https:\/\/newsestlyonnais.fr\/site\/wp-content\/uploads\/2022\/10\/mamelon-100x142.jpg 100w, https:\/\/newsestlyonnais.fr\/site\/wp-content\/uploads\/2022\/10\/mamelon-200x284.jpg 200w, https:\/\/newsestlyonnais.fr\/site\/wp-content\/uploads\/2022\/10\/mamelon-300x426.jpg 300w, https:\/\/newsestlyonnais.fr\/site\/wp-content\/uploads\/2022\/10\/mamelon-350x496.jpg 350w, https:\/\/newsestlyonnais.fr\/site\/wp-content\/uploads\/2022\/10\/mamelon-450x638.jpg 450w, https:\/\/newsestlyonnais.fr\/site\/wp-content\/uploads\/2022\/10\/mamelon-500x709.jpg 500w, https:\/\/newsestlyonnais.fr\/site\/wp-content\/uploads\/2022\/10\/mamelon-550x780.jpg 550w, https:\/\/newsestlyonnais.fr\/site\/wp-content\/uploads\/2022\/10\/mamelon-800x1135.jpg 800w, https:\/\/newsestlyonnais.fr\/site\/wp-content\/uploads\/2022\/10\/mamelon.jpg 846w\" sizes=\"auto, (max-width: 106px) 100vw, 106px\" \/><\/a>\n\t\t\t<\/div><\/figure>\n\t\t<\/div>\n\n<hr \/>\n<p><span style=\"background-color: #000000; color: #ffcc00;\"><strong>Le <span style=\"color: #0000ff;\"><a style=\"color: #0000ff;\" href=\"https:\/\/decinesmeyzieuathle.fr\">D.M.A.<\/a><\/span> tiendra son assembl\u00e9e g\u00e9n\u00e9rale vendredi 25 novembre \/ 18 h 30 \/ Salle F\u00eates Meyzieu<\/strong><\/span><\/p>\n<p>&nbsp;<\/p>\n","protected":false},"excerpt":{"rendered":"<p>Trail nocturne des Illumin\u00e9s en novembre, trail et cross du Mamelon en d\u00e9cembre sont les moments forts de cette fin d&rsquo;ann\u00e9e sportive sur ces deux communes.<\/p>\n","protected":false},"author":4,"featured_media":93068,"comment_status":"open","ping_status":"open","sticky":false,"template":"","format":"standard","meta":{"footnotes":""},"categories":[2968,21,24,2],"tags":[3177,2116,2361,3875,2081,2078,4454],"class_list":["post-167229","post","type-post","status-publish","format-standard","has-post-thumbnail","hentry","category-athle-course-pied-marche","category-decines-charpieu","category-meyzieu","category-sports","tag-cross","tag-decines","tag-dma","tag-les-illumines","tag-meyzieu","tag-trail","tag-trail-du-mamelon"],"yoast_head":"<!-- This site is optimized with the Yoast SEO plugin v27.2 - https:\/\/yoast.com\/product\/yoast-seo-wordpress\/ -->\n<title>DECINES-MEYZIEU Athl\u00e9tisme | 3 \u00e9v\u00e8nements \u00e0 venir - News Est Lyonnais<\/title>\n<meta name=\"description\" content=\"DECINES-MEYZIEU Athl\u00e9tisme | 3 \u00e9v\u00e8nements \u00e0 venir\" \/>\n<meta name=\"robots\" content=\"index, follow, max-snippet:-1, max-image-preview:large, max-video-preview:-1\" \/>\n<link rel=\"canonical\" href=\"https:\/\/newsestlyonnais.fr\/site\/2022\/10\/28\/decines-meyzieu-athletisme-3-evenements-a-venir\/\" \/>\n<meta property=\"og:locale\" content=\"fr_FR\" \/>\n<meta property=\"og:type\" content=\"article\" \/>\n<meta property=\"og:title\" content=\"DECINES-MEYZIEU Athl\u00e9tisme | 3 \u00e9v\u00e8nements \u00e0 venir - News Est Lyonnais\" \/>\n<meta property=\"og:description\" content=\"DECINES-MEYZIEU Athl\u00e9tisme | 3 \u00e9v\u00e8nements \u00e0 venir\" \/>\n<meta property=\"og:url\" content=\"https:\/\/newsestlyonnais.fr\/site\/2022\/10\/28\/decines-meyzieu-athletisme-3-evenements-a-venir\/\" \/>\n<meta property=\"og:site_name\" content=\"News Est Lyonnais\" \/>\n<meta property=\"article:author\" content=\"https:\/\/www.facebook.com\/pascal.oberson.1?fref=ts\" \/>\n<meta property=\"article:published_time\" content=\"2022-10-28T05:33:47+00:00\" \/>\n<meta property=\"article:modified_time\" content=\"2022-10-28T13:44:29+00:00\" \/>\n<meta property=\"og:image\" content=\"https:\/\/newsestlyonnais.fr\/site\/wp-content\/uploads\/2020\/01\/NEWSESTLYONNAIS-CROSS-MAMELON-09-2.jpg\" \/>\n\t<meta property=\"og:image:width\" content=\"1200\" \/>\n\t<meta property=\"og:image:height\" content=\"800\" \/>\n\t<meta property=\"og:image:type\" content=\"image\/jpeg\" \/>\n<meta name=\"author\" content=\"R\u00e9dac. NEWS\" \/>\n<meta name=\"twitter:card\" content=\"summary_large_image\" \/>\n<meta name=\"twitter:label1\" content=\"\u00c9crit par\" \/>\n\t<meta name=\"twitter:data1\" content=\"R\u00e9dac. NEWS\" \/>\n\t<meta name=\"twitter:label2\" content=\"Dur\u00e9e de lecture estim\u00e9e\" \/>\n\t<meta name=\"twitter:data2\" content=\"1 minute\" \/>\n<script type=\"application\/ld+json\" class=\"yoast-schema-graph\">{\"@context\":\"https:\/\/schema.org\",\"@graph\":[{\"@type\":\"Article\",\"@id\":\"https:\/\/newsestlyonnais.fr\/site\/2022\/10\/28\/decines-meyzieu-athletisme-3-evenements-a-venir\/#article\",\"isPartOf\":{\"@id\":\"https:\/\/newsestlyonnais.fr\/site\/2022\/10\/28\/decines-meyzieu-athletisme-3-evenements-a-venir\/\"},\"author\":{\"name\":\"R\u00e9dac. NEWS\",\"@id\":\"https:\/\/newsestlyonnais.fr\/site\/#\/schema\/person\/3230d5615f390bb808365d673001e887\"},\"headline\":\"DECINES-MEYZIEU Athl\u00e9tisme | 3 \u00e9v\u00e8nements \u00e0 venir\",\"datePublished\":\"2022-10-28T05:33:47+00:00\",\"dateModified\":\"2022-10-28T13:44:29+00:00\",\"mainEntityOfPage\":{\"@id\":\"https:\/\/newsestlyonnais.fr\/site\/2022\/10\/28\/decines-meyzieu-athletisme-3-evenements-a-venir\/\"},\"wordCount\":89,\"commentCount\":0,\"publisher\":{\"@id\":\"https:\/\/newsestlyonnais.fr\/site\/#organization\"},\"image\":{\"@id\":\"https:\/\/newsestlyonnais.fr\/site\/2022\/10\/28\/decines-meyzieu-athletisme-3-evenements-a-venir\/#primaryimage\"},\"thumbnailUrl\":\"https:\/\/newsestlyonnais.fr\/site\/wp-content\/uploads\/2020\/01\/NEWSESTLYONNAIS-CROSS-MAMELON-09-2.jpg\",\"keywords\":[\"CROSS\",\"DECINES\",\"DMA\",\"LES ILLUMINES\",\"MEYZIEU\",\"TRAIL\",\"TRAIL DU MAMELON\"],\"articleSection\":[\"Athl\u00e9 | Course pied | Marche\",\"D\u00e9cines-Charpieu\",\"Meyzieu\",\"Sports\"],\"inLanguage\":\"fr-FR\",\"potentialAction\":[{\"@type\":\"CommentAction\",\"name\":\"Comment\",\"target\":[\"https:\/\/newsestlyonnais.fr\/site\/2022\/10\/28\/decines-meyzieu-athletisme-3-evenements-a-venir\/#respond\"]}]},{\"@type\":\"WebPage\",\"@id\":\"https:\/\/newsestlyonnais.fr\/site\/2022\/10\/28\/decines-meyzieu-athletisme-3-evenements-a-venir\/\",\"url\":\"https:\/\/newsestlyonnais.fr\/site\/2022\/10\/28\/decines-meyzieu-athletisme-3-evenements-a-venir\/\",\"name\":\"DECINES-MEYZIEU Athl\u00e9tisme | 3 \u00e9v\u00e8nements \u00e0 venir - News Est Lyonnais\",\"isPartOf\":{\"@id\":\"https:\/\/newsestlyonnais.fr\/site\/#website\"},\"primaryImageOfPage\":{\"@id\":\"https:\/\/newsestlyonnais.fr\/site\/2022\/10\/28\/decines-meyzieu-athletisme-3-evenements-a-venir\/#primaryimage\"},\"image\":{\"@id\":\"https:\/\/newsestlyonnais.fr\/site\/2022\/10\/28\/decines-meyzieu-athletisme-3-evenements-a-venir\/#primaryimage\"},\"thumbnailUrl\":\"https:\/\/newsestlyonnais.fr\/site\/wp-content\/uploads\/2020\/01\/NEWSESTLYONNAIS-CROSS-MAMELON-09-2.jpg\",\"datePublished\":\"2022-10-28T05:33:47+00:00\",\"dateModified\":\"2022-10-28T13:44:29+00:00\",\"description\":\"DECINES-MEYZIEU Athl\u00e9tisme | 3 \u00e9v\u00e8nements \u00e0 venir\",\"breadcrumb\":{\"@id\":\"https:\/\/newsestlyonnais.fr\/site\/2022\/10\/28\/decines-meyzieu-athletisme-3-evenements-a-venir\/#breadcrumb\"},\"inLanguage\":\"fr-FR\",\"potentialAction\":[{\"@type\":\"ReadAction\",\"target\":[\"https:\/\/newsestlyonnais.fr\/site\/2022\/10\/28\/decines-meyzieu-athletisme-3-evenements-a-venir\/\"]}]},{\"@type\":\"ImageObject\",\"inLanguage\":\"fr-FR\",\"@id\":\"https:\/\/newsestlyonnais.fr\/site\/2022\/10\/28\/decines-meyzieu-athletisme-3-evenements-a-venir\/#primaryimage\",\"url\":\"https:\/\/newsestlyonnais.fr\/site\/wp-content\/uploads\/2020\/01\/NEWSESTLYONNAIS-CROSS-MAMELON-09-2.jpg\",\"contentUrl\":\"https:\/\/newsestlyonnais.fr\/site\/wp-content\/uploads\/2020\/01\/NEWSESTLYONNAIS-CROSS-MAMELON-09-2.jpg\",\"width\":1200,\"height\":800},{\"@type\":\"BreadcrumbList\",\"@id\":\"https:\/\/newsestlyonnais.fr\/site\/2022\/10\/28\/decines-meyzieu-athletisme-3-evenements-a-venir\/#breadcrumb\",\"itemListElement\":[{\"@type\":\"ListItem\",\"position\":1,\"name\":\"Accueil\",\"item\":\"https:\/\/newsestlyonnais.fr\/site\/\"},{\"@type\":\"ListItem\",\"position\":2,\"name\":\"DECINES-MEYZIEU Athl\u00e9tisme | 3 \u00e9v\u00e8nements \u00e0 venir\"}]},{\"@type\":\"WebSite\",\"@id\":\"https:\/\/newsestlyonnais.fr\/site\/#website\",\"url\":\"https:\/\/newsestlyonnais.fr\/site\/\",\"name\":\"News Est Lyonnais\",\"description\":\"L&#039;actualit\u00e9 au plus pr\u00e8s\",\"publisher\":{\"@id\":\"https:\/\/newsestlyonnais.fr\/site\/#organization\"},\"potentialAction\":[{\"@type\":\"SearchAction\",\"target\":{\"@type\":\"EntryPoint\",\"urlTemplate\":\"https:\/\/newsestlyonnais.fr\/site\/?s={search_term_string}\"},\"query-input\":{\"@type\":\"PropertyValueSpecification\",\"valueRequired\":true,\"valueName\":\"search_term_string\"}}],\"inLanguage\":\"fr-FR\"},{\"@type\":\"Organization\",\"@id\":\"https:\/\/newsestlyonnais.fr\/site\/#organization\",\"name\":\"News EST LYONNAIS\",\"url\":\"https:\/\/newsestlyonnais.fr\/site\/\",\"logo\":{\"@type\":\"ImageObject\",\"inLanguage\":\"fr-FR\",\"@id\":\"https:\/\/newsestlyonnais.fr\/site\/#\/schema\/logo\/image\/\",\"url\":\"\",\"contentUrl\":\"\",\"caption\":\"News EST LYONNAIS\"},\"image\":{\"@id\":\"https:\/\/newsestlyonnais.fr\/site\/#\/schema\/logo\/image\/\"}},{\"@type\":\"Person\",\"@id\":\"https:\/\/newsestlyonnais.fr\/site\/#\/schema\/person\/3230d5615f390bb808365d673001e887\",\"name\":\"R\u00e9dac. NEWS\",\"sameAs\":[\"http:\/\/www.newsestlyonnais.fr\",\"https:\/\/www.facebook.com\/pascal.oberson.1?fref=ts\",\"https:\/\/fr.linkedin.com\/in\/pascal-oberson-b17045113\"],\"url\":\"https:\/\/newsestlyonnais.fr\/site\/author\/nel\/\"}]}<\/script>\n<!-- \/ Yoast SEO plugin. -->","yoast_head_json":{"title":"DECINES-MEYZIEU Athl\u00e9tisme | 3 \u00e9v\u00e8nements \u00e0 venir - News Est Lyonnais","description":"DECINES-MEYZIEU Athl\u00e9tisme | 3 \u00e9v\u00e8nements \u00e0 venir","robots":{"index":"index","follow":"follow","max-snippet":"max-snippet:-1","max-image-preview":"max-image-preview:large","max-video-preview":"max-video-preview:-1"},"canonical":"https:\/\/newsestlyonnais.fr\/site\/2022\/10\/28\/decines-meyzieu-athletisme-3-evenements-a-venir\/","og_locale":"fr_FR","og_type":"article","og_title":"DECINES-MEYZIEU Athl\u00e9tisme | 3 \u00e9v\u00e8nements \u00e0 venir - News Est Lyonnais","og_description":"DECINES-MEYZIEU Athl\u00e9tisme | 3 \u00e9v\u00e8nements \u00e0 venir","og_url":"https:\/\/newsestlyonnais.fr\/site\/2022\/10\/28\/decines-meyzieu-athletisme-3-evenements-a-venir\/","og_site_name":"News Est Lyonnais","article_author":"https:\/\/www.facebook.com\/pascal.oberson.1?fref=ts","article_published_time":"2022-10-28T05:33:47+00:00","article_modified_time":"2022-10-28T13:44:29+00:00","og_image":[{"width":1200,"height":800,"url":"https:\/\/newsestlyonnais.fr\/site\/wp-content\/uploads\/2020\/01\/NEWSESTLYONNAIS-CROSS-MAMELON-09-2.jpg","type":"image\/jpeg"}],"author":"R\u00e9dac. NEWS","twitter_card":"summary_large_image","twitter_misc":{"\u00c9crit par":"R\u00e9dac. NEWS","Dur\u00e9e de lecture estim\u00e9e":"1 minute"},"schema":{"@context":"https:\/\/schema.org","@graph":[{"@type":"Article","@id":"https:\/\/newsestlyonnais.fr\/site\/2022\/10\/28\/decines-meyzieu-athletisme-3-evenements-a-venir\/#article","isPartOf":{"@id":"https:\/\/newsestlyonnais.fr\/site\/2022\/10\/28\/decines-meyzieu-athletisme-3-evenements-a-venir\/"},"author":{"name":"R\u00e9dac. NEWS","@id":"https:\/\/newsestlyonnais.fr\/site\/#\/schema\/person\/3230d5615f390bb808365d673001e887"},"headline":"DECINES-MEYZIEU Athl\u00e9tisme | 3 \u00e9v\u00e8nements \u00e0 venir","datePublished":"2022-10-28T05:33:47+00:00","dateModified":"2022-10-28T13:44:29+00:00","mainEntityOfPage":{"@id":"https:\/\/newsestlyonnais.fr\/site\/2022\/10\/28\/decines-meyzieu-athletisme-3-evenements-a-venir\/"},"wordCount":89,"commentCount":0,"publisher":{"@id":"https:\/\/newsestlyonnais.fr\/site\/#organization"},"image":{"@id":"https:\/\/newsestlyonnais.fr\/site\/2022\/10\/28\/decines-meyzieu-athletisme-3-evenements-a-venir\/#primaryimage"},"thumbnailUrl":"https:\/\/newsestlyonnais.fr\/site\/wp-content\/uploads\/2020\/01\/NEWSESTLYONNAIS-CROSS-MAMELON-09-2.jpg","keywords":["CROSS","DECINES","DMA","LES ILLUMINES","MEYZIEU","TRAIL","TRAIL DU MAMELON"],"articleSection":["Athl\u00e9 | Course pied | Marche","D\u00e9cines-Charpieu","Meyzieu","Sports"],"inLanguage":"fr-FR","potentialAction":[{"@type":"CommentAction","name":"Comment","target":["https:\/\/newsestlyonnais.fr\/site\/2022\/10\/28\/decines-meyzieu-athletisme-3-evenements-a-venir\/#respond"]}]},{"@type":"WebPage","@id":"https:\/\/newsestlyonnais.fr\/site\/2022\/10\/28\/decines-meyzieu-athletisme-3-evenements-a-venir\/","url":"https:\/\/newsestlyonnais.fr\/site\/2022\/10\/28\/decines-meyzieu-athletisme-3-evenements-a-venir\/","name":"DECINES-MEYZIEU Athl\u00e9tisme | 3 \u00e9v\u00e8nements \u00e0 venir - News Est Lyonnais","isPartOf":{"@id":"https:\/\/newsestlyonnais.fr\/site\/#website"},"primaryImageOfPage":{"@id":"https:\/\/newsestlyonnais.fr\/site\/2022\/10\/28\/decines-meyzieu-athletisme-3-evenements-a-venir\/#primaryimage"},"image":{"@id":"https:\/\/newsestlyonnais.fr\/site\/2022\/10\/28\/decines-meyzieu-athletisme-3-evenements-a-venir\/#primaryimage"},"thumbnailUrl":"https:\/\/newsestlyonnais.fr\/site\/wp-content\/uploads\/2020\/01\/NEWSESTLYONNAIS-CROSS-MAMELON-09-2.jpg","datePublished":"2022-10-28T05:33:47+00:00","dateModified":"2022-10-28T13:44:29+00:00","description":"DECINES-MEYZIEU Athl\u00e9tisme | 3 \u00e9v\u00e8nements \u00e0 venir","breadcrumb":{"@id":"https:\/\/newsestlyonnais.fr\/site\/2022\/10\/28\/decines-meyzieu-athletisme-3-evenements-a-venir\/#breadcrumb"},"inLanguage":"fr-FR","potentialAction":[{"@type":"ReadAction","target":["https:\/\/newsestlyonnais.fr\/site\/2022\/10\/28\/decines-meyzieu-athletisme-3-evenements-a-venir\/"]}]},{"@type":"ImageObject","inLanguage":"fr-FR","@id":"https:\/\/newsestlyonnais.fr\/site\/2022\/10\/28\/decines-meyzieu-athletisme-3-evenements-a-venir\/#primaryimage","url":"https:\/\/newsestlyonnais.fr\/site\/wp-content\/uploads\/2020\/01\/NEWSESTLYONNAIS-CROSS-MAMELON-09-2.jpg","contentUrl":"https:\/\/newsestlyonnais.fr\/site\/wp-content\/uploads\/2020\/01\/NEWSESTLYONNAIS-CROSS-MAMELON-09-2.jpg","width":1200,"height":800},{"@type":"BreadcrumbList","@id":"https:\/\/newsestlyonnais.fr\/site\/2022\/10\/28\/decines-meyzieu-athletisme-3-evenements-a-venir\/#breadcrumb","itemListElement":[{"@type":"ListItem","position":1,"name":"Accueil","item":"https:\/\/newsestlyonnais.fr\/site\/"},{"@type":"ListItem","position":2,"name":"DECINES-MEYZIEU Athl\u00e9tisme | 3 \u00e9v\u00e8nements \u00e0 venir"}]},{"@type":"WebSite","@id":"https:\/\/newsestlyonnais.fr\/site\/#website","url":"https:\/\/newsestlyonnais.fr\/site\/","name":"News Est Lyonnais","description":"L&#039;actualit\u00e9 au plus pr\u00e8s","publisher":{"@id":"https:\/\/newsestlyonnais.fr\/site\/#organization"},"potentialAction":[{"@type":"SearchAction","target":{"@type":"EntryPoint","urlTemplate":"https:\/\/newsestlyonnais.fr\/site\/?s={search_term_string}"},"query-input":{"@type":"PropertyValueSpecification","valueRequired":true,"valueName":"search_term_string"}}],"inLanguage":"fr-FR"},{"@type":"Organization","@id":"https:\/\/newsestlyonnais.fr\/site\/#organization","name":"News EST LYONNAIS","url":"https:\/\/newsestlyonnais.fr\/site\/","logo":{"@type":"ImageObject","inLanguage":"fr-FR","@id":"https:\/\/newsestlyonnais.fr\/site\/#\/schema\/logo\/image\/","url":"","contentUrl":"","caption":"News EST LYONNAIS"},"image":{"@id":"https:\/\/newsestlyonnais.fr\/site\/#\/schema\/logo\/image\/"}},{"@type":"Person","@id":"https:\/\/newsestlyonnais.fr\/site\/#\/schema\/person\/3230d5615f390bb808365d673001e887","name":"R\u00e9dac. NEWS","sameAs":["http:\/\/www.newsestlyonnais.fr","https:\/\/www.facebook.com\/pascal.oberson.1?fref=ts","https:\/\/fr.linkedin.com\/in\/pascal-oberson-b17045113"],"url":"https:\/\/newsestlyonnais.fr\/site\/author\/nel\/"}]}},"_links":{"self":[{"href":"https:\/\/newsestlyonnais.fr\/site\/wp-json\/wp\/v2\/posts\/167229","targetHints":{"allow":["GET"]}}],"collection":[{"href":"https:\/\/newsestlyonnais.fr\/site\/wp-json\/wp\/v2\/posts"}],"about":[{"href":"https:\/\/newsestlyonnais.fr\/site\/wp-json\/wp\/v2\/types\/post"}],"author":[{"embeddable":true,"href":"https:\/\/newsestlyonnais.fr\/site\/wp-json\/wp\/v2\/users\/4"}],"replies":[{"embeddable":true,"href":"https:\/\/newsestlyonnais.fr\/site\/wp-json\/wp\/v2\/comments?post=167229"}],"version-history":[{"count":0,"href":"https:\/\/newsestlyonnais.fr\/site\/wp-json\/wp\/v2\/posts\/167229\/revisions"}],"wp:featuredmedia":[{"embeddable":true,"href":"https:\/\/newsestlyonnais.fr\/site\/wp-json\/wp\/v2\/media\/93068"}],"wp:attachment":[{"href":"https:\/\/newsestlyonnais.fr\/site\/wp-json\/wp\/v2\/media?parent=167229"}],"wp:term":[{"taxonomy":"category","embeddable":true,"href":"https:\/\/newsestlyonnais.fr\/site\/wp-json\/wp\/v2\/categories?post=167229"},{"taxonomy":"post_tag","embeddable":true,"href":"https:\/\/newsestlyonnais.fr\/site\/wp-json\/wp\/v2\/tags?post=167229"}],"curies":[{"name":"wp","href":"https:\/\/api.w.org\/{rel}","templated":true}]}}