{"id":167531,"date":"2022-11-03T15:29:08","date_gmt":"2022-11-03T14:29:08","guid":{"rendered":"https:\/\/newsestlyonnais.fr\/site\/?p=167531"},"modified":"2022-11-03T15:29:08","modified_gmt":"2022-11-03T14:29:08","slug":"vaulx-en-velin-les-vaudais-simposent-au-challenge-dautomne-de-voile","status":"publish","type":"post","link":"https:\/\/newsestlyonnais.fr\/site\/2022\/11\/03\/vaulx-en-velin-les-vaudais-simposent-au-challenge-dautomne-de-voile\/","title":{"rendered":"VAULX-EN-VELIN | Les vaudais s&rsquo;imposent au Challenge d&rsquo;Automne de voile"},"content":{"rendered":"<p><strong>Le club pr\u00e9sid\u00e9 par Philippe Buin a r\u00e9dig\u00e9 un compte rendu suite \u00e0 l&rsquo;organisation de cette \u00e9preuve :<\/strong><\/p>\n<p>\u00a0\u00bb Malgr\u00e9 une incertitude m\u00e9t\u00e9orologique, (coup de vent annonc\u00e9 pour le dimanche) ce Challenge fut une r\u00e9ussite.<br \/>\n<strong>14 bateaux \u00e9taient inscrits dont 6 de la section voile<\/strong>. En pr\u00e9vision d\u2019une annulation des courses le dimanche, le comit\u00e9 course a pu envoyer un total de <strong>4 manches le samedi<\/strong> . La r\u00e9gate \u00e9tait assur\u00e9e pour le plus grand plaisir des concurrents .<br \/>\nUn vent assez fort et relativement constant, du soleil et une chaleur assez inhabituelle pour ce mois d\u2019octobre sont des param\u00e8tres que nous adorons pour une r\u00e9gate.<\/p>\n<p>Merci au comit\u00e9 course (sous la pr\u00e9sidence d\u2019Alain ) et G\u00e9raldine pour sa disponibilit\u00e9 pour exercer l\u2019arbitrage. Merci aux b\u00e9n\u00e9voles de la section voile pour l\u2019organisation de ce week-end fort appr\u00e9ci\u00e9 des concurrents (Catherine, Nicole, Renaud, Bernard, Jean Claude C, Jean-Claude N, Vincent, Patrick, Julien, Pierre, Philippe,)<\/p>\n<p>Les \u00e9preuves ont \u00e9t\u00e9 concentr\u00e9es sur le samedi, 4 courses se sont d\u00e9roul\u00e9es de 13 h 30 \u00e0 18 h (3 bananes et un triangle) .Le dimanche, la m\u00e9t\u00e9o (vent violent) a impos\u00e9 l\u2019arr\u00eat de la comp\u00e9tition.<\/p>\n<hr \/>\n<p><span style=\"background-color: #000000; color: #ffffff;\"><strong><img loading=\"lazy\" decoding=\"async\" class=\"alignleft size-full wp-image-167902\" src=\"https:\/\/newsestlyonnais.fr\/site\/wp-content\/uploads\/2022\/11\/313272315_5190846591020210_6289934782543031670_n.jpg\" alt=\"\" width=\"270\" height=\"600\" srcset=\"https:\/\/newsestlyonnais.fr\/site\/wp-content\/uploads\/2022\/11\/313272315_5190846591020210_6289934782543031670_n.jpg 270w, https:\/\/newsestlyonnais.fr\/site\/wp-content\/uploads\/2022\/11\/313272315_5190846591020210_6289934782543031670_n-250x556.jpg 250w, https:\/\/newsestlyonnais.fr\/site\/wp-content\/uploads\/2022\/11\/313272315_5190846591020210_6289934782543031670_n-150x333.jpg 150w, https:\/\/newsestlyonnais.fr\/site\/wp-content\/uploads\/2022\/11\/313272315_5190846591020210_6289934782543031670_n-50x111.jpg 50w, https:\/\/newsestlyonnais.fr\/site\/wp-content\/uploads\/2022\/11\/313272315_5190846591020210_6289934782543031670_n-100x222.jpg 100w, https:\/\/newsestlyonnais.fr\/site\/wp-content\/uploads\/2022\/11\/313272315_5190846591020210_6289934782543031670_n-200x444.jpg 200w\" sizes=\"auto, (max-width: 270px) 100vw, 270px\" \/>Remise des prix<\/strong><\/span><\/p>\n<p>Une coupe pour Serge, pour l\u2019encourager \u00e0 continuer dans cette voie car c\u2019\u00e9tait sa premi\u00e8re r\u00e9gate (sur Le Rafiot avec Jean Claude) CNVV.<\/p>\n<p>Une coupe pour l\u2019\u00e9quipage enti\u00e8rement f\u00e9minin de Goupil (First Class 7 de Grand Largue) Sylvie, Anne, Estelle et S\u00e9gol\u00e8ne..<\/p>\n<p><strong>Et enfin les vainqueurs de cette \u00e9preuve Eug\u00e8ne et Alain du CNVV sur Paille-en-queue.<\/strong><\/p>\n<p>Merci \u00e0 tous les clubs pour leur participation \u00e0 ce Challenge d\u2019Automne 2022. Tous \u00e9taient repr\u00e9sent\u00e9s\u00a0\u00bb .<\/p>\n<hr \/>\n<p><span style=\"font-size: 14pt;\"><span style=\"background-color: #000000; color: #ffffff;\">Photos et classement complet <\/span>:<\/span><\/p>\n<p><span style=\"color: #0000ff;\"><a style=\"color: #0000ff;\" href=\"https:\/\/cnvv.fr\/file\/articles_2022\/Challenge_dAUTOMNE_2022bis.pdf\"><span style=\"font-size: 10pt;\">https:\/\/cnvv.fr\/file\/articles_2022\/Challenge_dAUTOMNE_2022bis.pdf<\/span><\/a><\/span><\/p>\n<hr \/>\n<hr \/>\n<p>&nbsp;<\/p>\n","protected":false},"excerpt":{"rendered":"<p>Une comp\u00e9tition organis\u00e9e les 22 &#038; 23 octobre derniers par le Club Nautique de Vaulx-en-Velin, section voile de la MJC.<\/p>\n","protected":false},"author":4,"featured_media":167911,"comment_status":"open","ping_status":"open","sticky":false,"template":"","format":"standard","meta":{"footnotes":""},"categories":[2973,3003,2,28,1349],"tags":[2487,2006,2122],"class_list":["post-167531","post","type-post","status-publish","format-standard","has-post-thumbnail","hentry","category-aviron-kayak-voile-sports","category-bibliotheque-mediatheque-mjc","category-sports","category-vaulx-en-velin","category-voile","tag-cnvv","tag-vaulx-en-velin","tag-voile"],"yoast_head":"<!-- This site is optimized with the Yoast SEO plugin v27.2 - https:\/\/yoast.com\/product\/yoast-seo-wordpress\/ -->\n<title>VAULX-EN-VELIN | Les vaudais s&#039;imposent au Challenge d&#039;Automne de voile - News Est Lyonnais<\/title>\n<meta name=\"description\" content=\"VAULX-EN-VELIN | Les vaudais s&#039;imposent au Challenge d&#039;Automne de voile\" \/>\n<meta name=\"robots\" content=\"index, follow, max-snippet:-1, max-image-preview:large, max-video-preview:-1\" \/>\n<link rel=\"canonical\" href=\"https:\/\/newsestlyonnais.fr\/site\/2022\/11\/03\/vaulx-en-velin-les-vaudais-simposent-au-challenge-dautomne-de-voile\/\" \/>\n<meta property=\"og:locale\" content=\"fr_FR\" \/>\n<meta property=\"og:type\" content=\"article\" \/>\n<meta property=\"og:title\" content=\"VAULX-EN-VELIN | Les vaudais s&#039;imposent au Challenge d&#039;Automne de voile - News Est Lyonnais\" \/>\n<meta property=\"og:description\" content=\"VAULX-EN-VELIN | Les vaudais s&#039;imposent au Challenge d&#039;Automne de voile\" \/>\n<meta property=\"og:url\" content=\"https:\/\/newsestlyonnais.fr\/site\/2022\/11\/03\/vaulx-en-velin-les-vaudais-simposent-au-challenge-dautomne-de-voile\/\" \/>\n<meta property=\"og:site_name\" content=\"News Est Lyonnais\" \/>\n<meta property=\"article:author\" content=\"https:\/\/www.facebook.com\/pascal.oberson.1?fref=ts\" \/>\n<meta property=\"article:published_time\" content=\"2022-11-03T14:29:08+00:00\" \/>\n<meta property=\"og:image\" content=\"https:\/\/newsestlyonnais.fr\/site\/wp-content\/uploads\/2022\/11\/Challenge-d-AUTOMNE-2022bisb-page-001_1_OCR.jpg\" \/>\n\t<meta property=\"og:image:width\" content=\"1103\" \/>\n\t<meta property=\"og:image:height\" content=\"470\" \/>\n\t<meta property=\"og:image:type\" content=\"image\/jpeg\" \/>\n<meta name=\"author\" content=\"R\u00e9dac. NEWS\" \/>\n<meta name=\"twitter:card\" content=\"summary_large_image\" \/>\n<meta name=\"twitter:label1\" content=\"\u00c9crit par\" \/>\n\t<meta name=\"twitter:data1\" content=\"R\u00e9dac. NEWS\" \/>\n\t<meta name=\"twitter:label2\" content=\"Dur\u00e9e de lecture estim\u00e9e\" \/>\n\t<meta name=\"twitter:data2\" content=\"2 minutes\" \/>\n<script type=\"application\/ld+json\" class=\"yoast-schema-graph\">{\"@context\":\"https:\/\/schema.org\",\"@graph\":[{\"@type\":\"Article\",\"@id\":\"https:\/\/newsestlyonnais.fr\/site\/2022\/11\/03\/vaulx-en-velin-les-vaudais-simposent-au-challenge-dautomne-de-voile\/#article\",\"isPartOf\":{\"@id\":\"https:\/\/newsestlyonnais.fr\/site\/2022\/11\/03\/vaulx-en-velin-les-vaudais-simposent-au-challenge-dautomne-de-voile\/\"},\"author\":{\"name\":\"R\u00e9dac. NEWS\",\"@id\":\"https:\/\/newsestlyonnais.fr\/site\/#\/schema\/person\/3230d5615f390bb808365d673001e887\"},\"headline\":\"VAULX-EN-VELIN | Les vaudais s&rsquo;imposent au Challenge d&rsquo;Automne de voile\",\"datePublished\":\"2022-11-03T14:29:08+00:00\",\"mainEntityOfPage\":{\"@id\":\"https:\/\/newsestlyonnais.fr\/site\/2022\/11\/03\/vaulx-en-velin-les-vaudais-simposent-au-challenge-dautomne-de-voile\/\"},\"wordCount\":312,\"commentCount\":0,\"publisher\":{\"@id\":\"https:\/\/newsestlyonnais.fr\/site\/#organization\"},\"image\":{\"@id\":\"https:\/\/newsestlyonnais.fr\/site\/2022\/11\/03\/vaulx-en-velin-les-vaudais-simposent-au-challenge-dautomne-de-voile\/#primaryimage\"},\"thumbnailUrl\":\"https:\/\/newsestlyonnais.fr\/site\/wp-content\/uploads\/2022\/11\/Challenge-d-AUTOMNE-2022bisb-page-001_1_OCR.jpg\",\"keywords\":[\"CNVV\",\"VAULX EN VELIN\",\"VOILE\"],\"articleSection\":[\"Aviron | Kayak | Voile\",\"Biblioth\u00e8que | M\u00e9diath\u00e8que | MJC\",\"Sports\",\"Vaulx-en-Velin\",\"Voile\"],\"inLanguage\":\"fr-FR\",\"potentialAction\":[{\"@type\":\"CommentAction\",\"name\":\"Comment\",\"target\":[\"https:\/\/newsestlyonnais.fr\/site\/2022\/11\/03\/vaulx-en-velin-les-vaudais-simposent-au-challenge-dautomne-de-voile\/#respond\"]}]},{\"@type\":\"WebPage\",\"@id\":\"https:\/\/newsestlyonnais.fr\/site\/2022\/11\/03\/vaulx-en-velin-les-vaudais-simposent-au-challenge-dautomne-de-voile\/\",\"url\":\"https:\/\/newsestlyonnais.fr\/site\/2022\/11\/03\/vaulx-en-velin-les-vaudais-simposent-au-challenge-dautomne-de-voile\/\",\"name\":\"VAULX-EN-VELIN | Les vaudais s'imposent au Challenge d'Automne de voile - News Est Lyonnais\",\"isPartOf\":{\"@id\":\"https:\/\/newsestlyonnais.fr\/site\/#website\"},\"primaryImageOfPage\":{\"@id\":\"https:\/\/newsestlyonnais.fr\/site\/2022\/11\/03\/vaulx-en-velin-les-vaudais-simposent-au-challenge-dautomne-de-voile\/#primaryimage\"},\"image\":{\"@id\":\"https:\/\/newsestlyonnais.fr\/site\/2022\/11\/03\/vaulx-en-velin-les-vaudais-simposent-au-challenge-dautomne-de-voile\/#primaryimage\"},\"thumbnailUrl\":\"https:\/\/newsestlyonnais.fr\/site\/wp-content\/uploads\/2022\/11\/Challenge-d-AUTOMNE-2022bisb-page-001_1_OCR.jpg\",\"datePublished\":\"2022-11-03T14:29:08+00:00\",\"description\":\"VAULX-EN-VELIN | Les vaudais s'imposent au Challenge d'Automne de voile\",\"breadcrumb\":{\"@id\":\"https:\/\/newsestlyonnais.fr\/site\/2022\/11\/03\/vaulx-en-velin-les-vaudais-simposent-au-challenge-dautomne-de-voile\/#breadcrumb\"},\"inLanguage\":\"fr-FR\",\"potentialAction\":[{\"@type\":\"ReadAction\",\"target\":[\"https:\/\/newsestlyonnais.fr\/site\/2022\/11\/03\/vaulx-en-velin-les-vaudais-simposent-au-challenge-dautomne-de-voile\/\"]}]},{\"@type\":\"ImageObject\",\"inLanguage\":\"fr-FR\",\"@id\":\"https:\/\/newsestlyonnais.fr\/site\/2022\/11\/03\/vaulx-en-velin-les-vaudais-simposent-au-challenge-dautomne-de-voile\/#primaryimage\",\"url\":\"https:\/\/newsestlyonnais.fr\/site\/wp-content\/uploads\/2022\/11\/Challenge-d-AUTOMNE-2022bisb-page-001_1_OCR.jpg\",\"contentUrl\":\"https:\/\/newsestlyonnais.fr\/site\/wp-content\/uploads\/2022\/11\/Challenge-d-AUTOMNE-2022bisb-page-001_1_OCR.jpg\",\"width\":1103,\"height\":470},{\"@type\":\"BreadcrumbList\",\"@id\":\"https:\/\/newsestlyonnais.fr\/site\/2022\/11\/03\/vaulx-en-velin-les-vaudais-simposent-au-challenge-dautomne-de-voile\/#breadcrumb\",\"itemListElement\":[{\"@type\":\"ListItem\",\"position\":1,\"name\":\"Accueil\",\"item\":\"https:\/\/newsestlyonnais.fr\/site\/\"},{\"@type\":\"ListItem\",\"position\":2,\"name\":\"VAULX-EN-VELIN | Les vaudais s&rsquo;imposent au Challenge d&rsquo;Automne de voile\"}]},{\"@type\":\"WebSite\",\"@id\":\"https:\/\/newsestlyonnais.fr\/site\/#website\",\"url\":\"https:\/\/newsestlyonnais.fr\/site\/\",\"name\":\"News Est Lyonnais\",\"description\":\"L&#039;actualit\u00e9 au plus pr\u00e8s\",\"publisher\":{\"@id\":\"https:\/\/newsestlyonnais.fr\/site\/#organization\"},\"potentialAction\":[{\"@type\":\"SearchAction\",\"target\":{\"@type\":\"EntryPoint\",\"urlTemplate\":\"https:\/\/newsestlyonnais.fr\/site\/?s={search_term_string}\"},\"query-input\":{\"@type\":\"PropertyValueSpecification\",\"valueRequired\":true,\"valueName\":\"search_term_string\"}}],\"inLanguage\":\"fr-FR\"},{\"@type\":\"Organization\",\"@id\":\"https:\/\/newsestlyonnais.fr\/site\/#organization\",\"name\":\"News EST LYONNAIS\",\"url\":\"https:\/\/newsestlyonnais.fr\/site\/\",\"logo\":{\"@type\":\"ImageObject\",\"inLanguage\":\"fr-FR\",\"@id\":\"https:\/\/newsestlyonnais.fr\/site\/#\/schema\/logo\/image\/\",\"url\":\"\",\"contentUrl\":\"\",\"caption\":\"News EST LYONNAIS\"},\"image\":{\"@id\":\"https:\/\/newsestlyonnais.fr\/site\/#\/schema\/logo\/image\/\"}},{\"@type\":\"Person\",\"@id\":\"https:\/\/newsestlyonnais.fr\/site\/#\/schema\/person\/3230d5615f390bb808365d673001e887\",\"name\":\"R\u00e9dac. NEWS\",\"sameAs\":[\"http:\/\/www.newsestlyonnais.fr\",\"https:\/\/www.facebook.com\/pascal.oberson.1?fref=ts\",\"https:\/\/fr.linkedin.com\/in\/pascal-oberson-b17045113\"],\"url\":\"https:\/\/newsestlyonnais.fr\/site\/author\/nel\/\"}]}<\/script>\n<!-- \/ Yoast SEO plugin. -->","yoast_head_json":{"title":"VAULX-EN-VELIN | Les vaudais s'imposent au Challenge d'Automne de voile - News Est Lyonnais","description":"VAULX-EN-VELIN | Les vaudais s'imposent au Challenge d'Automne de voile","robots":{"index":"index","follow":"follow","max-snippet":"max-snippet:-1","max-image-preview":"max-image-preview:large","max-video-preview":"max-video-preview:-1"},"canonical":"https:\/\/newsestlyonnais.fr\/site\/2022\/11\/03\/vaulx-en-velin-les-vaudais-simposent-au-challenge-dautomne-de-voile\/","og_locale":"fr_FR","og_type":"article","og_title":"VAULX-EN-VELIN | Les vaudais s'imposent au Challenge d'Automne de voile - News Est Lyonnais","og_description":"VAULX-EN-VELIN | Les vaudais s'imposent au Challenge d'Automne de voile","og_url":"https:\/\/newsestlyonnais.fr\/site\/2022\/11\/03\/vaulx-en-velin-les-vaudais-simposent-au-challenge-dautomne-de-voile\/","og_site_name":"News Est Lyonnais","article_author":"https:\/\/www.facebook.com\/pascal.oberson.1?fref=ts","article_published_time":"2022-11-03T14:29:08+00:00","og_image":[{"width":1103,"height":470,"url":"https:\/\/newsestlyonnais.fr\/site\/wp-content\/uploads\/2022\/11\/Challenge-d-AUTOMNE-2022bisb-page-001_1_OCR.jpg","type":"image\/jpeg"}],"author":"R\u00e9dac. NEWS","twitter_card":"summary_large_image","twitter_misc":{"\u00c9crit par":"R\u00e9dac. NEWS","Dur\u00e9e de lecture estim\u00e9e":"2 minutes"},"schema":{"@context":"https:\/\/schema.org","@graph":[{"@type":"Article","@id":"https:\/\/newsestlyonnais.fr\/site\/2022\/11\/03\/vaulx-en-velin-les-vaudais-simposent-au-challenge-dautomne-de-voile\/#article","isPartOf":{"@id":"https:\/\/newsestlyonnais.fr\/site\/2022\/11\/03\/vaulx-en-velin-les-vaudais-simposent-au-challenge-dautomne-de-voile\/"},"author":{"name":"R\u00e9dac. NEWS","@id":"https:\/\/newsestlyonnais.fr\/site\/#\/schema\/person\/3230d5615f390bb808365d673001e887"},"headline":"VAULX-EN-VELIN | Les vaudais s&rsquo;imposent au Challenge d&rsquo;Automne de voile","datePublished":"2022-11-03T14:29:08+00:00","mainEntityOfPage":{"@id":"https:\/\/newsestlyonnais.fr\/site\/2022\/11\/03\/vaulx-en-velin-les-vaudais-simposent-au-challenge-dautomne-de-voile\/"},"wordCount":312,"commentCount":0,"publisher":{"@id":"https:\/\/newsestlyonnais.fr\/site\/#organization"},"image":{"@id":"https:\/\/newsestlyonnais.fr\/site\/2022\/11\/03\/vaulx-en-velin-les-vaudais-simposent-au-challenge-dautomne-de-voile\/#primaryimage"},"thumbnailUrl":"https:\/\/newsestlyonnais.fr\/site\/wp-content\/uploads\/2022\/11\/Challenge-d-AUTOMNE-2022bisb-page-001_1_OCR.jpg","keywords":["CNVV","VAULX EN VELIN","VOILE"],"articleSection":["Aviron | Kayak | Voile","Biblioth\u00e8que | M\u00e9diath\u00e8que | MJC","Sports","Vaulx-en-Velin","Voile"],"inLanguage":"fr-FR","potentialAction":[{"@type":"CommentAction","name":"Comment","target":["https:\/\/newsestlyonnais.fr\/site\/2022\/11\/03\/vaulx-en-velin-les-vaudais-simposent-au-challenge-dautomne-de-voile\/#respond"]}]},{"@type":"WebPage","@id":"https:\/\/newsestlyonnais.fr\/site\/2022\/11\/03\/vaulx-en-velin-les-vaudais-simposent-au-challenge-dautomne-de-voile\/","url":"https:\/\/newsestlyonnais.fr\/site\/2022\/11\/03\/vaulx-en-velin-les-vaudais-simposent-au-challenge-dautomne-de-voile\/","name":"VAULX-EN-VELIN | Les vaudais s'imposent au Challenge d'Automne de voile - News Est Lyonnais","isPartOf":{"@id":"https:\/\/newsestlyonnais.fr\/site\/#website"},"primaryImageOfPage":{"@id":"https:\/\/newsestlyonnais.fr\/site\/2022\/11\/03\/vaulx-en-velin-les-vaudais-simposent-au-challenge-dautomne-de-voile\/#primaryimage"},"image":{"@id":"https:\/\/newsestlyonnais.fr\/site\/2022\/11\/03\/vaulx-en-velin-les-vaudais-simposent-au-challenge-dautomne-de-voile\/#primaryimage"},"thumbnailUrl":"https:\/\/newsestlyonnais.fr\/site\/wp-content\/uploads\/2022\/11\/Challenge-d-AUTOMNE-2022bisb-page-001_1_OCR.jpg","datePublished":"2022-11-03T14:29:08+00:00","description":"VAULX-EN-VELIN | Les vaudais s'imposent au Challenge d'Automne de voile","breadcrumb":{"@id":"https:\/\/newsestlyonnais.fr\/site\/2022\/11\/03\/vaulx-en-velin-les-vaudais-simposent-au-challenge-dautomne-de-voile\/#breadcrumb"},"inLanguage":"fr-FR","potentialAction":[{"@type":"ReadAction","target":["https:\/\/newsestlyonnais.fr\/site\/2022\/11\/03\/vaulx-en-velin-les-vaudais-simposent-au-challenge-dautomne-de-voile\/"]}]},{"@type":"ImageObject","inLanguage":"fr-FR","@id":"https:\/\/newsestlyonnais.fr\/site\/2022\/11\/03\/vaulx-en-velin-les-vaudais-simposent-au-challenge-dautomne-de-voile\/#primaryimage","url":"https:\/\/newsestlyonnais.fr\/site\/wp-content\/uploads\/2022\/11\/Challenge-d-AUTOMNE-2022bisb-page-001_1_OCR.jpg","contentUrl":"https:\/\/newsestlyonnais.fr\/site\/wp-content\/uploads\/2022\/11\/Challenge-d-AUTOMNE-2022bisb-page-001_1_OCR.jpg","width":1103,"height":470},{"@type":"BreadcrumbList","@id":"https:\/\/newsestlyonnais.fr\/site\/2022\/11\/03\/vaulx-en-velin-les-vaudais-simposent-au-challenge-dautomne-de-voile\/#breadcrumb","itemListElement":[{"@type":"ListItem","position":1,"name":"Accueil","item":"https:\/\/newsestlyonnais.fr\/site\/"},{"@type":"ListItem","position":2,"name":"VAULX-EN-VELIN | Les vaudais s&rsquo;imposent au Challenge d&rsquo;Automne de voile"}]},{"@type":"WebSite","@id":"https:\/\/newsestlyonnais.fr\/site\/#website","url":"https:\/\/newsestlyonnais.fr\/site\/","name":"News Est Lyonnais","description":"L&#039;actualit\u00e9 au plus pr\u00e8s","publisher":{"@id":"https:\/\/newsestlyonnais.fr\/site\/#organization"},"potentialAction":[{"@type":"SearchAction","target":{"@type":"EntryPoint","urlTemplate":"https:\/\/newsestlyonnais.fr\/site\/?s={search_term_string}"},"query-input":{"@type":"PropertyValueSpecification","valueRequired":true,"valueName":"search_term_string"}}],"inLanguage":"fr-FR"},{"@type":"Organization","@id":"https:\/\/newsestlyonnais.fr\/site\/#organization","name":"News EST LYONNAIS","url":"https:\/\/newsestlyonnais.fr\/site\/","logo":{"@type":"ImageObject","inLanguage":"fr-FR","@id":"https:\/\/newsestlyonnais.fr\/site\/#\/schema\/logo\/image\/","url":"","contentUrl":"","caption":"News EST LYONNAIS"},"image":{"@id":"https:\/\/newsestlyonnais.fr\/site\/#\/schema\/logo\/image\/"}},{"@type":"Person","@id":"https:\/\/newsestlyonnais.fr\/site\/#\/schema\/person\/3230d5615f390bb808365d673001e887","name":"R\u00e9dac. NEWS","sameAs":["http:\/\/www.newsestlyonnais.fr","https:\/\/www.facebook.com\/pascal.oberson.1?fref=ts","https:\/\/fr.linkedin.com\/in\/pascal-oberson-b17045113"],"url":"https:\/\/newsestlyonnais.fr\/site\/author\/nel\/"}]}},"_links":{"self":[{"href":"https:\/\/newsestlyonnais.fr\/site\/wp-json\/wp\/v2\/posts\/167531","targetHints":{"allow":["GET"]}}],"collection":[{"href":"https:\/\/newsestlyonnais.fr\/site\/wp-json\/wp\/v2\/posts"}],"about":[{"href":"https:\/\/newsestlyonnais.fr\/site\/wp-json\/wp\/v2\/types\/post"}],"author":[{"embeddable":true,"href":"https:\/\/newsestlyonnais.fr\/site\/wp-json\/wp\/v2\/users\/4"}],"replies":[{"embeddable":true,"href":"https:\/\/newsestlyonnais.fr\/site\/wp-json\/wp\/v2\/comments?post=167531"}],"version-history":[{"count":0,"href":"https:\/\/newsestlyonnais.fr\/site\/wp-json\/wp\/v2\/posts\/167531\/revisions"}],"wp:featuredmedia":[{"embeddable":true,"href":"https:\/\/newsestlyonnais.fr\/site\/wp-json\/wp\/v2\/media\/167911"}],"wp:attachment":[{"href":"https:\/\/newsestlyonnais.fr\/site\/wp-json\/wp\/v2\/media?parent=167531"}],"wp:term":[{"taxonomy":"category","embeddable":true,"href":"https:\/\/newsestlyonnais.fr\/site\/wp-json\/wp\/v2\/categories?post=167531"},{"taxonomy":"post_tag","embeddable":true,"href":"https:\/\/newsestlyonnais.fr\/site\/wp-json\/wp\/v2\/tags?post=167531"}],"curies":[{"name":"wp","href":"https:\/\/api.w.org\/{rel}","templated":true}]}}