{"id":16786,"date":"2016-12-03T15:10:38","date_gmt":"2016-12-03T14:10:38","guid":{"rendered":"http:\/\/newsestlyonnais.fr\/site\/?p=16786"},"modified":"2020-11-16T20:47:54","modified_gmt":"2020-11-16T19:47:54","slug":"genas-lexpo-theme-de-femme-ouverte","status":"publish","type":"post","link":"https:\/\/newsestlyonnais.fr\/site\/2016\/12\/03\/genas-lexpo-theme-de-femme-ouverte\/","title":{"rendered":"GENAS | L&rsquo;Expo sur le th\u00e8me de la femme est ouverte !"},"content":{"rendered":"<h4>C&rsquo;est parti pour l&rsquo;exposition \u00ab\u00a0La Femme&#8230;\u00a0\u00bb organis\u00e9e par l&rsquo;association locale \u00ab\u00a0Courants d&rsquo;Arts \u00e0 Genas\u00a0\u00bb\u00e0 l&rsquo;Espace Gandil.<\/h4>\n<p>Le vernissage a eu lieu ce samedi en fin de matin\u00e9e en pr\u00e9sence d&rsquo;\u00e9lus, de plusieurs artistes de la section et de nombreux visiteurs. Elle se poursuivra tous les jours de 14 heures \u00e0 18 heures,\u00a0 <strong>jusqu&rsquo;au dimanche 11 d\u00e9cembre.<br \/>\n<\/strong><\/p>\n<p>Plus d&rsquo;une centaine d&rsquo; oeuvres r\u00e9alis\u00e9es par les artistes locaux sont expos\u00e9es ainsi qu&rsquo;une fresque \u00e0 16 mains <strong>(PHOTO A LA UNE).<\/strong><\/p>\n<ul>\n<li>Retrouvez l&rsquo;ACTU de l&rsquo;association sur:\u00a0<a href=\"http:\/\/www.courants-arts-genas.fr\/\" target=\"_blank\" rel=\"noopener noreferrer\">http:\/\/www.courants-arts-genas.fr<\/a><\/li>\n<\/ul>\n<p>&nbsp;<\/p>\n<p>&nbsp;<\/p>\n<p>&nbsp;<\/p>\n<p>&nbsp;<\/p>\n<p>&nbsp;<\/p>\n<p>&nbsp;<\/p>\n<p>&nbsp;<\/p>\n<p>&nbsp;<\/p>\n<p>&nbsp;<\/p>\n<figure id=\"attachment_16806\" aria-describedby=\"caption-attachment-16806\" style=\"width: 1000px\" class=\"wp-caption alignleft\"><img loading=\"lazy\" decoding=\"async\" class=\"size-full wp-image-16806\" src=\"https:\/\/newsestlyonnais.fr\/site\/medias\/2016\/12\/NEWSESTLYONNAIS-VERNISSAGE-EXPO.jpg\" alt=\"Un vernissage qui a eu lieu en pr\u00e9sence d'artistes, \u00e9lus et de nombreux visiteurs \" width=\"1000\" height=\"750\" \/><figcaption id=\"caption-attachment-16806\" class=\"wp-caption-text\">Un vernissage qui a eu lieu en pr\u00e9sence d&rsquo;artistes, \u00e9lus et de nombreux visiteurs<\/figcaption><\/figure>\n<p><img loading=\"lazy\" decoding=\"async\" class=\"alignleft size-full wp-image-16804\" src=\"https:\/\/newsestlyonnais.fr\/site\/medias\/2016\/12\/NEWSESTLYONNAIS-EXPO-COU.jpg\" alt=\"newsestlyonnais-expo-cou\" width=\"1000\" height=\"750\" \/><\/p>\n<p><img loading=\"lazy\" decoding=\"async\" class=\"alignleft size-full wp-image-16803\" src=\"https:\/\/newsestlyonnais.fr\/site\/medias\/2016\/12\/NEWSESTLYONNAIS-SCULPTURE.jpg\" alt=\"newsestlyonnais-sculpture\" width=\"1000\" height=\"750\" \/><\/p>\n","protected":false},"excerpt":{"rendered":"<p>C&rsquo;est parti pour l&rsquo;exposition \u00ab\u00a0La Femme&#8230;\u00a0\u00bb organis\u00e9e par l&rsquo;association locale \u00ab\u00a0Courants d&rsquo;Arts \u00e0 Genas\u00a0\u00bb\u00e0 l&rsquo;Espace Gandil. Le vernissage a eu lieu ce samedi en fin de matin\u00e9e en pr\u00e9sence d&rsquo;\u00e9lus, de plusieurs artistes de la section et de nombreux visiteurs. Elle se poursuivra tous les jours de 14 heures \u00e0 18 heures,\u00a0 jusqu&rsquo;au dimanche 11 [&hellip;]<\/p>\n","protected":false},"author":4,"featured_media":0,"comment_status":"open","ping_status":"open","sticky":false,"template":"","format":"standard","meta":{"footnotes":""},"categories":[270,3329,3421,1598,787],"tags":[],"class_list":["post-16786","post","type-post","status-publish","format-standard","hentry","category-cte-de-communes-c-c-e-l","category-expos-foires-musees-salons","category-feminin-actu-au","category-genas","category-ptites-news"],"yoast_head":"<!-- This site is optimized with the Yoast SEO plugin v27.2 - https:\/\/yoast.com\/product\/yoast-seo-wordpress\/ -->\n<title>GENAS : L&#039;Expo sur le th\u00e8me de la femme est ouverte !<\/title>\n<meta name=\"description\" content=\"GENAS : L&#039;Expo sur le th\u00e8me de la femme est ouverte !\" \/>\n<meta name=\"robots\" content=\"index, follow, max-snippet:-1, max-image-preview:large, max-video-preview:-1\" \/>\n<link rel=\"canonical\" href=\"https:\/\/newsestlyonnais.fr\/site\/2016\/12\/03\/genas-lexpo-theme-de-femme-ouverte\/\" \/>\n<meta property=\"og:locale\" content=\"fr_FR\" \/>\n<meta property=\"og:type\" content=\"article\" \/>\n<meta property=\"og:title\" content=\"GENAS : L&#039;Expo sur le th\u00e8me de la femme est ouverte !\" \/>\n<meta property=\"og:description\" content=\"GENAS : L&#039;Expo sur le th\u00e8me de la femme est ouverte !\" \/>\n<meta property=\"og:url\" content=\"https:\/\/newsestlyonnais.fr\/site\/2016\/12\/03\/genas-lexpo-theme-de-femme-ouverte\/\" \/>\n<meta property=\"og:site_name\" content=\"News Est Lyonnais\" \/>\n<meta property=\"article:author\" content=\"https:\/\/www.facebook.com\/pascal.oberson.1?fref=ts\" \/>\n<meta property=\"article:published_time\" content=\"2016-12-03T14:10:38+00:00\" \/>\n<meta property=\"article:modified_time\" content=\"2020-11-16T19:47:54+00:00\" \/>\n<meta property=\"og:image\" content=\"http:\/\/newsestlyonnais.fr\/site\/medias\/2016\/12\/NEWSESTLYONNAIS-VERNISSAGE-EXPO.jpg\" \/>\n<meta name=\"author\" content=\"R\u00e9dac. NEWS\" \/>\n<meta name=\"twitter:card\" content=\"summary_large_image\" \/>\n<meta name=\"twitter:label1\" content=\"\u00c9crit par\" \/>\n\t<meta name=\"twitter:data1\" content=\"R\u00e9dac. NEWS\" \/>\n\t<meta name=\"twitter:label2\" content=\"Dur\u00e9e de lecture estim\u00e9e\" \/>\n\t<meta name=\"twitter:data2\" content=\"1 minute\" \/>\n<script type=\"application\/ld+json\" class=\"yoast-schema-graph\">{\"@context\":\"https:\/\/schema.org\",\"@graph\":[{\"@type\":\"Article\",\"@id\":\"https:\/\/newsestlyonnais.fr\/site\/2016\/12\/03\/genas-lexpo-theme-de-femme-ouverte\/#article\",\"isPartOf\":{\"@id\":\"https:\/\/newsestlyonnais.fr\/site\/2016\/12\/03\/genas-lexpo-theme-de-femme-ouverte\/\"},\"author\":{\"name\":\"R\u00e9dac. NEWS\",\"@id\":\"https:\/\/newsestlyonnais.fr\/site\/#\/schema\/person\/3230d5615f390bb808365d673001e887\"},\"headline\":\"GENAS | L&rsquo;Expo sur le th\u00e8me de la femme est ouverte !\",\"datePublished\":\"2016-12-03T14:10:38+00:00\",\"dateModified\":\"2020-11-16T19:47:54+00:00\",\"mainEntityOfPage\":{\"@id\":\"https:\/\/newsestlyonnais.fr\/site\/2016\/12\/03\/genas-lexpo-theme-de-femme-ouverte\/\"},\"wordCount\":142,\"commentCount\":0,\"publisher\":{\"@id\":\"https:\/\/newsestlyonnais.fr\/site\/#organization\"},\"image\":{\"@id\":\"https:\/\/newsestlyonnais.fr\/site\/2016\/12\/03\/genas-lexpo-theme-de-femme-ouverte\/#primaryimage\"},\"thumbnailUrl\":\"http:\/\/newsestlyonnais.fr\/site\/medias\/2016\/12\/NEWSESTLYONNAIS-VERNISSAGE-EXPO.jpg\",\"articleSection\":[\"CCEL | Communes\",\"Expos | Foires | Mus\u00e9es | Salons\",\"F\u00e9minin (Actu au)\",\"Genas\",\"P'tites News\"],\"inLanguage\":\"fr-FR\",\"potentialAction\":[{\"@type\":\"CommentAction\",\"name\":\"Comment\",\"target\":[\"https:\/\/newsestlyonnais.fr\/site\/2016\/12\/03\/genas-lexpo-theme-de-femme-ouverte\/#respond\"]}]},{\"@type\":\"WebPage\",\"@id\":\"https:\/\/newsestlyonnais.fr\/site\/2016\/12\/03\/genas-lexpo-theme-de-femme-ouverte\/\",\"url\":\"https:\/\/newsestlyonnais.fr\/site\/2016\/12\/03\/genas-lexpo-theme-de-femme-ouverte\/\",\"name\":\"GENAS : L'Expo sur le th\u00e8me de la femme est ouverte !\",\"isPartOf\":{\"@id\":\"https:\/\/newsestlyonnais.fr\/site\/#website\"},\"primaryImageOfPage\":{\"@id\":\"https:\/\/newsestlyonnais.fr\/site\/2016\/12\/03\/genas-lexpo-theme-de-femme-ouverte\/#primaryimage\"},\"image\":{\"@id\":\"https:\/\/newsestlyonnais.fr\/site\/2016\/12\/03\/genas-lexpo-theme-de-femme-ouverte\/#primaryimage\"},\"thumbnailUrl\":\"http:\/\/newsestlyonnais.fr\/site\/medias\/2016\/12\/NEWSESTLYONNAIS-VERNISSAGE-EXPO.jpg\",\"datePublished\":\"2016-12-03T14:10:38+00:00\",\"dateModified\":\"2020-11-16T19:47:54+00:00\",\"description\":\"GENAS : L'Expo sur le th\u00e8me de la femme est ouverte !\",\"breadcrumb\":{\"@id\":\"https:\/\/newsestlyonnais.fr\/site\/2016\/12\/03\/genas-lexpo-theme-de-femme-ouverte\/#breadcrumb\"},\"inLanguage\":\"fr-FR\",\"potentialAction\":[{\"@type\":\"ReadAction\",\"target\":[\"https:\/\/newsestlyonnais.fr\/site\/2016\/12\/03\/genas-lexpo-theme-de-femme-ouverte\/\"]}]},{\"@type\":\"ImageObject\",\"inLanguage\":\"fr-FR\",\"@id\":\"https:\/\/newsestlyonnais.fr\/site\/2016\/12\/03\/genas-lexpo-theme-de-femme-ouverte\/#primaryimage\",\"url\":\"http:\/\/newsestlyonnais.fr\/site\/medias\/2016\/12\/NEWSESTLYONNAIS-VERNISSAGE-EXPO.jpg\",\"contentUrl\":\"http:\/\/newsestlyonnais.fr\/site\/medias\/2016\/12\/NEWSESTLYONNAIS-VERNISSAGE-EXPO.jpg\"},{\"@type\":\"BreadcrumbList\",\"@id\":\"https:\/\/newsestlyonnais.fr\/site\/2016\/12\/03\/genas-lexpo-theme-de-femme-ouverte\/#breadcrumb\",\"itemListElement\":[{\"@type\":\"ListItem\",\"position\":1,\"name\":\"Accueil\",\"item\":\"https:\/\/newsestlyonnais.fr\/site\/\"},{\"@type\":\"ListItem\",\"position\":2,\"name\":\"GENAS | L&rsquo;Expo sur le th\u00e8me de la femme est ouverte !\"}]},{\"@type\":\"WebSite\",\"@id\":\"https:\/\/newsestlyonnais.fr\/site\/#website\",\"url\":\"https:\/\/newsestlyonnais.fr\/site\/\",\"name\":\"News Est Lyonnais\",\"description\":\"L&#039;actualit\u00e9 au plus pr\u00e8s\",\"publisher\":{\"@id\":\"https:\/\/newsestlyonnais.fr\/site\/#organization\"},\"potentialAction\":[{\"@type\":\"SearchAction\",\"target\":{\"@type\":\"EntryPoint\",\"urlTemplate\":\"https:\/\/newsestlyonnais.fr\/site\/?s={search_term_string}\"},\"query-input\":{\"@type\":\"PropertyValueSpecification\",\"valueRequired\":true,\"valueName\":\"search_term_string\"}}],\"inLanguage\":\"fr-FR\"},{\"@type\":\"Organization\",\"@id\":\"https:\/\/newsestlyonnais.fr\/site\/#organization\",\"name\":\"News EST LYONNAIS\",\"url\":\"https:\/\/newsestlyonnais.fr\/site\/\",\"logo\":{\"@type\":\"ImageObject\",\"inLanguage\":\"fr-FR\",\"@id\":\"https:\/\/newsestlyonnais.fr\/site\/#\/schema\/logo\/image\/\",\"url\":\"\",\"contentUrl\":\"\",\"caption\":\"News EST LYONNAIS\"},\"image\":{\"@id\":\"https:\/\/newsestlyonnais.fr\/site\/#\/schema\/logo\/image\/\"}},{\"@type\":\"Person\",\"@id\":\"https:\/\/newsestlyonnais.fr\/site\/#\/schema\/person\/3230d5615f390bb808365d673001e887\",\"name\":\"R\u00e9dac. NEWS\",\"sameAs\":[\"http:\/\/www.newsestlyonnais.fr\",\"https:\/\/www.facebook.com\/pascal.oberson.1?fref=ts\",\"https:\/\/fr.linkedin.com\/in\/pascal-oberson-b17045113\"],\"url\":\"https:\/\/newsestlyonnais.fr\/site\/author\/nel\/\"}]}<\/script>\n<!-- \/ Yoast SEO plugin. -->","yoast_head_json":{"title":"GENAS : L'Expo sur le th\u00e8me de la femme est ouverte !","description":"GENAS : L'Expo sur le th\u00e8me de la femme est ouverte !","robots":{"index":"index","follow":"follow","max-snippet":"max-snippet:-1","max-image-preview":"max-image-preview:large","max-video-preview":"max-video-preview:-1"},"canonical":"https:\/\/newsestlyonnais.fr\/site\/2016\/12\/03\/genas-lexpo-theme-de-femme-ouverte\/","og_locale":"fr_FR","og_type":"article","og_title":"GENAS : L'Expo sur le th\u00e8me de la femme est ouverte !","og_description":"GENAS : L'Expo sur le th\u00e8me de la femme est ouverte !","og_url":"https:\/\/newsestlyonnais.fr\/site\/2016\/12\/03\/genas-lexpo-theme-de-femme-ouverte\/","og_site_name":"News Est Lyonnais","article_author":"https:\/\/www.facebook.com\/pascal.oberson.1?fref=ts","article_published_time":"2016-12-03T14:10:38+00:00","article_modified_time":"2020-11-16T19:47:54+00:00","og_image":[{"url":"http:\/\/newsestlyonnais.fr\/site\/medias\/2016\/12\/NEWSESTLYONNAIS-VERNISSAGE-EXPO.jpg","type":"","width":"","height":""}],"author":"R\u00e9dac. NEWS","twitter_card":"summary_large_image","twitter_misc":{"\u00c9crit par":"R\u00e9dac. NEWS","Dur\u00e9e de lecture estim\u00e9e":"1 minute"},"schema":{"@context":"https:\/\/schema.org","@graph":[{"@type":"Article","@id":"https:\/\/newsestlyonnais.fr\/site\/2016\/12\/03\/genas-lexpo-theme-de-femme-ouverte\/#article","isPartOf":{"@id":"https:\/\/newsestlyonnais.fr\/site\/2016\/12\/03\/genas-lexpo-theme-de-femme-ouverte\/"},"author":{"name":"R\u00e9dac. NEWS","@id":"https:\/\/newsestlyonnais.fr\/site\/#\/schema\/person\/3230d5615f390bb808365d673001e887"},"headline":"GENAS | L&rsquo;Expo sur le th\u00e8me de la femme est ouverte !","datePublished":"2016-12-03T14:10:38+00:00","dateModified":"2020-11-16T19:47:54+00:00","mainEntityOfPage":{"@id":"https:\/\/newsestlyonnais.fr\/site\/2016\/12\/03\/genas-lexpo-theme-de-femme-ouverte\/"},"wordCount":142,"commentCount":0,"publisher":{"@id":"https:\/\/newsestlyonnais.fr\/site\/#organization"},"image":{"@id":"https:\/\/newsestlyonnais.fr\/site\/2016\/12\/03\/genas-lexpo-theme-de-femme-ouverte\/#primaryimage"},"thumbnailUrl":"http:\/\/newsestlyonnais.fr\/site\/medias\/2016\/12\/NEWSESTLYONNAIS-VERNISSAGE-EXPO.jpg","articleSection":["CCEL | Communes","Expos | Foires | Mus\u00e9es | Salons","F\u00e9minin (Actu au)","Genas","P'tites News"],"inLanguage":"fr-FR","potentialAction":[{"@type":"CommentAction","name":"Comment","target":["https:\/\/newsestlyonnais.fr\/site\/2016\/12\/03\/genas-lexpo-theme-de-femme-ouverte\/#respond"]}]},{"@type":"WebPage","@id":"https:\/\/newsestlyonnais.fr\/site\/2016\/12\/03\/genas-lexpo-theme-de-femme-ouverte\/","url":"https:\/\/newsestlyonnais.fr\/site\/2016\/12\/03\/genas-lexpo-theme-de-femme-ouverte\/","name":"GENAS : L'Expo sur le th\u00e8me de la femme est ouverte !","isPartOf":{"@id":"https:\/\/newsestlyonnais.fr\/site\/#website"},"primaryImageOfPage":{"@id":"https:\/\/newsestlyonnais.fr\/site\/2016\/12\/03\/genas-lexpo-theme-de-femme-ouverte\/#primaryimage"},"image":{"@id":"https:\/\/newsestlyonnais.fr\/site\/2016\/12\/03\/genas-lexpo-theme-de-femme-ouverte\/#primaryimage"},"thumbnailUrl":"http:\/\/newsestlyonnais.fr\/site\/medias\/2016\/12\/NEWSESTLYONNAIS-VERNISSAGE-EXPO.jpg","datePublished":"2016-12-03T14:10:38+00:00","dateModified":"2020-11-16T19:47:54+00:00","description":"GENAS : L'Expo sur le th\u00e8me de la femme est ouverte !","breadcrumb":{"@id":"https:\/\/newsestlyonnais.fr\/site\/2016\/12\/03\/genas-lexpo-theme-de-femme-ouverte\/#breadcrumb"},"inLanguage":"fr-FR","potentialAction":[{"@type":"ReadAction","target":["https:\/\/newsestlyonnais.fr\/site\/2016\/12\/03\/genas-lexpo-theme-de-femme-ouverte\/"]}]},{"@type":"ImageObject","inLanguage":"fr-FR","@id":"https:\/\/newsestlyonnais.fr\/site\/2016\/12\/03\/genas-lexpo-theme-de-femme-ouverte\/#primaryimage","url":"http:\/\/newsestlyonnais.fr\/site\/medias\/2016\/12\/NEWSESTLYONNAIS-VERNISSAGE-EXPO.jpg","contentUrl":"http:\/\/newsestlyonnais.fr\/site\/medias\/2016\/12\/NEWSESTLYONNAIS-VERNISSAGE-EXPO.jpg"},{"@type":"BreadcrumbList","@id":"https:\/\/newsestlyonnais.fr\/site\/2016\/12\/03\/genas-lexpo-theme-de-femme-ouverte\/#breadcrumb","itemListElement":[{"@type":"ListItem","position":1,"name":"Accueil","item":"https:\/\/newsestlyonnais.fr\/site\/"},{"@type":"ListItem","position":2,"name":"GENAS | L&rsquo;Expo sur le th\u00e8me de la femme est ouverte !"}]},{"@type":"WebSite","@id":"https:\/\/newsestlyonnais.fr\/site\/#website","url":"https:\/\/newsestlyonnais.fr\/site\/","name":"News Est Lyonnais","description":"L&#039;actualit\u00e9 au plus pr\u00e8s","publisher":{"@id":"https:\/\/newsestlyonnais.fr\/site\/#organization"},"potentialAction":[{"@type":"SearchAction","target":{"@type":"EntryPoint","urlTemplate":"https:\/\/newsestlyonnais.fr\/site\/?s={search_term_string}"},"query-input":{"@type":"PropertyValueSpecification","valueRequired":true,"valueName":"search_term_string"}}],"inLanguage":"fr-FR"},{"@type":"Organization","@id":"https:\/\/newsestlyonnais.fr\/site\/#organization","name":"News EST LYONNAIS","url":"https:\/\/newsestlyonnais.fr\/site\/","logo":{"@type":"ImageObject","inLanguage":"fr-FR","@id":"https:\/\/newsestlyonnais.fr\/site\/#\/schema\/logo\/image\/","url":"","contentUrl":"","caption":"News EST LYONNAIS"},"image":{"@id":"https:\/\/newsestlyonnais.fr\/site\/#\/schema\/logo\/image\/"}},{"@type":"Person","@id":"https:\/\/newsestlyonnais.fr\/site\/#\/schema\/person\/3230d5615f390bb808365d673001e887","name":"R\u00e9dac. NEWS","sameAs":["http:\/\/www.newsestlyonnais.fr","https:\/\/www.facebook.com\/pascal.oberson.1?fref=ts","https:\/\/fr.linkedin.com\/in\/pascal-oberson-b17045113"],"url":"https:\/\/newsestlyonnais.fr\/site\/author\/nel\/"}]}},"_links":{"self":[{"href":"https:\/\/newsestlyonnais.fr\/site\/wp-json\/wp\/v2\/posts\/16786","targetHints":{"allow":["GET"]}}],"collection":[{"href":"https:\/\/newsestlyonnais.fr\/site\/wp-json\/wp\/v2\/posts"}],"about":[{"href":"https:\/\/newsestlyonnais.fr\/site\/wp-json\/wp\/v2\/types\/post"}],"author":[{"embeddable":true,"href":"https:\/\/newsestlyonnais.fr\/site\/wp-json\/wp\/v2\/users\/4"}],"replies":[{"embeddable":true,"href":"https:\/\/newsestlyonnais.fr\/site\/wp-json\/wp\/v2\/comments?post=16786"}],"version-history":[{"count":0,"href":"https:\/\/newsestlyonnais.fr\/site\/wp-json\/wp\/v2\/posts\/16786\/revisions"}],"wp:attachment":[{"href":"https:\/\/newsestlyonnais.fr\/site\/wp-json\/wp\/v2\/media?parent=16786"}],"wp:term":[{"taxonomy":"category","embeddable":true,"href":"https:\/\/newsestlyonnais.fr\/site\/wp-json\/wp\/v2\/categories?post=16786"},{"taxonomy":"post_tag","embeddable":true,"href":"https:\/\/newsestlyonnais.fr\/site\/wp-json\/wp\/v2\/tags?post=16786"}],"curies":[{"name":"wp","href":"https:\/\/api.w.org\/{rel}","templated":true}]}}