{"id":16829,"date":"2016-12-04T11:55:11","date_gmt":"2016-12-04T10:55:11","guid":{"rendered":"http:\/\/newsestlyonnais.fr\/site\/?p=16829"},"modified":"2020-11-05T08:07:13","modified_gmt":"2020-11-05T07:07:13","slug":"pusignan-formation-55-masculine-de-tennis-accede-a-ligue","status":"publish","type":"post","link":"https:\/\/newsestlyonnais.fr\/site\/2016\/12\/04\/pusignan-formation-55-masculine-de-tennis-accede-a-ligue\/","title":{"rendered":"PUSIGNAN | La formation 55 + masculine de Tennis acc\u00e8de \u00e0 la ligue"},"content":{"rendered":"<h4><span id=\"fbPhotoSnowliftCaption\" class=\"fbPhotosPhotoCaption\"><span class=\"hasCaption\">Belle performance r\u00e9alis\u00e9e par l&rsquo;\u00e9quipe 55+ masculine de l&rsquo;Association Tennis Pusignan, en cette fin d&rsquo;ann\u00e9e.<\/span><\/span><\/h4>\n<p><span id=\"fbPhotoSnowliftCaption\" class=\"fbPhotosPhotoCaption\"><span class=\"hasCaption\">Elle termine en effet premi\u00e8re de sa poule \u00e0 l&rsquo;issue du championnat de 1\u00b0 division du Rh\u00f4ne et disputera la finale de division le dimanche 11 d\u00e9cembre sur les courts du centre de ligue \u00e0 Bron !<\/span><\/span><\/p>\n<p><span id=\"fbPhotoSnowliftCaption\" class=\"fbPhotosPhotoCaption\"><span class=\"hasCaption\">Le pr\u00e9sident du club J\u00e9r\u00f4me Dodane et les dirigeants f\u00e9licitent Serge, Jean-Claude, Paul, Dj\u00e9 et Constant (PHOTO A LA UNE) qui \u00e9volueront l&rsquo;ann\u00e9e prochaine en championnat de ligue.<\/span><\/span><\/p>\n<ul>\n<li>Retrouvez toute l&rsquo;ACTU du club sur: <a href=\"https:\/\/www.facebook.com\/atpusignan\/?fref=ts\" target=\"_blank\" rel=\"noopener noreferrer\">https:\/\/www.facebook.com\/atpusignan\/?fref=ts<\/a><\/li>\n<\/ul>\n<div id=\"fbPhotoSnowliftProductsTagList\" class=\"pts fbPhotoProductsTagList\"><\/div>\n","protected":false},"excerpt":{"rendered":"<p>Belle performance r\u00e9alis\u00e9e par l&rsquo;\u00e9quipe 55+ masculine de l&rsquo;Association Tennis Pusignan, en cette fin d&rsquo;ann\u00e9e. Elle termine en effet premi\u00e8re de sa poule \u00e0 l&rsquo;issue du championnat de 1\u00b0 division du Rh\u00f4ne et disputera la finale de division le dimanche 11 d\u00e9cembre sur les courts du centre de ligue \u00e0 Bron ! Le pr\u00e9sident du [&hellip;]<\/p>\n","protected":false},"author":4,"featured_media":0,"comment_status":"open","ping_status":"open","sticky":false,"template":"","format":"standard","meta":{"footnotes":""},"categories":[270,1279,2992,2991],"tags":[],"class_list":["post-16829","post","type-post","status-publish","format-standard","hentry","category-cte-de-communes-c-c-e-l","category-jons-pusignan","category-tennis-padel","category-tennis-tennis-table-sports"],"yoast_head":"<!-- This site is optimized with the Yoast SEO plugin v27.2 - https:\/\/yoast.com\/product\/yoast-seo-wordpress\/ -->\n<title>PUSIGNAN : La formation 55 + masculine de Tennis acc\u00e8de \u00e0 la ligue<\/title>\n<meta name=\"description\" content=\"PUSIGNAN : La formation 55 + masculine de Tennis acc\u00e8de \u00e0 la ligue\" \/>\n<meta name=\"robots\" content=\"index, follow, max-snippet:-1, max-image-preview:large, max-video-preview:-1\" \/>\n<link rel=\"canonical\" href=\"https:\/\/newsestlyonnais.fr\/site\/2016\/12\/04\/pusignan-formation-55-masculine-de-tennis-accede-a-ligue\/\" \/>\n<meta property=\"og:locale\" content=\"fr_FR\" \/>\n<meta property=\"og:type\" content=\"article\" \/>\n<meta property=\"og:title\" content=\"PUSIGNAN : La formation 55 + masculine de Tennis acc\u00e8de \u00e0 la ligue\" \/>\n<meta property=\"og:description\" content=\"PUSIGNAN : La formation 55 + masculine de Tennis acc\u00e8de \u00e0 la ligue\" \/>\n<meta property=\"og:url\" content=\"https:\/\/newsestlyonnais.fr\/site\/2016\/12\/04\/pusignan-formation-55-masculine-de-tennis-accede-a-ligue\/\" \/>\n<meta property=\"og:site_name\" content=\"News Est Lyonnais\" \/>\n<meta property=\"article:author\" content=\"https:\/\/www.facebook.com\/pascal.oberson.1?fref=ts\" \/>\n<meta property=\"article:published_time\" content=\"2016-12-04T10:55:11+00:00\" \/>\n<meta property=\"article:modified_time\" content=\"2020-11-05T07:07:13+00:00\" \/>\n<meta name=\"author\" content=\"R\u00e9dac. NEWS\" \/>\n<meta name=\"twitter:card\" content=\"summary_large_image\" \/>\n<meta name=\"twitter:label1\" content=\"\u00c9crit par\" \/>\n\t<meta name=\"twitter:data1\" content=\"R\u00e9dac. NEWS\" \/>\n<script type=\"application\/ld+json\" class=\"yoast-schema-graph\">{\"@context\":\"https:\/\/schema.org\",\"@graph\":[{\"@type\":\"Article\",\"@id\":\"https:\/\/newsestlyonnais.fr\/site\/2016\/12\/04\/pusignan-formation-55-masculine-de-tennis-accede-a-ligue\/#article\",\"isPartOf\":{\"@id\":\"https:\/\/newsestlyonnais.fr\/site\/2016\/12\/04\/pusignan-formation-55-masculine-de-tennis-accede-a-ligue\/\"},\"author\":{\"name\":\"R\u00e9dac. NEWS\",\"@id\":\"https:\/\/newsestlyonnais.fr\/site\/#\/schema\/person\/3230d5615f390bb808365d673001e887\"},\"headline\":\"PUSIGNAN | La formation 55 + masculine de Tennis acc\u00e8de \u00e0 la ligue\",\"datePublished\":\"2016-12-04T10:55:11+00:00\",\"dateModified\":\"2020-11-05T07:07:13+00:00\",\"mainEntityOfPage\":{\"@id\":\"https:\/\/newsestlyonnais.fr\/site\/2016\/12\/04\/pusignan-formation-55-masculine-de-tennis-accede-a-ligue\/\"},\"wordCount\":114,\"commentCount\":0,\"publisher\":{\"@id\":\"https:\/\/newsestlyonnais.fr\/site\/#organization\"},\"articleSection\":[\"CCEL | Communes\",\"Jons | Pusignan\",\"Tennis | Padel\",\"Tennis | Tennis de table\"],\"inLanguage\":\"fr-FR\",\"potentialAction\":[{\"@type\":\"CommentAction\",\"name\":\"Comment\",\"target\":[\"https:\/\/newsestlyonnais.fr\/site\/2016\/12\/04\/pusignan-formation-55-masculine-de-tennis-accede-a-ligue\/#respond\"]}]},{\"@type\":\"WebPage\",\"@id\":\"https:\/\/newsestlyonnais.fr\/site\/2016\/12\/04\/pusignan-formation-55-masculine-de-tennis-accede-a-ligue\/\",\"url\":\"https:\/\/newsestlyonnais.fr\/site\/2016\/12\/04\/pusignan-formation-55-masculine-de-tennis-accede-a-ligue\/\",\"name\":\"PUSIGNAN : La formation 55 + masculine de Tennis acc\u00e8de \u00e0 la ligue\",\"isPartOf\":{\"@id\":\"https:\/\/newsestlyonnais.fr\/site\/#website\"},\"datePublished\":\"2016-12-04T10:55:11+00:00\",\"dateModified\":\"2020-11-05T07:07:13+00:00\",\"description\":\"PUSIGNAN : La formation 55 + masculine de Tennis acc\u00e8de \u00e0 la ligue\",\"breadcrumb\":{\"@id\":\"https:\/\/newsestlyonnais.fr\/site\/2016\/12\/04\/pusignan-formation-55-masculine-de-tennis-accede-a-ligue\/#breadcrumb\"},\"inLanguage\":\"fr-FR\",\"potentialAction\":[{\"@type\":\"ReadAction\",\"target\":[\"https:\/\/newsestlyonnais.fr\/site\/2016\/12\/04\/pusignan-formation-55-masculine-de-tennis-accede-a-ligue\/\"]}]},{\"@type\":\"BreadcrumbList\",\"@id\":\"https:\/\/newsestlyonnais.fr\/site\/2016\/12\/04\/pusignan-formation-55-masculine-de-tennis-accede-a-ligue\/#breadcrumb\",\"itemListElement\":[{\"@type\":\"ListItem\",\"position\":1,\"name\":\"Accueil\",\"item\":\"https:\/\/newsestlyonnais.fr\/site\/\"},{\"@type\":\"ListItem\",\"position\":2,\"name\":\"PUSIGNAN | La formation 55 + masculine de Tennis acc\u00e8de \u00e0 la ligue\"}]},{\"@type\":\"WebSite\",\"@id\":\"https:\/\/newsestlyonnais.fr\/site\/#website\",\"url\":\"https:\/\/newsestlyonnais.fr\/site\/\",\"name\":\"News Est Lyonnais\",\"description\":\"L&#039;actualit\u00e9 au plus pr\u00e8s\",\"publisher\":{\"@id\":\"https:\/\/newsestlyonnais.fr\/site\/#organization\"},\"potentialAction\":[{\"@type\":\"SearchAction\",\"target\":{\"@type\":\"EntryPoint\",\"urlTemplate\":\"https:\/\/newsestlyonnais.fr\/site\/?s={search_term_string}\"},\"query-input\":{\"@type\":\"PropertyValueSpecification\",\"valueRequired\":true,\"valueName\":\"search_term_string\"}}],\"inLanguage\":\"fr-FR\"},{\"@type\":\"Organization\",\"@id\":\"https:\/\/newsestlyonnais.fr\/site\/#organization\",\"name\":\"News EST LYONNAIS\",\"url\":\"https:\/\/newsestlyonnais.fr\/site\/\",\"logo\":{\"@type\":\"ImageObject\",\"inLanguage\":\"fr-FR\",\"@id\":\"https:\/\/newsestlyonnais.fr\/site\/#\/schema\/logo\/image\/\",\"url\":\"\",\"contentUrl\":\"\",\"caption\":\"News EST LYONNAIS\"},\"image\":{\"@id\":\"https:\/\/newsestlyonnais.fr\/site\/#\/schema\/logo\/image\/\"}},{\"@type\":\"Person\",\"@id\":\"https:\/\/newsestlyonnais.fr\/site\/#\/schema\/person\/3230d5615f390bb808365d673001e887\",\"name\":\"R\u00e9dac. NEWS\",\"sameAs\":[\"http:\/\/www.newsestlyonnais.fr\",\"https:\/\/www.facebook.com\/pascal.oberson.1?fref=ts\",\"https:\/\/fr.linkedin.com\/in\/pascal-oberson-b17045113\"],\"url\":\"https:\/\/newsestlyonnais.fr\/site\/author\/nel\/\"}]}<\/script>\n<!-- \/ Yoast SEO plugin. -->","yoast_head_json":{"title":"PUSIGNAN : La formation 55 + masculine de Tennis acc\u00e8de \u00e0 la ligue","description":"PUSIGNAN : La formation 55 + masculine de Tennis acc\u00e8de \u00e0 la ligue","robots":{"index":"index","follow":"follow","max-snippet":"max-snippet:-1","max-image-preview":"max-image-preview:large","max-video-preview":"max-video-preview:-1"},"canonical":"https:\/\/newsestlyonnais.fr\/site\/2016\/12\/04\/pusignan-formation-55-masculine-de-tennis-accede-a-ligue\/","og_locale":"fr_FR","og_type":"article","og_title":"PUSIGNAN : La formation 55 + masculine de Tennis acc\u00e8de \u00e0 la ligue","og_description":"PUSIGNAN : La formation 55 + masculine de Tennis acc\u00e8de \u00e0 la ligue","og_url":"https:\/\/newsestlyonnais.fr\/site\/2016\/12\/04\/pusignan-formation-55-masculine-de-tennis-accede-a-ligue\/","og_site_name":"News Est Lyonnais","article_author":"https:\/\/www.facebook.com\/pascal.oberson.1?fref=ts","article_published_time":"2016-12-04T10:55:11+00:00","article_modified_time":"2020-11-05T07:07:13+00:00","author":"R\u00e9dac. NEWS","twitter_card":"summary_large_image","twitter_misc":{"\u00c9crit par":"R\u00e9dac. NEWS"},"schema":{"@context":"https:\/\/schema.org","@graph":[{"@type":"Article","@id":"https:\/\/newsestlyonnais.fr\/site\/2016\/12\/04\/pusignan-formation-55-masculine-de-tennis-accede-a-ligue\/#article","isPartOf":{"@id":"https:\/\/newsestlyonnais.fr\/site\/2016\/12\/04\/pusignan-formation-55-masculine-de-tennis-accede-a-ligue\/"},"author":{"name":"R\u00e9dac. NEWS","@id":"https:\/\/newsestlyonnais.fr\/site\/#\/schema\/person\/3230d5615f390bb808365d673001e887"},"headline":"PUSIGNAN | La formation 55 + masculine de Tennis acc\u00e8de \u00e0 la ligue","datePublished":"2016-12-04T10:55:11+00:00","dateModified":"2020-11-05T07:07:13+00:00","mainEntityOfPage":{"@id":"https:\/\/newsestlyonnais.fr\/site\/2016\/12\/04\/pusignan-formation-55-masculine-de-tennis-accede-a-ligue\/"},"wordCount":114,"commentCount":0,"publisher":{"@id":"https:\/\/newsestlyonnais.fr\/site\/#organization"},"articleSection":["CCEL | Communes","Jons | Pusignan","Tennis | Padel","Tennis | Tennis de table"],"inLanguage":"fr-FR","potentialAction":[{"@type":"CommentAction","name":"Comment","target":["https:\/\/newsestlyonnais.fr\/site\/2016\/12\/04\/pusignan-formation-55-masculine-de-tennis-accede-a-ligue\/#respond"]}]},{"@type":"WebPage","@id":"https:\/\/newsestlyonnais.fr\/site\/2016\/12\/04\/pusignan-formation-55-masculine-de-tennis-accede-a-ligue\/","url":"https:\/\/newsestlyonnais.fr\/site\/2016\/12\/04\/pusignan-formation-55-masculine-de-tennis-accede-a-ligue\/","name":"PUSIGNAN : La formation 55 + masculine de Tennis acc\u00e8de \u00e0 la ligue","isPartOf":{"@id":"https:\/\/newsestlyonnais.fr\/site\/#website"},"datePublished":"2016-12-04T10:55:11+00:00","dateModified":"2020-11-05T07:07:13+00:00","description":"PUSIGNAN : La formation 55 + masculine de Tennis acc\u00e8de \u00e0 la ligue","breadcrumb":{"@id":"https:\/\/newsestlyonnais.fr\/site\/2016\/12\/04\/pusignan-formation-55-masculine-de-tennis-accede-a-ligue\/#breadcrumb"},"inLanguage":"fr-FR","potentialAction":[{"@type":"ReadAction","target":["https:\/\/newsestlyonnais.fr\/site\/2016\/12\/04\/pusignan-formation-55-masculine-de-tennis-accede-a-ligue\/"]}]},{"@type":"BreadcrumbList","@id":"https:\/\/newsestlyonnais.fr\/site\/2016\/12\/04\/pusignan-formation-55-masculine-de-tennis-accede-a-ligue\/#breadcrumb","itemListElement":[{"@type":"ListItem","position":1,"name":"Accueil","item":"https:\/\/newsestlyonnais.fr\/site\/"},{"@type":"ListItem","position":2,"name":"PUSIGNAN | La formation 55 + masculine de Tennis acc\u00e8de \u00e0 la ligue"}]},{"@type":"WebSite","@id":"https:\/\/newsestlyonnais.fr\/site\/#website","url":"https:\/\/newsestlyonnais.fr\/site\/","name":"News Est Lyonnais","description":"L&#039;actualit\u00e9 au plus pr\u00e8s","publisher":{"@id":"https:\/\/newsestlyonnais.fr\/site\/#organization"},"potentialAction":[{"@type":"SearchAction","target":{"@type":"EntryPoint","urlTemplate":"https:\/\/newsestlyonnais.fr\/site\/?s={search_term_string}"},"query-input":{"@type":"PropertyValueSpecification","valueRequired":true,"valueName":"search_term_string"}}],"inLanguage":"fr-FR"},{"@type":"Organization","@id":"https:\/\/newsestlyonnais.fr\/site\/#organization","name":"News EST LYONNAIS","url":"https:\/\/newsestlyonnais.fr\/site\/","logo":{"@type":"ImageObject","inLanguage":"fr-FR","@id":"https:\/\/newsestlyonnais.fr\/site\/#\/schema\/logo\/image\/","url":"","contentUrl":"","caption":"News EST LYONNAIS"},"image":{"@id":"https:\/\/newsestlyonnais.fr\/site\/#\/schema\/logo\/image\/"}},{"@type":"Person","@id":"https:\/\/newsestlyonnais.fr\/site\/#\/schema\/person\/3230d5615f390bb808365d673001e887","name":"R\u00e9dac. NEWS","sameAs":["http:\/\/www.newsestlyonnais.fr","https:\/\/www.facebook.com\/pascal.oberson.1?fref=ts","https:\/\/fr.linkedin.com\/in\/pascal-oberson-b17045113"],"url":"https:\/\/newsestlyonnais.fr\/site\/author\/nel\/"}]}},"_links":{"self":[{"href":"https:\/\/newsestlyonnais.fr\/site\/wp-json\/wp\/v2\/posts\/16829","targetHints":{"allow":["GET"]}}],"collection":[{"href":"https:\/\/newsestlyonnais.fr\/site\/wp-json\/wp\/v2\/posts"}],"about":[{"href":"https:\/\/newsestlyonnais.fr\/site\/wp-json\/wp\/v2\/types\/post"}],"author":[{"embeddable":true,"href":"https:\/\/newsestlyonnais.fr\/site\/wp-json\/wp\/v2\/users\/4"}],"replies":[{"embeddable":true,"href":"https:\/\/newsestlyonnais.fr\/site\/wp-json\/wp\/v2\/comments?post=16829"}],"version-history":[{"count":0,"href":"https:\/\/newsestlyonnais.fr\/site\/wp-json\/wp\/v2\/posts\/16829\/revisions"}],"wp:attachment":[{"href":"https:\/\/newsestlyonnais.fr\/site\/wp-json\/wp\/v2\/media?parent=16829"}],"wp:term":[{"taxonomy":"category","embeddable":true,"href":"https:\/\/newsestlyonnais.fr\/site\/wp-json\/wp\/v2\/categories?post=16829"},{"taxonomy":"post_tag","embeddable":true,"href":"https:\/\/newsestlyonnais.fr\/site\/wp-json\/wp\/v2\/tags?post=16829"}],"curies":[{"name":"wp","href":"https:\/\/api.w.org\/{rel}","templated":true}]}}