{"id":168752,"date":"2022-11-13T19:19:00","date_gmt":"2022-11-13T18:19:00","guid":{"rendered":"https:\/\/newsestlyonnais.fr\/site\/?p=168752"},"modified":"2022-11-18T08:53:05","modified_gmt":"2022-11-18T07:53:05","slug":"vaulx-en-velin-epilogue-du-tournoi-de-tennis-seniors","status":"publish","type":"post","link":"https:\/\/newsestlyonnais.fr\/site\/2022\/11\/13\/vaulx-en-velin-epilogue-du-tournoi-de-tennis-seniors\/","title":{"rendered":"VAULX-EN-VELIN | Epilogue du tournoi de tennis seniors"},"content":{"rendered":"<p>\u00a0\u00bb Tout s&rsquo;est tr\u00e8s bien pass\u00e9 dans cette comp\u00e9tition qui s&rsquo;est d\u00e9roul\u00e9e sur 3 semaines et 4 week-ends \u00a0\u00bb confie Philippe C\u00e9l\u00e9rien, le juge-arbitre.<\/p>\n<p>\u00a0\u00bb Une tr\u00e8s belle r\u00e9ussite apr\u00e8s les annulations des deux ann\u00e9es pr\u00e9c\u00e9dentes et on a v\u00e9cu deux belles finales \u00a0\u00bb d\u00e9clarait Christophe Izard, pr\u00e9sident du T.C.V.V. depuis juin 2021, lors de la remise des r\u00e9compenses.<\/p>\n<hr \/>\n<p><strong><span style=\"background-color: #000000; color: #ffcc00;\">Les meilleurs parcours<\/span> :<\/strong><\/p>\n<p><strong><span style=\"color: #ffffff; background-color: #000000;\">Tableau f\u00e9minin<\/span> :<\/strong><\/p>\n<ul>\n<li>Christel Amsallem (TC Charbonni\u00e8res, 15) qui a pass\u00e9 6 tours.<\/li>\n<li>du TCVV : Ariane Joseph (30\/3) qui pass\u00e9 4 tours.<\/li>\n<\/ul>\n<p><strong><span style=\"background-color: #000000; color: #ffffff;\">Tableau masculin<\/span> :<\/strong><\/p>\n<ul>\n<li>Yehiel Kahn (TC Lyon, 30\/3) qui a perdu au 6\u00b0 tour.<\/li>\n<li>du TCVV : Christophe Izard (30\/1), Philippe Vignaud (30) et C\u00e9dric Mazille (15\/5) qui ont tous perdu au 4\u00b0 tour.<\/li>\n<\/ul>\n<hr \/>\n<p><strong><span style=\"background-color: #000000; color: #ffcc00;\">Les r\u00e9sultats des phases finales <\/span>:\u00a0 <\/strong><\/p>\n<p><strong><span style=\"color: #ffffff; background-color: #000000;\">Tableau f\u00e9minin<\/span> :<br \/>\n<\/strong><\/p>\n<p><strong><span style=\"text-decoration: underline;\">Demi-finales<\/span> :<br \/>\n<\/strong><\/p>\n<ul>\n<li><strong>Hena Cehanic<\/strong> bat Pauline Grenier (TC St Priest, 4\/6) \u00a0 <strong>7\/5, 6\/2<\/strong>.<\/li>\n<li><strong>Christel Amsallem<\/strong> bat Clarisse Button (ASUL Tennis)\u00a0\u00a0 <strong>6\/4, 6\/3.<\/strong><\/li>\n<\/ul>\n<p><strong><span style=\"text-decoration: underline;\">Finale<\/span> :<\/strong><\/p>\n<ul>\n<li><strong>Hena Cehanic<\/strong> (TC Neuvillois, 4\/6) bat Christel Amsallem (TC Charbonni\u00e8res, 15)\u00a0 <strong>6\/3, 6\/3<\/strong>.<\/li>\n<\/ul>\n<p><img loading=\"lazy\" decoding=\"async\" class=\"aligncenter wp-image-168795 size-large\" src=\"https:\/\/newsestlyonnais.fr\/site\/wp-content\/uploads\/2022\/11\/P1490130-650x488.jpg\" alt=\"\" width=\"650\" height=\"488\" srcset=\"https:\/\/newsestlyonnais.fr\/site\/wp-content\/uploads\/2022\/11\/P1490130-650x488.jpg 650w, https:\/\/newsestlyonnais.fr\/site\/wp-content\/uploads\/2022\/11\/P1490130-400x300.jpg 400w, https:\/\/newsestlyonnais.fr\/site\/wp-content\/uploads\/2022\/11\/P1490130-250x188.jpg 250w, https:\/\/newsestlyonnais.fr\/site\/wp-content\/uploads\/2022\/11\/P1490130-768x576.jpg 768w, https:\/\/newsestlyonnais.fr\/site\/wp-content\/uploads\/2022\/11\/P1490130-150x113.jpg 150w, https:\/\/newsestlyonnais.fr\/site\/wp-content\/uploads\/2022\/11\/P1490130-50x38.jpg 50w, https:\/\/newsestlyonnais.fr\/site\/wp-content\/uploads\/2022\/11\/P1490130-100x75.jpg 100w, https:\/\/newsestlyonnais.fr\/site\/wp-content\/uploads\/2022\/11\/P1490130-200x150.jpg 200w, https:\/\/newsestlyonnais.fr\/site\/wp-content\/uploads\/2022\/11\/P1490130-300x225.jpg 300w, https:\/\/newsestlyonnais.fr\/site\/wp-content\/uploads\/2022\/11\/P1490130-350x263.jpg 350w, https:\/\/newsestlyonnais.fr\/site\/wp-content\/uploads\/2022\/11\/P1490130-450x338.jpg 450w, https:\/\/newsestlyonnais.fr\/site\/wp-content\/uploads\/2022\/11\/P1490130-500x375.jpg 500w, https:\/\/newsestlyonnais.fr\/site\/wp-content\/uploads\/2022\/11\/P1490130-550x413.jpg 550w, https:\/\/newsestlyonnais.fr\/site\/wp-content\/uploads\/2022\/11\/P1490130-800x600.jpg 800w, https:\/\/newsestlyonnais.fr\/site\/wp-content\/uploads\/2022\/11\/P1490130.jpg 1200w\" sizes=\"auto, (max-width: 650px) 100vw, 650px\" \/><\/p>\n<hr \/>\n<p><strong><span style=\"background-color: #000000; color: #ffffff;\">Tableau masculin<\/span> :<\/strong><\/p>\n<p><strong><span style=\"text-decoration: underline;\">Demi-finales<\/span> :<br \/>\n<\/strong><\/p>\n<ul>\n<li><strong>Hugo Pallez <\/strong>bat Pierre Abric (TC Villefranche, 4\/6) \u00a0\u00a0 <strong>6\/1, 6\/4.<br \/>\n<\/strong><\/li>\n<li><strong>Jules Pelatan <\/strong>bat Tristan Duval (TC Municipal 5, 3\/6)\u00a0\u00a0\u00a0 <strong>6\/1, 6\/0.<\/strong><\/li>\n<\/ul>\n<p><strong><span style=\"text-decoration: underline;\">Finale<\/span> :<\/strong><\/p>\n<ul>\n<li><strong>Hugo Pallez <\/strong>(TC Montanay, 2\/6) bat Jules Pelatan (TC Lyon, 5\/6) \u00a0 \u00a0 <strong>6\/7, 6\/2, 6\/2<\/strong>.<\/li>\n<\/ul>\n<p><img loading=\"lazy\" decoding=\"async\" class=\"aligncenter size-large wp-image-168803\" src=\"https:\/\/newsestlyonnais.fr\/site\/wp-content\/uploads\/2022\/11\/P1490132-650x488.jpg\" alt=\"\" width=\"650\" height=\"488\" srcset=\"https:\/\/newsestlyonnais.fr\/site\/wp-content\/uploads\/2022\/11\/P1490132-650x488.jpg 650w, https:\/\/newsestlyonnais.fr\/site\/wp-content\/uploads\/2022\/11\/P1490132-400x300.jpg 400w, https:\/\/newsestlyonnais.fr\/site\/wp-content\/uploads\/2022\/11\/P1490132-250x188.jpg 250w, https:\/\/newsestlyonnais.fr\/site\/wp-content\/uploads\/2022\/11\/P1490132-768x576.jpg 768w, https:\/\/newsestlyonnais.fr\/site\/wp-content\/uploads\/2022\/11\/P1490132-150x113.jpg 150w, https:\/\/newsestlyonnais.fr\/site\/wp-content\/uploads\/2022\/11\/P1490132-50x38.jpg 50w, https:\/\/newsestlyonnais.fr\/site\/wp-content\/uploads\/2022\/11\/P1490132-100x75.jpg 100w, https:\/\/newsestlyonnais.fr\/site\/wp-content\/uploads\/2022\/11\/P1490132-200x150.jpg 200w, https:\/\/newsestlyonnais.fr\/site\/wp-content\/uploads\/2022\/11\/P1490132-300x225.jpg 300w, https:\/\/newsestlyonnais.fr\/site\/wp-content\/uploads\/2022\/11\/P1490132-350x263.jpg 350w, https:\/\/newsestlyonnais.fr\/site\/wp-content\/uploads\/2022\/11\/P1490132-450x338.jpg 450w, https:\/\/newsestlyonnais.fr\/site\/wp-content\/uploads\/2022\/11\/P1490132-500x375.jpg 500w, https:\/\/newsestlyonnais.fr\/site\/wp-content\/uploads\/2022\/11\/P1490132-550x413.jpg 550w, https:\/\/newsestlyonnais.fr\/site\/wp-content\/uploads\/2022\/11\/P1490132-800x600.jpg 800w, https:\/\/newsestlyonnais.fr\/site\/wp-content\/uploads\/2022\/11\/P1490132.jpg 1200w\" sizes=\"auto, (max-width: 650px) 100vw, 650px\" \/><\/p>\n<hr \/>\n<hr \/>\n<p>&nbsp;<\/p>\n","protected":false},"excerpt":{"rendered":"<p>Organis\u00e9 par le Tennis Club de Vaulx-en-Velin, il a rassembl\u00e9 344 participants dont 63 f\u00e9minines et s&rsquo;achevait ce dimanche apr\u00e8s-midi.<\/p>\n","protected":false},"author":4,"featured_media":168791,"comment_status":"open","ping_status":"open","sticky":false,"template":"","format":"standard","meta":{"footnotes":""},"categories":[2,2992,2991,28],"tags":[2429,2049,2216,2006],"class_list":["post-168752","post","type-post","status-publish","format-standard","has-post-thumbnail","hentry","category-sports","category-tennis-padel","category-tennis-tennis-table-sports","category-vaulx-en-velin","tag-tcvv","tag-tennis","tag-tournoi","tag-vaulx-en-velin"],"yoast_head":"<!-- This site is optimized with the Yoast SEO plugin v27.2 - https:\/\/yoast.com\/product\/yoast-seo-wordpress\/ -->\n<title>VAULX-EN-VELIN | Epilogue du tournoi de tennis seniors - News Est Lyonnais<\/title>\n<meta name=\"description\" content=\"VAULX-EN-VELIN | Epilogue du tournoi de tennis seniors\" \/>\n<meta name=\"robots\" content=\"index, follow, max-snippet:-1, max-image-preview:large, max-video-preview:-1\" \/>\n<link rel=\"canonical\" href=\"https:\/\/newsestlyonnais.fr\/site\/2022\/11\/13\/vaulx-en-velin-epilogue-du-tournoi-de-tennis-seniors\/\" \/>\n<meta property=\"og:locale\" content=\"fr_FR\" \/>\n<meta property=\"og:type\" content=\"article\" \/>\n<meta property=\"og:title\" content=\"VAULX-EN-VELIN | Epilogue du tournoi de tennis seniors - News Est Lyonnais\" \/>\n<meta property=\"og:description\" content=\"VAULX-EN-VELIN | Epilogue du tournoi de tennis seniors\" \/>\n<meta property=\"og:url\" content=\"https:\/\/newsestlyonnais.fr\/site\/2022\/11\/13\/vaulx-en-velin-epilogue-du-tournoi-de-tennis-seniors\/\" \/>\n<meta property=\"og:site_name\" content=\"News Est Lyonnais\" \/>\n<meta property=\"article:author\" content=\"https:\/\/www.facebook.com\/pascal.oberson.1?fref=ts\" \/>\n<meta property=\"article:published_time\" content=\"2022-11-13T18:19:00+00:00\" \/>\n<meta property=\"article:modified_time\" content=\"2022-11-18T07:53:05+00:00\" \/>\n<meta property=\"og:image\" content=\"https:\/\/newsestlyonnais.fr\/site\/wp-content\/uploads\/2022\/11\/P1490134.jpg\" \/>\n\t<meta property=\"og:image:width\" content=\"1200\" \/>\n\t<meta property=\"og:image:height\" content=\"900\" \/>\n\t<meta property=\"og:image:type\" content=\"image\/jpeg\" \/>\n<meta name=\"author\" content=\"R\u00e9dac. NEWS\" \/>\n<meta name=\"twitter:card\" content=\"summary_large_image\" \/>\n<meta name=\"twitter:label1\" content=\"\u00c9crit par\" \/>\n\t<meta name=\"twitter:data1\" content=\"R\u00e9dac. NEWS\" \/>\n\t<meta name=\"twitter:label2\" content=\"Dur\u00e9e de lecture estim\u00e9e\" \/>\n\t<meta name=\"twitter:data2\" content=\"2 minutes\" \/>\n<script type=\"application\/ld+json\" class=\"yoast-schema-graph\">{\"@context\":\"https:\/\/schema.org\",\"@graph\":[{\"@type\":\"Article\",\"@id\":\"https:\/\/newsestlyonnais.fr\/site\/2022\/11\/13\/vaulx-en-velin-epilogue-du-tournoi-de-tennis-seniors\/#article\",\"isPartOf\":{\"@id\":\"https:\/\/newsestlyonnais.fr\/site\/2022\/11\/13\/vaulx-en-velin-epilogue-du-tournoi-de-tennis-seniors\/\"},\"author\":{\"name\":\"R\u00e9dac. NEWS\",\"@id\":\"https:\/\/newsestlyonnais.fr\/site\/#\/schema\/person\/3230d5615f390bb808365d673001e887\"},\"headline\":\"VAULX-EN-VELIN | Epilogue du tournoi de tennis seniors\",\"datePublished\":\"2022-11-13T18:19:00+00:00\",\"dateModified\":\"2022-11-18T07:53:05+00:00\",\"mainEntityOfPage\":{\"@id\":\"https:\/\/newsestlyonnais.fr\/site\/2022\/11\/13\/vaulx-en-velin-epilogue-du-tournoi-de-tennis-seniors\/\"},\"wordCount\":193,\"commentCount\":1,\"publisher\":{\"@id\":\"https:\/\/newsestlyonnais.fr\/site\/#organization\"},\"image\":{\"@id\":\"https:\/\/newsestlyonnais.fr\/site\/2022\/11\/13\/vaulx-en-velin-epilogue-du-tournoi-de-tennis-seniors\/#primaryimage\"},\"thumbnailUrl\":\"https:\/\/newsestlyonnais.fr\/site\/wp-content\/uploads\/2022\/11\/P1490134.jpg\",\"keywords\":[\"TCVV\",\"TENNIS\",\"TOURNOI\",\"VAULX EN VELIN\"],\"articleSection\":[\"Sports\",\"Tennis | Padel\",\"Tennis | Tennis de table\",\"Vaulx-en-Velin\"],\"inLanguage\":\"fr-FR\",\"potentialAction\":[{\"@type\":\"CommentAction\",\"name\":\"Comment\",\"target\":[\"https:\/\/newsestlyonnais.fr\/site\/2022\/11\/13\/vaulx-en-velin-epilogue-du-tournoi-de-tennis-seniors\/#respond\"]}]},{\"@type\":\"WebPage\",\"@id\":\"https:\/\/newsestlyonnais.fr\/site\/2022\/11\/13\/vaulx-en-velin-epilogue-du-tournoi-de-tennis-seniors\/\",\"url\":\"https:\/\/newsestlyonnais.fr\/site\/2022\/11\/13\/vaulx-en-velin-epilogue-du-tournoi-de-tennis-seniors\/\",\"name\":\"VAULX-EN-VELIN | Epilogue du tournoi de tennis seniors - News Est Lyonnais\",\"isPartOf\":{\"@id\":\"https:\/\/newsestlyonnais.fr\/site\/#website\"},\"primaryImageOfPage\":{\"@id\":\"https:\/\/newsestlyonnais.fr\/site\/2022\/11\/13\/vaulx-en-velin-epilogue-du-tournoi-de-tennis-seniors\/#primaryimage\"},\"image\":{\"@id\":\"https:\/\/newsestlyonnais.fr\/site\/2022\/11\/13\/vaulx-en-velin-epilogue-du-tournoi-de-tennis-seniors\/#primaryimage\"},\"thumbnailUrl\":\"https:\/\/newsestlyonnais.fr\/site\/wp-content\/uploads\/2022\/11\/P1490134.jpg\",\"datePublished\":\"2022-11-13T18:19:00+00:00\",\"dateModified\":\"2022-11-18T07:53:05+00:00\",\"description\":\"VAULX-EN-VELIN | Epilogue du tournoi de tennis seniors\",\"breadcrumb\":{\"@id\":\"https:\/\/newsestlyonnais.fr\/site\/2022\/11\/13\/vaulx-en-velin-epilogue-du-tournoi-de-tennis-seniors\/#breadcrumb\"},\"inLanguage\":\"fr-FR\",\"potentialAction\":[{\"@type\":\"ReadAction\",\"target\":[\"https:\/\/newsestlyonnais.fr\/site\/2022\/11\/13\/vaulx-en-velin-epilogue-du-tournoi-de-tennis-seniors\/\"]}]},{\"@type\":\"ImageObject\",\"inLanguage\":\"fr-FR\",\"@id\":\"https:\/\/newsestlyonnais.fr\/site\/2022\/11\/13\/vaulx-en-velin-epilogue-du-tournoi-de-tennis-seniors\/#primaryimage\",\"url\":\"https:\/\/newsestlyonnais.fr\/site\/wp-content\/uploads\/2022\/11\/P1490134.jpg\",\"contentUrl\":\"https:\/\/newsestlyonnais.fr\/site\/wp-content\/uploads\/2022\/11\/P1490134.jpg\",\"width\":1200,\"height\":900},{\"@type\":\"BreadcrumbList\",\"@id\":\"https:\/\/newsestlyonnais.fr\/site\/2022\/11\/13\/vaulx-en-velin-epilogue-du-tournoi-de-tennis-seniors\/#breadcrumb\",\"itemListElement\":[{\"@type\":\"ListItem\",\"position\":1,\"name\":\"Accueil\",\"item\":\"https:\/\/newsestlyonnais.fr\/site\/\"},{\"@type\":\"ListItem\",\"position\":2,\"name\":\"VAULX-EN-VELIN | Epilogue du tournoi de tennis seniors\"}]},{\"@type\":\"WebSite\",\"@id\":\"https:\/\/newsestlyonnais.fr\/site\/#website\",\"url\":\"https:\/\/newsestlyonnais.fr\/site\/\",\"name\":\"News Est Lyonnais\",\"description\":\"L&#039;actualit\u00e9 au plus pr\u00e8s\",\"publisher\":{\"@id\":\"https:\/\/newsestlyonnais.fr\/site\/#organization\"},\"potentialAction\":[{\"@type\":\"SearchAction\",\"target\":{\"@type\":\"EntryPoint\",\"urlTemplate\":\"https:\/\/newsestlyonnais.fr\/site\/?s={search_term_string}\"},\"query-input\":{\"@type\":\"PropertyValueSpecification\",\"valueRequired\":true,\"valueName\":\"search_term_string\"}}],\"inLanguage\":\"fr-FR\"},{\"@type\":\"Organization\",\"@id\":\"https:\/\/newsestlyonnais.fr\/site\/#organization\",\"name\":\"News EST LYONNAIS\",\"url\":\"https:\/\/newsestlyonnais.fr\/site\/\",\"logo\":{\"@type\":\"ImageObject\",\"inLanguage\":\"fr-FR\",\"@id\":\"https:\/\/newsestlyonnais.fr\/site\/#\/schema\/logo\/image\/\",\"url\":\"\",\"contentUrl\":\"\",\"caption\":\"News EST LYONNAIS\"},\"image\":{\"@id\":\"https:\/\/newsestlyonnais.fr\/site\/#\/schema\/logo\/image\/\"}},{\"@type\":\"Person\",\"@id\":\"https:\/\/newsestlyonnais.fr\/site\/#\/schema\/person\/3230d5615f390bb808365d673001e887\",\"name\":\"R\u00e9dac. NEWS\",\"sameAs\":[\"http:\/\/www.newsestlyonnais.fr\",\"https:\/\/www.facebook.com\/pascal.oberson.1?fref=ts\",\"https:\/\/fr.linkedin.com\/in\/pascal-oberson-b17045113\"],\"url\":\"https:\/\/newsestlyonnais.fr\/site\/author\/nel\/\"}]}<\/script>\n<!-- \/ Yoast SEO plugin. -->","yoast_head_json":{"title":"VAULX-EN-VELIN | Epilogue du tournoi de tennis seniors - News Est Lyonnais","description":"VAULX-EN-VELIN | Epilogue du tournoi de tennis seniors","robots":{"index":"index","follow":"follow","max-snippet":"max-snippet:-1","max-image-preview":"max-image-preview:large","max-video-preview":"max-video-preview:-1"},"canonical":"https:\/\/newsestlyonnais.fr\/site\/2022\/11\/13\/vaulx-en-velin-epilogue-du-tournoi-de-tennis-seniors\/","og_locale":"fr_FR","og_type":"article","og_title":"VAULX-EN-VELIN | Epilogue du tournoi de tennis seniors - News Est Lyonnais","og_description":"VAULX-EN-VELIN | Epilogue du tournoi de tennis seniors","og_url":"https:\/\/newsestlyonnais.fr\/site\/2022\/11\/13\/vaulx-en-velin-epilogue-du-tournoi-de-tennis-seniors\/","og_site_name":"News Est Lyonnais","article_author":"https:\/\/www.facebook.com\/pascal.oberson.1?fref=ts","article_published_time":"2022-11-13T18:19:00+00:00","article_modified_time":"2022-11-18T07:53:05+00:00","og_image":[{"width":1200,"height":900,"url":"https:\/\/newsestlyonnais.fr\/site\/wp-content\/uploads\/2022\/11\/P1490134.jpg","type":"image\/jpeg"}],"author":"R\u00e9dac. NEWS","twitter_card":"summary_large_image","twitter_misc":{"\u00c9crit par":"R\u00e9dac. NEWS","Dur\u00e9e de lecture estim\u00e9e":"2 minutes"},"schema":{"@context":"https:\/\/schema.org","@graph":[{"@type":"Article","@id":"https:\/\/newsestlyonnais.fr\/site\/2022\/11\/13\/vaulx-en-velin-epilogue-du-tournoi-de-tennis-seniors\/#article","isPartOf":{"@id":"https:\/\/newsestlyonnais.fr\/site\/2022\/11\/13\/vaulx-en-velin-epilogue-du-tournoi-de-tennis-seniors\/"},"author":{"name":"R\u00e9dac. NEWS","@id":"https:\/\/newsestlyonnais.fr\/site\/#\/schema\/person\/3230d5615f390bb808365d673001e887"},"headline":"VAULX-EN-VELIN | Epilogue du tournoi de tennis seniors","datePublished":"2022-11-13T18:19:00+00:00","dateModified":"2022-11-18T07:53:05+00:00","mainEntityOfPage":{"@id":"https:\/\/newsestlyonnais.fr\/site\/2022\/11\/13\/vaulx-en-velin-epilogue-du-tournoi-de-tennis-seniors\/"},"wordCount":193,"commentCount":1,"publisher":{"@id":"https:\/\/newsestlyonnais.fr\/site\/#organization"},"image":{"@id":"https:\/\/newsestlyonnais.fr\/site\/2022\/11\/13\/vaulx-en-velin-epilogue-du-tournoi-de-tennis-seniors\/#primaryimage"},"thumbnailUrl":"https:\/\/newsestlyonnais.fr\/site\/wp-content\/uploads\/2022\/11\/P1490134.jpg","keywords":["TCVV","TENNIS","TOURNOI","VAULX EN VELIN"],"articleSection":["Sports","Tennis | Padel","Tennis | Tennis de table","Vaulx-en-Velin"],"inLanguage":"fr-FR","potentialAction":[{"@type":"CommentAction","name":"Comment","target":["https:\/\/newsestlyonnais.fr\/site\/2022\/11\/13\/vaulx-en-velin-epilogue-du-tournoi-de-tennis-seniors\/#respond"]}]},{"@type":"WebPage","@id":"https:\/\/newsestlyonnais.fr\/site\/2022\/11\/13\/vaulx-en-velin-epilogue-du-tournoi-de-tennis-seniors\/","url":"https:\/\/newsestlyonnais.fr\/site\/2022\/11\/13\/vaulx-en-velin-epilogue-du-tournoi-de-tennis-seniors\/","name":"VAULX-EN-VELIN | Epilogue du tournoi de tennis seniors - News Est Lyonnais","isPartOf":{"@id":"https:\/\/newsestlyonnais.fr\/site\/#website"},"primaryImageOfPage":{"@id":"https:\/\/newsestlyonnais.fr\/site\/2022\/11\/13\/vaulx-en-velin-epilogue-du-tournoi-de-tennis-seniors\/#primaryimage"},"image":{"@id":"https:\/\/newsestlyonnais.fr\/site\/2022\/11\/13\/vaulx-en-velin-epilogue-du-tournoi-de-tennis-seniors\/#primaryimage"},"thumbnailUrl":"https:\/\/newsestlyonnais.fr\/site\/wp-content\/uploads\/2022\/11\/P1490134.jpg","datePublished":"2022-11-13T18:19:00+00:00","dateModified":"2022-11-18T07:53:05+00:00","description":"VAULX-EN-VELIN | Epilogue du tournoi de tennis seniors","breadcrumb":{"@id":"https:\/\/newsestlyonnais.fr\/site\/2022\/11\/13\/vaulx-en-velin-epilogue-du-tournoi-de-tennis-seniors\/#breadcrumb"},"inLanguage":"fr-FR","potentialAction":[{"@type":"ReadAction","target":["https:\/\/newsestlyonnais.fr\/site\/2022\/11\/13\/vaulx-en-velin-epilogue-du-tournoi-de-tennis-seniors\/"]}]},{"@type":"ImageObject","inLanguage":"fr-FR","@id":"https:\/\/newsestlyonnais.fr\/site\/2022\/11\/13\/vaulx-en-velin-epilogue-du-tournoi-de-tennis-seniors\/#primaryimage","url":"https:\/\/newsestlyonnais.fr\/site\/wp-content\/uploads\/2022\/11\/P1490134.jpg","contentUrl":"https:\/\/newsestlyonnais.fr\/site\/wp-content\/uploads\/2022\/11\/P1490134.jpg","width":1200,"height":900},{"@type":"BreadcrumbList","@id":"https:\/\/newsestlyonnais.fr\/site\/2022\/11\/13\/vaulx-en-velin-epilogue-du-tournoi-de-tennis-seniors\/#breadcrumb","itemListElement":[{"@type":"ListItem","position":1,"name":"Accueil","item":"https:\/\/newsestlyonnais.fr\/site\/"},{"@type":"ListItem","position":2,"name":"VAULX-EN-VELIN | Epilogue du tournoi de tennis seniors"}]},{"@type":"WebSite","@id":"https:\/\/newsestlyonnais.fr\/site\/#website","url":"https:\/\/newsestlyonnais.fr\/site\/","name":"News Est Lyonnais","description":"L&#039;actualit\u00e9 au plus pr\u00e8s","publisher":{"@id":"https:\/\/newsestlyonnais.fr\/site\/#organization"},"potentialAction":[{"@type":"SearchAction","target":{"@type":"EntryPoint","urlTemplate":"https:\/\/newsestlyonnais.fr\/site\/?s={search_term_string}"},"query-input":{"@type":"PropertyValueSpecification","valueRequired":true,"valueName":"search_term_string"}}],"inLanguage":"fr-FR"},{"@type":"Organization","@id":"https:\/\/newsestlyonnais.fr\/site\/#organization","name":"News EST LYONNAIS","url":"https:\/\/newsestlyonnais.fr\/site\/","logo":{"@type":"ImageObject","inLanguage":"fr-FR","@id":"https:\/\/newsestlyonnais.fr\/site\/#\/schema\/logo\/image\/","url":"","contentUrl":"","caption":"News EST LYONNAIS"},"image":{"@id":"https:\/\/newsestlyonnais.fr\/site\/#\/schema\/logo\/image\/"}},{"@type":"Person","@id":"https:\/\/newsestlyonnais.fr\/site\/#\/schema\/person\/3230d5615f390bb808365d673001e887","name":"R\u00e9dac. NEWS","sameAs":["http:\/\/www.newsestlyonnais.fr","https:\/\/www.facebook.com\/pascal.oberson.1?fref=ts","https:\/\/fr.linkedin.com\/in\/pascal-oberson-b17045113"],"url":"https:\/\/newsestlyonnais.fr\/site\/author\/nel\/"}]}},"_links":{"self":[{"href":"https:\/\/newsestlyonnais.fr\/site\/wp-json\/wp\/v2\/posts\/168752","targetHints":{"allow":["GET"]}}],"collection":[{"href":"https:\/\/newsestlyonnais.fr\/site\/wp-json\/wp\/v2\/posts"}],"about":[{"href":"https:\/\/newsestlyonnais.fr\/site\/wp-json\/wp\/v2\/types\/post"}],"author":[{"embeddable":true,"href":"https:\/\/newsestlyonnais.fr\/site\/wp-json\/wp\/v2\/users\/4"}],"replies":[{"embeddable":true,"href":"https:\/\/newsestlyonnais.fr\/site\/wp-json\/wp\/v2\/comments?post=168752"}],"version-history":[{"count":0,"href":"https:\/\/newsestlyonnais.fr\/site\/wp-json\/wp\/v2\/posts\/168752\/revisions"}],"wp:featuredmedia":[{"embeddable":true,"href":"https:\/\/newsestlyonnais.fr\/site\/wp-json\/wp\/v2\/media\/168791"}],"wp:attachment":[{"href":"https:\/\/newsestlyonnais.fr\/site\/wp-json\/wp\/v2\/media?parent=168752"}],"wp:term":[{"taxonomy":"category","embeddable":true,"href":"https:\/\/newsestlyonnais.fr\/site\/wp-json\/wp\/v2\/categories?post=168752"},{"taxonomy":"post_tag","embeddable":true,"href":"https:\/\/newsestlyonnais.fr\/site\/wp-json\/wp\/v2\/tags?post=168752"}],"curies":[{"name":"wp","href":"https:\/\/api.w.org\/{rel}","templated":true}]}}