{"id":169856,"date":"2022-11-25T09:03:19","date_gmt":"2022-11-25T08:03:19","guid":{"rendered":"https:\/\/newsestlyonnais.fr\/site\/?p=169856"},"modified":"2022-11-25T09:03:19","modified_gmt":"2022-11-25T08:03:19","slug":"mions-la-ville-mise-a-lhonneur-et-primee","status":"publish","type":"post","link":"https:\/\/newsestlyonnais.fr\/site\/2022\/11\/25\/mions-la-ville-mise-a-lhonneur-et-primee\/","title":{"rendered":"MIONS | La ville mise \u00e0 l\u2019honneur et prim\u00e9e"},"content":{"rendered":"<p><img loading=\"lazy\" decoding=\"async\" class=\"alignleft wp-image-169866\" src=\"https:\/\/newsestlyonnais.fr\/site\/wp-content\/uploads\/2022\/11\/M.-Paccaud-et-Monsieur-le-Maire-M.-Cohen-400x889.jpg\" alt=\"\" width=\"180\" height=\"400\" srcset=\"https:\/\/newsestlyonnais.fr\/site\/wp-content\/uploads\/2022\/11\/M.-Paccaud-et-Monsieur-le-Maire-M.-Cohen-400x889.jpg 400w, https:\/\/newsestlyonnais.fr\/site\/wp-content\/uploads\/2022\/11\/M.-Paccaud-et-Monsieur-le-Maire-M.-Cohen-250x556.jpg 250w, https:\/\/newsestlyonnais.fr\/site\/wp-content\/uploads\/2022\/11\/M.-Paccaud-et-Monsieur-le-Maire-M.-Cohen-150x333.jpg 150w, https:\/\/newsestlyonnais.fr\/site\/wp-content\/uploads\/2022\/11\/M.-Paccaud-et-Monsieur-le-Maire-M.-Cohen-50x111.jpg 50w, https:\/\/newsestlyonnais.fr\/site\/wp-content\/uploads\/2022\/11\/M.-Paccaud-et-Monsieur-le-Maire-M.-Cohen-100x222.jpg 100w, https:\/\/newsestlyonnais.fr\/site\/wp-content\/uploads\/2022\/11\/M.-Paccaud-et-Monsieur-le-Maire-M.-Cohen-200x444.jpg 200w, https:\/\/newsestlyonnais.fr\/site\/wp-content\/uploads\/2022\/11\/M.-Paccaud-et-Monsieur-le-Maire-M.-Cohen-300x667.jpg 300w, https:\/\/newsestlyonnais.fr\/site\/wp-content\/uploads\/2022\/11\/M.-Paccaud-et-Monsieur-le-Maire-M.-Cohen-350x778.jpg 350w, https:\/\/newsestlyonnais.fr\/site\/wp-content\/uploads\/2022\/11\/M.-Paccaud-et-Monsieur-le-Maire-M.-Cohen-450x1000.jpg 450w, https:\/\/newsestlyonnais.fr\/site\/wp-content\/uploads\/2022\/11\/M.-Paccaud-et-Monsieur-le-Maire-M.-Cohen-500x1111.jpg 500w, https:\/\/newsestlyonnais.fr\/site\/wp-content\/uploads\/2022\/11\/M.-Paccaud-et-Monsieur-le-Maire-M.-Cohen.jpg 540w\" sizes=\"auto, (max-width: 180px) 100vw, 180px\" \/>Mercredi soir, aux Folies Berg\u00e8res \u00e0 Paris, le Maire Claude Cohen et Micka\u00ebl Paccaud (Adjoint \u00e0 la s\u00e9curit\u00e9 et \u00e0 la pr\u00e9vention des risques) ont re\u00e7u le \u00ab\u00a0Grand prix des Maires RMC\u00a0\u00bb pour r\u00e9compenser l&rsquo;action de la ville et son engagement dans la gestion des risques et l&rsquo;accompagnement de ses habitants :<\/p>\n<ul>\n<li>la formation de plus de 1.600 habitants aux gestes qui sauvent<\/li>\n<li>l&rsquo;anticipation, le pilotage et l&rsquo;action avec un Plan Communal de Sauvegarde et sa cellule de crise<\/li>\n<li>l&rsquo;installation d&rsquo;une station m\u00e9t\u00e9o pour information au plus pr\u00e8s du terrain et r\u00e9activit\u00e9 de chaque instant<\/li>\n<li>la dotation de 30 d\u00e9fibrillateurs sur toute la commune avec pour certains des acc\u00e8s 24 h\/24<\/li>\n<li>la p\u00e9rennisation du volontariat avec la cr\u00e9ation d&rsquo;une r\u00e9sidence sociale au profit des sapeurs pompiers volontaires<\/li>\n<\/ul>\n<hr \/>\n<p>Une grande fiert\u00e9 de voir les efforts et les actions coordonn\u00e9es avec nos partenaires r\u00e9compens\u00e9s : SDMIS &#8211; Sapeurs-pompiers du d\u00e9partement du Rh\u00f4ne et de la m\u00e9tropole de Lyon Vilogia Groupe,Secouristes Fran\u00e7ais Croix Blanche de Mions, Lyon M\u00e9t\u00e9o, F\u00e9d\u00e9ration nationale des sapeurs-pompiers de France, Grandes Gueules RMC.<\/p>\n<p>Mickael Paccaud a \u00e9galement pu t\u00e9moigner de l\u2019engagement de la ville et valoriser le Grand Prix des Maires RMC Edition 2022 lors de l\u2019\u00e9mission les Grandes Gueules sur RMC jeudi matin.<\/p>\n<p>L&rsquo;id\u00e9e centrale est d&rsquo;appr\u00e9hender la gestion des risques le plus en amont possible pour mieux l&rsquo;int\u00e9grer et la piloter ensuite : Face \u00e0 la recrudescence des ph\u00e9nom\u00e8nes impactant nos territoires (inondations, feux, s\u00e9ismes, risques sanitaires&#8230;), et aux enjeux \u00e0 venir, la ville, \u00e9chelon territorial op\u00e9rationnel, doit s&rsquo;organiser pour apporter une r\u00e9ponse locale fiable et efficace. C\u2019est dans ce contexte que s\u2019est structur\u00e9 la culture, la gestion des risques et la pr\u00e9vention.<\/p>\n<hr \/>\n<p><span style=\"background-color: #000000; color: #ffffff;\"><strong><span style=\"font-size: 14pt; background-color: #000000;\">Pr\u00e9venir, accompagner, piloter, progresser :<\/span><\/strong><\/span><\/p>\n<p><strong>Pr\u00e9venir, c&rsquo;est l&rsquo;utilisation des outils majeurs<\/strong> :<\/p>\n<ul>\n<li>l\u2019installation d\u2019une station m\u00e9t\u00e9o propre \u00e0 Mions, permettant d\u2019\u00eatre pr\u00e9venu en temps r\u00e9el des \u00e9pisodes climatiques importants : l&rsquo;information est cibl\u00e9e, fiable, op\u00e9rationnelle et r\u00e9active<\/li>\n<li>la contractualisation d\u2019un partenariat avec un m\u00e9t\u00e9orologue qui nous aide \u00e0 piloter les \u00e9v\u00e8nements climatiques critiques et permet d\u2019anticiper les organisations<\/li>\n<\/ul>\n<p><strong>Accompagner,<\/strong><\/p>\n<ul>\n<li>C\u2019est former les habitants \u00ab aux gestes qui sauvent \u00bb gr\u00e2ce \u00e0 l&rsquo;organisation de plusieurs sessions gratuites. Plus de 1600 citoyens ont form\u00e9s gratuitement depuis 2018<\/li>\n<li>C\u2019est installer plus de 30 d\u00e9fibrillateurs sur la commune : sur l&rsquo;ensemble des b\u00e2timents communaux, en ext\u00e9rieurs sur les lieux sportifs, de mani\u00e8re embarqu\u00e9e dans les v\u00e9hicules de la police municipale, disponibles 24\/24.<\/li>\n<li>C\u2019est p\u00e9renniser le volontariat en permettant aux jeunes sapeurs pompiers volontaires de rester sur la commune et de continuer \u00e0 servir les habitants : la ville a inaugur\u00e9 en septembre dernier, la premi\u00e8re r\u00e9sidence sociale \u00e0 destination des jeunes actifs et plus particuli\u00e8rement des sapeurs pompiers volontaires avec 9 logements r\u00e9serv\u00e9s en partenariat avec Vilogia et le SDMIS. Tr\u00e8s concr\u00e8tement, ce programme a permis de loger 7 sapeurs pompiers volontaires et faire 3 nouvelles recrues.<\/li>\n<\/ul>\n<p><strong>Piloter, c\u2019est coordonner les parties prenantes par :<\/strong><\/p>\n<ul>\n<li>le d\u00e9clenchement de PCS de pr\u00e9-crise pour une op\u00e9rationnalit\u00e9 imm\u00e9diate : d\u00e8s la pr\u00e9venance d&rsquo;un \u00e9pisode climatique particulier, ou d&rsquo;un \u00e9v\u00e8nement exceptionnel, une cellule de pr\u00e9-crise est d\u00e9clench\u00e9e, permettant une r\u00e9activit\u00e9 plus forte et imm\u00e9diate : cette cellule est d\u00e9clench\u00e9e 3 \u00e0 5 fois par an sans que le PCS soit forc\u00e9ment d\u00e9clench\u00e9.<\/li>\n<li>la pr\u00e9paration \u00e0 la gestion de crise avec notre cellule de crise communale compos\u00e9e d&rsquo;experts : le m\u00e9t\u00e9orologue, des citoyens experts dans les domaines cl\u00e9s, les \u00e9lus parties prenantes, les services de la ville dont les services techniques, la police municipale, la communication les directeurs de p\u00f4les, les pompiers, les gendarmes, les r\u00e9f\u00e9rents citoyen pour faciliter la remont\u00e9e d&rsquo;information.<\/li>\n<li>Ce pilotage et cette agilit\u00e9 se sont illustr\u00e9es notamment pour g\u00e9rer localement la crise du COVID et o\u00f9 notre plan communal de Sauvegarde s\u2019est r\u00e9v\u00e9l\u00e9 un outil indispensable. Les acteurs sont r\u00e9unis au sein d\u2019un m\u00eame outil permettant de partager rapidement et collectivement les informations et l\u2019\u00e9tat de la situation en temps r\u00e9el.<\/li>\n<li>Piloter c\u2019est \u00e9galement informer, gr\u00e2ce \u00e0 une application de pr\u00e9vention des risques, \u00e0 laquelle plus de 4.000 habitants sont abonn\u00e9s, et qui permet de pr\u00e9venir de tout risque majeur par sms.<\/li>\n<li>Une application citoyenne en cours de d\u00e9ploiement permet de diffuser de l\u2019information en temps r\u00e9el en fonction des abonnements d\u2019actualit\u00e9 choisis par les citoyens.<\/li>\n<\/ul>\n<p><strong>Progresser :<\/strong><\/p>\n<ul>\n<li>Gr\u00e2ce au retour d&rsquo;exp\u00e9rience et Bilan, car il est n\u00e9cessaire m\u00eame primordial de partager pour s&rsquo;am\u00e9liorer.<\/li>\n<\/ul>\n<p>La pr\u00e9vention des risques, c&rsquo;est un enjeu majeur, o\u00f9 l\u2019\u00e9ducation nationale doit jouer son r\u00f4le ! Plus on apprend jeune plus on garde des r\u00e9flexes et on v\u00e9hicule des valeurs et messages. Faisons de notre jeunesse des ambassadeurs.<\/p>\n<hr \/>\n<p><span style=\"font-size: 14pt; background-color: #000000; color: #ffffff;\"><em><strong>Source : Communiqu\u00e9 de la Ville de Mions<\/strong> <\/em><\/span><\/p>\n","protected":false},"excerpt":{"rendered":"<p>Elue ville r\u00e9siliente au Grand prix des Maires RMC Edition 2022, dans la cat\u00e9gorie ville sociale et responsable pour son action en faveur de la pr\u00e9vention et la culture du risque.<\/p>\n","protected":false},"author":4,"featured_media":127583,"comment_status":"open","ping_status":"open","sticky":false,"template":"","format":"standard","meta":{"footnotes":""},"categories":[2217,1286,18,1753],"tags":[2019,2128,4195],"class_list":["post-169856","post","type-post","status-publish","format-standard","has-post-thumbnail","hentry","category-breves-de-lest-lyonnais","category-mions","category-sante-bien-etre-solidarite","category-secours-securite","tag-concours","tag-mions","tag-prevention"],"yoast_head":"<!-- This site is optimized with the Yoast SEO plugin v27.2 - https:\/\/yoast.com\/product\/yoast-seo-wordpress\/ -->\n<title>MIONS | La ville mise \u00e0 l\u2019honneur et prim\u00e9e - News Est Lyonnais<\/title>\n<meta name=\"description\" content=\"MIONS | La ville mise \u00e0 l\u2019honneur et prim\u00e9e\" \/>\n<meta name=\"robots\" content=\"index, follow, max-snippet:-1, max-image-preview:large, max-video-preview:-1\" \/>\n<link rel=\"canonical\" href=\"https:\/\/newsestlyonnais.fr\/site\/2022\/11\/25\/mions-la-ville-mise-a-lhonneur-et-primee\/\" \/>\n<meta property=\"og:locale\" content=\"fr_FR\" \/>\n<meta property=\"og:type\" content=\"article\" \/>\n<meta property=\"og:title\" content=\"MIONS | La ville mise \u00e0 l\u2019honneur et prim\u00e9e - News Est Lyonnais\" \/>\n<meta property=\"og:description\" content=\"MIONS | La ville mise \u00e0 l\u2019honneur et prim\u00e9e\" \/>\n<meta property=\"og:url\" content=\"https:\/\/newsestlyonnais.fr\/site\/2022\/11\/25\/mions-la-ville-mise-a-lhonneur-et-primee\/\" \/>\n<meta property=\"og:site_name\" content=\"News Est Lyonnais\" \/>\n<meta property=\"article:author\" content=\"https:\/\/www.facebook.com\/pascal.oberson.1?fref=ts\" \/>\n<meta property=\"article:published_time\" content=\"2022-11-25T08:03:19+00:00\" \/>\n<meta property=\"og:image\" content=\"https:\/\/newsestlyonnais.fr\/site\/wp-content\/uploads\/2021\/03\/Photo-Mairie-MIONS-pour-Pascal-Oberson-3.jpg\" \/>\n\t<meta property=\"og:image:width\" content=\"1200\" \/>\n\t<meta property=\"og:image:height\" content=\"900\" \/>\n\t<meta property=\"og:image:type\" content=\"image\/jpeg\" \/>\n<meta name=\"author\" content=\"R\u00e9dac. NEWS\" \/>\n<meta name=\"twitter:card\" content=\"summary_large_image\" \/>\n<meta name=\"twitter:label1\" content=\"\u00c9crit par\" \/>\n\t<meta name=\"twitter:data1\" content=\"R\u00e9dac. NEWS\" \/>\n\t<meta name=\"twitter:label2\" content=\"Dur\u00e9e de lecture estim\u00e9e\" \/>\n\t<meta name=\"twitter:data2\" content=\"5 minutes\" \/>\n<script type=\"application\/ld+json\" class=\"yoast-schema-graph\">{\"@context\":\"https:\/\/schema.org\",\"@graph\":[{\"@type\":\"Article\",\"@id\":\"https:\/\/newsestlyonnais.fr\/site\/2022\/11\/25\/mions-la-ville-mise-a-lhonneur-et-primee\/#article\",\"isPartOf\":{\"@id\":\"https:\/\/newsestlyonnais.fr\/site\/2022\/11\/25\/mions-la-ville-mise-a-lhonneur-et-primee\/\"},\"author\":{\"name\":\"R\u00e9dac. NEWS\",\"@id\":\"https:\/\/newsestlyonnais.fr\/site\/#\/schema\/person\/3230d5615f390bb808365d673001e887\"},\"headline\":\"MIONS | La ville mise \u00e0 l\u2019honneur et prim\u00e9e\",\"datePublished\":\"2022-11-25T08:03:19+00:00\",\"mainEntityOfPage\":{\"@id\":\"https:\/\/newsestlyonnais.fr\/site\/2022\/11\/25\/mions-la-ville-mise-a-lhonneur-et-primee\/\"},\"wordCount\":880,\"commentCount\":0,\"publisher\":{\"@id\":\"https:\/\/newsestlyonnais.fr\/site\/#organization\"},\"image\":{\"@id\":\"https:\/\/newsestlyonnais.fr\/site\/2022\/11\/25\/mions-la-ville-mise-a-lhonneur-et-primee\/#primaryimage\"},\"thumbnailUrl\":\"https:\/\/newsestlyonnais.fr\/site\/wp-content\/uploads\/2021\/03\/Photo-Mairie-MIONS-pour-Pascal-Oberson-3.jpg\",\"keywords\":[\"CONCOURS\",\"MIONS\",\"PREVENTION\"],\"articleSection\":[\"Br\u00e8ves de l'Est lyonnais\",\"Mions\",\"Sant\u00e9 | Bien Etre | Solidarit\u00e9\",\"Secours | S\u00e9curit\u00e9\"],\"inLanguage\":\"fr-FR\",\"potentialAction\":[{\"@type\":\"CommentAction\",\"name\":\"Comment\",\"target\":[\"https:\/\/newsestlyonnais.fr\/site\/2022\/11\/25\/mions-la-ville-mise-a-lhonneur-et-primee\/#respond\"]}]},{\"@type\":\"WebPage\",\"@id\":\"https:\/\/newsestlyonnais.fr\/site\/2022\/11\/25\/mions-la-ville-mise-a-lhonneur-et-primee\/\",\"url\":\"https:\/\/newsestlyonnais.fr\/site\/2022\/11\/25\/mions-la-ville-mise-a-lhonneur-et-primee\/\",\"name\":\"MIONS | La ville mise \u00e0 l\u2019honneur et prim\u00e9e - News Est Lyonnais\",\"isPartOf\":{\"@id\":\"https:\/\/newsestlyonnais.fr\/site\/#website\"},\"primaryImageOfPage\":{\"@id\":\"https:\/\/newsestlyonnais.fr\/site\/2022\/11\/25\/mions-la-ville-mise-a-lhonneur-et-primee\/#primaryimage\"},\"image\":{\"@id\":\"https:\/\/newsestlyonnais.fr\/site\/2022\/11\/25\/mions-la-ville-mise-a-lhonneur-et-primee\/#primaryimage\"},\"thumbnailUrl\":\"https:\/\/newsestlyonnais.fr\/site\/wp-content\/uploads\/2021\/03\/Photo-Mairie-MIONS-pour-Pascal-Oberson-3.jpg\",\"datePublished\":\"2022-11-25T08:03:19+00:00\",\"description\":\"MIONS | La ville mise \u00e0 l\u2019honneur et prim\u00e9e\",\"breadcrumb\":{\"@id\":\"https:\/\/newsestlyonnais.fr\/site\/2022\/11\/25\/mions-la-ville-mise-a-lhonneur-et-primee\/#breadcrumb\"},\"inLanguage\":\"fr-FR\",\"potentialAction\":[{\"@type\":\"ReadAction\",\"target\":[\"https:\/\/newsestlyonnais.fr\/site\/2022\/11\/25\/mions-la-ville-mise-a-lhonneur-et-primee\/\"]}]},{\"@type\":\"ImageObject\",\"inLanguage\":\"fr-FR\",\"@id\":\"https:\/\/newsestlyonnais.fr\/site\/2022\/11\/25\/mions-la-ville-mise-a-lhonneur-et-primee\/#primaryimage\",\"url\":\"https:\/\/newsestlyonnais.fr\/site\/wp-content\/uploads\/2021\/03\/Photo-Mairie-MIONS-pour-Pascal-Oberson-3.jpg\",\"contentUrl\":\"https:\/\/newsestlyonnais.fr\/site\/wp-content\/uploads\/2021\/03\/Photo-Mairie-MIONS-pour-Pascal-Oberson-3.jpg\",\"width\":1200,\"height\":900},{\"@type\":\"BreadcrumbList\",\"@id\":\"https:\/\/newsestlyonnais.fr\/site\/2022\/11\/25\/mions-la-ville-mise-a-lhonneur-et-primee\/#breadcrumb\",\"itemListElement\":[{\"@type\":\"ListItem\",\"position\":1,\"name\":\"Accueil\",\"item\":\"https:\/\/newsestlyonnais.fr\/site\/\"},{\"@type\":\"ListItem\",\"position\":2,\"name\":\"MIONS | La ville mise \u00e0 l\u2019honneur et prim\u00e9e\"}]},{\"@type\":\"WebSite\",\"@id\":\"https:\/\/newsestlyonnais.fr\/site\/#website\",\"url\":\"https:\/\/newsestlyonnais.fr\/site\/\",\"name\":\"News Est Lyonnais\",\"description\":\"L&#039;actualit\u00e9 au plus pr\u00e8s\",\"publisher\":{\"@id\":\"https:\/\/newsestlyonnais.fr\/site\/#organization\"},\"potentialAction\":[{\"@type\":\"SearchAction\",\"target\":{\"@type\":\"EntryPoint\",\"urlTemplate\":\"https:\/\/newsestlyonnais.fr\/site\/?s={search_term_string}\"},\"query-input\":{\"@type\":\"PropertyValueSpecification\",\"valueRequired\":true,\"valueName\":\"search_term_string\"}}],\"inLanguage\":\"fr-FR\"},{\"@type\":\"Organization\",\"@id\":\"https:\/\/newsestlyonnais.fr\/site\/#organization\",\"name\":\"News EST LYONNAIS\",\"url\":\"https:\/\/newsestlyonnais.fr\/site\/\",\"logo\":{\"@type\":\"ImageObject\",\"inLanguage\":\"fr-FR\",\"@id\":\"https:\/\/newsestlyonnais.fr\/site\/#\/schema\/logo\/image\/\",\"url\":\"\",\"contentUrl\":\"\",\"caption\":\"News EST LYONNAIS\"},\"image\":{\"@id\":\"https:\/\/newsestlyonnais.fr\/site\/#\/schema\/logo\/image\/\"}},{\"@type\":\"Person\",\"@id\":\"https:\/\/newsestlyonnais.fr\/site\/#\/schema\/person\/3230d5615f390bb808365d673001e887\",\"name\":\"R\u00e9dac. NEWS\",\"sameAs\":[\"http:\/\/www.newsestlyonnais.fr\",\"https:\/\/www.facebook.com\/pascal.oberson.1?fref=ts\",\"https:\/\/fr.linkedin.com\/in\/pascal-oberson-b17045113\"],\"url\":\"https:\/\/newsestlyonnais.fr\/site\/author\/nel\/\"}]}<\/script>\n<!-- \/ Yoast SEO plugin. -->","yoast_head_json":{"title":"MIONS | La ville mise \u00e0 l\u2019honneur et prim\u00e9e - News Est Lyonnais","description":"MIONS | La ville mise \u00e0 l\u2019honneur et prim\u00e9e","robots":{"index":"index","follow":"follow","max-snippet":"max-snippet:-1","max-image-preview":"max-image-preview:large","max-video-preview":"max-video-preview:-1"},"canonical":"https:\/\/newsestlyonnais.fr\/site\/2022\/11\/25\/mions-la-ville-mise-a-lhonneur-et-primee\/","og_locale":"fr_FR","og_type":"article","og_title":"MIONS | La ville mise \u00e0 l\u2019honneur et prim\u00e9e - News Est Lyonnais","og_description":"MIONS | La ville mise \u00e0 l\u2019honneur et prim\u00e9e","og_url":"https:\/\/newsestlyonnais.fr\/site\/2022\/11\/25\/mions-la-ville-mise-a-lhonneur-et-primee\/","og_site_name":"News Est Lyonnais","article_author":"https:\/\/www.facebook.com\/pascal.oberson.1?fref=ts","article_published_time":"2022-11-25T08:03:19+00:00","og_image":[{"width":1200,"height":900,"url":"https:\/\/newsestlyonnais.fr\/site\/wp-content\/uploads\/2021\/03\/Photo-Mairie-MIONS-pour-Pascal-Oberson-3.jpg","type":"image\/jpeg"}],"author":"R\u00e9dac. NEWS","twitter_card":"summary_large_image","twitter_misc":{"\u00c9crit par":"R\u00e9dac. NEWS","Dur\u00e9e de lecture estim\u00e9e":"5 minutes"},"schema":{"@context":"https:\/\/schema.org","@graph":[{"@type":"Article","@id":"https:\/\/newsestlyonnais.fr\/site\/2022\/11\/25\/mions-la-ville-mise-a-lhonneur-et-primee\/#article","isPartOf":{"@id":"https:\/\/newsestlyonnais.fr\/site\/2022\/11\/25\/mions-la-ville-mise-a-lhonneur-et-primee\/"},"author":{"name":"R\u00e9dac. NEWS","@id":"https:\/\/newsestlyonnais.fr\/site\/#\/schema\/person\/3230d5615f390bb808365d673001e887"},"headline":"MIONS | La ville mise \u00e0 l\u2019honneur et prim\u00e9e","datePublished":"2022-11-25T08:03:19+00:00","mainEntityOfPage":{"@id":"https:\/\/newsestlyonnais.fr\/site\/2022\/11\/25\/mions-la-ville-mise-a-lhonneur-et-primee\/"},"wordCount":880,"commentCount":0,"publisher":{"@id":"https:\/\/newsestlyonnais.fr\/site\/#organization"},"image":{"@id":"https:\/\/newsestlyonnais.fr\/site\/2022\/11\/25\/mions-la-ville-mise-a-lhonneur-et-primee\/#primaryimage"},"thumbnailUrl":"https:\/\/newsestlyonnais.fr\/site\/wp-content\/uploads\/2021\/03\/Photo-Mairie-MIONS-pour-Pascal-Oberson-3.jpg","keywords":["CONCOURS","MIONS","PREVENTION"],"articleSection":["Br\u00e8ves de l'Est lyonnais","Mions","Sant\u00e9 | Bien Etre | Solidarit\u00e9","Secours | S\u00e9curit\u00e9"],"inLanguage":"fr-FR","potentialAction":[{"@type":"CommentAction","name":"Comment","target":["https:\/\/newsestlyonnais.fr\/site\/2022\/11\/25\/mions-la-ville-mise-a-lhonneur-et-primee\/#respond"]}]},{"@type":"WebPage","@id":"https:\/\/newsestlyonnais.fr\/site\/2022\/11\/25\/mions-la-ville-mise-a-lhonneur-et-primee\/","url":"https:\/\/newsestlyonnais.fr\/site\/2022\/11\/25\/mions-la-ville-mise-a-lhonneur-et-primee\/","name":"MIONS | La ville mise \u00e0 l\u2019honneur et prim\u00e9e - News Est Lyonnais","isPartOf":{"@id":"https:\/\/newsestlyonnais.fr\/site\/#website"},"primaryImageOfPage":{"@id":"https:\/\/newsestlyonnais.fr\/site\/2022\/11\/25\/mions-la-ville-mise-a-lhonneur-et-primee\/#primaryimage"},"image":{"@id":"https:\/\/newsestlyonnais.fr\/site\/2022\/11\/25\/mions-la-ville-mise-a-lhonneur-et-primee\/#primaryimage"},"thumbnailUrl":"https:\/\/newsestlyonnais.fr\/site\/wp-content\/uploads\/2021\/03\/Photo-Mairie-MIONS-pour-Pascal-Oberson-3.jpg","datePublished":"2022-11-25T08:03:19+00:00","description":"MIONS | La ville mise \u00e0 l\u2019honneur et prim\u00e9e","breadcrumb":{"@id":"https:\/\/newsestlyonnais.fr\/site\/2022\/11\/25\/mions-la-ville-mise-a-lhonneur-et-primee\/#breadcrumb"},"inLanguage":"fr-FR","potentialAction":[{"@type":"ReadAction","target":["https:\/\/newsestlyonnais.fr\/site\/2022\/11\/25\/mions-la-ville-mise-a-lhonneur-et-primee\/"]}]},{"@type":"ImageObject","inLanguage":"fr-FR","@id":"https:\/\/newsestlyonnais.fr\/site\/2022\/11\/25\/mions-la-ville-mise-a-lhonneur-et-primee\/#primaryimage","url":"https:\/\/newsestlyonnais.fr\/site\/wp-content\/uploads\/2021\/03\/Photo-Mairie-MIONS-pour-Pascal-Oberson-3.jpg","contentUrl":"https:\/\/newsestlyonnais.fr\/site\/wp-content\/uploads\/2021\/03\/Photo-Mairie-MIONS-pour-Pascal-Oberson-3.jpg","width":1200,"height":900},{"@type":"BreadcrumbList","@id":"https:\/\/newsestlyonnais.fr\/site\/2022\/11\/25\/mions-la-ville-mise-a-lhonneur-et-primee\/#breadcrumb","itemListElement":[{"@type":"ListItem","position":1,"name":"Accueil","item":"https:\/\/newsestlyonnais.fr\/site\/"},{"@type":"ListItem","position":2,"name":"MIONS | La ville mise \u00e0 l\u2019honneur et prim\u00e9e"}]},{"@type":"WebSite","@id":"https:\/\/newsestlyonnais.fr\/site\/#website","url":"https:\/\/newsestlyonnais.fr\/site\/","name":"News Est Lyonnais","description":"L&#039;actualit\u00e9 au plus pr\u00e8s","publisher":{"@id":"https:\/\/newsestlyonnais.fr\/site\/#organization"},"potentialAction":[{"@type":"SearchAction","target":{"@type":"EntryPoint","urlTemplate":"https:\/\/newsestlyonnais.fr\/site\/?s={search_term_string}"},"query-input":{"@type":"PropertyValueSpecification","valueRequired":true,"valueName":"search_term_string"}}],"inLanguage":"fr-FR"},{"@type":"Organization","@id":"https:\/\/newsestlyonnais.fr\/site\/#organization","name":"News EST LYONNAIS","url":"https:\/\/newsestlyonnais.fr\/site\/","logo":{"@type":"ImageObject","inLanguage":"fr-FR","@id":"https:\/\/newsestlyonnais.fr\/site\/#\/schema\/logo\/image\/","url":"","contentUrl":"","caption":"News EST LYONNAIS"},"image":{"@id":"https:\/\/newsestlyonnais.fr\/site\/#\/schema\/logo\/image\/"}},{"@type":"Person","@id":"https:\/\/newsestlyonnais.fr\/site\/#\/schema\/person\/3230d5615f390bb808365d673001e887","name":"R\u00e9dac. NEWS","sameAs":["http:\/\/www.newsestlyonnais.fr","https:\/\/www.facebook.com\/pascal.oberson.1?fref=ts","https:\/\/fr.linkedin.com\/in\/pascal-oberson-b17045113"],"url":"https:\/\/newsestlyonnais.fr\/site\/author\/nel\/"}]}},"_links":{"self":[{"href":"https:\/\/newsestlyonnais.fr\/site\/wp-json\/wp\/v2\/posts\/169856","targetHints":{"allow":["GET"]}}],"collection":[{"href":"https:\/\/newsestlyonnais.fr\/site\/wp-json\/wp\/v2\/posts"}],"about":[{"href":"https:\/\/newsestlyonnais.fr\/site\/wp-json\/wp\/v2\/types\/post"}],"author":[{"embeddable":true,"href":"https:\/\/newsestlyonnais.fr\/site\/wp-json\/wp\/v2\/users\/4"}],"replies":[{"embeddable":true,"href":"https:\/\/newsestlyonnais.fr\/site\/wp-json\/wp\/v2\/comments?post=169856"}],"version-history":[{"count":0,"href":"https:\/\/newsestlyonnais.fr\/site\/wp-json\/wp\/v2\/posts\/169856\/revisions"}],"wp:featuredmedia":[{"embeddable":true,"href":"https:\/\/newsestlyonnais.fr\/site\/wp-json\/wp\/v2\/media\/127583"}],"wp:attachment":[{"href":"https:\/\/newsestlyonnais.fr\/site\/wp-json\/wp\/v2\/media?parent=169856"}],"wp:term":[{"taxonomy":"category","embeddable":true,"href":"https:\/\/newsestlyonnais.fr\/site\/wp-json\/wp\/v2\/categories?post=169856"},{"taxonomy":"post_tag","embeddable":true,"href":"https:\/\/newsestlyonnais.fr\/site\/wp-json\/wp\/v2\/tags?post=169856"}],"curies":[{"name":"wp","href":"https:\/\/api.w.org\/{rel}","templated":true}]}}