{"id":169937,"date":"2022-11-25T18:07:33","date_gmt":"2022-11-25T17:07:33","guid":{"rendered":"https:\/\/newsestlyonnais.fr\/site\/?p=169937"},"modified":"2022-11-29T15:16:49","modified_gmt":"2022-11-29T14:16:49","slug":"lyon-laaa-performe-aux-championnats-de-france-de-marathon","status":"publish","type":"post","link":"https:\/\/newsestlyonnais.fr\/site\/2022\/11\/25\/lyon-laaa-performe-aux-championnats-de-france-de-marathon\/","title":{"rendered":"LYON | L\u2019AaA performe aux championnats de France de marathon"},"content":{"rendered":"<div dir=\"auto\" role=\"none\">\n<div class=\"x1h91t0o xkh2ocl x78zum5 xdt5ytf x13a6bvl xcrg951 x1r145dm\" role=\"none\">\n<div class=\"x78zum5 xh8yej3\" role=\"none\">\n<div class=\"x1cy8zhl x78zum5 xdt5ytf x193iq5w x1n2onr6\">\n<div class=\"x78zum5 xh8yej3\" role=\"none\">\n<div class=\"x1tlxs6b x1g8br2z x1gn5b1j x14ctfv x1okitfd x6ikm8r x10wlt62 x1mzt3pk x1y1aw1k xn6708d xwib8y2 x1ye3gou x1n2onr6 x13faqbe x1vjfegm x10y3i5r\" role=\"none\">\n<div class=\"x9f619 x1n2onr6 x1ja2u2z __fb-dark-mode\" role=\"none\">\n<div dir=\"auto\" role=\"none\">\n<p><strong>La formation f\u00e9minine<\/strong> (<strong>PHOTO A LA UNE<\/strong>) est revenue de Normandie avec un bilan des plus positifs et une <strong>7\u00b0 place par \u00e9quipes avec un temps cumul\u00e9 de 10 h 20.<\/strong><\/p>\n<p>Elle \u00e9tait compos\u00e9e de :<\/p>\n<ul>\n<li><strong>Juliana Carbonnel<strong>, <\/strong><\/strong>class\u00e9e 222\u00b0<strong><strong> en 3 h 03&rsquo;15. <\/strong><\/strong>Elle bat son record personnel (3 h 15&prime;)<strong><strong> et \u00e9tablit ainsi le nouveau record du club <\/strong><\/strong>qui appartenait depuis 1989 \u00e0 Monique Zubler, qui avait couru \u00e0 Annecy en 3 h 10\u201940.<\/li>\n<li><strong>Val\u00e9rie Bonnardel<\/strong>, class\u00e9e 418\u00b0 en <strong>3 h 29&prime; 57<\/strong>.<\/li>\n<li><strong>St\u00e9phanie Laurent<\/strong>, class\u00e9e 505\u00b0 en <strong>3 h 47&prime; 20<\/strong>.<\/li>\n<\/ul>\n<hr \/>\n<p>D&rsquo;autre part, du c\u00f4t\u00e9 masculin, <strong>Julien Perol <\/strong>a \u00e9galement r\u00e9ussi une belle perf, se classant 102\u00b0<strong> en 3 h 00&prime; 57. <\/strong><\/p>\n<p><span style=\"color: #ffffff; background-color: #000000;\"><strong>NOTA<\/strong> <\/span>: <span style=\"color: #ffffff;\"><strong>NO <\/strong><\/span><\/p>\n<ul>\n<li>Plusieurs membres du club participeront \u00e0 la Saint\u00e9lyon, sur diff\u00e9rents formats.<\/li>\n<li><strong>La prochaine Heure sur piste est programm\u00e9e pour le 28 avril 2023.<\/strong><\/li>\n<\/ul>\n<hr \/>\n<div id='gallery-1' class='gallery galleryid-169937 gallery-columns-3 gallery-size-thumbnail'><figure class='gallery-item'>\n\t\t\t<div class='gallery-icon portrait'>\n\t\t\t\t<a href='https:\/\/newsestlyonnais.fr\/site\/2022\/11\/25\/lyon-laaa-performe-aux-championnats-de-france-de-marathon\/rpt\/'><img loading=\"lazy\" decoding=\"async\" width=\"113\" height=\"150\" src=\"https:\/\/newsestlyonnais.fr\/site\/wp-content\/uploads\/2022\/11\/juliana_julien-250x333.jpg\" class=\"attachment-thumbnail size-thumbnail\" alt=\"\" aria-describedby=\"gallery-1-169949\" srcset=\"https:\/\/newsestlyonnais.fr\/site\/wp-content\/uploads\/2022\/11\/juliana_julien-250x333.jpg 250w, https:\/\/newsestlyonnais.fr\/site\/wp-content\/uploads\/2022\/11\/juliana_julien-400x533.jpg 400w, https:\/\/newsestlyonnais.fr\/site\/wp-content\/uploads\/2022\/11\/juliana_julien-650x867.jpg 650w, https:\/\/newsestlyonnais.fr\/site\/wp-content\/uploads\/2022\/11\/juliana_julien-768x1024.jpg 768w, https:\/\/newsestlyonnais.fr\/site\/wp-content\/uploads\/2022\/11\/juliana_julien-150x200.jpg 150w, https:\/\/newsestlyonnais.fr\/site\/wp-content\/uploads\/2022\/11\/juliana_julien-50x67.jpg 50w, https:\/\/newsestlyonnais.fr\/site\/wp-content\/uploads\/2022\/11\/juliana_julien-100x133.jpg 100w, https:\/\/newsestlyonnais.fr\/site\/wp-content\/uploads\/2022\/11\/juliana_julien-200x267.jpg 200w, https:\/\/newsestlyonnais.fr\/site\/wp-content\/uploads\/2022\/11\/juliana_julien-300x400.jpg 300w, https:\/\/newsestlyonnais.fr\/site\/wp-content\/uploads\/2022\/11\/juliana_julien-350x467.jpg 350w, https:\/\/newsestlyonnais.fr\/site\/wp-content\/uploads\/2022\/11\/juliana_julien-450x600.jpg 450w, https:\/\/newsestlyonnais.fr\/site\/wp-content\/uploads\/2022\/11\/juliana_julien-500x667.jpg 500w, https:\/\/newsestlyonnais.fr\/site\/wp-content\/uploads\/2022\/11\/juliana_julien-550x733.jpg 550w, https:\/\/newsestlyonnais.fr\/site\/wp-content\/uploads\/2022\/11\/juliana_julien-800x1067.jpg 800w, https:\/\/newsestlyonnais.fr\/site\/wp-content\/uploads\/2022\/11\/juliana_julien.jpg 900w\" sizes=\"auto, (max-width: 113px) 100vw, 113px\" \/><\/a>\n\t\t\t<\/div>\n\t\t\t\t<figcaption class='wp-caption-text gallery-caption' id='gallery-1-169949'>\n\t\t\t\tJulien Perol et Juliana Carbonnel\n\t\t\t\t<\/figcaption><\/figure><figure class='gallery-item'>\n\t\t\t<div class='gallery-icon portrait'>\n\t\t\t\t<a href='https:\/\/newsestlyonnais.fr\/site\/2022\/11\/25\/lyon-laaa-performe-aux-championnats-de-france-de-marathon\/juliana\/'><img loading=\"lazy\" decoding=\"async\" width=\"84\" height=\"150\" src=\"https:\/\/newsestlyonnais.fr\/site\/wp-content\/uploads\/2022\/11\/juliana-250x444.jpg\" class=\"attachment-thumbnail size-thumbnail\" alt=\"\" aria-describedby=\"gallery-1-169950\" srcset=\"https:\/\/newsestlyonnais.fr\/site\/wp-content\/uploads\/2022\/11\/juliana-250x444.jpg 250w, https:\/\/newsestlyonnais.fr\/site\/wp-content\/uploads\/2022\/11\/juliana-400x711.jpg 400w, https:\/\/newsestlyonnais.fr\/site\/wp-content\/uploads\/2022\/11\/juliana-150x267.jpg 150w, https:\/\/newsestlyonnais.fr\/site\/wp-content\/uploads\/2022\/11\/juliana-50x89.jpg 50w, https:\/\/newsestlyonnais.fr\/site\/wp-content\/uploads\/2022\/11\/juliana-100x178.jpg 100w, https:\/\/newsestlyonnais.fr\/site\/wp-content\/uploads\/2022\/11\/juliana-200x356.jpg 200w, https:\/\/newsestlyonnais.fr\/site\/wp-content\/uploads\/2022\/11\/juliana-300x533.jpg 300w, https:\/\/newsestlyonnais.fr\/site\/wp-content\/uploads\/2022\/11\/juliana-350x622.jpg 350w, https:\/\/newsestlyonnais.fr\/site\/wp-content\/uploads\/2022\/11\/juliana-450x800.jpg 450w, https:\/\/newsestlyonnais.fr\/site\/wp-content\/uploads\/2022\/11\/juliana-500x889.jpg 500w, https:\/\/newsestlyonnais.fr\/site\/wp-content\/uploads\/2022\/11\/juliana.jpg 540w\" sizes=\"auto, (max-width: 84px) 100vw, 84px\" \/><\/a>\n\t\t\t<\/div>\n\t\t\t\t<figcaption class='wp-caption-text gallery-caption' id='gallery-1-169950'>\n\t\t\t\tJuliana\n\t\t\t\t<\/figcaption><\/figure><figure class='gallery-item'>\n\t\t\t<div class='gallery-icon landscape'>\n\t\t\t\t<a href='https:\/\/newsestlyonnais.fr\/site\/2022\/11\/25\/caluire-un-titre-et-deux-podiums-pour-las-caluire-athle-au-championnat-de-france-de-marathon\/attachment\/1668513691288\/'><img loading=\"lazy\" decoding=\"async\" width=\"150\" height=\"150\" src=\"https:\/\/newsestlyonnais.fr\/site\/wp-content\/uploads\/2022\/11\/1668513691288-250x249.jpg\" class=\"attachment-thumbnail size-thumbnail\" alt=\"\" srcset=\"https:\/\/newsestlyonnais.fr\/site\/wp-content\/uploads\/2022\/11\/1668513691288-250x249.jpg 250w, https:\/\/newsestlyonnais.fr\/site\/wp-content\/uploads\/2022\/11\/1668513691288-400x399.jpg 400w, https:\/\/newsestlyonnais.fr\/site\/wp-content\/uploads\/2022\/11\/1668513691288-150x150.jpg 150w, https:\/\/newsestlyonnais.fr\/site\/wp-content\/uploads\/2022\/11\/1668513691288-50x50.jpg 50w, https:\/\/newsestlyonnais.fr\/site\/wp-content\/uploads\/2022\/11\/1668513691288-100x100.jpg 100w, https:\/\/newsestlyonnais.fr\/site\/wp-content\/uploads\/2022\/11\/1668513691288-200x200.jpg 200w, https:\/\/newsestlyonnais.fr\/site\/wp-content\/uploads\/2022\/11\/1668513691288-300x299.jpg 300w, https:\/\/newsestlyonnais.fr\/site\/wp-content\/uploads\/2022\/11\/1668513691288-350x349.jpg 350w, https:\/\/newsestlyonnais.fr\/site\/wp-content\/uploads\/2022\/11\/1668513691288-450x449.jpg 450w, https:\/\/newsestlyonnais.fr\/site\/wp-content\/uploads\/2022\/11\/1668513691288.jpg 480w\" sizes=\"auto, (max-width: 150px) 100vw, 150px\" \/><\/a>\n\t\t\t<\/div><\/figure>\n\t\t<\/div>\n\n<hr \/>\n<\/div>\n<\/div>\n<\/div>\n<\/div>\n<\/div>\n<\/div>\n<\/div>\n<\/div>\n<div class=\"\">\n<div class=\"x78zum5 xdt5ytf x1n2onr6\" tabindex=\"0\" role=\"gridcell\" data-scope=\"messages_table\" data-release-focus-from=\"CLICK\">\n<div class=\"x78zum5\" role=\"none\">\n<div class=\"x78zum5 x1iyjqo2 xs83m0k xeuugli\" role=\"none\">\n<div class=\"x1h91t0o xkh2ocl x78zum5 xdt5ytf x13a6bvl xcrg951 x1r145dm\" role=\"none\">\n<div class=\"x78zum5 xh8yej3\" role=\"none\">\n<div class=\"x1cy8zhl x78zum5 xdt5ytf x193iq5w x1n2onr6\">\n<div class=\"x78zum5 xh8yej3\" role=\"none\">\n<div class=\"x1g8br2z x1gn5b1j x14ctfv x1okitfd x6ikm8r x10wlt62 x1mzt3pk x1y1aw1k xn6708d xwib8y2 x1ye3gou x1n2onr6 x13faqbe x1vjfegm x1lcm9me x10y3i5r\" role=\"none\">\n<div class=\"x9f619 x1n2onr6 x1ja2u2z __fb-dark-mode\" role=\"none\">\n<div class=\"x6prxxf x1fc57z9 x1yc453h x126k92a xzsf02u\" dir=\"auto\" role=\"none\"><span style=\"font-size: 14pt; background-color: #000000;\"><em><strong><span style=\"color: #ffffff;\">Toute l&rsquo;ACTU de l\u2019AaA Lyon sur : <\/span><span style=\"color: #3366ff;\"><a style=\"background-color: #000000; color: #3366ff;\" href=\"http:\/\/aaalyon.fr\"><span style=\"color: #ffffff;\"><span style=\"color: #3366ff;\">h<\/span><\/span>ttp:\/\/aaalyon.fr<\/a><\/span><\/strong><\/em><\/span><\/div>\n<\/div>\n<\/div>\n<\/div>\n<\/div>\n<\/div>\n<\/div>\n<\/div>\n<\/div>\n<div dir=\"auto\" role=\"none\"><\/div>\n<\/div>\n<\/div>\n","protected":false},"excerpt":{"rendered":"<p>Quatre membres de l&rsquo;Association amicale des Athl\u00e8tes de Lyon participaient dimanche \u00e0 Deauville \u00e0 cette comp\u00e9tition nationale sur la distance mythique.<\/p>\n","protected":false},"author":4,"featured_media":169943,"comment_status":"open","ping_status":"open","sticky":false,"template":"","format":"standard","meta":{"footnotes":""},"categories":[2968,1625,3250,2],"tags":[2658,2702,2077,2515],"class_list":["post-169937","post","type-post","status-publish","format-standard","has-post-thumbnail","hentry","category-athle-course-pied-marche","category-lyon","category-recits-de-course-portraits-interviews","category-sports","tag-aaal","tag-championnats-france","tag-lyon","tag-marathon"],"yoast_head":"<!-- This site is optimized with the Yoast SEO plugin v27.2 - https:\/\/yoast.com\/product\/yoast-seo-wordpress\/ -->\n<title>LYON | L\u2019AaA performe aux championnats de France de marathon - News Est Lyonnais<\/title>\n<meta name=\"description\" content=\"LYON | L\u2019AaA performe aux championnats de France de marathon\" \/>\n<meta name=\"robots\" content=\"index, follow, max-snippet:-1, max-image-preview:large, max-video-preview:-1\" \/>\n<link rel=\"canonical\" href=\"https:\/\/newsestlyonnais.fr\/site\/2022\/11\/25\/lyon-laaa-performe-aux-championnats-de-france-de-marathon\/\" \/>\n<meta property=\"og:locale\" content=\"fr_FR\" \/>\n<meta property=\"og:type\" content=\"article\" \/>\n<meta property=\"og:title\" content=\"LYON | L\u2019AaA performe aux championnats de France de marathon - News Est Lyonnais\" \/>\n<meta property=\"og:description\" content=\"LYON | L\u2019AaA performe aux championnats de France de marathon\" \/>\n<meta property=\"og:url\" content=\"https:\/\/newsestlyonnais.fr\/site\/2022\/11\/25\/lyon-laaa-performe-aux-championnats-de-france-de-marathon\/\" \/>\n<meta property=\"og:site_name\" content=\"News Est Lyonnais\" \/>\n<meta property=\"article:author\" content=\"https:\/\/www.facebook.com\/pascal.oberson.1?fref=ts\" \/>\n<meta property=\"article:published_time\" content=\"2022-11-25T17:07:33+00:00\" \/>\n<meta property=\"article:modified_time\" content=\"2022-11-29T14:16:49+00:00\" \/>\n<meta property=\"og:image\" content=\"https:\/\/newsestlyonnais.fr\/site\/wp-content\/uploads\/2022\/11\/stephanie_valerie_juliana.jpg\" \/>\n\t<meta property=\"og:image:width\" content=\"1200\" \/>\n\t<meta property=\"og:image:height\" content=\"900\" \/>\n\t<meta property=\"og:image:type\" content=\"image\/jpeg\" \/>\n<meta name=\"author\" content=\"R\u00e9dac. NEWS\" \/>\n<meta name=\"twitter:card\" content=\"summary_large_image\" \/>\n<meta name=\"twitter:label1\" content=\"\u00c9crit par\" \/>\n\t<meta name=\"twitter:data1\" content=\"R\u00e9dac. NEWS\" \/>\n\t<meta name=\"twitter:label2\" content=\"Dur\u00e9e de lecture estim\u00e9e\" \/>\n\t<meta name=\"twitter:data2\" content=\"1 minute\" \/>\n<script type=\"application\/ld+json\" class=\"yoast-schema-graph\">{\"@context\":\"https:\/\/schema.org\",\"@graph\":[{\"@type\":\"Article\",\"@id\":\"https:\/\/newsestlyonnais.fr\/site\/2022\/11\/25\/lyon-laaa-performe-aux-championnats-de-france-de-marathon\/#article\",\"isPartOf\":{\"@id\":\"https:\/\/newsestlyonnais.fr\/site\/2022\/11\/25\/lyon-laaa-performe-aux-championnats-de-france-de-marathon\/\"},\"author\":{\"name\":\"R\u00e9dac. NEWS\",\"@id\":\"https:\/\/newsestlyonnais.fr\/site\/#\/schema\/person\/3230d5615f390bb808365d673001e887\"},\"headline\":\"LYON | L\u2019AaA performe aux championnats de France de marathon\",\"datePublished\":\"2022-11-25T17:07:33+00:00\",\"dateModified\":\"2022-11-29T14:16:49+00:00\",\"mainEntityOfPage\":{\"@id\":\"https:\/\/newsestlyonnais.fr\/site\/2022\/11\/25\/lyon-laaa-performe-aux-championnats-de-france-de-marathon\/\"},\"wordCount\":150,\"commentCount\":0,\"publisher\":{\"@id\":\"https:\/\/newsestlyonnais.fr\/site\/#organization\"},\"image\":{\"@id\":\"https:\/\/newsestlyonnais.fr\/site\/2022\/11\/25\/lyon-laaa-performe-aux-championnats-de-france-de-marathon\/#primaryimage\"},\"thumbnailUrl\":\"https:\/\/newsestlyonnais.fr\/site\/wp-content\/uploads\/2022\/11\/stephanie_valerie_juliana.jpg\",\"keywords\":[\"AAaL\",\"CHAMPIONNATS FRANCE\",\"LYON\",\"MARATHON\"],\"articleSection\":[\"Athl\u00e9 | Course pied | Marche\",\"Lyon\",\"R\u00e9cits de course \/ Portraits \/ Interviews\",\"Sports\"],\"inLanguage\":\"fr-FR\",\"potentialAction\":[{\"@type\":\"CommentAction\",\"name\":\"Comment\",\"target\":[\"https:\/\/newsestlyonnais.fr\/site\/2022\/11\/25\/lyon-laaa-performe-aux-championnats-de-france-de-marathon\/#respond\"]}]},{\"@type\":\"WebPage\",\"@id\":\"https:\/\/newsestlyonnais.fr\/site\/2022\/11\/25\/lyon-laaa-performe-aux-championnats-de-france-de-marathon\/\",\"url\":\"https:\/\/newsestlyonnais.fr\/site\/2022\/11\/25\/lyon-laaa-performe-aux-championnats-de-france-de-marathon\/\",\"name\":\"LYON | L\u2019AaA performe aux championnats de France de marathon - News Est Lyonnais\",\"isPartOf\":{\"@id\":\"https:\/\/newsestlyonnais.fr\/site\/#website\"},\"primaryImageOfPage\":{\"@id\":\"https:\/\/newsestlyonnais.fr\/site\/2022\/11\/25\/lyon-laaa-performe-aux-championnats-de-france-de-marathon\/#primaryimage\"},\"image\":{\"@id\":\"https:\/\/newsestlyonnais.fr\/site\/2022\/11\/25\/lyon-laaa-performe-aux-championnats-de-france-de-marathon\/#primaryimage\"},\"thumbnailUrl\":\"https:\/\/newsestlyonnais.fr\/site\/wp-content\/uploads\/2022\/11\/stephanie_valerie_juliana.jpg\",\"datePublished\":\"2022-11-25T17:07:33+00:00\",\"dateModified\":\"2022-11-29T14:16:49+00:00\",\"description\":\"LYON | L\u2019AaA performe aux championnats de France de marathon\",\"breadcrumb\":{\"@id\":\"https:\/\/newsestlyonnais.fr\/site\/2022\/11\/25\/lyon-laaa-performe-aux-championnats-de-france-de-marathon\/#breadcrumb\"},\"inLanguage\":\"fr-FR\",\"potentialAction\":[{\"@type\":\"ReadAction\",\"target\":[\"https:\/\/newsestlyonnais.fr\/site\/2022\/11\/25\/lyon-laaa-performe-aux-championnats-de-france-de-marathon\/\"]}]},{\"@type\":\"ImageObject\",\"inLanguage\":\"fr-FR\",\"@id\":\"https:\/\/newsestlyonnais.fr\/site\/2022\/11\/25\/lyon-laaa-performe-aux-championnats-de-france-de-marathon\/#primaryimage\",\"url\":\"https:\/\/newsestlyonnais.fr\/site\/wp-content\/uploads\/2022\/11\/stephanie_valerie_juliana.jpg\",\"contentUrl\":\"https:\/\/newsestlyonnais.fr\/site\/wp-content\/uploads\/2022\/11\/stephanie_valerie_juliana.jpg\",\"width\":1200,\"height\":900},{\"@type\":\"BreadcrumbList\",\"@id\":\"https:\/\/newsestlyonnais.fr\/site\/2022\/11\/25\/lyon-laaa-performe-aux-championnats-de-france-de-marathon\/#breadcrumb\",\"itemListElement\":[{\"@type\":\"ListItem\",\"position\":1,\"name\":\"Accueil\",\"item\":\"https:\/\/newsestlyonnais.fr\/site\/\"},{\"@type\":\"ListItem\",\"position\":2,\"name\":\"LYON | L\u2019AaA performe aux championnats de France de marathon\"}]},{\"@type\":\"WebSite\",\"@id\":\"https:\/\/newsestlyonnais.fr\/site\/#website\",\"url\":\"https:\/\/newsestlyonnais.fr\/site\/\",\"name\":\"News Est Lyonnais\",\"description\":\"L&#039;actualit\u00e9 au plus pr\u00e8s\",\"publisher\":{\"@id\":\"https:\/\/newsestlyonnais.fr\/site\/#organization\"},\"potentialAction\":[{\"@type\":\"SearchAction\",\"target\":{\"@type\":\"EntryPoint\",\"urlTemplate\":\"https:\/\/newsestlyonnais.fr\/site\/?s={search_term_string}\"},\"query-input\":{\"@type\":\"PropertyValueSpecification\",\"valueRequired\":true,\"valueName\":\"search_term_string\"}}],\"inLanguage\":\"fr-FR\"},{\"@type\":\"Organization\",\"@id\":\"https:\/\/newsestlyonnais.fr\/site\/#organization\",\"name\":\"News EST LYONNAIS\",\"url\":\"https:\/\/newsestlyonnais.fr\/site\/\",\"logo\":{\"@type\":\"ImageObject\",\"inLanguage\":\"fr-FR\",\"@id\":\"https:\/\/newsestlyonnais.fr\/site\/#\/schema\/logo\/image\/\",\"url\":\"\",\"contentUrl\":\"\",\"caption\":\"News EST LYONNAIS\"},\"image\":{\"@id\":\"https:\/\/newsestlyonnais.fr\/site\/#\/schema\/logo\/image\/\"}},{\"@type\":\"Person\",\"@id\":\"https:\/\/newsestlyonnais.fr\/site\/#\/schema\/person\/3230d5615f390bb808365d673001e887\",\"name\":\"R\u00e9dac. NEWS\",\"sameAs\":[\"http:\/\/www.newsestlyonnais.fr\",\"https:\/\/www.facebook.com\/pascal.oberson.1?fref=ts\",\"https:\/\/fr.linkedin.com\/in\/pascal-oberson-b17045113\"],\"url\":\"https:\/\/newsestlyonnais.fr\/site\/author\/nel\/\"}]}<\/script>\n<!-- \/ Yoast SEO plugin. -->","yoast_head_json":{"title":"LYON | L\u2019AaA performe aux championnats de France de marathon - News Est Lyonnais","description":"LYON | L\u2019AaA performe aux championnats de France de marathon","robots":{"index":"index","follow":"follow","max-snippet":"max-snippet:-1","max-image-preview":"max-image-preview:large","max-video-preview":"max-video-preview:-1"},"canonical":"https:\/\/newsestlyonnais.fr\/site\/2022\/11\/25\/lyon-laaa-performe-aux-championnats-de-france-de-marathon\/","og_locale":"fr_FR","og_type":"article","og_title":"LYON | L\u2019AaA performe aux championnats de France de marathon - News Est Lyonnais","og_description":"LYON | L\u2019AaA performe aux championnats de France de marathon","og_url":"https:\/\/newsestlyonnais.fr\/site\/2022\/11\/25\/lyon-laaa-performe-aux-championnats-de-france-de-marathon\/","og_site_name":"News Est Lyonnais","article_author":"https:\/\/www.facebook.com\/pascal.oberson.1?fref=ts","article_published_time":"2022-11-25T17:07:33+00:00","article_modified_time":"2022-11-29T14:16:49+00:00","og_image":[{"width":1200,"height":900,"url":"https:\/\/newsestlyonnais.fr\/site\/wp-content\/uploads\/2022\/11\/stephanie_valerie_juliana.jpg","type":"image\/jpeg"}],"author":"R\u00e9dac. NEWS","twitter_card":"summary_large_image","twitter_misc":{"\u00c9crit par":"R\u00e9dac. NEWS","Dur\u00e9e de lecture estim\u00e9e":"1 minute"},"schema":{"@context":"https:\/\/schema.org","@graph":[{"@type":"Article","@id":"https:\/\/newsestlyonnais.fr\/site\/2022\/11\/25\/lyon-laaa-performe-aux-championnats-de-france-de-marathon\/#article","isPartOf":{"@id":"https:\/\/newsestlyonnais.fr\/site\/2022\/11\/25\/lyon-laaa-performe-aux-championnats-de-france-de-marathon\/"},"author":{"name":"R\u00e9dac. NEWS","@id":"https:\/\/newsestlyonnais.fr\/site\/#\/schema\/person\/3230d5615f390bb808365d673001e887"},"headline":"LYON | L\u2019AaA performe aux championnats de France de marathon","datePublished":"2022-11-25T17:07:33+00:00","dateModified":"2022-11-29T14:16:49+00:00","mainEntityOfPage":{"@id":"https:\/\/newsestlyonnais.fr\/site\/2022\/11\/25\/lyon-laaa-performe-aux-championnats-de-france-de-marathon\/"},"wordCount":150,"commentCount":0,"publisher":{"@id":"https:\/\/newsestlyonnais.fr\/site\/#organization"},"image":{"@id":"https:\/\/newsestlyonnais.fr\/site\/2022\/11\/25\/lyon-laaa-performe-aux-championnats-de-france-de-marathon\/#primaryimage"},"thumbnailUrl":"https:\/\/newsestlyonnais.fr\/site\/wp-content\/uploads\/2022\/11\/stephanie_valerie_juliana.jpg","keywords":["AAaL","CHAMPIONNATS FRANCE","LYON","MARATHON"],"articleSection":["Athl\u00e9 | Course pied | Marche","Lyon","R\u00e9cits de course \/ Portraits \/ Interviews","Sports"],"inLanguage":"fr-FR","potentialAction":[{"@type":"CommentAction","name":"Comment","target":["https:\/\/newsestlyonnais.fr\/site\/2022\/11\/25\/lyon-laaa-performe-aux-championnats-de-france-de-marathon\/#respond"]}]},{"@type":"WebPage","@id":"https:\/\/newsestlyonnais.fr\/site\/2022\/11\/25\/lyon-laaa-performe-aux-championnats-de-france-de-marathon\/","url":"https:\/\/newsestlyonnais.fr\/site\/2022\/11\/25\/lyon-laaa-performe-aux-championnats-de-france-de-marathon\/","name":"LYON | L\u2019AaA performe aux championnats de France de marathon - News Est Lyonnais","isPartOf":{"@id":"https:\/\/newsestlyonnais.fr\/site\/#website"},"primaryImageOfPage":{"@id":"https:\/\/newsestlyonnais.fr\/site\/2022\/11\/25\/lyon-laaa-performe-aux-championnats-de-france-de-marathon\/#primaryimage"},"image":{"@id":"https:\/\/newsestlyonnais.fr\/site\/2022\/11\/25\/lyon-laaa-performe-aux-championnats-de-france-de-marathon\/#primaryimage"},"thumbnailUrl":"https:\/\/newsestlyonnais.fr\/site\/wp-content\/uploads\/2022\/11\/stephanie_valerie_juliana.jpg","datePublished":"2022-11-25T17:07:33+00:00","dateModified":"2022-11-29T14:16:49+00:00","description":"LYON | L\u2019AaA performe aux championnats de France de marathon","breadcrumb":{"@id":"https:\/\/newsestlyonnais.fr\/site\/2022\/11\/25\/lyon-laaa-performe-aux-championnats-de-france-de-marathon\/#breadcrumb"},"inLanguage":"fr-FR","potentialAction":[{"@type":"ReadAction","target":["https:\/\/newsestlyonnais.fr\/site\/2022\/11\/25\/lyon-laaa-performe-aux-championnats-de-france-de-marathon\/"]}]},{"@type":"ImageObject","inLanguage":"fr-FR","@id":"https:\/\/newsestlyonnais.fr\/site\/2022\/11\/25\/lyon-laaa-performe-aux-championnats-de-france-de-marathon\/#primaryimage","url":"https:\/\/newsestlyonnais.fr\/site\/wp-content\/uploads\/2022\/11\/stephanie_valerie_juliana.jpg","contentUrl":"https:\/\/newsestlyonnais.fr\/site\/wp-content\/uploads\/2022\/11\/stephanie_valerie_juliana.jpg","width":1200,"height":900},{"@type":"BreadcrumbList","@id":"https:\/\/newsestlyonnais.fr\/site\/2022\/11\/25\/lyon-laaa-performe-aux-championnats-de-france-de-marathon\/#breadcrumb","itemListElement":[{"@type":"ListItem","position":1,"name":"Accueil","item":"https:\/\/newsestlyonnais.fr\/site\/"},{"@type":"ListItem","position":2,"name":"LYON | L\u2019AaA performe aux championnats de France de marathon"}]},{"@type":"WebSite","@id":"https:\/\/newsestlyonnais.fr\/site\/#website","url":"https:\/\/newsestlyonnais.fr\/site\/","name":"News Est Lyonnais","description":"L&#039;actualit\u00e9 au plus pr\u00e8s","publisher":{"@id":"https:\/\/newsestlyonnais.fr\/site\/#organization"},"potentialAction":[{"@type":"SearchAction","target":{"@type":"EntryPoint","urlTemplate":"https:\/\/newsestlyonnais.fr\/site\/?s={search_term_string}"},"query-input":{"@type":"PropertyValueSpecification","valueRequired":true,"valueName":"search_term_string"}}],"inLanguage":"fr-FR"},{"@type":"Organization","@id":"https:\/\/newsestlyonnais.fr\/site\/#organization","name":"News EST LYONNAIS","url":"https:\/\/newsestlyonnais.fr\/site\/","logo":{"@type":"ImageObject","inLanguage":"fr-FR","@id":"https:\/\/newsestlyonnais.fr\/site\/#\/schema\/logo\/image\/","url":"","contentUrl":"","caption":"News EST LYONNAIS"},"image":{"@id":"https:\/\/newsestlyonnais.fr\/site\/#\/schema\/logo\/image\/"}},{"@type":"Person","@id":"https:\/\/newsestlyonnais.fr\/site\/#\/schema\/person\/3230d5615f390bb808365d673001e887","name":"R\u00e9dac. NEWS","sameAs":["http:\/\/www.newsestlyonnais.fr","https:\/\/www.facebook.com\/pascal.oberson.1?fref=ts","https:\/\/fr.linkedin.com\/in\/pascal-oberson-b17045113"],"url":"https:\/\/newsestlyonnais.fr\/site\/author\/nel\/"}]}},"_links":{"self":[{"href":"https:\/\/newsestlyonnais.fr\/site\/wp-json\/wp\/v2\/posts\/169937","targetHints":{"allow":["GET"]}}],"collection":[{"href":"https:\/\/newsestlyonnais.fr\/site\/wp-json\/wp\/v2\/posts"}],"about":[{"href":"https:\/\/newsestlyonnais.fr\/site\/wp-json\/wp\/v2\/types\/post"}],"author":[{"embeddable":true,"href":"https:\/\/newsestlyonnais.fr\/site\/wp-json\/wp\/v2\/users\/4"}],"replies":[{"embeddable":true,"href":"https:\/\/newsestlyonnais.fr\/site\/wp-json\/wp\/v2\/comments?post=169937"}],"version-history":[{"count":0,"href":"https:\/\/newsestlyonnais.fr\/site\/wp-json\/wp\/v2\/posts\/169937\/revisions"}],"wp:featuredmedia":[{"embeddable":true,"href":"https:\/\/newsestlyonnais.fr\/site\/wp-json\/wp\/v2\/media\/169943"}],"wp:attachment":[{"href":"https:\/\/newsestlyonnais.fr\/site\/wp-json\/wp\/v2\/media?parent=169937"}],"wp:term":[{"taxonomy":"category","embeddable":true,"href":"https:\/\/newsestlyonnais.fr\/site\/wp-json\/wp\/v2\/categories?post=169937"},{"taxonomy":"post_tag","embeddable":true,"href":"https:\/\/newsestlyonnais.fr\/site\/wp-json\/wp\/v2\/tags?post=169937"}],"curies":[{"name":"wp","href":"https:\/\/api.w.org\/{rel}","templated":true}]}}