{"id":170556,"date":"2022-12-02T15:09:45","date_gmt":"2022-12-02T14:09:45","guid":{"rendered":"https:\/\/newsestlyonnais.fr\/site\/?p=170556"},"modified":"2022-12-02T16:36:14","modified_gmt":"2022-12-02T15:36:14","slug":"cecile-prevel-la-saintelyon-course-insolite-de-nuit-qui-me-faisait-rever-jy-pensais-depuis-longtemps","status":"publish","type":"post","link":"https:\/\/newsestlyonnais.fr\/site\/2022\/12\/02\/cecile-prevel-la-saintelyon-course-insolite-de-nuit-qui-me-faisait-rever-jy-pensais-depuis-longtemps\/","title":{"rendered":"C\u00e9cile Pr\u00e9vel \u00ab\u00a0La Saint\u00e9lyon, course insolite de nuit qui me faisait r\u00eaver, j\u2019y pensais depuis longtemps \u00ab\u00a0"},"content":{"rendered":"<div class=\"page\" title=\"Page 1\">\n<div class=\"layoutArea\">\n<div class=\"column\">\n<p><strong><span style=\"font-size: 12pt; background-color: #000000; color: #ffffff;\">Petite pre\u0301sentation :<\/span><\/strong><\/p>\n<p>\u00ab C\u00e9cile, 30 ans, cadre dans les Ressources Humaines (mais je ne travaille pas actuellement) je suis sur Lyon depuis 4 ans (dans le 1\u00b0 arrondissement en colocation) \u00bb.<\/p>\n<p><span style=\"font-size: 12pt;\"><span style=\"background-color: #000000; color: #ffffff;\"><strong>Depuis quand pratiquez-vous la course a\u0300 pied ? d\u2019autres sports avant ? <\/strong><\/span><strong><span style=\"background-color: #000000; color: #ffffff;\">Etes-vous licencie\u0301e en club ?<\/span>\u00a0<\/strong><\/span><\/p>\n<p><img loading=\"lazy\" decoding=\"async\" class=\"alignleft wp-image-170596\" src=\"https:\/\/newsestlyonnais.fr\/site\/wp-content\/uploads\/2022\/12\/cid_DCD29929-BA9A-4BAE-9756-C4B81406B9E8-650x813.jpg\" alt=\"\" width=\"300\" height=\"375\" srcset=\"https:\/\/newsestlyonnais.fr\/site\/wp-content\/uploads\/2022\/12\/cid_DCD29929-BA9A-4BAE-9756-C4B81406B9E8-650x813.jpg 650w, https:\/\/newsestlyonnais.fr\/site\/wp-content\/uploads\/2022\/12\/cid_DCD29929-BA9A-4BAE-9756-C4B81406B9E8-400x500.jpg 400w, https:\/\/newsestlyonnais.fr\/site\/wp-content\/uploads\/2022\/12\/cid_DCD29929-BA9A-4BAE-9756-C4B81406B9E8-250x313.jpg 250w, https:\/\/newsestlyonnais.fr\/site\/wp-content\/uploads\/2022\/12\/cid_DCD29929-BA9A-4BAE-9756-C4B81406B9E8-768x960.jpg 768w, https:\/\/newsestlyonnais.fr\/site\/wp-content\/uploads\/2022\/12\/cid_DCD29929-BA9A-4BAE-9756-C4B81406B9E8-150x188.jpg 150w, https:\/\/newsestlyonnais.fr\/site\/wp-content\/uploads\/2022\/12\/cid_DCD29929-BA9A-4BAE-9756-C4B81406B9E8-50x63.jpg 50w, https:\/\/newsestlyonnais.fr\/site\/wp-content\/uploads\/2022\/12\/cid_DCD29929-BA9A-4BAE-9756-C4B81406B9E8-100x125.jpg 100w, https:\/\/newsestlyonnais.fr\/site\/wp-content\/uploads\/2022\/12\/cid_DCD29929-BA9A-4BAE-9756-C4B81406B9E8-200x250.jpg 200w, https:\/\/newsestlyonnais.fr\/site\/wp-content\/uploads\/2022\/12\/cid_DCD29929-BA9A-4BAE-9756-C4B81406B9E8-300x375.jpg 300w, https:\/\/newsestlyonnais.fr\/site\/wp-content\/uploads\/2022\/12\/cid_DCD29929-BA9A-4BAE-9756-C4B81406B9E8-350x438.jpg 350w, https:\/\/newsestlyonnais.fr\/site\/wp-content\/uploads\/2022\/12\/cid_DCD29929-BA9A-4BAE-9756-C4B81406B9E8-450x563.jpg 450w, https:\/\/newsestlyonnais.fr\/site\/wp-content\/uploads\/2022\/12\/cid_DCD29929-BA9A-4BAE-9756-C4B81406B9E8-500x625.jpg 500w, https:\/\/newsestlyonnais.fr\/site\/wp-content\/uploads\/2022\/12\/cid_DCD29929-BA9A-4BAE-9756-C4B81406B9E8-550x688.jpg 550w, https:\/\/newsestlyonnais.fr\/site\/wp-content\/uploads\/2022\/12\/cid_DCD29929-BA9A-4BAE-9756-C4B81406B9E8-800x1000.jpg 800w, https:\/\/newsestlyonnais.fr\/site\/wp-content\/uploads\/2022\/12\/cid_DCD29929-BA9A-4BAE-9756-C4B81406B9E8.jpg 960w\" sizes=\"auto, (max-width: 300px) 100vw, 300px\" \/>\u00ab <strong>Du sport depuis toute petite<\/strong> : danse classique d\u00e8s l\u2019\u00e2ge de 4 ans puis danse moderne, \u00e9quitation pendant 10 ans, sports d\u2019hiver, rando l\u2019\u00e9t\u00e9, <strong>le sport a toujours \u00e9t\u00e9 tr\u00e8s pr\u00e9sent dans ma vie, la course \u00e0 pied y est rentr\u00e9e par un d\u00e9fi au lendemain des f\u00eates de <\/strong><strong>No\u00ebl<\/strong> il y 8\/9 ans, et <strong>je suis tr\u00e8s rapidement devenu \u00ab accro \u00bb<\/strong>.<\/p>\n<p>Pendant 2 ans en parall\u00e8le je faisais du crossfit environ 4 fois par semaine. <strong>Toujours couru par plaisir et d\u00e9passement de soi,<\/strong> j\u2019ai fini par avoir envie de d\u00e9couvrir d\u2019autres choses et de progresser en course \u00e0 pied, <strong>j\u2019ai donc int\u00e9gr\u00e9 l\u2019ASVEL club de Triathlon en Septembre 2020<\/strong> qui au del\u00e0 de m\u2019avoir appris \u00e0 nager le crawl et mis sur un v\u00e9lo de course pour la premi\u00e8re fois, m\u2019a permis de d\u00e9couvrir les s\u00e9ances de VMA et de seuil et de <strong>m\u2019avoir fait \u00e9norm\u00e9ment progresser en course \u00e0 pied<\/strong> \u00bb.<\/p>\n<hr \/>\n<p><span style=\"background-color: #000000; color: #ffffff; font-size: 12pt;\"><strong>Pourquoi avoir choisi la Sainte\u0301lyon ? l\u2019avez-vous de\u0301ja\u0300 dispute\u0301e ?<\/strong><\/span><\/p>\n<p>\u00ab <strong>Je n\u2019ai jamais couru la Saint\u00e9lyon, mais j\u2019y pensais d\u00e9j\u00e0 depuis longtemps<\/strong>, cette course insolite de nuit, \u00e7a me faisait r\u00eaver, j\u2019aime les courses d\u2019endurance, les d\u00e9fis, j\u2019avais envie de me confronter \u00e0 ce froid, la nuit et cette distance mythique, tester mes capacit\u00e9s physiques et mentales, et surtout me faire plaisir \u00bb .<\/p>\n<p><span style=\"background-color: #000000; color: #ffffff; font-size: 12pt;\"><strong>Nombre de marathons ou trails LD de\u0301ja\u0300 au compteur ?<\/strong><\/span><\/p>\n<p>\u00ab <strong>Pas encore de marathon<\/strong>, m\u00eame si du coup dans ma pr\u00e9pa pour la Saint\u00e9Lyon j\u2019en ai fait un (42,5 km avec 1.250 de D+) et je ne r\u00e9alise pas encore haha.<\/p>\n<p><strong>Pas de trails tr\u00e8s longs<\/strong> : un 26 km avec 1.200 de D+ lors du Trail des Passerelles du Monteynard \u00bb.<\/p>\n<p><span style=\"background-color: #000000; color: #ffffff; font-size: 12pt;\"><strong>Comment et depuis quand avez-vous pre\u0301pare\u0301 cette e\u0301preuve ?<\/strong><\/span><\/p>\n<p>\u00ab <strong>Je me suis inscrite assez t\u00f4t en 2022, en d\u00e9but d\u2019ann\u00e9e<\/strong>, j\u2019ai fait 2 triathlons : (le 70.3 d&rsquo;Aix en Provence, et le M du triathlon du Mont Blanc), 2 courses : un 10 km, et le 26 km du Trail des Passerelles du Monteynard, <strong>et en bonus un 30 km le jour de mes 30 ans.<\/strong><\/p>\n<p>La pr\u00e9pa je l\u2019ai d\u00e9but\u00e9e mi septembre avec un coach, mais \u00e7a n\u2019a pas \u00e9t\u00e9 simple, j\u2019ai une inflammation au genou qui est apparu qui m\u2019a emp\u00each\u00e9e de r\u00e9ellement m\u2019entrainer, je ne pouvais pas courir \u00e0 cause de la douleur, il y a un mois encore nous ne savions pas avec mon coach si je serais sur la ligne de d\u00e9part.<\/p>\n<p>Et puis l\u2019inflammation s\u2019est r\u00e9duite, on a fait des grosses s\u00e9ances de rando (marche\/course) o\u00f9 je n\u2019avais pas ou tr\u00e8s peu de douleur au genou, on a donc fait une grosse pr\u00e9pa sur 3\/4 semaines, j\u2019ai pass\u00e9 les derni\u00e8res semaines \u00e0 crapahuter dans les escaliers de Fourvi\u00e8re pendant des heures \u00bb.<\/p>\n<hr \/>\n<p><strong><span style=\"background-color: #000000; color: #ffffff;\">Vos points forts dans cette discipline ?<\/span><\/strong><\/p>\n<p>\u00ab <strong>Mon point fort sera ma d\u00e9termination<\/strong>, quand je pense qu\u2019il y a 4 semaines je ne savais m\u00eame pas si j\u2019irai chercher mon dossard, cette pr\u00e9pa et \u00eatre sur la ligne de d\u00e9part c\u2019est b\u00eate \u00e0 dire mais c\u2019est d\u00e9j\u00e0 une victoire pour moi.<\/p>\n<p><strong>Je tr\u00e9pigne d\u2019impatience d\u2019\u00eatre sur cette ligne de d\u00e9part et en m\u00eame temps stress\u00e9e et concentr\u00e9e<\/strong> car je sais qu\u2019il va falloir penser \u00e0 tout bien g\u00e9rer (le froid, l\u2019alimentation, l\u2019hydratation etc) mais je suis d\u00e9termin\u00e9e \u00e0 tout donner pour franchir l\u2019arche d\u2019arriv\u00e9e \u00bb.<\/p>\n<p><span style=\"font-size: 12pt; background-color: #000000; color: #ffffff;\"><strong>Quel est votre objectif au de\u0301part ?<\/strong><\/span><\/p>\n<p>\u00ab <strong>Objectif premier : finir la course<\/strong>. Pas de temps vraiment d\u00e9fini (j\u2019ai un petit chrono en t\u00eate \u00e9videmment qui me ferait plaisir mais que je d\u00e9voilerai si je franchis la ligne d\u2019arriv\u00e9e ahah) \u00bb.<\/p>\n<p><span style=\"background-color: #000000; color: #ffffff; font-size: 12pt;\"><strong>Quelle serait la me\u0301te\u0301o ide\u0301ale pour vous,\u00a0 comment comptez- vous ge\u0301rer la course ?<\/strong><\/span><\/p>\n<p>\u00ab La m\u00e9t\u00e9o id\u00e9ale serait pas trop de pluie ni trop trop froid, je r\u00eaverai d\u2019avoir un joli lever de soleil mais au vu des conditions m\u00e9t\u00e9o habituelles sur cette course je pense que je peux faire une croix dessus haha.<\/p>\n<p><strong>Je vais g\u00e9rer la course en ne partant pas trop vite, 78 km c\u2019est long<\/strong>, vraiment, je sais qu\u2019il va falloir que je m\u2019alimente et que je boive d\u00e8s le d\u00e9but, que je sois concentr\u00e9e sur ce que je ressens et que je garde en t\u00eate ces derni\u00e8res semaines qui m\u2019ont prouv\u00e9es de quoi j\u2019\u00e9tais capable. J\u2019ai la chance aussi d\u2019avoir mon copain qui sera l\u00e0 \u00e0 chaque ravito \u00bb.<\/p>\n<hr \/>\n<p><span style=\"background-color: #000000; color: #ffffff; font-size: 12pt;\"><strong>Pour conclure, une petite anecdote sur la course a\u0300 pied ?<\/strong><\/span><\/p>\n<p>\u00ab J\u2019ai couru un semi-marathon 3\/4 mois apr\u00e8s avoir d\u00e9but\u00e9 la course \u00e0 pied, et mon premier 10 km, 6 mois plus tard, j\u2019ai jamais aim\u00e9 faire les choses dans l\u2019ordre haha. Et <strong>j<\/strong><strong>\u2019<\/strong><strong>ai eu la chance<\/strong><strong> de <\/strong><strong>courir le semi-marathon de Central Park quand j\u2019\u00e9tais \u00e0 NY<\/strong> en d\u00e9cembre 2018 (je r\u00eave un jour de faire le marathon) \u00bb.<\/p>\n<hr \/>\n<div id='gallery-1' class='gallery galleryid-170556 gallery-columns-3 gallery-size-thumbnail'><figure class='gallery-item'>\n\t\t\t<div class='gallery-icon portrait'>\n\t\t\t\t<a href='https:\/\/newsestlyonnais.fr\/site\/2022\/12\/02\/cecile-prevel-la-saintelyon-course-insolite-de-nuit-qui-me-faisait-rever-jy-pensais-depuis-longtemps\/cid_fba23785-7e93-439a-a82b-dc475efb8afb\/'><img loading=\"lazy\" decoding=\"async\" width=\"84\" height=\"150\" src=\"https:\/\/newsestlyonnais.fr\/site\/wp-content\/uploads\/2022\/12\/cid_FBA23785-7E93-439A-A82B-DC475EFB8AFB-250x444.jpg\" class=\"attachment-thumbnail size-thumbnail\" alt=\"\" srcset=\"https:\/\/newsestlyonnais.fr\/site\/wp-content\/uploads\/2022\/12\/cid_FBA23785-7E93-439A-A82B-DC475EFB8AFB-250x444.jpg 250w, https:\/\/newsestlyonnais.fr\/site\/wp-content\/uploads\/2022\/12\/cid_FBA23785-7E93-439A-A82B-DC475EFB8AFB-400x711.jpg 400w, https:\/\/newsestlyonnais.fr\/site\/wp-content\/uploads\/2022\/12\/cid_FBA23785-7E93-439A-A82B-DC475EFB8AFB-650x1156.jpg 650w, https:\/\/newsestlyonnais.fr\/site\/wp-content\/uploads\/2022\/12\/cid_FBA23785-7E93-439A-A82B-DC475EFB8AFB-150x267.jpg 150w, https:\/\/newsestlyonnais.fr\/site\/wp-content\/uploads\/2022\/12\/cid_FBA23785-7E93-439A-A82B-DC475EFB8AFB-50x89.jpg 50w, https:\/\/newsestlyonnais.fr\/site\/wp-content\/uploads\/2022\/12\/cid_FBA23785-7E93-439A-A82B-DC475EFB8AFB-100x178.jpg 100w, https:\/\/newsestlyonnais.fr\/site\/wp-content\/uploads\/2022\/12\/cid_FBA23785-7E93-439A-A82B-DC475EFB8AFB-200x356.jpg 200w, https:\/\/newsestlyonnais.fr\/site\/wp-content\/uploads\/2022\/12\/cid_FBA23785-7E93-439A-A82B-DC475EFB8AFB-300x533.jpg 300w, https:\/\/newsestlyonnais.fr\/site\/wp-content\/uploads\/2022\/12\/cid_FBA23785-7E93-439A-A82B-DC475EFB8AFB-350x622.jpg 350w, https:\/\/newsestlyonnais.fr\/site\/wp-content\/uploads\/2022\/12\/cid_FBA23785-7E93-439A-A82B-DC475EFB8AFB-450x800.jpg 450w, https:\/\/newsestlyonnais.fr\/site\/wp-content\/uploads\/2022\/12\/cid_FBA23785-7E93-439A-A82B-DC475EFB8AFB-500x889.jpg 500w, https:\/\/newsestlyonnais.fr\/site\/wp-content\/uploads\/2022\/12\/cid_FBA23785-7E93-439A-A82B-DC475EFB8AFB-550x978.jpg 550w, https:\/\/newsestlyonnais.fr\/site\/wp-content\/uploads\/2022\/12\/cid_FBA23785-7E93-439A-A82B-DC475EFB8AFB.jpg 675w\" sizes=\"auto, (max-width: 84px) 100vw, 84px\" \/><\/a>\n\t\t\t<\/div><\/figure><figure class='gallery-item'>\n\t\t\t<div class='gallery-icon portrait'>\n\t\t\t\t<a href='https:\/\/newsestlyonnais.fr\/site\/2022\/12\/02\/cecile-prevel-la-saintelyon-course-insolite-de-nuit-qui-me-faisait-rever-jy-pensais-depuis-longtemps\/cid_bb2172da-9c19-4bec-ad5a-0073efa3e89e\/'><img loading=\"lazy\" decoding=\"async\" width=\"84\" height=\"150\" src=\"https:\/\/newsestlyonnais.fr\/site\/wp-content\/uploads\/2022\/12\/cid_BB2172DA-9C19-4BEC-AD5A-0073EFA3E89E-250x444.jpg\" class=\"attachment-thumbnail size-thumbnail\" alt=\"\" srcset=\"https:\/\/newsestlyonnais.fr\/site\/wp-content\/uploads\/2022\/12\/cid_BB2172DA-9C19-4BEC-AD5A-0073EFA3E89E-250x444.jpg 250w, https:\/\/newsestlyonnais.fr\/site\/wp-content\/uploads\/2022\/12\/cid_BB2172DA-9C19-4BEC-AD5A-0073EFA3E89E-400x711.jpg 400w, https:\/\/newsestlyonnais.fr\/site\/wp-content\/uploads\/2022\/12\/cid_BB2172DA-9C19-4BEC-AD5A-0073EFA3E89E-650x1156.jpg 650w, https:\/\/newsestlyonnais.fr\/site\/wp-content\/uploads\/2022\/12\/cid_BB2172DA-9C19-4BEC-AD5A-0073EFA3E89E-150x267.jpg 150w, https:\/\/newsestlyonnais.fr\/site\/wp-content\/uploads\/2022\/12\/cid_BB2172DA-9C19-4BEC-AD5A-0073EFA3E89E-50x89.jpg 50w, https:\/\/newsestlyonnais.fr\/site\/wp-content\/uploads\/2022\/12\/cid_BB2172DA-9C19-4BEC-AD5A-0073EFA3E89E-100x178.jpg 100w, https:\/\/newsestlyonnais.fr\/site\/wp-content\/uploads\/2022\/12\/cid_BB2172DA-9C19-4BEC-AD5A-0073EFA3E89E-200x356.jpg 200w, https:\/\/newsestlyonnais.fr\/site\/wp-content\/uploads\/2022\/12\/cid_BB2172DA-9C19-4BEC-AD5A-0073EFA3E89E-300x533.jpg 300w, https:\/\/newsestlyonnais.fr\/site\/wp-content\/uploads\/2022\/12\/cid_BB2172DA-9C19-4BEC-AD5A-0073EFA3E89E-350x622.jpg 350w, https:\/\/newsestlyonnais.fr\/site\/wp-content\/uploads\/2022\/12\/cid_BB2172DA-9C19-4BEC-AD5A-0073EFA3E89E-450x800.jpg 450w, https:\/\/newsestlyonnais.fr\/site\/wp-content\/uploads\/2022\/12\/cid_BB2172DA-9C19-4BEC-AD5A-0073EFA3E89E-500x889.jpg 500w, https:\/\/newsestlyonnais.fr\/site\/wp-content\/uploads\/2022\/12\/cid_BB2172DA-9C19-4BEC-AD5A-0073EFA3E89E-550x978.jpg 550w, https:\/\/newsestlyonnais.fr\/site\/wp-content\/uploads\/2022\/12\/cid_BB2172DA-9C19-4BEC-AD5A-0073EFA3E89E.jpg 675w\" sizes=\"auto, (max-width: 84px) 100vw, 84px\" \/><\/a>\n\t\t\t<\/div><\/figure>\n\t\t<\/div>\n\n<\/div>\n<\/div>\n<\/div>\n","protected":false},"excerpt":{"rendered":"<p>La lyonnaise, sportive compl\u00e8te et membre de l&rsquo;ASVEL Triathlon sera pour la premi\u00e8re fois samedi, au d\u00e9part du mythique raid nocturne. <\/p>\n","protected":false},"author":4,"featured_media":170595,"comment_status":"open","ping_status":"open","sticky":false,"template":"","format":"standard","meta":{"footnotes":""},"categories":[2968,3421,4286,137,1625],"tags":[2249,4488,2283,2076],"class_list":["post-170556","post","type-post","status-publish","format-standard","has-post-thumbnail","hentry","category-athle-course-pied-marche","category-feminin-actu-au","category-interview-a-la-une","category-interviews","category-lyon","tag-asvel-triathlon","tag-cecile-prevel","tag-course-pedestre","tag-saintelyon"],"yoast_head":"<!-- This site is optimized with the Yoast SEO plugin v27.2 - https:\/\/yoast.com\/product\/yoast-seo-wordpress\/ -->\n<title>C\u00e9cile Pr\u00e9vel &quot;La Saint\u00e9lyon, course insolite de nuit qui me faisait r\u00eaver, j\u2019y pensais depuis longtemps &quot; - News Est Lyonnais<\/title>\n<meta name=\"description\" content=\"C\u00e9cile Pr\u00e9vel &quot;La Saint\u00e9lyon, course insolite de nuit qui me faisait r\u00eaver, j\u2019y pensais depuis longtemps &quot;\" \/>\n<meta name=\"robots\" content=\"index, follow, max-snippet:-1, max-image-preview:large, max-video-preview:-1\" \/>\n<link rel=\"canonical\" href=\"https:\/\/newsestlyonnais.fr\/site\/2022\/12\/02\/cecile-prevel-la-saintelyon-course-insolite-de-nuit-qui-me-faisait-rever-jy-pensais-depuis-longtemps\/\" \/>\n<meta property=\"og:locale\" content=\"fr_FR\" \/>\n<meta property=\"og:type\" content=\"article\" \/>\n<meta property=\"og:title\" content=\"C\u00e9cile Pr\u00e9vel &quot;La Saint\u00e9lyon, course insolite de nuit qui me faisait r\u00eaver, j\u2019y pensais depuis longtemps &quot; - News Est Lyonnais\" \/>\n<meta property=\"og:description\" content=\"C\u00e9cile Pr\u00e9vel &quot;La Saint\u00e9lyon, course insolite de nuit qui me faisait r\u00eaver, j\u2019y pensais depuis longtemps &quot;\" \/>\n<meta property=\"og:url\" content=\"https:\/\/newsestlyonnais.fr\/site\/2022\/12\/02\/cecile-prevel-la-saintelyon-course-insolite-de-nuit-qui-me-faisait-rever-jy-pensais-depuis-longtemps\/\" \/>\n<meta property=\"og:site_name\" content=\"News Est Lyonnais\" \/>\n<meta property=\"article:author\" content=\"https:\/\/www.facebook.com\/pascal.oberson.1?fref=ts\" \/>\n<meta property=\"article:published_time\" content=\"2022-12-02T14:09:45+00:00\" \/>\n<meta property=\"article:modified_time\" content=\"2022-12-02T15:36:14+00:00\" \/>\n<meta property=\"og:image\" content=\"https:\/\/newsestlyonnais.fr\/site\/wp-content\/uploads\/2022\/12\/NEWSESTLYONNAIS-CECILE-ASVEL.jpg\" \/>\n\t<meta property=\"og:image:width\" content=\"963\" \/>\n\t<meta property=\"og:image:height\" content=\"720\" \/>\n\t<meta property=\"og:image:type\" content=\"image\/jpeg\" \/>\n<meta name=\"author\" content=\"R\u00e9dac. NEWS\" \/>\n<meta name=\"twitter:card\" content=\"summary_large_image\" \/>\n<meta name=\"twitter:label1\" content=\"\u00c9crit par\" \/>\n\t<meta name=\"twitter:data1\" content=\"R\u00e9dac. NEWS\" \/>\n\t<meta name=\"twitter:label2\" content=\"Dur\u00e9e de lecture estim\u00e9e\" \/>\n\t<meta name=\"twitter:data2\" content=\"5 minutes\" \/>\n<script type=\"application\/ld+json\" class=\"yoast-schema-graph\">{\"@context\":\"https:\/\/schema.org\",\"@graph\":[{\"@type\":\"Article\",\"@id\":\"https:\/\/newsestlyonnais.fr\/site\/2022\/12\/02\/cecile-prevel-la-saintelyon-course-insolite-de-nuit-qui-me-faisait-rever-jy-pensais-depuis-longtemps\/#article\",\"isPartOf\":{\"@id\":\"https:\/\/newsestlyonnais.fr\/site\/2022\/12\/02\/cecile-prevel-la-saintelyon-course-insolite-de-nuit-qui-me-faisait-rever-jy-pensais-depuis-longtemps\/\"},\"author\":{\"name\":\"R\u00e9dac. NEWS\",\"@id\":\"https:\/\/newsestlyonnais.fr\/site\/#\/schema\/person\/3230d5615f390bb808365d673001e887\"},\"headline\":\"C\u00e9cile Pr\u00e9vel \u00ab\u00a0La Saint\u00e9lyon, course insolite de nuit qui me faisait r\u00eaver, j\u2019y pensais depuis longtemps \u00ab\u00a0\",\"datePublished\":\"2022-12-02T14:09:45+00:00\",\"dateModified\":\"2022-12-02T15:36:14+00:00\",\"mainEntityOfPage\":{\"@id\":\"https:\/\/newsestlyonnais.fr\/site\/2022\/12\/02\/cecile-prevel-la-saintelyon-course-insolite-de-nuit-qui-me-faisait-rever-jy-pensais-depuis-longtemps\/\"},\"wordCount\":941,\"commentCount\":0,\"publisher\":{\"@id\":\"https:\/\/newsestlyonnais.fr\/site\/#organization\"},\"image\":{\"@id\":\"https:\/\/newsestlyonnais.fr\/site\/2022\/12\/02\/cecile-prevel-la-saintelyon-course-insolite-de-nuit-qui-me-faisait-rever-jy-pensais-depuis-longtemps\/#primaryimage\"},\"thumbnailUrl\":\"https:\/\/newsestlyonnais.fr\/site\/wp-content\/uploads\/2022\/12\/NEWSESTLYONNAIS-CECILE-ASVEL.jpg\",\"keywords\":[\"ASVEL TRIATHLON\",\"C\u00e9cile Pr\u00e9vel\",\"course p\u00e9destre\",\"SAINTELYON\"],\"articleSection\":[\"Athl\u00e9 | Course pied | Marche\",\"F\u00e9minin (Actu au)\",\"Interview \u00e0 la une\",\"Interviews\",\"Lyon\"],\"inLanguage\":\"fr-FR\",\"potentialAction\":[{\"@type\":\"CommentAction\",\"name\":\"Comment\",\"target\":[\"https:\/\/newsestlyonnais.fr\/site\/2022\/12\/02\/cecile-prevel-la-saintelyon-course-insolite-de-nuit-qui-me-faisait-rever-jy-pensais-depuis-longtemps\/#respond\"]}]},{\"@type\":\"WebPage\",\"@id\":\"https:\/\/newsestlyonnais.fr\/site\/2022\/12\/02\/cecile-prevel-la-saintelyon-course-insolite-de-nuit-qui-me-faisait-rever-jy-pensais-depuis-longtemps\/\",\"url\":\"https:\/\/newsestlyonnais.fr\/site\/2022\/12\/02\/cecile-prevel-la-saintelyon-course-insolite-de-nuit-qui-me-faisait-rever-jy-pensais-depuis-longtemps\/\",\"name\":\"C\u00e9cile Pr\u00e9vel \\\"La Saint\u00e9lyon, course insolite de nuit qui me faisait r\u00eaver, j\u2019y pensais depuis longtemps \\\" - News Est Lyonnais\",\"isPartOf\":{\"@id\":\"https:\/\/newsestlyonnais.fr\/site\/#website\"},\"primaryImageOfPage\":{\"@id\":\"https:\/\/newsestlyonnais.fr\/site\/2022\/12\/02\/cecile-prevel-la-saintelyon-course-insolite-de-nuit-qui-me-faisait-rever-jy-pensais-depuis-longtemps\/#primaryimage\"},\"image\":{\"@id\":\"https:\/\/newsestlyonnais.fr\/site\/2022\/12\/02\/cecile-prevel-la-saintelyon-course-insolite-de-nuit-qui-me-faisait-rever-jy-pensais-depuis-longtemps\/#primaryimage\"},\"thumbnailUrl\":\"https:\/\/newsestlyonnais.fr\/site\/wp-content\/uploads\/2022\/12\/NEWSESTLYONNAIS-CECILE-ASVEL.jpg\",\"datePublished\":\"2022-12-02T14:09:45+00:00\",\"dateModified\":\"2022-12-02T15:36:14+00:00\",\"description\":\"C\u00e9cile Pr\u00e9vel \\\"La Saint\u00e9lyon, course insolite de nuit qui me faisait r\u00eaver, j\u2019y pensais depuis longtemps \\\"\",\"breadcrumb\":{\"@id\":\"https:\/\/newsestlyonnais.fr\/site\/2022\/12\/02\/cecile-prevel-la-saintelyon-course-insolite-de-nuit-qui-me-faisait-rever-jy-pensais-depuis-longtemps\/#breadcrumb\"},\"inLanguage\":\"fr-FR\",\"potentialAction\":[{\"@type\":\"ReadAction\",\"target\":[\"https:\/\/newsestlyonnais.fr\/site\/2022\/12\/02\/cecile-prevel-la-saintelyon-course-insolite-de-nuit-qui-me-faisait-rever-jy-pensais-depuis-longtemps\/\"]}]},{\"@type\":\"ImageObject\",\"inLanguage\":\"fr-FR\",\"@id\":\"https:\/\/newsestlyonnais.fr\/site\/2022\/12\/02\/cecile-prevel-la-saintelyon-course-insolite-de-nuit-qui-me-faisait-rever-jy-pensais-depuis-longtemps\/#primaryimage\",\"url\":\"https:\/\/newsestlyonnais.fr\/site\/wp-content\/uploads\/2022\/12\/NEWSESTLYONNAIS-CECILE-ASVEL.jpg\",\"contentUrl\":\"https:\/\/newsestlyonnais.fr\/site\/wp-content\/uploads\/2022\/12\/NEWSESTLYONNAIS-CECILE-ASVEL.jpg\",\"width\":963,\"height\":720},{\"@type\":\"BreadcrumbList\",\"@id\":\"https:\/\/newsestlyonnais.fr\/site\/2022\/12\/02\/cecile-prevel-la-saintelyon-course-insolite-de-nuit-qui-me-faisait-rever-jy-pensais-depuis-longtemps\/#breadcrumb\",\"itemListElement\":[{\"@type\":\"ListItem\",\"position\":1,\"name\":\"Accueil\",\"item\":\"https:\/\/newsestlyonnais.fr\/site\/\"},{\"@type\":\"ListItem\",\"position\":2,\"name\":\"C\u00e9cile Pr\u00e9vel \u00ab\u00a0La Saint\u00e9lyon, course insolite de nuit qui me faisait r\u00eaver, j\u2019y pensais depuis longtemps \u00ab\u00a0\"}]},{\"@type\":\"WebSite\",\"@id\":\"https:\/\/newsestlyonnais.fr\/site\/#website\",\"url\":\"https:\/\/newsestlyonnais.fr\/site\/\",\"name\":\"News Est Lyonnais\",\"description\":\"L&#039;actualit\u00e9 au plus pr\u00e8s\",\"publisher\":{\"@id\":\"https:\/\/newsestlyonnais.fr\/site\/#organization\"},\"potentialAction\":[{\"@type\":\"SearchAction\",\"target\":{\"@type\":\"EntryPoint\",\"urlTemplate\":\"https:\/\/newsestlyonnais.fr\/site\/?s={search_term_string}\"},\"query-input\":{\"@type\":\"PropertyValueSpecification\",\"valueRequired\":true,\"valueName\":\"search_term_string\"}}],\"inLanguage\":\"fr-FR\"},{\"@type\":\"Organization\",\"@id\":\"https:\/\/newsestlyonnais.fr\/site\/#organization\",\"name\":\"News EST LYONNAIS\",\"url\":\"https:\/\/newsestlyonnais.fr\/site\/\",\"logo\":{\"@type\":\"ImageObject\",\"inLanguage\":\"fr-FR\",\"@id\":\"https:\/\/newsestlyonnais.fr\/site\/#\/schema\/logo\/image\/\",\"url\":\"\",\"contentUrl\":\"\",\"caption\":\"News EST LYONNAIS\"},\"image\":{\"@id\":\"https:\/\/newsestlyonnais.fr\/site\/#\/schema\/logo\/image\/\"}},{\"@type\":\"Person\",\"@id\":\"https:\/\/newsestlyonnais.fr\/site\/#\/schema\/person\/3230d5615f390bb808365d673001e887\",\"name\":\"R\u00e9dac. NEWS\",\"sameAs\":[\"http:\/\/www.newsestlyonnais.fr\",\"https:\/\/www.facebook.com\/pascal.oberson.1?fref=ts\",\"https:\/\/fr.linkedin.com\/in\/pascal-oberson-b17045113\"],\"url\":\"https:\/\/newsestlyonnais.fr\/site\/author\/nel\/\"}]}<\/script>\n<!-- \/ Yoast SEO plugin. -->","yoast_head_json":{"title":"C\u00e9cile Pr\u00e9vel \"La Saint\u00e9lyon, course insolite de nuit qui me faisait r\u00eaver, j\u2019y pensais depuis longtemps \" - News Est Lyonnais","description":"C\u00e9cile Pr\u00e9vel \"La Saint\u00e9lyon, course insolite de nuit qui me faisait r\u00eaver, j\u2019y pensais depuis longtemps \"","robots":{"index":"index","follow":"follow","max-snippet":"max-snippet:-1","max-image-preview":"max-image-preview:large","max-video-preview":"max-video-preview:-1"},"canonical":"https:\/\/newsestlyonnais.fr\/site\/2022\/12\/02\/cecile-prevel-la-saintelyon-course-insolite-de-nuit-qui-me-faisait-rever-jy-pensais-depuis-longtemps\/","og_locale":"fr_FR","og_type":"article","og_title":"C\u00e9cile Pr\u00e9vel \"La Saint\u00e9lyon, course insolite de nuit qui me faisait r\u00eaver, j\u2019y pensais depuis longtemps \" - News Est Lyonnais","og_description":"C\u00e9cile Pr\u00e9vel \"La Saint\u00e9lyon, course insolite de nuit qui me faisait r\u00eaver, j\u2019y pensais depuis longtemps \"","og_url":"https:\/\/newsestlyonnais.fr\/site\/2022\/12\/02\/cecile-prevel-la-saintelyon-course-insolite-de-nuit-qui-me-faisait-rever-jy-pensais-depuis-longtemps\/","og_site_name":"News Est Lyonnais","article_author":"https:\/\/www.facebook.com\/pascal.oberson.1?fref=ts","article_published_time":"2022-12-02T14:09:45+00:00","article_modified_time":"2022-12-02T15:36:14+00:00","og_image":[{"width":963,"height":720,"url":"https:\/\/newsestlyonnais.fr\/site\/wp-content\/uploads\/2022\/12\/NEWSESTLYONNAIS-CECILE-ASVEL.jpg","type":"image\/jpeg"}],"author":"R\u00e9dac. NEWS","twitter_card":"summary_large_image","twitter_misc":{"\u00c9crit par":"R\u00e9dac. NEWS","Dur\u00e9e de lecture estim\u00e9e":"5 minutes"},"schema":{"@context":"https:\/\/schema.org","@graph":[{"@type":"Article","@id":"https:\/\/newsestlyonnais.fr\/site\/2022\/12\/02\/cecile-prevel-la-saintelyon-course-insolite-de-nuit-qui-me-faisait-rever-jy-pensais-depuis-longtemps\/#article","isPartOf":{"@id":"https:\/\/newsestlyonnais.fr\/site\/2022\/12\/02\/cecile-prevel-la-saintelyon-course-insolite-de-nuit-qui-me-faisait-rever-jy-pensais-depuis-longtemps\/"},"author":{"name":"R\u00e9dac. NEWS","@id":"https:\/\/newsestlyonnais.fr\/site\/#\/schema\/person\/3230d5615f390bb808365d673001e887"},"headline":"C\u00e9cile Pr\u00e9vel \u00ab\u00a0La Saint\u00e9lyon, course insolite de nuit qui me faisait r\u00eaver, j\u2019y pensais depuis longtemps \u00ab\u00a0","datePublished":"2022-12-02T14:09:45+00:00","dateModified":"2022-12-02T15:36:14+00:00","mainEntityOfPage":{"@id":"https:\/\/newsestlyonnais.fr\/site\/2022\/12\/02\/cecile-prevel-la-saintelyon-course-insolite-de-nuit-qui-me-faisait-rever-jy-pensais-depuis-longtemps\/"},"wordCount":941,"commentCount":0,"publisher":{"@id":"https:\/\/newsestlyonnais.fr\/site\/#organization"},"image":{"@id":"https:\/\/newsestlyonnais.fr\/site\/2022\/12\/02\/cecile-prevel-la-saintelyon-course-insolite-de-nuit-qui-me-faisait-rever-jy-pensais-depuis-longtemps\/#primaryimage"},"thumbnailUrl":"https:\/\/newsestlyonnais.fr\/site\/wp-content\/uploads\/2022\/12\/NEWSESTLYONNAIS-CECILE-ASVEL.jpg","keywords":["ASVEL TRIATHLON","C\u00e9cile Pr\u00e9vel","course p\u00e9destre","SAINTELYON"],"articleSection":["Athl\u00e9 | Course pied | Marche","F\u00e9minin (Actu au)","Interview \u00e0 la une","Interviews","Lyon"],"inLanguage":"fr-FR","potentialAction":[{"@type":"CommentAction","name":"Comment","target":["https:\/\/newsestlyonnais.fr\/site\/2022\/12\/02\/cecile-prevel-la-saintelyon-course-insolite-de-nuit-qui-me-faisait-rever-jy-pensais-depuis-longtemps\/#respond"]}]},{"@type":"WebPage","@id":"https:\/\/newsestlyonnais.fr\/site\/2022\/12\/02\/cecile-prevel-la-saintelyon-course-insolite-de-nuit-qui-me-faisait-rever-jy-pensais-depuis-longtemps\/","url":"https:\/\/newsestlyonnais.fr\/site\/2022\/12\/02\/cecile-prevel-la-saintelyon-course-insolite-de-nuit-qui-me-faisait-rever-jy-pensais-depuis-longtemps\/","name":"C\u00e9cile Pr\u00e9vel \"La Saint\u00e9lyon, course insolite de nuit qui me faisait r\u00eaver, j\u2019y pensais depuis longtemps \" - News Est Lyonnais","isPartOf":{"@id":"https:\/\/newsestlyonnais.fr\/site\/#website"},"primaryImageOfPage":{"@id":"https:\/\/newsestlyonnais.fr\/site\/2022\/12\/02\/cecile-prevel-la-saintelyon-course-insolite-de-nuit-qui-me-faisait-rever-jy-pensais-depuis-longtemps\/#primaryimage"},"image":{"@id":"https:\/\/newsestlyonnais.fr\/site\/2022\/12\/02\/cecile-prevel-la-saintelyon-course-insolite-de-nuit-qui-me-faisait-rever-jy-pensais-depuis-longtemps\/#primaryimage"},"thumbnailUrl":"https:\/\/newsestlyonnais.fr\/site\/wp-content\/uploads\/2022\/12\/NEWSESTLYONNAIS-CECILE-ASVEL.jpg","datePublished":"2022-12-02T14:09:45+00:00","dateModified":"2022-12-02T15:36:14+00:00","description":"C\u00e9cile Pr\u00e9vel \"La Saint\u00e9lyon, course insolite de nuit qui me faisait r\u00eaver, j\u2019y pensais depuis longtemps \"","breadcrumb":{"@id":"https:\/\/newsestlyonnais.fr\/site\/2022\/12\/02\/cecile-prevel-la-saintelyon-course-insolite-de-nuit-qui-me-faisait-rever-jy-pensais-depuis-longtemps\/#breadcrumb"},"inLanguage":"fr-FR","potentialAction":[{"@type":"ReadAction","target":["https:\/\/newsestlyonnais.fr\/site\/2022\/12\/02\/cecile-prevel-la-saintelyon-course-insolite-de-nuit-qui-me-faisait-rever-jy-pensais-depuis-longtemps\/"]}]},{"@type":"ImageObject","inLanguage":"fr-FR","@id":"https:\/\/newsestlyonnais.fr\/site\/2022\/12\/02\/cecile-prevel-la-saintelyon-course-insolite-de-nuit-qui-me-faisait-rever-jy-pensais-depuis-longtemps\/#primaryimage","url":"https:\/\/newsestlyonnais.fr\/site\/wp-content\/uploads\/2022\/12\/NEWSESTLYONNAIS-CECILE-ASVEL.jpg","contentUrl":"https:\/\/newsestlyonnais.fr\/site\/wp-content\/uploads\/2022\/12\/NEWSESTLYONNAIS-CECILE-ASVEL.jpg","width":963,"height":720},{"@type":"BreadcrumbList","@id":"https:\/\/newsestlyonnais.fr\/site\/2022\/12\/02\/cecile-prevel-la-saintelyon-course-insolite-de-nuit-qui-me-faisait-rever-jy-pensais-depuis-longtemps\/#breadcrumb","itemListElement":[{"@type":"ListItem","position":1,"name":"Accueil","item":"https:\/\/newsestlyonnais.fr\/site\/"},{"@type":"ListItem","position":2,"name":"C\u00e9cile Pr\u00e9vel \u00ab\u00a0La Saint\u00e9lyon, course insolite de nuit qui me faisait r\u00eaver, j\u2019y pensais depuis longtemps \u00ab\u00a0"}]},{"@type":"WebSite","@id":"https:\/\/newsestlyonnais.fr\/site\/#website","url":"https:\/\/newsestlyonnais.fr\/site\/","name":"News Est Lyonnais","description":"L&#039;actualit\u00e9 au plus pr\u00e8s","publisher":{"@id":"https:\/\/newsestlyonnais.fr\/site\/#organization"},"potentialAction":[{"@type":"SearchAction","target":{"@type":"EntryPoint","urlTemplate":"https:\/\/newsestlyonnais.fr\/site\/?s={search_term_string}"},"query-input":{"@type":"PropertyValueSpecification","valueRequired":true,"valueName":"search_term_string"}}],"inLanguage":"fr-FR"},{"@type":"Organization","@id":"https:\/\/newsestlyonnais.fr\/site\/#organization","name":"News EST LYONNAIS","url":"https:\/\/newsestlyonnais.fr\/site\/","logo":{"@type":"ImageObject","inLanguage":"fr-FR","@id":"https:\/\/newsestlyonnais.fr\/site\/#\/schema\/logo\/image\/","url":"","contentUrl":"","caption":"News EST LYONNAIS"},"image":{"@id":"https:\/\/newsestlyonnais.fr\/site\/#\/schema\/logo\/image\/"}},{"@type":"Person","@id":"https:\/\/newsestlyonnais.fr\/site\/#\/schema\/person\/3230d5615f390bb808365d673001e887","name":"R\u00e9dac. NEWS","sameAs":["http:\/\/www.newsestlyonnais.fr","https:\/\/www.facebook.com\/pascal.oberson.1?fref=ts","https:\/\/fr.linkedin.com\/in\/pascal-oberson-b17045113"],"url":"https:\/\/newsestlyonnais.fr\/site\/author\/nel\/"}]}},"_links":{"self":[{"href":"https:\/\/newsestlyonnais.fr\/site\/wp-json\/wp\/v2\/posts\/170556","targetHints":{"allow":["GET"]}}],"collection":[{"href":"https:\/\/newsestlyonnais.fr\/site\/wp-json\/wp\/v2\/posts"}],"about":[{"href":"https:\/\/newsestlyonnais.fr\/site\/wp-json\/wp\/v2\/types\/post"}],"author":[{"embeddable":true,"href":"https:\/\/newsestlyonnais.fr\/site\/wp-json\/wp\/v2\/users\/4"}],"replies":[{"embeddable":true,"href":"https:\/\/newsestlyonnais.fr\/site\/wp-json\/wp\/v2\/comments?post=170556"}],"version-history":[{"count":0,"href":"https:\/\/newsestlyonnais.fr\/site\/wp-json\/wp\/v2\/posts\/170556\/revisions"}],"wp:featuredmedia":[{"embeddable":true,"href":"https:\/\/newsestlyonnais.fr\/site\/wp-json\/wp\/v2\/media\/170595"}],"wp:attachment":[{"href":"https:\/\/newsestlyonnais.fr\/site\/wp-json\/wp\/v2\/media?parent=170556"}],"wp:term":[{"taxonomy":"category","embeddable":true,"href":"https:\/\/newsestlyonnais.fr\/site\/wp-json\/wp\/v2\/categories?post=170556"},{"taxonomy":"post_tag","embeddable":true,"href":"https:\/\/newsestlyonnais.fr\/site\/wp-json\/wp\/v2\/tags?post=170556"}],"curies":[{"name":"wp","href":"https:\/\/api.w.org\/{rel}","templated":true}]}}