{"id":170772,"date":"2022-12-06T06:28:53","date_gmt":"2022-12-06T05:28:53","guid":{"rendered":"https:\/\/newsestlyonnais.fr\/site\/?p=170772"},"modified":"2022-12-10T07:41:53","modified_gmt":"2022-12-10T06:41:53","slug":"feyzin-venissieux-ils-etaient-19-de-lafa-sur-la-saintelyon","status":"publish","type":"post","link":"https:\/\/newsestlyonnais.fr\/site\/2022\/12\/06\/feyzin-venissieux-ils-etaient-19-de-lafa-sur-la-saintelyon\/","title":{"rendered":"FEYZIN-VENISSIEUX | Ils \u00e9taient 19 de l&rsquo;AFA sur la Saint\u00e9Lyon"},"content":{"rendered":"<p><span style=\"background-color: #000000; color: #ffffff;\">Les meilleurs r\u00e9sultats :<\/span><\/p>\n<p>Sur la Saint\u00e9Lyon (78,9 km), <strong>Ludwig Astic<\/strong>, 1149\u00b0 au g\u00e9n\u00e9ral et 703\u00b0 SE-M0H en 10h00&rsquo;28<\/p>\n<p>Sur la Saintexpress (45.4 km), <strong>Pierre Michel<\/strong> 1098\u00b0 au g\u00e9n\u00e9ral et 104\u00b0 M3-M4H en 5h38&rsquo;21<\/p>\n<p>Sur la Saint\u00e9sprint (24.6 km), <strong>Jean-Lo\u00efc Payan<\/strong> 1362\u00b0 au g\u00e9n\u00e9ral et 71\u00b0 M3-M4H en 3h05&rsquo;42<\/p>\n<hr \/>\n<p>A noter que 17 sur les 19 au d\u00e9part ont atteint la ligne d&rsquo;arriv\u00e9e :<\/p>\n<p><span style=\"background-color: #000000; color: #ffffff;\"><strong>Saint\u00e9Lyon<\/strong><\/span> :<\/p>\n<ul>\n<li><strong><span dir=\"ltr\" role=\"presentation\">ASTIC Ludwig<\/span><\/strong> <span dir=\"ltr\" role=\"presentation\">1149\u00b0 en <\/span><span dir=\"ltr\" role=\"presentation\">10h<\/span> <span dir=\"ltr\" role=\"presentation\">00&prime;<\/span> <span dir=\"ltr\" role=\"presentation\">28<\/span> (<span dir=\"ltr\" role=\"presentation\">703\u00b0 SE-M0H)<\/span><\/li>\n<li><strong><span dir=\"ltr\" role=\"presentation\">JUILLARD Fabien<\/span><\/strong> <span dir=\"ltr\" role=\"presentation\">2213\u00b0 en <\/span><span dir=\"ltr\" role=\"presentation\">11h<\/span> <span dir=\"ltr\" role=\"presentation\">05&prime;<\/span> <span dir=\"ltr\" role=\"presentation\">19<\/span> (<span dir=\"ltr\" role=\"presentation\">1255\u00b0 SE-M0H)<\/span><\/li>\n<li><strong><span dir=\"ltr\" role=\"presentation\">ASSAM Morad<\/span><\/strong> <span dir=\"ltr\" role=\"presentation\">abandon<\/span><\/li>\n<\/ul>\n<p><strong><span style=\"background-color: #000000; color: #ffffff;\">Saintexpress <\/span>:<\/strong><\/p>\n<ul>\n<li><strong><span dir=\"ltr\" role=\"presentation\">MICHEL Pierre<\/span><\/strong> <span dir=\"ltr\" role=\"presentation\">1098\u00b0 en <\/span><span dir=\"ltr\" role=\"presentation\">5h<\/span> <span dir=\"ltr\" role=\"presentation\">38&prime;<\/span> <span dir=\"ltr\" role=\"presentation\">21<\/span> (<span dir=\"ltr\" role=\"presentation\">104 M3-M4H)<\/span><\/li>\n<li><strong><span dir=\"ltr\" role=\"presentation\">LEONIS Gilles<\/span> <\/strong><span dir=\"ltr\" role=\"presentation\">2070\u00b0 en <\/span><span dir=\"ltr\" role=\"presentation\">6h<\/span> <span dir=\"ltr\" role=\"presentation\">30&prime;<\/span> <span dir=\"ltr\" role=\"presentation\">46<\/span> (<span dir=\"ltr\" role=\"presentation\">352 M1-M2H)<\/span><\/li>\n<li><strong><span dir=\"ltr\" role=\"presentation\">PERRIN Yannick<\/span><\/strong> <span dir=\"ltr\" role=\"presentation\">2549\u00b0<\/span> en <span dir=\"ltr\" role=\"presentation\">7h<\/span> <span dir=\"ltr\" role=\"presentation\">06&prime;<\/span> <span dir=\"ltr\" role=\"presentation\">04<\/span> (<span dir=\"ltr\" role=\"presentation\">454 M1-M2H)<\/span><\/li>\n<li><strong><span dir=\"ltr\" role=\"presentation\">LEDEY Jean-Fran\u00e7ois<\/span><\/strong> <span dir=\"ltr\" role=\"presentation\">2750\u00b0<\/span> en <span dir=\"ltr\" role=\"presentation\">7h<\/span> <span dir=\"ltr\" role=\"presentation\">28&prime;<\/span> <span dir=\"ltr\" role=\"presentation\">11<\/span> (<span dir=\"ltr\" role=\"presentation\">294 M3-M4H)<\/span><\/li>\n<li><strong><span dir=\"ltr\" role=\"presentation\">HALLER Marjorie<\/span> <\/strong><span dir=\"ltr\" role=\"presentation\">2803\u00b0<\/span> en <span dir=\"ltr\" role=\"presentation\">7h<\/span> <span dir=\"ltr\" role=\"presentation\">38&prime;<\/span> <span dir=\"ltr\" role=\"presentation\">33<\/span> (<span dir=\"ltr\" role=\"presentation\">572 F \/ 351 SE-M0F)<\/span><\/li>\n<li><strong><span dir=\"ltr\" role=\"presentation\">MOUDOUD Jean-Luc<\/span><\/strong> <span dir=\"ltr\" role=\"presentation\">2804\u00b0<\/span> en <span dir=\"ltr\" role=\"presentation\">7h<\/span> <span dir=\"ltr\" role=\"presentation\">38&prime;<\/span> <span dir=\"ltr\" role=\"presentation\">34<\/span> (<span dir=\"ltr\" role=\"presentation\">48 M5-M6H)<\/span><\/li>\n<li><strong><span dir=\"ltr\" role=\"presentation\">FRION Ourida<\/span><\/strong> <span dir=\"ltr\" role=\"presentation\">2808\u00b0 en <\/span><span dir=\"ltr\" role=\"presentation\">7h<\/span> <span dir=\"ltr\" role=\"presentation\">38&prime;<\/span> <span dir=\"ltr\" role=\"presentation\">46<\/span> (<span dir=\"ltr\" role=\"presentation\">573 F \/ 148 M1-M2F)<\/span><\/li>\n<li><strong><span dir=\"ltr\" role=\"presentation\">CHAMPAIN Anne-C\u00e9line<\/span><\/strong> <span dir=\"ltr\" role=\"presentation\">abandon.<\/span><\/li>\n<\/ul>\n<p><strong><span style=\"background-color: #000000; color: #ffffff;\">Saint\u00e9sprint<\/span> :<\/strong><\/p>\n<ul>\n<li><strong><span dir=\"ltr\" role=\"presentation\">PAYAN Jean-Lo\u00efc<\/span><\/strong> <span dir=\"ltr\" role=\"presentation\">1362\u00b0<\/span> en <span dir=\"ltr\" role=\"presentation\">3h<\/span> <span dir=\"ltr\" role=\"presentation\">05&prime;<\/span> <span dir=\"ltr\" role=\"presentation\">42<\/span> (<span dir=\"ltr\" role=\"presentation\">71 M3-M4H)<\/span><\/li>\n<li><strong><span dir=\"ltr\" role=\"presentation\">BOZON Floriane<\/span><\/strong> <span dir=\"ltr\" role=\"presentation\">1365\u00b0<\/span> en <span dir=\"ltr\" role=\"presentation\">3h<\/span> <span dir=\"ltr\" role=\"presentation\">05&prime;<\/span> <span dir=\"ltr\" role=\"presentation\">48<\/span> (<span dir=\"ltr\" role=\"presentation\">430 F \/ 57 M1-M2F)<\/span><\/li>\n<li><strong><span dir=\"ltr\" role=\"presentation\">SAVARIN Caroline<\/span><\/strong> <span dir=\"ltr\" role=\"presentation\">1366\u00b0<\/span> en <span dir=\"ltr\" role=\"presentation\">3h<\/span> <span dir=\"ltr\" role=\"presentation\">05&prime;<\/span> <span dir=\"ltr\" role=\"presentation\">49<\/span> (<span dir=\"ltr\" role=\"presentation\">431 F \/ 299 SE-M0F)<\/span><\/li>\n<li><strong><span dir=\"ltr\" role=\"presentation\">CARUSO Liana<\/span><\/strong> <span dir=\"ltr\" role=\"presentation\">1368\u00b0<\/span> en <span dir=\"ltr\" role=\"presentation\">3h<\/span> <span dir=\"ltr\" role=\"presentation\">05&prime;<\/span> <span dir=\"ltr\" role=\"presentation\">50<\/span> (<span dir=\"ltr\" role=\"presentation\">433 F \/ 31 M3-M4F)<\/span><\/li>\n<li><strong><span dir=\"ltr\" role=\"presentation\">BABEL Chantal<\/span><\/strong> <span dir=\"ltr\" role=\"presentation\">1857\u00b0<\/span> en <span dir=\"ltr\" role=\"presentation\">3h<\/span> <span dir=\"ltr\" role=\"presentation\">28&prime;<\/span> <span dir=\"ltr\" role=\"presentation\">47<\/span> (<span dir=\"ltr\" role=\"presentation\">697 F \/ 57 M3-M4F)<\/span><\/li>\n<li><strong><span dir=\"ltr\" role=\"presentation\">ROCHE Florence<\/span><\/strong> <span dir=\"ltr\" role=\"presentation\">2178<\/span> en <span dir=\"ltr\" role=\"presentation\">3h<\/span> <span dir=\"ltr\" role=\"presentation\">52&prime;<\/span> <span dir=\"ltr\" role=\"presentation\">17<\/span> (<span dir=\"ltr\" role=\"presentation\">876 F \/ 90 M3-M4F)<\/span><\/li>\n<\/ul>\n<p><strong><span style=\"background-color: #000000; color: #ffffff;\">Saint\u00e9tic<\/span> :<\/strong><\/p>\n<ul>\n<li><strong> <span dir=\"ltr\" role=\"presentation\">BERTRAND-MORTUREUX Laurence<\/span><\/strong> <span dir=\"ltr\" role=\"presentation\">1138\u00b0<\/span> en <span dir=\"ltr\" role=\"presentation\">1h<\/span> <span dir=\"ltr\" role=\"presentation\">51&prime;<\/span> <span dir=\"ltr\" role=\"presentation\">05<\/span> (<span dir=\"ltr\" role=\"presentation\">580 F \/ 110 M1-M2F)<\/span><\/li>\n<li><strong><span dir=\"ltr\" role=\"presentation\">PAILLET Sophie<\/span> <\/strong><span dir=\"ltr\" role=\"presentation\">1138\u00b0 en <\/span><span dir=\"ltr\" role=\"presentation\">1h<\/span> <span dir=\"ltr\" role=\"presentation\">51&prime;<\/span> <span dir=\"ltr\" role=\"presentation\">05<\/span> (<span dir=\"ltr\" role=\"presentation\">580 F \/ 110 M1\/M2F)<\/span><\/li>\n<\/ul>\n<hr \/>\n<p><span style=\"background-color: #000000;\"><span style=\"color: #ffffff;\">&gt;&gt; Toute l&rsquo;ACTU du club sur : <\/span><strong><span style=\"color: #3366ff;\"><a style=\"color: #3366ff; background-color: #000000;\" href=\"https:\/\/www.afafeyzinvenissieux.com\">https:\/\/www.afafeyzinvenissieux.com<\/a><\/span><\/strong><\/span><\/p>\n","protected":false},"excerpt":{"rendered":"<p>Participation massive des membres du club ce week-end sur 4 courses du mythique raid nocturne.<\/p>\n","protected":false},"author":4,"featured_media":170774,"comment_status":"open","ping_status":"open","sticky":false,"template":"","format":"standard","meta":{"footnotes":""},"categories":[2968,1287,2,1298],"tags":[2556,2963,2076,2067],"class_list":["post-170772","post","type-post","status-publish","format-standard","has-post-thumbnail","hentry","category-athle-course-pied-marche","category-corbas-feyzin","category-sports","category-venissieux","tag-afa-feyzin","tag-feyzin","tag-saintelyon","tag-venissieux"],"yoast_head":"<!-- This site is optimized with the Yoast SEO plugin v27.2 - https:\/\/yoast.com\/product\/yoast-seo-wordpress\/ -->\n<title>FEYZIN-VENISSIEUX | Ils \u00e9taient 19 de l&#039;AFA sur la Saint\u00e9Lyon - News Est Lyonnais<\/title>\n<meta name=\"description\" content=\"FEYZIN-VENISSIEUX | Ils \u00e9taient 19 de l&#039;AFA sur la Saint\u00e9Lyon\" \/>\n<meta name=\"robots\" content=\"index, follow, max-snippet:-1, max-image-preview:large, max-video-preview:-1\" \/>\n<link rel=\"canonical\" href=\"https:\/\/newsestlyonnais.fr\/site\/2022\/12\/06\/feyzin-venissieux-ils-etaient-19-de-lafa-sur-la-saintelyon\/\" \/>\n<meta property=\"og:locale\" content=\"fr_FR\" \/>\n<meta property=\"og:type\" content=\"article\" \/>\n<meta property=\"og:title\" content=\"FEYZIN-VENISSIEUX | Ils \u00e9taient 19 de l&#039;AFA sur la Saint\u00e9Lyon - News Est Lyonnais\" \/>\n<meta property=\"og:description\" content=\"FEYZIN-VENISSIEUX | Ils \u00e9taient 19 de l&#039;AFA sur la Saint\u00e9Lyon\" \/>\n<meta property=\"og:url\" content=\"https:\/\/newsestlyonnais.fr\/site\/2022\/12\/06\/feyzin-venissieux-ils-etaient-19-de-lafa-sur-la-saintelyon\/\" \/>\n<meta property=\"og:site_name\" content=\"News Est Lyonnais\" \/>\n<meta property=\"article:author\" content=\"https:\/\/www.facebook.com\/pascal.oberson.1?fref=ts\" \/>\n<meta property=\"article:published_time\" content=\"2022-12-06T05:28:53+00:00\" \/>\n<meta property=\"article:modified_time\" content=\"2022-12-10T06:41:53+00:00\" \/>\n<meta property=\"og:image\" content=\"https:\/\/newsestlyonnais.fr\/site\/wp-content\/uploads\/2022\/12\/2022-12-04_SteLyon-1.jpg\" \/>\n\t<meta property=\"og:image:width\" content=\"1024\" \/>\n\t<meta property=\"og:image:height\" content=\"768\" \/>\n\t<meta property=\"og:image:type\" content=\"image\/jpeg\" \/>\n<meta name=\"author\" content=\"R\u00e9dac. NEWS\" \/>\n<meta name=\"twitter:card\" content=\"summary_large_image\" \/>\n<meta name=\"twitter:label1\" content=\"\u00c9crit par\" \/>\n\t<meta name=\"twitter:data1\" content=\"R\u00e9dac. NEWS\" \/>\n\t<meta name=\"twitter:label2\" content=\"Dur\u00e9e de lecture estim\u00e9e\" \/>\n\t<meta name=\"twitter:data2\" content=\"2 minutes\" \/>\n<script type=\"application\/ld+json\" class=\"yoast-schema-graph\">{\"@context\":\"https:\/\/schema.org\",\"@graph\":[{\"@type\":\"Article\",\"@id\":\"https:\/\/newsestlyonnais.fr\/site\/2022\/12\/06\/feyzin-venissieux-ils-etaient-19-de-lafa-sur-la-saintelyon\/#article\",\"isPartOf\":{\"@id\":\"https:\/\/newsestlyonnais.fr\/site\/2022\/12\/06\/feyzin-venissieux-ils-etaient-19-de-lafa-sur-la-saintelyon\/\"},\"author\":{\"name\":\"R\u00e9dac. NEWS\",\"@id\":\"https:\/\/newsestlyonnais.fr\/site\/#\/schema\/person\/3230d5615f390bb808365d673001e887\"},\"headline\":\"FEYZIN-VENISSIEUX | Ils \u00e9taient 19 de l&rsquo;AFA sur la Saint\u00e9Lyon\",\"datePublished\":\"2022-12-06T05:28:53+00:00\",\"dateModified\":\"2022-12-10T06:41:53+00:00\",\"mainEntityOfPage\":{\"@id\":\"https:\/\/newsestlyonnais.fr\/site\/2022\/12\/06\/feyzin-venissieux-ils-etaient-19-de-lafa-sur-la-saintelyon\/\"},\"wordCount\":231,\"commentCount\":0,\"publisher\":{\"@id\":\"https:\/\/newsestlyonnais.fr\/site\/#organization\"},\"image\":{\"@id\":\"https:\/\/newsestlyonnais.fr\/site\/2022\/12\/06\/feyzin-venissieux-ils-etaient-19-de-lafa-sur-la-saintelyon\/#primaryimage\"},\"thumbnailUrl\":\"https:\/\/newsestlyonnais.fr\/site\/wp-content\/uploads\/2022\/12\/2022-12-04_SteLyon-1.jpg\",\"keywords\":[\"AFA FEYZIN\",\"FEYZIN\",\"SAINTELYON\",\"VENISSIEUX\"],\"articleSection\":[\"Athl\u00e9 | Course pied | Marche\",\"Corbas | Feyzin\",\"Sports\",\"V\u00e9nissieux\"],\"inLanguage\":\"fr-FR\",\"potentialAction\":[{\"@type\":\"CommentAction\",\"name\":\"Comment\",\"target\":[\"https:\/\/newsestlyonnais.fr\/site\/2022\/12\/06\/feyzin-venissieux-ils-etaient-19-de-lafa-sur-la-saintelyon\/#respond\"]}]},{\"@type\":\"WebPage\",\"@id\":\"https:\/\/newsestlyonnais.fr\/site\/2022\/12\/06\/feyzin-venissieux-ils-etaient-19-de-lafa-sur-la-saintelyon\/\",\"url\":\"https:\/\/newsestlyonnais.fr\/site\/2022\/12\/06\/feyzin-venissieux-ils-etaient-19-de-lafa-sur-la-saintelyon\/\",\"name\":\"FEYZIN-VENISSIEUX | Ils \u00e9taient 19 de l'AFA sur la Saint\u00e9Lyon - News Est Lyonnais\",\"isPartOf\":{\"@id\":\"https:\/\/newsestlyonnais.fr\/site\/#website\"},\"primaryImageOfPage\":{\"@id\":\"https:\/\/newsestlyonnais.fr\/site\/2022\/12\/06\/feyzin-venissieux-ils-etaient-19-de-lafa-sur-la-saintelyon\/#primaryimage\"},\"image\":{\"@id\":\"https:\/\/newsestlyonnais.fr\/site\/2022\/12\/06\/feyzin-venissieux-ils-etaient-19-de-lafa-sur-la-saintelyon\/#primaryimage\"},\"thumbnailUrl\":\"https:\/\/newsestlyonnais.fr\/site\/wp-content\/uploads\/2022\/12\/2022-12-04_SteLyon-1.jpg\",\"datePublished\":\"2022-12-06T05:28:53+00:00\",\"dateModified\":\"2022-12-10T06:41:53+00:00\",\"description\":\"FEYZIN-VENISSIEUX | Ils \u00e9taient 19 de l'AFA sur la Saint\u00e9Lyon\",\"breadcrumb\":{\"@id\":\"https:\/\/newsestlyonnais.fr\/site\/2022\/12\/06\/feyzin-venissieux-ils-etaient-19-de-lafa-sur-la-saintelyon\/#breadcrumb\"},\"inLanguage\":\"fr-FR\",\"potentialAction\":[{\"@type\":\"ReadAction\",\"target\":[\"https:\/\/newsestlyonnais.fr\/site\/2022\/12\/06\/feyzin-venissieux-ils-etaient-19-de-lafa-sur-la-saintelyon\/\"]}]},{\"@type\":\"ImageObject\",\"inLanguage\":\"fr-FR\",\"@id\":\"https:\/\/newsestlyonnais.fr\/site\/2022\/12\/06\/feyzin-venissieux-ils-etaient-19-de-lafa-sur-la-saintelyon\/#primaryimage\",\"url\":\"https:\/\/newsestlyonnais.fr\/site\/wp-content\/uploads\/2022\/12\/2022-12-04_SteLyon-1.jpg\",\"contentUrl\":\"https:\/\/newsestlyonnais.fr\/site\/wp-content\/uploads\/2022\/12\/2022-12-04_SteLyon-1.jpg\",\"width\":1024,\"height\":768},{\"@type\":\"BreadcrumbList\",\"@id\":\"https:\/\/newsestlyonnais.fr\/site\/2022\/12\/06\/feyzin-venissieux-ils-etaient-19-de-lafa-sur-la-saintelyon\/#breadcrumb\",\"itemListElement\":[{\"@type\":\"ListItem\",\"position\":1,\"name\":\"Accueil\",\"item\":\"https:\/\/newsestlyonnais.fr\/site\/\"},{\"@type\":\"ListItem\",\"position\":2,\"name\":\"FEYZIN-VENISSIEUX | Ils \u00e9taient 19 de l&rsquo;AFA sur la Saint\u00e9Lyon\"}]},{\"@type\":\"WebSite\",\"@id\":\"https:\/\/newsestlyonnais.fr\/site\/#website\",\"url\":\"https:\/\/newsestlyonnais.fr\/site\/\",\"name\":\"News Est Lyonnais\",\"description\":\"L&#039;actualit\u00e9 au plus pr\u00e8s\",\"publisher\":{\"@id\":\"https:\/\/newsestlyonnais.fr\/site\/#organization\"},\"potentialAction\":[{\"@type\":\"SearchAction\",\"target\":{\"@type\":\"EntryPoint\",\"urlTemplate\":\"https:\/\/newsestlyonnais.fr\/site\/?s={search_term_string}\"},\"query-input\":{\"@type\":\"PropertyValueSpecification\",\"valueRequired\":true,\"valueName\":\"search_term_string\"}}],\"inLanguage\":\"fr-FR\"},{\"@type\":\"Organization\",\"@id\":\"https:\/\/newsestlyonnais.fr\/site\/#organization\",\"name\":\"News EST LYONNAIS\",\"url\":\"https:\/\/newsestlyonnais.fr\/site\/\",\"logo\":{\"@type\":\"ImageObject\",\"inLanguage\":\"fr-FR\",\"@id\":\"https:\/\/newsestlyonnais.fr\/site\/#\/schema\/logo\/image\/\",\"url\":\"\",\"contentUrl\":\"\",\"caption\":\"News EST LYONNAIS\"},\"image\":{\"@id\":\"https:\/\/newsestlyonnais.fr\/site\/#\/schema\/logo\/image\/\"}},{\"@type\":\"Person\",\"@id\":\"https:\/\/newsestlyonnais.fr\/site\/#\/schema\/person\/3230d5615f390bb808365d673001e887\",\"name\":\"R\u00e9dac. NEWS\",\"sameAs\":[\"http:\/\/www.newsestlyonnais.fr\",\"https:\/\/www.facebook.com\/pascal.oberson.1?fref=ts\",\"https:\/\/fr.linkedin.com\/in\/pascal-oberson-b17045113\"],\"url\":\"https:\/\/newsestlyonnais.fr\/site\/author\/nel\/\"}]}<\/script>\n<!-- \/ Yoast SEO plugin. -->","yoast_head_json":{"title":"FEYZIN-VENISSIEUX | Ils \u00e9taient 19 de l'AFA sur la Saint\u00e9Lyon - News Est Lyonnais","description":"FEYZIN-VENISSIEUX | Ils \u00e9taient 19 de l'AFA sur la Saint\u00e9Lyon","robots":{"index":"index","follow":"follow","max-snippet":"max-snippet:-1","max-image-preview":"max-image-preview:large","max-video-preview":"max-video-preview:-1"},"canonical":"https:\/\/newsestlyonnais.fr\/site\/2022\/12\/06\/feyzin-venissieux-ils-etaient-19-de-lafa-sur-la-saintelyon\/","og_locale":"fr_FR","og_type":"article","og_title":"FEYZIN-VENISSIEUX | Ils \u00e9taient 19 de l'AFA sur la Saint\u00e9Lyon - News Est Lyonnais","og_description":"FEYZIN-VENISSIEUX | Ils \u00e9taient 19 de l'AFA sur la Saint\u00e9Lyon","og_url":"https:\/\/newsestlyonnais.fr\/site\/2022\/12\/06\/feyzin-venissieux-ils-etaient-19-de-lafa-sur-la-saintelyon\/","og_site_name":"News Est Lyonnais","article_author":"https:\/\/www.facebook.com\/pascal.oberson.1?fref=ts","article_published_time":"2022-12-06T05:28:53+00:00","article_modified_time":"2022-12-10T06:41:53+00:00","og_image":[{"width":1024,"height":768,"url":"https:\/\/newsestlyonnais.fr\/site\/wp-content\/uploads\/2022\/12\/2022-12-04_SteLyon-1.jpg","type":"image\/jpeg"}],"author":"R\u00e9dac. NEWS","twitter_card":"summary_large_image","twitter_misc":{"\u00c9crit par":"R\u00e9dac. NEWS","Dur\u00e9e de lecture estim\u00e9e":"2 minutes"},"schema":{"@context":"https:\/\/schema.org","@graph":[{"@type":"Article","@id":"https:\/\/newsestlyonnais.fr\/site\/2022\/12\/06\/feyzin-venissieux-ils-etaient-19-de-lafa-sur-la-saintelyon\/#article","isPartOf":{"@id":"https:\/\/newsestlyonnais.fr\/site\/2022\/12\/06\/feyzin-venissieux-ils-etaient-19-de-lafa-sur-la-saintelyon\/"},"author":{"name":"R\u00e9dac. NEWS","@id":"https:\/\/newsestlyonnais.fr\/site\/#\/schema\/person\/3230d5615f390bb808365d673001e887"},"headline":"FEYZIN-VENISSIEUX | Ils \u00e9taient 19 de l&rsquo;AFA sur la Saint\u00e9Lyon","datePublished":"2022-12-06T05:28:53+00:00","dateModified":"2022-12-10T06:41:53+00:00","mainEntityOfPage":{"@id":"https:\/\/newsestlyonnais.fr\/site\/2022\/12\/06\/feyzin-venissieux-ils-etaient-19-de-lafa-sur-la-saintelyon\/"},"wordCount":231,"commentCount":0,"publisher":{"@id":"https:\/\/newsestlyonnais.fr\/site\/#organization"},"image":{"@id":"https:\/\/newsestlyonnais.fr\/site\/2022\/12\/06\/feyzin-venissieux-ils-etaient-19-de-lafa-sur-la-saintelyon\/#primaryimage"},"thumbnailUrl":"https:\/\/newsestlyonnais.fr\/site\/wp-content\/uploads\/2022\/12\/2022-12-04_SteLyon-1.jpg","keywords":["AFA FEYZIN","FEYZIN","SAINTELYON","VENISSIEUX"],"articleSection":["Athl\u00e9 | Course pied | Marche","Corbas | Feyzin","Sports","V\u00e9nissieux"],"inLanguage":"fr-FR","potentialAction":[{"@type":"CommentAction","name":"Comment","target":["https:\/\/newsestlyonnais.fr\/site\/2022\/12\/06\/feyzin-venissieux-ils-etaient-19-de-lafa-sur-la-saintelyon\/#respond"]}]},{"@type":"WebPage","@id":"https:\/\/newsestlyonnais.fr\/site\/2022\/12\/06\/feyzin-venissieux-ils-etaient-19-de-lafa-sur-la-saintelyon\/","url":"https:\/\/newsestlyonnais.fr\/site\/2022\/12\/06\/feyzin-venissieux-ils-etaient-19-de-lafa-sur-la-saintelyon\/","name":"FEYZIN-VENISSIEUX | Ils \u00e9taient 19 de l'AFA sur la Saint\u00e9Lyon - News Est Lyonnais","isPartOf":{"@id":"https:\/\/newsestlyonnais.fr\/site\/#website"},"primaryImageOfPage":{"@id":"https:\/\/newsestlyonnais.fr\/site\/2022\/12\/06\/feyzin-venissieux-ils-etaient-19-de-lafa-sur-la-saintelyon\/#primaryimage"},"image":{"@id":"https:\/\/newsestlyonnais.fr\/site\/2022\/12\/06\/feyzin-venissieux-ils-etaient-19-de-lafa-sur-la-saintelyon\/#primaryimage"},"thumbnailUrl":"https:\/\/newsestlyonnais.fr\/site\/wp-content\/uploads\/2022\/12\/2022-12-04_SteLyon-1.jpg","datePublished":"2022-12-06T05:28:53+00:00","dateModified":"2022-12-10T06:41:53+00:00","description":"FEYZIN-VENISSIEUX | Ils \u00e9taient 19 de l'AFA sur la Saint\u00e9Lyon","breadcrumb":{"@id":"https:\/\/newsestlyonnais.fr\/site\/2022\/12\/06\/feyzin-venissieux-ils-etaient-19-de-lafa-sur-la-saintelyon\/#breadcrumb"},"inLanguage":"fr-FR","potentialAction":[{"@type":"ReadAction","target":["https:\/\/newsestlyonnais.fr\/site\/2022\/12\/06\/feyzin-venissieux-ils-etaient-19-de-lafa-sur-la-saintelyon\/"]}]},{"@type":"ImageObject","inLanguage":"fr-FR","@id":"https:\/\/newsestlyonnais.fr\/site\/2022\/12\/06\/feyzin-venissieux-ils-etaient-19-de-lafa-sur-la-saintelyon\/#primaryimage","url":"https:\/\/newsestlyonnais.fr\/site\/wp-content\/uploads\/2022\/12\/2022-12-04_SteLyon-1.jpg","contentUrl":"https:\/\/newsestlyonnais.fr\/site\/wp-content\/uploads\/2022\/12\/2022-12-04_SteLyon-1.jpg","width":1024,"height":768},{"@type":"BreadcrumbList","@id":"https:\/\/newsestlyonnais.fr\/site\/2022\/12\/06\/feyzin-venissieux-ils-etaient-19-de-lafa-sur-la-saintelyon\/#breadcrumb","itemListElement":[{"@type":"ListItem","position":1,"name":"Accueil","item":"https:\/\/newsestlyonnais.fr\/site\/"},{"@type":"ListItem","position":2,"name":"FEYZIN-VENISSIEUX | Ils \u00e9taient 19 de l&rsquo;AFA sur la Saint\u00e9Lyon"}]},{"@type":"WebSite","@id":"https:\/\/newsestlyonnais.fr\/site\/#website","url":"https:\/\/newsestlyonnais.fr\/site\/","name":"News Est Lyonnais","description":"L&#039;actualit\u00e9 au plus pr\u00e8s","publisher":{"@id":"https:\/\/newsestlyonnais.fr\/site\/#organization"},"potentialAction":[{"@type":"SearchAction","target":{"@type":"EntryPoint","urlTemplate":"https:\/\/newsestlyonnais.fr\/site\/?s={search_term_string}"},"query-input":{"@type":"PropertyValueSpecification","valueRequired":true,"valueName":"search_term_string"}}],"inLanguage":"fr-FR"},{"@type":"Organization","@id":"https:\/\/newsestlyonnais.fr\/site\/#organization","name":"News EST LYONNAIS","url":"https:\/\/newsestlyonnais.fr\/site\/","logo":{"@type":"ImageObject","inLanguage":"fr-FR","@id":"https:\/\/newsestlyonnais.fr\/site\/#\/schema\/logo\/image\/","url":"","contentUrl":"","caption":"News EST LYONNAIS"},"image":{"@id":"https:\/\/newsestlyonnais.fr\/site\/#\/schema\/logo\/image\/"}},{"@type":"Person","@id":"https:\/\/newsestlyonnais.fr\/site\/#\/schema\/person\/3230d5615f390bb808365d673001e887","name":"R\u00e9dac. NEWS","sameAs":["http:\/\/www.newsestlyonnais.fr","https:\/\/www.facebook.com\/pascal.oberson.1?fref=ts","https:\/\/fr.linkedin.com\/in\/pascal-oberson-b17045113"],"url":"https:\/\/newsestlyonnais.fr\/site\/author\/nel\/"}]}},"_links":{"self":[{"href":"https:\/\/newsestlyonnais.fr\/site\/wp-json\/wp\/v2\/posts\/170772","targetHints":{"allow":["GET"]}}],"collection":[{"href":"https:\/\/newsestlyonnais.fr\/site\/wp-json\/wp\/v2\/posts"}],"about":[{"href":"https:\/\/newsestlyonnais.fr\/site\/wp-json\/wp\/v2\/types\/post"}],"author":[{"embeddable":true,"href":"https:\/\/newsestlyonnais.fr\/site\/wp-json\/wp\/v2\/users\/4"}],"replies":[{"embeddable":true,"href":"https:\/\/newsestlyonnais.fr\/site\/wp-json\/wp\/v2\/comments?post=170772"}],"version-history":[{"count":0,"href":"https:\/\/newsestlyonnais.fr\/site\/wp-json\/wp\/v2\/posts\/170772\/revisions"}],"wp:featuredmedia":[{"embeddable":true,"href":"https:\/\/newsestlyonnais.fr\/site\/wp-json\/wp\/v2\/media\/170774"}],"wp:attachment":[{"href":"https:\/\/newsestlyonnais.fr\/site\/wp-json\/wp\/v2\/media?parent=170772"}],"wp:term":[{"taxonomy":"category","embeddable":true,"href":"https:\/\/newsestlyonnais.fr\/site\/wp-json\/wp\/v2\/categories?post=170772"},{"taxonomy":"post_tag","embeddable":true,"href":"https:\/\/newsestlyonnais.fr\/site\/wp-json\/wp\/v2\/tags?post=170772"}],"curies":[{"name":"wp","href":"https:\/\/api.w.org\/{rel}","templated":true}]}}