{"id":171191,"date":"2022-12-08T20:43:07","date_gmt":"2022-12-08T19:43:07","guid":{"rendered":"https:\/\/newsestlyonnais.fr\/site\/?p=171191"},"modified":"2023-02-24T16:57:43","modified_gmt":"2023-02-24T15:57:43","slug":"valentin-chaneac-cest-veritablement-le-defi-sportif-que-la-saintelyon-represente-qui-ma-attire","status":"publish","type":"post","link":"https:\/\/newsestlyonnais.fr\/site\/2022\/12\/08\/valentin-chaneac-cest-veritablement-le-defi-sportif-que-la-saintelyon-represente-qui-ma-attire\/","title":{"rendered":"Valentin Chan\u00e9ac \u00a0\u00bb c\u2019est v\u00e9ritablement le d\u00e9fi sportif que la Saint\u00e9Lyon repr\u00e9sente qui m\u2019a attir\u00e9 \u00ab\u00a0"},"content":{"rendered":"<p><span style=\"color: #ffffff; font-size: 14pt; background-color: #000000;\"><strong>Petite pr\u00e9sentation :<\/strong> <\/span><\/p>\n<p>\u00ab J\u2019ai 32 ans, j\u2019habite sur la commune de Chassieu depuis 5 ans avec ma femme et ma fille de 1 an. C\u00f4t\u00e9 professionnel, je suis contr\u00f4leur de gestion dans une entreprise du secteur agro-alimentaire \u00bb.<\/p>\n<p><span style=\"background-color: #000000; color: #ffffff;\"><strong><span style=\"font-size: 14pt; background-color: #000000;\">Depuis quand pratiquez-vous la course \u00e0 pied ? d\u2019autres sports avant ?<\/span><\/strong><\/span><\/p>\n<p>\u00ab <strong>Je pratique la course \u00e0 pied et le trail depuis plus de 10 ans<\/strong>. Ma premi\u00e8re participation sur une<br \/>\ncourse officielle remonte \u00e0 2012. En dehors de cela, j\u2019aime pratiquer en loisirs, le squash, le football et la randonn\u00e9e \u00bb.<\/p>\n<p><span style=\"background-color: #000000; color: #ffffff; font-size: 14pt;\"><strong>Etes-vous licenci\u00e9 en club et depuis quand ?<\/strong><\/span><\/p>\n<p>\u00ab <strong>J\u2019ai int\u00e9gr\u00e9 l\u2019association de la Foul\u00e9e Muroise en septembre 2019<\/strong>, j\u2019attaque ma quatri\u00e8me saison l\u00e0-<span style=\"font-size: 14pt;\"><span style=\"font-size: 12pt;\">bas o\u00f9 r\u00e8gne une super ambiance, que je recommande d\u2019ailleurs \u00e0 tous les sportifs de l\u2019est lyonnais !<\/span> \u00bb <\/span><\/p>\n<p><span style=\"background-color: #000000; color: #ffffff;\"><strong><span style=\"font-size: 14pt; background-color: #000000;\">Pourquoi avoir choisi cette course ? aviez-vous d\u00e9j\u00e0 disput\u00e9 une des \u00e9preuves de la Saint\u00e9lyon ?<\/span><\/strong><\/span><\/p>\n<p>\u00ab <strong>J\u2019avais depuis longtemps en t\u00eate l\u2019id\u00e9e de participer un jour \u00e0 cette course mythique, l\u2019un des plus vieux trails de France<\/strong>. L\u2019id\u00e9e de pouvoir rallier \u00e0 la force des mollets deux grandes villes fran\u00e7aises semblait quelque chose d\u2019assez fou. De plus, les conditions nocturnes et le climat r\u00e9put\u00e9 difficile, rendent cette course encore plus unique.<\/p>\n<p>C\u2019est v\u00e9ritablement le d\u00e9fi sportif que la Saint\u00e9Lyon repr\u00e9sente qui m\u2019a attir\u00e9, ainsi que l\u2019envie de d\u00e9passer mes limites. J\u2019avais d\u00e9j\u00e0 particip\u00e9 \u00e0 un format plus court, \u00e0 savoir celui de la SaintExpress en 2016 \u00bb.<\/p>\n<p><span style=\"background-color: #000000; color: #ffffff; font-size: 14pt;\"><strong>Aviez- vous auparavant couru sur cette distance (pour le 78 km) ? et o\u00f9 ?<\/strong><\/span><\/p>\n<p>\u00ab <strong>Habitu\u00e9 des trails courts, sur des formats allant de 15 \u00e0 30 km, je n\u2019avais jamais couru une telle distance<\/strong>. En octobre dernier, avant de m\u2019inscrire sur la Saint\u00e9Lyon, j\u2019ai test\u00e9 ma r\u00e9sistance sur une distance plus longue qu\u2019habituellement en prenant part au format 55 km de l\u2019Ultra Trail du Beaujolais Vert afin de voir de quelle mani\u00e8re r\u00e9agissait mon corps \u00bb.<\/p>\n<p><span style=\"background-color: #000000; color: #ffffff; font-size: 14pt;\"><strong>Comment et depuis quand avez-vous pr\u00e9par\u00e9 cette \u00e9preuve ?<\/strong><\/span><\/p>\n<p>\u00ab <strong>J\u2019ai commenc\u00e9 \u00e0 pr\u00e9parer cette course \u00e0 la rentr\u00e9e de septembre<\/strong> \u00e0 raison de 2 \u00e0 3 s\u00e9ances par semaine, alternant fractionn\u00e9 en c\u00f4tes, sorties au seuil et courses longues avec d\u00e9nivel\u00e9 dont quelques trails pr\u00e9paratoires (Trail des Cabornes en septembre, UTBV format 55 km en octobre et Trail des Cabou\u00e9s en novembre) \u00bb.<\/p>\n<p><span style=\"background-color: #000000; color: #ffffff; font-size: 14pt;\"><strong>Vos points forts dans cette discipline ?<\/strong><\/span><\/p>\n<p>\u00ab <strong>Mon mental et ma t\u00e9nacit\u00e9, je n\u2019ai encore jamais abandonn\u00e9 pendant une course<\/strong> \u00bb.<\/p>\n<p><span style=\"background-color: #000000; color: #ffffff; font-size: 14pt;\"><strong>Quel \u00e9tait votre objectif au d\u00e9part ?<\/strong><\/span><\/p>\n<p>\u00ab <strong>Mon objectif premier \u00e9tait de terminer la course pour cette premi\u00e8re participation<\/strong>. Malgr\u00e9 tout, j\u2019avais \u00e9galement dans un coin de ma t\u00eate, l\u2019espoir de r\u00e9aliser un temps proche des 11 h de course, objectif qui n\u2019a pas \u00e9t\u00e9 atteint \u00bb.<\/p>\n<p><span style=\"background-color: #000000; color: #ffffff; font-size: 14pt;\"><strong>Dans quel \u00e9tat mental et physique avez-vous pris le d\u00e9part ?<br \/>\n<\/strong><\/span><\/p>\n<p>\u00ab <strong>Avant le d\u00e9part, physiquement, je me sentais bien<\/strong>. Mentalement, un peu d\u2019appr\u00e9hension de savoir comment mon corps allait r\u00e9agir face \u00e0 une course qui d\u00e9bute \u00e0 minuit, et donc comment j\u2019allais g\u00e9rer la fatigue tout au long de la nuit.<\/p>\n<p>\u00c9galement un peu d\u2019appr\u00e9hension au niveau de la m\u00e9t\u00e9o et notamment sur la pr\u00e9sence ou non de pluie sur le parcours \u00bb.<\/p>\n<p><span style=\"background-color: #000000; color: #ffffff; font-size: 14pt;\"><strong>Comment s\u2019est pass\u00e9 cette course ?<\/strong><\/span><\/p>\n<p>\u00ab Apr\u00e8s un temps d\u2019attente assez long dehors pour le d\u00e9part, qui m\u2019a bien refroidi le corps, je suis parti avec la quatri\u00e8me vag<strong>ue \u00e0 0 h 15. Profitant d\u2019un premier secteur de 10 km assez roulant, je suis parti vite, et sans doute trop vite<\/strong>. Apr\u00e8s cela, nous avons attaqu\u00e9 le d\u00e9nivel\u00e9 sous un brouillard \u00e9pais et la pluie qui nous suivaient depuis le d\u00e9part. Arriv\u00e9 \u00e0 Saint Christo, j\u2019\u00e9tais transi par l\u2019humidit\u00e9 et le froid, heureusement, j\u2019avais pr\u00e9vu une couche de v\u00eatement suppl\u00e9mentaire qui m\u2019a \u00e9t\u00e9 salvatrice !<\/p>\n<p><strong>La boue pr\u00e9sente en quantit\u00e9 ne me permettait pas de me faire v\u00e9ritablement plaisir comme \u00e0 mon habitude<\/strong>, notamment dans les descentes. C\u2019est \u00e0 partir du ravitaillement de Soucieu <strong>au kilom\u00e8tre 55 que je suis rentr\u00e9 v\u00e9ritablement dans le dur<\/strong>, payant ce d\u00e9part rapide. <strong>Les 20 derniers kilom\u00e8tres ont \u00e9t\u00e9 compliqu\u00e9s<\/strong> \u00e0 tel point que je ne courais plus qu\u2019en descente et par alternance sur le plat, j\u2019avais la sensation d\u2019avoir des poteaux \u00e0 la place des jambes. <strong>Il ne fallait rien l\u00e2cher, continuer au mental.<\/strong><\/p>\n<p>Quelques derni\u00e8res grosses mont\u00e9es \u00e0 l\u2019approche de Lyon ont encore retard\u00e9 mon arriv\u00e9e. <strong>N\u00e9anmoins apr\u00e8s 12 h 30 d\u2019effort, j\u2019\u00e9tais fier de p\u00e9n\u00e9trer enfin dans cette Halle Tony Garnier<\/strong> \u00bb.<\/p>\n<p><span style=\"background-color: #000000; color: #ffffff; font-size: 14pt;\"><strong>La m\u00e9t\u00e9o a-t-elle \u00e9t\u00e9 id\u00e9ale pour vous ?<\/strong><\/span><\/p>\n<p>\u00ab Entre la boue pr\u00e9sente tout au long du parcours, la pluie, le brouillard et le froid, je ne peux pas dire qu\u2019il s\u2019agissait de conditions optimales, bien au contraire.<\/p>\n<p><strong>Le plus dur \u00e0 g\u00e9rer pour moi \u00e9taient les sensations de froid glacial en sortie de ravitaillement<\/strong>. La boue pr\u00e9sente en quantit\u00e9 importante \u00e9tait \u00e9galement compliqu\u00e9e \u00e0 g\u00e9rer puisqu\u2019elle n\u00e9cessitait une vigilance constante pour ne pas chuter \u00bb.<\/p>\n<p><span style=\"background-color: #000000; color: #ffffff; font-size: 14pt;\"><strong>Comment vous sentez vous \u00e0 pr\u00e9sent, satisfaction ou d\u00e9ception ?<\/strong><\/span><\/p>\n<p>\u00ab <strong>Pleinement satisfait d\u2019avoir termin\u00e9 la course, mais avec la volont\u00e9 de participer \u00e0 nouveau pour am\u00e9liorer mon chrono<\/strong> ! \u00bb.<\/p>\n<p><span style=\"background-color: #000000; color: #ffffff; font-size: 14pt;\"><strong>Une petite anecdote sur la course ? <\/strong><\/span><\/p>\n<p>\u00ab Juste apr\u00e8s la course, la fatigue \u00e9tait telle que j\u2019ai pr\u00e9f\u00e9r\u00e9 dormir quelques heures avant m\u00eame de prendre une douche ! \u00bb<\/p>\n<p><span style=\"background-color: #000000; color: #ffffff; font-size: 14pt;\"><strong>Et maintenant au programme, r\u00e9cup\u00e9ration et ensuite dans votre agenda sportif de fin 2022 et d\u00e9but 2023 ?<\/strong><\/span><\/p>\n<p>\u00ab <strong>Rien de pr\u00e9vu sur cette fin d\u2019ann\u00e9e<\/strong>, je ne pense pas raccrocher un dossard avant f\u00e9vrier et le trail des Roses (format 20 km) \u00e0 Moras, en Is\u00e8re, auquel j\u2019ai d\u00e9j\u00e0 particip\u00e9, puis retourner sur mes terres natales de la Dr\u00f4me pour prendre part, pour la premi\u00e8re fois, au trail de Mirmande, fin mars, sur le format 30 km \u00bb.<\/p>\n<hr \/>\n<hr \/>\n<p>&nbsp;<\/p>\n","protected":false},"excerpt":{"rendered":"<p>Membre de la Foul\u00e9e Muroise, il n\u2019avait jamais couru une telle distance avant de s&rsquo;aligner au d\u00e9part de la 68\u00b0 \u00e9dition. T\u00e9moignage : \u00a0\u00bb ils racontent leur Saint\u00e9lyon \u00a0\u00bb 13\/21. <\/p>\n","protected":false},"author":4,"featured_media":171193,"comment_status":"open","ping_status":"open","sticky":false,"template":"","format":"standard","meta":{"footnotes":""},"categories":[2968,1283,4286,137,5,3250,1282],"tags":[2862,2076,4502],"class_list":["post-171191","post","type-post","status-publish","format-standard","has-post-thumbnail","hentry","category-athle-course-pied-marche","category-chassieu-communes-diverses","category-interview-a-la-une","category-interviews","category-loisirs-associations","category-recits-de-course-portraits-interviews","category-st-bonnet-st-laurent-de-mure","tag-foulee-muroise","tag-saintelyon","tag-valentin-chaneac"],"yoast_head":"<!-- This site is optimized with the Yoast SEO plugin v27.2 - https:\/\/yoast.com\/product\/yoast-seo-wordpress\/ -->\n<title>Valentin Chan\u00e9ac &quot; c\u2019est v\u00e9ritablement le d\u00e9fi sportif que la Saint\u00e9Lyon repr\u00e9sente qui m\u2019a attir\u00e9 &quot; - News Est Lyonnais<\/title>\n<meta name=\"description\" content=\"Valentin Chan\u00e9ac &quot; c\u2019est v\u00e9ritablement le d\u00e9fi sportif que la Saint\u00e9Lyon repr\u00e9sente qui m\u2019a attir\u00e9 &quot;\" \/>\n<meta name=\"robots\" content=\"index, follow, max-snippet:-1, max-image-preview:large, max-video-preview:-1\" \/>\n<link rel=\"canonical\" href=\"https:\/\/newsestlyonnais.fr\/site\/2022\/12\/08\/valentin-chaneac-cest-veritablement-le-defi-sportif-que-la-saintelyon-represente-qui-ma-attire\/\" \/>\n<meta property=\"og:locale\" content=\"fr_FR\" \/>\n<meta property=\"og:type\" content=\"article\" \/>\n<meta property=\"og:title\" content=\"Valentin Chan\u00e9ac &quot; c\u2019est v\u00e9ritablement le d\u00e9fi sportif que la Saint\u00e9Lyon repr\u00e9sente qui m\u2019a attir\u00e9 &quot; - News Est Lyonnais\" \/>\n<meta property=\"og:description\" content=\"Valentin Chan\u00e9ac &quot; c\u2019est v\u00e9ritablement le d\u00e9fi sportif que la Saint\u00e9Lyon repr\u00e9sente qui m\u2019a attir\u00e9 &quot;\" \/>\n<meta property=\"og:url\" content=\"https:\/\/newsestlyonnais.fr\/site\/2022\/12\/08\/valentin-chaneac-cest-veritablement-le-defi-sportif-que-la-saintelyon-represente-qui-ma-attire\/\" \/>\n<meta property=\"og:site_name\" content=\"News Est Lyonnais\" \/>\n<meta property=\"article:author\" content=\"https:\/\/www.facebook.com\/pascal.oberson.1?fref=ts\" \/>\n<meta property=\"article:published_time\" content=\"2022-12-08T19:43:07+00:00\" \/>\n<meta property=\"article:modified_time\" content=\"2023-02-24T15:57:43+00:00\" \/>\n<meta property=\"og:image\" content=\"https:\/\/newsestlyonnais.fr\/site\/wp-content\/uploads\/2022\/12\/Photo-Valentin.jpg\" \/>\n\t<meta property=\"og:image:width\" content=\"1200\" \/>\n\t<meta property=\"og:image:height\" content=\"800\" \/>\n\t<meta property=\"og:image:type\" content=\"image\/jpeg\" \/>\n<meta name=\"author\" content=\"R\u00e9dac. NEWS\" \/>\n<meta name=\"twitter:card\" content=\"summary_large_image\" \/>\n<meta name=\"twitter:label1\" content=\"\u00c9crit par\" \/>\n\t<meta name=\"twitter:data1\" content=\"R\u00e9dac. NEWS\" \/>\n\t<meta name=\"twitter:label2\" content=\"Dur\u00e9e de lecture estim\u00e9e\" \/>\n\t<meta name=\"twitter:data2\" content=\"5 minutes\" \/>\n<script type=\"application\/ld+json\" class=\"yoast-schema-graph\">{\"@context\":\"https:\/\/schema.org\",\"@graph\":[{\"@type\":\"Article\",\"@id\":\"https:\/\/newsestlyonnais.fr\/site\/2022\/12\/08\/valentin-chaneac-cest-veritablement-le-defi-sportif-que-la-saintelyon-represente-qui-ma-attire\/#article\",\"isPartOf\":{\"@id\":\"https:\/\/newsestlyonnais.fr\/site\/2022\/12\/08\/valentin-chaneac-cest-veritablement-le-defi-sportif-que-la-saintelyon-represente-qui-ma-attire\/\"},\"author\":{\"name\":\"R\u00e9dac. NEWS\",\"@id\":\"https:\/\/newsestlyonnais.fr\/site\/#\/schema\/person\/3230d5615f390bb808365d673001e887\"},\"headline\":\"Valentin Chan\u00e9ac \u00a0\u00bb c\u2019est v\u00e9ritablement le d\u00e9fi sportif que la Saint\u00e9Lyon repr\u00e9sente qui m\u2019a attir\u00e9 \u00ab\u00a0\",\"datePublished\":\"2022-12-08T19:43:07+00:00\",\"dateModified\":\"2023-02-24T15:57:43+00:00\",\"mainEntityOfPage\":{\"@id\":\"https:\/\/newsestlyonnais.fr\/site\/2022\/12\/08\/valentin-chaneac-cest-veritablement-le-defi-sportif-que-la-saintelyon-represente-qui-ma-attire\/\"},\"wordCount\":1030,\"commentCount\":0,\"publisher\":{\"@id\":\"https:\/\/newsestlyonnais.fr\/site\/#organization\"},\"image\":{\"@id\":\"https:\/\/newsestlyonnais.fr\/site\/2022\/12\/08\/valentin-chaneac-cest-veritablement-le-defi-sportif-que-la-saintelyon-represente-qui-ma-attire\/#primaryimage\"},\"thumbnailUrl\":\"https:\/\/newsestlyonnais.fr\/site\/wp-content\/uploads\/2022\/12\/Photo-Valentin.jpg\",\"keywords\":[\"FOULEE MUROISE\",\"SAINTELYON\",\"Valentin Chan\u00e9ac\"],\"articleSection\":[\"Athl\u00e9 | Course pied | Marche\",\"Chassieu | Communes diverses\",\"Interview \u00e0 la une\",\"Interviews\",\"Loisirs \/ Associations\",\"R\u00e9cits de course \/ Portraits \/ Interviews\",\"St Bonnet | St Laurent de Mure\"],\"inLanguage\":\"fr-FR\",\"potentialAction\":[{\"@type\":\"CommentAction\",\"name\":\"Comment\",\"target\":[\"https:\/\/newsestlyonnais.fr\/site\/2022\/12\/08\/valentin-chaneac-cest-veritablement-le-defi-sportif-que-la-saintelyon-represente-qui-ma-attire\/#respond\"]}]},{\"@type\":\"WebPage\",\"@id\":\"https:\/\/newsestlyonnais.fr\/site\/2022\/12\/08\/valentin-chaneac-cest-veritablement-le-defi-sportif-que-la-saintelyon-represente-qui-ma-attire\/\",\"url\":\"https:\/\/newsestlyonnais.fr\/site\/2022\/12\/08\/valentin-chaneac-cest-veritablement-le-defi-sportif-que-la-saintelyon-represente-qui-ma-attire\/\",\"name\":\"Valentin Chan\u00e9ac \\\" c\u2019est v\u00e9ritablement le d\u00e9fi sportif que la Saint\u00e9Lyon repr\u00e9sente qui m\u2019a attir\u00e9 \\\" - News Est Lyonnais\",\"isPartOf\":{\"@id\":\"https:\/\/newsestlyonnais.fr\/site\/#website\"},\"primaryImageOfPage\":{\"@id\":\"https:\/\/newsestlyonnais.fr\/site\/2022\/12\/08\/valentin-chaneac-cest-veritablement-le-defi-sportif-que-la-saintelyon-represente-qui-ma-attire\/#primaryimage\"},\"image\":{\"@id\":\"https:\/\/newsestlyonnais.fr\/site\/2022\/12\/08\/valentin-chaneac-cest-veritablement-le-defi-sportif-que-la-saintelyon-represente-qui-ma-attire\/#primaryimage\"},\"thumbnailUrl\":\"https:\/\/newsestlyonnais.fr\/site\/wp-content\/uploads\/2022\/12\/Photo-Valentin.jpg\",\"datePublished\":\"2022-12-08T19:43:07+00:00\",\"dateModified\":\"2023-02-24T15:57:43+00:00\",\"description\":\"Valentin Chan\u00e9ac \\\" c\u2019est v\u00e9ritablement le d\u00e9fi sportif que la Saint\u00e9Lyon repr\u00e9sente qui m\u2019a attir\u00e9 \\\"\",\"breadcrumb\":{\"@id\":\"https:\/\/newsestlyonnais.fr\/site\/2022\/12\/08\/valentin-chaneac-cest-veritablement-le-defi-sportif-que-la-saintelyon-represente-qui-ma-attire\/#breadcrumb\"},\"inLanguage\":\"fr-FR\",\"potentialAction\":[{\"@type\":\"ReadAction\",\"target\":[\"https:\/\/newsestlyonnais.fr\/site\/2022\/12\/08\/valentin-chaneac-cest-veritablement-le-defi-sportif-que-la-saintelyon-represente-qui-ma-attire\/\"]}]},{\"@type\":\"ImageObject\",\"inLanguage\":\"fr-FR\",\"@id\":\"https:\/\/newsestlyonnais.fr\/site\/2022\/12\/08\/valentin-chaneac-cest-veritablement-le-defi-sportif-que-la-saintelyon-represente-qui-ma-attire\/#primaryimage\",\"url\":\"https:\/\/newsestlyonnais.fr\/site\/wp-content\/uploads\/2022\/12\/Photo-Valentin.jpg\",\"contentUrl\":\"https:\/\/newsestlyonnais.fr\/site\/wp-content\/uploads\/2022\/12\/Photo-Valentin.jpg\",\"width\":1200,\"height\":800},{\"@type\":\"BreadcrumbList\",\"@id\":\"https:\/\/newsestlyonnais.fr\/site\/2022\/12\/08\/valentin-chaneac-cest-veritablement-le-defi-sportif-que-la-saintelyon-represente-qui-ma-attire\/#breadcrumb\",\"itemListElement\":[{\"@type\":\"ListItem\",\"position\":1,\"name\":\"Accueil\",\"item\":\"https:\/\/newsestlyonnais.fr\/site\/\"},{\"@type\":\"ListItem\",\"position\":2,\"name\":\"Valentin Chan\u00e9ac \u00a0\u00bb c\u2019est v\u00e9ritablement le d\u00e9fi sportif que la Saint\u00e9Lyon repr\u00e9sente qui m\u2019a attir\u00e9 \u00ab\u00a0\"}]},{\"@type\":\"WebSite\",\"@id\":\"https:\/\/newsestlyonnais.fr\/site\/#website\",\"url\":\"https:\/\/newsestlyonnais.fr\/site\/\",\"name\":\"News Est Lyonnais\",\"description\":\"L&#039;actualit\u00e9 au plus pr\u00e8s\",\"publisher\":{\"@id\":\"https:\/\/newsestlyonnais.fr\/site\/#organization\"},\"potentialAction\":[{\"@type\":\"SearchAction\",\"target\":{\"@type\":\"EntryPoint\",\"urlTemplate\":\"https:\/\/newsestlyonnais.fr\/site\/?s={search_term_string}\"},\"query-input\":{\"@type\":\"PropertyValueSpecification\",\"valueRequired\":true,\"valueName\":\"search_term_string\"}}],\"inLanguage\":\"fr-FR\"},{\"@type\":\"Organization\",\"@id\":\"https:\/\/newsestlyonnais.fr\/site\/#organization\",\"name\":\"News EST LYONNAIS\",\"url\":\"https:\/\/newsestlyonnais.fr\/site\/\",\"logo\":{\"@type\":\"ImageObject\",\"inLanguage\":\"fr-FR\",\"@id\":\"https:\/\/newsestlyonnais.fr\/site\/#\/schema\/logo\/image\/\",\"url\":\"\",\"contentUrl\":\"\",\"caption\":\"News EST LYONNAIS\"},\"image\":{\"@id\":\"https:\/\/newsestlyonnais.fr\/site\/#\/schema\/logo\/image\/\"}},{\"@type\":\"Person\",\"@id\":\"https:\/\/newsestlyonnais.fr\/site\/#\/schema\/person\/3230d5615f390bb808365d673001e887\",\"name\":\"R\u00e9dac. NEWS\",\"sameAs\":[\"http:\/\/www.newsestlyonnais.fr\",\"https:\/\/www.facebook.com\/pascal.oberson.1?fref=ts\",\"https:\/\/fr.linkedin.com\/in\/pascal-oberson-b17045113\"],\"url\":\"https:\/\/newsestlyonnais.fr\/site\/author\/nel\/\"}]}<\/script>\n<!-- \/ Yoast SEO plugin. -->","yoast_head_json":{"title":"Valentin Chan\u00e9ac \" c\u2019est v\u00e9ritablement le d\u00e9fi sportif que la Saint\u00e9Lyon repr\u00e9sente qui m\u2019a attir\u00e9 \" - News Est Lyonnais","description":"Valentin Chan\u00e9ac \" c\u2019est v\u00e9ritablement le d\u00e9fi sportif que la Saint\u00e9Lyon repr\u00e9sente qui m\u2019a attir\u00e9 \"","robots":{"index":"index","follow":"follow","max-snippet":"max-snippet:-1","max-image-preview":"max-image-preview:large","max-video-preview":"max-video-preview:-1"},"canonical":"https:\/\/newsestlyonnais.fr\/site\/2022\/12\/08\/valentin-chaneac-cest-veritablement-le-defi-sportif-que-la-saintelyon-represente-qui-ma-attire\/","og_locale":"fr_FR","og_type":"article","og_title":"Valentin Chan\u00e9ac \" c\u2019est v\u00e9ritablement le d\u00e9fi sportif que la Saint\u00e9Lyon repr\u00e9sente qui m\u2019a attir\u00e9 \" - News Est Lyonnais","og_description":"Valentin Chan\u00e9ac \" c\u2019est v\u00e9ritablement le d\u00e9fi sportif que la Saint\u00e9Lyon repr\u00e9sente qui m\u2019a attir\u00e9 \"","og_url":"https:\/\/newsestlyonnais.fr\/site\/2022\/12\/08\/valentin-chaneac-cest-veritablement-le-defi-sportif-que-la-saintelyon-represente-qui-ma-attire\/","og_site_name":"News Est Lyonnais","article_author":"https:\/\/www.facebook.com\/pascal.oberson.1?fref=ts","article_published_time":"2022-12-08T19:43:07+00:00","article_modified_time":"2023-02-24T15:57:43+00:00","og_image":[{"width":1200,"height":800,"url":"https:\/\/newsestlyonnais.fr\/site\/wp-content\/uploads\/2022\/12\/Photo-Valentin.jpg","type":"image\/jpeg"}],"author":"R\u00e9dac. NEWS","twitter_card":"summary_large_image","twitter_misc":{"\u00c9crit par":"R\u00e9dac. NEWS","Dur\u00e9e de lecture estim\u00e9e":"5 minutes"},"schema":{"@context":"https:\/\/schema.org","@graph":[{"@type":"Article","@id":"https:\/\/newsestlyonnais.fr\/site\/2022\/12\/08\/valentin-chaneac-cest-veritablement-le-defi-sportif-que-la-saintelyon-represente-qui-ma-attire\/#article","isPartOf":{"@id":"https:\/\/newsestlyonnais.fr\/site\/2022\/12\/08\/valentin-chaneac-cest-veritablement-le-defi-sportif-que-la-saintelyon-represente-qui-ma-attire\/"},"author":{"name":"R\u00e9dac. NEWS","@id":"https:\/\/newsestlyonnais.fr\/site\/#\/schema\/person\/3230d5615f390bb808365d673001e887"},"headline":"Valentin Chan\u00e9ac \u00a0\u00bb c\u2019est v\u00e9ritablement le d\u00e9fi sportif que la Saint\u00e9Lyon repr\u00e9sente qui m\u2019a attir\u00e9 \u00ab\u00a0","datePublished":"2022-12-08T19:43:07+00:00","dateModified":"2023-02-24T15:57:43+00:00","mainEntityOfPage":{"@id":"https:\/\/newsestlyonnais.fr\/site\/2022\/12\/08\/valentin-chaneac-cest-veritablement-le-defi-sportif-que-la-saintelyon-represente-qui-ma-attire\/"},"wordCount":1030,"commentCount":0,"publisher":{"@id":"https:\/\/newsestlyonnais.fr\/site\/#organization"},"image":{"@id":"https:\/\/newsestlyonnais.fr\/site\/2022\/12\/08\/valentin-chaneac-cest-veritablement-le-defi-sportif-que-la-saintelyon-represente-qui-ma-attire\/#primaryimage"},"thumbnailUrl":"https:\/\/newsestlyonnais.fr\/site\/wp-content\/uploads\/2022\/12\/Photo-Valentin.jpg","keywords":["FOULEE MUROISE","SAINTELYON","Valentin Chan\u00e9ac"],"articleSection":["Athl\u00e9 | Course pied | Marche","Chassieu | Communes diverses","Interview \u00e0 la une","Interviews","Loisirs \/ Associations","R\u00e9cits de course \/ Portraits \/ Interviews","St Bonnet | St Laurent de Mure"],"inLanguage":"fr-FR","potentialAction":[{"@type":"CommentAction","name":"Comment","target":["https:\/\/newsestlyonnais.fr\/site\/2022\/12\/08\/valentin-chaneac-cest-veritablement-le-defi-sportif-que-la-saintelyon-represente-qui-ma-attire\/#respond"]}]},{"@type":"WebPage","@id":"https:\/\/newsestlyonnais.fr\/site\/2022\/12\/08\/valentin-chaneac-cest-veritablement-le-defi-sportif-que-la-saintelyon-represente-qui-ma-attire\/","url":"https:\/\/newsestlyonnais.fr\/site\/2022\/12\/08\/valentin-chaneac-cest-veritablement-le-defi-sportif-que-la-saintelyon-represente-qui-ma-attire\/","name":"Valentin Chan\u00e9ac \" c\u2019est v\u00e9ritablement le d\u00e9fi sportif que la Saint\u00e9Lyon repr\u00e9sente qui m\u2019a attir\u00e9 \" - News Est Lyonnais","isPartOf":{"@id":"https:\/\/newsestlyonnais.fr\/site\/#website"},"primaryImageOfPage":{"@id":"https:\/\/newsestlyonnais.fr\/site\/2022\/12\/08\/valentin-chaneac-cest-veritablement-le-defi-sportif-que-la-saintelyon-represente-qui-ma-attire\/#primaryimage"},"image":{"@id":"https:\/\/newsestlyonnais.fr\/site\/2022\/12\/08\/valentin-chaneac-cest-veritablement-le-defi-sportif-que-la-saintelyon-represente-qui-ma-attire\/#primaryimage"},"thumbnailUrl":"https:\/\/newsestlyonnais.fr\/site\/wp-content\/uploads\/2022\/12\/Photo-Valentin.jpg","datePublished":"2022-12-08T19:43:07+00:00","dateModified":"2023-02-24T15:57:43+00:00","description":"Valentin Chan\u00e9ac \" c\u2019est v\u00e9ritablement le d\u00e9fi sportif que la Saint\u00e9Lyon repr\u00e9sente qui m\u2019a attir\u00e9 \"","breadcrumb":{"@id":"https:\/\/newsestlyonnais.fr\/site\/2022\/12\/08\/valentin-chaneac-cest-veritablement-le-defi-sportif-que-la-saintelyon-represente-qui-ma-attire\/#breadcrumb"},"inLanguage":"fr-FR","potentialAction":[{"@type":"ReadAction","target":["https:\/\/newsestlyonnais.fr\/site\/2022\/12\/08\/valentin-chaneac-cest-veritablement-le-defi-sportif-que-la-saintelyon-represente-qui-ma-attire\/"]}]},{"@type":"ImageObject","inLanguage":"fr-FR","@id":"https:\/\/newsestlyonnais.fr\/site\/2022\/12\/08\/valentin-chaneac-cest-veritablement-le-defi-sportif-que-la-saintelyon-represente-qui-ma-attire\/#primaryimage","url":"https:\/\/newsestlyonnais.fr\/site\/wp-content\/uploads\/2022\/12\/Photo-Valentin.jpg","contentUrl":"https:\/\/newsestlyonnais.fr\/site\/wp-content\/uploads\/2022\/12\/Photo-Valentin.jpg","width":1200,"height":800},{"@type":"BreadcrumbList","@id":"https:\/\/newsestlyonnais.fr\/site\/2022\/12\/08\/valentin-chaneac-cest-veritablement-le-defi-sportif-que-la-saintelyon-represente-qui-ma-attire\/#breadcrumb","itemListElement":[{"@type":"ListItem","position":1,"name":"Accueil","item":"https:\/\/newsestlyonnais.fr\/site\/"},{"@type":"ListItem","position":2,"name":"Valentin Chan\u00e9ac \u00a0\u00bb c\u2019est v\u00e9ritablement le d\u00e9fi sportif que la Saint\u00e9Lyon repr\u00e9sente qui m\u2019a attir\u00e9 \u00ab\u00a0"}]},{"@type":"WebSite","@id":"https:\/\/newsestlyonnais.fr\/site\/#website","url":"https:\/\/newsestlyonnais.fr\/site\/","name":"News Est Lyonnais","description":"L&#039;actualit\u00e9 au plus pr\u00e8s","publisher":{"@id":"https:\/\/newsestlyonnais.fr\/site\/#organization"},"potentialAction":[{"@type":"SearchAction","target":{"@type":"EntryPoint","urlTemplate":"https:\/\/newsestlyonnais.fr\/site\/?s={search_term_string}"},"query-input":{"@type":"PropertyValueSpecification","valueRequired":true,"valueName":"search_term_string"}}],"inLanguage":"fr-FR"},{"@type":"Organization","@id":"https:\/\/newsestlyonnais.fr\/site\/#organization","name":"News EST LYONNAIS","url":"https:\/\/newsestlyonnais.fr\/site\/","logo":{"@type":"ImageObject","inLanguage":"fr-FR","@id":"https:\/\/newsestlyonnais.fr\/site\/#\/schema\/logo\/image\/","url":"","contentUrl":"","caption":"News EST LYONNAIS"},"image":{"@id":"https:\/\/newsestlyonnais.fr\/site\/#\/schema\/logo\/image\/"}},{"@type":"Person","@id":"https:\/\/newsestlyonnais.fr\/site\/#\/schema\/person\/3230d5615f390bb808365d673001e887","name":"R\u00e9dac. NEWS","sameAs":["http:\/\/www.newsestlyonnais.fr","https:\/\/www.facebook.com\/pascal.oberson.1?fref=ts","https:\/\/fr.linkedin.com\/in\/pascal-oberson-b17045113"],"url":"https:\/\/newsestlyonnais.fr\/site\/author\/nel\/"}]}},"_links":{"self":[{"href":"https:\/\/newsestlyonnais.fr\/site\/wp-json\/wp\/v2\/posts\/171191","targetHints":{"allow":["GET"]}}],"collection":[{"href":"https:\/\/newsestlyonnais.fr\/site\/wp-json\/wp\/v2\/posts"}],"about":[{"href":"https:\/\/newsestlyonnais.fr\/site\/wp-json\/wp\/v2\/types\/post"}],"author":[{"embeddable":true,"href":"https:\/\/newsestlyonnais.fr\/site\/wp-json\/wp\/v2\/users\/4"}],"replies":[{"embeddable":true,"href":"https:\/\/newsestlyonnais.fr\/site\/wp-json\/wp\/v2\/comments?post=171191"}],"version-history":[{"count":0,"href":"https:\/\/newsestlyonnais.fr\/site\/wp-json\/wp\/v2\/posts\/171191\/revisions"}],"wp:featuredmedia":[{"embeddable":true,"href":"https:\/\/newsestlyonnais.fr\/site\/wp-json\/wp\/v2\/media\/171193"}],"wp:attachment":[{"href":"https:\/\/newsestlyonnais.fr\/site\/wp-json\/wp\/v2\/media?parent=171191"}],"wp:term":[{"taxonomy":"category","embeddable":true,"href":"https:\/\/newsestlyonnais.fr\/site\/wp-json\/wp\/v2\/categories?post=171191"},{"taxonomy":"post_tag","embeddable":true,"href":"https:\/\/newsestlyonnais.fr\/site\/wp-json\/wp\/v2\/tags?post=171191"}],"curies":[{"name":"wp","href":"https:\/\/api.w.org\/{rel}","templated":true}]}}