{"id":171748,"date":"2022-12-14T08:38:32","date_gmt":"2022-12-14T07:38:32","guid":{"rendered":"https:\/\/newsestlyonnais.fr\/site\/?p=171748"},"modified":"2022-12-23T08:56:16","modified_gmt":"2022-12-23T07:56:16","slug":"lyon-7-les-prochains-evenements-3","status":"publish","type":"post","link":"https:\/\/newsestlyonnais.fr\/site\/2022\/12\/14\/lyon-7-les-prochains-evenements-3\/","title":{"rendered":"LYON 7 | Les prochains \u00e9v\u00e8nements"},"content":{"rendered":"<p><strong><span style=\"font-size: 14pt; background-color: #000000; color: #ffffff;\">Jusqu\u2019au 17 d\u00e9cembre<\/span>\u00a0 <\/strong><\/p>\n<ul>\n<li><strong>Collecte de couvertures.<br \/>\n<\/strong>Op\u00e9ration, men\u00e9e par la ville en partenariat avec l\u2019association Alynea, permet de confier ensuite les couvertures au Samu Social qui les distribuera aux sans-abris. (Mairie du 7<sup>e<\/sup>, aux horaires d\u2019ouverture de la Mairie).<br \/>\n<a href=\"https:\/\/mairie7.lyon.fr\/actualite\/solidarite\/grande-collecte-de-couvertures-1\"><strong><span style=\"color: #3366ff;\">https:\/\/mairie7.lyon.fr\/actualite\/solidarite\/grande-collecte-de-couvertures-1<\/span><\/strong><\/a><\/li>\n<\/ul>\n<hr \/>\n<p><strong><span style=\"font-size: 14pt; background-color: #000000; color: #ffffff;\">Mercredi 14 d\u00e9cembre<\/span><\/strong><\/p>\n<ul>\n<li><strong>\u00e0 partir de 13 h : <\/strong><strong>F\u00eate de fin d\u2019ann\u00e9e de la cr\u00e8che Servant <\/strong>(Salle des Mariages et du Conseil, Mairie du 7<sup>).<\/sup><\/li>\n<\/ul>\n<p><span style=\"background-color: #000000; color: #ffffff; font-size: 14pt;\"><strong>Vendredi 16 d\u00e9cembre<\/strong><\/span><\/p>\n<ul>\n<li><strong>\u00e0 partir de 17 h : <\/strong><strong>P\u00e8re No\u00ebl des pompiers de la Madeleine \/ <\/strong>Association des pompiers Cercle 2. (Caserne de la Madeleine).<\/li>\n<\/ul>\n<p><span style=\"background-color: #000000; color: #ffffff; font-size: 14pt;\"><strong>Samedi 17 d\u00e9cembre<\/strong><\/span><\/p>\n<ul>\n<li><strong>de<\/strong> <strong>11 h \u00e0 19 h : <\/strong><strong>La voie est libre (<\/strong>place Gabriel P\u00e9ri). Stands associatifs et citoyens : par les conseils de quartier Guilloti\u00e8re et Mutualit\u00e9-Pr\u00e9fecture-Moncey, Conseil citoyen Moncey-Voltaire-Guilloti\u00e8re, Association Re(a)dorons La Guilloti\u00e8re, Centre social Bonnefoi. Stand municipal : avec les \u00e9lus des 3\u00b0 et 7\u00b0 ardts. <strong>11 h puis 15 h<\/strong> : Mini marches exploratoires avec les Arpenteuses urbaines (d\u00e9part de la place P\u00e9ri). <strong>14 h \u00e0 17 h<\/strong> : Jeux g\u00e9ants. <strong>14 h \u00e0 17 h<\/strong> : Balade historique avec l\u2019association La Place du Pont. (D\u00e9part de la place P\u00e9ri). de <strong>14 h 30 puis 16h<\/strong> : Fanfare Pustule. <strong>16 h <\/strong>: Vernissage des Portraits flottants (4 rue Pasteur) <strong>18 h <\/strong>: Illumination de l\u2019installation Gazouillis (place Voltaire). <strong>14 h \u00e0 17 h<\/strong> : lectures jeunesse (Maison des Projets Gabriel P\u00e9ri, 2 rue Gilbert Dru) par la Biblioth\u00e8que de la Guilloti\u00e8re, et exposition Cr\u00e9ations partag\u00e9es \u00e0 Moncey. <strong>15 h 30<\/strong> : visite de l\u2019exposition Terrains fragiles, amour miskine (lieu d\u2019art Kommet, 14 rue Mortier). <strong>19 h 30<\/strong> : spectacle \u00ab Les Sorci\u00e8res de Salem \u00bb (Th\u00e9\u00e2tre l\u2019Elys\u00e9e).<strong><span style=\"color: #3366ff;\"><a style=\"color: #3366ff;\" href=\"https:\/\/mairie7.lyon.fr\/actualite\/mobilites\/la-voie-est-libre-decembre-2022\"> https:\/\/mairie7.lyon.fr\/actualite\/mobilites\/la-voie-est-libre-decembre-2022<\/a><\/span><\/strong><\/li>\n<\/ul>\n<p><strong><span style=\"font-size: 14pt; background-color: #000000; color: #ffffff;\">Du samedi 17 au dimanche 25 d\u00e9cembre<\/span><br \/>\n<\/strong><\/p>\n<ul>\n<li><strong>Illuminations de la mairie du 7\u00b0<\/strong> pour les f\u00eates de fin d\u2019ann\u00e9e<\/li>\n<\/ul>\n<p><span style=\"font-size: 14pt; background-color: #000000; color: #ffffff;\"><strong>Mardi 20 d\u00e9cembre <\/strong><\/span><\/p>\n<ul>\n<li><strong>\u00e0 partir de 14 h : <\/strong><strong>Cin\u00e9ma de No\u00ebl pour les enfants. <\/strong>Projection de \u00ab Tout en haut du monde \u00bb, en partenariat avec l\u2019association Nu\u00e9e d\u2019images<strong>. <\/strong>2 s\u00e9ances propos\u00e9es : 14 h et 16 h 30. (Salle des Mariages et du Conseil, Mairie du 7).<\/li>\n<\/ul>\n<hr \/>\n<p><span style=\"background-color: #000000; color: #ffffff; font-size: 14pt;\"><strong>Jusqu\u2019au 8 janvier 2023<\/strong><\/span><\/p>\n<ul>\n<li><strong>\u00a0\u00bb Drapeaux !\u00a0\u00bb : Exposition de drapeaux<\/strong> pr\u00e9sent\u00e9s <strong>sur les filins de la rue Pasteur du 6 d\u00e9cembre 2022 au 8 janvier 2023<\/strong>. Les images imprim\u00e9es sur les drapeaux ont \u00e9t\u00e9 r\u00e9alis\u00e9es lors d&rsquo;ateliers artistiques men\u00e9s par l&rsquo;artiste Gaelle Loth avec des habitants (environ 100 personnes) du quartier en septembre et octobre.<\/li>\n<\/ul>\n<p><span style=\"background-color: #000000; color: #ffffff; font-size: 14pt;\"><strong><u>Jusqu\u2019au 9 janvier 2023<\/u><\/strong><\/span><\/p>\n<ul>\n<li><strong>Exposition de po\u00e8mes-photographi\u00e9s<\/strong> \u00ab Un mercredi sur la place \u00bb , de Jean-Paul Jacquet. Au profit du Bus du Partage. (Hall du 1\u00b0 \u00e9tage, Mairie du 7).<\/li>\n<\/ul>\n<hr \/>\n<p><span style=\"background-color: #000000;\"><span style=\"color: #ffffff;\"><strong>&gt;&gt; Toute l\u2019ACTU de l\u2019arrondissement sur : <\/strong><\/span><span style=\"color: #ffcc00;\"><a style=\"background-color: #000000; color: #ffcc00;\" href=\"https:\/\/mairie7.lyon.fr\" target=\"_blank\" rel=\"noreferrer noopener\"><strong>https:\/\/mairie7.lyon.fr<\/strong><\/a><\/span><\/span><\/p>\n","protected":false},"excerpt":{"rendered":"<p>Plusieurs programmations sur cet arrondissement durant cette p\u00e9riode de fin d&rsquo;ann\u00e9e.<\/p>\n","protected":false},"author":4,"featured_media":89773,"comment_status":"open","ping_status":"open","sticky":false,"template":"","format":"standard","meta":{"footnotes":""},"categories":[3329,1625],"tags":[1991,1993,3465,2211],"class_list":["post-171748","post","type-post","status-publish","format-standard","has-post-thumbnail","hentry","category-expos-foires-musees-salons","category-lyon","tag-agenda","tag-exposition","tag-illuminations","tag-lyon-7"],"yoast_head":"<!-- This site is optimized with the Yoast SEO plugin v27.2 - https:\/\/yoast.com\/product\/yoast-seo-wordpress\/ -->\n<title>LYON 7 | Les prochains \u00e9v\u00e8nements - News Est Lyonnais<\/title>\n<meta name=\"description\" content=\"LYON 7 | Les prochains \u00e9v\u00e8nements\" \/>\n<meta name=\"robots\" content=\"index, follow, max-snippet:-1, max-image-preview:large, max-video-preview:-1\" \/>\n<link rel=\"canonical\" href=\"https:\/\/newsestlyonnais.fr\/site\/2022\/12\/14\/lyon-7-les-prochains-evenements-3\/\" \/>\n<meta property=\"og:locale\" content=\"fr_FR\" \/>\n<meta property=\"og:type\" content=\"article\" \/>\n<meta property=\"og:title\" content=\"LYON 7 | Les prochains \u00e9v\u00e8nements - News Est Lyonnais\" \/>\n<meta property=\"og:description\" content=\"LYON 7 | Les prochains \u00e9v\u00e8nements\" \/>\n<meta property=\"og:url\" content=\"https:\/\/newsestlyonnais.fr\/site\/2022\/12\/14\/lyon-7-les-prochains-evenements-3\/\" \/>\n<meta property=\"og:site_name\" content=\"News Est Lyonnais\" \/>\n<meta property=\"article:author\" content=\"https:\/\/www.facebook.com\/pascal.oberson.1?fref=ts\" \/>\n<meta property=\"article:published_time\" content=\"2022-12-14T07:38:32+00:00\" \/>\n<meta property=\"article:modified_time\" content=\"2022-12-23T07:56:16+00:00\" \/>\n<meta property=\"og:image\" content=\"https:\/\/newsestlyonnais.fr\/site\/wp-content\/uploads\/2019\/11\/NEWSESTLYONNAIS-MAIRIE-LYON7.jpg\" \/>\n\t<meta property=\"og:image:width\" content=\"1200\" \/>\n\t<meta property=\"og:image:height\" content=\"800\" \/>\n\t<meta property=\"og:image:type\" content=\"image\/jpeg\" \/>\n<meta name=\"author\" content=\"R\u00e9dac. NEWS\" \/>\n<meta name=\"twitter:card\" content=\"summary_large_image\" \/>\n<meta name=\"twitter:label1\" content=\"\u00c9crit par\" \/>\n\t<meta name=\"twitter:data1\" content=\"R\u00e9dac. NEWS\" \/>\n\t<meta name=\"twitter:label2\" content=\"Dur\u00e9e de lecture estim\u00e9e\" \/>\n\t<meta name=\"twitter:data2\" content=\"3 minutes\" \/>\n<script type=\"application\/ld+json\" class=\"yoast-schema-graph\">{\"@context\":\"https:\/\/schema.org\",\"@graph\":[{\"@type\":\"Article\",\"@id\":\"https:\/\/newsestlyonnais.fr\/site\/2022\/12\/14\/lyon-7-les-prochains-evenements-3\/#article\",\"isPartOf\":{\"@id\":\"https:\/\/newsestlyonnais.fr\/site\/2022\/12\/14\/lyon-7-les-prochains-evenements-3\/\"},\"author\":{\"name\":\"R\u00e9dac. NEWS\",\"@id\":\"https:\/\/newsestlyonnais.fr\/site\/#\/schema\/person\/3230d5615f390bb808365d673001e887\"},\"headline\":\"LYON 7 | Les prochains \u00e9v\u00e8nements\",\"datePublished\":\"2022-12-14T07:38:32+00:00\",\"dateModified\":\"2022-12-23T07:56:16+00:00\",\"mainEntityOfPage\":{\"@id\":\"https:\/\/newsestlyonnais.fr\/site\/2022\/12\/14\/lyon-7-les-prochains-evenements-3\/\"},\"wordCount\":440,\"commentCount\":0,\"publisher\":{\"@id\":\"https:\/\/newsestlyonnais.fr\/site\/#organization\"},\"image\":{\"@id\":\"https:\/\/newsestlyonnais.fr\/site\/2022\/12\/14\/lyon-7-les-prochains-evenements-3\/#primaryimage\"},\"thumbnailUrl\":\"https:\/\/newsestlyonnais.fr\/site\/wp-content\/uploads\/2019\/11\/NEWSESTLYONNAIS-MAIRIE-LYON7.jpg\",\"keywords\":[\"AGENDA\",\"exposition\",\"ILLUMINATIONS\",\"LYON 7\u00b0\"],\"articleSection\":[\"Expos | Foires | Mus\u00e9es | Salons\",\"Lyon\"],\"inLanguage\":\"fr-FR\",\"potentialAction\":[{\"@type\":\"CommentAction\",\"name\":\"Comment\",\"target\":[\"https:\/\/newsestlyonnais.fr\/site\/2022\/12\/14\/lyon-7-les-prochains-evenements-3\/#respond\"]}]},{\"@type\":\"WebPage\",\"@id\":\"https:\/\/newsestlyonnais.fr\/site\/2022\/12\/14\/lyon-7-les-prochains-evenements-3\/\",\"url\":\"https:\/\/newsestlyonnais.fr\/site\/2022\/12\/14\/lyon-7-les-prochains-evenements-3\/\",\"name\":\"LYON 7 | Les prochains \u00e9v\u00e8nements - News Est Lyonnais\",\"isPartOf\":{\"@id\":\"https:\/\/newsestlyonnais.fr\/site\/#website\"},\"primaryImageOfPage\":{\"@id\":\"https:\/\/newsestlyonnais.fr\/site\/2022\/12\/14\/lyon-7-les-prochains-evenements-3\/#primaryimage\"},\"image\":{\"@id\":\"https:\/\/newsestlyonnais.fr\/site\/2022\/12\/14\/lyon-7-les-prochains-evenements-3\/#primaryimage\"},\"thumbnailUrl\":\"https:\/\/newsestlyonnais.fr\/site\/wp-content\/uploads\/2019\/11\/NEWSESTLYONNAIS-MAIRIE-LYON7.jpg\",\"datePublished\":\"2022-12-14T07:38:32+00:00\",\"dateModified\":\"2022-12-23T07:56:16+00:00\",\"description\":\"LYON 7 | Les prochains \u00e9v\u00e8nements\",\"breadcrumb\":{\"@id\":\"https:\/\/newsestlyonnais.fr\/site\/2022\/12\/14\/lyon-7-les-prochains-evenements-3\/#breadcrumb\"},\"inLanguage\":\"fr-FR\",\"potentialAction\":[{\"@type\":\"ReadAction\",\"target\":[\"https:\/\/newsestlyonnais.fr\/site\/2022\/12\/14\/lyon-7-les-prochains-evenements-3\/\"]}]},{\"@type\":\"ImageObject\",\"inLanguage\":\"fr-FR\",\"@id\":\"https:\/\/newsestlyonnais.fr\/site\/2022\/12\/14\/lyon-7-les-prochains-evenements-3\/#primaryimage\",\"url\":\"https:\/\/newsestlyonnais.fr\/site\/wp-content\/uploads\/2019\/11\/NEWSESTLYONNAIS-MAIRIE-LYON7.jpg\",\"contentUrl\":\"https:\/\/newsestlyonnais.fr\/site\/wp-content\/uploads\/2019\/11\/NEWSESTLYONNAIS-MAIRIE-LYON7.jpg\",\"width\":1200,\"height\":800},{\"@type\":\"BreadcrumbList\",\"@id\":\"https:\/\/newsestlyonnais.fr\/site\/2022\/12\/14\/lyon-7-les-prochains-evenements-3\/#breadcrumb\",\"itemListElement\":[{\"@type\":\"ListItem\",\"position\":1,\"name\":\"Accueil\",\"item\":\"https:\/\/newsestlyonnais.fr\/site\/\"},{\"@type\":\"ListItem\",\"position\":2,\"name\":\"LYON 7 | Les prochains \u00e9v\u00e8nements\"}]},{\"@type\":\"WebSite\",\"@id\":\"https:\/\/newsestlyonnais.fr\/site\/#website\",\"url\":\"https:\/\/newsestlyonnais.fr\/site\/\",\"name\":\"News Est Lyonnais\",\"description\":\"L&#039;actualit\u00e9 au plus pr\u00e8s\",\"publisher\":{\"@id\":\"https:\/\/newsestlyonnais.fr\/site\/#organization\"},\"potentialAction\":[{\"@type\":\"SearchAction\",\"target\":{\"@type\":\"EntryPoint\",\"urlTemplate\":\"https:\/\/newsestlyonnais.fr\/site\/?s={search_term_string}\"},\"query-input\":{\"@type\":\"PropertyValueSpecification\",\"valueRequired\":true,\"valueName\":\"search_term_string\"}}],\"inLanguage\":\"fr-FR\"},{\"@type\":\"Organization\",\"@id\":\"https:\/\/newsestlyonnais.fr\/site\/#organization\",\"name\":\"News EST LYONNAIS\",\"url\":\"https:\/\/newsestlyonnais.fr\/site\/\",\"logo\":{\"@type\":\"ImageObject\",\"inLanguage\":\"fr-FR\",\"@id\":\"https:\/\/newsestlyonnais.fr\/site\/#\/schema\/logo\/image\/\",\"url\":\"\",\"contentUrl\":\"\",\"caption\":\"News EST LYONNAIS\"},\"image\":{\"@id\":\"https:\/\/newsestlyonnais.fr\/site\/#\/schema\/logo\/image\/\"}},{\"@type\":\"Person\",\"@id\":\"https:\/\/newsestlyonnais.fr\/site\/#\/schema\/person\/3230d5615f390bb808365d673001e887\",\"name\":\"R\u00e9dac. NEWS\",\"sameAs\":[\"http:\/\/www.newsestlyonnais.fr\",\"https:\/\/www.facebook.com\/pascal.oberson.1?fref=ts\",\"https:\/\/fr.linkedin.com\/in\/pascal-oberson-b17045113\"],\"url\":\"https:\/\/newsestlyonnais.fr\/site\/author\/nel\/\"}]}<\/script>\n<!-- \/ Yoast SEO plugin. -->","yoast_head_json":{"title":"LYON 7 | Les prochains \u00e9v\u00e8nements - News Est Lyonnais","description":"LYON 7 | Les prochains \u00e9v\u00e8nements","robots":{"index":"index","follow":"follow","max-snippet":"max-snippet:-1","max-image-preview":"max-image-preview:large","max-video-preview":"max-video-preview:-1"},"canonical":"https:\/\/newsestlyonnais.fr\/site\/2022\/12\/14\/lyon-7-les-prochains-evenements-3\/","og_locale":"fr_FR","og_type":"article","og_title":"LYON 7 | Les prochains \u00e9v\u00e8nements - News Est Lyonnais","og_description":"LYON 7 | Les prochains \u00e9v\u00e8nements","og_url":"https:\/\/newsestlyonnais.fr\/site\/2022\/12\/14\/lyon-7-les-prochains-evenements-3\/","og_site_name":"News Est Lyonnais","article_author":"https:\/\/www.facebook.com\/pascal.oberson.1?fref=ts","article_published_time":"2022-12-14T07:38:32+00:00","article_modified_time":"2022-12-23T07:56:16+00:00","og_image":[{"width":1200,"height":800,"url":"https:\/\/newsestlyonnais.fr\/site\/wp-content\/uploads\/2019\/11\/NEWSESTLYONNAIS-MAIRIE-LYON7.jpg","type":"image\/jpeg"}],"author":"R\u00e9dac. NEWS","twitter_card":"summary_large_image","twitter_misc":{"\u00c9crit par":"R\u00e9dac. NEWS","Dur\u00e9e de lecture estim\u00e9e":"3 minutes"},"schema":{"@context":"https:\/\/schema.org","@graph":[{"@type":"Article","@id":"https:\/\/newsestlyonnais.fr\/site\/2022\/12\/14\/lyon-7-les-prochains-evenements-3\/#article","isPartOf":{"@id":"https:\/\/newsestlyonnais.fr\/site\/2022\/12\/14\/lyon-7-les-prochains-evenements-3\/"},"author":{"name":"R\u00e9dac. NEWS","@id":"https:\/\/newsestlyonnais.fr\/site\/#\/schema\/person\/3230d5615f390bb808365d673001e887"},"headline":"LYON 7 | Les prochains \u00e9v\u00e8nements","datePublished":"2022-12-14T07:38:32+00:00","dateModified":"2022-12-23T07:56:16+00:00","mainEntityOfPage":{"@id":"https:\/\/newsestlyonnais.fr\/site\/2022\/12\/14\/lyon-7-les-prochains-evenements-3\/"},"wordCount":440,"commentCount":0,"publisher":{"@id":"https:\/\/newsestlyonnais.fr\/site\/#organization"},"image":{"@id":"https:\/\/newsestlyonnais.fr\/site\/2022\/12\/14\/lyon-7-les-prochains-evenements-3\/#primaryimage"},"thumbnailUrl":"https:\/\/newsestlyonnais.fr\/site\/wp-content\/uploads\/2019\/11\/NEWSESTLYONNAIS-MAIRIE-LYON7.jpg","keywords":["AGENDA","exposition","ILLUMINATIONS","LYON 7\u00b0"],"articleSection":["Expos | Foires | Mus\u00e9es | Salons","Lyon"],"inLanguage":"fr-FR","potentialAction":[{"@type":"CommentAction","name":"Comment","target":["https:\/\/newsestlyonnais.fr\/site\/2022\/12\/14\/lyon-7-les-prochains-evenements-3\/#respond"]}]},{"@type":"WebPage","@id":"https:\/\/newsestlyonnais.fr\/site\/2022\/12\/14\/lyon-7-les-prochains-evenements-3\/","url":"https:\/\/newsestlyonnais.fr\/site\/2022\/12\/14\/lyon-7-les-prochains-evenements-3\/","name":"LYON 7 | Les prochains \u00e9v\u00e8nements - News Est Lyonnais","isPartOf":{"@id":"https:\/\/newsestlyonnais.fr\/site\/#website"},"primaryImageOfPage":{"@id":"https:\/\/newsestlyonnais.fr\/site\/2022\/12\/14\/lyon-7-les-prochains-evenements-3\/#primaryimage"},"image":{"@id":"https:\/\/newsestlyonnais.fr\/site\/2022\/12\/14\/lyon-7-les-prochains-evenements-3\/#primaryimage"},"thumbnailUrl":"https:\/\/newsestlyonnais.fr\/site\/wp-content\/uploads\/2019\/11\/NEWSESTLYONNAIS-MAIRIE-LYON7.jpg","datePublished":"2022-12-14T07:38:32+00:00","dateModified":"2022-12-23T07:56:16+00:00","description":"LYON 7 | Les prochains \u00e9v\u00e8nements","breadcrumb":{"@id":"https:\/\/newsestlyonnais.fr\/site\/2022\/12\/14\/lyon-7-les-prochains-evenements-3\/#breadcrumb"},"inLanguage":"fr-FR","potentialAction":[{"@type":"ReadAction","target":["https:\/\/newsestlyonnais.fr\/site\/2022\/12\/14\/lyon-7-les-prochains-evenements-3\/"]}]},{"@type":"ImageObject","inLanguage":"fr-FR","@id":"https:\/\/newsestlyonnais.fr\/site\/2022\/12\/14\/lyon-7-les-prochains-evenements-3\/#primaryimage","url":"https:\/\/newsestlyonnais.fr\/site\/wp-content\/uploads\/2019\/11\/NEWSESTLYONNAIS-MAIRIE-LYON7.jpg","contentUrl":"https:\/\/newsestlyonnais.fr\/site\/wp-content\/uploads\/2019\/11\/NEWSESTLYONNAIS-MAIRIE-LYON7.jpg","width":1200,"height":800},{"@type":"BreadcrumbList","@id":"https:\/\/newsestlyonnais.fr\/site\/2022\/12\/14\/lyon-7-les-prochains-evenements-3\/#breadcrumb","itemListElement":[{"@type":"ListItem","position":1,"name":"Accueil","item":"https:\/\/newsestlyonnais.fr\/site\/"},{"@type":"ListItem","position":2,"name":"LYON 7 | Les prochains \u00e9v\u00e8nements"}]},{"@type":"WebSite","@id":"https:\/\/newsestlyonnais.fr\/site\/#website","url":"https:\/\/newsestlyonnais.fr\/site\/","name":"News Est Lyonnais","description":"L&#039;actualit\u00e9 au plus pr\u00e8s","publisher":{"@id":"https:\/\/newsestlyonnais.fr\/site\/#organization"},"potentialAction":[{"@type":"SearchAction","target":{"@type":"EntryPoint","urlTemplate":"https:\/\/newsestlyonnais.fr\/site\/?s={search_term_string}"},"query-input":{"@type":"PropertyValueSpecification","valueRequired":true,"valueName":"search_term_string"}}],"inLanguage":"fr-FR"},{"@type":"Organization","@id":"https:\/\/newsestlyonnais.fr\/site\/#organization","name":"News EST LYONNAIS","url":"https:\/\/newsestlyonnais.fr\/site\/","logo":{"@type":"ImageObject","inLanguage":"fr-FR","@id":"https:\/\/newsestlyonnais.fr\/site\/#\/schema\/logo\/image\/","url":"","contentUrl":"","caption":"News EST LYONNAIS"},"image":{"@id":"https:\/\/newsestlyonnais.fr\/site\/#\/schema\/logo\/image\/"}},{"@type":"Person","@id":"https:\/\/newsestlyonnais.fr\/site\/#\/schema\/person\/3230d5615f390bb808365d673001e887","name":"R\u00e9dac. NEWS","sameAs":["http:\/\/www.newsestlyonnais.fr","https:\/\/www.facebook.com\/pascal.oberson.1?fref=ts","https:\/\/fr.linkedin.com\/in\/pascal-oberson-b17045113"],"url":"https:\/\/newsestlyonnais.fr\/site\/author\/nel\/"}]}},"_links":{"self":[{"href":"https:\/\/newsestlyonnais.fr\/site\/wp-json\/wp\/v2\/posts\/171748","targetHints":{"allow":["GET"]}}],"collection":[{"href":"https:\/\/newsestlyonnais.fr\/site\/wp-json\/wp\/v2\/posts"}],"about":[{"href":"https:\/\/newsestlyonnais.fr\/site\/wp-json\/wp\/v2\/types\/post"}],"author":[{"embeddable":true,"href":"https:\/\/newsestlyonnais.fr\/site\/wp-json\/wp\/v2\/users\/4"}],"replies":[{"embeddable":true,"href":"https:\/\/newsestlyonnais.fr\/site\/wp-json\/wp\/v2\/comments?post=171748"}],"version-history":[{"count":0,"href":"https:\/\/newsestlyonnais.fr\/site\/wp-json\/wp\/v2\/posts\/171748\/revisions"}],"wp:featuredmedia":[{"embeddable":true,"href":"https:\/\/newsestlyonnais.fr\/site\/wp-json\/wp\/v2\/media\/89773"}],"wp:attachment":[{"href":"https:\/\/newsestlyonnais.fr\/site\/wp-json\/wp\/v2\/media?parent=171748"}],"wp:term":[{"taxonomy":"category","embeddable":true,"href":"https:\/\/newsestlyonnais.fr\/site\/wp-json\/wp\/v2\/categories?post=171748"},{"taxonomy":"post_tag","embeddable":true,"href":"https:\/\/newsestlyonnais.fr\/site\/wp-json\/wp\/v2\/tags?post=171748"}],"curies":[{"name":"wp","href":"https:\/\/api.w.org\/{rel}","templated":true}]}}