{"id":172272,"date":"2022-12-21T07:23:06","date_gmt":"2022-12-21T06:23:06","guid":{"rendered":"https:\/\/newsestlyonnais.fr\/site\/?p=172272"},"modified":"2022-12-21T09:11:23","modified_gmt":"2022-12-21T08:11:23","slug":"alisee-casanova-en-2022-jen-ai-fait-des-bornes-ca-en-valait-la-peine-et-lobjectif-est-atteint","status":"publish","type":"post","link":"https:\/\/newsestlyonnais.fr\/site\/2022\/12\/21\/alisee-casanova-en-2022-jen-ai-fait-des-bornes-ca-en-valait-la-peine-et-lobjectif-est-atteint\/","title":{"rendered":"Alis\u00e9e Casanova \u00a0\u00bb en 2022 j\u2019en ai fait des bornes, \u00e7a en valait la peine et l&rsquo;objectif est atteint \u00ab\u00a0"},"content":{"rendered":"<p><span style=\"background-color: #000000; color: #ffffff; font-size: 14pt;\"><strong>Petite pr\u00e9sentation<\/strong><\/span><\/p>\n<p><b><span id=\"page3R_mcid1\" class=\"markedContent\"><span class=\"tojvnm2t a6sixzi8 abs2jz4q a8s20v7p t1p8iaqh k5wvi7nf q3lfd5jv pk4s997a bipmatt0 cebpdrjk qowsmv63 owwhemhu dp1hu0rb dhp61c6y iyyx5f41\">\u00bb<\/span><\/span><\/b> Mon \u00e2ge ? Rho la question&#8230; Ca y est, <strong>je suis officiellement une master 0<\/strong>, avis aux connaisseurs \ud83d\ude09 Quant \u00e0 mon lieu de r\u00e9sidence, je suis une globe-trotteuse de la r\u00e9gion, je navigue entre l&rsquo;Ain, la Haute-Savoie et l&rsquo;Is\u00e8re <span id=\"page3R_mcid1\" class=\"markedContent\"><span class=\"tojvnm2t a6sixzi8 abs2jz4q a8s20v7p t1p8iaqh k5wvi7nf q3lfd5jv pk4s997a bipmatt0 cebpdrjk qowsmv63 owwhemhu dp1hu0rb dhp61c6y iyyx5f41\">\u00bb.<\/span><\/span><\/p>\n<p><span style=\"background-color: #000000; color: #ffffff; font-size: 14pt;\"><strong>Tes clubs actuels ?<\/strong><\/span><\/p>\n<p><b><span id=\"page3R_mcid1\" class=\"markedContent\"><span class=\"tojvnm2t a6sixzi8 abs2jz4q a8s20v7p t1p8iaqh k5wvi7nf q3lfd5jv pk4s997a bipmatt0 cebpdrjk qowsmv63 owwhemhu dp1hu0rb dhp61c6y iyyx5f41\">\u00bb<\/span><\/span><\/b> <strong>J&rsquo;ai rejoint depuis juin 2022 l\u2019<span style=\"color: #3366ff;\"><a style=\"color: #3366ff;\" href=\"https:\/\/www.ahsa-athletisme.com\">Annecy Haute Savoie Athl\u00e9tisme (AHSA) <\/a><\/span><\/strong>pour m&rsquo;entrainer avec Bouchaib Kninech, coach qui utilise des techniques d&rsquo;entra\u00eenement marocaines et kenyanes, sp\u00e9cialiste des courses routes et organisateur du Marathon d&rsquo;Annecy. Je suis \u00e9galement accompagn\u00e9e par Christian Pareyre du club de l&rsquo;ASC Balan, coach de coeur et mental. Il m&rsquo;accompagne sur chaque Marathon, sur chaque objectif.<\/p>\n<p><strong>Je fais partie du <span style=\"color: #3366ff;\"><a style=\"color: #3366ff;\" href=\"https:\/\/www.facebook.com\/ctnicanicross\">CTNI (Chien Traction Notre Inspiration)<\/a><\/span>, du <span style=\"color: #3366ff;\"><a style=\"color: #3366ff;\" href=\"https:\/\/www.facebook.com\/craccanicross\">CRAC (Club Rh\u00f4ne Alpin de Canicross).<\/a><\/span><\/strong><\/p>\n<p>Et je suis \u00e9galement <strong>membre de la grande famille <a href=\"https:\/\/www.terrederunning.com\"><span style=\"color: #3366ff;\">Terre de Running<\/span><\/a><\/strong> depuis 2021 dans le <strong>but de sensibiliser les runners aux sports canins<\/strong> : canicross, canitrottinette, canibike. D&rsquo;ailleurs <strong>on organise des \u00e9v\u00e9nements pour faire conna\u00eetre la discipline sur D\u00e9cines et on sensibilise les coureurs au mat\u00e9riel n\u00e9cessaire<\/strong> pour qu&rsquo;il puisse partager de bons moments avec leur chien et sans le blesser.<\/p>\n<p><strong>Respects des animaux et sport, des causes qui me tiennent \u00e0 coeur !<\/strong> <span id=\"page3R_mcid1\" class=\"markedContent\"><span class=\"tojvnm2t a6sixzi8 abs2jz4q a8s20v7p t1p8iaqh k5wvi7nf q3lfd5jv pk4s997a bipmatt0 cebpdrjk qowsmv63 owwhemhu dp1hu0rb dhp61c6y iyyx5f41\">\u00bb<\/span><\/span><\/p>\n<hr \/>\n<p><span style=\"background-color: #000000; color: #ffffff;\"><strong>Ton ann\u00e9e 2021 avait \u00e9t\u00e9 en demi-teinte, selon tes termes, comment l\u2019as-tu finalement analys\u00e9e et qu\u2019en as-tu tir\u00e9 ?<\/strong><\/span><\/p>\n<p><b><span id=\"page3R_mcid1\" class=\"markedContent\"><span class=\"tojvnm2t a6sixzi8 abs2jz4q a8s20v7p t1p8iaqh k5wvi7nf q3lfd5jv pk4s997a bipmatt0 cebpdrjk qowsmv63 owwhemhu dp1hu0rb dhp61c6y iyyx5f41\">\u00bb<\/span><\/span><\/b> L&rsquo;ann\u00e9e 2021 a \u00e9t\u00e9 une ann\u00e9e difficile tant sur le plan perso avec blessures, covid et pro. J&rsquo;ai pris le temps n\u00e9cessaire pour repenser mes objectifs de vie et sportifs. Je me suis recentr\u00e9e sur ce que j&rsquo;avais vraiment envie de faire, les distances et les courses sur lesquelles j&rsquo;avais envie de m&rsquo;aligner <span id=\"page3R_mcid1\" class=\"markedContent\"><span class=\"tojvnm2t a6sixzi8 abs2jz4q a8s20v7p t1p8iaqh k5wvi7nf q3lfd5jv pk4s997a bipmatt0 cebpdrjk qowsmv63 owwhemhu dp1hu0rb dhp61c6y iyyx5f41\">\u00bb.<\/span><\/span><\/p>\n<p><span style=\"background-color: #000000; color: #ffffff; font-size: 14pt;\"><strong>Quel \u00e9tait ton objectif en d\u00e9marrant l\u2019ann\u00e9e 2022 et ton programme de courses ?<\/strong><\/span><\/p>\n<p><b><span id=\"page3R_mcid1\" class=\"markedContent\"><span class=\"tojvnm2t a6sixzi8 abs2jz4q a8s20v7p t1p8iaqh k5wvi7nf q3lfd5jv pk4s997a bipmatt0 cebpdrjk qowsmv63 owwhemhu dp1hu0rb dhp61c6y iyyx5f41\">\u00bb<\/span><\/span><\/b> <strong>Grand retour \u00e0 mes distances de pr\u00e9dilection, les distances longues.<\/strong>.. En 2022, j&rsquo;ai donc mis\u00e9 sur \u00ab\u00a0moins de courses\u00a0\u00bb et j&rsquo;ai privil\u00e9gi\u00e9 des \u00ab\u00a0pr\u00e9parations plus cibl\u00e9es et plus lourdes\u00a0\u00bb : 1 pr\u00e9pa 10 km pour gagner de la vitesse et 2 pr\u00e9pa Marathon.<\/p>\n<p><strong>Autant dire qu&rsquo;en 2022, j&rsquo;en ai fait des bornes. Et \u00e7a en valait la peine ! <\/strong><strong>Objectif 2022 atteint avec 2 records personnels !<\/strong> <span id=\"page3R_mcid1\" class=\"markedContent\"><span class=\"tojvnm2t a6sixzi8 abs2jz4q a8s20v7p t1p8iaqh k5wvi7nf q3lfd5jv pk4s997a bipmatt0 cebpdrjk qowsmv63 owwhemhu dp1hu0rb dhp61c6y iyyx5f41\">\u00bb<\/span><\/span><\/p>\n<hr \/>\n<p><span style=\"background-color: #000000; color: #ffffff; font-size: 14pt;\"><strong>Bilan des diff\u00e9rentes courses disput\u00e9es<\/strong><\/span><\/p>\n<p><b><span id=\"page3R_mcid1\" class=\"markedContent\"><span class=\"tojvnm2t a6sixzi8 abs2jz4q a8s20v7p t1p8iaqh k5wvi7nf q3lfd5jv pk4s997a bipmatt0 cebpdrjk qowsmv63 owwhemhu dp1hu0rb dhp61c6y iyyx5f41\">\u00bb<\/span><\/span><\/b> [RP] <strong>Championnat de France de Marathon<\/strong> le 20 novembre, \u00e0 Deauville (Normandie)<br \/>\n\u2728\ufe0f Temps r\u00e9alis\u00e9 : 3 h 06 min \/ \ud83c\udf96 20e femme \/ \ud83c\udfc6 6e s\u00e9nior<\/p>\n<p><strong>Marathon d&rsquo;Annecy<\/strong> le 17 avril : \u2728\ufe0f Temps r\u00e9alis\u00e9 : 3 h 11 min \/ \ud83c\udf96 14e femme \/ \ud83c\udfc6 7e s\u00e9nior<\/p>\n<p><span style=\"text-decoration: underline;\"><strong>Travail de vitesse &#8211; puissance :<\/strong><\/span><\/p>\n<p><strong>Championnat de l&rsquo;Ain de Cross<\/strong> le 9 janvier \u00e0 Bellegarde-sur-Valserine \/ \ud83c\udfc6 1\u00e8re<\/p>\n<p>[RP] <strong>10 km d&rsquo;Aix-les-Bains<\/strong> le 4 septembre \/ \u2728\ufe0f Temps r\u00e9alis\u00e9 : 39 h49 min \/ \ud83c\udfc6 4e MO<\/p>\n<p><span style=\"text-decoration: underline;\"><strong>Et pour le fun !<\/strong><\/span><\/p>\n<p><strong>AravisTrail \u00e0 Th\u00f4nes<\/strong> le 18 juin \/\u00a0 20 km \/ \u2197\ufe0f 1.300D+ \/ \u2728\ufe0f Temps r\u00e9alis\u00e9 : 2 h 44 min \/ \ud83c\udf96 49e au scratch HF<br \/>\n\ud83c\udf96 7e F \/\u00a0 \ud83c\udfc6 3e s\u00e9nior<\/p>\n<p><strong>SkyRace \u00e0 Montgen\u00e8vre<\/strong> le 17 juin \/\u00a0 15 km \/ \u2197\ufe0f 850 D+ \/ \u2728\ufe0f Temps r\u00e9alis\u00e9 : 1 h 47 min \/\u00a0 27e au scratch HF \/ \ud83c\udf96 2e Femme \/ \ud83c\udfc6 1e s\u00e9nior<\/p>\n<hr \/>\n<p><span style=\"background-color: #000000; color: #ffffff; font-size: 14pt;\"><strong>Quelles conclusions en ressors tu ? (satisfaction, d\u00e9ception) ?<\/strong><\/span><\/p>\n<p><b><span id=\"page3R_mcid1\" class=\"markedContent\"><span class=\"tojvnm2t a6sixzi8 abs2jz4q a8s20v7p t1p8iaqh k5wvi7nf q3lfd5jv pk4s997a bipmatt0 cebpdrjk qowsmv63 owwhemhu dp1hu0rb dhp61c6y iyyx5f41\">\u00bb<\/span><\/span><\/b> <strong>2022, une ann\u00e9e \u00ab\u00a0marathons\u00a0\u00bb, une ann\u00e9e de folie<\/strong>. J&rsquo;ai test\u00e9 pour la premi\u00e8re fois la distance et en 6 mois, j&rsquo;ai gagn\u00e9 5 minutes. <strong>Cette \u00e9preuve reine me transporte<\/strong>. Rigueur, pers\u00e9v\u00e9rance, adaptabilit\u00e9, volume&#8230; <span id=\"page3R_mcid1\" class=\"markedContent\"><span class=\"tojvnm2t a6sixzi8 abs2jz4q a8s20v7p t1p8iaqh k5wvi7nf q3lfd5jv pk4s997a bipmatt0 cebpdrjk qowsmv63 owwhemhu dp1hu0rb dhp61c6y iyyx5f41\">\u00bb<\/span><\/span><\/p>\n<p><span style=\"background-color: #000000; color: #ffffff; font-size: 14pt;\"><strong>Une ou deux petites anecdotes ?<\/strong><\/span><\/p>\n<p><b><span id=\"page3R_mcid1\" class=\"markedContent\"><span class=\"tojvnm2t a6sixzi8 abs2jz4q a8s20v7p t1p8iaqh k5wvi7nf q3lfd5jv pk4s997a bipmatt0 cebpdrjk qowsmv63 owwhemhu dp1hu0rb dhp61c6y iyyx5f41\">\u00bb<\/span><\/span><\/b> Je repense au Championnat de France de Marathon \u00e0 Deauville fin novembre&#8230; les conditions m\u00e9t\u00e9o \u00e9taient \u00e9pouvantables ! <strong>Un marathon sous des trombes d&rsquo;eau pour encha\u00eener avec des rafales de vent a plus de 50 km\/h<\/strong> !<\/p>\n<p>\u2795\ufe0f Le gros avantages&#8230; s\u00e9chage express<br \/>\n\u2796\ufe0f L&rsquo;inconv\u00e9nient&#8230; finir avec des pieds frip\u00e9s, \u00e0 2 doigts d&rsquo;avoir des pieds palm\u00e9s ! <span id=\"page3R_mcid1\" class=\"markedContent\"><span class=\"tojvnm2t a6sixzi8 abs2jz4q a8s20v7p t1p8iaqh k5wvi7nf q3lfd5jv pk4s997a bipmatt0 cebpdrjk qowsmv63 owwhemhu dp1hu0rb dhp61c6y iyyx5f41\">\u00bb<\/span><\/span><\/p>\n<hr \/>\n<p><span style=\"background-color: #000000; color: #ffffff; font-size: 14pt;\"><strong>Ton programme pour 2023 est-il d\u00e9j\u00e0 \u00e9tabli ?<\/strong><\/span><\/p>\n<p><b><span id=\"page3R_mcid1\" class=\"markedContent\"><span class=\"tojvnm2t a6sixzi8 abs2jz4q a8s20v7p t1p8iaqh k5wvi7nf q3lfd5jv pk4s997a bipmatt0 cebpdrjk qowsmv63 owwhemhu dp1hu0rb dhp61c6y iyyx5f41\">\u00bb<\/span><\/span><\/b> <strong>Rien d&rsquo;arr\u00eat\u00e9 pour l&rsquo;instant pour 2023<\/strong>. Je pense retourner \u00e0 des distances plus courtes d\u00e9but 2023 pour retravailler de la vitesse. <strong>Mais les distances longues restent mon domaine de pr\u00e9dilection<\/strong>&#8230; donc \u00e0 affiner.<\/p>\n<p><strong>Pour le canicross, <\/strong>j&rsquo;ai le plaisir de vous annoncer qu&rsquo;avec le club CTNI<strong> nous lan\u00e7ons le premier <span style=\"color: #3366ff;\"><a style=\"color: #3366ff;\" href=\"https:\/\/www.facebook.com\/ctnicanicross\">canicross Aincontournable de Blyes<\/a><\/span> (Ain) le 8 janvier.<\/strong><\/p>\n<p>Coureurs ou spectateurs, on vous attend ! <span id=\"page3R_mcid1\" class=\"markedContent\"><span class=\"tojvnm2t a6sixzi8 abs2jz4q a8s20v7p t1p8iaqh k5wvi7nf q3lfd5jv pk4s997a bipmatt0 cebpdrjk qowsmv63 owwhemhu dp1hu0rb dhp61c6y iyyx5f41\">\u00bb<\/span><\/span><\/p>\n<hr \/>\n<div id='gallery-1' class='gallery galleryid-172272 gallery-columns-3 gallery-size-thumbnail'><figure class='gallery-item'>\n\t\t\t<div class='gallery-icon portrait'>\n\t\t\t\t<a href='https:\/\/newsestlyonnais.fr\/site\/2022\/12\/21\/alisee-casanova-en-2022-jen-ai-fait-des-bornes-ca-en-valait-la-peine-et-lobjectif-est-atteint\/img-20220417-wa0010\/'><img loading=\"lazy\" decoding=\"async\" width=\"113\" height=\"150\" src=\"https:\/\/newsestlyonnais.fr\/site\/wp-content\/uploads\/2022\/12\/IMG-20220417-WA0010-250x333.jpg\" class=\"attachment-thumbnail size-thumbnail\" alt=\"\" srcset=\"https:\/\/newsestlyonnais.fr\/site\/wp-content\/uploads\/2022\/12\/IMG-20220417-WA0010-250x333.jpg 250w, https:\/\/newsestlyonnais.fr\/site\/wp-content\/uploads\/2022\/12\/IMG-20220417-WA0010-400x533.jpg 400w, https:\/\/newsestlyonnais.fr\/site\/wp-content\/uploads\/2022\/12\/IMG-20220417-WA0010-650x867.jpg 650w, https:\/\/newsestlyonnais.fr\/site\/wp-content\/uploads\/2022\/12\/IMG-20220417-WA0010-768x1024.jpg 768w, https:\/\/newsestlyonnais.fr\/site\/wp-content\/uploads\/2022\/12\/IMG-20220417-WA0010-150x200.jpg 150w, https:\/\/newsestlyonnais.fr\/site\/wp-content\/uploads\/2022\/12\/IMG-20220417-WA0010-50x67.jpg 50w, https:\/\/newsestlyonnais.fr\/site\/wp-content\/uploads\/2022\/12\/IMG-20220417-WA0010-100x133.jpg 100w, https:\/\/newsestlyonnais.fr\/site\/wp-content\/uploads\/2022\/12\/IMG-20220417-WA0010-200x267.jpg 200w, https:\/\/newsestlyonnais.fr\/site\/wp-content\/uploads\/2022\/12\/IMG-20220417-WA0010-300x400.jpg 300w, https:\/\/newsestlyonnais.fr\/site\/wp-content\/uploads\/2022\/12\/IMG-20220417-WA0010-350x467.jpg 350w, https:\/\/newsestlyonnais.fr\/site\/wp-content\/uploads\/2022\/12\/IMG-20220417-WA0010-450x600.jpg 450w, https:\/\/newsestlyonnais.fr\/site\/wp-content\/uploads\/2022\/12\/IMG-20220417-WA0010-500x667.jpg 500w, https:\/\/newsestlyonnais.fr\/site\/wp-content\/uploads\/2022\/12\/IMG-20220417-WA0010-550x733.jpg 550w, https:\/\/newsestlyonnais.fr\/site\/wp-content\/uploads\/2022\/12\/IMG-20220417-WA0010-800x1067.jpg 800w, https:\/\/newsestlyonnais.fr\/site\/wp-content\/uploads\/2022\/12\/IMG-20220417-WA0010.jpg 900w\" sizes=\"auto, (max-width: 113px) 100vw, 113px\" \/><\/a>\n\t\t\t<\/div><\/figure><figure class='gallery-item'>\n\t\t\t<div class='gallery-icon portrait'>\n\t\t\t\t<a href='https:\/\/newsestlyonnais.fr\/site\/2022\/12\/21\/alisee-casanova-en-2022-jen-ai-fait-des-bornes-ca-en-valait-la-peine-et-lobjectif-est-atteint\/img-20221120-wa0009\/'><img loading=\"lazy\" decoding=\"async\" width=\"84\" height=\"150\" src=\"https:\/\/newsestlyonnais.fr\/site\/wp-content\/uploads\/2022\/12\/IMG-20221120-WA0009-250x444.jpg\" class=\"attachment-thumbnail size-thumbnail\" alt=\"\" srcset=\"https:\/\/newsestlyonnais.fr\/site\/wp-content\/uploads\/2022\/12\/IMG-20221120-WA0009-250x444.jpg 250w, https:\/\/newsestlyonnais.fr\/site\/wp-content\/uploads\/2022\/12\/IMG-20221120-WA0009-400x711.jpg 400w, https:\/\/newsestlyonnais.fr\/site\/wp-content\/uploads\/2022\/12\/IMG-20221120-WA0009-150x267.jpg 150w, https:\/\/newsestlyonnais.fr\/site\/wp-content\/uploads\/2022\/12\/IMG-20221120-WA0009-50x89.jpg 50w, https:\/\/newsestlyonnais.fr\/site\/wp-content\/uploads\/2022\/12\/IMG-20221120-WA0009-100x178.jpg 100w, https:\/\/newsestlyonnais.fr\/site\/wp-content\/uploads\/2022\/12\/IMG-20221120-WA0009-200x356.jpg 200w, https:\/\/newsestlyonnais.fr\/site\/wp-content\/uploads\/2022\/12\/IMG-20221120-WA0009-300x533.jpg 300w, https:\/\/newsestlyonnais.fr\/site\/wp-content\/uploads\/2022\/12\/IMG-20221120-WA0009-350x622.jpg 350w, https:\/\/newsestlyonnais.fr\/site\/wp-content\/uploads\/2022\/12\/IMG-20221120-WA0009-450x800.jpg 450w, https:\/\/newsestlyonnais.fr\/site\/wp-content\/uploads\/2022\/12\/IMG-20221120-WA0009-500x889.jpg 500w, https:\/\/newsestlyonnais.fr\/site\/wp-content\/uploads\/2022\/12\/IMG-20221120-WA0009-550x978.jpg 550w, https:\/\/newsestlyonnais.fr\/site\/wp-content\/uploads\/2022\/12\/IMG-20221120-WA0009.jpg 576w\" sizes=\"auto, (max-width: 84px) 100vw, 84px\" \/><\/a>\n\t\t\t<\/div><\/figure><figure class='gallery-item'>\n\t\t\t<div class='gallery-icon portrait'>\n\t\t\t\t<a href='https:\/\/newsestlyonnais.fr\/site\/2022\/12\/21\/alisee-casanova-en-2022-jen-ai-fait-des-bornes-ca-en-valait-la-peine-et-lobjectif-est-atteint\/316949888_573964018069471_3772089405023440065_n\/'><img loading=\"lazy\" decoding=\"async\" width=\"105\" height=\"150\" src=\"https:\/\/newsestlyonnais.fr\/site\/wp-content\/uploads\/2022\/12\/316949888_573964018069471_3772089405023440065_n-250x357.jpg\" class=\"attachment-thumbnail size-thumbnail\" alt=\"\" srcset=\"https:\/\/newsestlyonnais.fr\/site\/wp-content\/uploads\/2022\/12\/316949888_573964018069471_3772089405023440065_n-250x357.jpg 250w, https:\/\/newsestlyonnais.fr\/site\/wp-content\/uploads\/2022\/12\/316949888_573964018069471_3772089405023440065_n-400x571.jpg 400w, https:\/\/newsestlyonnais.fr\/site\/wp-content\/uploads\/2022\/12\/316949888_573964018069471_3772089405023440065_n-650x927.jpg 650w, https:\/\/newsestlyonnais.fr\/site\/wp-content\/uploads\/2022\/12\/316949888_573964018069471_3772089405023440065_n-150x214.jpg 150w, https:\/\/newsestlyonnais.fr\/site\/wp-content\/uploads\/2022\/12\/316949888_573964018069471_3772089405023440065_n-50x71.jpg 50w, https:\/\/newsestlyonnais.fr\/site\/wp-content\/uploads\/2022\/12\/316949888_573964018069471_3772089405023440065_n-100x143.jpg 100w, https:\/\/newsestlyonnais.fr\/site\/wp-content\/uploads\/2022\/12\/316949888_573964018069471_3772089405023440065_n-200x285.jpg 200w, https:\/\/newsestlyonnais.fr\/site\/wp-content\/uploads\/2022\/12\/316949888_573964018069471_3772089405023440065_n-300x428.jpg 300w, https:\/\/newsestlyonnais.fr\/site\/wp-content\/uploads\/2022\/12\/316949888_573964018069471_3772089405023440065_n-350x499.jpg 350w, https:\/\/newsestlyonnais.fr\/site\/wp-content\/uploads\/2022\/12\/316949888_573964018069471_3772089405023440065_n-450x642.jpg 450w, https:\/\/newsestlyonnais.fr\/site\/wp-content\/uploads\/2022\/12\/316949888_573964018069471_3772089405023440065_n-500x713.jpg 500w, https:\/\/newsestlyonnais.fr\/site\/wp-content\/uploads\/2022\/12\/316949888_573964018069471_3772089405023440065_n-550x785.jpg 550w, https:\/\/newsestlyonnais.fr\/site\/wp-content\/uploads\/2022\/12\/316949888_573964018069471_3772089405023440065_n.jpg 673w\" sizes=\"auto, (max-width: 105px) 100vw, 105px\" \/><\/a>\n\t\t\t<\/div><\/figure>\n\t\t<\/div>\n\n<hr \/>\n<p><span style=\"background-color: #000000;\"><span style=\"color: #ffffff; font-size: 14pt;\"><strong>Prochain bilan &gt;<\/strong><strong>&gt;<\/strong> <\/span><span style=\"color: #ffcc00;\">Teddy Coutant (Course \u00e0 pied \/ Team Terre Running)<\/span><\/span><\/p>\n<hr \/>\n<p>&nbsp;<\/p>\n","protected":false},"excerpt":{"rendered":"<p>L&rsquo;athl\u00e8te globe-trotteuse de la r\u00e9gion, membre du team \u00ab\u00a0Terre de Running\u00a0\u00bb sensibilise les runners aux sports canins en respectant animaux et sport, causes lui tenant \u00e0 coeur. <\/p>\n","protected":false},"author":4,"featured_media":172281,"comment_status":"open","ping_status":"open","sticky":false,"template":"","format":"standard","meta":{"footnotes":""},"categories":[156,4153,2968,4508,3421,164],"tags":[4049,4529,3469,4050,4531,4530,2200],"class_list":["post-172272","post","type-post","status-publish","format-standard","has-post-thumbnail","hentry","category-ain","category-ain-isere","category-athle-course-pied-marche","category-bilan-sportif","category-feminin-actu-au","category-isere","tag-alisee-casanova","tag-annecy-haute-savoie-athletisme","tag-bilan","tag-canicross","tag-crac","tag-ctni","tag-terre-de-running"],"yoast_head":"<!-- This site is optimized with the Yoast SEO plugin v27.2 - https:\/\/yoast.com\/product\/yoast-seo-wordpress\/ -->\n<title>Alis\u00e9e Casanova &quot; en 2022 j\u2019en ai fait des bornes, \u00e7a en valait la peine et l&#039;objectif est atteint &quot; - News Est Lyonnais<\/title>\n<meta name=\"description\" content=\"Alis\u00e9e Casanova &quot; en 2022 j\u2019en ai fait des bornes, \u00e7a en valait la peine et l&#039;objectif est atteint &quot;\" \/>\n<meta name=\"robots\" content=\"index, follow, max-snippet:-1, max-image-preview:large, max-video-preview:-1\" \/>\n<link rel=\"canonical\" href=\"https:\/\/newsestlyonnais.fr\/site\/2022\/12\/21\/alisee-casanova-en-2022-jen-ai-fait-des-bornes-ca-en-valait-la-peine-et-lobjectif-est-atteint\/\" \/>\n<meta property=\"og:locale\" content=\"fr_FR\" \/>\n<meta property=\"og:type\" content=\"article\" \/>\n<meta property=\"og:title\" content=\"Alis\u00e9e Casanova &quot; en 2022 j\u2019en ai fait des bornes, \u00e7a en valait la peine et l&#039;objectif est atteint &quot; - News Est Lyonnais\" \/>\n<meta property=\"og:description\" content=\"Alis\u00e9e Casanova &quot; en 2022 j\u2019en ai fait des bornes, \u00e7a en valait la peine et l&#039;objectif est atteint &quot;\" \/>\n<meta property=\"og:url\" content=\"https:\/\/newsestlyonnais.fr\/site\/2022\/12\/21\/alisee-casanova-en-2022-jen-ai-fait-des-bornes-ca-en-valait-la-peine-et-lobjectif-est-atteint\/\" \/>\n<meta property=\"og:site_name\" content=\"News Est Lyonnais\" \/>\n<meta property=\"article:author\" content=\"https:\/\/www.facebook.com\/pascal.oberson.1?fref=ts\" \/>\n<meta property=\"article:published_time\" content=\"2022-12-21T06:23:06+00:00\" \/>\n<meta property=\"article:modified_time\" content=\"2022-12-21T08:11:23+00:00\" \/>\n<meta property=\"og:image\" content=\"https:\/\/newsestlyonnais.fr\/site\/wp-content\/uploads\/2022\/12\/FB_IMG_1669128589381.jpg\" \/>\n\t<meta property=\"og:image:width\" content=\"792\" \/>\n\t<meta property=\"og:image:height\" content=\"868\" \/>\n\t<meta property=\"og:image:type\" content=\"image\/jpeg\" \/>\n<meta name=\"author\" content=\"R\u00e9dac. NEWS\" \/>\n<meta name=\"twitter:card\" content=\"summary_large_image\" \/>\n<meta name=\"twitter:label1\" content=\"\u00c9crit par\" \/>\n\t<meta name=\"twitter:data1\" content=\"R\u00e9dac. NEWS\" \/>\n\t<meta name=\"twitter:label2\" content=\"Dur\u00e9e de lecture estim\u00e9e\" \/>\n\t<meta name=\"twitter:data2\" content=\"4 minutes\" \/>\n<script type=\"application\/ld+json\" class=\"yoast-schema-graph\">{\"@context\":\"https:\/\/schema.org\",\"@graph\":[{\"@type\":\"Article\",\"@id\":\"https:\/\/newsestlyonnais.fr\/site\/2022\/12\/21\/alisee-casanova-en-2022-jen-ai-fait-des-bornes-ca-en-valait-la-peine-et-lobjectif-est-atteint\/#article\",\"isPartOf\":{\"@id\":\"https:\/\/newsestlyonnais.fr\/site\/2022\/12\/21\/alisee-casanova-en-2022-jen-ai-fait-des-bornes-ca-en-valait-la-peine-et-lobjectif-est-atteint\/\"},\"author\":{\"name\":\"R\u00e9dac. NEWS\",\"@id\":\"https:\/\/newsestlyonnais.fr\/site\/#\/schema\/person\/3230d5615f390bb808365d673001e887\"},\"headline\":\"Alis\u00e9e Casanova \u00a0\u00bb en 2022 j\u2019en ai fait des bornes, \u00e7a en valait la peine et l&rsquo;objectif est atteint \u00ab\u00a0\",\"datePublished\":\"2022-12-21T06:23:06+00:00\",\"dateModified\":\"2022-12-21T08:11:23+00:00\",\"mainEntityOfPage\":{\"@id\":\"https:\/\/newsestlyonnais.fr\/site\/2022\/12\/21\/alisee-casanova-en-2022-jen-ai-fait-des-bornes-ca-en-valait-la-peine-et-lobjectif-est-atteint\/\"},\"wordCount\":709,\"commentCount\":0,\"publisher\":{\"@id\":\"https:\/\/newsestlyonnais.fr\/site\/#organization\"},\"image\":{\"@id\":\"https:\/\/newsestlyonnais.fr\/site\/2022\/12\/21\/alisee-casanova-en-2022-jen-ai-fait-des-bornes-ca-en-valait-la-peine-et-lobjectif-est-atteint\/#primaryimage\"},\"thumbnailUrl\":\"https:\/\/newsestlyonnais.fr\/site\/wp-content\/uploads\/2022\/12\/FB_IMG_1669128589381.jpg\",\"keywords\":[\"Alis\u00e9e Casanova\",\"Annecy Haute Savoie Athl\u00e9tisme\",\"BILAN\",\"canicross\",\"CRAC\",\"CTNI\",\"TERRE DE RUNNING\"],\"articleSection\":[\"Ain (01)\",\"Ain | Is\u00e8re\",\"Athl\u00e9 | Course pied | Marche\",\"Bilan sportif\",\"F\u00e9minin (Actu au)\",\"Is\u00e8re (38)\"],\"inLanguage\":\"fr-FR\",\"potentialAction\":[{\"@type\":\"CommentAction\",\"name\":\"Comment\",\"target\":[\"https:\/\/newsestlyonnais.fr\/site\/2022\/12\/21\/alisee-casanova-en-2022-jen-ai-fait-des-bornes-ca-en-valait-la-peine-et-lobjectif-est-atteint\/#respond\"]}]},{\"@type\":\"WebPage\",\"@id\":\"https:\/\/newsestlyonnais.fr\/site\/2022\/12\/21\/alisee-casanova-en-2022-jen-ai-fait-des-bornes-ca-en-valait-la-peine-et-lobjectif-est-atteint\/\",\"url\":\"https:\/\/newsestlyonnais.fr\/site\/2022\/12\/21\/alisee-casanova-en-2022-jen-ai-fait-des-bornes-ca-en-valait-la-peine-et-lobjectif-est-atteint\/\",\"name\":\"Alis\u00e9e Casanova \\\" en 2022 j\u2019en ai fait des bornes, \u00e7a en valait la peine et l'objectif est atteint \\\" - News Est Lyonnais\",\"isPartOf\":{\"@id\":\"https:\/\/newsestlyonnais.fr\/site\/#website\"},\"primaryImageOfPage\":{\"@id\":\"https:\/\/newsestlyonnais.fr\/site\/2022\/12\/21\/alisee-casanova-en-2022-jen-ai-fait-des-bornes-ca-en-valait-la-peine-et-lobjectif-est-atteint\/#primaryimage\"},\"image\":{\"@id\":\"https:\/\/newsestlyonnais.fr\/site\/2022\/12\/21\/alisee-casanova-en-2022-jen-ai-fait-des-bornes-ca-en-valait-la-peine-et-lobjectif-est-atteint\/#primaryimage\"},\"thumbnailUrl\":\"https:\/\/newsestlyonnais.fr\/site\/wp-content\/uploads\/2022\/12\/FB_IMG_1669128589381.jpg\",\"datePublished\":\"2022-12-21T06:23:06+00:00\",\"dateModified\":\"2022-12-21T08:11:23+00:00\",\"description\":\"Alis\u00e9e Casanova \\\" en 2022 j\u2019en ai fait des bornes, \u00e7a en valait la peine et l'objectif est atteint \\\"\",\"breadcrumb\":{\"@id\":\"https:\/\/newsestlyonnais.fr\/site\/2022\/12\/21\/alisee-casanova-en-2022-jen-ai-fait-des-bornes-ca-en-valait-la-peine-et-lobjectif-est-atteint\/#breadcrumb\"},\"inLanguage\":\"fr-FR\",\"potentialAction\":[{\"@type\":\"ReadAction\",\"target\":[\"https:\/\/newsestlyonnais.fr\/site\/2022\/12\/21\/alisee-casanova-en-2022-jen-ai-fait-des-bornes-ca-en-valait-la-peine-et-lobjectif-est-atteint\/\"]}]},{\"@type\":\"ImageObject\",\"inLanguage\":\"fr-FR\",\"@id\":\"https:\/\/newsestlyonnais.fr\/site\/2022\/12\/21\/alisee-casanova-en-2022-jen-ai-fait-des-bornes-ca-en-valait-la-peine-et-lobjectif-est-atteint\/#primaryimage\",\"url\":\"https:\/\/newsestlyonnais.fr\/site\/wp-content\/uploads\/2022\/12\/FB_IMG_1669128589381.jpg\",\"contentUrl\":\"https:\/\/newsestlyonnais.fr\/site\/wp-content\/uploads\/2022\/12\/FB_IMG_1669128589381.jpg\",\"width\":792,\"height\":868},{\"@type\":\"BreadcrumbList\",\"@id\":\"https:\/\/newsestlyonnais.fr\/site\/2022\/12\/21\/alisee-casanova-en-2022-jen-ai-fait-des-bornes-ca-en-valait-la-peine-et-lobjectif-est-atteint\/#breadcrumb\",\"itemListElement\":[{\"@type\":\"ListItem\",\"position\":1,\"name\":\"Accueil\",\"item\":\"https:\/\/newsestlyonnais.fr\/site\/\"},{\"@type\":\"ListItem\",\"position\":2,\"name\":\"Alis\u00e9e Casanova \u00a0\u00bb en 2022 j\u2019en ai fait des bornes, \u00e7a en valait la peine et l&rsquo;objectif est atteint \u00ab\u00a0\"}]},{\"@type\":\"WebSite\",\"@id\":\"https:\/\/newsestlyonnais.fr\/site\/#website\",\"url\":\"https:\/\/newsestlyonnais.fr\/site\/\",\"name\":\"News Est Lyonnais\",\"description\":\"L&#039;actualit\u00e9 au plus pr\u00e8s\",\"publisher\":{\"@id\":\"https:\/\/newsestlyonnais.fr\/site\/#organization\"},\"potentialAction\":[{\"@type\":\"SearchAction\",\"target\":{\"@type\":\"EntryPoint\",\"urlTemplate\":\"https:\/\/newsestlyonnais.fr\/site\/?s={search_term_string}\"},\"query-input\":{\"@type\":\"PropertyValueSpecification\",\"valueRequired\":true,\"valueName\":\"search_term_string\"}}],\"inLanguage\":\"fr-FR\"},{\"@type\":\"Organization\",\"@id\":\"https:\/\/newsestlyonnais.fr\/site\/#organization\",\"name\":\"News EST LYONNAIS\",\"url\":\"https:\/\/newsestlyonnais.fr\/site\/\",\"logo\":{\"@type\":\"ImageObject\",\"inLanguage\":\"fr-FR\",\"@id\":\"https:\/\/newsestlyonnais.fr\/site\/#\/schema\/logo\/image\/\",\"url\":\"\",\"contentUrl\":\"\",\"caption\":\"News EST LYONNAIS\"},\"image\":{\"@id\":\"https:\/\/newsestlyonnais.fr\/site\/#\/schema\/logo\/image\/\"}},{\"@type\":\"Person\",\"@id\":\"https:\/\/newsestlyonnais.fr\/site\/#\/schema\/person\/3230d5615f390bb808365d673001e887\",\"name\":\"R\u00e9dac. NEWS\",\"sameAs\":[\"http:\/\/www.newsestlyonnais.fr\",\"https:\/\/www.facebook.com\/pascal.oberson.1?fref=ts\",\"https:\/\/fr.linkedin.com\/in\/pascal-oberson-b17045113\"],\"url\":\"https:\/\/newsestlyonnais.fr\/site\/author\/nel\/\"}]}<\/script>\n<!-- \/ Yoast SEO plugin. -->","yoast_head_json":{"title":"Alis\u00e9e Casanova \" en 2022 j\u2019en ai fait des bornes, \u00e7a en valait la peine et l'objectif est atteint \" - News Est Lyonnais","description":"Alis\u00e9e Casanova \" en 2022 j\u2019en ai fait des bornes, \u00e7a en valait la peine et l'objectif est atteint \"","robots":{"index":"index","follow":"follow","max-snippet":"max-snippet:-1","max-image-preview":"max-image-preview:large","max-video-preview":"max-video-preview:-1"},"canonical":"https:\/\/newsestlyonnais.fr\/site\/2022\/12\/21\/alisee-casanova-en-2022-jen-ai-fait-des-bornes-ca-en-valait-la-peine-et-lobjectif-est-atteint\/","og_locale":"fr_FR","og_type":"article","og_title":"Alis\u00e9e Casanova \" en 2022 j\u2019en ai fait des bornes, \u00e7a en valait la peine et l'objectif est atteint \" - News Est Lyonnais","og_description":"Alis\u00e9e Casanova \" en 2022 j\u2019en ai fait des bornes, \u00e7a en valait la peine et l'objectif est atteint \"","og_url":"https:\/\/newsestlyonnais.fr\/site\/2022\/12\/21\/alisee-casanova-en-2022-jen-ai-fait-des-bornes-ca-en-valait-la-peine-et-lobjectif-est-atteint\/","og_site_name":"News Est Lyonnais","article_author":"https:\/\/www.facebook.com\/pascal.oberson.1?fref=ts","article_published_time":"2022-12-21T06:23:06+00:00","article_modified_time":"2022-12-21T08:11:23+00:00","og_image":[{"width":792,"height":868,"url":"https:\/\/newsestlyonnais.fr\/site\/wp-content\/uploads\/2022\/12\/FB_IMG_1669128589381.jpg","type":"image\/jpeg"}],"author":"R\u00e9dac. NEWS","twitter_card":"summary_large_image","twitter_misc":{"\u00c9crit par":"R\u00e9dac. NEWS","Dur\u00e9e de lecture estim\u00e9e":"4 minutes"},"schema":{"@context":"https:\/\/schema.org","@graph":[{"@type":"Article","@id":"https:\/\/newsestlyonnais.fr\/site\/2022\/12\/21\/alisee-casanova-en-2022-jen-ai-fait-des-bornes-ca-en-valait-la-peine-et-lobjectif-est-atteint\/#article","isPartOf":{"@id":"https:\/\/newsestlyonnais.fr\/site\/2022\/12\/21\/alisee-casanova-en-2022-jen-ai-fait-des-bornes-ca-en-valait-la-peine-et-lobjectif-est-atteint\/"},"author":{"name":"R\u00e9dac. NEWS","@id":"https:\/\/newsestlyonnais.fr\/site\/#\/schema\/person\/3230d5615f390bb808365d673001e887"},"headline":"Alis\u00e9e Casanova \u00a0\u00bb en 2022 j\u2019en ai fait des bornes, \u00e7a en valait la peine et l&rsquo;objectif est atteint \u00ab\u00a0","datePublished":"2022-12-21T06:23:06+00:00","dateModified":"2022-12-21T08:11:23+00:00","mainEntityOfPage":{"@id":"https:\/\/newsestlyonnais.fr\/site\/2022\/12\/21\/alisee-casanova-en-2022-jen-ai-fait-des-bornes-ca-en-valait-la-peine-et-lobjectif-est-atteint\/"},"wordCount":709,"commentCount":0,"publisher":{"@id":"https:\/\/newsestlyonnais.fr\/site\/#organization"},"image":{"@id":"https:\/\/newsestlyonnais.fr\/site\/2022\/12\/21\/alisee-casanova-en-2022-jen-ai-fait-des-bornes-ca-en-valait-la-peine-et-lobjectif-est-atteint\/#primaryimage"},"thumbnailUrl":"https:\/\/newsestlyonnais.fr\/site\/wp-content\/uploads\/2022\/12\/FB_IMG_1669128589381.jpg","keywords":["Alis\u00e9e Casanova","Annecy Haute Savoie Athl\u00e9tisme","BILAN","canicross","CRAC","CTNI","TERRE DE RUNNING"],"articleSection":["Ain (01)","Ain | Is\u00e8re","Athl\u00e9 | Course pied | Marche","Bilan sportif","F\u00e9minin (Actu au)","Is\u00e8re (38)"],"inLanguage":"fr-FR","potentialAction":[{"@type":"CommentAction","name":"Comment","target":["https:\/\/newsestlyonnais.fr\/site\/2022\/12\/21\/alisee-casanova-en-2022-jen-ai-fait-des-bornes-ca-en-valait-la-peine-et-lobjectif-est-atteint\/#respond"]}]},{"@type":"WebPage","@id":"https:\/\/newsestlyonnais.fr\/site\/2022\/12\/21\/alisee-casanova-en-2022-jen-ai-fait-des-bornes-ca-en-valait-la-peine-et-lobjectif-est-atteint\/","url":"https:\/\/newsestlyonnais.fr\/site\/2022\/12\/21\/alisee-casanova-en-2022-jen-ai-fait-des-bornes-ca-en-valait-la-peine-et-lobjectif-est-atteint\/","name":"Alis\u00e9e Casanova \" en 2022 j\u2019en ai fait des bornes, \u00e7a en valait la peine et l'objectif est atteint \" - News Est Lyonnais","isPartOf":{"@id":"https:\/\/newsestlyonnais.fr\/site\/#website"},"primaryImageOfPage":{"@id":"https:\/\/newsestlyonnais.fr\/site\/2022\/12\/21\/alisee-casanova-en-2022-jen-ai-fait-des-bornes-ca-en-valait-la-peine-et-lobjectif-est-atteint\/#primaryimage"},"image":{"@id":"https:\/\/newsestlyonnais.fr\/site\/2022\/12\/21\/alisee-casanova-en-2022-jen-ai-fait-des-bornes-ca-en-valait-la-peine-et-lobjectif-est-atteint\/#primaryimage"},"thumbnailUrl":"https:\/\/newsestlyonnais.fr\/site\/wp-content\/uploads\/2022\/12\/FB_IMG_1669128589381.jpg","datePublished":"2022-12-21T06:23:06+00:00","dateModified":"2022-12-21T08:11:23+00:00","description":"Alis\u00e9e Casanova \" en 2022 j\u2019en ai fait des bornes, \u00e7a en valait la peine et l'objectif est atteint \"","breadcrumb":{"@id":"https:\/\/newsestlyonnais.fr\/site\/2022\/12\/21\/alisee-casanova-en-2022-jen-ai-fait-des-bornes-ca-en-valait-la-peine-et-lobjectif-est-atteint\/#breadcrumb"},"inLanguage":"fr-FR","potentialAction":[{"@type":"ReadAction","target":["https:\/\/newsestlyonnais.fr\/site\/2022\/12\/21\/alisee-casanova-en-2022-jen-ai-fait-des-bornes-ca-en-valait-la-peine-et-lobjectif-est-atteint\/"]}]},{"@type":"ImageObject","inLanguage":"fr-FR","@id":"https:\/\/newsestlyonnais.fr\/site\/2022\/12\/21\/alisee-casanova-en-2022-jen-ai-fait-des-bornes-ca-en-valait-la-peine-et-lobjectif-est-atteint\/#primaryimage","url":"https:\/\/newsestlyonnais.fr\/site\/wp-content\/uploads\/2022\/12\/FB_IMG_1669128589381.jpg","contentUrl":"https:\/\/newsestlyonnais.fr\/site\/wp-content\/uploads\/2022\/12\/FB_IMG_1669128589381.jpg","width":792,"height":868},{"@type":"BreadcrumbList","@id":"https:\/\/newsestlyonnais.fr\/site\/2022\/12\/21\/alisee-casanova-en-2022-jen-ai-fait-des-bornes-ca-en-valait-la-peine-et-lobjectif-est-atteint\/#breadcrumb","itemListElement":[{"@type":"ListItem","position":1,"name":"Accueil","item":"https:\/\/newsestlyonnais.fr\/site\/"},{"@type":"ListItem","position":2,"name":"Alis\u00e9e Casanova \u00a0\u00bb en 2022 j\u2019en ai fait des bornes, \u00e7a en valait la peine et l&rsquo;objectif est atteint \u00ab\u00a0"}]},{"@type":"WebSite","@id":"https:\/\/newsestlyonnais.fr\/site\/#website","url":"https:\/\/newsestlyonnais.fr\/site\/","name":"News Est Lyonnais","description":"L&#039;actualit\u00e9 au plus pr\u00e8s","publisher":{"@id":"https:\/\/newsestlyonnais.fr\/site\/#organization"},"potentialAction":[{"@type":"SearchAction","target":{"@type":"EntryPoint","urlTemplate":"https:\/\/newsestlyonnais.fr\/site\/?s={search_term_string}"},"query-input":{"@type":"PropertyValueSpecification","valueRequired":true,"valueName":"search_term_string"}}],"inLanguage":"fr-FR"},{"@type":"Organization","@id":"https:\/\/newsestlyonnais.fr\/site\/#organization","name":"News EST LYONNAIS","url":"https:\/\/newsestlyonnais.fr\/site\/","logo":{"@type":"ImageObject","inLanguage":"fr-FR","@id":"https:\/\/newsestlyonnais.fr\/site\/#\/schema\/logo\/image\/","url":"","contentUrl":"","caption":"News EST LYONNAIS"},"image":{"@id":"https:\/\/newsestlyonnais.fr\/site\/#\/schema\/logo\/image\/"}},{"@type":"Person","@id":"https:\/\/newsestlyonnais.fr\/site\/#\/schema\/person\/3230d5615f390bb808365d673001e887","name":"R\u00e9dac. NEWS","sameAs":["http:\/\/www.newsestlyonnais.fr","https:\/\/www.facebook.com\/pascal.oberson.1?fref=ts","https:\/\/fr.linkedin.com\/in\/pascal-oberson-b17045113"],"url":"https:\/\/newsestlyonnais.fr\/site\/author\/nel\/"}]}},"_links":{"self":[{"href":"https:\/\/newsestlyonnais.fr\/site\/wp-json\/wp\/v2\/posts\/172272","targetHints":{"allow":["GET"]}}],"collection":[{"href":"https:\/\/newsestlyonnais.fr\/site\/wp-json\/wp\/v2\/posts"}],"about":[{"href":"https:\/\/newsestlyonnais.fr\/site\/wp-json\/wp\/v2\/types\/post"}],"author":[{"embeddable":true,"href":"https:\/\/newsestlyonnais.fr\/site\/wp-json\/wp\/v2\/users\/4"}],"replies":[{"embeddable":true,"href":"https:\/\/newsestlyonnais.fr\/site\/wp-json\/wp\/v2\/comments?post=172272"}],"version-history":[{"count":0,"href":"https:\/\/newsestlyonnais.fr\/site\/wp-json\/wp\/v2\/posts\/172272\/revisions"}],"wp:featuredmedia":[{"embeddable":true,"href":"https:\/\/newsestlyonnais.fr\/site\/wp-json\/wp\/v2\/media\/172281"}],"wp:attachment":[{"href":"https:\/\/newsestlyonnais.fr\/site\/wp-json\/wp\/v2\/media?parent=172272"}],"wp:term":[{"taxonomy":"category","embeddable":true,"href":"https:\/\/newsestlyonnais.fr\/site\/wp-json\/wp\/v2\/categories?post=172272"},{"taxonomy":"post_tag","embeddable":true,"href":"https:\/\/newsestlyonnais.fr\/site\/wp-json\/wp\/v2\/tags?post=172272"}],"curies":[{"name":"wp","href":"https:\/\/api.w.org\/{rel}","templated":true}]}}