{"id":172316,"date":"2022-12-21T14:35:51","date_gmt":"2022-12-21T13:35:51","guid":{"rendered":"https:\/\/newsestlyonnais.fr\/site\/?p=172316"},"modified":"2023-09-26T15:55:30","modified_gmt":"2023-09-26T14:55:30","slug":"teddy-coutant-lenchainement-des-courses-ma-finalement-permis-une-jolie-progression","status":"publish","type":"post","link":"https:\/\/newsestlyonnais.fr\/site\/2022\/12\/21\/teddy-coutant-lenchainement-des-courses-ma-finalement-permis-une-jolie-progression\/","title":{"rendered":"Teddy Coutant \u00a0\u00bb L\u2019enchainement des courses m\u2019a finalement permis une jolie progression \u00ab\u00a0"},"content":{"rendered":"<p style=\"background: white; margin: 0cm 0cm 9.0pt 0cm;\"><span style=\"font-size: 10.5pt; font-family: 'Times','serif'; color: black;\"><span style=\"background-color: #000000; color: #ffffff;\"><strong><span style=\"font-size: 14pt; font-family: georgia, palatino, serif; background-color: #000000;\">Petite pr\u00e9sentation<\/span><\/strong><\/span><\/span><\/p>\n<p style=\"background: white; font-stretch: normal; margin: 0cm 0cm 9.0pt 0cm;\"><span style=\"font-size: 12pt; font-family: georgia, palatino, serif; color: black;\"><b><span id=\"page3R_mcid1\" class=\"markedContent\"><span class=\"tojvnm2t a6sixzi8 abs2jz4q a8s20v7p t1p8iaqh k5wvi7nf q3lfd5jv pk4s997a bipmatt0 cebpdrjk qowsmv63 owwhemhu dp1hu0rb dhp61c6y iyyx5f41\">\u00bb<\/span><\/span><\/b> Moi c\u2019est Teddy, 39 ans, conducteur de r\u00e9acteur nucl\u00e9aire et r\u00e9sidant sur D\u00e9cines <span id=\"page3R_mcid1\" class=\"markedContent\"><span class=\"tojvnm2t a6sixzi8 abs2jz4q a8s20v7p t1p8iaqh k5wvi7nf q3lfd5jv pk4s997a bipmatt0 cebpdrjk qowsmv63 owwhemhu dp1hu0rb dhp61c6y iyyx5f41\">\u00bb.<\/span><\/span><br \/>\n<\/span><\/p>\n<p style=\"background: white; font-stretch: normal; margin: 0cm 0cm 9.0pt 0cm;\"><span style=\"background-color: #000000; color: #ffffff;\"><strong><span style=\"font-size: 14pt; font-family: georgia, palatino, serif; background-color: #000000;\">Club sportif ?<\/span><\/strong><\/span><\/p>\n<p style=\"background: white; font-stretch: normal; margin: 0cm 0cm 9.0pt 0cm;\"><span style=\"font-size: 10.5pt; font-family: 'Times','serif'; color: black;\"><b><span id=\"page3R_mcid1\" class=\"markedContent\"><span class=\"tojvnm2t a6sixzi8 abs2jz4q a8s20v7p t1p8iaqh k5wvi7nf q3lfd5jv pk4s997a bipmatt0 cebpdrjk qowsmv63 owwhemhu dp1hu0rb dhp61c6y iyyx5f41\">\u00bb<\/span><\/span><\/b> <span style=\"font-size: 12pt; font-family: georgia, palatino, serif;\"><strong>Non toujours pas, j\u2019ai failli prendre une licence de natation cette ann\u00e9e<\/strong> (afin de faire un compl\u00e9ment non traumatisant, \u00e0 la course \u00e0 pied) mais avec mon roulement 3&#215;8, j\u2019ai peur de ne pas pouvoir participer \u00e0 beaucoup d\u2019entrainement, donc j\u2019ai renonc\u00e9\u2026 peut \u00eatre l\u2019ann\u00e9e prochaine si j\u2019arrive \u00e0 m\u2019organiser professionnellement et personnellement\u2026 <span id=\"page3R_mcid1\" class=\"markedContent\"><span class=\"tojvnm2t a6sixzi8 abs2jz4q a8s20v7p t1p8iaqh k5wvi7nf q3lfd5jv pk4s997a bipmatt0 cebpdrjk qowsmv63 owwhemhu dp1hu0rb dhp61c6y iyyx5f41\">\u00bb.<\/span><\/span><br \/>\n<\/span><\/span><\/p>\n<p style=\"background: white; font-stretch: normal; margin: 0cm 0cm 9.0pt 0cm;\"><span style=\"background-color: #000000; color: #ffffff; font-size: 14pt;\"><strong><span style=\"font-family: georgia, palatino, serif; background-color: #000000;\">Toujours membre du team Terre De Running D\u00e9cines ?<\/span><\/strong><\/span><\/p>\n<p style=\"background: white; font-stretch: normal; margin: 0cm 0cm 9.0pt 0cm;\"><span style=\"font-size: 10.5pt; font-family: 'Times','serif'; color: black;\"><b><span id=\"page3R_mcid1\" class=\"markedContent\"><span class=\"tojvnm2t a6sixzi8 abs2jz4q a8s20v7p t1p8iaqh k5wvi7nf q3lfd5jv pk4s997a bipmatt0 cebpdrjk qowsmv63 owwhemhu dp1hu0rb dhp61c6y iyyx5f41\">\u00bb<\/span><\/span><\/b> <span style=\"font-size: 12pt; font-family: georgia, palatino, serif;\"><strong>Oui, et toujours aussi content !<\/strong> On commence \u00e0 avoir une tr\u00e8s belle \u00e9mulation dans le team, c\u2019est vraiment plaisant !! <span id=\"page3R_mcid1\" class=\"markedContent\"><span class=\"tojvnm2t a6sixzi8 abs2jz4q a8s20v7p t1p8iaqh k5wvi7nf q3lfd5jv pk4s997a bipmatt0 cebpdrjk qowsmv63 owwhemhu dp1hu0rb dhp61c6y iyyx5f41\">\u00bb.<\/span><\/span><br \/>\n<\/span><\/span><\/p>\n<hr \/>\n<p style=\"background: white; font-stretch: normal; margin: 0cm 0cm 9.0pt 0cm;\"><span style=\"background-color: #000000; color: #ffffff;\"><strong><span style=\"font-size: 14pt; font-family: georgia, palatino, serif; background-color: #000000;\">Ton ann\u00e9e 2021 avait \u00e9t\u00e9 p\u00e9nible et frustrante , selon tes termes \u00e0 l\u2019\u00e9poque, comment l\u2019as-tu finalement analys\u00e9e et qu\u2019en as-tu tir\u00e9 ?<\/span><\/strong><\/span><\/p>\n<p style=\"background: white; font-stretch: normal; margin: 0cm 0cm 9.0pt 0cm;\"><span style=\"font-size: 10.5pt; font-family: 'Times','serif'; color: black;\"><b><span id=\"page3R_mcid1\" class=\"markedContent\"><span class=\"tojvnm2t a6sixzi8 abs2jz4q a8s20v7p t1p8iaqh k5wvi7nf q3lfd5jv pk4s997a bipmatt0 cebpdrjk qowsmv63 owwhemhu dp1hu0rb dhp61c6y iyyx5f41\">\u00bb<\/span><\/span><\/b> <span style=\"font-size: 12pt; font-family: georgia, palatino, serif;\">2021 avait \u00e9t\u00e9 l\u2019ann\u00e9e post-op\u00e9ratoire de ma pubalgie, avec <strong>une r\u00e9athl\u00e9tisation prudente, donc assez lente<\/strong>. Elle m\u2019a permis malgr\u00e9 tout de savoir que <strong>je voulais plut\u00f4t faire des courses sur route que des trails pour le moment<\/strong>, en ce qui concerne mes gros objectifs. <\/span><\/span><\/p>\n<p style=\"background: white; font-stretch: normal; margin: 0cm 0cm 9.0pt 0cm;\"><span style=\"font-size: 10.5pt; font-family: 'Times','serif'; color: black;\"><span style=\"font-size: 12pt; font-family: georgia, palatino, serif;\">Le gros point d\u2019am\u00e9lioration, qui s\u2019est d\u00e9gag\u00e9 de cette ann\u00e9e 2021 pour \u00e9viter de retourner dans une spirale de blessure, c\u2019est davantage travailler le renforcement musculaire, et \u00e7a sera une base de travail plus pr\u00e9sente pour ma saison 2023<\/span> <span id=\"page3R_mcid1\" class=\"markedContent\"><span class=\"tojvnm2t a6sixzi8 abs2jz4q a8s20v7p t1p8iaqh k5wvi7nf q3lfd5jv pk4s997a bipmatt0 cebpdrjk qowsmv63 owwhemhu dp1hu0rb dhp61c6y iyyx5f41\">\u00bb.<\/span><\/span><\/span><\/p>\n<p style=\"background: white; font-stretch: normal; margin: 0cm 0cm 9.0pt 0cm;\"><span style=\"background-color: #000000; color: #ffffff; font-size: 14pt; font-family: georgia, palatino, serif;\"><strong><span style=\"background-color: #000000;\">Quel \u00e9tait ton objectif en d\u00e9marrant l\u2019ann\u00e9e 2022, ton programme de courses et le bilan ?<br \/>\n<\/span><\/strong><\/span><\/p>\n<p style=\"background: white; font-stretch: normal; margin: 0cm 0cm 9.0pt 0cm;\"><span style=\"font-size: 10.5pt; font-family: 'Times','serif'; color: black;\"><b><span id=\"page3R_mcid1\" class=\"markedContent\"><span class=\"tojvnm2t a6sixzi8 abs2jz4q a8s20v7p t1p8iaqh k5wvi7nf q3lfd5jv pk4s997a bipmatt0 cebpdrjk qowsmv63 owwhemhu dp1hu0rb dhp61c6y iyyx5f41\">\u00bb<\/span><\/span><\/b> <span style=\"font-size: 12pt; font-family: georgia, palatino, serif;\">J\u2019avais fini 2021 par une contre performance \u00e0 V\u00e9nissieux sur le 10 km (35 mn 11s), et cela m\u2019a d\u00e9motiv\u00e9 en ce d\u00e9but d\u2019ann\u00e9e 2022. <\/span><\/span><\/p>\n<p style=\"background: white; font-stretch: normal; margin: 0cm 0cm 9.0pt 0cm;\"><span style=\"font-size: 10.5pt; font-family: 'Times','serif'; color: black;\"><span style=\"font-size: 12pt; font-family: georgia, palatino, serif;\">Ceci conjugu\u00e9 au fait que j\u2019ai eu de gros travaux \u00e0 la maison, m\u2019a \u00e9loign\u00e9 vraiment de mes runnings pendant 6 bons mois (et donc sans course). <strong>Je ne me suis donc mis aucun objectif sur cette premi\u00e8re partie de l\u2019ann\u00e9e<\/strong>.<\/span><\/span><\/p>\n<p style=\"background: white; font-stretch: normal; margin: 0cm 0cm 9.0pt 0cm;\"><span style=\"font-size: 10.5pt; font-family: 'Times','serif'; color: black;\"><span style=\"font-size: 12pt; font-family: georgia, palatino, serif;\"> A partir de l\u2019\u00e9t\u00e9,<strong> j\u2019ai commenc\u00e9 \u00e0 reprendre envie \u00e0 courir, et \u00e0 reprendre part \u00e0 diff\u00e9rentes courses locales<\/strong> : la Ronde de Grangeons (4\/09, 15 km, 23\u00b0), 10 km de Lyon (2\/10, 37 mn 20), la Neyrolande (9\/10, 11 km, 5\u00b0), Trail de la C\u00f4ti\u00e8re (22\/10, 12 km, 3\u00b0 et les Illumin\u00e9s de Meyzieu (12\/11, 15 km, 1\u00b0)<\/span> <span id=\"page3R_mcid1\" class=\"markedContent\"><span class=\"tojvnm2t a6sixzi8 abs2jz4q a8s20v7p t1p8iaqh k5wvi7nf q3lfd5jv pk4s997a bipmatt0 cebpdrjk qowsmv63 owwhemhu dp1hu0rb dhp61c6y iyyx5f41\">\u00bb.<\/span><\/span><\/span><\/p>\n<p style=\"background: white; font-stretch: normal; margin: 0cm 0cm 9.0pt 0cm;\"><span style=\"background-color: #000000; color: #ffffff; font-size: 14pt; font-family: georgia, palatino, serif;\"><strong><span style=\"background-color: #000000;\">Quelles conclusions en tires tu en cette fin 2022 ? satisfaction, d\u00e9ception ?<br \/>\n<\/span><\/strong><\/span><\/p>\n<p style=\"background: white; font-stretch: normal; margin: 0cm 0cm 9.0pt 0cm;\"><span style=\"font-size: 10.5pt; font-family: 'Times','serif'; color: black;\"><b><span id=\"page3R_mcid1\" class=\"markedContent\"><span class=\"tojvnm2t a6sixzi8 abs2jz4q a8s20v7p t1p8iaqh k5wvi7nf q3lfd5jv pk4s997a bipmatt0 cebpdrjk qowsmv63 owwhemhu dp1hu0rb dhp61c6y iyyx5f41\">\u00bb<\/span><\/span><\/b> <span style=\"font-size: 12pt; font-family: georgia, palatino, serif;\">Donc finalement, <strong>l\u2019enchainement des courses m\u2019a permis une jolie progression<\/strong> jusqu\u2019\u00e0 un niveau qui va me permettre de bien d\u00e9marrer 2023 ! <strong>J\u2019ai h\u00e2te de rattaquer les prochaines !<\/strong><\/span> <span id=\"page3R_mcid1\" class=\"markedContent\"><span class=\"tojvnm2t a6sixzi8 abs2jz4q a8s20v7p t1p8iaqh k5wvi7nf q3lfd5jv pk4s997a bipmatt0 cebpdrjk qowsmv63 owwhemhu dp1hu0rb dhp61c6y iyyx5f41\">\u00bb<\/span><\/span><br \/>\n<\/span><\/p>\n<p style=\"background: white; font-stretch: normal; margin: 0cm 0cm 9.0pt 0cm;\"><span style=\"font-size: 10.5pt; font-family: 'Times','serif'; color: black;\"><span style=\"background-color: #000000; color: #ffffff; font-family: georgia, palatino, serif;\"><strong><span style=\"font-size: 14pt; background-color: #000000;\">Dans quel domaine as-tu eu la sensation d\u2019\u00e9voluer ou progresser ?<\/span><\/strong><\/span><br \/>\n<\/span><\/p>\n<p style=\"background: white; font-stretch: normal; margin: 0cm 0cm 9.0pt 0cm;\"><span style=\"font-size: 10.5pt; font-family: 'Times','serif'; color: black;\"><b><span id=\"page3R_mcid1\" class=\"markedContent\"><span class=\"tojvnm2t a6sixzi8 abs2jz4q a8s20v7p t1p8iaqh k5wvi7nf q3lfd5jv pk4s997a bipmatt0 cebpdrjk qowsmv63 owwhemhu dp1hu0rb dhp61c6y iyyx5f41\">\u00bb<\/span><\/span><\/b> <span style=\"font-size: 12pt; font-family: georgia, palatino, serif;\">La fin d\u2019ann\u00e9e m\u2019a permis de faire des courses plut\u00f4t courtes (10 &#8211; 15km) mais avec malgr\u00e9 tout des s\u00e9ances longues dans mon programme, \u00e7a m\u2019a cout\u00e9 un peu de vitesse pure mais par contre, j\u2019ai pu r\u00e9cup\u00e9rer relativement facilement de mes courses, et donc enchainer les entrainements<\/span> <span id=\"page3R_mcid1\" class=\"markedContent\"><span class=\"tojvnm2t a6sixzi8 abs2jz4q a8s20v7p t1p8iaqh k5wvi7nf q3lfd5jv pk4s997a bipmatt0 cebpdrjk qowsmv63 owwhemhu dp1hu0rb dhp61c6y iyyx5f41\">\u00bb.<\/span><\/span><\/span><\/p>\n<hr \/>\n<p><span style=\"background-color: #000000; color: #ffffff;\"><strong><span style=\"font-size: 14pt; background-color: #000000;\">Ton programme sportif pour 2023 est-il d\u00e9j\u00e0 \u00e9tabli ?<\/span><\/strong><\/span><\/p>\n<p style=\"background: white; font-stretch: normal; margin: 0cm 0cm 9.0pt 0cm;\"><span style=\"font-size: 10.5pt; font-family: 'Times','serif'; color: black;\"><b><span id=\"page3R_mcid1\" class=\"markedContent\"><span class=\"tojvnm2t a6sixzi8 abs2jz4q a8s20v7p t1p8iaqh k5wvi7nf q3lfd5jv pk4s997a bipmatt0 cebpdrjk qowsmv63 owwhemhu dp1hu0rb dhp61c6y iyyx5f41\">\u00bb<\/span><\/span><\/b> <span style=\"font-size: 12pt; font-family: georgia, palatino, serif;\"><strong>Pour 2023, j\u2019ai pr\u00e9-coch\u00e9 2 objectifs principaux<\/strong> : le <strong>marathon du Futuroscope<\/strong> fin mai et les <strong>100 km de Millau<\/strong> fin septembre. <\/span><\/span><\/p>\n<p style=\"background: white; font-stretch: normal; margin: 0cm 0cm 9.0pt 0cm;\"><span style=\"font-size: 10.5pt; font-family: 'Times','serif'; color: black;\"><span style=\"font-size: 12pt; font-family: georgia, palatino, serif;\">Pour le premier, j\u2019ai envie de revenir sur cette distance mythique, avec dans l\u2019objectif am\u00e9liorer mon RP (2 h 47) m\u00eame si le parcours n\u2019est pas tr\u00e8s roulant, \u00e7a challenge ! <\/span><\/span><\/p>\n<p style=\"background: white; font-stretch: normal; margin: 0cm 0cm 9.0pt 0cm;\"><span style=\"font-size: 10.5pt; font-family: 'Times','serif'; color: black;\"><span style=\"font-size: 12pt; font-family: georgia, palatino, serif;\">Pour le deuxi\u00e8me objectif, j\u2019ai d\u00e9j\u00e0 fait Millau 1 fois en 2016, mais plus en mode d\u00e9couverte (9 h 53 mn), <strong>aujourd\u2019hui j\u2019ai progress\u00e9 sur les distances longues et je pense que je peux la faire avec un objectif diff\u00e9rent<\/strong>\u2026<\/span><\/span><\/p>\n<p style=\"background: white; font-stretch: normal; margin: 0cm 0cm 9.0pt 0cm;\"><span style=\"font-size: 10.5pt; font-family: 'Times','serif'; color: black;\"><strong><span style=\"font-size: 12pt; font-family: georgia, palatino, serif;\">Bref, h\u00e2te de raconter le bilan dans 1 an !!<\/span> <\/strong><span id=\"page3R_mcid1\" class=\"markedContent\"><span class=\"tojvnm2t a6sixzi8 abs2jz4q a8s20v7p t1p8iaqh k5wvi7nf q3lfd5jv pk4s997a bipmatt0 cebpdrjk qowsmv63 owwhemhu dp1hu0rb dhp61c6y iyyx5f41\">\u00bb.<\/span><\/span><br \/>\n<\/span><\/p>\n<hr \/>\n<figure id=\"attachment_172336\" aria-describedby=\"caption-attachment-172336\" style=\"width: 562px\" class=\"wp-caption aligncenter\"><img loading=\"lazy\" decoding=\"async\" class=\"wp-image-172336 size-large\" src=\"https:\/\/newsestlyonnais.fr\/site\/wp-content\/uploads\/2022\/12\/cid_4EEF7A5B-2E94-484C-8F17-9DC0014139CD-650x867.jpg\" alt=\"\" width=\"562\" height=\"750\" srcset=\"https:\/\/newsestlyonnais.fr\/site\/wp-content\/uploads\/2022\/12\/cid_4EEF7A5B-2E94-484C-8F17-9DC0014139CD-650x867.jpg 650w, https:\/\/newsestlyonnais.fr\/site\/wp-content\/uploads\/2022\/12\/cid_4EEF7A5B-2E94-484C-8F17-9DC0014139CD-400x533.jpg 400w, https:\/\/newsestlyonnais.fr\/site\/wp-content\/uploads\/2022\/12\/cid_4EEF7A5B-2E94-484C-8F17-9DC0014139CD-250x333.jpg 250w, https:\/\/newsestlyonnais.fr\/site\/wp-content\/uploads\/2022\/12\/cid_4EEF7A5B-2E94-484C-8F17-9DC0014139CD-150x200.jpg 150w, https:\/\/newsestlyonnais.fr\/site\/wp-content\/uploads\/2022\/12\/cid_4EEF7A5B-2E94-484C-8F17-9DC0014139CD-50x67.jpg 50w, https:\/\/newsestlyonnais.fr\/site\/wp-content\/uploads\/2022\/12\/cid_4EEF7A5B-2E94-484C-8F17-9DC0014139CD-100x133.jpg 100w, https:\/\/newsestlyonnais.fr\/site\/wp-content\/uploads\/2022\/12\/cid_4EEF7A5B-2E94-484C-8F17-9DC0014139CD-200x267.jpg 200w, https:\/\/newsestlyonnais.fr\/site\/wp-content\/uploads\/2022\/12\/cid_4EEF7A5B-2E94-484C-8F17-9DC0014139CD-300x400.jpg 300w, https:\/\/newsestlyonnais.fr\/site\/wp-content\/uploads\/2022\/12\/cid_4EEF7A5B-2E94-484C-8F17-9DC0014139CD-350x467.jpg 350w, https:\/\/newsestlyonnais.fr\/site\/wp-content\/uploads\/2022\/12\/cid_4EEF7A5B-2E94-484C-8F17-9DC0014139CD-450x600.jpg 450w, https:\/\/newsestlyonnais.fr\/site\/wp-content\/uploads\/2022\/12\/cid_4EEF7A5B-2E94-484C-8F17-9DC0014139CD-500x667.jpg 500w, https:\/\/newsestlyonnais.fr\/site\/wp-content\/uploads\/2022\/12\/cid_4EEF7A5B-2E94-484C-8F17-9DC0014139CD-550x733.jpg 550w, https:\/\/newsestlyonnais.fr\/site\/wp-content\/uploads\/2022\/12\/cid_4EEF7A5B-2E94-484C-8F17-9DC0014139CD.jpg 768w\" sizes=\"auto, (max-width: 562px) 100vw, 562px\" \/><figcaption id=\"caption-attachment-172336\" class=\"wp-caption-text\">Premi\u00e8re place aux \u00ab\u00a0Illumin\u00e9s\u00a0\u00bb en novembre \u00e0 Meyzieu<\/figcaption><\/figure>\n<hr \/>\n<p><span style=\"background-color: #000000;\"><span style=\"color: #ffffff; font-size: 14pt;\"><strong>Prochain bilan &gt;<\/strong><strong>&gt; <\/strong><\/span><span style=\"color: #ffcc00;\">Math\u00e9is Cloez (Cycliste \/ V\u00e9lo club Villefranche-en-Beaujolais)<\/span><\/span><\/p>\n<p>&nbsp;<\/p>\n","protected":false},"excerpt":{"rendered":"<p>Apr\u00e8s une blessure et une r\u00e9athl\u00e9tisation prudente, le coureur d\u00e9cinois, membre du Team \u00ab\u00a0Terre de Running\u00a0\u00bb a retrouv\u00e9 l&rsquo;envie de courir et pris part \u00e0 diverses \u00e9preuves locales. <\/p>\n","protected":false},"author":4,"featured_media":172333,"comment_status":"open","ping_status":"open","sticky":false,"template":"","format":"standard","meta":{"footnotes":""},"categories":[2968,4508,21],"tags":[3469,2116,4055,2200],"class_list":["post-172316","post","type-post","status-publish","format-standard","has-post-thumbnail","hentry","category-athle-course-pied-marche","category-bilan-sportif","category-decines-charpieu","tag-bilan","tag-decines","tag-teddy-coutant","tag-terre-de-running"],"yoast_head":"<!-- This site is optimized with the Yoast SEO plugin v27.2 - https:\/\/yoast.com\/product\/yoast-seo-wordpress\/ -->\n<title>Teddy Coutant &quot; L\u2019enchainement des courses m\u2019a finalement permis une jolie progression &quot; - News Est Lyonnais<\/title>\n<meta name=\"description\" content=\"Teddy Coutant &quot; l\u2019enchainement des courses m\u2019a finalement permis une jolie progression &quot;\" \/>\n<meta name=\"robots\" content=\"index, follow, max-snippet:-1, max-image-preview:large, max-video-preview:-1\" \/>\n<link rel=\"canonical\" href=\"https:\/\/newsestlyonnais.fr\/site\/2022\/12\/21\/teddy-coutant-lenchainement-des-courses-ma-finalement-permis-une-jolie-progression\/\" \/>\n<meta property=\"og:locale\" content=\"fr_FR\" \/>\n<meta property=\"og:type\" content=\"article\" \/>\n<meta property=\"og:title\" content=\"Teddy Coutant &quot; L\u2019enchainement des courses m\u2019a finalement permis une jolie progression &quot; - News Est Lyonnais\" \/>\n<meta property=\"og:description\" content=\"Teddy Coutant &quot; l\u2019enchainement des courses m\u2019a finalement permis une jolie progression &quot;\" \/>\n<meta property=\"og:url\" content=\"https:\/\/newsestlyonnais.fr\/site\/2022\/12\/21\/teddy-coutant-lenchainement-des-courses-ma-finalement-permis-une-jolie-progression\/\" \/>\n<meta property=\"og:site_name\" content=\"News Est Lyonnais\" \/>\n<meta property=\"article:author\" content=\"https:\/\/www.facebook.com\/pascal.oberson.1?fref=ts\" \/>\n<meta property=\"article:published_time\" content=\"2022-12-21T13:35:51+00:00\" \/>\n<meta property=\"article:modified_time\" content=\"2023-09-26T14:55:30+00:00\" \/>\n<meta property=\"og:image\" content=\"https:\/\/newsestlyonnais.fr\/site\/wp-content\/uploads\/2022\/12\/cid_3D7B7208-8171-4D71-8B42-A771E4CCF257.jpg\" \/>\n\t<meta property=\"og:image:width\" content=\"892\" \/>\n\t<meta property=\"og:image:height\" content=\"958\" \/>\n\t<meta property=\"og:image:type\" content=\"image\/jpeg\" \/>\n<meta name=\"author\" content=\"R\u00e9dac. NEWS\" \/>\n<meta name=\"twitter:card\" content=\"summary_large_image\" \/>\n<meta name=\"twitter:label1\" content=\"\u00c9crit par\" \/>\n\t<meta name=\"twitter:data1\" content=\"R\u00e9dac. NEWS\" \/>\n\t<meta name=\"twitter:label2\" content=\"Dur\u00e9e de lecture estim\u00e9e\" \/>\n\t<meta name=\"twitter:data2\" content=\"4 minutes\" \/>\n<script type=\"application\/ld+json\" class=\"yoast-schema-graph\">{\"@context\":\"https:\/\/schema.org\",\"@graph\":[{\"@type\":\"Article\",\"@id\":\"https:\/\/newsestlyonnais.fr\/site\/2022\/12\/21\/teddy-coutant-lenchainement-des-courses-ma-finalement-permis-une-jolie-progression\/#article\",\"isPartOf\":{\"@id\":\"https:\/\/newsestlyonnais.fr\/site\/2022\/12\/21\/teddy-coutant-lenchainement-des-courses-ma-finalement-permis-une-jolie-progression\/\"},\"author\":{\"name\":\"R\u00e9dac. NEWS\",\"@id\":\"https:\/\/newsestlyonnais.fr\/site\/#\/schema\/person\/3230d5615f390bb808365d673001e887\"},\"headline\":\"Teddy Coutant \u00a0\u00bb L\u2019enchainement des courses m\u2019a finalement permis une jolie progression \u00ab\u00a0\",\"datePublished\":\"2022-12-21T13:35:51+00:00\",\"dateModified\":\"2023-09-26T14:55:30+00:00\",\"mainEntityOfPage\":{\"@id\":\"https:\/\/newsestlyonnais.fr\/site\/2022\/12\/21\/teddy-coutant-lenchainement-des-courses-ma-finalement-permis-une-jolie-progression\/\"},\"wordCount\":626,\"commentCount\":0,\"publisher\":{\"@id\":\"https:\/\/newsestlyonnais.fr\/site\/#organization\"},\"image\":{\"@id\":\"https:\/\/newsestlyonnais.fr\/site\/2022\/12\/21\/teddy-coutant-lenchainement-des-courses-ma-finalement-permis-une-jolie-progression\/#primaryimage\"},\"thumbnailUrl\":\"https:\/\/newsestlyonnais.fr\/site\/wp-content\/uploads\/2022\/12\/cid_3D7B7208-8171-4D71-8B42-A771E4CCF257.jpg\",\"keywords\":[\"BILAN\",\"DECINES\",\"Teddy Coutant\",\"TERRE DE RUNNING\"],\"articleSection\":[\"Athl\u00e9 | Course pied | Marche\",\"Bilan sportif\",\"D\u00e9cines-Charpieu\"],\"inLanguage\":\"fr-FR\",\"potentialAction\":[{\"@type\":\"CommentAction\",\"name\":\"Comment\",\"target\":[\"https:\/\/newsestlyonnais.fr\/site\/2022\/12\/21\/teddy-coutant-lenchainement-des-courses-ma-finalement-permis-une-jolie-progression\/#respond\"]}]},{\"@type\":\"WebPage\",\"@id\":\"https:\/\/newsestlyonnais.fr\/site\/2022\/12\/21\/teddy-coutant-lenchainement-des-courses-ma-finalement-permis-une-jolie-progression\/\",\"url\":\"https:\/\/newsestlyonnais.fr\/site\/2022\/12\/21\/teddy-coutant-lenchainement-des-courses-ma-finalement-permis-une-jolie-progression\/\",\"name\":\"Teddy Coutant \\\" L\u2019enchainement des courses m\u2019a finalement permis une jolie progression \\\" - News Est Lyonnais\",\"isPartOf\":{\"@id\":\"https:\/\/newsestlyonnais.fr\/site\/#website\"},\"primaryImageOfPage\":{\"@id\":\"https:\/\/newsestlyonnais.fr\/site\/2022\/12\/21\/teddy-coutant-lenchainement-des-courses-ma-finalement-permis-une-jolie-progression\/#primaryimage\"},\"image\":{\"@id\":\"https:\/\/newsestlyonnais.fr\/site\/2022\/12\/21\/teddy-coutant-lenchainement-des-courses-ma-finalement-permis-une-jolie-progression\/#primaryimage\"},\"thumbnailUrl\":\"https:\/\/newsestlyonnais.fr\/site\/wp-content\/uploads\/2022\/12\/cid_3D7B7208-8171-4D71-8B42-A771E4CCF257.jpg\",\"datePublished\":\"2022-12-21T13:35:51+00:00\",\"dateModified\":\"2023-09-26T14:55:30+00:00\",\"description\":\"Teddy Coutant \\\" l\u2019enchainement des courses m\u2019a finalement permis une jolie progression \\\"\",\"breadcrumb\":{\"@id\":\"https:\/\/newsestlyonnais.fr\/site\/2022\/12\/21\/teddy-coutant-lenchainement-des-courses-ma-finalement-permis-une-jolie-progression\/#breadcrumb\"},\"inLanguage\":\"fr-FR\",\"potentialAction\":[{\"@type\":\"ReadAction\",\"target\":[\"https:\/\/newsestlyonnais.fr\/site\/2022\/12\/21\/teddy-coutant-lenchainement-des-courses-ma-finalement-permis-une-jolie-progression\/\"]}]},{\"@type\":\"ImageObject\",\"inLanguage\":\"fr-FR\",\"@id\":\"https:\/\/newsestlyonnais.fr\/site\/2022\/12\/21\/teddy-coutant-lenchainement-des-courses-ma-finalement-permis-une-jolie-progression\/#primaryimage\",\"url\":\"https:\/\/newsestlyonnais.fr\/site\/wp-content\/uploads\/2022\/12\/cid_3D7B7208-8171-4D71-8B42-A771E4CCF257.jpg\",\"contentUrl\":\"https:\/\/newsestlyonnais.fr\/site\/wp-content\/uploads\/2022\/12\/cid_3D7B7208-8171-4D71-8B42-A771E4CCF257.jpg\",\"width\":892,\"height\":958},{\"@type\":\"BreadcrumbList\",\"@id\":\"https:\/\/newsestlyonnais.fr\/site\/2022\/12\/21\/teddy-coutant-lenchainement-des-courses-ma-finalement-permis-une-jolie-progression\/#breadcrumb\",\"itemListElement\":[{\"@type\":\"ListItem\",\"position\":1,\"name\":\"Accueil\",\"item\":\"https:\/\/newsestlyonnais.fr\/site\/\"},{\"@type\":\"ListItem\",\"position\":2,\"name\":\"Teddy Coutant \u00a0\u00bb L\u2019enchainement des courses m\u2019a finalement permis une jolie progression \u00ab\u00a0\"}]},{\"@type\":\"WebSite\",\"@id\":\"https:\/\/newsestlyonnais.fr\/site\/#website\",\"url\":\"https:\/\/newsestlyonnais.fr\/site\/\",\"name\":\"News Est Lyonnais\",\"description\":\"L&#039;actualit\u00e9 au plus pr\u00e8s\",\"publisher\":{\"@id\":\"https:\/\/newsestlyonnais.fr\/site\/#organization\"},\"potentialAction\":[{\"@type\":\"SearchAction\",\"target\":{\"@type\":\"EntryPoint\",\"urlTemplate\":\"https:\/\/newsestlyonnais.fr\/site\/?s={search_term_string}\"},\"query-input\":{\"@type\":\"PropertyValueSpecification\",\"valueRequired\":true,\"valueName\":\"search_term_string\"}}],\"inLanguage\":\"fr-FR\"},{\"@type\":\"Organization\",\"@id\":\"https:\/\/newsestlyonnais.fr\/site\/#organization\",\"name\":\"News EST LYONNAIS\",\"url\":\"https:\/\/newsestlyonnais.fr\/site\/\",\"logo\":{\"@type\":\"ImageObject\",\"inLanguage\":\"fr-FR\",\"@id\":\"https:\/\/newsestlyonnais.fr\/site\/#\/schema\/logo\/image\/\",\"url\":\"\",\"contentUrl\":\"\",\"caption\":\"News EST LYONNAIS\"},\"image\":{\"@id\":\"https:\/\/newsestlyonnais.fr\/site\/#\/schema\/logo\/image\/\"}},{\"@type\":\"Person\",\"@id\":\"https:\/\/newsestlyonnais.fr\/site\/#\/schema\/person\/3230d5615f390bb808365d673001e887\",\"name\":\"R\u00e9dac. NEWS\",\"sameAs\":[\"http:\/\/www.newsestlyonnais.fr\",\"https:\/\/www.facebook.com\/pascal.oberson.1?fref=ts\",\"https:\/\/fr.linkedin.com\/in\/pascal-oberson-b17045113\"],\"url\":\"https:\/\/newsestlyonnais.fr\/site\/author\/nel\/\"}]}<\/script>\n<!-- \/ Yoast SEO plugin. -->","yoast_head_json":{"title":"Teddy Coutant \" L\u2019enchainement des courses m\u2019a finalement permis une jolie progression \" - News Est Lyonnais","description":"Teddy Coutant \" l\u2019enchainement des courses m\u2019a finalement permis une jolie progression \"","robots":{"index":"index","follow":"follow","max-snippet":"max-snippet:-1","max-image-preview":"max-image-preview:large","max-video-preview":"max-video-preview:-1"},"canonical":"https:\/\/newsestlyonnais.fr\/site\/2022\/12\/21\/teddy-coutant-lenchainement-des-courses-ma-finalement-permis-une-jolie-progression\/","og_locale":"fr_FR","og_type":"article","og_title":"Teddy Coutant \" L\u2019enchainement des courses m\u2019a finalement permis une jolie progression \" - News Est Lyonnais","og_description":"Teddy Coutant \" l\u2019enchainement des courses m\u2019a finalement permis une jolie progression \"","og_url":"https:\/\/newsestlyonnais.fr\/site\/2022\/12\/21\/teddy-coutant-lenchainement-des-courses-ma-finalement-permis-une-jolie-progression\/","og_site_name":"News Est Lyonnais","article_author":"https:\/\/www.facebook.com\/pascal.oberson.1?fref=ts","article_published_time":"2022-12-21T13:35:51+00:00","article_modified_time":"2023-09-26T14:55:30+00:00","og_image":[{"width":892,"height":958,"url":"https:\/\/newsestlyonnais.fr\/site\/wp-content\/uploads\/2022\/12\/cid_3D7B7208-8171-4D71-8B42-A771E4CCF257.jpg","type":"image\/jpeg"}],"author":"R\u00e9dac. NEWS","twitter_card":"summary_large_image","twitter_misc":{"\u00c9crit par":"R\u00e9dac. NEWS","Dur\u00e9e de lecture estim\u00e9e":"4 minutes"},"schema":{"@context":"https:\/\/schema.org","@graph":[{"@type":"Article","@id":"https:\/\/newsestlyonnais.fr\/site\/2022\/12\/21\/teddy-coutant-lenchainement-des-courses-ma-finalement-permis-une-jolie-progression\/#article","isPartOf":{"@id":"https:\/\/newsestlyonnais.fr\/site\/2022\/12\/21\/teddy-coutant-lenchainement-des-courses-ma-finalement-permis-une-jolie-progression\/"},"author":{"name":"R\u00e9dac. NEWS","@id":"https:\/\/newsestlyonnais.fr\/site\/#\/schema\/person\/3230d5615f390bb808365d673001e887"},"headline":"Teddy Coutant \u00a0\u00bb L\u2019enchainement des courses m\u2019a finalement permis une jolie progression \u00ab\u00a0","datePublished":"2022-12-21T13:35:51+00:00","dateModified":"2023-09-26T14:55:30+00:00","mainEntityOfPage":{"@id":"https:\/\/newsestlyonnais.fr\/site\/2022\/12\/21\/teddy-coutant-lenchainement-des-courses-ma-finalement-permis-une-jolie-progression\/"},"wordCount":626,"commentCount":0,"publisher":{"@id":"https:\/\/newsestlyonnais.fr\/site\/#organization"},"image":{"@id":"https:\/\/newsestlyonnais.fr\/site\/2022\/12\/21\/teddy-coutant-lenchainement-des-courses-ma-finalement-permis-une-jolie-progression\/#primaryimage"},"thumbnailUrl":"https:\/\/newsestlyonnais.fr\/site\/wp-content\/uploads\/2022\/12\/cid_3D7B7208-8171-4D71-8B42-A771E4CCF257.jpg","keywords":["BILAN","DECINES","Teddy Coutant","TERRE DE RUNNING"],"articleSection":["Athl\u00e9 | Course pied | Marche","Bilan sportif","D\u00e9cines-Charpieu"],"inLanguage":"fr-FR","potentialAction":[{"@type":"CommentAction","name":"Comment","target":["https:\/\/newsestlyonnais.fr\/site\/2022\/12\/21\/teddy-coutant-lenchainement-des-courses-ma-finalement-permis-une-jolie-progression\/#respond"]}]},{"@type":"WebPage","@id":"https:\/\/newsestlyonnais.fr\/site\/2022\/12\/21\/teddy-coutant-lenchainement-des-courses-ma-finalement-permis-une-jolie-progression\/","url":"https:\/\/newsestlyonnais.fr\/site\/2022\/12\/21\/teddy-coutant-lenchainement-des-courses-ma-finalement-permis-une-jolie-progression\/","name":"Teddy Coutant \" L\u2019enchainement des courses m\u2019a finalement permis une jolie progression \" - News Est Lyonnais","isPartOf":{"@id":"https:\/\/newsestlyonnais.fr\/site\/#website"},"primaryImageOfPage":{"@id":"https:\/\/newsestlyonnais.fr\/site\/2022\/12\/21\/teddy-coutant-lenchainement-des-courses-ma-finalement-permis-une-jolie-progression\/#primaryimage"},"image":{"@id":"https:\/\/newsestlyonnais.fr\/site\/2022\/12\/21\/teddy-coutant-lenchainement-des-courses-ma-finalement-permis-une-jolie-progression\/#primaryimage"},"thumbnailUrl":"https:\/\/newsestlyonnais.fr\/site\/wp-content\/uploads\/2022\/12\/cid_3D7B7208-8171-4D71-8B42-A771E4CCF257.jpg","datePublished":"2022-12-21T13:35:51+00:00","dateModified":"2023-09-26T14:55:30+00:00","description":"Teddy Coutant \" l\u2019enchainement des courses m\u2019a finalement permis une jolie progression \"","breadcrumb":{"@id":"https:\/\/newsestlyonnais.fr\/site\/2022\/12\/21\/teddy-coutant-lenchainement-des-courses-ma-finalement-permis-une-jolie-progression\/#breadcrumb"},"inLanguage":"fr-FR","potentialAction":[{"@type":"ReadAction","target":["https:\/\/newsestlyonnais.fr\/site\/2022\/12\/21\/teddy-coutant-lenchainement-des-courses-ma-finalement-permis-une-jolie-progression\/"]}]},{"@type":"ImageObject","inLanguage":"fr-FR","@id":"https:\/\/newsestlyonnais.fr\/site\/2022\/12\/21\/teddy-coutant-lenchainement-des-courses-ma-finalement-permis-une-jolie-progression\/#primaryimage","url":"https:\/\/newsestlyonnais.fr\/site\/wp-content\/uploads\/2022\/12\/cid_3D7B7208-8171-4D71-8B42-A771E4CCF257.jpg","contentUrl":"https:\/\/newsestlyonnais.fr\/site\/wp-content\/uploads\/2022\/12\/cid_3D7B7208-8171-4D71-8B42-A771E4CCF257.jpg","width":892,"height":958},{"@type":"BreadcrumbList","@id":"https:\/\/newsestlyonnais.fr\/site\/2022\/12\/21\/teddy-coutant-lenchainement-des-courses-ma-finalement-permis-une-jolie-progression\/#breadcrumb","itemListElement":[{"@type":"ListItem","position":1,"name":"Accueil","item":"https:\/\/newsestlyonnais.fr\/site\/"},{"@type":"ListItem","position":2,"name":"Teddy Coutant \u00a0\u00bb L\u2019enchainement des courses m\u2019a finalement permis une jolie progression \u00ab\u00a0"}]},{"@type":"WebSite","@id":"https:\/\/newsestlyonnais.fr\/site\/#website","url":"https:\/\/newsestlyonnais.fr\/site\/","name":"News Est Lyonnais","description":"L&#039;actualit\u00e9 au plus pr\u00e8s","publisher":{"@id":"https:\/\/newsestlyonnais.fr\/site\/#organization"},"potentialAction":[{"@type":"SearchAction","target":{"@type":"EntryPoint","urlTemplate":"https:\/\/newsestlyonnais.fr\/site\/?s={search_term_string}"},"query-input":{"@type":"PropertyValueSpecification","valueRequired":true,"valueName":"search_term_string"}}],"inLanguage":"fr-FR"},{"@type":"Organization","@id":"https:\/\/newsestlyonnais.fr\/site\/#organization","name":"News EST LYONNAIS","url":"https:\/\/newsestlyonnais.fr\/site\/","logo":{"@type":"ImageObject","inLanguage":"fr-FR","@id":"https:\/\/newsestlyonnais.fr\/site\/#\/schema\/logo\/image\/","url":"","contentUrl":"","caption":"News EST LYONNAIS"},"image":{"@id":"https:\/\/newsestlyonnais.fr\/site\/#\/schema\/logo\/image\/"}},{"@type":"Person","@id":"https:\/\/newsestlyonnais.fr\/site\/#\/schema\/person\/3230d5615f390bb808365d673001e887","name":"R\u00e9dac. NEWS","sameAs":["http:\/\/www.newsestlyonnais.fr","https:\/\/www.facebook.com\/pascal.oberson.1?fref=ts","https:\/\/fr.linkedin.com\/in\/pascal-oberson-b17045113"],"url":"https:\/\/newsestlyonnais.fr\/site\/author\/nel\/"}]}},"_links":{"self":[{"href":"https:\/\/newsestlyonnais.fr\/site\/wp-json\/wp\/v2\/posts\/172316","targetHints":{"allow":["GET"]}}],"collection":[{"href":"https:\/\/newsestlyonnais.fr\/site\/wp-json\/wp\/v2\/posts"}],"about":[{"href":"https:\/\/newsestlyonnais.fr\/site\/wp-json\/wp\/v2\/types\/post"}],"author":[{"embeddable":true,"href":"https:\/\/newsestlyonnais.fr\/site\/wp-json\/wp\/v2\/users\/4"}],"replies":[{"embeddable":true,"href":"https:\/\/newsestlyonnais.fr\/site\/wp-json\/wp\/v2\/comments?post=172316"}],"version-history":[{"count":0,"href":"https:\/\/newsestlyonnais.fr\/site\/wp-json\/wp\/v2\/posts\/172316\/revisions"}],"wp:featuredmedia":[{"embeddable":true,"href":"https:\/\/newsestlyonnais.fr\/site\/wp-json\/wp\/v2\/media\/172333"}],"wp:attachment":[{"href":"https:\/\/newsestlyonnais.fr\/site\/wp-json\/wp\/v2\/media?parent=172316"}],"wp:term":[{"taxonomy":"category","embeddable":true,"href":"https:\/\/newsestlyonnais.fr\/site\/wp-json\/wp\/v2\/categories?post=172316"},{"taxonomy":"post_tag","embeddable":true,"href":"https:\/\/newsestlyonnais.fr\/site\/wp-json\/wp\/v2\/tags?post=172316"}],"curies":[{"name":"wp","href":"https:\/\/api.w.org\/{rel}","templated":true}]}}