{"id":172969,"date":"2022-12-29T08:16:27","date_gmt":"2022-12-29T07:16:27","guid":{"rendered":"https:\/\/newsestlyonnais.fr\/site\/?p=172969"},"modified":"2022-12-29T08:40:36","modified_gmt":"2022-12-29T07:40:36","slug":"khelly-gamra-je-pense-avoir-progresse-dans-le-fait-de-soutenir-des-allures-plus-elevees-plus-longtemps","status":"publish","type":"post","link":"https:\/\/newsestlyonnais.fr\/site\/2022\/12\/29\/khelly-gamra-je-pense-avoir-progresse-dans-le-fait-de-soutenir-des-allures-plus-elevees-plus-longtemps\/","title":{"rendered":"Khelly Gamra \u00a0\u00bb je pense avoir progress\u00e9  dans le fait de soutenir des allures plus \u00e9lev\u00e9es plus longtemps \u00ab\u00a0"},"content":{"rendered":"<p><span style=\"background-color: #000000; color: #ffffff; font-size: 14pt;\"><strong>Petite pr\u00e9sentation :<br \/>\n<\/strong><\/span><\/p>\n<p>\u00ab J&rsquo;ai 50 ans, je suis conducteur de train \u00e0 la SNCF et j&rsquo;habite \u00e0 Vourles \u00bb.<\/p>\n<p><span style=\"background-color: #000000; color: #ffffff; font-size: 14pt;\"><strong>Club sportif actuel ?<\/strong><\/span><\/p>\n<p>\u00ab Mon club est l&rsquo;<span style=\"color: #0000ff;\"><a style=\"color: #0000ff;\" href=\"http:\/\/eslpierrebenite.athle.com\"><strong>ESL de Pierre-B\u00e9nite<\/strong><\/a><\/span> \u00bb.<\/p>\n<hr \/>\n<p><span style=\"background-color: #000000; color: #ffffff; font-size: 14pt;\"><strong>Quel \u00e9tait ton objectif en d\u00e9marrant l\u2019ann\u00e9e 2022 et ton programme de courses ?<\/strong><\/span><\/p>\n<p><img loading=\"lazy\" decoding=\"async\" class=\"alignright wp-image-172988\" src=\"https:\/\/newsestlyonnais.fr\/site\/wp-content\/uploads\/2022\/12\/image1-1-400x1081.jpeg\" alt=\"\" width=\"100\" height=\"270\" srcset=\"https:\/\/newsestlyonnais.fr\/site\/wp-content\/uploads\/2022\/12\/image1-1-400x1081.jpeg 400w, https:\/\/newsestlyonnais.fr\/site\/wp-content\/uploads\/2022\/12\/image1-1-250x676.jpeg 250w, https:\/\/newsestlyonnais.fr\/site\/wp-content\/uploads\/2022\/12\/image1-1-150x405.jpeg 150w, https:\/\/newsestlyonnais.fr\/site\/wp-content\/uploads\/2022\/12\/image1-1-50x135.jpeg 50w, https:\/\/newsestlyonnais.fr\/site\/wp-content\/uploads\/2022\/12\/image1-1-100x270.jpeg 100w, https:\/\/newsestlyonnais.fr\/site\/wp-content\/uploads\/2022\/12\/image1-1-200x541.jpeg 200w, https:\/\/newsestlyonnais.fr\/site\/wp-content\/uploads\/2022\/12\/image1-1-300x811.jpeg 300w, https:\/\/newsestlyonnais.fr\/site\/wp-content\/uploads\/2022\/12\/image1-1-350x946.jpeg 350w, https:\/\/newsestlyonnais.fr\/site\/wp-content\/uploads\/2022\/12\/image1-1.jpeg 444w\" sizes=\"auto, (max-width: 100px) 100vw, 100px\" \/>\u00ab <strong>En 2022 mon objectif principal \u00e9tait le marathon de Valencia<\/strong> (Espagne), en d\u00e9but d&rsquo;ann\u00e9e j&rsquo;avais fait les cross et les semis de Lyon et de V\u00e9nissieux, en pr\u00e9pa du marathon d\u00e9but d\u00e9cembre \u00bb.<\/p>\n<p><span style=\"background-color: #000000; color: #ffffff; font-size: 14pt;\"><strong>Bilan des diff\u00e9rentes courses disput\u00e9es<br \/>\n<\/strong><\/span><\/p>\n<ul>\n<li>Septembre 2022 : <strong>Run In Lyon<\/strong> : semi en 1 h 17 (allure marathon)<\/li>\n<li>Novembre : <strong>Semi de V\u00e9nissieux<\/strong> : toujours en 1 h 17 pour valider l\u2019allure marathon (photo de droite)<\/li>\n<li>4 d\u00e9cembre : <strong>Marathon de Valencia<\/strong> : (abandon au 27\u00b0 km).<\/li>\n<\/ul>\n<hr \/>\n<p><span style=\"background-color: #000000; color: #ffffff; font-size: 14pt;\"><strong>Quelles conclusions en ressors tu ?<br \/>\n<\/strong><\/span><\/p>\n<p>\u00ab <strong>Tr\u00e8s d\u00e9\u00e7u par mon abandon au marathon \u2026avec le recul<\/strong>. J ai fait beaucoup d&rsquo;erreurs (en m\u00eame temps \u00e7&rsquo;est normal c \u00e9tait mon premier \ud83d\ude02), comme on dit \u00ab <strong>on apprend plus dans la d\u00e9faite que dans la victoire<\/strong> \u00ab \u00bb.<\/p>\n<p><span style=\"background-color: #000000; color: #ffffff; font-size: 14pt;\"><strong>Dans quel domaine as-tu eu la sensation d\u2019\u00e9voluer ou progresser ?<\/strong><\/span><\/p>\n<p>\u00ab <strong>Je pense avoir progresser dans le fait de soutenir des allures plus \u00e9lev\u00e9es plus longtemps<\/strong> \u00bb.<\/p>\n<hr \/>\n<p><span style=\"background-color: #000000; color: #ffffff; font-size: 14pt;\"><strong>Ton programme pour 2023 est- il d\u00e9j\u00e0 \u00e9tabli ?<\/strong><\/span><\/p>\n<p>\u00ab Pour 2023 <strong>le programme est d\u00e9j\u00e0 bien avanc\u00e9<\/strong> avec les cross en d\u00e9but d&rsquo;ann\u00e9e, s\u00fbrement le marathon de Paris en avril, le trail de Saint-Jacques (70 km) en juin, et en fin d&rsquo;ann\u00e9e le semi et marathon de Valencia \u00bb.<\/p>\n<p><span style=\"background-color: #000000; color: #ffffff; font-size: 14pt;\"><strong>Et pour conclure ?<\/strong><\/span><\/p>\n<p>\u00ab <strong>Je retiendrais la pr\u00e9pa o\u00f9 j&rsquo;ai pass\u00e9 de super moments avec les copains<\/strong> \u00bb.<\/p>\n<hr \/>\n<p><span style=\"background-color: #000000;\"><strong><span style=\"background-color: #000000; color: #ffffff;\"><span style=\"font-size: 14pt;\">Prochain bilan<\/span> &gt;&gt; <\/span><span style=\"color: #ffcc00;\">L\u00e9a Jacquin <\/span><\/strong><span style=\"color: #ffcc00;\">(Triathlon)<\/span><\/span><\/p>\n","protected":false},"excerpt":{"rendered":"<p>L&rsquo;athl\u00e8te de l&rsquo;ESL Pierre-B\u00e9nite avait comme objectif principal de disputer sa toute premi\u00e8re course sur la mythique distance du marathon, d\u00e9but d\u00e9cembre \u00e0 Valence en Espagne.<\/p>\n","protected":false},"author":4,"featured_media":172972,"comment_status":"open","ping_status":"open","sticky":false,"template":"","format":"standard","meta":{"footnotes":""},"categories":[2968,4508],"tags":[3469,4017,4540],"class_list":["post-172969","post","type-post","status-publish","format-standard","has-post-thumbnail","hentry","category-athle-course-pied-marche","category-bilan-sportif","tag-bilan","tag-esl-pierre-benite","tag-khelly-gamra"],"yoast_head":"<!-- This site is optimized with the Yoast SEO plugin v27.2 - https:\/\/yoast.com\/product\/yoast-seo-wordpress\/ -->\n<title>Khelly Gamra &quot; je pense avoir progress\u00e9 dans le fait de soutenir des allures plus \u00e9lev\u00e9es plus longtemps &quot; - News Est Lyonnais<\/title>\n<meta name=\"description\" content=\"Khelly Gamra &quot; je pense avoir progress\u00e9 dans le fait de soutenir des allures plus \u00e9lev\u00e9es plus longtemps &quot;\" \/>\n<meta name=\"robots\" content=\"index, follow, max-snippet:-1, max-image-preview:large, max-video-preview:-1\" \/>\n<link rel=\"canonical\" href=\"https:\/\/newsestlyonnais.fr\/site\/2022\/12\/29\/khelly-gamra-je-pense-avoir-progresse-dans-le-fait-de-soutenir-des-allures-plus-elevees-plus-longtemps\/\" \/>\n<meta property=\"og:locale\" content=\"fr_FR\" \/>\n<meta property=\"og:type\" content=\"article\" \/>\n<meta property=\"og:title\" content=\"Khelly Gamra &quot; je pense avoir progress\u00e9 dans le fait de soutenir des allures plus \u00e9lev\u00e9es plus longtemps &quot; - News Est Lyonnais\" \/>\n<meta property=\"og:description\" content=\"Khelly Gamra &quot; je pense avoir progress\u00e9 dans le fait de soutenir des allures plus \u00e9lev\u00e9es plus longtemps &quot;\" \/>\n<meta property=\"og:url\" content=\"https:\/\/newsestlyonnais.fr\/site\/2022\/12\/29\/khelly-gamra-je-pense-avoir-progresse-dans-le-fait-de-soutenir-des-allures-plus-elevees-plus-longtemps\/\" \/>\n<meta property=\"og:site_name\" content=\"News Est Lyonnais\" \/>\n<meta property=\"article:author\" content=\"https:\/\/www.facebook.com\/pascal.oberson.1?fref=ts\" \/>\n<meta property=\"article:published_time\" content=\"2022-12-29T07:16:27+00:00\" \/>\n<meta property=\"article:modified_time\" content=\"2022-12-29T07:40:36+00:00\" \/>\n<meta property=\"og:image\" content=\"https:\/\/newsestlyonnais.fr\/site\/wp-content\/uploads\/2022\/12\/cid_E7EB6B0D-EFF1-4CFF-9699-9308CE6E830B-L0-001.jpg\" \/>\n\t<meta property=\"og:image:width\" content=\"744\" \/>\n\t<meta property=\"og:image:height\" content=\"611\" \/>\n\t<meta property=\"og:image:type\" content=\"image\/jpeg\" \/>\n<meta name=\"author\" content=\"R\u00e9dac. NEWS\" \/>\n<meta name=\"twitter:card\" content=\"summary_large_image\" \/>\n<meta name=\"twitter:label1\" content=\"\u00c9crit par\" \/>\n\t<meta name=\"twitter:data1\" content=\"R\u00e9dac. NEWS\" \/>\n\t<meta name=\"twitter:label2\" content=\"Dur\u00e9e de lecture estim\u00e9e\" \/>\n\t<meta name=\"twitter:data2\" content=\"2 minutes\" \/>\n<script type=\"application\/ld+json\" class=\"yoast-schema-graph\">{\"@context\":\"https:\/\/schema.org\",\"@graph\":[{\"@type\":\"Article\",\"@id\":\"https:\/\/newsestlyonnais.fr\/site\/2022\/12\/29\/khelly-gamra-je-pense-avoir-progresse-dans-le-fait-de-soutenir-des-allures-plus-elevees-plus-longtemps\/#article\",\"isPartOf\":{\"@id\":\"https:\/\/newsestlyonnais.fr\/site\/2022\/12\/29\/khelly-gamra-je-pense-avoir-progresse-dans-le-fait-de-soutenir-des-allures-plus-elevees-plus-longtemps\/\"},\"author\":{\"name\":\"R\u00e9dac. NEWS\",\"@id\":\"https:\/\/newsestlyonnais.fr\/site\/#\/schema\/person\/3230d5615f390bb808365d673001e887\"},\"headline\":\"Khelly Gamra \u00a0\u00bb je pense avoir progress\u00e9 dans le fait de soutenir des allures plus \u00e9lev\u00e9es plus longtemps \u00ab\u00a0\",\"datePublished\":\"2022-12-29T07:16:27+00:00\",\"dateModified\":\"2022-12-29T07:40:36+00:00\",\"mainEntityOfPage\":{\"@id\":\"https:\/\/newsestlyonnais.fr\/site\/2022\/12\/29\/khelly-gamra-je-pense-avoir-progresse-dans-le-fait-de-soutenir-des-allures-plus-elevees-plus-longtemps\/\"},\"wordCount\":292,\"commentCount\":0,\"publisher\":{\"@id\":\"https:\/\/newsestlyonnais.fr\/site\/#organization\"},\"image\":{\"@id\":\"https:\/\/newsestlyonnais.fr\/site\/2022\/12\/29\/khelly-gamra-je-pense-avoir-progresse-dans-le-fait-de-soutenir-des-allures-plus-elevees-plus-longtemps\/#primaryimage\"},\"thumbnailUrl\":\"https:\/\/newsestlyonnais.fr\/site\/wp-content\/uploads\/2022\/12\/cid_E7EB6B0D-EFF1-4CFF-9699-9308CE6E830B-L0-001.jpg\",\"keywords\":[\"BILAN\",\"ESL Pierre-B\u00e9nite\",\"khelly Gamra\"],\"articleSection\":[\"Athl\u00e9 | Course pied | Marche\",\"Bilan sportif\"],\"inLanguage\":\"fr-FR\",\"potentialAction\":[{\"@type\":\"CommentAction\",\"name\":\"Comment\",\"target\":[\"https:\/\/newsestlyonnais.fr\/site\/2022\/12\/29\/khelly-gamra-je-pense-avoir-progresse-dans-le-fait-de-soutenir-des-allures-plus-elevees-plus-longtemps\/#respond\"]}]},{\"@type\":\"WebPage\",\"@id\":\"https:\/\/newsestlyonnais.fr\/site\/2022\/12\/29\/khelly-gamra-je-pense-avoir-progresse-dans-le-fait-de-soutenir-des-allures-plus-elevees-plus-longtemps\/\",\"url\":\"https:\/\/newsestlyonnais.fr\/site\/2022\/12\/29\/khelly-gamra-je-pense-avoir-progresse-dans-le-fait-de-soutenir-des-allures-plus-elevees-plus-longtemps\/\",\"name\":\"Khelly Gamra \\\" je pense avoir progress\u00e9 dans le fait de soutenir des allures plus \u00e9lev\u00e9es plus longtemps \\\" - News Est Lyonnais\",\"isPartOf\":{\"@id\":\"https:\/\/newsestlyonnais.fr\/site\/#website\"},\"primaryImageOfPage\":{\"@id\":\"https:\/\/newsestlyonnais.fr\/site\/2022\/12\/29\/khelly-gamra-je-pense-avoir-progresse-dans-le-fait-de-soutenir-des-allures-plus-elevees-plus-longtemps\/#primaryimage\"},\"image\":{\"@id\":\"https:\/\/newsestlyonnais.fr\/site\/2022\/12\/29\/khelly-gamra-je-pense-avoir-progresse-dans-le-fait-de-soutenir-des-allures-plus-elevees-plus-longtemps\/#primaryimage\"},\"thumbnailUrl\":\"https:\/\/newsestlyonnais.fr\/site\/wp-content\/uploads\/2022\/12\/cid_E7EB6B0D-EFF1-4CFF-9699-9308CE6E830B-L0-001.jpg\",\"datePublished\":\"2022-12-29T07:16:27+00:00\",\"dateModified\":\"2022-12-29T07:40:36+00:00\",\"description\":\"Khelly Gamra \\\" je pense avoir progress\u00e9 dans le fait de soutenir des allures plus \u00e9lev\u00e9es plus longtemps \\\"\",\"breadcrumb\":{\"@id\":\"https:\/\/newsestlyonnais.fr\/site\/2022\/12\/29\/khelly-gamra-je-pense-avoir-progresse-dans-le-fait-de-soutenir-des-allures-plus-elevees-plus-longtemps\/#breadcrumb\"},\"inLanguage\":\"fr-FR\",\"potentialAction\":[{\"@type\":\"ReadAction\",\"target\":[\"https:\/\/newsestlyonnais.fr\/site\/2022\/12\/29\/khelly-gamra-je-pense-avoir-progresse-dans-le-fait-de-soutenir-des-allures-plus-elevees-plus-longtemps\/\"]}]},{\"@type\":\"ImageObject\",\"inLanguage\":\"fr-FR\",\"@id\":\"https:\/\/newsestlyonnais.fr\/site\/2022\/12\/29\/khelly-gamra-je-pense-avoir-progresse-dans-le-fait-de-soutenir-des-allures-plus-elevees-plus-longtemps\/#primaryimage\",\"url\":\"https:\/\/newsestlyonnais.fr\/site\/wp-content\/uploads\/2022\/12\/cid_E7EB6B0D-EFF1-4CFF-9699-9308CE6E830B-L0-001.jpg\",\"contentUrl\":\"https:\/\/newsestlyonnais.fr\/site\/wp-content\/uploads\/2022\/12\/cid_E7EB6B0D-EFF1-4CFF-9699-9308CE6E830B-L0-001.jpg\",\"width\":744,\"height\":611},{\"@type\":\"BreadcrumbList\",\"@id\":\"https:\/\/newsestlyonnais.fr\/site\/2022\/12\/29\/khelly-gamra-je-pense-avoir-progresse-dans-le-fait-de-soutenir-des-allures-plus-elevees-plus-longtemps\/#breadcrumb\",\"itemListElement\":[{\"@type\":\"ListItem\",\"position\":1,\"name\":\"Accueil\",\"item\":\"https:\/\/newsestlyonnais.fr\/site\/\"},{\"@type\":\"ListItem\",\"position\":2,\"name\":\"Khelly Gamra \u00a0\u00bb je pense avoir progress\u00e9 dans le fait de soutenir des allures plus \u00e9lev\u00e9es plus longtemps \u00ab\u00a0\"}]},{\"@type\":\"WebSite\",\"@id\":\"https:\/\/newsestlyonnais.fr\/site\/#website\",\"url\":\"https:\/\/newsestlyonnais.fr\/site\/\",\"name\":\"News Est Lyonnais\",\"description\":\"L&#039;actualit\u00e9 au plus pr\u00e8s\",\"publisher\":{\"@id\":\"https:\/\/newsestlyonnais.fr\/site\/#organization\"},\"potentialAction\":[{\"@type\":\"SearchAction\",\"target\":{\"@type\":\"EntryPoint\",\"urlTemplate\":\"https:\/\/newsestlyonnais.fr\/site\/?s={search_term_string}\"},\"query-input\":{\"@type\":\"PropertyValueSpecification\",\"valueRequired\":true,\"valueName\":\"search_term_string\"}}],\"inLanguage\":\"fr-FR\"},{\"@type\":\"Organization\",\"@id\":\"https:\/\/newsestlyonnais.fr\/site\/#organization\",\"name\":\"News EST LYONNAIS\",\"url\":\"https:\/\/newsestlyonnais.fr\/site\/\",\"logo\":{\"@type\":\"ImageObject\",\"inLanguage\":\"fr-FR\",\"@id\":\"https:\/\/newsestlyonnais.fr\/site\/#\/schema\/logo\/image\/\",\"url\":\"\",\"contentUrl\":\"\",\"caption\":\"News EST LYONNAIS\"},\"image\":{\"@id\":\"https:\/\/newsestlyonnais.fr\/site\/#\/schema\/logo\/image\/\"}},{\"@type\":\"Person\",\"@id\":\"https:\/\/newsestlyonnais.fr\/site\/#\/schema\/person\/3230d5615f390bb808365d673001e887\",\"name\":\"R\u00e9dac. NEWS\",\"sameAs\":[\"http:\/\/www.newsestlyonnais.fr\",\"https:\/\/www.facebook.com\/pascal.oberson.1?fref=ts\",\"https:\/\/fr.linkedin.com\/in\/pascal-oberson-b17045113\"],\"url\":\"https:\/\/newsestlyonnais.fr\/site\/author\/nel\/\"}]}<\/script>\n<!-- \/ Yoast SEO plugin. -->","yoast_head_json":{"title":"Khelly Gamra \" je pense avoir progress\u00e9 dans le fait de soutenir des allures plus \u00e9lev\u00e9es plus longtemps \" - News Est Lyonnais","description":"Khelly Gamra \" je pense avoir progress\u00e9 dans le fait de soutenir des allures plus \u00e9lev\u00e9es plus longtemps \"","robots":{"index":"index","follow":"follow","max-snippet":"max-snippet:-1","max-image-preview":"max-image-preview:large","max-video-preview":"max-video-preview:-1"},"canonical":"https:\/\/newsestlyonnais.fr\/site\/2022\/12\/29\/khelly-gamra-je-pense-avoir-progresse-dans-le-fait-de-soutenir-des-allures-plus-elevees-plus-longtemps\/","og_locale":"fr_FR","og_type":"article","og_title":"Khelly Gamra \" je pense avoir progress\u00e9 dans le fait de soutenir des allures plus \u00e9lev\u00e9es plus longtemps \" - News Est Lyonnais","og_description":"Khelly Gamra \" je pense avoir progress\u00e9 dans le fait de soutenir des allures plus \u00e9lev\u00e9es plus longtemps \"","og_url":"https:\/\/newsestlyonnais.fr\/site\/2022\/12\/29\/khelly-gamra-je-pense-avoir-progresse-dans-le-fait-de-soutenir-des-allures-plus-elevees-plus-longtemps\/","og_site_name":"News Est Lyonnais","article_author":"https:\/\/www.facebook.com\/pascal.oberson.1?fref=ts","article_published_time":"2022-12-29T07:16:27+00:00","article_modified_time":"2022-12-29T07:40:36+00:00","og_image":[{"width":744,"height":611,"url":"https:\/\/newsestlyonnais.fr\/site\/wp-content\/uploads\/2022\/12\/cid_E7EB6B0D-EFF1-4CFF-9699-9308CE6E830B-L0-001.jpg","type":"image\/jpeg"}],"author":"R\u00e9dac. NEWS","twitter_card":"summary_large_image","twitter_misc":{"\u00c9crit par":"R\u00e9dac. NEWS","Dur\u00e9e de lecture estim\u00e9e":"2 minutes"},"schema":{"@context":"https:\/\/schema.org","@graph":[{"@type":"Article","@id":"https:\/\/newsestlyonnais.fr\/site\/2022\/12\/29\/khelly-gamra-je-pense-avoir-progresse-dans-le-fait-de-soutenir-des-allures-plus-elevees-plus-longtemps\/#article","isPartOf":{"@id":"https:\/\/newsestlyonnais.fr\/site\/2022\/12\/29\/khelly-gamra-je-pense-avoir-progresse-dans-le-fait-de-soutenir-des-allures-plus-elevees-plus-longtemps\/"},"author":{"name":"R\u00e9dac. NEWS","@id":"https:\/\/newsestlyonnais.fr\/site\/#\/schema\/person\/3230d5615f390bb808365d673001e887"},"headline":"Khelly Gamra \u00a0\u00bb je pense avoir progress\u00e9 dans le fait de soutenir des allures plus \u00e9lev\u00e9es plus longtemps \u00ab\u00a0","datePublished":"2022-12-29T07:16:27+00:00","dateModified":"2022-12-29T07:40:36+00:00","mainEntityOfPage":{"@id":"https:\/\/newsestlyonnais.fr\/site\/2022\/12\/29\/khelly-gamra-je-pense-avoir-progresse-dans-le-fait-de-soutenir-des-allures-plus-elevees-plus-longtemps\/"},"wordCount":292,"commentCount":0,"publisher":{"@id":"https:\/\/newsestlyonnais.fr\/site\/#organization"},"image":{"@id":"https:\/\/newsestlyonnais.fr\/site\/2022\/12\/29\/khelly-gamra-je-pense-avoir-progresse-dans-le-fait-de-soutenir-des-allures-plus-elevees-plus-longtemps\/#primaryimage"},"thumbnailUrl":"https:\/\/newsestlyonnais.fr\/site\/wp-content\/uploads\/2022\/12\/cid_E7EB6B0D-EFF1-4CFF-9699-9308CE6E830B-L0-001.jpg","keywords":["BILAN","ESL Pierre-B\u00e9nite","khelly Gamra"],"articleSection":["Athl\u00e9 | Course pied | Marche","Bilan sportif"],"inLanguage":"fr-FR","potentialAction":[{"@type":"CommentAction","name":"Comment","target":["https:\/\/newsestlyonnais.fr\/site\/2022\/12\/29\/khelly-gamra-je-pense-avoir-progresse-dans-le-fait-de-soutenir-des-allures-plus-elevees-plus-longtemps\/#respond"]}]},{"@type":"WebPage","@id":"https:\/\/newsestlyonnais.fr\/site\/2022\/12\/29\/khelly-gamra-je-pense-avoir-progresse-dans-le-fait-de-soutenir-des-allures-plus-elevees-plus-longtemps\/","url":"https:\/\/newsestlyonnais.fr\/site\/2022\/12\/29\/khelly-gamra-je-pense-avoir-progresse-dans-le-fait-de-soutenir-des-allures-plus-elevees-plus-longtemps\/","name":"Khelly Gamra \" je pense avoir progress\u00e9 dans le fait de soutenir des allures plus \u00e9lev\u00e9es plus longtemps \" - News Est Lyonnais","isPartOf":{"@id":"https:\/\/newsestlyonnais.fr\/site\/#website"},"primaryImageOfPage":{"@id":"https:\/\/newsestlyonnais.fr\/site\/2022\/12\/29\/khelly-gamra-je-pense-avoir-progresse-dans-le-fait-de-soutenir-des-allures-plus-elevees-plus-longtemps\/#primaryimage"},"image":{"@id":"https:\/\/newsestlyonnais.fr\/site\/2022\/12\/29\/khelly-gamra-je-pense-avoir-progresse-dans-le-fait-de-soutenir-des-allures-plus-elevees-plus-longtemps\/#primaryimage"},"thumbnailUrl":"https:\/\/newsestlyonnais.fr\/site\/wp-content\/uploads\/2022\/12\/cid_E7EB6B0D-EFF1-4CFF-9699-9308CE6E830B-L0-001.jpg","datePublished":"2022-12-29T07:16:27+00:00","dateModified":"2022-12-29T07:40:36+00:00","description":"Khelly Gamra \" je pense avoir progress\u00e9 dans le fait de soutenir des allures plus \u00e9lev\u00e9es plus longtemps \"","breadcrumb":{"@id":"https:\/\/newsestlyonnais.fr\/site\/2022\/12\/29\/khelly-gamra-je-pense-avoir-progresse-dans-le-fait-de-soutenir-des-allures-plus-elevees-plus-longtemps\/#breadcrumb"},"inLanguage":"fr-FR","potentialAction":[{"@type":"ReadAction","target":["https:\/\/newsestlyonnais.fr\/site\/2022\/12\/29\/khelly-gamra-je-pense-avoir-progresse-dans-le-fait-de-soutenir-des-allures-plus-elevees-plus-longtemps\/"]}]},{"@type":"ImageObject","inLanguage":"fr-FR","@id":"https:\/\/newsestlyonnais.fr\/site\/2022\/12\/29\/khelly-gamra-je-pense-avoir-progresse-dans-le-fait-de-soutenir-des-allures-plus-elevees-plus-longtemps\/#primaryimage","url":"https:\/\/newsestlyonnais.fr\/site\/wp-content\/uploads\/2022\/12\/cid_E7EB6B0D-EFF1-4CFF-9699-9308CE6E830B-L0-001.jpg","contentUrl":"https:\/\/newsestlyonnais.fr\/site\/wp-content\/uploads\/2022\/12\/cid_E7EB6B0D-EFF1-4CFF-9699-9308CE6E830B-L0-001.jpg","width":744,"height":611},{"@type":"BreadcrumbList","@id":"https:\/\/newsestlyonnais.fr\/site\/2022\/12\/29\/khelly-gamra-je-pense-avoir-progresse-dans-le-fait-de-soutenir-des-allures-plus-elevees-plus-longtemps\/#breadcrumb","itemListElement":[{"@type":"ListItem","position":1,"name":"Accueil","item":"https:\/\/newsestlyonnais.fr\/site\/"},{"@type":"ListItem","position":2,"name":"Khelly Gamra \u00a0\u00bb je pense avoir progress\u00e9 dans le fait de soutenir des allures plus \u00e9lev\u00e9es plus longtemps \u00ab\u00a0"}]},{"@type":"WebSite","@id":"https:\/\/newsestlyonnais.fr\/site\/#website","url":"https:\/\/newsestlyonnais.fr\/site\/","name":"News Est Lyonnais","description":"L&#039;actualit\u00e9 au plus pr\u00e8s","publisher":{"@id":"https:\/\/newsestlyonnais.fr\/site\/#organization"},"potentialAction":[{"@type":"SearchAction","target":{"@type":"EntryPoint","urlTemplate":"https:\/\/newsestlyonnais.fr\/site\/?s={search_term_string}"},"query-input":{"@type":"PropertyValueSpecification","valueRequired":true,"valueName":"search_term_string"}}],"inLanguage":"fr-FR"},{"@type":"Organization","@id":"https:\/\/newsestlyonnais.fr\/site\/#organization","name":"News EST LYONNAIS","url":"https:\/\/newsestlyonnais.fr\/site\/","logo":{"@type":"ImageObject","inLanguage":"fr-FR","@id":"https:\/\/newsestlyonnais.fr\/site\/#\/schema\/logo\/image\/","url":"","contentUrl":"","caption":"News EST LYONNAIS"},"image":{"@id":"https:\/\/newsestlyonnais.fr\/site\/#\/schema\/logo\/image\/"}},{"@type":"Person","@id":"https:\/\/newsestlyonnais.fr\/site\/#\/schema\/person\/3230d5615f390bb808365d673001e887","name":"R\u00e9dac. NEWS","sameAs":["http:\/\/www.newsestlyonnais.fr","https:\/\/www.facebook.com\/pascal.oberson.1?fref=ts","https:\/\/fr.linkedin.com\/in\/pascal-oberson-b17045113"],"url":"https:\/\/newsestlyonnais.fr\/site\/author\/nel\/"}]}},"_links":{"self":[{"href":"https:\/\/newsestlyonnais.fr\/site\/wp-json\/wp\/v2\/posts\/172969","targetHints":{"allow":["GET"]}}],"collection":[{"href":"https:\/\/newsestlyonnais.fr\/site\/wp-json\/wp\/v2\/posts"}],"about":[{"href":"https:\/\/newsestlyonnais.fr\/site\/wp-json\/wp\/v2\/types\/post"}],"author":[{"embeddable":true,"href":"https:\/\/newsestlyonnais.fr\/site\/wp-json\/wp\/v2\/users\/4"}],"replies":[{"embeddable":true,"href":"https:\/\/newsestlyonnais.fr\/site\/wp-json\/wp\/v2\/comments?post=172969"}],"version-history":[{"count":0,"href":"https:\/\/newsestlyonnais.fr\/site\/wp-json\/wp\/v2\/posts\/172969\/revisions"}],"wp:featuredmedia":[{"embeddable":true,"href":"https:\/\/newsestlyonnais.fr\/site\/wp-json\/wp\/v2\/media\/172972"}],"wp:attachment":[{"href":"https:\/\/newsestlyonnais.fr\/site\/wp-json\/wp\/v2\/media?parent=172969"}],"wp:term":[{"taxonomy":"category","embeddable":true,"href":"https:\/\/newsestlyonnais.fr\/site\/wp-json\/wp\/v2\/categories?post=172969"},{"taxonomy":"post_tag","embeddable":true,"href":"https:\/\/newsestlyonnais.fr\/site\/wp-json\/wp\/v2\/tags?post=172969"}],"curies":[{"name":"wp","href":"https:\/\/api.w.org\/{rel}","templated":true}]}}