{"id":173116,"date":"2022-12-30T14:03:28","date_gmt":"2022-12-30T13:03:28","guid":{"rendered":"https:\/\/newsestlyonnais.fr\/site\/?p=173116"},"modified":"2022-12-30T14:03:28","modified_gmt":"2022-12-30T13:03:28","slug":"pierre-audin-lannee-2022-a-ete-feerique-et-tous-les-objectifs-ont-donc-ete-atteints","status":"publish","type":"post","link":"https:\/\/newsestlyonnais.fr\/site\/2022\/12\/30\/pierre-audin-lannee-2022-a-ete-feerique-et-tous-les-objectifs-ont-donc-ete-atteints\/","title":{"rendered":"Pierre Audin \u00a0\u00bb l\u2019ann\u00e9e 2022 a \u00e9t\u00e9 f\u00e9\u00e9rique et tous les objectifs ont donc \u00e9t\u00e9 atteints \u00ab\u00a0"},"content":{"rendered":"<p><span style=\"background-color: #000000; color: #ffffff; font-size: 14pt;\"><strong>Commune de r\u00e9sidence et club sportif actuel ?<\/strong><\/span><\/p>\n<p><span id=\"page3R_mcid1\" class=\"markedContent\"><span class=\"tojvnm2t a6sixzi8 abs2jz4q a8s20v7p t1p8iaqh k5wvi7nf q3lfd5jv pk4s997a bipmatt0 cebpdrjk qowsmv63 owwhemhu dp1hu0rb dhp61c6y iyyx5f41\">\u00bb<\/span><\/span> J&rsquo;ai 39 ans, je suis entraineur de triathlon et pr\u00e9parateur physique sports d\u2019endurance. J\u2019habite \u00e0 Lyon 3\u00b0 et je suis <strong>licenci\u00e9 au club de <a href=\"https:\/\/www.saintpriest-triathlon.fr\"><span style=\"color: #0000ff;\">Saint-Priest Triathlon<\/span><\/a><\/strong> <span id=\"page3R_mcid1\" class=\"markedContent\"><span class=\"tojvnm2t a6sixzi8 abs2jz4q a8s20v7p t1p8iaqh k5wvi7nf q3lfd5jv pk4s997a bipmatt0 cebpdrjk qowsmv63 owwhemhu dp1hu0rb dhp61c6y iyyx5f41\">\u00bb.<\/span><\/span><\/p>\n<p><span style=\"background-color: #000000; color: #ffffff; font-size: 14pt;\"><strong>Pr\u00e9sentation sommaire de ton pass\u00e9 sportif et \u00e9ventuel palmar\u00e8s :<\/strong><\/span><\/p>\n<p><span id=\"page3R_mcid1\" class=\"markedContent\"><span class=\"tojvnm2t a6sixzi8 abs2jz4q a8s20v7p t1p8iaqh k5wvi7nf q3lfd5jv pk4s997a bipmatt0 cebpdrjk qowsmv63 owwhemhu dp1hu0rb dhp61c6y iyyx5f41\">\u00bb<\/span><\/span> Apr\u00e8s 15 ans de handball et deux s\u00e9lections en Equipe de France Cadet \u00e0 la fin des ann\u00e9es 90, <strong>je me suis tourn\u00e9 vers la pratique de la course \u00e0 pied et plus particuli\u00e8rement du triathlon depuis 2009<\/strong>, gr\u00e2ce \u00e0 la rencontre d\u2019un entraineur incroyable durant la fin de mes \u00e9tudes au Qu\u00e9bec.<\/p>\n<p>De retour en France j\u2019ai pass\u00e9 mes <strong>dipl\u00f4mes d\u2019Etat et un Master 2 pour devenir \u00e0 mon tour entraineur et pr\u00e9parateur physique<\/strong> <span id=\"page3R_mcid1\" class=\"markedContent\"><span class=\"tojvnm2t a6sixzi8 abs2jz4q a8s20v7p t1p8iaqh k5wvi7nf q3lfd5jv pk4s997a bipmatt0 cebpdrjk qowsmv63 owwhemhu dp1hu0rb dhp61c6y iyyx5f41\">\u00bb.<\/span><\/span><\/p>\n<hr \/>\n<p><span style=\"background-color: #000000; color: #ffffff; font-size: 14pt;\"><strong>Tes points forts et distances pr\u00e9f\u00e9r\u00e9es ?<\/strong><\/span><\/p>\n<p><span id=\"page3R_mcid1\" class=\"markedContent\"><span class=\"tojvnm2t a6sixzi8 abs2jz4q a8s20v7p t1p8iaqh k5wvi7nf q3lfd5jv pk4s997a bipmatt0 cebpdrjk qowsmv63 owwhemhu dp1hu0rb dhp61c6y iyyx5f41\">\u00bb<\/span><\/span> <strong>Je ne pratique aujourd\u2019hui que le triathlon longue distance, entre autres sur format 70.3 et Ironman<\/strong>.<\/p>\n<p>Mon point fort est <strong>ma capacit\u00e9 \u00e0 rester concentr\u00e9 sur mes objectifs de course et \u00e0 \u00eatre patient pour g\u00e9rer au mieux<\/strong> et optimiser les efforts jusqu\u2019\u00e0 la ligne d\u2019arriv\u00e9e <span id=\"page3R_mcid1\" class=\"markedContent\"><span class=\"tojvnm2t a6sixzi8 abs2jz4q a8s20v7p t1p8iaqh k5wvi7nf q3lfd5jv pk4s997a bipmatt0 cebpdrjk qowsmv63 owwhemhu dp1hu0rb dhp61c6y iyyx5f41\">\u00bb.<\/span><\/span><\/p>\n<p><span style=\"background-color: #000000; color: #ffffff; font-size: 14pt;\"><strong>Combien d\u2019heures d\u2019entrainement par semaine, o\u00f9 et coach\u00e9 par qui ?<\/strong><\/span><\/p>\n<p><span id=\"page3R_mcid1\" class=\"markedContent\"><span class=\"tojvnm2t a6sixzi8 abs2jz4q a8s20v7p t1p8iaqh k5wvi7nf q3lfd5jv pk4s997a bipmatt0 cebpdrjk qowsmv63 owwhemhu dp1hu0rb dhp61c6y iyyx5f41\">\u00bb<\/span><\/span> Je m\u2019entraine principalement sur Saint-Priest, Bron et le Parc de Parilly, pour <strong>un volume moyen hebdomadaire de 15 h<\/strong>.<\/p>\n<p>Je suis coach\u00e9 par Christophe Bastie de la structure Multriman sur Saint-Chamond (Loire), et je pars souvent en stage avec son groupe d\u2019athl\u00e8tes professionnels <span id=\"page3R_mcid1\" class=\"markedContent\"><span class=\"tojvnm2t a6sixzi8 abs2jz4q a8s20v7p t1p8iaqh k5wvi7nf q3lfd5jv pk4s997a bipmatt0 cebpdrjk qowsmv63 owwhemhu dp1hu0rb dhp61c6y iyyx5f41\">\u00bb.<\/span><\/span><\/p>\n<hr \/>\n<p><span style=\"background-color: #000000; color: #ffffff; font-size: 14pt;\"><strong>Avant de la d\u00e9tailler, comment qualifierais-tu cette ann\u00e9e 2022 ?<\/strong><\/span><\/p>\n<p><span id=\"page3R_mcid1\" class=\"markedContent\"><span class=\"tojvnm2t a6sixzi8 abs2jz4q a8s20v7p t1p8iaqh k5wvi7nf q3lfd5jv pk4s997a bipmatt0 cebpdrjk qowsmv63 owwhemhu dp1hu0rb dhp61c6y iyyx5f41\">\u00bb<\/span><\/span> <strong>L\u2019ann\u00e9e 2022 a \u00e9t\u00e9 f\u00e9\u00e9rique<\/strong> <span id=\"page3R_mcid1\" class=\"markedContent\"><span class=\"tojvnm2t a6sixzi8 abs2jz4q a8s20v7p t1p8iaqh k5wvi7nf q3lfd5jv pk4s997a bipmatt0 cebpdrjk qowsmv63 owwhemhu dp1hu0rb dhp61c6y iyyx5f41\">\u00bb.<\/span><\/span><\/p>\n<p><span style=\"background-color: #000000; color: #ffffff; font-size: 14pt;\"><strong>Combien de courses as-tu disput\u00e9, tu en as d\u00e9couvert de nouvelles ?<\/strong><\/span><\/p>\n<p><span id=\"page3R_mcid1\" class=\"markedContent\"><span class=\"tojvnm2t a6sixzi8 abs2jz4q a8s20v7p t1p8iaqh k5wvi7nf q3lfd5jv pk4s997a bipmatt0 cebpdrjk qowsmv63 owwhemhu dp1hu0rb dhp61c6y iyyx5f41\">\u00bb<\/span><\/span> <strong>J\u2019ai concouru sur 5 courses au total<\/strong>, <strong>le 70.3 d\u2019Aix-en-Provence<\/strong> que je faisais pour la 7\u00b0fois, <strong>l\u2019Ironman de Francfort<\/strong> support des championnats d\u2019Europe qui a \u00e9t\u00e9 tr\u00e8s formateur, <strong>le 70.3 de Vichy<\/strong> sans la partie natation qui m\u2019a permis d\u2019apprendre \u00e0 g\u00e9rer diff\u00e9remment l\u2019effort, <strong>le triathlon de Saint-Rapha\u00ebl<\/strong> en pr\u00e9paration de la derni\u00e8re course de l\u2019ann\u00e9e : la cerise sur le g\u00e2teau, <strong>les championnats du Monde Ironman 70.3 \u00e0 Saint- Georges<\/strong> (Utah) aux Etats Unis.<\/p>\n<p>La course a \u00e9t\u00e9 magique, dans un cadre absolument somptueux digne des d\u00e9cors de western. Les am\u00e9ricains savent cr\u00e9er l\u2019ambiance et leur organisation est sans faille. <strong>C\u2019est de loin la plus belle course et celle sur laquelle j\u2019ai pris le plus de plaisir !<\/strong> <span id=\"page3R_mcid1\" class=\"markedContent\"><span class=\"tojvnm2t a6sixzi8 abs2jz4q a8s20v7p t1p8iaqh k5wvi7nf q3lfd5jv pk4s997a bipmatt0 cebpdrjk qowsmv63 owwhemhu dp1hu0rb dhp61c6y iyyx5f41\">\u00bb.<\/span><\/span><\/p>\n<hr \/>\n<p><span style=\"font-size: 14pt; background-color: #000000; color: #ffffff;\"><strong>As-tu atteint tes objectifs ?<\/strong><\/span><\/p>\n<p><span id=\"page3R_mcid1\" class=\"markedContent\"><span class=\"tojvnm2t a6sixzi8 abs2jz4q a8s20v7p t1p8iaqh k5wvi7nf q3lfd5jv pk4s997a bipmatt0 cebpdrjk qowsmv63 owwhemhu dp1hu0rb dhp61c6y iyyx5f41\">\u00bb<\/span><\/span> <strong>Les objectifs ont donc \u00e9t\u00e9 atteints<\/strong> avec la qualification et une tr\u00e8s belle place aux championnats du monde <span id=\"page3R_mcid1\" class=\"markedContent\"><span class=\"tojvnm2t a6sixzi8 abs2jz4q a8s20v7p t1p8iaqh k5wvi7nf q3lfd5jv pk4s997a bipmatt0 cebpdrjk qowsmv63 owwhemhu dp1hu0rb dhp61c6y iyyx5f41\">\u00bb.<\/span><\/span><\/p>\n<p><span style=\"background-color: #000000; color: #ffffff; font-size: 14pt;\"><strong>Quel est ton programme pour 2023 ?<\/strong><\/span><\/p>\n<p><span id=\"page3R_mcid1\" class=\"markedContent\"><span class=\"tojvnm2t a6sixzi8 abs2jz4q a8s20v7p t1p8iaqh k5wvi7nf q3lfd5jv pk4s997a bipmatt0 cebpdrjk qowsmv63 owwhemhu dp1hu0rb dhp61c6y iyyx5f41\">\u00bb<\/span><\/span> <strong>Pour 2023, l\u2019objectif est de monter sur le podium sur le triathlon longue distance du Lac des Sapins et <\/strong><strong>de me qualifier de nouveau pour les championnats du monde 70.3 Ironman<\/strong> soit \u00e0 Majorque soit \u00e0 Cascais au Portugal <span id=\"page3R_mcid1\" class=\"markedContent\"><span class=\"tojvnm2t a6sixzi8 abs2jz4q a8s20v7p t1p8iaqh k5wvi7nf q3lfd5jv pk4s997a bipmatt0 cebpdrjk qowsmv63 owwhemhu dp1hu0rb dhp61c6y iyyx5f41\">\u00bb.<\/span><\/span><\/p>\n<p><span style=\"background-color: #000000; color: #ffffff; font-size: 14pt;\"><strong>Et une petite anecdote pour conclure ?<br \/>\n<\/strong><\/span><\/p>\n<p><span id=\"page3R_mcid1\" class=\"markedContent\"><span class=\"tojvnm2t a6sixzi8 abs2jz4q a8s20v7p t1p8iaqh k5wvi7nf q3lfd5jv pk4s997a bipmatt0 cebpdrjk qowsmv63 owwhemhu dp1hu0rb dhp61c6y iyyx5f41\">\u00bb<\/span><\/span> <strong>La cl\u00e9 de la r\u00e9ussite sur le v\u00e9lo en longue distance c\u2019est de manger des Snickers et des fraises tagada !<\/strong> <span id=\"page3R_mcid1\" class=\"markedContent\"><span class=\"tojvnm2t a6sixzi8 abs2jz4q a8s20v7p t1p8iaqh k5wvi7nf q3lfd5jv pk4s997a bipmatt0 cebpdrjk qowsmv63 owwhemhu dp1hu0rb dhp61c6y iyyx5f41\">\u00bb<\/span><\/span><\/p>\n<hr \/>\n<div id='gallery-1' class='gallery galleryid-173116 gallery-columns-3 gallery-size-thumbnail'><figure class='gallery-item'>\n\t\t\t<div class='gallery-icon portrait'>\n\t\t\t\t<a href='https:\/\/newsestlyonnais.fr\/site\/2022\/12\/30\/pierre-audin-lannee-2022-a-ete-feerique-et-tous-les-objectifs-ont-donc-ete-atteints\/received_747508046610303\/'><img loading=\"lazy\" decoding=\"async\" width=\"112\" height=\"150\" src=\"https:\/\/newsestlyonnais.fr\/site\/wp-content\/uploads\/2022\/12\/received_747508046610303-250x334.jpeg\" class=\"attachment-thumbnail size-thumbnail\" alt=\"\" srcset=\"https:\/\/newsestlyonnais.fr\/site\/wp-content\/uploads\/2022\/12\/received_747508046610303-250x334.jpeg 250w, https:\/\/newsestlyonnais.fr\/site\/wp-content\/uploads\/2022\/12\/received_747508046610303-400x535.jpeg 400w, https:\/\/newsestlyonnais.fr\/site\/wp-content\/uploads\/2022\/12\/received_747508046610303-650x869.jpeg 650w, https:\/\/newsestlyonnais.fr\/site\/wp-content\/uploads\/2022\/12\/received_747508046610303-768x1026.jpeg 768w, https:\/\/newsestlyonnais.fr\/site\/wp-content\/uploads\/2022\/12\/received_747508046610303-150x200.jpeg 150w, https:\/\/newsestlyonnais.fr\/site\/wp-content\/uploads\/2022\/12\/received_747508046610303-50x67.jpeg 50w, https:\/\/newsestlyonnais.fr\/site\/wp-content\/uploads\/2022\/12\/received_747508046610303-100x134.jpeg 100w, https:\/\/newsestlyonnais.fr\/site\/wp-content\/uploads\/2022\/12\/received_747508046610303-200x267.jpeg 200w, https:\/\/newsestlyonnais.fr\/site\/wp-content\/uploads\/2022\/12\/received_747508046610303-300x401.jpeg 300w, https:\/\/newsestlyonnais.fr\/site\/wp-content\/uploads\/2022\/12\/received_747508046610303-350x468.jpeg 350w, https:\/\/newsestlyonnais.fr\/site\/wp-content\/uploads\/2022\/12\/received_747508046610303-450x601.jpeg 450w, https:\/\/newsestlyonnais.fr\/site\/wp-content\/uploads\/2022\/12\/received_747508046610303-500x668.jpeg 500w, https:\/\/newsestlyonnais.fr\/site\/wp-content\/uploads\/2022\/12\/received_747508046610303-550x735.jpeg 550w, https:\/\/newsestlyonnais.fr\/site\/wp-content\/uploads\/2022\/12\/received_747508046610303-800x1069.jpeg 800w, https:\/\/newsestlyonnais.fr\/site\/wp-content\/uploads\/2022\/12\/received_747508046610303.jpeg 898w\" sizes=\"auto, (max-width: 112px) 100vw, 112px\" \/><\/a>\n\t\t\t<\/div><\/figure><figure class='gallery-item'>\n\t\t\t<div class='gallery-icon portrait'>\n\t\t\t\t<a href='https:\/\/newsestlyonnais.fr\/site\/2022\/12\/30\/pierre-audin-lannee-2022-a-ete-feerique-et-tous-les-objectifs-ont-donc-ete-atteints\/img-20221029-wa0017\/'><img loading=\"lazy\" decoding=\"async\" width=\"113\" height=\"150\" src=\"https:\/\/newsestlyonnais.fr\/site\/wp-content\/uploads\/2022\/12\/IMG-20221029-WA0017-250x333.jpg\" class=\"attachment-thumbnail size-thumbnail\" alt=\"\" srcset=\"https:\/\/newsestlyonnais.fr\/site\/wp-content\/uploads\/2022\/12\/IMG-20221029-WA0017-250x333.jpg 250w, https:\/\/newsestlyonnais.fr\/site\/wp-content\/uploads\/2022\/12\/IMG-20221029-WA0017-400x533.jpg 400w, https:\/\/newsestlyonnais.fr\/site\/wp-content\/uploads\/2022\/12\/IMG-20221029-WA0017-650x867.jpg 650w, https:\/\/newsestlyonnais.fr\/site\/wp-content\/uploads\/2022\/12\/IMG-20221029-WA0017-150x200.jpg 150w, https:\/\/newsestlyonnais.fr\/site\/wp-content\/uploads\/2022\/12\/IMG-20221029-WA0017-50x67.jpg 50w, https:\/\/newsestlyonnais.fr\/site\/wp-content\/uploads\/2022\/12\/IMG-20221029-WA0017-100x133.jpg 100w, https:\/\/newsestlyonnais.fr\/site\/wp-content\/uploads\/2022\/12\/IMG-20221029-WA0017-200x267.jpg 200w, https:\/\/newsestlyonnais.fr\/site\/wp-content\/uploads\/2022\/12\/IMG-20221029-WA0017-300x400.jpg 300w, https:\/\/newsestlyonnais.fr\/site\/wp-content\/uploads\/2022\/12\/IMG-20221029-WA0017-350x467.jpg 350w, https:\/\/newsestlyonnais.fr\/site\/wp-content\/uploads\/2022\/12\/IMG-20221029-WA0017-450x600.jpg 450w, https:\/\/newsestlyonnais.fr\/site\/wp-content\/uploads\/2022\/12\/IMG-20221029-WA0017-500x667.jpg 500w, https:\/\/newsestlyonnais.fr\/site\/wp-content\/uploads\/2022\/12\/IMG-20221029-WA0017-550x733.jpg 550w, https:\/\/newsestlyonnais.fr\/site\/wp-content\/uploads\/2022\/12\/IMG-20221029-WA0017.jpg 768w\" sizes=\"auto, (max-width: 113px) 100vw, 113px\" \/><\/a>\n\t\t\t<\/div><\/figure><figure class='gallery-item'>\n\t\t\t<div class='gallery-icon portrait'>\n\t\t\t\t<a href='https:\/\/newsestlyonnais.fr\/site\/2022\/12\/30\/pierre-audin-lannee-2022-a-ete-feerique-et-tous-les-objectifs-ont-donc-ete-atteints\/img-20221029-wa0034\/'><img loading=\"lazy\" decoding=\"async\" width=\"113\" height=\"150\" src=\"https:\/\/newsestlyonnais.fr\/site\/wp-content\/uploads\/2022\/12\/IMG-20221029-WA0034-250x333.jpg\" class=\"attachment-thumbnail size-thumbnail\" alt=\"\" srcset=\"https:\/\/newsestlyonnais.fr\/site\/wp-content\/uploads\/2022\/12\/IMG-20221029-WA0034-250x333.jpg 250w, https:\/\/newsestlyonnais.fr\/site\/wp-content\/uploads\/2022\/12\/IMG-20221029-WA0034-400x533.jpg 400w, https:\/\/newsestlyonnais.fr\/site\/wp-content\/uploads\/2022\/12\/IMG-20221029-WA0034-650x867.jpg 650w, https:\/\/newsestlyonnais.fr\/site\/wp-content\/uploads\/2022\/12\/IMG-20221029-WA0034-150x200.jpg 150w, https:\/\/newsestlyonnais.fr\/site\/wp-content\/uploads\/2022\/12\/IMG-20221029-WA0034-50x67.jpg 50w, https:\/\/newsestlyonnais.fr\/site\/wp-content\/uploads\/2022\/12\/IMG-20221029-WA0034-100x133.jpg 100w, https:\/\/newsestlyonnais.fr\/site\/wp-content\/uploads\/2022\/12\/IMG-20221029-WA0034-200x267.jpg 200w, https:\/\/newsestlyonnais.fr\/site\/wp-content\/uploads\/2022\/12\/IMG-20221029-WA0034-300x400.jpg 300w, https:\/\/newsestlyonnais.fr\/site\/wp-content\/uploads\/2022\/12\/IMG-20221029-WA0034-350x467.jpg 350w, https:\/\/newsestlyonnais.fr\/site\/wp-content\/uploads\/2022\/12\/IMG-20221029-WA0034-450x600.jpg 450w, https:\/\/newsestlyonnais.fr\/site\/wp-content\/uploads\/2022\/12\/IMG-20221029-WA0034-500x667.jpg 500w, https:\/\/newsestlyonnais.fr\/site\/wp-content\/uploads\/2022\/12\/IMG-20221029-WA0034-550x733.jpg 550w, https:\/\/newsestlyonnais.fr\/site\/wp-content\/uploads\/2022\/12\/IMG-20221029-WA0034.jpg 768w\" sizes=\"auto, (max-width: 113px) 100vw, 113px\" \/><\/a>\n\t\t\t<\/div><\/figure>\n\t\t<\/div>\n\n<hr \/>\n<p><span style=\"background-color: #000000;\"><span style=\"color: #ffffff; font-size: 14pt;\"><strong>Prochain bilan <\/strong><\/span><strong><span style=\"color: #ffffff;\">&gt;&gt; <\/span><span style=\"color: #ffcc00;\">S\u00e9bastien Cimino <\/span><\/strong><span style=\"color: #ffcc00;\">(Course \u00e0 pied)<\/span><\/span><\/p>\n","protected":false},"excerpt":{"rendered":"<p>Le licenci\u00e9 de Saint-Priest Triathlon a disput\u00e9 5 \u00e9preuves au cours d&rsquo;une saison conclue par une participation aux championnats du Monde Ironman 70.3. <\/p>\n","protected":false},"author":4,"featured_media":173134,"comment_status":"open","ping_status":"open","sticky":false,"template":"","format":"standard","meta":{"footnotes":""},"categories":[4508,2988,1296,2990],"tags":[3469,4545,2893,2528],"class_list":["post-173116","post","type-post","status-publish","format-standard","has-post-thumbnail","hentry","category-bilan-sportif","category-natation-triathlon","category-sain-priest","category-triathlon","tag-bilan","tag-pierre-audin","tag-saint-priest-triathlon","tag-triathlon"],"yoast_head":"<!-- This site is optimized with the Yoast SEO plugin v27.2 - https:\/\/yoast.com\/product\/yoast-seo-wordpress\/ -->\n<title>Pierre Audin &quot; l\u2019ann\u00e9e 2022 a \u00e9t\u00e9 f\u00e9\u00e9rique et tous les objectifs ont donc \u00e9t\u00e9 atteints &quot; - News Est Lyonnais<\/title>\n<meta name=\"description\" content=\"Pierre Audin &quot; l\u2019ann\u00e9e 2022 a \u00e9t\u00e9 f\u00e9\u00e9rique et tous les objectifs ont donc \u00e9t\u00e9 atteints &quot;\" \/>\n<meta name=\"robots\" content=\"index, follow, max-snippet:-1, max-image-preview:large, max-video-preview:-1\" \/>\n<link rel=\"canonical\" href=\"https:\/\/newsestlyonnais.fr\/site\/2022\/12\/30\/pierre-audin-lannee-2022-a-ete-feerique-et-tous-les-objectifs-ont-donc-ete-atteints\/\" \/>\n<meta property=\"og:locale\" content=\"fr_FR\" \/>\n<meta property=\"og:type\" content=\"article\" \/>\n<meta property=\"og:title\" content=\"Pierre Audin &quot; l\u2019ann\u00e9e 2022 a \u00e9t\u00e9 f\u00e9\u00e9rique et tous les objectifs ont donc \u00e9t\u00e9 atteints &quot; - News Est Lyonnais\" \/>\n<meta property=\"og:description\" content=\"Pierre Audin &quot; l\u2019ann\u00e9e 2022 a \u00e9t\u00e9 f\u00e9\u00e9rique et tous les objectifs ont donc \u00e9t\u00e9 atteints &quot;\" \/>\n<meta property=\"og:url\" content=\"https:\/\/newsestlyonnais.fr\/site\/2022\/12\/30\/pierre-audin-lannee-2022-a-ete-feerique-et-tous-les-objectifs-ont-donc-ete-atteints\/\" \/>\n<meta property=\"og:site_name\" content=\"News Est Lyonnais\" \/>\n<meta property=\"article:author\" content=\"https:\/\/www.facebook.com\/pascal.oberson.1?fref=ts\" \/>\n<meta property=\"article:published_time\" content=\"2022-12-30T13:03:28+00:00\" \/>\n<meta property=\"og:image\" content=\"https:\/\/newsestlyonnais.fr\/site\/wp-content\/uploads\/2022\/12\/IMG-20221028-WA0012.jpg\" \/>\n\t<meta property=\"og:image:width\" content=\"900\" \/>\n\t<meta property=\"og:image:height\" content=\"617\" \/>\n\t<meta property=\"og:image:type\" content=\"image\/jpeg\" \/>\n<meta name=\"author\" content=\"R\u00e9dac. NEWS\" \/>\n<meta name=\"twitter:card\" content=\"summary_large_image\" \/>\n<meta name=\"twitter:label1\" content=\"\u00c9crit par\" \/>\n\t<meta name=\"twitter:data1\" content=\"R\u00e9dac. NEWS\" \/>\n\t<meta name=\"twitter:label2\" content=\"Dur\u00e9e de lecture estim\u00e9e\" \/>\n\t<meta name=\"twitter:data2\" content=\"3 minutes\" \/>\n<script type=\"application\/ld+json\" class=\"yoast-schema-graph\">{\"@context\":\"https:\/\/schema.org\",\"@graph\":[{\"@type\":\"Article\",\"@id\":\"https:\/\/newsestlyonnais.fr\/site\/2022\/12\/30\/pierre-audin-lannee-2022-a-ete-feerique-et-tous-les-objectifs-ont-donc-ete-atteints\/#article\",\"isPartOf\":{\"@id\":\"https:\/\/newsestlyonnais.fr\/site\/2022\/12\/30\/pierre-audin-lannee-2022-a-ete-feerique-et-tous-les-objectifs-ont-donc-ete-atteints\/\"},\"author\":{\"name\":\"R\u00e9dac. NEWS\",\"@id\":\"https:\/\/newsestlyonnais.fr\/site\/#\/schema\/person\/3230d5615f390bb808365d673001e887\"},\"headline\":\"Pierre Audin \u00a0\u00bb l\u2019ann\u00e9e 2022 a \u00e9t\u00e9 f\u00e9\u00e9rique et tous les objectifs ont donc \u00e9t\u00e9 atteints \u00ab\u00a0\",\"datePublished\":\"2022-12-30T13:03:28+00:00\",\"mainEntityOfPage\":{\"@id\":\"https:\/\/newsestlyonnais.fr\/site\/2022\/12\/30\/pierre-audin-lannee-2022-a-ete-feerique-et-tous-les-objectifs-ont-donc-ete-atteints\/\"},\"wordCount\":522,\"commentCount\":0,\"publisher\":{\"@id\":\"https:\/\/newsestlyonnais.fr\/site\/#organization\"},\"image\":{\"@id\":\"https:\/\/newsestlyonnais.fr\/site\/2022\/12\/30\/pierre-audin-lannee-2022-a-ete-feerique-et-tous-les-objectifs-ont-donc-ete-atteints\/#primaryimage\"},\"thumbnailUrl\":\"https:\/\/newsestlyonnais.fr\/site\/wp-content\/uploads\/2022\/12\/IMG-20221028-WA0012.jpg\",\"keywords\":[\"BILAN\",\"Pierre Audin\",\"SAINT PRIEST TRIATHLON\",\"TRIATHLON\"],\"articleSection\":[\"Bilan sportif\",\"Natation | Triathlon\",\"Saint-Priest\",\"Triathlon\"],\"inLanguage\":\"fr-FR\",\"potentialAction\":[{\"@type\":\"CommentAction\",\"name\":\"Comment\",\"target\":[\"https:\/\/newsestlyonnais.fr\/site\/2022\/12\/30\/pierre-audin-lannee-2022-a-ete-feerique-et-tous-les-objectifs-ont-donc-ete-atteints\/#respond\"]}]},{\"@type\":\"WebPage\",\"@id\":\"https:\/\/newsestlyonnais.fr\/site\/2022\/12\/30\/pierre-audin-lannee-2022-a-ete-feerique-et-tous-les-objectifs-ont-donc-ete-atteints\/\",\"url\":\"https:\/\/newsestlyonnais.fr\/site\/2022\/12\/30\/pierre-audin-lannee-2022-a-ete-feerique-et-tous-les-objectifs-ont-donc-ete-atteints\/\",\"name\":\"Pierre Audin \\\" l\u2019ann\u00e9e 2022 a \u00e9t\u00e9 f\u00e9\u00e9rique et tous les objectifs ont donc \u00e9t\u00e9 atteints \\\" - News Est Lyonnais\",\"isPartOf\":{\"@id\":\"https:\/\/newsestlyonnais.fr\/site\/#website\"},\"primaryImageOfPage\":{\"@id\":\"https:\/\/newsestlyonnais.fr\/site\/2022\/12\/30\/pierre-audin-lannee-2022-a-ete-feerique-et-tous-les-objectifs-ont-donc-ete-atteints\/#primaryimage\"},\"image\":{\"@id\":\"https:\/\/newsestlyonnais.fr\/site\/2022\/12\/30\/pierre-audin-lannee-2022-a-ete-feerique-et-tous-les-objectifs-ont-donc-ete-atteints\/#primaryimage\"},\"thumbnailUrl\":\"https:\/\/newsestlyonnais.fr\/site\/wp-content\/uploads\/2022\/12\/IMG-20221028-WA0012.jpg\",\"datePublished\":\"2022-12-30T13:03:28+00:00\",\"description\":\"Pierre Audin \\\" l\u2019ann\u00e9e 2022 a \u00e9t\u00e9 f\u00e9\u00e9rique et tous les objectifs ont donc \u00e9t\u00e9 atteints \\\"\",\"breadcrumb\":{\"@id\":\"https:\/\/newsestlyonnais.fr\/site\/2022\/12\/30\/pierre-audin-lannee-2022-a-ete-feerique-et-tous-les-objectifs-ont-donc-ete-atteints\/#breadcrumb\"},\"inLanguage\":\"fr-FR\",\"potentialAction\":[{\"@type\":\"ReadAction\",\"target\":[\"https:\/\/newsestlyonnais.fr\/site\/2022\/12\/30\/pierre-audin-lannee-2022-a-ete-feerique-et-tous-les-objectifs-ont-donc-ete-atteints\/\"]}]},{\"@type\":\"ImageObject\",\"inLanguage\":\"fr-FR\",\"@id\":\"https:\/\/newsestlyonnais.fr\/site\/2022\/12\/30\/pierre-audin-lannee-2022-a-ete-feerique-et-tous-les-objectifs-ont-donc-ete-atteints\/#primaryimage\",\"url\":\"https:\/\/newsestlyonnais.fr\/site\/wp-content\/uploads\/2022\/12\/IMG-20221028-WA0012.jpg\",\"contentUrl\":\"https:\/\/newsestlyonnais.fr\/site\/wp-content\/uploads\/2022\/12\/IMG-20221028-WA0012.jpg\",\"width\":900,\"height\":617},{\"@type\":\"BreadcrumbList\",\"@id\":\"https:\/\/newsestlyonnais.fr\/site\/2022\/12\/30\/pierre-audin-lannee-2022-a-ete-feerique-et-tous-les-objectifs-ont-donc-ete-atteints\/#breadcrumb\",\"itemListElement\":[{\"@type\":\"ListItem\",\"position\":1,\"name\":\"Accueil\",\"item\":\"https:\/\/newsestlyonnais.fr\/site\/\"},{\"@type\":\"ListItem\",\"position\":2,\"name\":\"Pierre Audin \u00a0\u00bb l\u2019ann\u00e9e 2022 a \u00e9t\u00e9 f\u00e9\u00e9rique et tous les objectifs ont donc \u00e9t\u00e9 atteints \u00ab\u00a0\"}]},{\"@type\":\"WebSite\",\"@id\":\"https:\/\/newsestlyonnais.fr\/site\/#website\",\"url\":\"https:\/\/newsestlyonnais.fr\/site\/\",\"name\":\"News Est Lyonnais\",\"description\":\"L&#039;actualit\u00e9 au plus pr\u00e8s\",\"publisher\":{\"@id\":\"https:\/\/newsestlyonnais.fr\/site\/#organization\"},\"potentialAction\":[{\"@type\":\"SearchAction\",\"target\":{\"@type\":\"EntryPoint\",\"urlTemplate\":\"https:\/\/newsestlyonnais.fr\/site\/?s={search_term_string}\"},\"query-input\":{\"@type\":\"PropertyValueSpecification\",\"valueRequired\":true,\"valueName\":\"search_term_string\"}}],\"inLanguage\":\"fr-FR\"},{\"@type\":\"Organization\",\"@id\":\"https:\/\/newsestlyonnais.fr\/site\/#organization\",\"name\":\"News EST LYONNAIS\",\"url\":\"https:\/\/newsestlyonnais.fr\/site\/\",\"logo\":{\"@type\":\"ImageObject\",\"inLanguage\":\"fr-FR\",\"@id\":\"https:\/\/newsestlyonnais.fr\/site\/#\/schema\/logo\/image\/\",\"url\":\"\",\"contentUrl\":\"\",\"caption\":\"News EST LYONNAIS\"},\"image\":{\"@id\":\"https:\/\/newsestlyonnais.fr\/site\/#\/schema\/logo\/image\/\"}},{\"@type\":\"Person\",\"@id\":\"https:\/\/newsestlyonnais.fr\/site\/#\/schema\/person\/3230d5615f390bb808365d673001e887\",\"name\":\"R\u00e9dac. NEWS\",\"sameAs\":[\"http:\/\/www.newsestlyonnais.fr\",\"https:\/\/www.facebook.com\/pascal.oberson.1?fref=ts\",\"https:\/\/fr.linkedin.com\/in\/pascal-oberson-b17045113\"],\"url\":\"https:\/\/newsestlyonnais.fr\/site\/author\/nel\/\"}]}<\/script>\n<!-- \/ Yoast SEO plugin. -->","yoast_head_json":{"title":"Pierre Audin \" l\u2019ann\u00e9e 2022 a \u00e9t\u00e9 f\u00e9\u00e9rique et tous les objectifs ont donc \u00e9t\u00e9 atteints \" - News Est Lyonnais","description":"Pierre Audin \" l\u2019ann\u00e9e 2022 a \u00e9t\u00e9 f\u00e9\u00e9rique et tous les objectifs ont donc \u00e9t\u00e9 atteints \"","robots":{"index":"index","follow":"follow","max-snippet":"max-snippet:-1","max-image-preview":"max-image-preview:large","max-video-preview":"max-video-preview:-1"},"canonical":"https:\/\/newsestlyonnais.fr\/site\/2022\/12\/30\/pierre-audin-lannee-2022-a-ete-feerique-et-tous-les-objectifs-ont-donc-ete-atteints\/","og_locale":"fr_FR","og_type":"article","og_title":"Pierre Audin \" l\u2019ann\u00e9e 2022 a \u00e9t\u00e9 f\u00e9\u00e9rique et tous les objectifs ont donc \u00e9t\u00e9 atteints \" - News Est Lyonnais","og_description":"Pierre Audin \" l\u2019ann\u00e9e 2022 a \u00e9t\u00e9 f\u00e9\u00e9rique et tous les objectifs ont donc \u00e9t\u00e9 atteints \"","og_url":"https:\/\/newsestlyonnais.fr\/site\/2022\/12\/30\/pierre-audin-lannee-2022-a-ete-feerique-et-tous-les-objectifs-ont-donc-ete-atteints\/","og_site_name":"News Est Lyonnais","article_author":"https:\/\/www.facebook.com\/pascal.oberson.1?fref=ts","article_published_time":"2022-12-30T13:03:28+00:00","og_image":[{"width":900,"height":617,"url":"https:\/\/newsestlyonnais.fr\/site\/wp-content\/uploads\/2022\/12\/IMG-20221028-WA0012.jpg","type":"image\/jpeg"}],"author":"R\u00e9dac. NEWS","twitter_card":"summary_large_image","twitter_misc":{"\u00c9crit par":"R\u00e9dac. NEWS","Dur\u00e9e de lecture estim\u00e9e":"3 minutes"},"schema":{"@context":"https:\/\/schema.org","@graph":[{"@type":"Article","@id":"https:\/\/newsestlyonnais.fr\/site\/2022\/12\/30\/pierre-audin-lannee-2022-a-ete-feerique-et-tous-les-objectifs-ont-donc-ete-atteints\/#article","isPartOf":{"@id":"https:\/\/newsestlyonnais.fr\/site\/2022\/12\/30\/pierre-audin-lannee-2022-a-ete-feerique-et-tous-les-objectifs-ont-donc-ete-atteints\/"},"author":{"name":"R\u00e9dac. NEWS","@id":"https:\/\/newsestlyonnais.fr\/site\/#\/schema\/person\/3230d5615f390bb808365d673001e887"},"headline":"Pierre Audin \u00a0\u00bb l\u2019ann\u00e9e 2022 a \u00e9t\u00e9 f\u00e9\u00e9rique et tous les objectifs ont donc \u00e9t\u00e9 atteints \u00ab\u00a0","datePublished":"2022-12-30T13:03:28+00:00","mainEntityOfPage":{"@id":"https:\/\/newsestlyonnais.fr\/site\/2022\/12\/30\/pierre-audin-lannee-2022-a-ete-feerique-et-tous-les-objectifs-ont-donc-ete-atteints\/"},"wordCount":522,"commentCount":0,"publisher":{"@id":"https:\/\/newsestlyonnais.fr\/site\/#organization"},"image":{"@id":"https:\/\/newsestlyonnais.fr\/site\/2022\/12\/30\/pierre-audin-lannee-2022-a-ete-feerique-et-tous-les-objectifs-ont-donc-ete-atteints\/#primaryimage"},"thumbnailUrl":"https:\/\/newsestlyonnais.fr\/site\/wp-content\/uploads\/2022\/12\/IMG-20221028-WA0012.jpg","keywords":["BILAN","Pierre Audin","SAINT PRIEST TRIATHLON","TRIATHLON"],"articleSection":["Bilan sportif","Natation | Triathlon","Saint-Priest","Triathlon"],"inLanguage":"fr-FR","potentialAction":[{"@type":"CommentAction","name":"Comment","target":["https:\/\/newsestlyonnais.fr\/site\/2022\/12\/30\/pierre-audin-lannee-2022-a-ete-feerique-et-tous-les-objectifs-ont-donc-ete-atteints\/#respond"]}]},{"@type":"WebPage","@id":"https:\/\/newsestlyonnais.fr\/site\/2022\/12\/30\/pierre-audin-lannee-2022-a-ete-feerique-et-tous-les-objectifs-ont-donc-ete-atteints\/","url":"https:\/\/newsestlyonnais.fr\/site\/2022\/12\/30\/pierre-audin-lannee-2022-a-ete-feerique-et-tous-les-objectifs-ont-donc-ete-atteints\/","name":"Pierre Audin \" l\u2019ann\u00e9e 2022 a \u00e9t\u00e9 f\u00e9\u00e9rique et tous les objectifs ont donc \u00e9t\u00e9 atteints \" - News Est Lyonnais","isPartOf":{"@id":"https:\/\/newsestlyonnais.fr\/site\/#website"},"primaryImageOfPage":{"@id":"https:\/\/newsestlyonnais.fr\/site\/2022\/12\/30\/pierre-audin-lannee-2022-a-ete-feerique-et-tous-les-objectifs-ont-donc-ete-atteints\/#primaryimage"},"image":{"@id":"https:\/\/newsestlyonnais.fr\/site\/2022\/12\/30\/pierre-audin-lannee-2022-a-ete-feerique-et-tous-les-objectifs-ont-donc-ete-atteints\/#primaryimage"},"thumbnailUrl":"https:\/\/newsestlyonnais.fr\/site\/wp-content\/uploads\/2022\/12\/IMG-20221028-WA0012.jpg","datePublished":"2022-12-30T13:03:28+00:00","description":"Pierre Audin \" l\u2019ann\u00e9e 2022 a \u00e9t\u00e9 f\u00e9\u00e9rique et tous les objectifs ont donc \u00e9t\u00e9 atteints \"","breadcrumb":{"@id":"https:\/\/newsestlyonnais.fr\/site\/2022\/12\/30\/pierre-audin-lannee-2022-a-ete-feerique-et-tous-les-objectifs-ont-donc-ete-atteints\/#breadcrumb"},"inLanguage":"fr-FR","potentialAction":[{"@type":"ReadAction","target":["https:\/\/newsestlyonnais.fr\/site\/2022\/12\/30\/pierre-audin-lannee-2022-a-ete-feerique-et-tous-les-objectifs-ont-donc-ete-atteints\/"]}]},{"@type":"ImageObject","inLanguage":"fr-FR","@id":"https:\/\/newsestlyonnais.fr\/site\/2022\/12\/30\/pierre-audin-lannee-2022-a-ete-feerique-et-tous-les-objectifs-ont-donc-ete-atteints\/#primaryimage","url":"https:\/\/newsestlyonnais.fr\/site\/wp-content\/uploads\/2022\/12\/IMG-20221028-WA0012.jpg","contentUrl":"https:\/\/newsestlyonnais.fr\/site\/wp-content\/uploads\/2022\/12\/IMG-20221028-WA0012.jpg","width":900,"height":617},{"@type":"BreadcrumbList","@id":"https:\/\/newsestlyonnais.fr\/site\/2022\/12\/30\/pierre-audin-lannee-2022-a-ete-feerique-et-tous-les-objectifs-ont-donc-ete-atteints\/#breadcrumb","itemListElement":[{"@type":"ListItem","position":1,"name":"Accueil","item":"https:\/\/newsestlyonnais.fr\/site\/"},{"@type":"ListItem","position":2,"name":"Pierre Audin \u00a0\u00bb l\u2019ann\u00e9e 2022 a \u00e9t\u00e9 f\u00e9\u00e9rique et tous les objectifs ont donc \u00e9t\u00e9 atteints \u00ab\u00a0"}]},{"@type":"WebSite","@id":"https:\/\/newsestlyonnais.fr\/site\/#website","url":"https:\/\/newsestlyonnais.fr\/site\/","name":"News Est Lyonnais","description":"L&#039;actualit\u00e9 au plus pr\u00e8s","publisher":{"@id":"https:\/\/newsestlyonnais.fr\/site\/#organization"},"potentialAction":[{"@type":"SearchAction","target":{"@type":"EntryPoint","urlTemplate":"https:\/\/newsestlyonnais.fr\/site\/?s={search_term_string}"},"query-input":{"@type":"PropertyValueSpecification","valueRequired":true,"valueName":"search_term_string"}}],"inLanguage":"fr-FR"},{"@type":"Organization","@id":"https:\/\/newsestlyonnais.fr\/site\/#organization","name":"News EST LYONNAIS","url":"https:\/\/newsestlyonnais.fr\/site\/","logo":{"@type":"ImageObject","inLanguage":"fr-FR","@id":"https:\/\/newsestlyonnais.fr\/site\/#\/schema\/logo\/image\/","url":"","contentUrl":"","caption":"News EST LYONNAIS"},"image":{"@id":"https:\/\/newsestlyonnais.fr\/site\/#\/schema\/logo\/image\/"}},{"@type":"Person","@id":"https:\/\/newsestlyonnais.fr\/site\/#\/schema\/person\/3230d5615f390bb808365d673001e887","name":"R\u00e9dac. NEWS","sameAs":["http:\/\/www.newsestlyonnais.fr","https:\/\/www.facebook.com\/pascal.oberson.1?fref=ts","https:\/\/fr.linkedin.com\/in\/pascal-oberson-b17045113"],"url":"https:\/\/newsestlyonnais.fr\/site\/author\/nel\/"}]}},"_links":{"self":[{"href":"https:\/\/newsestlyonnais.fr\/site\/wp-json\/wp\/v2\/posts\/173116","targetHints":{"allow":["GET"]}}],"collection":[{"href":"https:\/\/newsestlyonnais.fr\/site\/wp-json\/wp\/v2\/posts"}],"about":[{"href":"https:\/\/newsestlyonnais.fr\/site\/wp-json\/wp\/v2\/types\/post"}],"author":[{"embeddable":true,"href":"https:\/\/newsestlyonnais.fr\/site\/wp-json\/wp\/v2\/users\/4"}],"replies":[{"embeddable":true,"href":"https:\/\/newsestlyonnais.fr\/site\/wp-json\/wp\/v2\/comments?post=173116"}],"version-history":[{"count":0,"href":"https:\/\/newsestlyonnais.fr\/site\/wp-json\/wp\/v2\/posts\/173116\/revisions"}],"wp:featuredmedia":[{"embeddable":true,"href":"https:\/\/newsestlyonnais.fr\/site\/wp-json\/wp\/v2\/media\/173134"}],"wp:attachment":[{"href":"https:\/\/newsestlyonnais.fr\/site\/wp-json\/wp\/v2\/media?parent=173116"}],"wp:term":[{"taxonomy":"category","embeddable":true,"href":"https:\/\/newsestlyonnais.fr\/site\/wp-json\/wp\/v2\/categories?post=173116"},{"taxonomy":"post_tag","embeddable":true,"href":"https:\/\/newsestlyonnais.fr\/site\/wp-json\/wp\/v2\/tags?post=173116"}],"curies":[{"name":"wp","href":"https:\/\/api.w.org\/{rel}","templated":true}]}}