{"id":173324,"date":"2023-01-02T11:03:54","date_gmt":"2023-01-02T10:03:54","guid":{"rendered":"https:\/\/newsestlyonnais.fr\/site\/?p=173324"},"modified":"2024-01-30T13:50:19","modified_gmt":"2024-01-30T12:50:19","slug":"juliette-cinato-une-saison-sans-enjeu-majeur-est-toujours-un-peu-plus-difficile-a-gerer","status":"publish","type":"post","link":"https:\/\/newsestlyonnais.fr\/site\/2023\/01\/02\/juliette-cinato-une-saison-sans-enjeu-majeur-est-toujours-un-peu-plus-difficile-a-gerer\/","title":{"rendered":"Juliette Cinato \u00a0\u00bb Une saison sans enjeu majeur est toujours un peu plus difficile \u00e0 g\u00e9rer \u00ab\u00a0"},"content":{"rendered":"<div dir=\"ltr\">\n<p><span style=\"background-color: #000000; color: #ffffff; font-size: 14pt;\"><strong>Petite pr\u00e9sentation<\/strong><\/span><br \/>\n<span id=\"page3R_mcid1\" class=\"markedContent\"><span class=\"tojvnm2t a6sixzi8 abs2jz4q a8s20v7p t1p8iaqh k5wvi7nf q3lfd5jv pk4s997a bipmatt0 cebpdrjk qowsmv63 owwhemhu dp1hu0rb dhp61c6y iyyx5f41\">\u00bb<\/span><\/span> J\u2019ai 25 ans, je suis professeur des \u00e9coles et j\u2019habite \u00e0 Lyon.<\/p>\n<p><strong> Je suis une des deux guides de Delya Boulaghlem avec Farah Clerc <span id=\"page3R_mcid1\" class=\"markedContent\"><span class=\"tojvnm2t a6sixzi8 abs2jz4q a8s20v7p t1p8iaqh k5wvi7nf q3lfd5jv pk4s997a bipmatt0 cebpdrjk qowsmv63 owwhemhu dp1hu0rb dhp61c6y iyyx5f41\">\u00bb<\/span><\/span>.<\/strong><\/p>\n<p><span style=\"background-color: #000000; color: #ffffff; font-size: 14pt;\"><strong>Club sportif actuel ?<\/strong><\/span><\/p>\n<p><span id=\"page3R_mcid1\" class=\"markedContent\"><span class=\"tojvnm2t a6sixzi8 abs2jz4q a8s20v7p t1p8iaqh k5wvi7nf q3lfd5jv pk4s997a bipmatt0 cebpdrjk qowsmv63 owwhemhu dp1hu0rb dhp61c6y iyyx5f41\">\u00bb<\/span><\/span> <strong>Nous sommes au club de <a href=\"https:\/\/lyon-athletisme.fr\"><span style=\"color: #0000ff;\">Lyon Athl\u00e9tisme<\/span><\/a><\/strong> <span id=\"page3R_mcid1\" class=\"markedContent\"><span class=\"tojvnm2t a6sixzi8 abs2jz4q a8s20v7p t1p8iaqh k5wvi7nf q3lfd5jv pk4s997a bipmatt0 cebpdrjk qowsmv63 owwhemhu dp1hu0rb dhp61c6y iyyx5f41\">\u00bb<\/span><\/span>.<\/p>\n<hr \/>\n<p><span style=\"background-color: #000000; color: #ffffff; font-size: 14pt;\"><strong>Ton ann\u00e9e 2021 avait \u00e9t\u00e9 compliqu\u00e9e en terme de motivation, comment l&rsquo;as tu analys\u00e9 et qu\u2019en as-tu tir\u00e9 ?<\/strong><\/span><\/p>\n<p><span id=\"page3R_mcid1\" class=\"markedContent\"><span class=\"tojvnm2t a6sixzi8 abs2jz4q a8s20v7p t1p8iaqh k5wvi7nf q3lfd5jv pk4s997a bipmatt0 cebpdrjk qowsmv63 owwhemhu dp1hu0rb dhp61c6y iyyx5f41\">\u00bb<\/span><\/span> L\u2019ann\u00e9e 2021 avait en effet \u00e9t\u00e9 difficile en terme d\u2019organisation et de maintien de la motivation avec<br \/>\nles coupures et les conditions li\u00e9es au covid 19.<\/p>\n<p>Mais nous gardons le tr\u00e8s bon souvenir des championnats d\u2019Europe et des deux m\u00e9dailles sur 100 et 200 m\u00e8tres <span id=\"page3R_mcid1\" class=\"markedContent\"><span class=\"tojvnm2t a6sixzi8 abs2jz4q a8s20v7p t1p8iaqh k5wvi7nf q3lfd5jv pk4s997a bipmatt0 cebpdrjk qowsmv63 owwhemhu dp1hu0rb dhp61c6y iyyx5f41\">\u00bb<\/span><\/span>.<\/p>\n<p><span style=\"background-color: #000000; color: #ffffff; font-size: 14pt;\"><strong>Quel \u00e9tait ton objectif en d\u00e9marrant l\u2019ann\u00e9e 2022 et ton programme de courses ?<\/strong><\/span><\/p>\n<p><span id=\"page3R_mcid1\" class=\"markedContent\"><span class=\"tojvnm2t a6sixzi8 abs2jz4q a8s20v7p t1p8iaqh k5wvi7nf q3lfd5jv pk4s997a bipmatt0 cebpdrjk qowsmv63 owwhemhu dp1hu0rb dhp61c6y iyyx5f41\">\u00bb<\/span><\/span> <strong>L\u2019objectif de 2022 \u00e9tait les championnats du monde.<\/strong> Malheureusement, ils ont \u00e9t\u00e9 annul\u00e9s en d\u00e9but d\u2019ann\u00e9e. Cela ne nous a pas pour autant d\u00e9courag\u00e9 et nous avons fix\u00e9 nos objectifs sur des performances et des records \u00e0 aller chercher pour am\u00e9liorer notre classement mondial.<\/p>\n<p><strong>Nous avons donc particip\u00e9 \u00e0 des comp\u00e9titions nationales<\/strong> (championnats de France) et internationales (meetings officiels parathletics \u00e0 Duba\u00ef, Nottwil, Maison Alfort \u2026) <span id=\"page3R_mcid1\" class=\"markedContent\"><span class=\"tojvnm2t a6sixzi8 abs2jz4q a8s20v7p t1p8iaqh k5wvi7nf q3lfd5jv pk4s997a bipmatt0 cebpdrjk qowsmv63 owwhemhu dp1hu0rb dhp61c6y iyyx5f41\">\u00bb<\/span><\/span>.<\/p>\n<hr \/>\n<p><span style=\"background-color: #000000; color: #ffffff; font-size: 14pt;\"><strong>Bilan des diff\u00e9rentes courses disput\u00e9es<br \/>\n<\/strong><\/span><\/p>\n<p><span id=\"page3R_mcid1\" class=\"markedContent\"><span class=\"tojvnm2t a6sixzi8 abs2jz4q a8s20v7p t1p8iaqh k5wvi7nf q3lfd5jv pk4s997a bipmatt0 cebpdrjk qowsmv63 owwhemhu dp1hu0rb dhp61c6y iyyx5f41\">\u00bb<\/span><\/span> Nous avons particip\u00e9 \u00e0 diverses courses \u00e0 Lyon puis aux championnats de France indoor \u00e0 Nantes le dernier week-end de f\u00e9vrier. <strong>Delya d\u00e9croche le titre de championne de France au saut en longueur <\/strong>avec un record en salle port\u00e9 \u00e0 4 m 15.<\/p>\n<p>Nous terminons <strong>4\u00b0 de la finale du 60 m en 9\u201905. Son nouveau record du 60 m en salle est quant \u00e0 lui port\u00e9 \u00e0 8\u2019\u201985<\/strong> durant cette saison hivernale.<\/p>\n<p><strong>La saison estivale a \u00e9t\u00e9 plus difficile \u00e0 cause de blessures qui ont retard\u00e9 l\u2019entra\u00eenement.<\/strong> A Duba\u00ef, mi-mars, nous r\u00e9alisons tout de m\u00eame une bonne rentr\u00e9e sur 100 m et 200 m (13\u2019\u201978 et 29\u2019\u201925). La meilleure performance au saut longueur se fera \u00e0 Notwill en Suisse \u00e0 la fin du mois de mai avec 4 m 25.<\/p>\n<p>D\u00e9but juin malheureusement, <strong>Delya se blesse au meeting de Paris<\/strong>. La saison prend fin. Nous n\u2019avons pas rempli nos objectifs de performance <span id=\"page3R_mcid1\" class=\"markedContent\"><span class=\"tojvnm2t a6sixzi8 abs2jz4q a8s20v7p t1p8iaqh k5wvi7nf q3lfd5jv pk4s997a bipmatt0 cebpdrjk qowsmv63 owwhemhu dp1hu0rb dhp61c6y iyyx5f41\">\u00bb<\/span><\/span>.<\/p>\n<p><span style=\"background-color: #000000; color: #ffffff; font-size: 14pt;\"><strong>Quelles conclusions en ressors tu ? (satisfaction, d\u00e9ception) ?<\/strong><\/span><\/p>\n<p><span id=\"page3R_mcid1\" class=\"markedContent\"><span class=\"tojvnm2t a6sixzi8 abs2jz4q a8s20v7p t1p8iaqh k5wvi7nf q3lfd5jv pk4s997a bipmatt0 cebpdrjk qowsmv63 owwhemhu dp1hu0rb dhp61c6y iyyx5f41\">\u00bb<\/span><\/span> <strong>Une saison sans enjeu majeur est toujours une saison un peu plus difficile \u00e0 g\u00e9rer<\/strong>. Pourtant, nous avions \u00e0 c\u0153ur de continuer sur notre lanc\u00e9e et notre progression de 2021. Malheureusement, nous avons eu plus de difficult\u00e9 \u00e0 trouver une bonne organisation pour les entra\u00eenements avec nos emplois du temps respectifs.<\/p>\n<p>De plus, <strong>nous avons \u00e9galement eu plus de blessures que d\u2019habitude<\/strong> (nous avons toutes les trois \u00e9t\u00e9s bless\u00e9es au moins une fois dans la saison et donc perdu du temps dans la pr\u00e9paration etc\u2026).<\/p>\n<p>Cependant, <strong>nous avons malgr\u00e9 tout montr\u00e9 la solidit\u00e9 de notre trio<\/strong> m\u00eame dans une saison plus difficile et loin de nos objectifs. Nous avons appris de nos erreurs de cette saison et cela nous permet d\u2019optimiser la prochaine <span id=\"page3R_mcid1\" class=\"markedContent\"><span class=\"tojvnm2t a6sixzi8 abs2jz4q a8s20v7p t1p8iaqh k5wvi7nf q3lfd5jv pk4s997a bipmatt0 cebpdrjk qowsmv63 owwhemhu dp1hu0rb dhp61c6y iyyx5f41\">\u00bb<\/span><\/span>.<\/p>\n<hr \/>\n<p><span style=\"background-color: #000000; color: #ffffff; font-size: 14pt;\"><strong>Dans quel domaine as-tu eu la sensation d\u2019\u00e9voluer ou progresser ?<\/strong><\/span><\/p>\n<p><span id=\"page3R_mcid1\" class=\"markedContent\"><span class=\"tojvnm2t a6sixzi8 abs2jz4q a8s20v7p t1p8iaqh k5wvi7nf q3lfd5jv pk4s997a bipmatt0 cebpdrjk qowsmv63 owwhemhu dp1hu0rb dhp61c6y iyyx5f41\">\u00bb<\/span><\/span> <strong>Nous avons progress\u00e9 dans la communication et dans l\u2019organisation des entra\u00eenements<\/strong>.<\/p>\n<p><strong>Nous avons \u00e9galement am\u00e9lior\u00e9 le saut en longueur<\/strong>, avec une course d\u2019\u00e9lan allong\u00e9e, et des stages d\u2019entra\u00eenements sp\u00e9cifiques de saut en longueur <span id=\"page3R_mcid1\" class=\"markedContent\"><span class=\"tojvnm2t a6sixzi8 abs2jz4q a8s20v7p t1p8iaqh k5wvi7nf q3lfd5jv pk4s997a bipmatt0 cebpdrjk qowsmv63 owwhemhu dp1hu0rb dhp61c6y iyyx5f41\">\u00bb<\/span><\/span>.<\/p>\n<hr \/>\n<p><span style=\"background-color: #000000; color: #ffffff; font-size: 14pt;\"><strong>Ton programme pour 2023 est- il d\u00e9j\u00e0 \u00e9tabli ? <\/strong><\/span><\/p>\n<p><span id=\"page3R_mcid1\" class=\"markedContent\"><span class=\"tojvnm2t a6sixzi8 abs2jz4q a8s20v7p t1p8iaqh k5wvi7nf q3lfd5jv pk4s997a bipmatt0 cebpdrjk qowsmv63 owwhemhu dp1hu0rb dhp61c6y iyyx5f41\">\u00bb<\/span><\/span> <strong>L\u2019objectif de 2023 est clairement les championnats du monde de Paris<\/strong> en juillet.<\/p>\n<p>Nous ferons une saison hivernale sur 60 m, 200 m et longueur, et nous ferons notre rentr\u00e9e estivale au meeting de Marrakech le 12 mars prochain <span id=\"page3R_mcid1\" class=\"markedContent\"><span class=\"tojvnm2t a6sixzi8 abs2jz4q a8s20v7p t1p8iaqh k5wvi7nf q3lfd5jv pk4s997a bipmatt0 cebpdrjk qowsmv63 owwhemhu dp1hu0rb dhp61c6y iyyx5f41\">\u00bb<\/span><\/span>.<\/p>\n<hr \/>\n<div id='gallery-1' class='gallery galleryid-173324 gallery-columns-2 gallery-size-thumbnail'><figure class='gallery-item'>\n\t\t\t<div class='gallery-icon portrait'>\n\t\t\t\t<a href='https:\/\/newsestlyonnais.fr\/site\/2023\/01\/02\/juliette-cinato-une-saison-sans-enjeu-majeur-est-toujours-un-peu-plus-difficile-a-gerer\/img-0654\/'><img loading=\"lazy\" decoding=\"async\" width=\"113\" height=\"150\" src=\"https:\/\/newsestlyonnais.fr\/site\/wp-content\/uploads\/2023\/01\/IMG-0654-250x333.jpg\" class=\"attachment-thumbnail size-thumbnail\" alt=\"\" srcset=\"https:\/\/newsestlyonnais.fr\/site\/wp-content\/uploads\/2023\/01\/IMG-0654-250x333.jpg 250w, https:\/\/newsestlyonnais.fr\/site\/wp-content\/uploads\/2023\/01\/IMG-0654-400x533.jpg 400w, https:\/\/newsestlyonnais.fr\/site\/wp-content\/uploads\/2023\/01\/IMG-0654-650x867.jpg 650w, https:\/\/newsestlyonnais.fr\/site\/wp-content\/uploads\/2023\/01\/IMG-0654-768x1024.jpg 768w, https:\/\/newsestlyonnais.fr\/site\/wp-content\/uploads\/2023\/01\/IMG-0654-150x200.jpg 150w, https:\/\/newsestlyonnais.fr\/site\/wp-content\/uploads\/2023\/01\/IMG-0654-50x67.jpg 50w, https:\/\/newsestlyonnais.fr\/site\/wp-content\/uploads\/2023\/01\/IMG-0654-100x133.jpg 100w, https:\/\/newsestlyonnais.fr\/site\/wp-content\/uploads\/2023\/01\/IMG-0654-200x267.jpg 200w, https:\/\/newsestlyonnais.fr\/site\/wp-content\/uploads\/2023\/01\/IMG-0654-300x400.jpg 300w, https:\/\/newsestlyonnais.fr\/site\/wp-content\/uploads\/2023\/01\/IMG-0654-350x467.jpg 350w, https:\/\/newsestlyonnais.fr\/site\/wp-content\/uploads\/2023\/01\/IMG-0654-450x600.jpg 450w, https:\/\/newsestlyonnais.fr\/site\/wp-content\/uploads\/2023\/01\/IMG-0654-500x667.jpg 500w, https:\/\/newsestlyonnais.fr\/site\/wp-content\/uploads\/2023\/01\/IMG-0654-550x733.jpg 550w, https:\/\/newsestlyonnais.fr\/site\/wp-content\/uploads\/2023\/01\/IMG-0654-800x1067.jpg 800w, https:\/\/newsestlyonnais.fr\/site\/wp-content\/uploads\/2023\/01\/IMG-0654.jpg 900w\" sizes=\"auto, (max-width: 113px) 100vw, 113px\" \/><\/a>\n\t\t\t<\/div><\/figure><figure class='gallery-item'>\n\t\t\t<div class='gallery-icon landscape'>\n\t\t\t\t<a href='https:\/\/newsestlyonnais.fr\/site\/2023\/01\/02\/juliette-cinato-une-saison-sans-enjeu-majeur-est-toujours-un-peu-plus-difficile-a-gerer\/07d0e817-6d45-46e1-b905-4b28cb4de112\/'><img loading=\"lazy\" decoding=\"async\" width=\"150\" height=\"113\" src=\"https:\/\/newsestlyonnais.fr\/site\/wp-content\/uploads\/2023\/01\/07d0e817-6d45-46e1-b905-4b28cb4de112-250x188.jpg\" class=\"attachment-thumbnail size-thumbnail\" alt=\"\" srcset=\"https:\/\/newsestlyonnais.fr\/site\/wp-content\/uploads\/2023\/01\/07d0e817-6d45-46e1-b905-4b28cb4de112-250x188.jpg 250w, https:\/\/newsestlyonnais.fr\/site\/wp-content\/uploads\/2023\/01\/07d0e817-6d45-46e1-b905-4b28cb4de112-400x300.jpg 400w, https:\/\/newsestlyonnais.fr\/site\/wp-content\/uploads\/2023\/01\/07d0e817-6d45-46e1-b905-4b28cb4de112-650x488.jpg 650w, https:\/\/newsestlyonnais.fr\/site\/wp-content\/uploads\/2023\/01\/07d0e817-6d45-46e1-b905-4b28cb4de112-768x576.jpg 768w, https:\/\/newsestlyonnais.fr\/site\/wp-content\/uploads\/2023\/01\/07d0e817-6d45-46e1-b905-4b28cb4de112-150x113.jpg 150w, https:\/\/newsestlyonnais.fr\/site\/wp-content\/uploads\/2023\/01\/07d0e817-6d45-46e1-b905-4b28cb4de112-50x38.jpg 50w, https:\/\/newsestlyonnais.fr\/site\/wp-content\/uploads\/2023\/01\/07d0e817-6d45-46e1-b905-4b28cb4de112-100x75.jpg 100w, https:\/\/newsestlyonnais.fr\/site\/wp-content\/uploads\/2023\/01\/07d0e817-6d45-46e1-b905-4b28cb4de112-200x150.jpg 200w, https:\/\/newsestlyonnais.fr\/site\/wp-content\/uploads\/2023\/01\/07d0e817-6d45-46e1-b905-4b28cb4de112-300x225.jpg 300w, https:\/\/newsestlyonnais.fr\/site\/wp-content\/uploads\/2023\/01\/07d0e817-6d45-46e1-b905-4b28cb4de112-350x263.jpg 350w, https:\/\/newsestlyonnais.fr\/site\/wp-content\/uploads\/2023\/01\/07d0e817-6d45-46e1-b905-4b28cb4de112-450x338.jpg 450w, https:\/\/newsestlyonnais.fr\/site\/wp-content\/uploads\/2023\/01\/07d0e817-6d45-46e1-b905-4b28cb4de112-500x375.jpg 500w, https:\/\/newsestlyonnais.fr\/site\/wp-content\/uploads\/2023\/01\/07d0e817-6d45-46e1-b905-4b28cb4de112-550x413.jpg 550w, https:\/\/newsestlyonnais.fr\/site\/wp-content\/uploads\/2023\/01\/07d0e817-6d45-46e1-b905-4b28cb4de112-800x600.jpg 800w, https:\/\/newsestlyonnais.fr\/site\/wp-content\/uploads\/2023\/01\/07d0e817-6d45-46e1-b905-4b28cb4de112.jpg 1200w\" sizes=\"auto, (max-width: 150px) 100vw, 150px\" \/><\/a>\n\t\t\t<\/div><\/figure>\n\t\t<\/div>\n\n<p><em><strong>PHOTOS :<\/strong><\/em> <strong><em>A LA UNE<\/em><\/strong> : m\u00e9daille d\u2019or en longueur au championnat de France en salle (Nantes). Ci-dessus : meeting de Dubai avec Farah (photo \u00e0 3) et avec les autres athl\u00e8tes handisports de Lyon Athl\u00e9tisme.<\/p>\n<\/div>\n<div dir=\"ltr\">\n<hr \/>\n<\/div>\n<div dir=\"ltr\">\n<p><span style=\"background-color: #000000;\"><span style=\"color: #ffffff; font-size: 14pt;\"><strong>Prochain bilan <\/strong><\/span><strong><span style=\"color: #ffffff;\">&gt;&gt;<\/span> <span style=\"color: #ffcc00;\">Marc Hyvernat <\/span><\/strong><span style=\"color: #ffcc00;\">(Tennis Club de D\u00e9cines)<\/span><\/span><\/p>\n<\/div>\n","protected":false},"excerpt":{"rendered":"<p>Guide avec Farah Clerc de l&rsquo;athl\u00e8te lyonnaise handisport Delya Boulaghlem, elle revient sur une ann\u00e9e perturb\u00e9e pour le trio par de nombreuses blessures.<\/p>\n","protected":false},"author":4,"featured_media":173345,"comment_status":"open","ping_status":"open","sticky":false,"template":"","format":"standard","meta":{"footnotes":""},"categories":[2968,4508,3421,3015,1625],"tags":[3469,2905,2095,4133,4182],"class_list":["post-173324","post","type-post","status-publish","format-standard","has-post-thumbnail","hentry","category-athle-course-pied-marche","category-bilan-sportif","category-feminin-actu-au","category-handi-adapte","category-lyon","tag-bilan","tag-guide","tag-handisport","tag-juliette-cinato","tag-lyon-athletisme"],"yoast_head":"<!-- This site is optimized with the Yoast SEO plugin v27.2 - https:\/\/yoast.com\/product\/yoast-seo-wordpress\/ -->\n<title>Juliette Cinato &quot; Une saison sans enjeu majeur est toujours un peu plus difficile \u00e0 g\u00e9rer &quot; - News Est Lyonnais<\/title>\n<meta name=\"description\" content=\"Juliette Cinato &quot; une saison sans enjeu majeur est toujours un peu plus difficile \u00e0 g\u00e9rer &quot;\" \/>\n<meta name=\"robots\" content=\"index, follow, max-snippet:-1, max-image-preview:large, max-video-preview:-1\" \/>\n<link rel=\"canonical\" href=\"https:\/\/newsestlyonnais.fr\/site\/2023\/01\/02\/juliette-cinato-une-saison-sans-enjeu-majeur-est-toujours-un-peu-plus-difficile-a-gerer\/\" \/>\n<meta property=\"og:locale\" content=\"fr_FR\" \/>\n<meta property=\"og:type\" content=\"article\" \/>\n<meta property=\"og:title\" content=\"Juliette Cinato &quot; Une saison sans enjeu majeur est toujours un peu plus difficile \u00e0 g\u00e9rer &quot; - News Est Lyonnais\" \/>\n<meta property=\"og:description\" content=\"Juliette Cinato &quot; une saison sans enjeu majeur est toujours un peu plus difficile \u00e0 g\u00e9rer &quot;\" \/>\n<meta property=\"og:url\" content=\"https:\/\/newsestlyonnais.fr\/site\/2023\/01\/02\/juliette-cinato-une-saison-sans-enjeu-majeur-est-toujours-un-peu-plus-difficile-a-gerer\/\" \/>\n<meta property=\"og:site_name\" content=\"News Est Lyonnais\" \/>\n<meta property=\"article:author\" content=\"https:\/\/www.facebook.com\/pascal.oberson.1?fref=ts\" \/>\n<meta property=\"article:published_time\" content=\"2023-01-02T10:03:54+00:00\" \/>\n<meta property=\"article:modified_time\" content=\"2024-01-30T12:50:19+00:00\" \/>\n<meta property=\"og:image\" content=\"https:\/\/newsestlyonnais.fr\/site\/wp-content\/uploads\/2023\/01\/fa8f1cda-ae97-400c-b574-be198689bfe8.jpg\" \/>\n\t<meta property=\"og:image:width\" content=\"900\" \/>\n\t<meta property=\"og:image:height\" content=\"684\" \/>\n\t<meta property=\"og:image:type\" content=\"image\/jpeg\" \/>\n<meta name=\"author\" content=\"R\u00e9dac. NEWS\" \/>\n<meta name=\"twitter:card\" content=\"summary_large_image\" \/>\n<meta name=\"twitter:label1\" content=\"\u00c9crit par\" \/>\n\t<meta name=\"twitter:data1\" content=\"R\u00e9dac. NEWS\" \/>\n\t<meta name=\"twitter:label2\" content=\"Dur\u00e9e de lecture estim\u00e9e\" \/>\n\t<meta name=\"twitter:data2\" content=\"4 minutes\" \/>\n<script type=\"application\/ld+json\" class=\"yoast-schema-graph\">{\"@context\":\"https:\/\/schema.org\",\"@graph\":[{\"@type\":\"Article\",\"@id\":\"https:\/\/newsestlyonnais.fr\/site\/2023\/01\/02\/juliette-cinato-une-saison-sans-enjeu-majeur-est-toujours-un-peu-plus-difficile-a-gerer\/#article\",\"isPartOf\":{\"@id\":\"https:\/\/newsestlyonnais.fr\/site\/2023\/01\/02\/juliette-cinato-une-saison-sans-enjeu-majeur-est-toujours-un-peu-plus-difficile-a-gerer\/\"},\"author\":{\"name\":\"R\u00e9dac. NEWS\",\"@id\":\"https:\/\/newsestlyonnais.fr\/site\/#\/schema\/person\/3230d5615f390bb808365d673001e887\"},\"headline\":\"Juliette Cinato \u00a0\u00bb Une saison sans enjeu majeur est toujours un peu plus difficile \u00e0 g\u00e9rer \u00ab\u00a0\",\"datePublished\":\"2023-01-02T10:03:54+00:00\",\"dateModified\":\"2024-01-30T12:50:19+00:00\",\"mainEntityOfPage\":{\"@id\":\"https:\/\/newsestlyonnais.fr\/site\/2023\/01\/02\/juliette-cinato-une-saison-sans-enjeu-majeur-est-toujours-un-peu-plus-difficile-a-gerer\/\"},\"wordCount\":639,\"commentCount\":0,\"publisher\":{\"@id\":\"https:\/\/newsestlyonnais.fr\/site\/#organization\"},\"image\":{\"@id\":\"https:\/\/newsestlyonnais.fr\/site\/2023\/01\/02\/juliette-cinato-une-saison-sans-enjeu-majeur-est-toujours-un-peu-plus-difficile-a-gerer\/#primaryimage\"},\"thumbnailUrl\":\"https:\/\/newsestlyonnais.fr\/site\/wp-content\/uploads\/2023\/01\/fa8f1cda-ae97-400c-b574-be198689bfe8.jpg\",\"keywords\":[\"BILAN\",\"GUIDE\",\"handisport\",\"Juliette Cinato\",\"Lyon Athl\u00e9tisme\"],\"articleSection\":[\"Athl\u00e9 | Course pied | Marche\",\"Bilan sportif\",\"F\u00e9minin (Actu au)\",\"Handi &amp; adapt\u00e9\",\"Lyon\"],\"inLanguage\":\"fr-FR\",\"potentialAction\":[{\"@type\":\"CommentAction\",\"name\":\"Comment\",\"target\":[\"https:\/\/newsestlyonnais.fr\/site\/2023\/01\/02\/juliette-cinato-une-saison-sans-enjeu-majeur-est-toujours-un-peu-plus-difficile-a-gerer\/#respond\"]}]},{\"@type\":\"WebPage\",\"@id\":\"https:\/\/newsestlyonnais.fr\/site\/2023\/01\/02\/juliette-cinato-une-saison-sans-enjeu-majeur-est-toujours-un-peu-plus-difficile-a-gerer\/\",\"url\":\"https:\/\/newsestlyonnais.fr\/site\/2023\/01\/02\/juliette-cinato-une-saison-sans-enjeu-majeur-est-toujours-un-peu-plus-difficile-a-gerer\/\",\"name\":\"Juliette Cinato \\\" Une saison sans enjeu majeur est toujours un peu plus difficile \u00e0 g\u00e9rer \\\" - News Est Lyonnais\",\"isPartOf\":{\"@id\":\"https:\/\/newsestlyonnais.fr\/site\/#website\"},\"primaryImageOfPage\":{\"@id\":\"https:\/\/newsestlyonnais.fr\/site\/2023\/01\/02\/juliette-cinato-une-saison-sans-enjeu-majeur-est-toujours-un-peu-plus-difficile-a-gerer\/#primaryimage\"},\"image\":{\"@id\":\"https:\/\/newsestlyonnais.fr\/site\/2023\/01\/02\/juliette-cinato-une-saison-sans-enjeu-majeur-est-toujours-un-peu-plus-difficile-a-gerer\/#primaryimage\"},\"thumbnailUrl\":\"https:\/\/newsestlyonnais.fr\/site\/wp-content\/uploads\/2023\/01\/fa8f1cda-ae97-400c-b574-be198689bfe8.jpg\",\"datePublished\":\"2023-01-02T10:03:54+00:00\",\"dateModified\":\"2024-01-30T12:50:19+00:00\",\"description\":\"Juliette Cinato \\\" une saison sans enjeu majeur est toujours un peu plus difficile \u00e0 g\u00e9rer \\\"\",\"breadcrumb\":{\"@id\":\"https:\/\/newsestlyonnais.fr\/site\/2023\/01\/02\/juliette-cinato-une-saison-sans-enjeu-majeur-est-toujours-un-peu-plus-difficile-a-gerer\/#breadcrumb\"},\"inLanguage\":\"fr-FR\",\"potentialAction\":[{\"@type\":\"ReadAction\",\"target\":[\"https:\/\/newsestlyonnais.fr\/site\/2023\/01\/02\/juliette-cinato-une-saison-sans-enjeu-majeur-est-toujours-un-peu-plus-difficile-a-gerer\/\"]}]},{\"@type\":\"ImageObject\",\"inLanguage\":\"fr-FR\",\"@id\":\"https:\/\/newsestlyonnais.fr\/site\/2023\/01\/02\/juliette-cinato-une-saison-sans-enjeu-majeur-est-toujours-un-peu-plus-difficile-a-gerer\/#primaryimage\",\"url\":\"https:\/\/newsestlyonnais.fr\/site\/wp-content\/uploads\/2023\/01\/fa8f1cda-ae97-400c-b574-be198689bfe8.jpg\",\"contentUrl\":\"https:\/\/newsestlyonnais.fr\/site\/wp-content\/uploads\/2023\/01\/fa8f1cda-ae97-400c-b574-be198689bfe8.jpg\",\"width\":900,\"height\":684},{\"@type\":\"BreadcrumbList\",\"@id\":\"https:\/\/newsestlyonnais.fr\/site\/2023\/01\/02\/juliette-cinato-une-saison-sans-enjeu-majeur-est-toujours-un-peu-plus-difficile-a-gerer\/#breadcrumb\",\"itemListElement\":[{\"@type\":\"ListItem\",\"position\":1,\"name\":\"Accueil\",\"item\":\"https:\/\/newsestlyonnais.fr\/site\/\"},{\"@type\":\"ListItem\",\"position\":2,\"name\":\"Juliette Cinato \u00a0\u00bb Une saison sans enjeu majeur est toujours un peu plus difficile \u00e0 g\u00e9rer \u00ab\u00a0\"}]},{\"@type\":\"WebSite\",\"@id\":\"https:\/\/newsestlyonnais.fr\/site\/#website\",\"url\":\"https:\/\/newsestlyonnais.fr\/site\/\",\"name\":\"News Est Lyonnais\",\"description\":\"L&#039;actualit\u00e9 au plus pr\u00e8s\",\"publisher\":{\"@id\":\"https:\/\/newsestlyonnais.fr\/site\/#organization\"},\"potentialAction\":[{\"@type\":\"SearchAction\",\"target\":{\"@type\":\"EntryPoint\",\"urlTemplate\":\"https:\/\/newsestlyonnais.fr\/site\/?s={search_term_string}\"},\"query-input\":{\"@type\":\"PropertyValueSpecification\",\"valueRequired\":true,\"valueName\":\"search_term_string\"}}],\"inLanguage\":\"fr-FR\"},{\"@type\":\"Organization\",\"@id\":\"https:\/\/newsestlyonnais.fr\/site\/#organization\",\"name\":\"News EST LYONNAIS\",\"url\":\"https:\/\/newsestlyonnais.fr\/site\/\",\"logo\":{\"@type\":\"ImageObject\",\"inLanguage\":\"fr-FR\",\"@id\":\"https:\/\/newsestlyonnais.fr\/site\/#\/schema\/logo\/image\/\",\"url\":\"\",\"contentUrl\":\"\",\"caption\":\"News EST LYONNAIS\"},\"image\":{\"@id\":\"https:\/\/newsestlyonnais.fr\/site\/#\/schema\/logo\/image\/\"}},{\"@type\":\"Person\",\"@id\":\"https:\/\/newsestlyonnais.fr\/site\/#\/schema\/person\/3230d5615f390bb808365d673001e887\",\"name\":\"R\u00e9dac. NEWS\",\"sameAs\":[\"http:\/\/www.newsestlyonnais.fr\",\"https:\/\/www.facebook.com\/pascal.oberson.1?fref=ts\",\"https:\/\/fr.linkedin.com\/in\/pascal-oberson-b17045113\"],\"url\":\"https:\/\/newsestlyonnais.fr\/site\/author\/nel\/\"}]}<\/script>\n<!-- \/ Yoast SEO plugin. -->","yoast_head_json":{"title":"Juliette Cinato \" Une saison sans enjeu majeur est toujours un peu plus difficile \u00e0 g\u00e9rer \" - News Est Lyonnais","description":"Juliette Cinato \" une saison sans enjeu majeur est toujours un peu plus difficile \u00e0 g\u00e9rer \"","robots":{"index":"index","follow":"follow","max-snippet":"max-snippet:-1","max-image-preview":"max-image-preview:large","max-video-preview":"max-video-preview:-1"},"canonical":"https:\/\/newsestlyonnais.fr\/site\/2023\/01\/02\/juliette-cinato-une-saison-sans-enjeu-majeur-est-toujours-un-peu-plus-difficile-a-gerer\/","og_locale":"fr_FR","og_type":"article","og_title":"Juliette Cinato \" Une saison sans enjeu majeur est toujours un peu plus difficile \u00e0 g\u00e9rer \" - News Est Lyonnais","og_description":"Juliette Cinato \" une saison sans enjeu majeur est toujours un peu plus difficile \u00e0 g\u00e9rer \"","og_url":"https:\/\/newsestlyonnais.fr\/site\/2023\/01\/02\/juliette-cinato-une-saison-sans-enjeu-majeur-est-toujours-un-peu-plus-difficile-a-gerer\/","og_site_name":"News Est Lyonnais","article_author":"https:\/\/www.facebook.com\/pascal.oberson.1?fref=ts","article_published_time":"2023-01-02T10:03:54+00:00","article_modified_time":"2024-01-30T12:50:19+00:00","og_image":[{"width":900,"height":684,"url":"https:\/\/newsestlyonnais.fr\/site\/wp-content\/uploads\/2023\/01\/fa8f1cda-ae97-400c-b574-be198689bfe8.jpg","type":"image\/jpeg"}],"author":"R\u00e9dac. NEWS","twitter_card":"summary_large_image","twitter_misc":{"\u00c9crit par":"R\u00e9dac. NEWS","Dur\u00e9e de lecture estim\u00e9e":"4 minutes"},"schema":{"@context":"https:\/\/schema.org","@graph":[{"@type":"Article","@id":"https:\/\/newsestlyonnais.fr\/site\/2023\/01\/02\/juliette-cinato-une-saison-sans-enjeu-majeur-est-toujours-un-peu-plus-difficile-a-gerer\/#article","isPartOf":{"@id":"https:\/\/newsestlyonnais.fr\/site\/2023\/01\/02\/juliette-cinato-une-saison-sans-enjeu-majeur-est-toujours-un-peu-plus-difficile-a-gerer\/"},"author":{"name":"R\u00e9dac. NEWS","@id":"https:\/\/newsestlyonnais.fr\/site\/#\/schema\/person\/3230d5615f390bb808365d673001e887"},"headline":"Juliette Cinato \u00a0\u00bb Une saison sans enjeu majeur est toujours un peu plus difficile \u00e0 g\u00e9rer \u00ab\u00a0","datePublished":"2023-01-02T10:03:54+00:00","dateModified":"2024-01-30T12:50:19+00:00","mainEntityOfPage":{"@id":"https:\/\/newsestlyonnais.fr\/site\/2023\/01\/02\/juliette-cinato-une-saison-sans-enjeu-majeur-est-toujours-un-peu-plus-difficile-a-gerer\/"},"wordCount":639,"commentCount":0,"publisher":{"@id":"https:\/\/newsestlyonnais.fr\/site\/#organization"},"image":{"@id":"https:\/\/newsestlyonnais.fr\/site\/2023\/01\/02\/juliette-cinato-une-saison-sans-enjeu-majeur-est-toujours-un-peu-plus-difficile-a-gerer\/#primaryimage"},"thumbnailUrl":"https:\/\/newsestlyonnais.fr\/site\/wp-content\/uploads\/2023\/01\/fa8f1cda-ae97-400c-b574-be198689bfe8.jpg","keywords":["BILAN","GUIDE","handisport","Juliette Cinato","Lyon Athl\u00e9tisme"],"articleSection":["Athl\u00e9 | Course pied | Marche","Bilan sportif","F\u00e9minin (Actu au)","Handi &amp; adapt\u00e9","Lyon"],"inLanguage":"fr-FR","potentialAction":[{"@type":"CommentAction","name":"Comment","target":["https:\/\/newsestlyonnais.fr\/site\/2023\/01\/02\/juliette-cinato-une-saison-sans-enjeu-majeur-est-toujours-un-peu-plus-difficile-a-gerer\/#respond"]}]},{"@type":"WebPage","@id":"https:\/\/newsestlyonnais.fr\/site\/2023\/01\/02\/juliette-cinato-une-saison-sans-enjeu-majeur-est-toujours-un-peu-plus-difficile-a-gerer\/","url":"https:\/\/newsestlyonnais.fr\/site\/2023\/01\/02\/juliette-cinato-une-saison-sans-enjeu-majeur-est-toujours-un-peu-plus-difficile-a-gerer\/","name":"Juliette Cinato \" Une saison sans enjeu majeur est toujours un peu plus difficile \u00e0 g\u00e9rer \" - News Est Lyonnais","isPartOf":{"@id":"https:\/\/newsestlyonnais.fr\/site\/#website"},"primaryImageOfPage":{"@id":"https:\/\/newsestlyonnais.fr\/site\/2023\/01\/02\/juliette-cinato-une-saison-sans-enjeu-majeur-est-toujours-un-peu-plus-difficile-a-gerer\/#primaryimage"},"image":{"@id":"https:\/\/newsestlyonnais.fr\/site\/2023\/01\/02\/juliette-cinato-une-saison-sans-enjeu-majeur-est-toujours-un-peu-plus-difficile-a-gerer\/#primaryimage"},"thumbnailUrl":"https:\/\/newsestlyonnais.fr\/site\/wp-content\/uploads\/2023\/01\/fa8f1cda-ae97-400c-b574-be198689bfe8.jpg","datePublished":"2023-01-02T10:03:54+00:00","dateModified":"2024-01-30T12:50:19+00:00","description":"Juliette Cinato \" une saison sans enjeu majeur est toujours un peu plus difficile \u00e0 g\u00e9rer \"","breadcrumb":{"@id":"https:\/\/newsestlyonnais.fr\/site\/2023\/01\/02\/juliette-cinato-une-saison-sans-enjeu-majeur-est-toujours-un-peu-plus-difficile-a-gerer\/#breadcrumb"},"inLanguage":"fr-FR","potentialAction":[{"@type":"ReadAction","target":["https:\/\/newsestlyonnais.fr\/site\/2023\/01\/02\/juliette-cinato-une-saison-sans-enjeu-majeur-est-toujours-un-peu-plus-difficile-a-gerer\/"]}]},{"@type":"ImageObject","inLanguage":"fr-FR","@id":"https:\/\/newsestlyonnais.fr\/site\/2023\/01\/02\/juliette-cinato-une-saison-sans-enjeu-majeur-est-toujours-un-peu-plus-difficile-a-gerer\/#primaryimage","url":"https:\/\/newsestlyonnais.fr\/site\/wp-content\/uploads\/2023\/01\/fa8f1cda-ae97-400c-b574-be198689bfe8.jpg","contentUrl":"https:\/\/newsestlyonnais.fr\/site\/wp-content\/uploads\/2023\/01\/fa8f1cda-ae97-400c-b574-be198689bfe8.jpg","width":900,"height":684},{"@type":"BreadcrumbList","@id":"https:\/\/newsestlyonnais.fr\/site\/2023\/01\/02\/juliette-cinato-une-saison-sans-enjeu-majeur-est-toujours-un-peu-plus-difficile-a-gerer\/#breadcrumb","itemListElement":[{"@type":"ListItem","position":1,"name":"Accueil","item":"https:\/\/newsestlyonnais.fr\/site\/"},{"@type":"ListItem","position":2,"name":"Juliette Cinato \u00a0\u00bb Une saison sans enjeu majeur est toujours un peu plus difficile \u00e0 g\u00e9rer \u00ab\u00a0"}]},{"@type":"WebSite","@id":"https:\/\/newsestlyonnais.fr\/site\/#website","url":"https:\/\/newsestlyonnais.fr\/site\/","name":"News Est Lyonnais","description":"L&#039;actualit\u00e9 au plus pr\u00e8s","publisher":{"@id":"https:\/\/newsestlyonnais.fr\/site\/#organization"},"potentialAction":[{"@type":"SearchAction","target":{"@type":"EntryPoint","urlTemplate":"https:\/\/newsestlyonnais.fr\/site\/?s={search_term_string}"},"query-input":{"@type":"PropertyValueSpecification","valueRequired":true,"valueName":"search_term_string"}}],"inLanguage":"fr-FR"},{"@type":"Organization","@id":"https:\/\/newsestlyonnais.fr\/site\/#organization","name":"News EST LYONNAIS","url":"https:\/\/newsestlyonnais.fr\/site\/","logo":{"@type":"ImageObject","inLanguage":"fr-FR","@id":"https:\/\/newsestlyonnais.fr\/site\/#\/schema\/logo\/image\/","url":"","contentUrl":"","caption":"News EST LYONNAIS"},"image":{"@id":"https:\/\/newsestlyonnais.fr\/site\/#\/schema\/logo\/image\/"}},{"@type":"Person","@id":"https:\/\/newsestlyonnais.fr\/site\/#\/schema\/person\/3230d5615f390bb808365d673001e887","name":"R\u00e9dac. NEWS","sameAs":["http:\/\/www.newsestlyonnais.fr","https:\/\/www.facebook.com\/pascal.oberson.1?fref=ts","https:\/\/fr.linkedin.com\/in\/pascal-oberson-b17045113"],"url":"https:\/\/newsestlyonnais.fr\/site\/author\/nel\/"}]}},"_links":{"self":[{"href":"https:\/\/newsestlyonnais.fr\/site\/wp-json\/wp\/v2\/posts\/173324","targetHints":{"allow":["GET"]}}],"collection":[{"href":"https:\/\/newsestlyonnais.fr\/site\/wp-json\/wp\/v2\/posts"}],"about":[{"href":"https:\/\/newsestlyonnais.fr\/site\/wp-json\/wp\/v2\/types\/post"}],"author":[{"embeddable":true,"href":"https:\/\/newsestlyonnais.fr\/site\/wp-json\/wp\/v2\/users\/4"}],"replies":[{"embeddable":true,"href":"https:\/\/newsestlyonnais.fr\/site\/wp-json\/wp\/v2\/comments?post=173324"}],"version-history":[{"count":0,"href":"https:\/\/newsestlyonnais.fr\/site\/wp-json\/wp\/v2\/posts\/173324\/revisions"}],"wp:featuredmedia":[{"embeddable":true,"href":"https:\/\/newsestlyonnais.fr\/site\/wp-json\/wp\/v2\/media\/173345"}],"wp:attachment":[{"href":"https:\/\/newsestlyonnais.fr\/site\/wp-json\/wp\/v2\/media?parent=173324"}],"wp:term":[{"taxonomy":"category","embeddable":true,"href":"https:\/\/newsestlyonnais.fr\/site\/wp-json\/wp\/v2\/categories?post=173324"},{"taxonomy":"post_tag","embeddable":true,"href":"https:\/\/newsestlyonnais.fr\/site\/wp-json\/wp\/v2\/tags?post=173324"}],"curies":[{"name":"wp","href":"https:\/\/api.w.org\/{rel}","templated":true}]}}