{"id":17346,"date":"2016-12-12T14:24:08","date_gmt":"2016-12-12T13:24:08","guid":{"rendered":"http:\/\/newsestlyonnais.fr\/site\/?p=17346"},"modified":"2017-02-25T20:51:42","modified_gmt":"2017-02-25T19:51:42","slug":"transports-nouvelle-perturbation-reseau-metro-tcl-mardi-13","status":"publish","type":"post","link":"https:\/\/newsestlyonnais.fr\/site\/2016\/12\/12\/transports-nouvelle-perturbation-reseau-metro-tcl-mardi-13\/","title":{"rendered":"TRANSPORTS : Nouvelle perturbation du r\u00e9seau m\u00e9tro des TCL, ce mardi 13"},"content":{"rendered":"<h4>En raison d\u2019un <strong>mouvement social concernant le m\u00e9tro, le r\u00e9seau TCL sera perturb\u00e9 le mardi 13 d\u00e9cembre<\/strong>.<\/h4>\n<p>Ci-joint le communiqu\u00e9 de presse \u00e9tat du trafic:<\/p>\n<ul>\n<li><strong><span style=\"text-decoration: underline\"><em>MATIN<\/em><\/span><\/strong>:<br \/>\n<strong>METRO<\/strong>: Les lignes A, C et D circuleront progressivement \u00e0 partir de 7 h et la B \u00e0 partir de 8 h.<br \/>\n<strong>FUNICULAIRE<\/strong> Les lignes F1 et F2 circuleront \u00e0 partir de 7 h<br \/>\nDes navettes bus circuleront avec une fr\u00e9quence de 15 minutes environ entre :<br \/>\n\uf0b7 Gare de Vaise et Perrache de 5 h \u00e0 7 h<br \/>\nArr\u00eats desservis : Gare de Vaise, Valmy, Gorge de Loup, Perrache<br \/>\n\uf0b7 Gare de V\u00e9nissieux et Grange Blanche de 5 h \u00e0 7 h<br \/>\nArr\u00eats desservis : Gare de V\u00e9nissieux, Parilly, Mermoz-Pinel, Grange Blanche<br \/>\n\uf0b7 Gare d\u2019Oullins et Jean Mac\u00e9 de 5 h \u00e0 8 h<br \/>\nArr\u00eats desservis : Gare d\u2019Oullins, Debourg, Jean Mac\u00e9<br \/>\nDes navettes bus circuleront avec une fr\u00e9quence de 30 minutes environ entre:<br \/>\n\uf0b7 Laurent Bonnevay et Charpennes de 5 h \u00e0 7 h<br \/>\nArr\u00eats desservis : Laurent Bonnevay, Cusset, Flachet, Gratte-Ciel, R\u00e9publique, Charpennes<\/li>\n<\/ul>\n<ul>\n<li><strong>Toutes les autres lignes circuleront normalement<\/strong><\/li>\n<li>\n<h3>Plus d\u2019infos sur: <a href=\"http:\/\/www.tcl.fr\" target=\"_blank\">http:\/\/www.tcl.fr<\/a><\/h3>\n<\/li>\n<\/ul>\n","protected":false},"excerpt":{"rendered":"<p>En raison d\u2019un mouvement social concernant le m\u00e9tro, le r\u00e9seau TCL sera perturb\u00e9 le mardi 13 d\u00e9cembre. Ci-joint le communiqu\u00e9 de presse \u00e9tat du trafic: MATIN: METRO: Les lignes A, C et D circuleront progressivement \u00e0 partir de 7 h et la B \u00e0 partir de 8 h. FUNICULAIRE Les lignes F1 et F2 circuleront [&hellip;]<\/p>\n","protected":false},"author":4,"featured_media":0,"comment_status":"open","ping_status":"open","sticky":false,"template":"","format":"standard","meta":{"footnotes":""},"categories":[30,309,13],"tags":[],"class_list":["post-17346","post","type-post","status-publish","format-standard","hentry","category-a-la-une","category-pratique","category-transports-circulation"],"yoast_head":"<!-- This site is optimized with the Yoast SEO plugin v27.2 - https:\/\/yoast.com\/product\/yoast-seo-wordpress\/ -->\n<title>TRANSPORTS : Nouvelle perturbation du r\u00e9seau m\u00e9tro des TCL, ce mardi 13<\/title>\n<meta name=\"description\" content=\"TRANSPORTS : Nouvelle perturbation du r\u00e9seau m\u00e9tro des TCL, ce mardi 13\" \/>\n<meta name=\"robots\" content=\"index, follow, max-snippet:-1, max-image-preview:large, max-video-preview:-1\" \/>\n<link rel=\"canonical\" href=\"https:\/\/newsestlyonnais.fr\/site\/2016\/12\/12\/transports-nouvelle-perturbation-reseau-metro-tcl-mardi-13\/\" \/>\n<meta property=\"og:locale\" content=\"fr_FR\" \/>\n<meta property=\"og:type\" content=\"article\" \/>\n<meta property=\"og:title\" content=\"TRANSPORTS : Nouvelle perturbation du r\u00e9seau m\u00e9tro des TCL, ce mardi 13\" \/>\n<meta property=\"og:description\" content=\"TRANSPORTS : Nouvelle perturbation du r\u00e9seau m\u00e9tro des TCL, ce mardi 13\" \/>\n<meta property=\"og:url\" content=\"https:\/\/newsestlyonnais.fr\/site\/2016\/12\/12\/transports-nouvelle-perturbation-reseau-metro-tcl-mardi-13\/\" \/>\n<meta property=\"og:site_name\" content=\"News Est Lyonnais\" \/>\n<meta property=\"article:author\" content=\"https:\/\/www.facebook.com\/pascal.oberson.1?fref=ts\" \/>\n<meta property=\"article:published_time\" content=\"2016-12-12T13:24:08+00:00\" \/>\n<meta property=\"article:modified_time\" content=\"2017-02-25T19:51:42+00:00\" \/>\n<meta name=\"author\" content=\"R\u00e9dac. NEWS\" \/>\n<meta name=\"twitter:card\" content=\"summary_large_image\" \/>\n<meta name=\"twitter:label1\" content=\"\u00c9crit par\" \/>\n\t<meta name=\"twitter:data1\" content=\"R\u00e9dac. NEWS\" \/>\n\t<meta name=\"twitter:label2\" content=\"Dur\u00e9e de lecture estim\u00e9e\" \/>\n\t<meta name=\"twitter:data2\" content=\"1 minute\" \/>\n<script type=\"application\/ld+json\" class=\"yoast-schema-graph\">{\"@context\":\"https:\/\/schema.org\",\"@graph\":[{\"@type\":\"Article\",\"@id\":\"https:\/\/newsestlyonnais.fr\/site\/2016\/12\/12\/transports-nouvelle-perturbation-reseau-metro-tcl-mardi-13\/#article\",\"isPartOf\":{\"@id\":\"https:\/\/newsestlyonnais.fr\/site\/2016\/12\/12\/transports-nouvelle-perturbation-reseau-metro-tcl-mardi-13\/\"},\"author\":{\"name\":\"R\u00e9dac. NEWS\",\"@id\":\"https:\/\/newsestlyonnais.fr\/site\/#\/schema\/person\/3230d5615f390bb808365d673001e887\"},\"headline\":\"TRANSPORTS : Nouvelle perturbation du r\u00e9seau m\u00e9tro des TCL, ce mardi 13\",\"datePublished\":\"2016-12-12T13:24:08+00:00\",\"dateModified\":\"2017-02-25T19:51:42+00:00\",\"mainEntityOfPage\":{\"@id\":\"https:\/\/newsestlyonnais.fr\/site\/2016\/12\/12\/transports-nouvelle-perturbation-reseau-metro-tcl-mardi-13\/\"},\"wordCount\":183,\"commentCount\":0,\"publisher\":{\"@id\":\"https:\/\/newsestlyonnais.fr\/site\/#organization\"},\"articleSection\":[\"\u00e0 la une\",\"Pratique\",\"Transports | Circulation\"],\"inLanguage\":\"fr-FR\",\"potentialAction\":[{\"@type\":\"CommentAction\",\"name\":\"Comment\",\"target\":[\"https:\/\/newsestlyonnais.fr\/site\/2016\/12\/12\/transports-nouvelle-perturbation-reseau-metro-tcl-mardi-13\/#respond\"]}]},{\"@type\":\"WebPage\",\"@id\":\"https:\/\/newsestlyonnais.fr\/site\/2016\/12\/12\/transports-nouvelle-perturbation-reseau-metro-tcl-mardi-13\/\",\"url\":\"https:\/\/newsestlyonnais.fr\/site\/2016\/12\/12\/transports-nouvelle-perturbation-reseau-metro-tcl-mardi-13\/\",\"name\":\"TRANSPORTS : Nouvelle perturbation du r\u00e9seau m\u00e9tro des TCL, ce mardi 13\",\"isPartOf\":{\"@id\":\"https:\/\/newsestlyonnais.fr\/site\/#website\"},\"datePublished\":\"2016-12-12T13:24:08+00:00\",\"dateModified\":\"2017-02-25T19:51:42+00:00\",\"description\":\"TRANSPORTS : Nouvelle perturbation du r\u00e9seau m\u00e9tro des TCL, ce mardi 13\",\"breadcrumb\":{\"@id\":\"https:\/\/newsestlyonnais.fr\/site\/2016\/12\/12\/transports-nouvelle-perturbation-reseau-metro-tcl-mardi-13\/#breadcrumb\"},\"inLanguage\":\"fr-FR\",\"potentialAction\":[{\"@type\":\"ReadAction\",\"target\":[\"https:\/\/newsestlyonnais.fr\/site\/2016\/12\/12\/transports-nouvelle-perturbation-reseau-metro-tcl-mardi-13\/\"]}]},{\"@type\":\"BreadcrumbList\",\"@id\":\"https:\/\/newsestlyonnais.fr\/site\/2016\/12\/12\/transports-nouvelle-perturbation-reseau-metro-tcl-mardi-13\/#breadcrumb\",\"itemListElement\":[{\"@type\":\"ListItem\",\"position\":1,\"name\":\"Accueil\",\"item\":\"https:\/\/newsestlyonnais.fr\/site\/\"},{\"@type\":\"ListItem\",\"position\":2,\"name\":\"TRANSPORTS : Nouvelle perturbation du r\u00e9seau m\u00e9tro des TCL, ce mardi 13\"}]},{\"@type\":\"WebSite\",\"@id\":\"https:\/\/newsestlyonnais.fr\/site\/#website\",\"url\":\"https:\/\/newsestlyonnais.fr\/site\/\",\"name\":\"News Est Lyonnais\",\"description\":\"L&#039;actualit\u00e9 au plus pr\u00e8s\",\"publisher\":{\"@id\":\"https:\/\/newsestlyonnais.fr\/site\/#organization\"},\"potentialAction\":[{\"@type\":\"SearchAction\",\"target\":{\"@type\":\"EntryPoint\",\"urlTemplate\":\"https:\/\/newsestlyonnais.fr\/site\/?s={search_term_string}\"},\"query-input\":{\"@type\":\"PropertyValueSpecification\",\"valueRequired\":true,\"valueName\":\"search_term_string\"}}],\"inLanguage\":\"fr-FR\"},{\"@type\":\"Organization\",\"@id\":\"https:\/\/newsestlyonnais.fr\/site\/#organization\",\"name\":\"News EST LYONNAIS\",\"url\":\"https:\/\/newsestlyonnais.fr\/site\/\",\"logo\":{\"@type\":\"ImageObject\",\"inLanguage\":\"fr-FR\",\"@id\":\"https:\/\/newsestlyonnais.fr\/site\/#\/schema\/logo\/image\/\",\"url\":\"\",\"contentUrl\":\"\",\"caption\":\"News EST LYONNAIS\"},\"image\":{\"@id\":\"https:\/\/newsestlyonnais.fr\/site\/#\/schema\/logo\/image\/\"}},{\"@type\":\"Person\",\"@id\":\"https:\/\/newsestlyonnais.fr\/site\/#\/schema\/person\/3230d5615f390bb808365d673001e887\",\"name\":\"R\u00e9dac. NEWS\",\"sameAs\":[\"http:\/\/www.newsestlyonnais.fr\",\"https:\/\/www.facebook.com\/pascal.oberson.1?fref=ts\",\"https:\/\/fr.linkedin.com\/in\/pascal-oberson-b17045113\"],\"url\":\"https:\/\/newsestlyonnais.fr\/site\/author\/nel\/\"}]}<\/script>\n<!-- \/ Yoast SEO plugin. -->","yoast_head_json":{"title":"TRANSPORTS : Nouvelle perturbation du r\u00e9seau m\u00e9tro des TCL, ce mardi 13","description":"TRANSPORTS : Nouvelle perturbation du r\u00e9seau m\u00e9tro des TCL, ce mardi 13","robots":{"index":"index","follow":"follow","max-snippet":"max-snippet:-1","max-image-preview":"max-image-preview:large","max-video-preview":"max-video-preview:-1"},"canonical":"https:\/\/newsestlyonnais.fr\/site\/2016\/12\/12\/transports-nouvelle-perturbation-reseau-metro-tcl-mardi-13\/","og_locale":"fr_FR","og_type":"article","og_title":"TRANSPORTS : Nouvelle perturbation du r\u00e9seau m\u00e9tro des TCL, ce mardi 13","og_description":"TRANSPORTS : Nouvelle perturbation du r\u00e9seau m\u00e9tro des TCL, ce mardi 13","og_url":"https:\/\/newsestlyonnais.fr\/site\/2016\/12\/12\/transports-nouvelle-perturbation-reseau-metro-tcl-mardi-13\/","og_site_name":"News Est Lyonnais","article_author":"https:\/\/www.facebook.com\/pascal.oberson.1?fref=ts","article_published_time":"2016-12-12T13:24:08+00:00","article_modified_time":"2017-02-25T19:51:42+00:00","author":"R\u00e9dac. NEWS","twitter_card":"summary_large_image","twitter_misc":{"\u00c9crit par":"R\u00e9dac. NEWS","Dur\u00e9e de lecture estim\u00e9e":"1 minute"},"schema":{"@context":"https:\/\/schema.org","@graph":[{"@type":"Article","@id":"https:\/\/newsestlyonnais.fr\/site\/2016\/12\/12\/transports-nouvelle-perturbation-reseau-metro-tcl-mardi-13\/#article","isPartOf":{"@id":"https:\/\/newsestlyonnais.fr\/site\/2016\/12\/12\/transports-nouvelle-perturbation-reseau-metro-tcl-mardi-13\/"},"author":{"name":"R\u00e9dac. NEWS","@id":"https:\/\/newsestlyonnais.fr\/site\/#\/schema\/person\/3230d5615f390bb808365d673001e887"},"headline":"TRANSPORTS : Nouvelle perturbation du r\u00e9seau m\u00e9tro des TCL, ce mardi 13","datePublished":"2016-12-12T13:24:08+00:00","dateModified":"2017-02-25T19:51:42+00:00","mainEntityOfPage":{"@id":"https:\/\/newsestlyonnais.fr\/site\/2016\/12\/12\/transports-nouvelle-perturbation-reseau-metro-tcl-mardi-13\/"},"wordCount":183,"commentCount":0,"publisher":{"@id":"https:\/\/newsestlyonnais.fr\/site\/#organization"},"articleSection":["\u00e0 la une","Pratique","Transports | Circulation"],"inLanguage":"fr-FR","potentialAction":[{"@type":"CommentAction","name":"Comment","target":["https:\/\/newsestlyonnais.fr\/site\/2016\/12\/12\/transports-nouvelle-perturbation-reseau-metro-tcl-mardi-13\/#respond"]}]},{"@type":"WebPage","@id":"https:\/\/newsestlyonnais.fr\/site\/2016\/12\/12\/transports-nouvelle-perturbation-reseau-metro-tcl-mardi-13\/","url":"https:\/\/newsestlyonnais.fr\/site\/2016\/12\/12\/transports-nouvelle-perturbation-reseau-metro-tcl-mardi-13\/","name":"TRANSPORTS : Nouvelle perturbation du r\u00e9seau m\u00e9tro des TCL, ce mardi 13","isPartOf":{"@id":"https:\/\/newsestlyonnais.fr\/site\/#website"},"datePublished":"2016-12-12T13:24:08+00:00","dateModified":"2017-02-25T19:51:42+00:00","description":"TRANSPORTS : Nouvelle perturbation du r\u00e9seau m\u00e9tro des TCL, ce mardi 13","breadcrumb":{"@id":"https:\/\/newsestlyonnais.fr\/site\/2016\/12\/12\/transports-nouvelle-perturbation-reseau-metro-tcl-mardi-13\/#breadcrumb"},"inLanguage":"fr-FR","potentialAction":[{"@type":"ReadAction","target":["https:\/\/newsestlyonnais.fr\/site\/2016\/12\/12\/transports-nouvelle-perturbation-reseau-metro-tcl-mardi-13\/"]}]},{"@type":"BreadcrumbList","@id":"https:\/\/newsestlyonnais.fr\/site\/2016\/12\/12\/transports-nouvelle-perturbation-reseau-metro-tcl-mardi-13\/#breadcrumb","itemListElement":[{"@type":"ListItem","position":1,"name":"Accueil","item":"https:\/\/newsestlyonnais.fr\/site\/"},{"@type":"ListItem","position":2,"name":"TRANSPORTS : Nouvelle perturbation du r\u00e9seau m\u00e9tro des TCL, ce mardi 13"}]},{"@type":"WebSite","@id":"https:\/\/newsestlyonnais.fr\/site\/#website","url":"https:\/\/newsestlyonnais.fr\/site\/","name":"News Est Lyonnais","description":"L&#039;actualit\u00e9 au plus pr\u00e8s","publisher":{"@id":"https:\/\/newsestlyonnais.fr\/site\/#organization"},"potentialAction":[{"@type":"SearchAction","target":{"@type":"EntryPoint","urlTemplate":"https:\/\/newsestlyonnais.fr\/site\/?s={search_term_string}"},"query-input":{"@type":"PropertyValueSpecification","valueRequired":true,"valueName":"search_term_string"}}],"inLanguage":"fr-FR"},{"@type":"Organization","@id":"https:\/\/newsestlyonnais.fr\/site\/#organization","name":"News EST LYONNAIS","url":"https:\/\/newsestlyonnais.fr\/site\/","logo":{"@type":"ImageObject","inLanguage":"fr-FR","@id":"https:\/\/newsestlyonnais.fr\/site\/#\/schema\/logo\/image\/","url":"","contentUrl":"","caption":"News EST LYONNAIS"},"image":{"@id":"https:\/\/newsestlyonnais.fr\/site\/#\/schema\/logo\/image\/"}},{"@type":"Person","@id":"https:\/\/newsestlyonnais.fr\/site\/#\/schema\/person\/3230d5615f390bb808365d673001e887","name":"R\u00e9dac. NEWS","sameAs":["http:\/\/www.newsestlyonnais.fr","https:\/\/www.facebook.com\/pascal.oberson.1?fref=ts","https:\/\/fr.linkedin.com\/in\/pascal-oberson-b17045113"],"url":"https:\/\/newsestlyonnais.fr\/site\/author\/nel\/"}]}},"_links":{"self":[{"href":"https:\/\/newsestlyonnais.fr\/site\/wp-json\/wp\/v2\/posts\/17346","targetHints":{"allow":["GET"]}}],"collection":[{"href":"https:\/\/newsestlyonnais.fr\/site\/wp-json\/wp\/v2\/posts"}],"about":[{"href":"https:\/\/newsestlyonnais.fr\/site\/wp-json\/wp\/v2\/types\/post"}],"author":[{"embeddable":true,"href":"https:\/\/newsestlyonnais.fr\/site\/wp-json\/wp\/v2\/users\/4"}],"replies":[{"embeddable":true,"href":"https:\/\/newsestlyonnais.fr\/site\/wp-json\/wp\/v2\/comments?post=17346"}],"version-history":[{"count":0,"href":"https:\/\/newsestlyonnais.fr\/site\/wp-json\/wp\/v2\/posts\/17346\/revisions"}],"wp:attachment":[{"href":"https:\/\/newsestlyonnais.fr\/site\/wp-json\/wp\/v2\/media?parent=17346"}],"wp:term":[{"taxonomy":"category","embeddable":true,"href":"https:\/\/newsestlyonnais.fr\/site\/wp-json\/wp\/v2\/categories?post=17346"},{"taxonomy":"post_tag","embeddable":true,"href":"https:\/\/newsestlyonnais.fr\/site\/wp-json\/wp\/v2\/tags?post=17346"}],"curies":[{"name":"wp","href":"https:\/\/api.w.org\/{rel}","templated":true}]}}